{"id":67170,"date":"2022-02-21T04:28:56","date_gmt":"2022-02-21T09:28:56","guid":{"rendered":"https:\/\/akunq.net\/tr\/?p=67170"},"modified":"2022-02-21T04:28:56","modified_gmt":"2022-02-21T09:28:56","slug":"anadilimiz-bizimle-yasiyor","status":"publish","type":"post","link":"https:\/\/akunq.net\/tr\/?p=67170","title":{"rendered":"\u201cAnadilimiz Bizimle Ya\u015f\u0131yor\u201d"},"content":{"rendered":"<p><img loading=\"lazy\" decoding=\"async\" class=\"aligncenter size-medium wp-image-67171\" src=\"https:\/\/akunq.net\/tr\/wp-content\/uploads\/2022\/02\/Anadil-1-360x233.jpg\" alt=\"\" width=\"360\" height=\"233\" srcset=\"https:\/\/akunq.net\/tr\/wp-content\/uploads\/sites\/6\/2022\/02\/Anadil-1-360x233.jpg 360w, https:\/\/akunq.net\/tr\/wp-content\/uploads\/sites\/6\/2022\/02\/Anadil-1-260x168.jpg 260w, https:\/\/akunq.net\/tr\/wp-content\/uploads\/sites\/6\/2022\/02\/Anadil-1-160x104.jpg 160w, https:\/\/akunq.net\/tr\/wp-content\/uploads\/sites\/6\/2022\/02\/Anadil-1.jpg 500w\" sizes=\"auto, (max-width: 360px) 100vw, 360px\" \/><\/p>\n<p><strong><em>Dil Haklar\u0131 \u0130zleme Belgeleme ve Raporlama A\u011f\u0131\u2019n\u0131n haz\u0131rlad\u0131\u011f\u0131, 120 kurumun imzalad\u0131\u011f\u0131 ve 27 dile \u00e7evrilen Anadili G\u00fcn\u00fc a\u00e7\u0131klamas\u0131nda, anadilinin insan hakk\u0131 oldu\u011fu vurguland\u0131.<\/em><\/strong><\/p>\n<p>bianet, IPS \u0130leti\u015fim Vakf\u0131\u2019n\u0131n da aralar\u0131nda oldu\u011fu 120 kurumun imzalad\u0131\u011f\u0131, 27 dile \u00e7evrilen Anadili G\u00fcn\u00fc a\u00e7\u0131klamas\u0131 bug\u00fcn yay\u0131nland\u0131.<\/p>\n<p>T\u00fcrkiye\u2019de farkl\u0131 alanlarda \u00e7al\u0131\u015fan ve anadili konusunda duyarl\u0131 sivil toplum akt\u00f6rlerince 2020 y\u0131l\u0131nda kurulan Dil Haklar\u0131 \u0130zleme Belgeleme ve Raporlama A\u011f\u0131 (DH\u0130BRA), UNESCO\u2019nun 1999 y\u0131l\u0131nda ilan etti\u011fi 21 \u015eubat D\u00fcnya Anadili G\u00fcn\u00fc\u2019nde son iki y\u0131lda oldu\u011fu gibi, bu y\u0131l da bir bildiri haz\u0131rlad\u0131.<\/p>\n<p>21 \u015eubat Anadili G\u00fcn\u00fc vesilesiyle haz\u0131rlanan a\u00e7\u0131klama metninde, anadilinin insan hakk\u0131 oldu\u011fu vurguland\u0131.<\/p>\n<p>\u201cAnadilimiz Bizimle Ya\u015f\u0131yor!\u201d ba\u015fl\u0131kl\u0131 metnin tamam\u0131 \u015f\u00f6yle:<\/p>\n<p>\u201cSokakta, evde, i\u015fyerinde, \u015fark\u0131lar\u0131m\u0131zda, sevincimizde, \u00fcz\u00fcnt\u00fcm\u00fczde anadillerimiz bizimle ya\u015f\u0131yor. Dillerimiz t\u0131pk\u0131 do\u011fam\u0131z gibi yeni d\u00fcnyan\u0131n karma\u015fas\u0131nda, politik ve ekonomik nedenlerle g\u00f6z ard\u0131 ediliyor.<\/p>\n<p>Bizler; \u00e7ocuklar\u0131m\u0131z\u0131n da anadillerinde ya\u015famalar\u0131n\u0131 istiyoruz. Bu konuda, devletin ve ki\u015filerin \u00fczerine d\u00fc\u015fen g\u00f6revleri yerine getirmesini bekliyoruz.<\/p>\n<p>Anadillerimizin \u00f6n\u00fcndeki engellerin kald\u0131r\u0131lmas\u0131n\u0131 ve dillerimizin te\u015fvik edilmesini talep ediyoruz. Farkl\u0131 dillerin bir arada ya\u015fay\u0131p geli\u015fmesinin, bar\u0131\u015f\u0131n ve toplumlar\u0131n karde\u015fli\u011finin garantisi oldu\u011funa inan\u0131yoruz. Unutmayal\u0131m; dil hakk\u0131, insan hakk\u0131d\u0131r.<\/p>\n<p>Do\u011fam\u0131z\u0131, sokaklar\u0131m\u0131z\u0131, m\u00fczi\u011fimizi, anadilimizi b\u0131rakm\u0131yoruz!<\/p>\n<p>Anadilimiz bizimle ya\u015f\u0131yor, biz de anadilimizle ya\u015f\u0131yoruz!<\/p>\n<p>21 \u015eubat D\u00fcnya Anadili G\u00fcn\u00fc Kutlu Olsun!\u201d<\/p>\n<p><strong>\u0130mzac\u0131 kurumlar:<\/strong><br \/>\n<em>1864 Haf\u0131za Merkezi, Abhaz Dernekleri Federasyonu, Adana \u00c7erkes K\u00fclt\u00fcr Derne\u011fi, Agos Gazetesi, Agos Ermenice Ek, Ankara \u00c7erkes Derne\u011fi, Alan K\u00fclt\u00fcr ve Yard\u0131m Vakf\u0131, Alef FM, Almast\u0131 \u00c7erkes Kad\u0131n Hareketi, Anadili Kad\u0131nlar\u0131, Antalya \u00c7erkes Derne\u011fi, Apoyevmatini, Aramyan Okulundan Yeti\u015fenler Derne\u011fi, Arap Alevi Gen\u00e7lik Meclisleri, Aras Yay\u0131nc\u0131l\u0131k, Ar\u0131kba\u015f\u0131 K\u00f6y\u00fc Kafkas Derne\u011fi, Ari Dil ve K\u00fclt\u00fcr Ara\u015ft\u0131rmalar\u0131 Derne\u011fi (Ar\u00ee-Der), Avesta Yay\u0131nevi, Avlaremoz Platformu, Bah\u00e7elievler Kafkas \u00c7erkes Derne\u011fi, Bal\u0131kesir Ad\u0131\u011fe-\u00c7erkes Derne\u011fi, Band\u0131rma Kuzey Kafkasya K\u00fclt\u00fcr Derne\u011fi, bianet (IPS \u0130leti\u015fim Vakf\u0131), Biga Kafkas K\u00fclt\u00fcr Derne\u011fi, Bodrum \u00c7erkes K\u00fclt\u00fcr Derne\u011fi, Bo\u015fnak Medya, Boz\u00fcy\u00fck Kuzey Kafkasya Derne\u011fi, Bursa \u00c7erkes K\u00fclt\u00fcr Derne\u011fi, Can TV, Ceyhan Kuzey Kafkas K\u00fclt\u00fcr E\u011fitim Derne\u011fi, \u00c7erkes K\u00fclt\u00fcr Evi Derne\u011fi, \u00c7orum Kafkas K\u00fclt\u00fcr Derne\u011fi, Dersim Dernekleri Federasyonu, Diyarbak\u0131r Siyasal ve Sosyal Ara\u015ft\u0131rmalar Enstit\u00fcs\u00fc (D\u0130SA), Dostluk ve K\u00fclt\u00fcr Derne\u011fi (DKDER), D\u00fczce Ad\u0131ge K\u00fclt\u00fcr Derne\u011fi, Ehliddar K\u00fclt\u00fcr Merkezi, El Amaneser, Engelsiz Bile\u015fenler Federasyonu, Eski\u015fehir Kuzey Kafkas K\u00fclt\u00fcr ve Dayan\u0131\u015fma Derne\u011fi, Gazete Sabro, Gola K\u00fclt\u00fcr Sanat ve Ekoloji Derne\u011fi, Gor Hem\u015fin K\u00fclt\u00fcr Dil Tarih Dergisi, G\u00f6\u00e7 ve \u0130nsani Yard\u0131m Vakf\u0131, G\u00f6ksun \u00c7erkes Derne\u011fi, G\u00f6nen \u00c7erkes K\u00fclt\u00fcr Derne\u011fi, G\u00fcrc\u00fc Dil Merkezi, G\u00fcrc\u00fc Haber Portal\u0131, G\u00fcrc\u00fc K\u00fclt\u00fcr Merkezi, Hak \u0130nisiyatifi Diyarbak\u0131r Temsilcili\u011fi, Hangardz Ba\u011f\u0131ms\u0131z Tiyatro Toplulu\u011fu, Hem\u015fin K\u00fclt\u00fcr\u00fcn\u00fc Ara\u015ft\u0131rma ve Ya\u015fatma Derne\u011fi, Heyamola Yay\u0131nevi, \u0130neg\u00f6l \u00c7erkes Ad\u0131\u011fe K\u00fclt\u00fcr Derne\u011fi, \u0130skenderun \u00c7erkes Derne\u011fi Ad\u0131\u011fe Khase, \u0130smail Be\u015fikci Vakf\u0131, \u0130stanbul Arap Alevi Meclisi, \u0130stanbul Kafkas K\u00fclt\u00fcr Derne\u011fi, \u0130stanbul Pomak K\u00fclt\u00fcr Derne\u011fi, \u0130stos Yay\u0131nevi, \u0130zmir \u00c7erkes K\u00fclt\u00fcr Derne\u011fi, Jineps Gazetesi, Kad\u0131n Zaman\u0131 Derne\u011fi, Kafkas Dernekleri Federasyonu, Kahramanmara\u015f Kafkas K\u00fclt\u00fcr Derne\u011fi, Kayseri Kafkas Derne\u011fi, Komeleya W\u00eajekar\u00ean Kurd (K\u00fcrt Edebiyat\u00e7\u0131lar Derne\u011fi), KoyuSiyah Yay\u0131nc\u0131l\u0131k, K\u00f6stebek Kolektif, K\u00fcrt Ara\u015ft\u0131rmalar\u0131 Derne\u011fi, K\u00fcrt Dili ve K\u00fclt\u00fcr\u00fc A\u011f\u0131, K\u00fclt\u00fcrel \u0130ncelemeler ve Toplumsal Ara\u015ft\u0131rmalar Derne\u011fi (K\u0130TA), Laz K\u00fclt\u00fcr Derne\u011fi, Manisa \u00c7erkes K\u00fclt\u00fcr Derne\u011fi, Marje Podcast, Mersin Kafkas K\u00fclt\u00fcr ve Yard\u0131mla\u015fma Derne\u011fi, Mezopotamya Dil ve K\u00fclt\u00fcr Ara\u015ft\u0131rmalar\u0131 Derne\u011fi, Mezopotamya E\u011fitim Bilim Sanat Sa\u011fl\u0131k ve K\u00fclt\u00fcr Vakf\u0131, Mezopotamya K\u00fclt\u00fcr Merkezi, M\u0131za\u011fe Dergi, Minority Rights Group, Mustafa Kemal Pa\u015fa \u00c7erkes K\u00fclt\u00fcr Derne\u011fi, Nazilli Kafkas K\u00fclt\u00fcr ve Dayan\u0131\u015fma Derne\u011fi, Nor Zartonk (Ermeni K\u00fclt\u00fcr\u00fc ve Dayan\u0131\u015fma Derne\u011fi), Ogni Dergisi, \u00d6nce \u00c7ocuklar Derne\u011fi, Papir\u00fcs Yay\u0131nlar\u0131, Perperik M\u00fczik Toplulu\u011fu, Pomak Enstit\u00fcs\u00fc, Rengarenk Umutlar Derne\u011fi, Reyhanl\u0131 \u00c7erkes Derne\u011fi, Roman Haklar\u0131 Derne\u011fi, Romani Godi, Rosa Kad\u0131n Derne\u011fi, Ruhi Su Dostlar Korosu, Ruhi Su K\u00fclt\u00fcr ve Sanat Derne\u011fi, Sakarya Kafkas K\u00fclt\u00fcr Derne\u011fi, Samsun \u00c7erkes Derne\u011fi, Sardamond K\u00fclt\u00fcrel Ara\u015ft\u0131rma Grubu, Sefarad K\u00fclt\u00fcr\u00fc Ara\u015ft\u0131rma Merkezi, Shema Media Group, Silivri Kuzey Kafkas K\u00fclt\u00fcr Derne\u011fi, Sinop Kafkas K\u00fclt\u00fcr Derne\u011fi, Sivas Kuzey Kafkas K\u00fclt\u00fcr Derne\u011fi, Sivil ve Ekolojik Haklar Derne\u011fi (SEHAK), Sungurlu Kafkas Derne\u011fi, Susurluk Kafkas Derne\u011fi, S\u00fcryani Dernekleri Federasyonu, \u015eamil E\u011fitim ve K\u00fclt\u00fcr Vakf\u0131, Tokat \u00c7erkes Derne\u011fi, T\u00fcrkiye K\u00fclt\u00fcrleri Ara\u015ft\u0131rma Grubu, Uncire Dergisi, Uzunyayla K\u00fclt\u00fcr ve Yard\u0131mla\u015fma Derne\u011fi-Kayseri, Uzunyayla Kafkas K\u00fclt\u00fcr ve Yard\u0131mla\u015fma Derne\u011fi- \u0130stanbul, Vejiyai\u015f\u00ea Tiji (Tij Yay\u0131nc\u0131l\u0131k), VOMANK, We\u015fan\u00ean J&amp;J (J&amp;J Yay\u0131nlar\u0131), We\u015fanxaney\u00ea Vatey\u00ee (Vate Yay\u0131nevi), Ya\u015fam Bellek \u00d6zg\u00fcrl\u00fck Derne\u011fi, Zan Sosyal Siyasal \u0130ktisadi Ara\u015ft\u0131rmalar Vakf\u0131<\/em><\/p>\n<hr \/>\n<p><em><strong><a href=\"https:\/\/bianet.org\/bianet\/tarih\/258013-anadilimiz-bizimle-yasiyor?bia_source=rss\" target=\"_blank\" rel=\"noopener noreferrer\">bianet<\/a><\/strong><\/em><\/p>\n","protected":false},"excerpt":{"rendered":"<p>Dil Haklar\u0131 \u0130zleme Belgeleme ve Raporlama A\u011f\u0131\u2019n\u0131n haz\u0131rlad\u0131\u011f\u0131, 120 kurumun imzalad\u0131\u011f\u0131 ve 27 dile \u00e7evrilen Anadili G\u00fcn\u00fc a\u00e7\u0131klamas\u0131nda, anadilinin insan hakk\u0131 oldu\u011fu vurguland\u0131. bianet, IPS \u0130leti\u015fim Vakf\u0131\u2019n\u0131n da aralar\u0131nda oldu\u011fu 120 kurumun imzalad\u0131\u011f\u0131, 27 dile \u00e7evrilen Anadili G\u00fcn\u00fc a\u00e7\u0131klamas\u0131 bug\u00fcn yay\u0131nland\u0131. T\u00fcrkiye\u2019de farkl\u0131 alanlarda \u00e7al\u0131\u015fan ve anadili konusunda duyarl\u0131 sivil toplum akt\u00f6rlerince 2020 y\u0131l\u0131nda kurulan [&hellip;]<\/p>\n","protected":false},"author":7,"featured_media":67171,"comment_status":"open","ping_status":"open","sticky":false,"template":"","format":"standard","meta":{"footnotes":""},"categories":[1,53],"tags":[],"class_list":["post-67170","post","type-post","status-publish","format-standard","has-post-thumbnail","hentry","category-haberler","category-turkiyede-azinliklar"],"yoast_head":"<!-- This site is optimized with the Yoast SEO plugin v27.4 - https:\/\/yoast.com\/product\/yoast-seo-wordpress\/ -->\n<title>\u201cAnadilimiz Bizimle Ya\u015f\u0131yor\u201d - Bati Ermenistan Ve Bati Ermenileri Sorunlari Ara\u015ftirmalar Merkezi<\/title>\n<meta name=\"robots\" content=\"index, follow, max-snippet:-1, max-image-preview:large, max-video-preview:-1\" \/>\n<link rel=\"canonical\" href=\"https:\/\/akunq.net\/tr\/?p=67170\" \/>\n<meta property=\"og:locale\" content=\"en_US\" \/>\n<meta property=\"og:type\" content=\"article\" \/>\n<meta property=\"og:title\" content=\"\u201cAnadilimiz Bizimle Ya\u015f\u0131yor\u201d - Bati Ermenistan Ve Bati Ermenileri Sorunlari Ara\u015ftirmalar Merkezi\" \/>\n<meta property=\"og:description\" content=\"Dil Haklar\u0131 \u0130zleme Belgeleme ve Raporlama A\u011f\u0131\u2019n\u0131n haz\u0131rlad\u0131\u011f\u0131, 120 kurumun imzalad\u0131\u011f\u0131 ve 27 dile \u00e7evrilen Anadili G\u00fcn\u00fc a\u00e7\u0131klamas\u0131nda, anadilinin insan hakk\u0131 oldu\u011fu vurguland\u0131. bianet, IPS \u0130leti\u015fim Vakf\u0131\u2019n\u0131n da aralar\u0131nda oldu\u011fu 120 kurumun imzalad\u0131\u011f\u0131, 27 dile \u00e7evrilen Anadili G\u00fcn\u00fc a\u00e7\u0131klamas\u0131 bug\u00fcn yay\u0131nland\u0131. T\u00fcrkiye\u2019de farkl\u0131 alanlarda \u00e7al\u0131\u015fan ve anadili konusunda duyarl\u0131 sivil toplum akt\u00f6rlerince 2020 y\u0131l\u0131nda kurulan [&hellip;]\" \/>\n<meta property=\"og:url\" content=\"https:\/\/akunq.net\/tr\/?p=67170\" \/>\n<meta property=\"og:site_name\" content=\"Bati Ermenistan Ve Bati Ermenileri Sorunlari Ara\u015ftirmalar Merkezi\" \/>\n<meta property=\"article:published_time\" content=\"2022-02-21T09:28:56+00:00\" \/>\n<meta property=\"og:image\" content=\"https:\/\/akunq.net\/tr\/wp-content\/uploads\/sites\/6\/2022\/02\/Anadil-1.jpg\" \/>\n\t<meta property=\"og:image:width\" content=\"500\" \/>\n\t<meta property=\"og:image:height\" content=\"324\" \/>\n\t<meta property=\"og:image:type\" content=\"image\/jpeg\" \/>\n<meta name=\"author\" content=\"admin\" \/>\n<meta name=\"twitter:card\" content=\"summary_large_image\" \/>\n<meta name=\"twitter:label1\" content=\"Written by\" \/>\n\t<meta name=\"twitter:data1\" content=\"admin\" \/>\n\t<meta name=\"twitter:label2\" content=\"Est. reading time\" \/>\n\t<meta name=\"twitter:data2\" content=\"5 minutes\" \/>\n<script type=\"application\/ld+json\" class=\"yoast-schema-graph\">{\"@context\":\"https:\\\/\\\/schema.org\",\"@graph\":[{\"@type\":\"Article\",\"@id\":\"https:\\\/\\\/akunq.net\\\/tr\\\/?p=67170#article\",\"isPartOf\":{\"@id\":\"https:\\\/\\\/akunq.net\\\/tr\\\/?p=67170\"},\"author\":{\"name\":\"admin\",\"@id\":\"https:\\\/\\\/akunq.net\\\/tr\\\/#\\\/schema\\\/person\\\/096f1d38a12cce57fb855b485ed24c9e\"},\"headline\":\"\u201cAnadilimiz Bizimle Ya\u015f\u0131yor\u201d\",\"datePublished\":\"2022-02-21T09:28:56+00:00\",\"mainEntityOfPage\":{\"@id\":\"https:\\\/\\\/akunq.net\\\/tr\\\/?p=67170\"},\"wordCount\":1009,\"commentCount\":0,\"image\":{\"@id\":\"https:\\\/\\\/akunq.net\\\/tr\\\/?p=67170#primaryimage\"},\"thumbnailUrl\":\"https:\\\/\\\/akunq.net\\\/tr\\\/wp-content\\\/uploads\\\/sites\\\/6\\\/2022\\\/02\\\/Anadil-1.jpg\",\"articleSection\":[\"Haberler\",\"T\u00fcrkiye\u2019de Az\u0131nl\u0131klar\"],\"inLanguage\":\"en-US\",\"potentialAction\":[{\"@type\":\"CommentAction\",\"name\":\"Comment\",\"target\":[\"https:\\\/\\\/akunq.net\\\/tr\\\/?p=67170#respond\"]}]},{\"@type\":\"WebPage\",\"@id\":\"https:\\\/\\\/akunq.net\\\/tr\\\/?p=67170\",\"url\":\"https:\\\/\\\/akunq.net\\\/tr\\\/?p=67170\",\"name\":\"\u201cAnadilimiz Bizimle Ya\u015f\u0131yor\u201d - Bati Ermenistan Ve Bati Ermenileri Sorunlari Ara\u015ftirmalar Merkezi\",\"isPartOf\":{\"@id\":\"https:\\\/\\\/akunq.net\\\/tr\\\/#website\"},\"primaryImageOfPage\":{\"@id\":\"https:\\\/\\\/akunq.net\\\/tr\\\/?p=67170#primaryimage\"},\"image\":{\"@id\":\"https:\\\/\\\/akunq.net\\\/tr\\\/?p=67170#primaryimage\"},\"thumbnailUrl\":\"https:\\\/\\\/akunq.net\\\/tr\\\/wp-content\\\/uploads\\\/sites\\\/6\\\/2022\\\/02\\\/Anadil-1.jpg\",\"datePublished\":\"2022-02-21T09:28:56+00:00\",\"author\":{\"@id\":\"https:\\\/\\\/akunq.net\\\/tr\\\/#\\\/schema\\\/person\\\/096f1d38a12cce57fb855b485ed24c9e\"},\"breadcrumb\":{\"@id\":\"https:\\\/\\\/akunq.net\\\/tr\\\/?p=67170#breadcrumb\"},\"inLanguage\":\"en-US\",\"potentialAction\":[{\"@type\":\"ReadAction\",\"target\":[\"https:\\\/\\\/akunq.net\\\/tr\\\/?p=67170\"]}]},{\"@type\":\"ImageObject\",\"inLanguage\":\"en-US\",\"@id\":\"https:\\\/\\\/akunq.net\\\/tr\\\/?p=67170#primaryimage\",\"url\":\"https:\\\/\\\/akunq.net\\\/tr\\\/wp-content\\\/uploads\\\/sites\\\/6\\\/2022\\\/02\\\/Anadil-1.jpg\",\"contentUrl\":\"https:\\\/\\\/akunq.net\\\/tr\\\/wp-content\\\/uploads\\\/sites\\\/6\\\/2022\\\/02\\\/Anadil-1.jpg\",\"width\":500,\"height\":324},{\"@type\":\"BreadcrumbList\",\"@id\":\"https:\\\/\\\/akunq.net\\\/tr\\\/?p=67170#breadcrumb\",\"itemListElement\":[{\"@type\":\"ListItem\",\"position\":1,\"name\":\"Home\",\"item\":\"https:\\\/\\\/akunq.net\\\/tr\"},{\"@type\":\"ListItem\",\"position\":2,\"name\":\"\u201cAnadilimiz Bizimle Ya\u015f\u0131yor\u201d\"}]},{\"@type\":\"WebSite\",\"@id\":\"https:\\\/\\\/akunq.net\\\/tr\\\/#website\",\"url\":\"https:\\\/\\\/akunq.net\\\/tr\\\/\",\"name\":\"Bati Ermenistan Ve Bati Ermenileri Sorunlari Ara\u015ftirmalar Merkezi\",\"description\":\"\",\"potentialAction\":[{\"@type\":\"SearchAction\",\"target\":{\"@type\":\"EntryPoint\",\"urlTemplate\":\"https:\\\/\\\/akunq.net\\\/tr\\\/?s={search_term_string}\"},\"query-input\":{\"@type\":\"PropertyValueSpecification\",\"valueRequired\":true,\"valueName\":\"search_term_string\"}}],\"inLanguage\":\"en-US\"},{\"@type\":\"Person\",\"@id\":\"https:\\\/\\\/akunq.net\\\/tr\\\/#\\\/schema\\\/person\\\/096f1d38a12cce57fb855b485ed24c9e\",\"name\":\"admin\",\"url\":\"https:\\\/\\\/akunq.net\\\/tr\\\/?author=7\"}]}<\/script>\n<!-- \/ Yoast SEO plugin. -->","yoast_head_json":{"title":"\u201cAnadilimiz Bizimle Ya\u015f\u0131yor\u201d - Bati Ermenistan Ve Bati Ermenileri Sorunlari Ara\u015ftirmalar Merkezi","robots":{"index":"index","follow":"follow","max-snippet":"max-snippet:-1","max-image-preview":"max-image-preview:large","max-video-preview":"max-video-preview:-1"},"canonical":"https:\/\/akunq.net\/tr\/?p=67170","og_locale":"en_US","og_type":"article","og_title":"\u201cAnadilimiz Bizimle Ya\u015f\u0131yor\u201d - Bati Ermenistan Ve Bati Ermenileri Sorunlari Ara\u015ftirmalar Merkezi","og_description":"Dil Haklar\u0131 \u0130zleme Belgeleme ve Raporlama A\u011f\u0131\u2019n\u0131n haz\u0131rlad\u0131\u011f\u0131, 120 kurumun imzalad\u0131\u011f\u0131 ve 27 dile \u00e7evrilen Anadili G\u00fcn\u00fc a\u00e7\u0131klamas\u0131nda, anadilinin insan hakk\u0131 oldu\u011fu vurguland\u0131. bianet, IPS \u0130leti\u015fim Vakf\u0131\u2019n\u0131n da aralar\u0131nda oldu\u011fu 120 kurumun imzalad\u0131\u011f\u0131, 27 dile \u00e7evrilen Anadili G\u00fcn\u00fc a\u00e7\u0131klamas\u0131 bug\u00fcn yay\u0131nland\u0131. T\u00fcrkiye\u2019de farkl\u0131 alanlarda \u00e7al\u0131\u015fan ve anadili konusunda duyarl\u0131 sivil toplum akt\u00f6rlerince 2020 y\u0131l\u0131nda kurulan [&hellip;]","og_url":"https:\/\/akunq.net\/tr\/?p=67170","og_site_name":"Bati Ermenistan Ve Bati Ermenileri Sorunlari Ara\u015ftirmalar Merkezi","article_published_time":"2022-02-21T09:28:56+00:00","og_image":[{"width":500,"height":324,"url":"https:\/\/akunq.net\/tr\/wp-content\/uploads\/sites\/6\/2022\/02\/Anadil-1.jpg","type":"image\/jpeg"}],"author":"admin","twitter_card":"summary_large_image","twitter_misc":{"Written by":"admin","Est. reading time":"5 minutes"},"schema":{"@context":"https:\/\/schema.org","@graph":[{"@type":"Article","@id":"https:\/\/akunq.net\/tr\/?p=67170#article","isPartOf":{"@id":"https:\/\/akunq.net\/tr\/?p=67170"},"author":{"name":"admin","@id":"https:\/\/akunq.net\/tr\/#\/schema\/person\/096f1d38a12cce57fb855b485ed24c9e"},"headline":"\u201cAnadilimiz Bizimle Ya\u015f\u0131yor\u201d","datePublished":"2022-02-21T09:28:56+00:00","mainEntityOfPage":{"@id":"https:\/\/akunq.net\/tr\/?p=67170"},"wordCount":1009,"commentCount":0,"image":{"@id":"https:\/\/akunq.net\/tr\/?p=67170#primaryimage"},"thumbnailUrl":"https:\/\/akunq.net\/tr\/wp-content\/uploads\/sites\/6\/2022\/02\/Anadil-1.jpg","articleSection":["Haberler","T\u00fcrkiye\u2019de Az\u0131nl\u0131klar"],"inLanguage":"en-US","potentialAction":[{"@type":"CommentAction","name":"Comment","target":["https:\/\/akunq.net\/tr\/?p=67170#respond"]}]},{"@type":"WebPage","@id":"https:\/\/akunq.net\/tr\/?p=67170","url":"https:\/\/akunq.net\/tr\/?p=67170","name":"\u201cAnadilimiz Bizimle Ya\u015f\u0131yor\u201d - Bati Ermenistan Ve Bati Ermenileri Sorunlari Ara\u015ftirmalar Merkezi","isPartOf":{"@id":"https:\/\/akunq.net\/tr\/#website"},"primaryImageOfPage":{"@id":"https:\/\/akunq.net\/tr\/?p=67170#primaryimage"},"image":{"@id":"https:\/\/akunq.net\/tr\/?p=67170#primaryimage"},"thumbnailUrl":"https:\/\/akunq.net\/tr\/wp-content\/uploads\/sites\/6\/2022\/02\/Anadil-1.jpg","datePublished":"2022-02-21T09:28:56+00:00","author":{"@id":"https:\/\/akunq.net\/tr\/#\/schema\/person\/096f1d38a12cce57fb855b485ed24c9e"},"breadcrumb":{"@id":"https:\/\/akunq.net\/tr\/?p=67170#breadcrumb"},"inLanguage":"en-US","potentialAction":[{"@type":"ReadAction","target":["https:\/\/akunq.net\/tr\/?p=67170"]}]},{"@type":"ImageObject","inLanguage":"en-US","@id":"https:\/\/akunq.net\/tr\/?p=67170#primaryimage","url":"https:\/\/akunq.net\/tr\/wp-content\/uploads\/sites\/6\/2022\/02\/Anadil-1.jpg","contentUrl":"https:\/\/akunq.net\/tr\/wp-content\/uploads\/sites\/6\/2022\/02\/Anadil-1.jpg","width":500,"height":324},{"@type":"BreadcrumbList","@id":"https:\/\/akunq.net\/tr\/?p=67170#breadcrumb","itemListElement":[{"@type":"ListItem","position":1,"name":"Home","item":"https:\/\/akunq.net\/tr"},{"@type":"ListItem","position":2,"name":"\u201cAnadilimiz Bizimle Ya\u015f\u0131yor\u201d"}]},{"@type":"WebSite","@id":"https:\/\/akunq.net\/tr\/#website","url":"https:\/\/akunq.net\/tr\/","name":"Bati Ermenistan Ve Bati Ermenileri Sorunlari Ara\u015ftirmalar Merkezi","description":"","potentialAction":[{"@type":"SearchAction","target":{"@type":"EntryPoint","urlTemplate":"https:\/\/akunq.net\/tr\/?s={search_term_string}"},"query-input":{"@type":"PropertyValueSpecification","valueRequired":true,"valueName":"search_term_string"}}],"inLanguage":"en-US"},{"@type":"Person","@id":"https:\/\/akunq.net\/tr\/#\/schema\/person\/096f1d38a12cce57fb855b485ed24c9e","name":"admin","url":"https:\/\/akunq.net\/tr\/?author=7"}]}},"_links":{"self":[{"href":"https:\/\/akunq.net\/tr\/index.php?rest_route=\/wp\/v2\/posts\/67170","targetHints":{"allow":["GET"]}}],"collection":[{"href":"https:\/\/akunq.net\/tr\/index.php?rest_route=\/wp\/v2\/posts"}],"about":[{"href":"https:\/\/akunq.net\/tr\/index.php?rest_route=\/wp\/v2\/types\/post"}],"author":[{"embeddable":true,"href":"https:\/\/akunq.net\/tr\/index.php?rest_route=\/wp\/v2\/users\/7"}],"replies":[{"embeddable":true,"href":"https:\/\/akunq.net\/tr\/index.php?rest_route=%2Fwp%2Fv2%2Fcomments&post=67170"}],"version-history":[{"count":1,"href":"https:\/\/akunq.net\/tr\/index.php?rest_route=\/wp\/v2\/posts\/67170\/revisions"}],"predecessor-version":[{"id":67172,"href":"https:\/\/akunq.net\/tr\/index.php?rest_route=\/wp\/v2\/posts\/67170\/revisions\/67172"}],"wp:featuredmedia":[{"embeddable":true,"href":"https:\/\/akunq.net\/tr\/index.php?rest_route=\/wp\/v2\/media\/67171"}],"wp:attachment":[{"href":"https:\/\/akunq.net\/tr\/index.php?rest_route=%2Fwp%2Fv2%2Fmedia&parent=67170"}],"wp:term":[{"taxonomy":"category","embeddable":true,"href":"https:\/\/akunq.net\/tr\/index.php?rest_route=%2Fwp%2Fv2%2Fcategories&post=67170"},{"taxonomy":"post_tag","embeddable":true,"href":"https:\/\/akunq.net\/tr\/index.php?rest_route=%2Fwp%2Fv2%2Ftags&post=67170"}],"curies":[{"name":"wp","href":"https:\/\/api.w.org\/{rel}","templated":true}]}}