{"id":67167,"date":"2022-02-21T04:18:36","date_gmt":"2022-02-21T09:18:36","guid":{"rendered":"https:\/\/akunq.net\/tr\/?p=67167"},"modified":"2022-02-21T04:18:36","modified_gmt":"2022-02-21T09:18:36","slug":"turkiyede-18-dil-tehdit-altinda-anliyorum-ama-konusamiyorum","status":"publish","type":"post","link":"https:\/\/akunq.net\/tr\/?p=67167","title":{"rendered":"T\u00fcrkiye\u2019de 18 dil tehdit alt\u0131nda: Anl\u0131yorum ama konu\u015fam\u0131yorum"},"content":{"rendered":"<p><img loading=\"lazy\" decoding=\"async\" class=\"aligncenter size-medium wp-image-67168\" src=\"https:\/\/akunq.net\/tr\/wp-content\/uploads\/2022\/02\/T\u00fcrkiye\u2019de-dil-360x213.jpg\" alt=\"\" width=\"360\" height=\"213\" srcset=\"https:\/\/akunq.net\/tr\/wp-content\/uploads\/sites\/6\/2022\/02\/T\u00fcrkiye\u2019de-dil-360x213.jpg 360w, https:\/\/akunq.net\/tr\/wp-content\/uploads\/sites\/6\/2022\/02\/T\u00fcrkiye\u2019de-dil-560x332.jpg 560w, https:\/\/akunq.net\/tr\/wp-content\/uploads\/sites\/6\/2022\/02\/T\u00fcrkiye\u2019de-dil-260x154.jpg 260w, https:\/\/akunq.net\/tr\/wp-content\/uploads\/sites\/6\/2022\/02\/T\u00fcrkiye\u2019de-dil-160x95.jpg 160w, https:\/\/akunq.net\/tr\/wp-content\/uploads\/sites\/6\/2022\/02\/T\u00fcrkiye\u2019de-dil.jpg 760w\" sizes=\"auto, (max-width: 360px) 100vw, 360px\" \/><\/p>\n<p><em><strong>\u00dclkede 18 dil tehlike alt\u0131ndayken \u00f6zellikle gen\u00e7 n\u00fcfus anadillerini \u2018anl\u0131yor ama konu\u015fam\u0131yor\u2019. Kitle \u00f6rg\u00fctleri temsilcileri anadillerin ya\u015famas\u0131 i\u00e7in gerekli olanaklar\u0131n yarat\u0131lmad\u0131\u011f\u0131n\u0131 ifade etti.<\/strong><\/em><\/p>\n<p>Bug\u00fcn Uluslararas\u0131 Anadili G\u00fcn\u00fc. D\u00fcnya genelinde yakla\u015f\u0131k 6 bin dil konu\u015fuluyor. Bunlar\u0131n y\u00fczde 43\u2019\u00fc yok olma tehlikesi alt\u0131nda. Birle\u015fmi\u015f Milletler E\u011fitim, Bilim ve K\u00fclt\u00fcr \u00d6rg\u00fct\u00fc\u2019n\u00fcn (UNESCO) \u2018Tehlike Alt\u0131ndaki Diller Atlas\u0131\u2019na g\u00f6re her 15 g\u00fcnde 1 dil yok oluyor.<\/p>\n<p>UNESCO tehlike alt\u0131ndaki dilleri; \u2018k\u0131r\u0131lgan\u2019 \u2018a\u00e7\u0131k\u00e7a tehlikede\u2019, \u2018ciddi anlamda tehlikede\u2019, \u2018son derece tehlikede\u2019 ve \u2018kaybolmu\u015f\u2019 kategorileri alt\u0131nda ele al\u0131yor. \u00d6rg\u00fct\u00fcn verilerine g\u00f6re T\u00fcrkiye\u2019de Kapadokya Yunancas\u0131, Mlahso, Ub\u0131h\u00e7a dilleri yok oldu, 18 dil ise tehlike alt\u0131nda.<\/p>\n<p>Bu diller \u015f\u00f6yle s\u0131raland\u0131:<\/p>\n<p>K\u0131r\u0131lgan dil: Dilin, bir\u00e7ok \u00e7ocuk taraf\u0131ndan konu\u015fulmas\u0131na ra\u011fmen bu kullan\u0131m\u0131n ev gibi belirli alanlarla s\u0131n\u0131rland\u0131r\u0131ld\u0131\u011f\u0131 anlam\u0131na geliyor. Abhazca, Adigece, Kabartayca-\u00c7erkes\u00e7e ve Zazaca bu grupta yer al\u0131yor.<\/p>\n<p>A\u00e7\u0131k\u00e7a tehlikede olan dil: \u00c7ocuklar taraf\u0131ndan anadil olarak \u00f6\u011frenilme oran\u0131 olduk\u00e7a d\u00fc\u015f\u00fck. Abazaca, Hem\u015fince, Lazca, Pontus Yunancas\u0131, Romanca, S\u00fcryanice ve Bat\u0131 Ermenicesi a\u00e7\u0131k\u00e7a tehlikede olan dillerden.<\/p>\n<p>Ciddi anlamda tehlikede olan dil: Toplumun ya\u015fl\u0131 kesimi taraf\u0131ndan konu\u015fulan, orta-ya\u015fl\u0131 kesim taraf\u0131ndan anla\u015f\u0131lan ama \u00e7ocuklara \u00f6\u011fretilmeyen dilleri kaps\u0131yor. Bu s\u0131n\u0131fland\u0131rmaya g\u00f6re Gagauzca, Ladino ve Turoyo ciddi anlamda tehlikede.<\/p>\n<p>Son derece tehlikede olan dil: Toplumun ya\u015fl\u0131 kesimi taraf\u0131ndan nadiren konu\u015fuluyor. T\u00fcrkiye\u2019de bu kategoriye giren tek dil ise sadece 4 ki\u015finin konu\u015ftu\u011fu Hertevin.<\/p>\n<p><strong>D\u0130LLER AS\u0130M\u0130LE ED\u0130LD\u0130<\/strong><\/p>\n<p>\u00d6zellikle gen\u00e7lerin anadilleri i\u00e7in en \u00e7ok kulland\u0131\u011f\u0131 c\u00fcmle \u201cAnl\u0131yorum ama konu\u015fam\u0131yorum.\u201d Kitle \u00f6rg\u00fctleri temsilcileri ve uzmanlar, devletin anadilleri ya\u015fatmak giri\u015fimlerinin yetersiz oldu\u011funu ve anadil e\u011fitiminin \u00f6nemini vurgulad\u0131.<\/p>\n<p>Laz Enstit\u00fcs\u00fc Ba\u015fkan\u0131 \u0130smail Avc\u0131 Bucakli\u015fi, \u201cOnlarca y\u0131l bu diller asimile edilmeye \u00e7al\u0131\u015f\u0131ld\u0131. Ya\u015fam olanaklar\u0131 ortadan kald\u0131r\u0131ld\u0131. \u015eimdi art\u0131k \u2018hasta \u00f6lecek biliyoruz, ama ne zaman \u00f6lecek\u2019 diye bekliyoruz\u201d dedi ve ekledi:<\/p>\n<p>\u201cDilin unutulmamas\u0131 i\u00e7in yap\u0131lacak \u00e7ok \u015fey var. \u00d6ncelikle yay\u0131nlar yap\u0131lmal\u0131. E\u011fitimle dil desteklenmeli. Bas\u0131l\u0131 yay\u0131nlar \u00e7\u0131kar\u0131lmal\u0131. \u00c7ocuklar i\u00e7in i\u00e7erik \u00fcretilmeli. Daha da \u00f6nemlisi ailelerin anadillerini \u00e7ocuklar\u0131na aktarmalar\u0131 i\u00e7in \u00e7aba g\u00f6stermeli. Devletin de pozitif tutum tak\u0131nmas\u0131 gerekli. T\u00fcrk\u00e7e ve K\u00fcrt\u00e7e d\u0131\u015f\u0131ndaki t\u00fcm diller tehlike alt\u0131nda. Lazca i\u00e7in online kurs d\u00fczenliyoruz. 220 ki\u015fiyle kurs yapt\u0131k ciddi ka\u0131tl\u0131md\u0131 bu. Gen\u00e7ler \u2018anl\u0131yorum ama konu\u015fam\u0131yorum\u2019 diyor. Lazca bilen \u00e7ocuk neredeyse yok, \u00e7ok az say\u0131da. Gen\u00e7lerin \u00e7o\u011fu anl\u0131yor ama konu\u015fam\u0131yor. Se\u00e7meli derslerin desteklenmesi gerekiyor. \u00d6rne\u011fin Lazca se\u00e7meli dersler var ama son birka\u00e7 y\u0131ld\u0131r s\u0131n\u0131f a\u00e7\u0131lmad\u0131. Televizyon yay\u0131nlar\u0131, sosyal medya yay\u0131nlar\u0131 \u00e7ok \u00f6nemli. Bu talep art\u0131k sadece devlete havale edilecek bir \u015fey olmaktan \u00e7\u0131kt\u0131. Toplumun bu konuda duyarl\u0131l\u0131k g\u00f6stermesi gerekiyor.\u201d<\/p>\n<p><strong>D\u0130L \u00d6L\u00dcRSE K\u00dcLT\u00dcR DE \u00d6L\u00dcR<\/strong><\/p>\n<p>\u00c7erkes dillerinde yay\u0131n yapan Jineps Gazetesi Y\u00f6netim Kurulu \u00dcyesi Erdo\u011fan Y\u0131lmaz ise \u015f\u00f6yle konu\u015ftu:<\/p>\n<p>\u201cBiz Jineps olarak 14 Mart 2020 tarihinden itibaren her ay\u0131n 15\u2019inde anadilinde bir gazete yay\u0131nl\u0131yoruz. Abazaca, Ad\u0131\u011fece, \u00c7e\u00e7ence ve Oset\u00e7e dillerinde 2 y\u0131ld\u0131r \u00e7\u0131k\u0131yoruz. Ailemizde Ad\u0131\u011fece konu\u015fuyorduk ve ilkokula ba\u015flay\u0131nca T\u00fcrk\u00e7e \u00f6\u011frendik. Devlet anadiller yasaklad\u0131, sokakta, okulda konu\u015fulmas\u0131 yasakt\u0131. B\u00fcy\u00fcklerimiz ilkokula ba\u015flad\u0131klar\u0131nda kendi dillerini konu\u015ftuklar\u0131 zaman \u015fiddete u\u011frad\u0131klar\u0131n\u0131 bu nedenle okulu b\u0131rakt\u0131klar\u0131n\u0131 anlat\u0131rlard\u0131. Anadilin \u00f6\u011frenilmesi ve ya\u015famas\u0131 i\u00e7in kitaplar bas\u0131lmal\u0131, okulalrda \u00f6\u011fretilmeli. E\u011fitim sistemi bu nedenle de\u011fi\u015fmeli. Ad\u0131\u011fece i\u00e7in Milli E\u011fitim Bakanl\u0131\u011f\u0131\u2019na d\u00f6rt kitap haz\u0131rlad\u0131k ama anadilin \u00f6\u011frenilmesi i\u00e7in \u00e7al\u0131\u015fmalar yetersiz, s\u0131n\u0131flar yetersiz ve e\u011fitmen a\u00e7\u0131\u011f\u0131 var. Gen\u00e7ler ve \u00e7ocuklar \u00c7erkes dillerini art\u0131k bilmiyor neredeyse. Ama yeni yeni bilin\u00e7 artmaya ba\u015flad\u0131. Derneklerde, STK\u2019larda dil e\u011fitimi veriyoruz. Anadilimiz h\u00e2kim dil kadar de\u011fer g\u00f6rmeli ve yat\u0131r\u0131mlar yap\u0131lmal\u0131. Bu insan hakk\u0131d\u0131r. Bir dil yok olursa onun birlikte t\u00fcm k\u00fclt\u00fcr de yok olur.\u201d<\/p>\n<p><strong>YASAK\u00c7I ANLAYI\u015e TERKED\u0130LMEL\u0130<\/strong><\/p>\n<p>Dersim Dernekleri Federasyonu (DEDEF) Ba\u015fkan\u0131 Ali Haydar Ben, dernek olarak Zazaki (Zazaca) kurslar\u0131 verdiklerini ancak bunlar\u0131n yeterli olmad\u0131\u011f\u0131n\u0131 dile getirdi:<\/p>\n<p>\u201cDili daha da \u00f6nemsememiz gerekti\u011fine dair \u00e7al\u0131\u015fmalar ve programlar yap\u0131yoruz. Anadilin derste bilimsel \u015fekilde verilmesi gerekiyor. \u2018Her ot kendi k\u00f6k\u00fcnde yeti\u015fir, her ku\u015f kendi dilinde \u00f6ter\u2019 diyoruz. K\u00fc\u00e7\u00fckl\u00fckten temel e\u011fitimle bu ders verilmeli. Talebimiz yasak\u00e7\u0131 anlay\u0131\u015f terkedilsin, herkesin kendi dilini \u00f6\u011frenmesi i\u00e7in uygun ortam\u0131n yarat\u0131ls\u0131n.\u201d<\/p>\n<p><strong>20 B\u0130N \u00d6\u011eRENC\u0130 K\u00dcRT\u00c7E SE\u00c7T\u0130<\/strong><\/p>\n<p>CHP \u0130stanbul Milletvekili Sezgin Tanr\u0131kulu\u2019nun se\u00e7meli dil derslerine ili\u015fkin soru \u00f6nergesini yan\u0131tlayan Milli E\u011fitim Bakan\u0131 Mahmut \u00d6zer, 2021-2022 e\u011fitim-\u00f6\u011fretim y\u0131l\u0131nda 20 bin 265 \u00f6\u011frencinin se\u00e7meli dil olarak K\u00fcrt\u00e7e\u2019yi tercih etti\u011fini a\u00e7\u0131klad\u0131.<\/p>\n<p>Sezgin Tanr\u0131kulu, 2 \u015eubat tarihinde Mahmut \u00d6zer\u2019in yan\u0131tlamas\u0131 istemiyle TBMM\u2019ye verdi\u011fi soru \u00f6nergesinde, okullarda okutulan se\u00e7meli dil derslerini ve bu dersleri se\u00e7en \u00f6\u011frenci say\u0131s\u0131n\u0131 sordu. Bakan \u00d6zer ise \u00f6nergeye 17 \u015eubat\u2019ta yan\u0131t verdi. Bakan \u00d6zer, 2021-2022 e\u011fitim-\u00f6\u011fretim y\u0131l\u0131nda 20 bin 265 \u00f6\u011frencinin, dil bilimcilerin K\u00fcrt\u00e7e\u2019nin leh\u00e7eleri olarak kabul etti\u011fi Kurmancca (Kurmanci) ve Zazaca dersini se\u00e7ti\u011fini a\u00e7\u0131klad\u0131.<\/p>\n<p>Bakan \u00d6zer ayr\u0131ca, 5-6-7 ve 8\u2019inci s\u0131n\u0131f \u00f6\u011frencilerinin Ad\u0131\u011fece (Latin alfabesinde), Abazca (Kiril alfabesinde), Lazca, G\u00fcrc\u00fcce, Arnavut\u00e7a, Bo\u015fnak\u00e7a dillerini de tercih edebildi\u011fini bildirdi.<\/p>\n<hr \/>\n<p><em><strong><a href=\"https:\/\/www.cumhuriyet.com.tr\/turkiye\/turkiyede-18-dil-tehdit-altinda-anliyorum-ama-konusamiyorum-1909671\" target=\"_blank\" rel=\"noopener noreferrer\">Cumhuriyet Gazetesi<\/a>\u00a0<\/strong><\/em><\/p>\n","protected":false},"excerpt":{"rendered":"<p>\u00dclkede 18 dil tehlike alt\u0131ndayken \u00f6zellikle gen\u00e7 n\u00fcfus anadillerini \u2018anl\u0131yor ama konu\u015fam\u0131yor\u2019. Kitle \u00f6rg\u00fctleri temsilcileri anadillerin ya\u015famas\u0131 i\u00e7in gerekli olanaklar\u0131n yarat\u0131lmad\u0131\u011f\u0131n\u0131 ifade etti. Bug\u00fcn Uluslararas\u0131 Anadili G\u00fcn\u00fc. D\u00fcnya genelinde yakla\u015f\u0131k 6 bin dil konu\u015fuluyor. Bunlar\u0131n y\u00fczde 43\u2019\u00fc yok olma tehlikesi alt\u0131nda. Birle\u015fmi\u015f Milletler E\u011fitim, Bilim ve K\u00fclt\u00fcr \u00d6rg\u00fct\u00fc\u2019n\u00fcn (UNESCO) \u2018Tehlike Alt\u0131ndaki Diller Atlas\u0131\u2019na g\u00f6re her [&hellip;]<\/p>\n","protected":false},"author":7,"featured_media":67168,"comment_status":"open","ping_status":"open","sticky":false,"template":"","format":"standard","meta":{"footnotes":""},"categories":[1,53],"tags":[],"class_list":["post-67167","post","type-post","status-publish","format-standard","has-post-thumbnail","hentry","category-haberler","category-turkiyede-azinliklar"],"yoast_head":"<!-- This site is optimized with the Yoast SEO plugin v27.4 - https:\/\/yoast.com\/product\/yoast-seo-wordpress\/ -->\n<title>T\u00fcrkiye\u2019de 18 dil tehdit alt\u0131nda: Anl\u0131yorum ama konu\u015fam\u0131yorum - Bati Ermenistan Ve Bati Ermenileri Sorunlari Ara\u015ftirmalar Merkezi<\/title>\n<meta name=\"robots\" content=\"index, follow, max-snippet:-1, max-image-preview:large, max-video-preview:-1\" \/>\n<link rel=\"canonical\" href=\"https:\/\/akunq.net\/tr\/?p=67167\" \/>\n<meta property=\"og:locale\" content=\"en_US\" \/>\n<meta property=\"og:type\" content=\"article\" \/>\n<meta property=\"og:title\" content=\"T\u00fcrkiye\u2019de 18 dil tehdit alt\u0131nda: Anl\u0131yorum ama konu\u015fam\u0131yorum - Bati Ermenistan Ve Bati Ermenileri Sorunlari Ara\u015ftirmalar Merkezi\" \/>\n<meta property=\"og:description\" content=\"\u00dclkede 18 dil tehlike alt\u0131ndayken \u00f6zellikle gen\u00e7 n\u00fcfus anadillerini \u2018anl\u0131yor ama konu\u015fam\u0131yor\u2019. Kitle \u00f6rg\u00fctleri temsilcileri anadillerin ya\u015famas\u0131 i\u00e7in gerekli olanaklar\u0131n yarat\u0131lmad\u0131\u011f\u0131n\u0131 ifade etti. Bug\u00fcn Uluslararas\u0131 Anadili G\u00fcn\u00fc. D\u00fcnya genelinde yakla\u015f\u0131k 6 bin dil konu\u015fuluyor. Bunlar\u0131n y\u00fczde 43\u2019\u00fc yok olma tehlikesi alt\u0131nda. Birle\u015fmi\u015f Milletler E\u011fitim, Bilim ve K\u00fclt\u00fcr \u00d6rg\u00fct\u00fc\u2019n\u00fcn (UNESCO) \u2018Tehlike Alt\u0131ndaki Diller Atlas\u0131\u2019na g\u00f6re her [&hellip;]\" \/>\n<meta property=\"og:url\" content=\"https:\/\/akunq.net\/tr\/?p=67167\" \/>\n<meta property=\"og:site_name\" content=\"Bati Ermenistan Ve Bati Ermenileri Sorunlari Ara\u015ftirmalar Merkezi\" \/>\n<meta property=\"article:published_time\" content=\"2022-02-21T09:18:36+00:00\" \/>\n<meta property=\"og:image\" content=\"https:\/\/akunq.net\/tr\/wp-content\/uploads\/sites\/6\/2022\/02\/T\u00fcrkiye\u2019de-dil.jpg\" \/>\n\t<meta property=\"og:image:width\" content=\"760\" \/>\n\t<meta property=\"og:image:height\" content=\"450\" \/>\n\t<meta property=\"og:image:type\" content=\"image\/jpeg\" \/>\n<meta name=\"author\" content=\"admin\" \/>\n<meta name=\"twitter:card\" content=\"summary_large_image\" \/>\n<meta name=\"twitter:label1\" content=\"Written by\" \/>\n\t<meta name=\"twitter:data1\" content=\"admin\" \/>\n\t<meta name=\"twitter:label2\" content=\"Est. reading time\" \/>\n\t<meta name=\"twitter:data2\" content=\"5 minutes\" \/>\n<script type=\"application\/ld+json\" class=\"yoast-schema-graph\">{\"@context\":\"https:\\\/\\\/schema.org\",\"@graph\":[{\"@type\":\"Article\",\"@id\":\"https:\\\/\\\/akunq.net\\\/tr\\\/?p=67167#article\",\"isPartOf\":{\"@id\":\"https:\\\/\\\/akunq.net\\\/tr\\\/?p=67167\"},\"author\":{\"name\":\"admin\",\"@id\":\"https:\\\/\\\/akunq.net\\\/tr\\\/#\\\/schema\\\/person\\\/096f1d38a12cce57fb855b485ed24c9e\"},\"headline\":\"T\u00fcrkiye\u2019de 18 dil tehdit alt\u0131nda: Anl\u0131yorum ama konu\u015fam\u0131yorum\",\"datePublished\":\"2022-02-21T09:18:36+00:00\",\"mainEntityOfPage\":{\"@id\":\"https:\\\/\\\/akunq.net\\\/tr\\\/?p=67167\"},\"wordCount\":1017,\"commentCount\":0,\"image\":{\"@id\":\"https:\\\/\\\/akunq.net\\\/tr\\\/?p=67167#primaryimage\"},\"thumbnailUrl\":\"https:\\\/\\\/akunq.net\\\/tr\\\/wp-content\\\/uploads\\\/sites\\\/6\\\/2022\\\/02\\\/T\u00fcrkiye\u2019de-dil.jpg\",\"articleSection\":[\"Haberler\",\"T\u00fcrkiye\u2019de Az\u0131nl\u0131klar\"],\"inLanguage\":\"en-US\",\"potentialAction\":[{\"@type\":\"CommentAction\",\"name\":\"Comment\",\"target\":[\"https:\\\/\\\/akunq.net\\\/tr\\\/?p=67167#respond\"]}]},{\"@type\":\"WebPage\",\"@id\":\"https:\\\/\\\/akunq.net\\\/tr\\\/?p=67167\",\"url\":\"https:\\\/\\\/akunq.net\\\/tr\\\/?p=67167\",\"name\":\"T\u00fcrkiye\u2019de 18 dil tehdit alt\u0131nda: Anl\u0131yorum ama konu\u015fam\u0131yorum - Bati Ermenistan Ve Bati Ermenileri Sorunlari Ara\u015ftirmalar Merkezi\",\"isPartOf\":{\"@id\":\"https:\\\/\\\/akunq.net\\\/tr\\\/#website\"},\"primaryImageOfPage\":{\"@id\":\"https:\\\/\\\/akunq.net\\\/tr\\\/?p=67167#primaryimage\"},\"image\":{\"@id\":\"https:\\\/\\\/akunq.net\\\/tr\\\/?p=67167#primaryimage\"},\"thumbnailUrl\":\"https:\\\/\\\/akunq.net\\\/tr\\\/wp-content\\\/uploads\\\/sites\\\/6\\\/2022\\\/02\\\/T\u00fcrkiye\u2019de-dil.jpg\",\"datePublished\":\"2022-02-21T09:18:36+00:00\",\"author\":{\"@id\":\"https:\\\/\\\/akunq.net\\\/tr\\\/#\\\/schema\\\/person\\\/096f1d38a12cce57fb855b485ed24c9e\"},\"breadcrumb\":{\"@id\":\"https:\\\/\\\/akunq.net\\\/tr\\\/?p=67167#breadcrumb\"},\"inLanguage\":\"en-US\",\"potentialAction\":[{\"@type\":\"ReadAction\",\"target\":[\"https:\\\/\\\/akunq.net\\\/tr\\\/?p=67167\"]}]},{\"@type\":\"ImageObject\",\"inLanguage\":\"en-US\",\"@id\":\"https:\\\/\\\/akunq.net\\\/tr\\\/?p=67167#primaryimage\",\"url\":\"https:\\\/\\\/akunq.net\\\/tr\\\/wp-content\\\/uploads\\\/sites\\\/6\\\/2022\\\/02\\\/T\u00fcrkiye\u2019de-dil.jpg\",\"contentUrl\":\"https:\\\/\\\/akunq.net\\\/tr\\\/wp-content\\\/uploads\\\/sites\\\/6\\\/2022\\\/02\\\/T\u00fcrkiye\u2019de-dil.jpg\",\"width\":760,\"height\":450},{\"@type\":\"BreadcrumbList\",\"@id\":\"https:\\\/\\\/akunq.net\\\/tr\\\/?p=67167#breadcrumb\",\"itemListElement\":[{\"@type\":\"ListItem\",\"position\":1,\"name\":\"Home\",\"item\":\"https:\\\/\\\/akunq.net\\\/tr\"},{\"@type\":\"ListItem\",\"position\":2,\"name\":\"T\u00fcrkiye\u2019de 18 dil tehdit alt\u0131nda: Anl\u0131yorum ama konu\u015fam\u0131yorum\"}]},{\"@type\":\"WebSite\",\"@id\":\"https:\\\/\\\/akunq.net\\\/tr\\\/#website\",\"url\":\"https:\\\/\\\/akunq.net\\\/tr\\\/\",\"name\":\"Bati Ermenistan Ve Bati Ermenileri Sorunlari Ara\u015ftirmalar Merkezi\",\"description\":\"\",\"potentialAction\":[{\"@type\":\"SearchAction\",\"target\":{\"@type\":\"EntryPoint\",\"urlTemplate\":\"https:\\\/\\\/akunq.net\\\/tr\\\/?s={search_term_string}\"},\"query-input\":{\"@type\":\"PropertyValueSpecification\",\"valueRequired\":true,\"valueName\":\"search_term_string\"}}],\"inLanguage\":\"en-US\"},{\"@type\":\"Person\",\"@id\":\"https:\\\/\\\/akunq.net\\\/tr\\\/#\\\/schema\\\/person\\\/096f1d38a12cce57fb855b485ed24c9e\",\"name\":\"admin\",\"url\":\"https:\\\/\\\/akunq.net\\\/tr\\\/?author=7\"}]}<\/script>\n<!-- \/ Yoast SEO plugin. -->","yoast_head_json":{"title":"T\u00fcrkiye\u2019de 18 dil tehdit alt\u0131nda: Anl\u0131yorum ama konu\u015fam\u0131yorum - Bati Ermenistan Ve Bati Ermenileri Sorunlari Ara\u015ftirmalar Merkezi","robots":{"index":"index","follow":"follow","max-snippet":"max-snippet:-1","max-image-preview":"max-image-preview:large","max-video-preview":"max-video-preview:-1"},"canonical":"https:\/\/akunq.net\/tr\/?p=67167","og_locale":"en_US","og_type":"article","og_title":"T\u00fcrkiye\u2019de 18 dil tehdit alt\u0131nda: Anl\u0131yorum ama konu\u015fam\u0131yorum - Bati Ermenistan Ve Bati Ermenileri Sorunlari Ara\u015ftirmalar Merkezi","og_description":"\u00dclkede 18 dil tehlike alt\u0131ndayken \u00f6zellikle gen\u00e7 n\u00fcfus anadillerini \u2018anl\u0131yor ama konu\u015fam\u0131yor\u2019. Kitle \u00f6rg\u00fctleri temsilcileri anadillerin ya\u015famas\u0131 i\u00e7in gerekli olanaklar\u0131n yarat\u0131lmad\u0131\u011f\u0131n\u0131 ifade etti. Bug\u00fcn Uluslararas\u0131 Anadili G\u00fcn\u00fc. D\u00fcnya genelinde yakla\u015f\u0131k 6 bin dil konu\u015fuluyor. Bunlar\u0131n y\u00fczde 43\u2019\u00fc yok olma tehlikesi alt\u0131nda. Birle\u015fmi\u015f Milletler E\u011fitim, Bilim ve K\u00fclt\u00fcr \u00d6rg\u00fct\u00fc\u2019n\u00fcn (UNESCO) \u2018Tehlike Alt\u0131ndaki Diller Atlas\u0131\u2019na g\u00f6re her [&hellip;]","og_url":"https:\/\/akunq.net\/tr\/?p=67167","og_site_name":"Bati Ermenistan Ve Bati Ermenileri Sorunlari Ara\u015ftirmalar Merkezi","article_published_time":"2022-02-21T09:18:36+00:00","og_image":[{"width":760,"height":450,"url":"https:\/\/akunq.net\/tr\/wp-content\/uploads\/sites\/6\/2022\/02\/T\u00fcrkiye\u2019de-dil.jpg","type":"image\/jpeg"}],"author":"admin","twitter_card":"summary_large_image","twitter_misc":{"Written by":"admin","Est. reading time":"5 minutes"},"schema":{"@context":"https:\/\/schema.org","@graph":[{"@type":"Article","@id":"https:\/\/akunq.net\/tr\/?p=67167#article","isPartOf":{"@id":"https:\/\/akunq.net\/tr\/?p=67167"},"author":{"name":"admin","@id":"https:\/\/akunq.net\/tr\/#\/schema\/person\/096f1d38a12cce57fb855b485ed24c9e"},"headline":"T\u00fcrkiye\u2019de 18 dil tehdit alt\u0131nda: Anl\u0131yorum ama konu\u015fam\u0131yorum","datePublished":"2022-02-21T09:18:36+00:00","mainEntityOfPage":{"@id":"https:\/\/akunq.net\/tr\/?p=67167"},"wordCount":1017,"commentCount":0,"image":{"@id":"https:\/\/akunq.net\/tr\/?p=67167#primaryimage"},"thumbnailUrl":"https:\/\/akunq.net\/tr\/wp-content\/uploads\/sites\/6\/2022\/02\/T\u00fcrkiye\u2019de-dil.jpg","articleSection":["Haberler","T\u00fcrkiye\u2019de Az\u0131nl\u0131klar"],"inLanguage":"en-US","potentialAction":[{"@type":"CommentAction","name":"Comment","target":["https:\/\/akunq.net\/tr\/?p=67167#respond"]}]},{"@type":"WebPage","@id":"https:\/\/akunq.net\/tr\/?p=67167","url":"https:\/\/akunq.net\/tr\/?p=67167","name":"T\u00fcrkiye\u2019de 18 dil tehdit alt\u0131nda: Anl\u0131yorum ama konu\u015fam\u0131yorum - Bati Ermenistan Ve Bati Ermenileri Sorunlari Ara\u015ftirmalar Merkezi","isPartOf":{"@id":"https:\/\/akunq.net\/tr\/#website"},"primaryImageOfPage":{"@id":"https:\/\/akunq.net\/tr\/?p=67167#primaryimage"},"image":{"@id":"https:\/\/akunq.net\/tr\/?p=67167#primaryimage"},"thumbnailUrl":"https:\/\/akunq.net\/tr\/wp-content\/uploads\/sites\/6\/2022\/02\/T\u00fcrkiye\u2019de-dil.jpg","datePublished":"2022-02-21T09:18:36+00:00","author":{"@id":"https:\/\/akunq.net\/tr\/#\/schema\/person\/096f1d38a12cce57fb855b485ed24c9e"},"breadcrumb":{"@id":"https:\/\/akunq.net\/tr\/?p=67167#breadcrumb"},"inLanguage":"en-US","potentialAction":[{"@type":"ReadAction","target":["https:\/\/akunq.net\/tr\/?p=67167"]}]},{"@type":"ImageObject","inLanguage":"en-US","@id":"https:\/\/akunq.net\/tr\/?p=67167#primaryimage","url":"https:\/\/akunq.net\/tr\/wp-content\/uploads\/sites\/6\/2022\/02\/T\u00fcrkiye\u2019de-dil.jpg","contentUrl":"https:\/\/akunq.net\/tr\/wp-content\/uploads\/sites\/6\/2022\/02\/T\u00fcrkiye\u2019de-dil.jpg","width":760,"height":450},{"@type":"BreadcrumbList","@id":"https:\/\/akunq.net\/tr\/?p=67167#breadcrumb","itemListElement":[{"@type":"ListItem","position":1,"name":"Home","item":"https:\/\/akunq.net\/tr"},{"@type":"ListItem","position":2,"name":"T\u00fcrkiye\u2019de 18 dil tehdit alt\u0131nda: Anl\u0131yorum ama konu\u015fam\u0131yorum"}]},{"@type":"WebSite","@id":"https:\/\/akunq.net\/tr\/#website","url":"https:\/\/akunq.net\/tr\/","name":"Bati Ermenistan Ve Bati Ermenileri Sorunlari Ara\u015ftirmalar Merkezi","description":"","potentialAction":[{"@type":"SearchAction","target":{"@type":"EntryPoint","urlTemplate":"https:\/\/akunq.net\/tr\/?s={search_term_string}"},"query-input":{"@type":"PropertyValueSpecification","valueRequired":true,"valueName":"search_term_string"}}],"inLanguage":"en-US"},{"@type":"Person","@id":"https:\/\/akunq.net\/tr\/#\/schema\/person\/096f1d38a12cce57fb855b485ed24c9e","name":"admin","url":"https:\/\/akunq.net\/tr\/?author=7"}]}},"_links":{"self":[{"href":"https:\/\/akunq.net\/tr\/index.php?rest_route=\/wp\/v2\/posts\/67167","targetHints":{"allow":["GET"]}}],"collection":[{"href":"https:\/\/akunq.net\/tr\/index.php?rest_route=\/wp\/v2\/posts"}],"about":[{"href":"https:\/\/akunq.net\/tr\/index.php?rest_route=\/wp\/v2\/types\/post"}],"author":[{"embeddable":true,"href":"https:\/\/akunq.net\/tr\/index.php?rest_route=\/wp\/v2\/users\/7"}],"replies":[{"embeddable":true,"href":"https:\/\/akunq.net\/tr\/index.php?rest_route=%2Fwp%2Fv2%2Fcomments&post=67167"}],"version-history":[{"count":1,"href":"https:\/\/akunq.net\/tr\/index.php?rest_route=\/wp\/v2\/posts\/67167\/revisions"}],"predecessor-version":[{"id":67169,"href":"https:\/\/akunq.net\/tr\/index.php?rest_route=\/wp\/v2\/posts\/67167\/revisions\/67169"}],"wp:featuredmedia":[{"embeddable":true,"href":"https:\/\/akunq.net\/tr\/index.php?rest_route=\/wp\/v2\/media\/67168"}],"wp:attachment":[{"href":"https:\/\/akunq.net\/tr\/index.php?rest_route=%2Fwp%2Fv2%2Fmedia&parent=67167"}],"wp:term":[{"taxonomy":"category","embeddable":true,"href":"https:\/\/akunq.net\/tr\/index.php?rest_route=%2Fwp%2Fv2%2Fcategories&post=67167"},{"taxonomy":"post_tag","embeddable":true,"href":"https:\/\/akunq.net\/tr\/index.php?rest_route=%2Fwp%2Fv2%2Ftags&post=67167"}],"curies":[{"name":"wp","href":"https:\/\/api.w.org\/{rel}","templated":true}]}}