{"id":67163,"date":"2022-02-21T02:33:37","date_gmt":"2022-02-21T07:33:37","guid":{"rendered":"https:\/\/akunq.net\/tr\/?p=67163"},"modified":"2022-02-21T02:33:37","modified_gmt":"2022-02-21T07:33:37","slug":"diyarbakirda-anadilde-egitim-talep-edildi","status":"publish","type":"post","link":"https:\/\/akunq.net\/tr\/?p=67163","title":{"rendered":"Diyarbak\u0131r\u2019da anadilde e\u011fitim talep edildi"},"content":{"rendered":"<p><img loading=\"lazy\" decoding=\"async\" class=\"aligncenter size-medium wp-image-67164\" src=\"https:\/\/akunq.net\/tr\/wp-content\/uploads\/2022\/02\/anadil-360x203.jpg\" alt=\"\" width=\"360\" height=\"203\" srcset=\"https:\/\/akunq.net\/tr\/wp-content\/uploads\/sites\/6\/2022\/02\/anadil-360x203.jpg 360w, https:\/\/akunq.net\/tr\/wp-content\/uploads\/sites\/6\/2022\/02\/anadil-768x432.jpg 768w, https:\/\/akunq.net\/tr\/wp-content\/uploads\/sites\/6\/2022\/02\/anadil-560x315.jpg 560w, https:\/\/akunq.net\/tr\/wp-content\/uploads\/sites\/6\/2022\/02\/anadil-260x146.jpg 260w, https:\/\/akunq.net\/tr\/wp-content\/uploads\/sites\/6\/2022\/02\/anadil-160x90.jpg 160w, https:\/\/akunq.net\/tr\/wp-content\/uploads\/sites\/6\/2022\/02\/anadil.jpg 1280w\" sizes=\"auto, (max-width: 360px) 100vw, 360px\" \/><\/p>\n<p><em><strong>Amed Emek ve Demokrasi Platformu, ba\u015fta e\u011fitim alan\u0131 olmak \u00fczere b\u00fct\u00fcn kamu kurum ve kurulu\u015flar\u0131nda, sa\u011fl\u0131kta ve belediyelerde anadilin \u00f6n\u00fcn\u00fcn a\u00e7\u0131lmas\u0131n\u0131 istedi.<\/strong><\/em><\/p>\n<p>D\u0130YARBAKIR \u2013 Amed Emek ve Demokrasi Platformu, 21 \u015eubat\u2019\u0131n D\u00fcnya Anadil G\u00fcn\u00fc dolay\u0131s\u0131yla Da\u011fkap\u0131 Meydan\u0131\u2019nda a\u00e7\u0131klama yapt\u0131. HDP milletvekilleri \u0130mam Ta\u015f\u00e7\u0131er, Remziye Tosun, \u0130l E\u015fba\u015fkanlar\u0131 Zeyyat Ceylan ve G\u00fclistan Atasoy, DEVA \u0130l Ba\u015fkan\u0131 Cihan \u00dclsen\u2019in de kat\u0131ld\u0131\u011f\u0131 a\u00e7\u0131klama K\u00fcrt\u00e7enin Kurmanci ve Kirmanck\u00ee leh\u00e7elerinde yap\u0131ld\u0131. A\u00e7\u0131klamay\u0131, E\u011fitim ve Bilim Emek\u00e7ileri Sendikas\u0131 (E\u011fitim Sen) Diyarbak\u0131r 2 No\u2019lu \u015eubesi y\u00f6neticileri Fezih Zirek ve Semra Birtane okudu.<\/p>\n<p><strong>A\u00e7\u0131klamaya kat\u0131lanlar ellerinde K\u00fcrt\u00e7enin her iki leh\u00e7esinde yaz\u0131lm\u0131\u015f \u201cAnadilde e\u011fitim b\u00fct\u00fcn halklar\u0131n hakk\u0131d\u0131r\u201d, \u201c21 \u015eubat Anadil G\u00fcn\u00fc kutlu olsun\u201d pankartlar\u0131 ve d\u00f6vizler ta\u015f\u0131d\u0131.<\/strong><\/p>\n<p><strong>\u2018HALKIN K\u0130ML\u0130\u011e\u0130N\u0130 D\u0130L BEL\u0130RL\u0130YOR\u2019<\/strong><\/p>\n<p>A\u00e7\u0131klamada konu\u015fan Fesih Zirek, dilin halklar\u0131n kimli\u011fini olu\u015fturdu\u011funu s\u00f6yledi. 21 \u015eubat\u2019\u0131 D\u00fcnya Anadil G\u00fcn\u00fc ilan eden UNESCO\u2019nun verilerine g\u00f6re, d\u00fcnya \u00fczerinde 7 bin yerel dilden g\u00fcn\u00fcm\u00fczde ancak 5 bin tanesinin konu\u015fuldu\u011fu bilgisini payla\u015fan Zirek, T\u00fcrkiye\u2019de 18 dilin yok olmakta ya da yok olma tehlikesiyle kar\u015f\u0131 kar\u015f\u0131ya oldu\u011funa dikkat \u00e7ekti.<\/p>\n<p>UNESCO\u2019ya g\u00f6re \u00e7ocuklar aras\u0131nda konu\u015fulmayan dilin \u201c\u00f6l\u00fc dil\u201d say\u0131ld\u0131\u011f\u0131n\u0131 vurgulayan Zirek, evde ve \u00e7evrede, toplumda konu\u015fulan dilin her ne kadar e\u011fitim dili olmasa da anadil kabul edildi\u011fini kaydetti. Zirek, \u201cUlus olma yolundaki bir toplumun b\u00fct\u00fcn i\u015f ve ili\u015fkilerinde kulland\u0131klar\u0131 dil, o toplumun anadilidir. Anadilinden farkl\u0131 olarak \u00f6\u011frenilen ve ileti\u015fimde kullan\u0131lan diller anadil gibi de\u011fildir. BM \u00c7ocuk Haklar\u0131 S\u00f6zle\u015fmesi\u2019nde anadilde e\u011fitim bireyin temel hakk\u0131 olarak kabul edilmekte ve anadilde e\u011fitim hakk\u0131n\u0131n engellenmesi de en b\u00fcy\u00fck insan haklar\u0131 ihlallerinden biri olarak g\u00f6r\u00fclmektedir\u201d diye konu\u015ftu.<\/p>\n<p><strong>\u2018D\u0130L YASAKLARI \u00c7OCUKLARI ETK\u0130L\u0130YOR\u2019<\/strong><\/p>\n<p>Demokratik ve ekonomik ilerlemenin, bir toplumun ekonomik ve sosyal kalk\u0131nmas\u0131 i\u00e7in k\u00fclt\u00fcrel ve dilsel imk\u00e2nlar\u0131n \u00f6n\u00fcn\u00fcn a\u00e7\u0131lmas\u0131yla ger\u00e7ekle\u015fece\u011fini belirten Zirek, \u015funlar\u0131 s\u00f6yledi: \u201c\u00dclkemizde \u00f6zellikle anadili K\u00fcrt\u00e7e, Arap\u00e7a, Lazca, Ermenice, Hem\u015fince, \u00c7e\u00e7ence, S\u00fcryanice ve benzeri olan \u00e7ocuklar, dillerini unutmakta ve \u00f6\u011frenememekteler. B\u00f6yle bir iklimde 21 \u015eubat D\u00fcnya Anadil G\u00fcn\u00fc\u2019n\u00fc kutlamaktay\u0131z. Yasaklanan bu diller herkesten \u00e7ok \u00e7ocuklar\u0131 etkilemektedir.\u201d<\/p>\n<p>Anadilin \u00e7ocuklar\u0131n bilimsel, pedagojik ve insanc\u0131l e\u011fitimi a\u00e7\u0131s\u0131ndan \u00f6nemini vurgulayan Zirek, \u201cBu temel haktan \u00e7ocuklar\u0131 mahrum b\u0131rakmak olumsuz sonu\u00e7lar do\u011furaca\u011f\u0131 gibi, onlar\u0131n ya\u015famlar\u0131nda da k\u00f6t\u00fc etkiler b\u0131rakacakt\u0131r\u201d dedi.<\/p>\n<p>Zirek, K\u00fcrt \u00e7ocuklar\u0131n\u0131n girdikleri s\u0131navlarda ba\u015far\u0131 s\u0131ralamas\u0131nda sonlarda yer almas\u0131n\u0131n anadilde e\u011fitim alamamalar\u0131ndan kaynaklad\u0131\u011f\u0131n\u0131n alt\u0131n\u0131 \u00e7izerek, \u201cBu halklar\u0131n kaderi de\u011fildir, elbette de\u011fi\u015fecektir. Anadolu ve Mezopotamya topraklar\u0131 tarihsel olarak bir\u00e7ok k\u00fclt\u00fcre, dile ve medeniyete be\u015fiklik yapm\u0131\u015ft\u0131r. Fakat y\u00fczy\u0131llard\u0131r anadil \u00fczerinde y\u00fcr\u00fct\u00fclen politikalar y\u00fcz\u00fcnden bu topraklar \u00e7\u00f6lle\u015fmeye do\u011fru gitmektedir. Anadilde e\u011fitim talebi \u0131rk\u00e7\u0131l\u0131\u011f\u0131n sald\u0131r\u0131s\u0131na maruz kalmaktad\u0131r. Anadilde e\u011fitime kar\u015f\u0131 gelmek, bilime kar\u015f\u0131 gelmektir. Milyonlar\u0131n bu talebine kar\u015f\u0131l\u0131k \u2018\u00fclke b\u00f6l\u00fcnecek\u2019 sav\u0131n\u0131n bir kar\u015f\u0131l\u0131\u011f\u0131 olmamakla birlikte bu me\u015fru talebin hi\u00e7bir tehlikesi yoktur\u201d ifadesini kulland\u0131.<\/p>\n<p><strong>\u2018ALDATICI B\u0130R KA\u00c7 ADIMLA \u00c7\u00d6Z\u00dcLMEZ\u2019<\/strong><\/p>\n<p>Anadilde e\u011fitim istediklerini s\u00f6yleyen Zirek, \u015f\u00f6yle konu\u015ftu: \u201cYasak\u00e7\u0131 ve asimilasyoncu politikalar\u0131n\u0131zdan vazge\u00e7in. Hem pedagojik hem de politik iste\u011fimiz anadilde e\u011fitim olmas\u0131 ve her halk\u0131n kendi anadiliyle e\u011fitim almas\u0131d\u0131r. Birka\u00e7 aldat\u0131c\u0131 ad\u0131mla bu sorun \u00e7\u00f6z\u00fclmez. Sadece e\u011fitim dilinin de\u011fil, b\u00fct\u00fcn kurum ve kurulu\u015flarda; sa\u011fl\u0131kta, belediyelerde anadilin \u00f6n\u00fcn\u00fcn a\u00e7\u0131lmas\u0131 gerekiyor. T\u00fcm kamu hizmetlerinin ana dilde verilmesinin m\u00fccadelemizin \u00f6z\u00fc oldu\u011funu ve bu m\u00fccadeleye sahip \u00e7\u0131kmaya ve y\u00fckseltmeye devam edece\u011fimizi bir kez daha belirtmek isteriz.\u201d<\/p>\n<p>K\u00fcrt kamuoyuna da seslenen Zirek, \u015funlar\u0131 s\u00f6yledi: \u201cHer ne kadar K\u00fcrt\u00e7enin ya\u015famas\u0131 anadil e\u011fitimine ba\u011fl\u0131 olsa da toplumun diline sahip \u00e7\u0131kmas\u0131 gerekiyor. Di\u011fer taraftan elbette biliyoruz ki bu sadece ki\u015filer ve kurumlarla olmaz. Sahiplenme de dili \u00f6lmekten kurtaran bir durumdur ve dili konu\u015farak ve kullanarak ya\u015fatabiliriz. Bu istek ve dileklerle b\u00fct\u00fcn halklar\u0131n D\u00fcnya Anadil G\u00fcn\u00fc\u2019n\u00fc kutluyor ve bug\u00fcn\u00fcn b\u00fct\u00fcn halklarda bir dil bilinci yaratmas\u0131n\u0131 umut ediyoruz. Dilimizi seviyoruz, bu y\u00fczden K\u00fcrt\u00e7e konu\u015fal\u0131m, okuyal\u0131m ve yazal\u0131m.\u201d\u00a0 )<\/p>\n<hr \/>\n<p><em><strong><a href=\"https:\/\/www.gazeteduvar.com.tr\/diyarbakirda-anadilde-egitim-talep-edildi-haber-1553907\" target=\"_blank\" rel=\"noopener noreferrer\">Gazete Duvar<\/a><\/strong><\/em><\/p>\n","protected":false},"excerpt":{"rendered":"<p>Amed Emek ve Demokrasi Platformu, ba\u015fta e\u011fitim alan\u0131 olmak \u00fczere b\u00fct\u00fcn kamu kurum ve kurulu\u015flar\u0131nda, sa\u011fl\u0131kta ve belediyelerde anadilin \u00f6n\u00fcn\u00fcn a\u00e7\u0131lmas\u0131n\u0131 istedi. D\u0130YARBAKIR \u2013 Amed Emek ve Demokrasi Platformu, 21 \u015eubat\u2019\u0131n D\u00fcnya Anadil G\u00fcn\u00fc dolay\u0131s\u0131yla Da\u011fkap\u0131 Meydan\u0131\u2019nda a\u00e7\u0131klama yapt\u0131. HDP milletvekilleri \u0130mam Ta\u015f\u00e7\u0131er, Remziye Tosun, \u0130l E\u015fba\u015fkanlar\u0131 Zeyyat Ceylan ve G\u00fclistan Atasoy, DEVA \u0130l Ba\u015fkan\u0131 [&hellip;]<\/p>\n","protected":false},"author":7,"featured_media":67164,"comment_status":"open","ping_status":"open","sticky":false,"template":"","format":"standard","meta":{"footnotes":""},"categories":[1],"tags":[],"class_list":["post-67163","post","type-post","status-publish","format-standard","has-post-thumbnail","hentry","category-haberler"],"yoast_head":"<!-- This site is optimized with the Yoast SEO plugin v27.4 - https:\/\/yoast.com\/product\/yoast-seo-wordpress\/ -->\n<title>Diyarbak\u0131r\u2019da anadilde e\u011fitim talep edildi - Bati Ermenistan Ve Bati Ermenileri Sorunlari Ara\u015ftirmalar Merkezi<\/title>\n<meta name=\"robots\" content=\"index, follow, max-snippet:-1, max-image-preview:large, max-video-preview:-1\" \/>\n<link rel=\"canonical\" href=\"https:\/\/akunq.net\/tr\/?p=67163\" \/>\n<meta property=\"og:locale\" content=\"en_US\" \/>\n<meta property=\"og:type\" content=\"article\" \/>\n<meta property=\"og:title\" content=\"Diyarbak\u0131r\u2019da anadilde e\u011fitim talep edildi - Bati Ermenistan Ve Bati Ermenileri Sorunlari Ara\u015ftirmalar Merkezi\" \/>\n<meta property=\"og:description\" content=\"Amed Emek ve Demokrasi Platformu, ba\u015fta e\u011fitim alan\u0131 olmak \u00fczere b\u00fct\u00fcn kamu kurum ve kurulu\u015flar\u0131nda, sa\u011fl\u0131kta ve belediyelerde anadilin \u00f6n\u00fcn\u00fcn a\u00e7\u0131lmas\u0131n\u0131 istedi. D\u0130YARBAKIR \u2013 Amed Emek ve Demokrasi Platformu, 21 \u015eubat\u2019\u0131n D\u00fcnya Anadil G\u00fcn\u00fc dolay\u0131s\u0131yla Da\u011fkap\u0131 Meydan\u0131\u2019nda a\u00e7\u0131klama yapt\u0131. HDP milletvekilleri \u0130mam Ta\u015f\u00e7\u0131er, Remziye Tosun, \u0130l E\u015fba\u015fkanlar\u0131 Zeyyat Ceylan ve G\u00fclistan Atasoy, DEVA \u0130l Ba\u015fkan\u0131 [&hellip;]\" \/>\n<meta property=\"og:url\" content=\"https:\/\/akunq.net\/tr\/?p=67163\" \/>\n<meta property=\"og:site_name\" content=\"Bati Ermenistan Ve Bati Ermenileri Sorunlari Ara\u015ftirmalar Merkezi\" \/>\n<meta property=\"article:published_time\" content=\"2022-02-21T07:33:37+00:00\" \/>\n<meta property=\"og:image\" content=\"https:\/\/akunq.net\/tr\/wp-content\/uploads\/sites\/6\/2022\/02\/anadil.jpg\" \/>\n\t<meta property=\"og:image:width\" content=\"1280\" \/>\n\t<meta property=\"og:image:height\" content=\"720\" \/>\n\t<meta property=\"og:image:type\" content=\"image\/jpeg\" \/>\n<meta name=\"author\" content=\"admin\" \/>\n<meta name=\"twitter:card\" content=\"summary_large_image\" \/>\n<meta name=\"twitter:label1\" content=\"Written by\" \/>\n\t<meta name=\"twitter:data1\" content=\"admin\" \/>\n\t<meta name=\"twitter:label2\" content=\"Est. reading time\" \/>\n\t<meta name=\"twitter:data2\" content=\"4 minutes\" \/>\n<script type=\"application\/ld+json\" class=\"yoast-schema-graph\">{\"@context\":\"https:\\\/\\\/schema.org\",\"@graph\":[{\"@type\":\"Article\",\"@id\":\"https:\\\/\\\/akunq.net\\\/tr\\\/?p=67163#article\",\"isPartOf\":{\"@id\":\"https:\\\/\\\/akunq.net\\\/tr\\\/?p=67163\"},\"author\":{\"name\":\"admin\",\"@id\":\"https:\\\/\\\/akunq.net\\\/tr\\\/#\\\/schema\\\/person\\\/096f1d38a12cce57fb855b485ed24c9e\"},\"headline\":\"Diyarbak\u0131r\u2019da anadilde e\u011fitim talep edildi\",\"datePublished\":\"2022-02-21T07:33:37+00:00\",\"mainEntityOfPage\":{\"@id\":\"https:\\\/\\\/akunq.net\\\/tr\\\/?p=67163\"},\"wordCount\":829,\"commentCount\":0,\"image\":{\"@id\":\"https:\\\/\\\/akunq.net\\\/tr\\\/?p=67163#primaryimage\"},\"thumbnailUrl\":\"https:\\\/\\\/akunq.net\\\/tr\\\/wp-content\\\/uploads\\\/sites\\\/6\\\/2022\\\/02\\\/anadil.jpg\",\"articleSection\":[\"Haberler\"],\"inLanguage\":\"en-US\",\"potentialAction\":[{\"@type\":\"CommentAction\",\"name\":\"Comment\",\"target\":[\"https:\\\/\\\/akunq.net\\\/tr\\\/?p=67163#respond\"]}]},{\"@type\":\"WebPage\",\"@id\":\"https:\\\/\\\/akunq.net\\\/tr\\\/?p=67163\",\"url\":\"https:\\\/\\\/akunq.net\\\/tr\\\/?p=67163\",\"name\":\"Diyarbak\u0131r\u2019da anadilde e\u011fitim talep edildi - Bati Ermenistan Ve Bati Ermenileri Sorunlari Ara\u015ftirmalar Merkezi\",\"isPartOf\":{\"@id\":\"https:\\\/\\\/akunq.net\\\/tr\\\/#website\"},\"primaryImageOfPage\":{\"@id\":\"https:\\\/\\\/akunq.net\\\/tr\\\/?p=67163#primaryimage\"},\"image\":{\"@id\":\"https:\\\/\\\/akunq.net\\\/tr\\\/?p=67163#primaryimage\"},\"thumbnailUrl\":\"https:\\\/\\\/akunq.net\\\/tr\\\/wp-content\\\/uploads\\\/sites\\\/6\\\/2022\\\/02\\\/anadil.jpg\",\"datePublished\":\"2022-02-21T07:33:37+00:00\",\"author\":{\"@id\":\"https:\\\/\\\/akunq.net\\\/tr\\\/#\\\/schema\\\/person\\\/096f1d38a12cce57fb855b485ed24c9e\"},\"breadcrumb\":{\"@id\":\"https:\\\/\\\/akunq.net\\\/tr\\\/?p=67163#breadcrumb\"},\"inLanguage\":\"en-US\",\"potentialAction\":[{\"@type\":\"ReadAction\",\"target\":[\"https:\\\/\\\/akunq.net\\\/tr\\\/?p=67163\"]}]},{\"@type\":\"ImageObject\",\"inLanguage\":\"en-US\",\"@id\":\"https:\\\/\\\/akunq.net\\\/tr\\\/?p=67163#primaryimage\",\"url\":\"https:\\\/\\\/akunq.net\\\/tr\\\/wp-content\\\/uploads\\\/sites\\\/6\\\/2022\\\/02\\\/anadil.jpg\",\"contentUrl\":\"https:\\\/\\\/akunq.net\\\/tr\\\/wp-content\\\/uploads\\\/sites\\\/6\\\/2022\\\/02\\\/anadil.jpg\",\"width\":1280,\"height\":720},{\"@type\":\"BreadcrumbList\",\"@id\":\"https:\\\/\\\/akunq.net\\\/tr\\\/?p=67163#breadcrumb\",\"itemListElement\":[{\"@type\":\"ListItem\",\"position\":1,\"name\":\"Home\",\"item\":\"https:\\\/\\\/akunq.net\\\/tr\"},{\"@type\":\"ListItem\",\"position\":2,\"name\":\"Diyarbak\u0131r\u2019da anadilde e\u011fitim talep edildi\"}]},{\"@type\":\"WebSite\",\"@id\":\"https:\\\/\\\/akunq.net\\\/tr\\\/#website\",\"url\":\"https:\\\/\\\/akunq.net\\\/tr\\\/\",\"name\":\"Bati Ermenistan Ve Bati Ermenileri Sorunlari Ara\u015ftirmalar Merkezi\",\"description\":\"\",\"potentialAction\":[{\"@type\":\"SearchAction\",\"target\":{\"@type\":\"EntryPoint\",\"urlTemplate\":\"https:\\\/\\\/akunq.net\\\/tr\\\/?s={search_term_string}\"},\"query-input\":{\"@type\":\"PropertyValueSpecification\",\"valueRequired\":true,\"valueName\":\"search_term_string\"}}],\"inLanguage\":\"en-US\"},{\"@type\":\"Person\",\"@id\":\"https:\\\/\\\/akunq.net\\\/tr\\\/#\\\/schema\\\/person\\\/096f1d38a12cce57fb855b485ed24c9e\",\"name\":\"admin\",\"url\":\"https:\\\/\\\/akunq.net\\\/tr\\\/?author=7\"}]}<\/script>\n<!-- \/ Yoast SEO plugin. -->","yoast_head_json":{"title":"Diyarbak\u0131r\u2019da anadilde e\u011fitim talep edildi - Bati Ermenistan Ve Bati Ermenileri Sorunlari Ara\u015ftirmalar Merkezi","robots":{"index":"index","follow":"follow","max-snippet":"max-snippet:-1","max-image-preview":"max-image-preview:large","max-video-preview":"max-video-preview:-1"},"canonical":"https:\/\/akunq.net\/tr\/?p=67163","og_locale":"en_US","og_type":"article","og_title":"Diyarbak\u0131r\u2019da anadilde e\u011fitim talep edildi - Bati Ermenistan Ve Bati Ermenileri Sorunlari Ara\u015ftirmalar Merkezi","og_description":"Amed Emek ve Demokrasi Platformu, ba\u015fta e\u011fitim alan\u0131 olmak \u00fczere b\u00fct\u00fcn kamu kurum ve kurulu\u015flar\u0131nda, sa\u011fl\u0131kta ve belediyelerde anadilin \u00f6n\u00fcn\u00fcn a\u00e7\u0131lmas\u0131n\u0131 istedi. D\u0130YARBAKIR \u2013 Amed Emek ve Demokrasi Platformu, 21 \u015eubat\u2019\u0131n D\u00fcnya Anadil G\u00fcn\u00fc dolay\u0131s\u0131yla Da\u011fkap\u0131 Meydan\u0131\u2019nda a\u00e7\u0131klama yapt\u0131. HDP milletvekilleri \u0130mam Ta\u015f\u00e7\u0131er, Remziye Tosun, \u0130l E\u015fba\u015fkanlar\u0131 Zeyyat Ceylan ve G\u00fclistan Atasoy, DEVA \u0130l Ba\u015fkan\u0131 [&hellip;]","og_url":"https:\/\/akunq.net\/tr\/?p=67163","og_site_name":"Bati Ermenistan Ve Bati Ermenileri Sorunlari Ara\u015ftirmalar Merkezi","article_published_time":"2022-02-21T07:33:37+00:00","og_image":[{"width":1280,"height":720,"url":"https:\/\/akunq.net\/tr\/wp-content\/uploads\/sites\/6\/2022\/02\/anadil.jpg","type":"image\/jpeg"}],"author":"admin","twitter_card":"summary_large_image","twitter_misc":{"Written by":"admin","Est. reading time":"4 minutes"},"schema":{"@context":"https:\/\/schema.org","@graph":[{"@type":"Article","@id":"https:\/\/akunq.net\/tr\/?p=67163#article","isPartOf":{"@id":"https:\/\/akunq.net\/tr\/?p=67163"},"author":{"name":"admin","@id":"https:\/\/akunq.net\/tr\/#\/schema\/person\/096f1d38a12cce57fb855b485ed24c9e"},"headline":"Diyarbak\u0131r\u2019da anadilde e\u011fitim talep edildi","datePublished":"2022-02-21T07:33:37+00:00","mainEntityOfPage":{"@id":"https:\/\/akunq.net\/tr\/?p=67163"},"wordCount":829,"commentCount":0,"image":{"@id":"https:\/\/akunq.net\/tr\/?p=67163#primaryimage"},"thumbnailUrl":"https:\/\/akunq.net\/tr\/wp-content\/uploads\/sites\/6\/2022\/02\/anadil.jpg","articleSection":["Haberler"],"inLanguage":"en-US","potentialAction":[{"@type":"CommentAction","name":"Comment","target":["https:\/\/akunq.net\/tr\/?p=67163#respond"]}]},{"@type":"WebPage","@id":"https:\/\/akunq.net\/tr\/?p=67163","url":"https:\/\/akunq.net\/tr\/?p=67163","name":"Diyarbak\u0131r\u2019da anadilde e\u011fitim talep edildi - Bati Ermenistan Ve Bati Ermenileri Sorunlari Ara\u015ftirmalar Merkezi","isPartOf":{"@id":"https:\/\/akunq.net\/tr\/#website"},"primaryImageOfPage":{"@id":"https:\/\/akunq.net\/tr\/?p=67163#primaryimage"},"image":{"@id":"https:\/\/akunq.net\/tr\/?p=67163#primaryimage"},"thumbnailUrl":"https:\/\/akunq.net\/tr\/wp-content\/uploads\/sites\/6\/2022\/02\/anadil.jpg","datePublished":"2022-02-21T07:33:37+00:00","author":{"@id":"https:\/\/akunq.net\/tr\/#\/schema\/person\/096f1d38a12cce57fb855b485ed24c9e"},"breadcrumb":{"@id":"https:\/\/akunq.net\/tr\/?p=67163#breadcrumb"},"inLanguage":"en-US","potentialAction":[{"@type":"ReadAction","target":["https:\/\/akunq.net\/tr\/?p=67163"]}]},{"@type":"ImageObject","inLanguage":"en-US","@id":"https:\/\/akunq.net\/tr\/?p=67163#primaryimage","url":"https:\/\/akunq.net\/tr\/wp-content\/uploads\/sites\/6\/2022\/02\/anadil.jpg","contentUrl":"https:\/\/akunq.net\/tr\/wp-content\/uploads\/sites\/6\/2022\/02\/anadil.jpg","width":1280,"height":720},{"@type":"BreadcrumbList","@id":"https:\/\/akunq.net\/tr\/?p=67163#breadcrumb","itemListElement":[{"@type":"ListItem","position":1,"name":"Home","item":"https:\/\/akunq.net\/tr"},{"@type":"ListItem","position":2,"name":"Diyarbak\u0131r\u2019da anadilde e\u011fitim talep edildi"}]},{"@type":"WebSite","@id":"https:\/\/akunq.net\/tr\/#website","url":"https:\/\/akunq.net\/tr\/","name":"Bati Ermenistan Ve Bati Ermenileri Sorunlari Ara\u015ftirmalar Merkezi","description":"","potentialAction":[{"@type":"SearchAction","target":{"@type":"EntryPoint","urlTemplate":"https:\/\/akunq.net\/tr\/?s={search_term_string}"},"query-input":{"@type":"PropertyValueSpecification","valueRequired":true,"valueName":"search_term_string"}}],"inLanguage":"en-US"},{"@type":"Person","@id":"https:\/\/akunq.net\/tr\/#\/schema\/person\/096f1d38a12cce57fb855b485ed24c9e","name":"admin","url":"https:\/\/akunq.net\/tr\/?author=7"}]}},"_links":{"self":[{"href":"https:\/\/akunq.net\/tr\/index.php?rest_route=\/wp\/v2\/posts\/67163","targetHints":{"allow":["GET"]}}],"collection":[{"href":"https:\/\/akunq.net\/tr\/index.php?rest_route=\/wp\/v2\/posts"}],"about":[{"href":"https:\/\/akunq.net\/tr\/index.php?rest_route=\/wp\/v2\/types\/post"}],"author":[{"embeddable":true,"href":"https:\/\/akunq.net\/tr\/index.php?rest_route=\/wp\/v2\/users\/7"}],"replies":[{"embeddable":true,"href":"https:\/\/akunq.net\/tr\/index.php?rest_route=%2Fwp%2Fv2%2Fcomments&post=67163"}],"version-history":[{"count":1,"href":"https:\/\/akunq.net\/tr\/index.php?rest_route=\/wp\/v2\/posts\/67163\/revisions"}],"predecessor-version":[{"id":67165,"href":"https:\/\/akunq.net\/tr\/index.php?rest_route=\/wp\/v2\/posts\/67163\/revisions\/67165"}],"wp:featuredmedia":[{"embeddable":true,"href":"https:\/\/akunq.net\/tr\/index.php?rest_route=\/wp\/v2\/media\/67164"}],"wp:attachment":[{"href":"https:\/\/akunq.net\/tr\/index.php?rest_route=%2Fwp%2Fv2%2Fmedia&parent=67163"}],"wp:term":[{"taxonomy":"category","embeddable":true,"href":"https:\/\/akunq.net\/tr\/index.php?rest_route=%2Fwp%2Fv2%2Fcategories&post=67163"},{"taxonomy":"post_tag","embeddable":true,"href":"https:\/\/akunq.net\/tr\/index.php?rest_route=%2Fwp%2Fv2%2Ftags&post=67163"}],"curies":[{"name":"wp","href":"https:\/\/api.w.org\/{rel}","templated":true}]}}