{"id":67149,"date":"2022-02-18T02:39:17","date_gmt":"2022-02-18T07:39:17","guid":{"rendered":"https:\/\/akunq.net\/tr\/?p=67149"},"modified":"2022-02-18T02:39:17","modified_gmt":"2022-02-18T07:39:17","slug":"bizans-kiliclari-icin-turk-yunan-isbirligi","status":"publish","type":"post","link":"https:\/\/akunq.net\/tr\/?p=67149","title":{"rendered":"Bizans k\u0131l\u0131\u00e7lar\u0131 i\u00e7in T\u00fcrk\u2013Yunan i\u015fbirli\u011fi"},"content":{"rendered":"<p><img loading=\"lazy\" decoding=\"async\" class=\"aligncenter size-medium wp-image-67150\" src=\"https:\/\/akunq.net\/tr\/wp-content\/uploads\/2022\/02\/Bizans-k\u0131l\u0131\u00e7lar\u0131-360x202.jpg\" alt=\"\" width=\"360\" height=\"202\" srcset=\"https:\/\/akunq.net\/tr\/wp-content\/uploads\/sites\/6\/2022\/02\/Bizans-k\u0131l\u0131\u00e7lar\u0131-360x202.jpg 360w, https:\/\/akunq.net\/tr\/wp-content\/uploads\/sites\/6\/2022\/02\/Bizans-k\u0131l\u0131\u00e7lar\u0131-560x315.jpg 560w, https:\/\/akunq.net\/tr\/wp-content\/uploads\/sites\/6\/2022\/02\/Bizans-k\u0131l\u0131\u00e7lar\u0131-260x146.jpg 260w, https:\/\/akunq.net\/tr\/wp-content\/uploads\/sites\/6\/2022\/02\/Bizans-k\u0131l\u0131\u00e7lar\u0131-160x90.jpg 160w, https:\/\/akunq.net\/tr\/wp-content\/uploads\/sites\/6\/2022\/02\/Bizans-k\u0131l\u0131\u00e7lar\u0131.jpg 730w\" sizes=\"auto, (max-width: 360px) 100vw, 360px\" \/><\/p>\n<p><em><strong>T\u00fcrkiye ve Yunanistan\u2019dan ba\u011f\u0131ms\u0131z ara\u015ft\u0131rmac\u0131lar Zeliha Demirel-G\u00f6kalp ve Errikos Maniotis, Afyonkarahisar\u2019da bulunan Amorium Antik Kenti\u2019nde Bizans \u0130mparatorlu\u011fu\u2019na ait iki nadir \u00e7elik k\u0131l\u0131ca y\u00f6nelik yeni bilgilere ula\u015ft\u0131.<\/strong><\/em><\/p>\n<p>Ke\u015ffedilen k\u0131l\u0131\u00e7lar \u00fczerinde \u00e7al\u0131\u015fmalar yapan T\u00fcrk ve Yunan ara\u015ft\u0131rmac\u0131lar, bir kilisede bulunan k\u0131l\u0131\u00e7lardan birinin, sava\u015f amac\u0131yla de\u011fil, adak olarak kiliseye yerle\u015ftirilmi\u015f olabilece\u011fini d\u00fc\u015f\u00fcn\u00fcyor. Di\u011fer k\u0131l\u0131c\u0131n iki taraf\u0131n\u0131n da keskin oldu\u011fu belirtilirken, Bizans\u2019ta nadir g\u00f6r\u00fclen \u015fekilde her iki k\u0131l\u0131c\u0131n da halka kulplu olmas\u0131n\u0131n dikkat \u00e7ekici oldu\u011fu kaydediliyor. Her iki k\u0131l\u0131c\u0131n, 10. ve 11. Y\u00fczy\u0131llara ait Bizans k\u0131l\u0131\u00e7lar\u0131 oldu\u011fu da aktar\u0131ld\u0131.<\/p>\n<hr \/>\n<p><em><strong><a href=\"https:\/\/www.milliyet.com.tr\/dunya\/bizans-kiliclari-icin-turk-yunan-isbirligi-6701704\" target=\"_blank\" rel=\"noopener noreferrer\">Milliyet Gazetesi<\/a>\u00a0<\/strong><\/em><\/p>\n","protected":false},"excerpt":{"rendered":"<p>T\u00fcrkiye ve Yunanistan\u2019dan ba\u011f\u0131ms\u0131z ara\u015ft\u0131rmac\u0131lar Zeliha Demirel-G\u00f6kalp ve Errikos Maniotis, Afyonkarahisar\u2019da bulunan Amorium Antik Kenti\u2019nde Bizans \u0130mparatorlu\u011fu\u2019na ait iki nadir \u00e7elik k\u0131l\u0131ca y\u00f6nelik yeni bilgilere ula\u015ft\u0131. Ke\u015ffedilen k\u0131l\u0131\u00e7lar \u00fczerinde \u00e7al\u0131\u015fmalar yapan T\u00fcrk ve Yunan ara\u015ft\u0131rmac\u0131lar, bir kilisede bulunan k\u0131l\u0131\u00e7lardan birinin, sava\u015f amac\u0131yla de\u011fil, adak olarak kiliseye yerle\u015ftirilmi\u015f olabilece\u011fini d\u00fc\u015f\u00fcn\u00fcyor. Di\u011fer k\u0131l\u0131c\u0131n iki taraf\u0131n\u0131n da keskin [&hellip;]<\/p>\n","protected":false},"author":7,"featured_media":67150,"comment_status":"open","ping_status":"open","sticky":false,"template":"","format":"standard","meta":{"footnotes":""},"categories":[1],"tags":[],"class_list":["post-67149","post","type-post","status-publish","format-standard","has-post-thumbnail","hentry","category-haberler"],"yoast_head":"<!-- This site is optimized with the Yoast SEO plugin v27.4 - https:\/\/yoast.com\/product\/yoast-seo-wordpress\/ -->\n<title>Bizans k\u0131l\u0131\u00e7lar\u0131 i\u00e7in T\u00fcrk\u2013Yunan i\u015fbirli\u011fi - Bati Ermenistan Ve Bati Ermenileri Sorunlari Ara\u015ftirmalar Merkezi<\/title>\n<meta name=\"robots\" content=\"index, follow, max-snippet:-1, max-image-preview:large, max-video-preview:-1\" \/>\n<link rel=\"canonical\" href=\"https:\/\/akunq.net\/tr\/?p=67149\" \/>\n<meta property=\"og:locale\" content=\"en_US\" \/>\n<meta property=\"og:type\" content=\"article\" \/>\n<meta property=\"og:title\" content=\"Bizans k\u0131l\u0131\u00e7lar\u0131 i\u00e7in T\u00fcrk\u2013Yunan i\u015fbirli\u011fi - Bati Ermenistan Ve Bati Ermenileri Sorunlari Ara\u015ftirmalar Merkezi\" \/>\n<meta property=\"og:description\" content=\"T\u00fcrkiye ve Yunanistan\u2019dan ba\u011f\u0131ms\u0131z ara\u015ft\u0131rmac\u0131lar Zeliha Demirel-G\u00f6kalp ve Errikos Maniotis, Afyonkarahisar\u2019da bulunan Amorium Antik Kenti\u2019nde Bizans \u0130mparatorlu\u011fu\u2019na ait iki nadir \u00e7elik k\u0131l\u0131ca y\u00f6nelik yeni bilgilere ula\u015ft\u0131. Ke\u015ffedilen k\u0131l\u0131\u00e7lar \u00fczerinde \u00e7al\u0131\u015fmalar yapan T\u00fcrk ve Yunan ara\u015ft\u0131rmac\u0131lar, bir kilisede bulunan k\u0131l\u0131\u00e7lardan birinin, sava\u015f amac\u0131yla de\u011fil, adak olarak kiliseye yerle\u015ftirilmi\u015f olabilece\u011fini d\u00fc\u015f\u00fcn\u00fcyor. Di\u011fer k\u0131l\u0131c\u0131n iki taraf\u0131n\u0131n da keskin [&hellip;]\" \/>\n<meta property=\"og:url\" content=\"https:\/\/akunq.net\/tr\/?p=67149\" \/>\n<meta property=\"og:site_name\" content=\"Bati Ermenistan Ve Bati Ermenileri Sorunlari Ara\u015ftirmalar Merkezi\" \/>\n<meta property=\"article:published_time\" content=\"2022-02-18T07:39:17+00:00\" \/>\n<meta property=\"og:image\" content=\"https:\/\/akunq.net\/tr\/wp-content\/uploads\/sites\/6\/2022\/02\/Bizans-k\u0131l\u0131\u00e7lar\u0131.jpg\" \/>\n\t<meta property=\"og:image:width\" content=\"730\" \/>\n\t<meta property=\"og:image:height\" content=\"410\" \/>\n\t<meta property=\"og:image:type\" content=\"image\/jpeg\" \/>\n<meta name=\"author\" content=\"admin\" \/>\n<meta name=\"twitter:card\" content=\"summary_large_image\" \/>\n<meta name=\"twitter:label1\" content=\"Written by\" \/>\n\t<meta name=\"twitter:data1\" content=\"admin\" \/>\n\t<meta name=\"twitter:label2\" content=\"Est. reading time\" \/>\n\t<meta name=\"twitter:data2\" content=\"1 minute\" \/>\n<script type=\"application\/ld+json\" class=\"yoast-schema-graph\">{\"@context\":\"https:\\\/\\\/schema.org\",\"@graph\":[{\"@type\":\"Article\",\"@id\":\"https:\\\/\\\/akunq.net\\\/tr\\\/?p=67149#article\",\"isPartOf\":{\"@id\":\"https:\\\/\\\/akunq.net\\\/tr\\\/?p=67149\"},\"author\":{\"name\":\"admin\",\"@id\":\"https:\\\/\\\/akunq.net\\\/tr\\\/#\\\/schema\\\/person\\\/096f1d38a12cce57fb855b485ed24c9e\"},\"headline\":\"Bizans k\u0131l\u0131\u00e7lar\u0131 i\u00e7in T\u00fcrk\u2013Yunan i\u015fbirli\u011fi\",\"datePublished\":\"2022-02-18T07:39:17+00:00\",\"mainEntityOfPage\":{\"@id\":\"https:\\\/\\\/akunq.net\\\/tr\\\/?p=67149\"},\"wordCount\":154,\"commentCount\":0,\"image\":{\"@id\":\"https:\\\/\\\/akunq.net\\\/tr\\\/?p=67149#primaryimage\"},\"thumbnailUrl\":\"https:\\\/\\\/akunq.net\\\/tr\\\/wp-content\\\/uploads\\\/sites\\\/6\\\/2022\\\/02\\\/Bizans-k\u0131l\u0131\u00e7lar\u0131.jpg\",\"articleSection\":[\"Haberler\"],\"inLanguage\":\"en-US\",\"potentialAction\":[{\"@type\":\"CommentAction\",\"name\":\"Comment\",\"target\":[\"https:\\\/\\\/akunq.net\\\/tr\\\/?p=67149#respond\"]}]},{\"@type\":\"WebPage\",\"@id\":\"https:\\\/\\\/akunq.net\\\/tr\\\/?p=67149\",\"url\":\"https:\\\/\\\/akunq.net\\\/tr\\\/?p=67149\",\"name\":\"Bizans k\u0131l\u0131\u00e7lar\u0131 i\u00e7in T\u00fcrk\u2013Yunan i\u015fbirli\u011fi - Bati Ermenistan Ve Bati Ermenileri Sorunlari Ara\u015ftirmalar Merkezi\",\"isPartOf\":{\"@id\":\"https:\\\/\\\/akunq.net\\\/tr\\\/#website\"},\"primaryImageOfPage\":{\"@id\":\"https:\\\/\\\/akunq.net\\\/tr\\\/?p=67149#primaryimage\"},\"image\":{\"@id\":\"https:\\\/\\\/akunq.net\\\/tr\\\/?p=67149#primaryimage\"},\"thumbnailUrl\":\"https:\\\/\\\/akunq.net\\\/tr\\\/wp-content\\\/uploads\\\/sites\\\/6\\\/2022\\\/02\\\/Bizans-k\u0131l\u0131\u00e7lar\u0131.jpg\",\"datePublished\":\"2022-02-18T07:39:17+00:00\",\"author\":{\"@id\":\"https:\\\/\\\/akunq.net\\\/tr\\\/#\\\/schema\\\/person\\\/096f1d38a12cce57fb855b485ed24c9e\"},\"breadcrumb\":{\"@id\":\"https:\\\/\\\/akunq.net\\\/tr\\\/?p=67149#breadcrumb\"},\"inLanguage\":\"en-US\",\"potentialAction\":[{\"@type\":\"ReadAction\",\"target\":[\"https:\\\/\\\/akunq.net\\\/tr\\\/?p=67149\"]}]},{\"@type\":\"ImageObject\",\"inLanguage\":\"en-US\",\"@id\":\"https:\\\/\\\/akunq.net\\\/tr\\\/?p=67149#primaryimage\",\"url\":\"https:\\\/\\\/akunq.net\\\/tr\\\/wp-content\\\/uploads\\\/sites\\\/6\\\/2022\\\/02\\\/Bizans-k\u0131l\u0131\u00e7lar\u0131.jpg\",\"contentUrl\":\"https:\\\/\\\/akunq.net\\\/tr\\\/wp-content\\\/uploads\\\/sites\\\/6\\\/2022\\\/02\\\/Bizans-k\u0131l\u0131\u00e7lar\u0131.jpg\",\"width\":730,\"height\":410},{\"@type\":\"BreadcrumbList\",\"@id\":\"https:\\\/\\\/akunq.net\\\/tr\\\/?p=67149#breadcrumb\",\"itemListElement\":[{\"@type\":\"ListItem\",\"position\":1,\"name\":\"Home\",\"item\":\"https:\\\/\\\/akunq.net\\\/tr\"},{\"@type\":\"ListItem\",\"position\":2,\"name\":\"Bizans k\u0131l\u0131\u00e7lar\u0131 i\u00e7in T\u00fcrk\u2013Yunan i\u015fbirli\u011fi\"}]},{\"@type\":\"WebSite\",\"@id\":\"https:\\\/\\\/akunq.net\\\/tr\\\/#website\",\"url\":\"https:\\\/\\\/akunq.net\\\/tr\\\/\",\"name\":\"Bati Ermenistan Ve Bati Ermenileri Sorunlari Ara\u015ftirmalar Merkezi\",\"description\":\"\",\"potentialAction\":[{\"@type\":\"SearchAction\",\"target\":{\"@type\":\"EntryPoint\",\"urlTemplate\":\"https:\\\/\\\/akunq.net\\\/tr\\\/?s={search_term_string}\"},\"query-input\":{\"@type\":\"PropertyValueSpecification\",\"valueRequired\":true,\"valueName\":\"search_term_string\"}}],\"inLanguage\":\"en-US\"},{\"@type\":\"Person\",\"@id\":\"https:\\\/\\\/akunq.net\\\/tr\\\/#\\\/schema\\\/person\\\/096f1d38a12cce57fb855b485ed24c9e\",\"name\":\"admin\",\"url\":\"https:\\\/\\\/akunq.net\\\/tr\\\/?author=7\"}]}<\/script>\n<!-- \/ Yoast SEO plugin. -->","yoast_head_json":{"title":"Bizans k\u0131l\u0131\u00e7lar\u0131 i\u00e7in T\u00fcrk\u2013Yunan i\u015fbirli\u011fi - Bati Ermenistan Ve Bati Ermenileri Sorunlari Ara\u015ftirmalar Merkezi","robots":{"index":"index","follow":"follow","max-snippet":"max-snippet:-1","max-image-preview":"max-image-preview:large","max-video-preview":"max-video-preview:-1"},"canonical":"https:\/\/akunq.net\/tr\/?p=67149","og_locale":"en_US","og_type":"article","og_title":"Bizans k\u0131l\u0131\u00e7lar\u0131 i\u00e7in T\u00fcrk\u2013Yunan i\u015fbirli\u011fi - Bati Ermenistan Ve Bati Ermenileri Sorunlari Ara\u015ftirmalar Merkezi","og_description":"T\u00fcrkiye ve Yunanistan\u2019dan ba\u011f\u0131ms\u0131z ara\u015ft\u0131rmac\u0131lar Zeliha Demirel-G\u00f6kalp ve Errikos Maniotis, Afyonkarahisar\u2019da bulunan Amorium Antik Kenti\u2019nde Bizans \u0130mparatorlu\u011fu\u2019na ait iki nadir \u00e7elik k\u0131l\u0131ca y\u00f6nelik yeni bilgilere ula\u015ft\u0131. Ke\u015ffedilen k\u0131l\u0131\u00e7lar \u00fczerinde \u00e7al\u0131\u015fmalar yapan T\u00fcrk ve Yunan ara\u015ft\u0131rmac\u0131lar, bir kilisede bulunan k\u0131l\u0131\u00e7lardan birinin, sava\u015f amac\u0131yla de\u011fil, adak olarak kiliseye yerle\u015ftirilmi\u015f olabilece\u011fini d\u00fc\u015f\u00fcn\u00fcyor. Di\u011fer k\u0131l\u0131c\u0131n iki taraf\u0131n\u0131n da keskin [&hellip;]","og_url":"https:\/\/akunq.net\/tr\/?p=67149","og_site_name":"Bati Ermenistan Ve Bati Ermenileri Sorunlari Ara\u015ftirmalar Merkezi","article_published_time":"2022-02-18T07:39:17+00:00","og_image":[{"width":730,"height":410,"url":"https:\/\/akunq.net\/tr\/wp-content\/uploads\/sites\/6\/2022\/02\/Bizans-k\u0131l\u0131\u00e7lar\u0131.jpg","type":"image\/jpeg"}],"author":"admin","twitter_card":"summary_large_image","twitter_misc":{"Written by":"admin","Est. reading time":"1 minute"},"schema":{"@context":"https:\/\/schema.org","@graph":[{"@type":"Article","@id":"https:\/\/akunq.net\/tr\/?p=67149#article","isPartOf":{"@id":"https:\/\/akunq.net\/tr\/?p=67149"},"author":{"name":"admin","@id":"https:\/\/akunq.net\/tr\/#\/schema\/person\/096f1d38a12cce57fb855b485ed24c9e"},"headline":"Bizans k\u0131l\u0131\u00e7lar\u0131 i\u00e7in T\u00fcrk\u2013Yunan i\u015fbirli\u011fi","datePublished":"2022-02-18T07:39:17+00:00","mainEntityOfPage":{"@id":"https:\/\/akunq.net\/tr\/?p=67149"},"wordCount":154,"commentCount":0,"image":{"@id":"https:\/\/akunq.net\/tr\/?p=67149#primaryimage"},"thumbnailUrl":"https:\/\/akunq.net\/tr\/wp-content\/uploads\/sites\/6\/2022\/02\/Bizans-k\u0131l\u0131\u00e7lar\u0131.jpg","articleSection":["Haberler"],"inLanguage":"en-US","potentialAction":[{"@type":"CommentAction","name":"Comment","target":["https:\/\/akunq.net\/tr\/?p=67149#respond"]}]},{"@type":"WebPage","@id":"https:\/\/akunq.net\/tr\/?p=67149","url":"https:\/\/akunq.net\/tr\/?p=67149","name":"Bizans k\u0131l\u0131\u00e7lar\u0131 i\u00e7in T\u00fcrk\u2013Yunan i\u015fbirli\u011fi - Bati Ermenistan Ve Bati Ermenileri Sorunlari Ara\u015ftirmalar Merkezi","isPartOf":{"@id":"https:\/\/akunq.net\/tr\/#website"},"primaryImageOfPage":{"@id":"https:\/\/akunq.net\/tr\/?p=67149#primaryimage"},"image":{"@id":"https:\/\/akunq.net\/tr\/?p=67149#primaryimage"},"thumbnailUrl":"https:\/\/akunq.net\/tr\/wp-content\/uploads\/sites\/6\/2022\/02\/Bizans-k\u0131l\u0131\u00e7lar\u0131.jpg","datePublished":"2022-02-18T07:39:17+00:00","author":{"@id":"https:\/\/akunq.net\/tr\/#\/schema\/person\/096f1d38a12cce57fb855b485ed24c9e"},"breadcrumb":{"@id":"https:\/\/akunq.net\/tr\/?p=67149#breadcrumb"},"inLanguage":"en-US","potentialAction":[{"@type":"ReadAction","target":["https:\/\/akunq.net\/tr\/?p=67149"]}]},{"@type":"ImageObject","inLanguage":"en-US","@id":"https:\/\/akunq.net\/tr\/?p=67149#primaryimage","url":"https:\/\/akunq.net\/tr\/wp-content\/uploads\/sites\/6\/2022\/02\/Bizans-k\u0131l\u0131\u00e7lar\u0131.jpg","contentUrl":"https:\/\/akunq.net\/tr\/wp-content\/uploads\/sites\/6\/2022\/02\/Bizans-k\u0131l\u0131\u00e7lar\u0131.jpg","width":730,"height":410},{"@type":"BreadcrumbList","@id":"https:\/\/akunq.net\/tr\/?p=67149#breadcrumb","itemListElement":[{"@type":"ListItem","position":1,"name":"Home","item":"https:\/\/akunq.net\/tr"},{"@type":"ListItem","position":2,"name":"Bizans k\u0131l\u0131\u00e7lar\u0131 i\u00e7in T\u00fcrk\u2013Yunan i\u015fbirli\u011fi"}]},{"@type":"WebSite","@id":"https:\/\/akunq.net\/tr\/#website","url":"https:\/\/akunq.net\/tr\/","name":"Bati Ermenistan Ve Bati Ermenileri Sorunlari Ara\u015ftirmalar Merkezi","description":"","potentialAction":[{"@type":"SearchAction","target":{"@type":"EntryPoint","urlTemplate":"https:\/\/akunq.net\/tr\/?s={search_term_string}"},"query-input":{"@type":"PropertyValueSpecification","valueRequired":true,"valueName":"search_term_string"}}],"inLanguage":"en-US"},{"@type":"Person","@id":"https:\/\/akunq.net\/tr\/#\/schema\/person\/096f1d38a12cce57fb855b485ed24c9e","name":"admin","url":"https:\/\/akunq.net\/tr\/?author=7"}]}},"_links":{"self":[{"href":"https:\/\/akunq.net\/tr\/index.php?rest_route=\/wp\/v2\/posts\/67149","targetHints":{"allow":["GET"]}}],"collection":[{"href":"https:\/\/akunq.net\/tr\/index.php?rest_route=\/wp\/v2\/posts"}],"about":[{"href":"https:\/\/akunq.net\/tr\/index.php?rest_route=\/wp\/v2\/types\/post"}],"author":[{"embeddable":true,"href":"https:\/\/akunq.net\/tr\/index.php?rest_route=\/wp\/v2\/users\/7"}],"replies":[{"embeddable":true,"href":"https:\/\/akunq.net\/tr\/index.php?rest_route=%2Fwp%2Fv2%2Fcomments&post=67149"}],"version-history":[{"count":1,"href":"https:\/\/akunq.net\/tr\/index.php?rest_route=\/wp\/v2\/posts\/67149\/revisions"}],"predecessor-version":[{"id":67151,"href":"https:\/\/akunq.net\/tr\/index.php?rest_route=\/wp\/v2\/posts\/67149\/revisions\/67151"}],"wp:featuredmedia":[{"embeddable":true,"href":"https:\/\/akunq.net\/tr\/index.php?rest_route=\/wp\/v2\/media\/67150"}],"wp:attachment":[{"href":"https:\/\/akunq.net\/tr\/index.php?rest_route=%2Fwp%2Fv2%2Fmedia&parent=67149"}],"wp:term":[{"taxonomy":"category","embeddable":true,"href":"https:\/\/akunq.net\/tr\/index.php?rest_route=%2Fwp%2Fv2%2Fcategories&post=67149"},{"taxonomy":"post_tag","embeddable":true,"href":"https:\/\/akunq.net\/tr\/index.php?rest_route=%2Fwp%2Fv2%2Ftags&post=67149"}],"curies":[{"name":"wp","href":"https:\/\/api.w.org\/{rel}","templated":true}]}}