{"id":67143,"date":"2022-02-18T02:23:35","date_gmt":"2022-02-18T07:23:35","guid":{"rendered":"https:\/\/akunq.net\/tr\/?p=67143"},"modified":"2022-02-18T02:23:35","modified_gmt":"2022-02-18T07:23:35","slug":"100-yasinda-bir-delikanli-moris-gabbay","status":"publish","type":"post","link":"https:\/\/akunq.net\/tr\/?p=67143","title":{"rendered":"100 ya\u015f\u0131nda bir delikanl\u0131: Moris Gabbay"},"content":{"rendered":"<p><img loading=\"lazy\" decoding=\"async\" class=\"aligncenter size-medium wp-image-67144\" src=\"https:\/\/akunq.net\/tr\/wp-content\/uploads\/2022\/02\/Moris-Gabbay-360x213.jpg\" alt=\"\" width=\"360\" height=\"213\" srcset=\"https:\/\/akunq.net\/tr\/wp-content\/uploads\/sites\/6\/2022\/02\/Moris-Gabbay-360x213.jpg 360w, https:\/\/akunq.net\/tr\/wp-content\/uploads\/sites\/6\/2022\/02\/Moris-Gabbay-560x332.jpg 560w, https:\/\/akunq.net\/tr\/wp-content\/uploads\/sites\/6\/2022\/02\/Moris-Gabbay-260x154.jpg 260w, https:\/\/akunq.net\/tr\/wp-content\/uploads\/sites\/6\/2022\/02\/Moris-Gabbay-160x95.jpg 160w, https:\/\/akunq.net\/tr\/wp-content\/uploads\/sites\/6\/2022\/02\/Moris-Gabbay.jpg 760w\" sizes=\"auto, (max-width: 360px) 100vw, 360px\" \/><\/p>\n<p><strong>Yazan: Zeynep Oral Kaynak:\u00a0<a href=\"https:\/\/www.cumhuriyet.com.tr\/yazarlar\/zeynep-oral\/100-yasinda-bir-delikanli-moris-gabbay-1908658\">Cumhuriyet<\/a><\/strong><\/p>\n<p><em><strong>Kimi insanlar ya\u015flar\u0131 ka\u00e7 olursa olsun hep ama hep gen\u00e7 kal\u0131rlar.\u00a0Moris Gabbay\u00a0onlardan biri. D\u00fcn N\u00e2z\u0131m Hikmet K\u00fct\u00fcr ve Sanat Vakf\u0131\u2019nda, onun 100. ya\u015f g\u00fcn\u00fcn\u00fc kutlarken onu tan\u0131man\u0131n, y\u0131llard\u0131r onunla birlikte omuz omuza \u00e7al\u0131\u015fman\u0131n onurunu, k\u0131vanc\u0131n\u0131 ya\u015f\u0131yorduk t\u00fcm y\u00f6netim kurulundaki arkada\u015flar. Varl\u0131\u011f\u0131yla, bilgisiyle, birikimleriyle bizi s\u00fcrekli ayd\u0131nlatan, deneyimlerini payla\u015ft\u0131\u011f\u0131nda tad\u0131na\u00a0 doyamad\u0131\u011f\u0131m\u0131z, ayn\u0131 zamanda vakf\u0131m\u0131z\u0131n saymanl\u0131\u011f\u0131n\u0131, muhasebesini \u00fcstlenen bir arkada\u015f\u0131m\u0131z.<\/strong><\/em><\/p>\n<p><img decoding=\"async\" src=\"https:\/\/www.cumhuriyet.com.tr\/Archive\/2022\/2\/17\/065707073-kul-zeynep-oral-rnk.jpg\" width=\"100%\" \/><strong>Moris Gabbay<\/strong><\/p>\n<h3>CUMHUR\u0130YETLE B\u00dcY\u00dcD\u00dc<\/h3>\n<p>Moris Gabbay, Cumhuriyet kurulmadan \u00f6nce do\u011fdu. 27 \u015eubat 1922\u2019de. Ya\u015fam\u0131 ba\u015fka kimseninkine benzemeyen ser\u00fcvenlerle dolu. Ama \u00f6ne \u00e7\u0131kan hep\u00a0\u00a0<em>\u201cinsan olma\u201d<\/em>, vicdan sesine kulak verme, ilkelerinden ideallerinden hi\u00e7 ama hi\u00e7 \u00f6d\u00fcn vermeme, bilgiye, \u00f6\u011frenmeye verdi\u011fi \u00f6nem\u2026 \u0130lkeler deyince onun i\u00e7in en \u00f6nemli de\u011fer, insan\u0131n eme\u011fi ve insan\u0131n onuru!<\/p>\n<div class=\"wp-block-image\">\n<figure class=\"alignright size-full is-resized\"><a href=\"https:\/\/www.avlaremoz.com\/wp-content\/uploads\/2022\/02\/0000000547983-1.jpeg\"><img loading=\"lazy\" decoding=\"async\" class=\"wp-image-20474\" src=\"https:\/\/sp-ao.shortpixel.ai\/client\/to_webp,q_glossy,ret_img,w_254,h_365\/https:\/\/www.avlaremoz.com\/wp-content\/uploads\/2022\/02\/0000000547983-1.jpeg\" sizes=\"auto, (max-width: 254px) 100vw, 254px\" srcset=\"https:\/\/sp-ao.shortpixel.ai\/client\/to_webp,q_glossy,ret_img,w_417\/https:\/\/www.avlaremoz.com\/wp-content\/uploads\/2022\/02\/0000000547983-1.jpeg 417w, https:\/\/sp-ao.shortpixel.ai\/client\/to_webp,q_glossy,ret_img,w_209\/https:\/\/www.avlaremoz.com\/wp-content\/uploads\/2022\/02\/0000000547983-1-209x300.jpeg 209w\" alt=\"\" width=\"254\" height=\"365\" \/><\/a><\/figure>\n<\/div>\n<p>Y\u00fcz y\u0131ll\u0131k bir ya\u015fam\u0131 birka\u00e7 sat\u0131rda \u00f6zetlemem imk\u00e2ns\u0131z. (T\u00fcm ayr\u0131nt\u0131lar\u0131 y\u0131llar \u00f6nce Sar\u0131 Defter Yay\u0131nlar\u0131\u2019ndan \u00e7\u0131km\u0131\u015f\u00a0<em>\u201cCumhuriyetle Birlikte B\u00fcy\u00fcd\u00fcm\u201d<\/em>\u00a0adl\u0131 kitab\u0131nda bulabilirsiniz.) Olsa olsa sat\u0131rba\u015flar\u0131n\u0131 aktarabilirim.<\/p>\n<p>Ni\u015fanta\u015f\u0131\u2019nda ge\u00e7en \u00e7ocukluk\u2026 Yedi ya\u015f\u0131nda<strong>\u00a0Atat\u00fcrk<\/strong>\u2019\u00fc g\u00f6rmenin heyecan\u0131\u2026\u00a0 Harf Devrimi, Tevhidi Tedrisat, Medeni Kanun\u2026 Varl\u0131k Vergisi\u2026 Robert Kolej\u2019de\u00a0<strong>B\u00fclent Ecevit, Ahmet \u0130svan<\/strong>\u2019la arkada\u015fl\u0131k\u2026 Yahudi as\u0131ll\u0131 T\u00fcrkiye Cumhuriyeti vatanda\u015f\u0131n\u0131n, sol d\u00fc\u015f\u00fcnceye g\u00f6nl\u00fcn\u00fc ve akl\u0131n\u0131 vermesi\u2026<\/p>\n<p>\u00dcniversiteye ba\u015flad\u0131\u011f\u0131nda\u00a0<em>\u201cart\u0131k bir \u015feyler yapmak gerekir\u201d<\/em>\u00a0anlay\u0131\u015f\u0131yla \u0130stanbul Y\u00fcksek Tahsil Gen\u00e7lik Derne\u011fi\u2019ni kumas\u0131\u2026 H\u00fcr Gen\u00e7lik gazetesini \u00e7\u0131karmas\u0131\u2026 T\u00fcrkiye Sosyalist Partisi, T\u00fcrkiye Sosyalist Emek\u00e7i ve K\u00f6yl\u00fc Partisi\u2019nde \u00e7\u0131k\u0131\u015f yolu aray\u0131\u015flar\u0131\u2026 Ve elbet ard\u0131ndan g\u00f6zalt\u0131lar, tutuklamalar gelir\u2026 So\u011fuk Sava\u015f y\u0131llar\u0131d\u0131r\u2026<\/p>\n<p>T\u00fcrkiye \u0130\u015f\u00e7i Partisi\u2019ne kat\u0131lmas\u0131,\u00a0<em>\u201cYa\u015fam\u0131m\u0131m en g\u00fczel g\u00fcnlerini partide ge\u00e7irdim. 15 sosyalist milletvekilini TBMM\u2019ye yollad\u0131k\u201d<\/em>\u00a0dedi\u011fi; kendini nihayet\u00a0<em>\u201c\u00f6teki gibi\u201d<\/em>\u00a0hissetmedi\u011fi y\u0131llar\u2026 Sonra\u2026 sonra BM\u2019ye ba\u011fl\u0131 FAO (Uluslararas\u0131 G\u0131da \u00d6rg\u00fct\u00fc\u2019nde) tam 18 y\u0131l boyunca Afrika \u00fclkelerinde \u00e7al\u0131\u015fma\u2026 S\u00f6m\u00fcr\u00fcn\u00fcn, \u0131rk\u00e7\u0131l\u0131\u011f\u0131n, etnisitenin, yoklu\u011fun, yoksullu\u011fun egemenli\u011fine kar\u015f\u0131 sava\u015f verdi\u011fi d\u00f6nem, emperyalizme kar\u015f\u0131 korkun\u00e7\u00a0 tan\u0131kl\u0131klar\u2026 Ya\u015fam denilen o m\u00fcthi\u015f ser\u00fcven\u2026\u00a0 Sat\u0131rba\u015flar\u0131 bile insan\u0131 soluksuz b\u0131rak\u0131yor!<\/p>\n<h3>N\u00c2ZIM H\u0130KMET\u2019E HAYAT SUYU<\/h3>\n<p>Bu\u00a0<em>\u201ceski t\u00fcfek\u201d<\/em>\u00a0arkada\u015f\u0131m\u0131z, yeniden T\u00fcrkiye\u2019ye d\u00f6nd\u00fc\u011f\u00fcnde N\u00e2z\u0131m Hikmet Vakf\u0131\u2019n\u0131 kurmak i\u00e7in kollar s\u0131vanm\u0131\u015ft\u0131 bile. Moris Gabbay, ilk andan giri\u015fimciler aras\u0131nda yer ald\u0131\u2026 Ancak o, hepimizden \u00f6nce\u00a0<em>N\u00e2z\u0131m Hikmet<\/em>\u2019i tan\u0131m\u0131\u015f hatta ona hayat suyu ta\u015f\u0131yanlardan biri olmu\u015ftu.<\/p>\n<p>\u0130stanbul Kapal\u0131\u00e7ar\u015f\u0131\u2019da babadan kalma minik d\u00fckk\u00e2n\u0131 s\u00fcrd\u00fcrmeye \u00e7al\u0131\u015f\u0131rken, kendileri zar zor ge\u00e7inirken, bir yandan da N\u00e2z\u0131m Hikmet ve arkada\u015flar\u0131n\u0131n Bursa Cezaevi\u2019nde dokuduklar\u0131 kuma\u015flar\u0131, d\u00fckk\u00e2na gelip giden arac\u0131lara gizli gizli satt\u0131r\u0131p gelirini N\u00e2z\u0131m Hikmet\u2019e ula\u015ft\u0131ran Moris Gabbay\u2019dan ba\u015fkas\u0131 de\u011fildi! Ve taa o zamandan N\u00e2z\u0131m\u2019\u0131 ve ailesini yak\u0131ndan tan\u0131m\u0131\u015ft\u0131!<\/p>\n<p>Ve yine taa gen\u00e7li\u011finden bu yana, T\u00fcrkiye Cumhuriyeti\u2019nde \u015fimdiki kadar olmasa bile her zaman var olan\u00a0<em>\u201cay\u0131r\u0131mc\u0131l\u0131\u011f\u0131\u201d<\/em>\u00a0sosyalizm inanc\u0131yla a\u015fan da Moris Gabbay\u2019d\u0131. \u0130nan\u00e7lar\u0131 do\u011frultusunda kendini\u00a0<em>\u201c\u00f6teki gibi hissetmedi\u011fini\u201d<\/em>\u00a0defalarca a\u00e7\u0131klad\u0131.<\/p>\n<h3>ESK\u0130 T\u00dcFEKTEN GEN\u00c7LERE<\/h3>\n<p>D\u00fcn, 100. ya\u015f kutlamas\u0131 s\u0131ras\u0131nda sevgili Moris Gabbay\u2019a sordum: Onca \u015fey ya\u015fad\u0131ktan sonra gen\u00e7lere bir \u00f6nerisi var m\u0131 diye. Hi\u00e7 duraksamadan, madde madde s\u0131ralay\u0131verdi:<\/p>\n<p><em>\u201cKendilerini ve d\u00fc\u015f\u00fcncelerini geli\u015ftirsinler!\u201d<\/em><\/p>\n<p><em>\u201cAtacaklar\u0131 her ad\u0131mda, o ad\u0131mla ilgili sonsuz bilgilensinler.\u201d<\/em><\/p>\n<p><em>\u201cAtacaklar\u0131 her ad\u0131mla ilgili, se\u00e7im yapabilmek i\u00e7in \u00f6nce kendilerini \u00e7ok iyi tan\u0131s\u0131nlar.\u201d\u00a0\u00a0<\/em><\/p>\n<p><em>\u201cNe yaparlarsa yaps\u0131nlar, yeter ki en iyisini yapmaya \u00e7al\u0131\u015fs\u0131nlar. O\u011fluma,\u00a0<\/em>\u2018\u0130stersen \u00e7\u00f6p\u00e7\u00fc ol, ama\u00a0 \u00e7\u00f6p\u00e7\u00fclerin en iyisi ol\u2019\u00a0<em>demi\u015ftim\u2026\u201d\u00a0<\/em><\/p>\n<p>Te\u015fekk\u00fcrler Moris Gabbay! \u0130yi ki vars\u0131n\u0131z! \u0130yi ki h\u00e2l\u00e2 bize g\u00fc\u00e7 veriyorsunuz!<\/p>\n<p><em><strong>https:\/\/www.avlaremoz.com\/2022\/02\/17\/100-yasinda-bir-delikanli-moris-gabbay\/?fbclid=IwAR0bvLZWgyRlIBWzsZ9Uic9RwwUN2U8JA7TnqtbGCtNhWDIlD5DozmowAJg#\u00a0<\/strong><\/em><\/p>\n","protected":false},"excerpt":{"rendered":"<p>Yazan: Zeynep Oral Kaynak:\u00a0Cumhuriyet Kimi insanlar ya\u015flar\u0131 ka\u00e7 olursa olsun hep ama hep gen\u00e7 kal\u0131rlar.\u00a0Moris Gabbay\u00a0onlardan biri. D\u00fcn N\u00e2z\u0131m Hikmet K\u00fct\u00fcr ve Sanat Vakf\u0131\u2019nda, onun 100. ya\u015f g\u00fcn\u00fcn\u00fc kutlarken onu tan\u0131man\u0131n, y\u0131llard\u0131r onunla birlikte omuz omuza \u00e7al\u0131\u015fman\u0131n onurunu, k\u0131vanc\u0131n\u0131 ya\u015f\u0131yorduk t\u00fcm y\u00f6netim kurulundaki arkada\u015flar. Varl\u0131\u011f\u0131yla, bilgisiyle, birikimleriyle bizi s\u00fcrekli ayd\u0131nlatan, deneyimlerini payla\u015ft\u0131\u011f\u0131nda tad\u0131na\u00a0 doyamad\u0131\u011f\u0131m\u0131z, ayn\u0131 [&hellip;]<\/p>\n","protected":false},"author":7,"featured_media":67144,"comment_status":"open","ping_status":"open","sticky":false,"template":"","format":"standard","meta":{"footnotes":""},"categories":[1,53],"tags":[],"class_list":["post-67143","post","type-post","status-publish","format-standard","has-post-thumbnail","hentry","category-haberler","category-turkiyede-azinliklar"],"yoast_head":"<!-- This site is optimized with the Yoast SEO plugin v27.4 - https:\/\/yoast.com\/product\/yoast-seo-wordpress\/ -->\n<title>100 ya\u015f\u0131nda bir delikanl\u0131: Moris Gabbay - Bati Ermenistan Ve Bati Ermenileri Sorunlari Ara\u015ftirmalar Merkezi<\/title>\n<meta name=\"robots\" content=\"index, follow, max-snippet:-1, max-image-preview:large, max-video-preview:-1\" \/>\n<link rel=\"canonical\" href=\"https:\/\/akunq.net\/tr\/?p=67143\" \/>\n<meta property=\"og:locale\" content=\"en_US\" \/>\n<meta property=\"og:type\" content=\"article\" \/>\n<meta property=\"og:title\" content=\"100 ya\u015f\u0131nda bir delikanl\u0131: Moris Gabbay - Bati Ermenistan Ve Bati Ermenileri Sorunlari Ara\u015ftirmalar Merkezi\" \/>\n<meta property=\"og:description\" content=\"Yazan: Zeynep Oral Kaynak:\u00a0Cumhuriyet Kimi insanlar ya\u015flar\u0131 ka\u00e7 olursa olsun hep ama hep gen\u00e7 kal\u0131rlar.\u00a0Moris Gabbay\u00a0onlardan biri. D\u00fcn N\u00e2z\u0131m Hikmet K\u00fct\u00fcr ve Sanat Vakf\u0131\u2019nda, onun 100. ya\u015f g\u00fcn\u00fcn\u00fc kutlarken onu tan\u0131man\u0131n, y\u0131llard\u0131r onunla birlikte omuz omuza \u00e7al\u0131\u015fman\u0131n onurunu, k\u0131vanc\u0131n\u0131 ya\u015f\u0131yorduk t\u00fcm y\u00f6netim kurulundaki arkada\u015flar. Varl\u0131\u011f\u0131yla, bilgisiyle, birikimleriyle bizi s\u00fcrekli ayd\u0131nlatan, deneyimlerini payla\u015ft\u0131\u011f\u0131nda tad\u0131na\u00a0 doyamad\u0131\u011f\u0131m\u0131z, ayn\u0131 [&hellip;]\" \/>\n<meta property=\"og:url\" content=\"https:\/\/akunq.net\/tr\/?p=67143\" \/>\n<meta property=\"og:site_name\" content=\"Bati Ermenistan Ve Bati Ermenileri Sorunlari Ara\u015ftirmalar Merkezi\" \/>\n<meta property=\"article:published_time\" content=\"2022-02-18T07:23:35+00:00\" \/>\n<meta property=\"og:image\" content=\"https:\/\/akunq.net\/tr\/wp-content\/uploads\/sites\/6\/2022\/02\/Moris-Gabbay.jpg\" \/>\n\t<meta property=\"og:image:width\" content=\"760\" \/>\n\t<meta property=\"og:image:height\" content=\"450\" \/>\n\t<meta property=\"og:image:type\" content=\"image\/jpeg\" \/>\n<meta name=\"author\" content=\"admin\" \/>\n<meta name=\"twitter:card\" content=\"summary_large_image\" \/>\n<meta name=\"twitter:label1\" content=\"Written by\" \/>\n\t<meta name=\"twitter:data1\" content=\"admin\" \/>\n\t<meta name=\"twitter:label2\" content=\"Est. reading time\" \/>\n\t<meta name=\"twitter:data2\" content=\"4 minutes\" \/>\n<script type=\"application\/ld+json\" class=\"yoast-schema-graph\">{\"@context\":\"https:\\\/\\\/schema.org\",\"@graph\":[{\"@type\":\"Article\",\"@id\":\"https:\\\/\\\/akunq.net\\\/tr\\\/?p=67143#article\",\"isPartOf\":{\"@id\":\"https:\\\/\\\/akunq.net\\\/tr\\\/?p=67143\"},\"author\":{\"name\":\"admin\",\"@id\":\"https:\\\/\\\/akunq.net\\\/tr\\\/#\\\/schema\\\/person\\\/096f1d38a12cce57fb855b485ed24c9e\"},\"headline\":\"100 ya\u015f\u0131nda bir delikanl\u0131: Moris Gabbay\",\"datePublished\":\"2022-02-18T07:23:35+00:00\",\"mainEntityOfPage\":{\"@id\":\"https:\\\/\\\/akunq.net\\\/tr\\\/?p=67143\"},\"wordCount\":749,\"commentCount\":0,\"image\":{\"@id\":\"https:\\\/\\\/akunq.net\\\/tr\\\/?p=67143#primaryimage\"},\"thumbnailUrl\":\"https:\\\/\\\/akunq.net\\\/tr\\\/wp-content\\\/uploads\\\/sites\\\/6\\\/2022\\\/02\\\/Moris-Gabbay.jpg\",\"articleSection\":[\"Haberler\",\"T\u00fcrkiye\u2019de Az\u0131nl\u0131klar\"],\"inLanguage\":\"en-US\",\"potentialAction\":[{\"@type\":\"CommentAction\",\"name\":\"Comment\",\"target\":[\"https:\\\/\\\/akunq.net\\\/tr\\\/?p=67143#respond\"]}]},{\"@type\":\"WebPage\",\"@id\":\"https:\\\/\\\/akunq.net\\\/tr\\\/?p=67143\",\"url\":\"https:\\\/\\\/akunq.net\\\/tr\\\/?p=67143\",\"name\":\"100 ya\u015f\u0131nda bir delikanl\u0131: Moris Gabbay - Bati Ermenistan Ve Bati Ermenileri Sorunlari Ara\u015ftirmalar Merkezi\",\"isPartOf\":{\"@id\":\"https:\\\/\\\/akunq.net\\\/tr\\\/#website\"},\"primaryImageOfPage\":{\"@id\":\"https:\\\/\\\/akunq.net\\\/tr\\\/?p=67143#primaryimage\"},\"image\":{\"@id\":\"https:\\\/\\\/akunq.net\\\/tr\\\/?p=67143#primaryimage\"},\"thumbnailUrl\":\"https:\\\/\\\/akunq.net\\\/tr\\\/wp-content\\\/uploads\\\/sites\\\/6\\\/2022\\\/02\\\/Moris-Gabbay.jpg\",\"datePublished\":\"2022-02-18T07:23:35+00:00\",\"author\":{\"@id\":\"https:\\\/\\\/akunq.net\\\/tr\\\/#\\\/schema\\\/person\\\/096f1d38a12cce57fb855b485ed24c9e\"},\"breadcrumb\":{\"@id\":\"https:\\\/\\\/akunq.net\\\/tr\\\/?p=67143#breadcrumb\"},\"inLanguage\":\"en-US\",\"potentialAction\":[{\"@type\":\"ReadAction\",\"target\":[\"https:\\\/\\\/akunq.net\\\/tr\\\/?p=67143\"]}]},{\"@type\":\"ImageObject\",\"inLanguage\":\"en-US\",\"@id\":\"https:\\\/\\\/akunq.net\\\/tr\\\/?p=67143#primaryimage\",\"url\":\"https:\\\/\\\/akunq.net\\\/tr\\\/wp-content\\\/uploads\\\/sites\\\/6\\\/2022\\\/02\\\/Moris-Gabbay.jpg\",\"contentUrl\":\"https:\\\/\\\/akunq.net\\\/tr\\\/wp-content\\\/uploads\\\/sites\\\/6\\\/2022\\\/02\\\/Moris-Gabbay.jpg\",\"width\":760,\"height\":450},{\"@type\":\"BreadcrumbList\",\"@id\":\"https:\\\/\\\/akunq.net\\\/tr\\\/?p=67143#breadcrumb\",\"itemListElement\":[{\"@type\":\"ListItem\",\"position\":1,\"name\":\"Home\",\"item\":\"https:\\\/\\\/akunq.net\\\/tr\"},{\"@type\":\"ListItem\",\"position\":2,\"name\":\"100 ya\u015f\u0131nda bir delikanl\u0131: Moris Gabbay\"}]},{\"@type\":\"WebSite\",\"@id\":\"https:\\\/\\\/akunq.net\\\/tr\\\/#website\",\"url\":\"https:\\\/\\\/akunq.net\\\/tr\\\/\",\"name\":\"Bati Ermenistan Ve Bati Ermenileri Sorunlari Ara\u015ftirmalar Merkezi\",\"description\":\"\",\"potentialAction\":[{\"@type\":\"SearchAction\",\"target\":{\"@type\":\"EntryPoint\",\"urlTemplate\":\"https:\\\/\\\/akunq.net\\\/tr\\\/?s={search_term_string}\"},\"query-input\":{\"@type\":\"PropertyValueSpecification\",\"valueRequired\":true,\"valueName\":\"search_term_string\"}}],\"inLanguage\":\"en-US\"},{\"@type\":\"Person\",\"@id\":\"https:\\\/\\\/akunq.net\\\/tr\\\/#\\\/schema\\\/person\\\/096f1d38a12cce57fb855b485ed24c9e\",\"name\":\"admin\",\"url\":\"https:\\\/\\\/akunq.net\\\/tr\\\/?author=7\"}]}<\/script>\n<!-- \/ Yoast SEO plugin. -->","yoast_head_json":{"title":"100 ya\u015f\u0131nda bir delikanl\u0131: Moris Gabbay - Bati Ermenistan Ve Bati Ermenileri Sorunlari Ara\u015ftirmalar Merkezi","robots":{"index":"index","follow":"follow","max-snippet":"max-snippet:-1","max-image-preview":"max-image-preview:large","max-video-preview":"max-video-preview:-1"},"canonical":"https:\/\/akunq.net\/tr\/?p=67143","og_locale":"en_US","og_type":"article","og_title":"100 ya\u015f\u0131nda bir delikanl\u0131: Moris Gabbay - Bati Ermenistan Ve Bati Ermenileri Sorunlari Ara\u015ftirmalar Merkezi","og_description":"Yazan: Zeynep Oral Kaynak:\u00a0Cumhuriyet Kimi insanlar ya\u015flar\u0131 ka\u00e7 olursa olsun hep ama hep gen\u00e7 kal\u0131rlar.\u00a0Moris Gabbay\u00a0onlardan biri. D\u00fcn N\u00e2z\u0131m Hikmet K\u00fct\u00fcr ve Sanat Vakf\u0131\u2019nda, onun 100. ya\u015f g\u00fcn\u00fcn\u00fc kutlarken onu tan\u0131man\u0131n, y\u0131llard\u0131r onunla birlikte omuz omuza \u00e7al\u0131\u015fman\u0131n onurunu, k\u0131vanc\u0131n\u0131 ya\u015f\u0131yorduk t\u00fcm y\u00f6netim kurulundaki arkada\u015flar. Varl\u0131\u011f\u0131yla, bilgisiyle, birikimleriyle bizi s\u00fcrekli ayd\u0131nlatan, deneyimlerini payla\u015ft\u0131\u011f\u0131nda tad\u0131na\u00a0 doyamad\u0131\u011f\u0131m\u0131z, ayn\u0131 [&hellip;]","og_url":"https:\/\/akunq.net\/tr\/?p=67143","og_site_name":"Bati Ermenistan Ve Bati Ermenileri Sorunlari Ara\u015ftirmalar Merkezi","article_published_time":"2022-02-18T07:23:35+00:00","og_image":[{"width":760,"height":450,"url":"https:\/\/akunq.net\/tr\/wp-content\/uploads\/sites\/6\/2022\/02\/Moris-Gabbay.jpg","type":"image\/jpeg"}],"author":"admin","twitter_card":"summary_large_image","twitter_misc":{"Written by":"admin","Est. reading time":"4 minutes"},"schema":{"@context":"https:\/\/schema.org","@graph":[{"@type":"Article","@id":"https:\/\/akunq.net\/tr\/?p=67143#article","isPartOf":{"@id":"https:\/\/akunq.net\/tr\/?p=67143"},"author":{"name":"admin","@id":"https:\/\/akunq.net\/tr\/#\/schema\/person\/096f1d38a12cce57fb855b485ed24c9e"},"headline":"100 ya\u015f\u0131nda bir delikanl\u0131: Moris Gabbay","datePublished":"2022-02-18T07:23:35+00:00","mainEntityOfPage":{"@id":"https:\/\/akunq.net\/tr\/?p=67143"},"wordCount":749,"commentCount":0,"image":{"@id":"https:\/\/akunq.net\/tr\/?p=67143#primaryimage"},"thumbnailUrl":"https:\/\/akunq.net\/tr\/wp-content\/uploads\/sites\/6\/2022\/02\/Moris-Gabbay.jpg","articleSection":["Haberler","T\u00fcrkiye\u2019de Az\u0131nl\u0131klar"],"inLanguage":"en-US","potentialAction":[{"@type":"CommentAction","name":"Comment","target":["https:\/\/akunq.net\/tr\/?p=67143#respond"]}]},{"@type":"WebPage","@id":"https:\/\/akunq.net\/tr\/?p=67143","url":"https:\/\/akunq.net\/tr\/?p=67143","name":"100 ya\u015f\u0131nda bir delikanl\u0131: Moris Gabbay - Bati Ermenistan Ve Bati Ermenileri Sorunlari Ara\u015ftirmalar Merkezi","isPartOf":{"@id":"https:\/\/akunq.net\/tr\/#website"},"primaryImageOfPage":{"@id":"https:\/\/akunq.net\/tr\/?p=67143#primaryimage"},"image":{"@id":"https:\/\/akunq.net\/tr\/?p=67143#primaryimage"},"thumbnailUrl":"https:\/\/akunq.net\/tr\/wp-content\/uploads\/sites\/6\/2022\/02\/Moris-Gabbay.jpg","datePublished":"2022-02-18T07:23:35+00:00","author":{"@id":"https:\/\/akunq.net\/tr\/#\/schema\/person\/096f1d38a12cce57fb855b485ed24c9e"},"breadcrumb":{"@id":"https:\/\/akunq.net\/tr\/?p=67143#breadcrumb"},"inLanguage":"en-US","potentialAction":[{"@type":"ReadAction","target":["https:\/\/akunq.net\/tr\/?p=67143"]}]},{"@type":"ImageObject","inLanguage":"en-US","@id":"https:\/\/akunq.net\/tr\/?p=67143#primaryimage","url":"https:\/\/akunq.net\/tr\/wp-content\/uploads\/sites\/6\/2022\/02\/Moris-Gabbay.jpg","contentUrl":"https:\/\/akunq.net\/tr\/wp-content\/uploads\/sites\/6\/2022\/02\/Moris-Gabbay.jpg","width":760,"height":450},{"@type":"BreadcrumbList","@id":"https:\/\/akunq.net\/tr\/?p=67143#breadcrumb","itemListElement":[{"@type":"ListItem","position":1,"name":"Home","item":"https:\/\/akunq.net\/tr"},{"@type":"ListItem","position":2,"name":"100 ya\u015f\u0131nda bir delikanl\u0131: Moris Gabbay"}]},{"@type":"WebSite","@id":"https:\/\/akunq.net\/tr\/#website","url":"https:\/\/akunq.net\/tr\/","name":"Bati Ermenistan Ve Bati Ermenileri Sorunlari Ara\u015ftirmalar Merkezi","description":"","potentialAction":[{"@type":"SearchAction","target":{"@type":"EntryPoint","urlTemplate":"https:\/\/akunq.net\/tr\/?s={search_term_string}"},"query-input":{"@type":"PropertyValueSpecification","valueRequired":true,"valueName":"search_term_string"}}],"inLanguage":"en-US"},{"@type":"Person","@id":"https:\/\/akunq.net\/tr\/#\/schema\/person\/096f1d38a12cce57fb855b485ed24c9e","name":"admin","url":"https:\/\/akunq.net\/tr\/?author=7"}]}},"_links":{"self":[{"href":"https:\/\/akunq.net\/tr\/index.php?rest_route=\/wp\/v2\/posts\/67143","targetHints":{"allow":["GET"]}}],"collection":[{"href":"https:\/\/akunq.net\/tr\/index.php?rest_route=\/wp\/v2\/posts"}],"about":[{"href":"https:\/\/akunq.net\/tr\/index.php?rest_route=\/wp\/v2\/types\/post"}],"author":[{"embeddable":true,"href":"https:\/\/akunq.net\/tr\/index.php?rest_route=\/wp\/v2\/users\/7"}],"replies":[{"embeddable":true,"href":"https:\/\/akunq.net\/tr\/index.php?rest_route=%2Fwp%2Fv2%2Fcomments&post=67143"}],"version-history":[{"count":1,"href":"https:\/\/akunq.net\/tr\/index.php?rest_route=\/wp\/v2\/posts\/67143\/revisions"}],"predecessor-version":[{"id":67145,"href":"https:\/\/akunq.net\/tr\/index.php?rest_route=\/wp\/v2\/posts\/67143\/revisions\/67145"}],"wp:featuredmedia":[{"embeddable":true,"href":"https:\/\/akunq.net\/tr\/index.php?rest_route=\/wp\/v2\/media\/67144"}],"wp:attachment":[{"href":"https:\/\/akunq.net\/tr\/index.php?rest_route=%2Fwp%2Fv2%2Fmedia&parent=67143"}],"wp:term":[{"taxonomy":"category","embeddable":true,"href":"https:\/\/akunq.net\/tr\/index.php?rest_route=%2Fwp%2Fv2%2Fcategories&post=67143"},{"taxonomy":"post_tag","embeddable":true,"href":"https:\/\/akunq.net\/tr\/index.php?rest_route=%2Fwp%2Fv2%2Ftags&post=67143"}],"curies":[{"name":"wp","href":"https:\/\/api.w.org\/{rel}","templated":true}]}}