{"id":67131,"date":"2022-02-17T02:46:38","date_gmt":"2022-02-17T07:46:38","guid":{"rendered":"https:\/\/akunq.net\/tr\/?p=67131"},"modified":"2022-02-17T02:46:38","modified_gmt":"2022-02-17T07:46:38","slug":"ben-dil-uzmaniyim-diyen-gulgun-feymanin-kurtceye-dair-sozleri-tepki-cekti","status":"publish","type":"post","link":"https:\/\/akunq.net\/tr\/?p=67131","title":{"rendered":"\u2018Ben dil uzman\u0131y\u0131m\u2019 diyen G\u00fclg\u00fbn Feyman\u2019\u0131n K\u00fcrt\u00e7eye dair s\u00f6zleri tepki \u00e7ekti"},"content":{"rendered":"<p><img loading=\"lazy\" decoding=\"async\" class=\"aligncenter size-medium wp-image-67132\" src=\"https:\/\/akunq.net\/tr\/wp-content\/uploads\/2022\/02\/G\u00fclg\u00fbn-Feyman-360x208.jpg\" alt=\"\" width=\"360\" height=\"208\" srcset=\"https:\/\/akunq.net\/tr\/wp-content\/uploads\/sites\/6\/2022\/02\/G\u00fclg\u00fbn-Feyman-360x208.jpg 360w, https:\/\/akunq.net\/tr\/wp-content\/uploads\/sites\/6\/2022\/02\/G\u00fclg\u00fbn-Feyman-768x444.jpg 768w, https:\/\/akunq.net\/tr\/wp-content\/uploads\/sites\/6\/2022\/02\/G\u00fclg\u00fbn-Feyman-560x324.jpg 560w, https:\/\/akunq.net\/tr\/wp-content\/uploads\/sites\/6\/2022\/02\/G\u00fclg\u00fbn-Feyman-260x150.jpg 260w, https:\/\/akunq.net\/tr\/wp-content\/uploads\/sites\/6\/2022\/02\/G\u00fclg\u00fbn-Feyman-160x93.jpg 160w, https:\/\/akunq.net\/tr\/wp-content\/uploads\/sites\/6\/2022\/02\/G\u00fclg\u00fbn-Feyman.jpg 800w\" sizes=\"auto, (max-width: 360px) 100vw, 360px\" \/><\/p>\n<p><em><strong>T24\u2019te yay\u0131nlanan podcastte \u201cBen bir dil uzman\u0131y\u0131m\u201d diyen spiker G\u00fclg\u00fbn Feyman, \u201cK\u00fcrt\u00e7enin resmile\u015fmi\u015f bir altyap\u0131s\u0131 yoktur\u201d ifadelerini kulland\u0131.<\/strong><\/em><\/p>\n<p>Haber spikeri G\u00fclg\u00fbn Feyman, kat\u0131ld\u0131\u011f\u0131 podcast program\u0131nda K\u00fcrt\u00e7eyle ilgili yorumlarda bulundu. Feyman, anayasada resmi dilin T\u00fcrk\u00e7e oldu\u011funu vurgulad\u0131 ve \u201cZaten herkes \u00f6zg\u00fcrce, belediye otob\u00fcs\u00fcnde a\u00e7\u0131yor telefonunu K\u00fcrt\u00e7e konu\u015fuyor\u201d dedi.<\/p>\n<p>T24\u2019te yay\u0131nlanan \u2018Yay\u0131nlanmas\u0131 Kayd\u0131yla\u2019 adl\u0131 podcast serisinde 1990\u2019l\u0131 y\u0131llar\u0131n \u00fcnl\u00fc haber spikeri G\u00fclg\u00fbn Feyman konuk edildi. Bir d\u00f6nem Ulusal Kanal\u2019da g\u00f6rev yapan ve Vatan Partisi\u2019nden milletvekili aday\u0131 olan ancak daha sonra ayr\u0131larak Sosyalist Cumhuriyet Partisi kurucusu olan Feyman, podcastte K\u00fcrt\u00e7eye dair yorumlarda bulundu.<\/p>\n<p><strong>EMRE AK\u00d6Z\u2019\u00dcN X, W, Q \u00d6NER\u0130S\u0130<\/strong><\/p>\n<p>Feyman\u2019a \u2018Spiker\u2019 ba\u015fl\u0131kl\u0131 kitab\u0131nda gazeteci Emre Ak\u00f6z\u2019e ait \u2018x, q, w harflerini alfabeye almaya haz\u0131r m\u0131s\u0131n\u0131z\u2019 yaz\u0131s\u0131n\u0131 al\u0131nt\u0131lad\u0131\u011f\u0131 hat\u0131rlat\u0131ld\u0131. Sunucu, Feyman\u2019\u0131n Ak\u00f6z\u2019\u00fcn T\u00fcrk\u00e7eyi K\u00fcrt\u00e7eden a\u015fa\u011f\u0131 g\u00f6rd\u00fc\u011f\u00fcn\u00fc s\u00f6yledi\u011fini aktard\u0131 ve \u201cNeden \u00e7ok dilli, \u00e7ok alfabeli, \u00e7ok k\u00fclt\u00fcrl\u00fc bir T\u00fcrkiye olmas\u0131n?\u201d diye sordu. Bunun \u00fczerine Feyman \u015funlar\u0131 s\u00f6yledi:<\/p>\n<p>\u201c\u015eimdi T\u00fcrkiye zaten \u00e7ok dilli bir \u00fclke. Ancak anayasada belirtilen bir tan\u0131m var; \u2018Dili T\u00fcrk\u00e7edir\u2019 der. Bu anayasada yaz\u0131ld\u0131\u011f\u0131na g\u00f6re anayasan\u0131n d\u0131\u015f\u0131nda oraya ba\u015fka bir dil yazamazs\u0131n\u0131z. \u0130kinci bir dil K\u00fcrt\u00e7e yazamazs\u0131n\u0131z, \u00fc\u00e7\u00fcnc\u00fc bir dil, o zaman ba\u015fka diller gelir. Ayr\u0131ca ben bir dil uzman\u0131y\u0131m ve K\u00fcrt\u00e7enin resmile\u015fmi\u015f bir altyap\u0131s\u0131 yoktur \u00e7e\u015fitli gerek\u00e7elerle konu\u015fulan bir K\u00fcrt\u00fcn di\u011fer K\u00fcrt\u00fc anlamad\u0131\u011f\u0131 Zazacas\u0131 bilmem neresi, \u00e7e\u015fitli leh\u00e7eleri vard\u0131r ve tam zemini olu\u015fmam\u0131\u015ft\u0131r.\u201d<\/p>\n<p><strong>\u2018MUSEV\u0130LER VAR, ERMEN\u0130LER VAR, ONLAR FRANSIZCASINI KONU\u015eUYOR\u2026\u2019<\/strong><\/p>\n<p>Kald\u0131 ki K\u00fcrt olan zaten K\u00fcrt\u00e7esini konu\u015fuyor, T\u00fcrk olan T\u00fcrk\u00e7esini konu\u015fuyor. \u0130\u015fte burada Museviler var, Ermeniler var onlar Frans\u0131zcas\u0131n\u0131 konu\u015fuyor, \u00f6b\u00fcr\u00fc i\u015fte ba\u015fka dilini konu\u015fuyor. Buras\u0131 T\u00fcrkiye, \u015fimdi Emre Ak\u00f6z b\u00fcy\u00fck bir sayg\u0131s\u0131zl\u0131k yapm\u0131\u015ft\u0131r T\u00fcrk\u00e7eye. Bu nas\u0131l ki paraya ve bayra\u011f\u0131m\u0131za ve mar\u015f\u0131m\u0131za sayg\u0131s\u0131zl\u0131k yap\u0131lamaz, ayn\u0131 \u015fekilde bu dilimiz i\u00e7in de ge\u00e7erli olan bir \u015feydir.<\/p>\n<p>\u00c7ok dillilik\u2026 Zaten herkes \u00f6zg\u00fcrce, belediye otob\u00fcs\u00fcnde a\u00e7\u0131yor telefonunu K\u00fcrt\u00e7e konu\u015fuyor. K\u00fcrt\u00e7e diye bir yasak yok. Ancak her \u00fclkenin anayasada belirlenen \u0130ngilizce\u2026 Amerikan anayasas\u0131nda \u0130ngilizce, \u0130talyanca, \u0130spanyolca bilmem ne yazar m\u0131? Yazmaz. O \u00fclkede her dil konu\u015fuluyor. Resmi dil unvan\u0131 \u00e7ok \u00f6nemlidir. Burada kimse diklenmeye, kafa tutmaya kalkmas\u0131n. Kar\u015f\u0131s\u0131nda \u015fak\u0131r \u015fak\u0131r kapak gibi anayasay\u0131 bulur. Anayasay\u0131 f\u0131rlat\u0131r\u0131m o zaman o kimselerin surat\u0131na. Emre Ak\u00f6z T\u00fcrk\u00e7eye sayg\u0131s\u0131zl\u0131k yapm\u0131\u015ft\u0131r.\u201d<\/p>\n<p>Feyman\u2019\u0131n s\u00f6zleri sosyal medyada yo\u011fun tepki ald\u0131.<\/p>\n<div class=\"twitter-tweet twitter-tweet-rendered\"><iframe id=\"twitter-widget-0\" class=\"\" title=\"Twitter Tweet\" src=\"https:\/\/platform.twitter.com\/embed\/Tweet.html?creatorScreenName=HyeTert&amp;dnt=true&amp;embedId=twitter-widget-0&amp;features=eyJ0ZndfZXhwZXJpbWVudHNfY29va2llX2V4cGlyYXRpb24iOnsiYnVja2V0IjoxMjA5NjAwLCJ2ZXJzaW9uIjpudWxsfSwidGZ3X2hvcml6b25fdHdlZXRfZW1iZWRfOTU1NSI6eyJidWNrZXQiOiJodGUiLCJ2ZXJzaW9uIjpudWxsfSwidGZ3X3NwYWNlX2NhcmQiOnsiYnVja2V0Ijoib2ZmIiwidmVyc2lvbiI6bnVsbH19&amp;frame=false&amp;hideCard=false&amp;hideThread=false&amp;id=1493883835754303488&amp;lang=tr&amp;origin=https%3A%2F%2Fhyetert.org%2F2022%2F02%2F16%2Fben-dil-uzmaniyim-diyen-gulgun-feymanin-kurtceye-dair-sozleri-tepki-cekti%2F&amp;sessionId=ce49b58212d5230df7ead669e19cf3a2b18039b7&amp;siteScreenName=HyeTert&amp;theme=light&amp;widgetsVersion=2582c61%3A1645036219416&amp;width=500px\" frameborder=\"0\" scrolling=\"no\" allowfullscreen=\"allowfullscreen\" data-tweet-id=\"1493883835754303488\" data-mce-fragment=\"1\"><\/iframe><\/div>\n<div class=\"twitter-tweet twitter-tweet-rendered\"><iframe id=\"twitter-widget-1\" class=\"\" title=\"Twitter Tweet\" src=\"https:\/\/platform.twitter.com\/embed\/Tweet.html?creatorScreenName=HyeTert&amp;dnt=true&amp;embedId=twitter-widget-1&amp;features=eyJ0ZndfZXhwZXJpbWVudHNfY29va2llX2V4cGlyYXRpb24iOnsiYnVja2V0IjoxMjA5NjAwLCJ2ZXJzaW9uIjpudWxsfSwidGZ3X2hvcml6b25fdHdlZXRfZW1iZWRfOTU1NSI6eyJidWNrZXQiOiJodGUiLCJ2ZXJzaW9uIjpudWxsfSwidGZ3X3NwYWNlX2NhcmQiOnsiYnVja2V0Ijoib2ZmIiwidmVyc2lvbiI6bnVsbH19&amp;frame=false&amp;hideCard=false&amp;hideThread=false&amp;id=1493873296181719043&amp;lang=tr&amp;origin=https%3A%2F%2Fhyetert.org%2F2022%2F02%2F16%2Fben-dil-uzmaniyim-diyen-gulgun-feymanin-kurtceye-dair-sozleri-tepki-cekti%2F&amp;sessionId=ce49b58212d5230df7ead669e19cf3a2b18039b7&amp;siteScreenName=HyeTert&amp;theme=light&amp;widgetsVersion=2582c61%3A1645036219416&amp;width=500px\" frameborder=\"0\" scrolling=\"no\" allowfullscreen=\"allowfullscreen\" data-tweet-id=\"1493873296181719043\" data-mce-fragment=\"1\"><\/iframe><\/div>\n<div class=\"twitter-tweet twitter-tweet-rendered\"><iframe id=\"twitter-widget-2\" class=\"\" title=\"Twitter Tweet\" src=\"https:\/\/platform.twitter.com\/embed\/Tweet.html?creatorScreenName=HyeTert&amp;dnt=true&amp;embedId=twitter-widget-2&amp;features=eyJ0ZndfZXhwZXJpbWVudHNfY29va2llX2V4cGlyYXRpb24iOnsiYnVja2V0IjoxMjA5NjAwLCJ2ZXJzaW9uIjpudWxsfSwidGZ3X2hvcml6b25fdHdlZXRfZW1iZWRfOTU1NSI6eyJidWNrZXQiOiJodGUiLCJ2ZXJzaW9uIjpudWxsfSwidGZ3X3NwYWNlX2NhcmQiOnsiYnVja2V0Ijoib2ZmIiwidmVyc2lvbiI6bnVsbH19&amp;frame=false&amp;hideCard=false&amp;hideThread=false&amp;id=1493870839707668485&amp;lang=tr&amp;origin=https%3A%2F%2Fhyetert.org%2F2022%2F02%2F16%2Fben-dil-uzmaniyim-diyen-gulgun-feymanin-kurtceye-dair-sozleri-tepki-cekti%2F&amp;sessionId=ce49b58212d5230df7ead669e19cf3a2b18039b7&amp;siteScreenName=HyeTert&amp;theme=light&amp;widgetsVersion=2582c61%3A1645036219416&amp;width=500px\" frameborder=\"0\" scrolling=\"no\" allowfullscreen=\"allowfullscreen\" data-tweet-id=\"1493870839707668485\" data-mce-fragment=\"1\"><\/iframe><\/div>\n<div class=\"twitter-tweet twitter-tweet-rendered\"><iframe id=\"twitter-widget-3\" class=\"\" title=\"Twitter Tweet\" src=\"https:\/\/platform.twitter.com\/embed\/Tweet.html?creatorScreenName=HyeTert&amp;dnt=true&amp;embedId=twitter-widget-3&amp;features=eyJ0ZndfZXhwZXJpbWVudHNfY29va2llX2V4cGlyYXRpb24iOnsiYnVja2V0IjoxMjA5NjAwLCJ2ZXJzaW9uIjpudWxsfSwidGZ3X2hvcml6b25fdHdlZXRfZW1iZWRfOTU1NSI6eyJidWNrZXQiOiJodGUiLCJ2ZXJzaW9uIjpudWxsfSwidGZ3X3NwYWNlX2NhcmQiOnsiYnVja2V0Ijoib2ZmIiwidmVyc2lvbiI6bnVsbH19&amp;frame=false&amp;hideCard=false&amp;hideThread=false&amp;id=1493866074655313921&amp;lang=tr&amp;origin=https%3A%2F%2Fhyetert.org%2F2022%2F02%2F16%2Fben-dil-uzmaniyim-diyen-gulgun-feymanin-kurtceye-dair-sozleri-tepki-cekti%2F&amp;sessionId=ce49b58212d5230df7ead669e19cf3a2b18039b7&amp;siteScreenName=HyeTert&amp;theme=light&amp;widgetsVersion=2582c61%3A1645036219416&amp;width=500px\" frameborder=\"0\" scrolling=\"no\" allowfullscreen=\"allowfullscreen\" data-tweet-id=\"1493866074655313921\" data-mce-fragment=\"1\"><\/iframe><\/div>\n<div class=\"twitter-tweet twitter-tweet-rendered\"><iframe id=\"twitter-widget-4\" class=\"\" title=\"Twitter Tweet\" src=\"https:\/\/platform.twitter.com\/embed\/Tweet.html?creatorScreenName=HyeTert&amp;dnt=true&amp;embedId=twitter-widget-4&amp;features=eyJ0ZndfZXhwZXJpbWVudHNfY29va2llX2V4cGlyYXRpb24iOnsiYnVja2V0IjoxMjA5NjAwLCJ2ZXJzaW9uIjpudWxsfSwidGZ3X2hvcml6b25fdHdlZXRfZW1iZWRfOTU1NSI6eyJidWNrZXQiOiJodGUiLCJ2ZXJzaW9uIjpudWxsfSwidGZ3X3NwYWNlX2NhcmQiOnsiYnVja2V0Ijoib2ZmIiwidmVyc2lvbiI6bnVsbH19&amp;frame=false&amp;hideCard=false&amp;hideThread=false&amp;id=1493818614985764865&amp;lang=tr&amp;origin=https%3A%2F%2Fhyetert.org%2F2022%2F02%2F16%2Fben-dil-uzmaniyim-diyen-gulgun-feymanin-kurtceye-dair-sozleri-tepki-cekti%2F&amp;sessionId=ce49b58212d5230df7ead669e19cf3a2b18039b7&amp;siteScreenName=HyeTert&amp;theme=light&amp;widgetsVersion=2582c61%3A1645036219416&amp;width=500px\" frameborder=\"0\" scrolling=\"no\" allowfullscreen=\"allowfullscreen\" data-tweet-id=\"1493818614985764865\" data-mce-fragment=\"1\"><\/iframe><\/div>\n<hr \/>\n<p><em><strong><a href=\"https:\/\/artigercek.com\/haberler\/kendini-dil-uzmani-ilan-eden-gulgun-feyman-in-kurtceye-dair-sozleri-tepki-cekti\" target=\"_blank\" rel=\"noopener noreferrer\">Art\u0131 Ger\u00e7ek<\/a><\/strong><\/em><\/p>\n","protected":false},"excerpt":{"rendered":"<p>T24\u2019te yay\u0131nlanan podcastte \u201cBen bir dil uzman\u0131y\u0131m\u201d diyen spiker G\u00fclg\u00fbn Feyman, \u201cK\u00fcrt\u00e7enin resmile\u015fmi\u015f bir altyap\u0131s\u0131 yoktur\u201d ifadelerini kulland\u0131. Haber spikeri G\u00fclg\u00fbn Feyman, kat\u0131ld\u0131\u011f\u0131 podcast program\u0131nda K\u00fcrt\u00e7eyle ilgili yorumlarda bulundu. Feyman, anayasada resmi dilin T\u00fcrk\u00e7e oldu\u011funu vurgulad\u0131 ve \u201cZaten herkes \u00f6zg\u00fcrce, belediye otob\u00fcs\u00fcnde a\u00e7\u0131yor telefonunu K\u00fcrt\u00e7e konu\u015fuyor\u201d dedi. T24\u2019te yay\u0131nlanan \u2018Yay\u0131nlanmas\u0131 Kayd\u0131yla\u2019 adl\u0131 podcast serisinde 1990\u2019l\u0131 [&hellip;]<\/p>\n","protected":false},"author":7,"featured_media":67132,"comment_status":"open","ping_status":"open","sticky":false,"template":"","format":"standard","meta":{"footnotes":""},"categories":[1,53],"tags":[],"class_list":["post-67131","post","type-post","status-publish","format-standard","has-post-thumbnail","hentry","category-haberler","category-turkiyede-azinliklar"],"yoast_head":"<!-- This site is optimized with the Yoast SEO plugin v27.4 - https:\/\/yoast.com\/product\/yoast-seo-wordpress\/ -->\n<title>\u2018Ben dil uzman\u0131y\u0131m\u2019 diyen G\u00fclg\u00fbn Feyman\u2019\u0131n K\u00fcrt\u00e7eye dair s\u00f6zleri tepki \u00e7ekti - Bati Ermenistan Ve Bati Ermenileri Sorunlari Ara\u015ftirmalar Merkezi<\/title>\n<meta name=\"robots\" content=\"index, follow, max-snippet:-1, max-image-preview:large, max-video-preview:-1\" \/>\n<link rel=\"canonical\" href=\"https:\/\/akunq.net\/tr\/?p=67131\" \/>\n<meta property=\"og:locale\" content=\"en_US\" \/>\n<meta property=\"og:type\" content=\"article\" \/>\n<meta property=\"og:title\" content=\"\u2018Ben dil uzman\u0131y\u0131m\u2019 diyen G\u00fclg\u00fbn Feyman\u2019\u0131n K\u00fcrt\u00e7eye dair s\u00f6zleri tepki \u00e7ekti - Bati Ermenistan Ve Bati Ermenileri Sorunlari Ara\u015ftirmalar Merkezi\" \/>\n<meta property=\"og:description\" content=\"T24\u2019te yay\u0131nlanan podcastte \u201cBen bir dil uzman\u0131y\u0131m\u201d diyen spiker G\u00fclg\u00fbn Feyman, \u201cK\u00fcrt\u00e7enin resmile\u015fmi\u015f bir altyap\u0131s\u0131 yoktur\u201d ifadelerini kulland\u0131. Haber spikeri G\u00fclg\u00fbn Feyman, kat\u0131ld\u0131\u011f\u0131 podcast program\u0131nda K\u00fcrt\u00e7eyle ilgili yorumlarda bulundu. Feyman, anayasada resmi dilin T\u00fcrk\u00e7e oldu\u011funu vurgulad\u0131 ve \u201cZaten herkes \u00f6zg\u00fcrce, belediye otob\u00fcs\u00fcnde a\u00e7\u0131yor telefonunu K\u00fcrt\u00e7e konu\u015fuyor\u201d dedi. T24\u2019te yay\u0131nlanan \u2018Yay\u0131nlanmas\u0131 Kayd\u0131yla\u2019 adl\u0131 podcast serisinde 1990\u2019l\u0131 [&hellip;]\" \/>\n<meta property=\"og:url\" content=\"https:\/\/akunq.net\/tr\/?p=67131\" \/>\n<meta property=\"og:site_name\" content=\"Bati Ermenistan Ve Bati Ermenileri Sorunlari Ara\u015ftirmalar Merkezi\" \/>\n<meta property=\"article:published_time\" content=\"2022-02-17T07:46:38+00:00\" \/>\n<meta property=\"og:image\" content=\"https:\/\/akunq.net\/tr\/wp-content\/uploads\/sites\/6\/2022\/02\/G\u00fclg\u00fbn-Feyman.jpg\" \/>\n\t<meta property=\"og:image:width\" content=\"800\" \/>\n\t<meta property=\"og:image:height\" content=\"463\" \/>\n\t<meta property=\"og:image:type\" content=\"image\/jpeg\" \/>\n<meta name=\"author\" content=\"admin\" \/>\n<meta name=\"twitter:card\" content=\"summary_large_image\" \/>\n<meta name=\"twitter:label1\" content=\"Written by\" \/>\n\t<meta name=\"twitter:data1\" content=\"admin\" \/>\n\t<meta name=\"twitter:label2\" content=\"Est. reading time\" \/>\n\t<meta name=\"twitter:data2\" content=\"3 minutes\" \/>\n<script type=\"application\/ld+json\" class=\"yoast-schema-graph\">{\"@context\":\"https:\\\/\\\/schema.org\",\"@graph\":[{\"@type\":\"Article\",\"@id\":\"https:\\\/\\\/akunq.net\\\/tr\\\/?p=67131#article\",\"isPartOf\":{\"@id\":\"https:\\\/\\\/akunq.net\\\/tr\\\/?p=67131\"},\"author\":{\"name\":\"admin\",\"@id\":\"https:\\\/\\\/akunq.net\\\/tr\\\/#\\\/schema\\\/person\\\/096f1d38a12cce57fb855b485ed24c9e\"},\"headline\":\"\u2018Ben dil uzman\u0131y\u0131m\u2019 diyen G\u00fclg\u00fbn Feyman\u2019\u0131n K\u00fcrt\u00e7eye dair s\u00f6zleri tepki \u00e7ekti\",\"datePublished\":\"2022-02-17T07:46:38+00:00\",\"mainEntityOfPage\":{\"@id\":\"https:\\\/\\\/akunq.net\\\/tr\\\/?p=67131\"},\"wordCount\":554,\"commentCount\":0,\"image\":{\"@id\":\"https:\\\/\\\/akunq.net\\\/tr\\\/?p=67131#primaryimage\"},\"thumbnailUrl\":\"https:\\\/\\\/akunq.net\\\/tr\\\/wp-content\\\/uploads\\\/sites\\\/6\\\/2022\\\/02\\\/G\u00fclg\u00fbn-Feyman.jpg\",\"articleSection\":[\"Haberler\",\"T\u00fcrkiye\u2019de Az\u0131nl\u0131klar\"],\"inLanguage\":\"en-US\",\"potentialAction\":[{\"@type\":\"CommentAction\",\"name\":\"Comment\",\"target\":[\"https:\\\/\\\/akunq.net\\\/tr\\\/?p=67131#respond\"]}]},{\"@type\":\"WebPage\",\"@id\":\"https:\\\/\\\/akunq.net\\\/tr\\\/?p=67131\",\"url\":\"https:\\\/\\\/akunq.net\\\/tr\\\/?p=67131\",\"name\":\"\u2018Ben dil uzman\u0131y\u0131m\u2019 diyen G\u00fclg\u00fbn Feyman\u2019\u0131n K\u00fcrt\u00e7eye dair s\u00f6zleri tepki \u00e7ekti - Bati Ermenistan Ve Bati Ermenileri Sorunlari Ara\u015ftirmalar Merkezi\",\"isPartOf\":{\"@id\":\"https:\\\/\\\/akunq.net\\\/tr\\\/#website\"},\"primaryImageOfPage\":{\"@id\":\"https:\\\/\\\/akunq.net\\\/tr\\\/?p=67131#primaryimage\"},\"image\":{\"@id\":\"https:\\\/\\\/akunq.net\\\/tr\\\/?p=67131#primaryimage\"},\"thumbnailUrl\":\"https:\\\/\\\/akunq.net\\\/tr\\\/wp-content\\\/uploads\\\/sites\\\/6\\\/2022\\\/02\\\/G\u00fclg\u00fbn-Feyman.jpg\",\"datePublished\":\"2022-02-17T07:46:38+00:00\",\"author\":{\"@id\":\"https:\\\/\\\/akunq.net\\\/tr\\\/#\\\/schema\\\/person\\\/096f1d38a12cce57fb855b485ed24c9e\"},\"breadcrumb\":{\"@id\":\"https:\\\/\\\/akunq.net\\\/tr\\\/?p=67131#breadcrumb\"},\"inLanguage\":\"en-US\",\"potentialAction\":[{\"@type\":\"ReadAction\",\"target\":[\"https:\\\/\\\/akunq.net\\\/tr\\\/?p=67131\"]}]},{\"@type\":\"ImageObject\",\"inLanguage\":\"en-US\",\"@id\":\"https:\\\/\\\/akunq.net\\\/tr\\\/?p=67131#primaryimage\",\"url\":\"https:\\\/\\\/akunq.net\\\/tr\\\/wp-content\\\/uploads\\\/sites\\\/6\\\/2022\\\/02\\\/G\u00fclg\u00fbn-Feyman.jpg\",\"contentUrl\":\"https:\\\/\\\/akunq.net\\\/tr\\\/wp-content\\\/uploads\\\/sites\\\/6\\\/2022\\\/02\\\/G\u00fclg\u00fbn-Feyman.jpg\",\"width\":800,\"height\":463},{\"@type\":\"BreadcrumbList\",\"@id\":\"https:\\\/\\\/akunq.net\\\/tr\\\/?p=67131#breadcrumb\",\"itemListElement\":[{\"@type\":\"ListItem\",\"position\":1,\"name\":\"Home\",\"item\":\"https:\\\/\\\/akunq.net\\\/tr\"},{\"@type\":\"ListItem\",\"position\":2,\"name\":\"\u2018Ben dil uzman\u0131y\u0131m\u2019 diyen G\u00fclg\u00fbn Feyman\u2019\u0131n K\u00fcrt\u00e7eye dair s\u00f6zleri tepki \u00e7ekti\"}]},{\"@type\":\"WebSite\",\"@id\":\"https:\\\/\\\/akunq.net\\\/tr\\\/#website\",\"url\":\"https:\\\/\\\/akunq.net\\\/tr\\\/\",\"name\":\"Bati Ermenistan Ve Bati Ermenileri Sorunlari Ara\u015ftirmalar Merkezi\",\"description\":\"\",\"potentialAction\":[{\"@type\":\"SearchAction\",\"target\":{\"@type\":\"EntryPoint\",\"urlTemplate\":\"https:\\\/\\\/akunq.net\\\/tr\\\/?s={search_term_string}\"},\"query-input\":{\"@type\":\"PropertyValueSpecification\",\"valueRequired\":true,\"valueName\":\"search_term_string\"}}],\"inLanguage\":\"en-US\"},{\"@type\":\"Person\",\"@id\":\"https:\\\/\\\/akunq.net\\\/tr\\\/#\\\/schema\\\/person\\\/096f1d38a12cce57fb855b485ed24c9e\",\"name\":\"admin\",\"url\":\"https:\\\/\\\/akunq.net\\\/tr\\\/?author=7\"}]}<\/script>\n<!-- \/ Yoast SEO plugin. -->","yoast_head_json":{"title":"\u2018Ben dil uzman\u0131y\u0131m\u2019 diyen G\u00fclg\u00fbn Feyman\u2019\u0131n K\u00fcrt\u00e7eye dair s\u00f6zleri tepki \u00e7ekti - Bati Ermenistan Ve Bati Ermenileri Sorunlari Ara\u015ftirmalar Merkezi","robots":{"index":"index","follow":"follow","max-snippet":"max-snippet:-1","max-image-preview":"max-image-preview:large","max-video-preview":"max-video-preview:-1"},"canonical":"https:\/\/akunq.net\/tr\/?p=67131","og_locale":"en_US","og_type":"article","og_title":"\u2018Ben dil uzman\u0131y\u0131m\u2019 diyen G\u00fclg\u00fbn Feyman\u2019\u0131n K\u00fcrt\u00e7eye dair s\u00f6zleri tepki \u00e7ekti - Bati Ermenistan Ve Bati Ermenileri Sorunlari Ara\u015ftirmalar Merkezi","og_description":"T24\u2019te yay\u0131nlanan podcastte \u201cBen bir dil uzman\u0131y\u0131m\u201d diyen spiker G\u00fclg\u00fbn Feyman, \u201cK\u00fcrt\u00e7enin resmile\u015fmi\u015f bir altyap\u0131s\u0131 yoktur\u201d ifadelerini kulland\u0131. Haber spikeri G\u00fclg\u00fbn Feyman, kat\u0131ld\u0131\u011f\u0131 podcast program\u0131nda K\u00fcrt\u00e7eyle ilgili yorumlarda bulundu. Feyman, anayasada resmi dilin T\u00fcrk\u00e7e oldu\u011funu vurgulad\u0131 ve \u201cZaten herkes \u00f6zg\u00fcrce, belediye otob\u00fcs\u00fcnde a\u00e7\u0131yor telefonunu K\u00fcrt\u00e7e konu\u015fuyor\u201d dedi. T24\u2019te yay\u0131nlanan \u2018Yay\u0131nlanmas\u0131 Kayd\u0131yla\u2019 adl\u0131 podcast serisinde 1990\u2019l\u0131 [&hellip;]","og_url":"https:\/\/akunq.net\/tr\/?p=67131","og_site_name":"Bati Ermenistan Ve Bati Ermenileri Sorunlari Ara\u015ftirmalar Merkezi","article_published_time":"2022-02-17T07:46:38+00:00","og_image":[{"width":800,"height":463,"url":"https:\/\/akunq.net\/tr\/wp-content\/uploads\/sites\/6\/2022\/02\/G\u00fclg\u00fbn-Feyman.jpg","type":"image\/jpeg"}],"author":"admin","twitter_card":"summary_large_image","twitter_misc":{"Written by":"admin","Est. reading time":"3 minutes"},"schema":{"@context":"https:\/\/schema.org","@graph":[{"@type":"Article","@id":"https:\/\/akunq.net\/tr\/?p=67131#article","isPartOf":{"@id":"https:\/\/akunq.net\/tr\/?p=67131"},"author":{"name":"admin","@id":"https:\/\/akunq.net\/tr\/#\/schema\/person\/096f1d38a12cce57fb855b485ed24c9e"},"headline":"\u2018Ben dil uzman\u0131y\u0131m\u2019 diyen G\u00fclg\u00fbn Feyman\u2019\u0131n K\u00fcrt\u00e7eye dair s\u00f6zleri tepki \u00e7ekti","datePublished":"2022-02-17T07:46:38+00:00","mainEntityOfPage":{"@id":"https:\/\/akunq.net\/tr\/?p=67131"},"wordCount":554,"commentCount":0,"image":{"@id":"https:\/\/akunq.net\/tr\/?p=67131#primaryimage"},"thumbnailUrl":"https:\/\/akunq.net\/tr\/wp-content\/uploads\/sites\/6\/2022\/02\/G\u00fclg\u00fbn-Feyman.jpg","articleSection":["Haberler","T\u00fcrkiye\u2019de Az\u0131nl\u0131klar"],"inLanguage":"en-US","potentialAction":[{"@type":"CommentAction","name":"Comment","target":["https:\/\/akunq.net\/tr\/?p=67131#respond"]}]},{"@type":"WebPage","@id":"https:\/\/akunq.net\/tr\/?p=67131","url":"https:\/\/akunq.net\/tr\/?p=67131","name":"\u2018Ben dil uzman\u0131y\u0131m\u2019 diyen G\u00fclg\u00fbn Feyman\u2019\u0131n K\u00fcrt\u00e7eye dair s\u00f6zleri tepki \u00e7ekti - Bati Ermenistan Ve Bati Ermenileri Sorunlari Ara\u015ftirmalar Merkezi","isPartOf":{"@id":"https:\/\/akunq.net\/tr\/#website"},"primaryImageOfPage":{"@id":"https:\/\/akunq.net\/tr\/?p=67131#primaryimage"},"image":{"@id":"https:\/\/akunq.net\/tr\/?p=67131#primaryimage"},"thumbnailUrl":"https:\/\/akunq.net\/tr\/wp-content\/uploads\/sites\/6\/2022\/02\/G\u00fclg\u00fbn-Feyman.jpg","datePublished":"2022-02-17T07:46:38+00:00","author":{"@id":"https:\/\/akunq.net\/tr\/#\/schema\/person\/096f1d38a12cce57fb855b485ed24c9e"},"breadcrumb":{"@id":"https:\/\/akunq.net\/tr\/?p=67131#breadcrumb"},"inLanguage":"en-US","potentialAction":[{"@type":"ReadAction","target":["https:\/\/akunq.net\/tr\/?p=67131"]}]},{"@type":"ImageObject","inLanguage":"en-US","@id":"https:\/\/akunq.net\/tr\/?p=67131#primaryimage","url":"https:\/\/akunq.net\/tr\/wp-content\/uploads\/sites\/6\/2022\/02\/G\u00fclg\u00fbn-Feyman.jpg","contentUrl":"https:\/\/akunq.net\/tr\/wp-content\/uploads\/sites\/6\/2022\/02\/G\u00fclg\u00fbn-Feyman.jpg","width":800,"height":463},{"@type":"BreadcrumbList","@id":"https:\/\/akunq.net\/tr\/?p=67131#breadcrumb","itemListElement":[{"@type":"ListItem","position":1,"name":"Home","item":"https:\/\/akunq.net\/tr"},{"@type":"ListItem","position":2,"name":"\u2018Ben dil uzman\u0131y\u0131m\u2019 diyen G\u00fclg\u00fbn Feyman\u2019\u0131n K\u00fcrt\u00e7eye dair s\u00f6zleri tepki \u00e7ekti"}]},{"@type":"WebSite","@id":"https:\/\/akunq.net\/tr\/#website","url":"https:\/\/akunq.net\/tr\/","name":"Bati Ermenistan Ve Bati Ermenileri Sorunlari Ara\u015ftirmalar Merkezi","description":"","potentialAction":[{"@type":"SearchAction","target":{"@type":"EntryPoint","urlTemplate":"https:\/\/akunq.net\/tr\/?s={search_term_string}"},"query-input":{"@type":"PropertyValueSpecification","valueRequired":true,"valueName":"search_term_string"}}],"inLanguage":"en-US"},{"@type":"Person","@id":"https:\/\/akunq.net\/tr\/#\/schema\/person\/096f1d38a12cce57fb855b485ed24c9e","name":"admin","url":"https:\/\/akunq.net\/tr\/?author=7"}]}},"_links":{"self":[{"href":"https:\/\/akunq.net\/tr\/index.php?rest_route=\/wp\/v2\/posts\/67131","targetHints":{"allow":["GET"]}}],"collection":[{"href":"https:\/\/akunq.net\/tr\/index.php?rest_route=\/wp\/v2\/posts"}],"about":[{"href":"https:\/\/akunq.net\/tr\/index.php?rest_route=\/wp\/v2\/types\/post"}],"author":[{"embeddable":true,"href":"https:\/\/akunq.net\/tr\/index.php?rest_route=\/wp\/v2\/users\/7"}],"replies":[{"embeddable":true,"href":"https:\/\/akunq.net\/tr\/index.php?rest_route=%2Fwp%2Fv2%2Fcomments&post=67131"}],"version-history":[{"count":1,"href":"https:\/\/akunq.net\/tr\/index.php?rest_route=\/wp\/v2\/posts\/67131\/revisions"}],"predecessor-version":[{"id":67133,"href":"https:\/\/akunq.net\/tr\/index.php?rest_route=\/wp\/v2\/posts\/67131\/revisions\/67133"}],"wp:featuredmedia":[{"embeddable":true,"href":"https:\/\/akunq.net\/tr\/index.php?rest_route=\/wp\/v2\/media\/67132"}],"wp:attachment":[{"href":"https:\/\/akunq.net\/tr\/index.php?rest_route=%2Fwp%2Fv2%2Fmedia&parent=67131"}],"wp:term":[{"taxonomy":"category","embeddable":true,"href":"https:\/\/akunq.net\/tr\/index.php?rest_route=%2Fwp%2Fv2%2Fcategories&post=67131"},{"taxonomy":"post_tag","embeddable":true,"href":"https:\/\/akunq.net\/tr\/index.php?rest_route=%2Fwp%2Fv2%2Ftags&post=67131"}],"curies":[{"name":"wp","href":"https:\/\/api.w.org\/{rel}","templated":true}]}}