{"id":67128,"date":"2022-02-17T02:40:08","date_gmt":"2022-02-17T07:40:08","guid":{"rendered":"https:\/\/akunq.net\/tr\/?p=67128"},"modified":"2022-02-17T02:40:08","modified_gmt":"2022-02-17T07:40:08","slug":"bakan-soylu-ermeni-katolik-cemaati-onderi-zekiyanla-gorustu","status":"publish","type":"post","link":"https:\/\/akunq.net\/tr\/?p=67128","title":{"rendered":"Bakan Soylu, Ermeni Katolik Cemaati \u00d6nderi Zekiyan\u2019la g\u00f6r\u00fc\u015ft\u00fc"},"content":{"rendered":"<p><img loading=\"lazy\" decoding=\"async\" class=\"aligncenter size-medium wp-image-67129\" src=\"https:\/\/akunq.net\/tr\/wp-content\/uploads\/2022\/02\/Soylu-ile-Zekiyan-360x203.jpg\" alt=\"\" width=\"360\" height=\"203\" srcset=\"https:\/\/akunq.net\/tr\/wp-content\/uploads\/sites\/6\/2022\/02\/Soylu-ile-Zekiyan-360x203.jpg 360w, https:\/\/akunq.net\/tr\/wp-content\/uploads\/sites\/6\/2022\/02\/Soylu-ile-Zekiyan-768x432.jpg 768w, https:\/\/akunq.net\/tr\/wp-content\/uploads\/sites\/6\/2022\/02\/Soylu-ile-Zekiyan-560x315.jpg 560w, https:\/\/akunq.net\/tr\/wp-content\/uploads\/sites\/6\/2022\/02\/Soylu-ile-Zekiyan-260x146.jpg 260w, https:\/\/akunq.net\/tr\/wp-content\/uploads\/sites\/6\/2022\/02\/Soylu-ile-Zekiyan-160x90.jpg 160w, https:\/\/akunq.net\/tr\/wp-content\/uploads\/sites\/6\/2022\/02\/Soylu-ile-Zekiyan.jpg 1280w\" sizes=\"auto, (max-width: 360px) 100vw, 360px\" \/><\/p>\n<p><em><strong>\u0130\u00e7i\u015fleri Bakan\u0131 Soylu, T\u00fcrkiye Ermeni Katolik Cemaati Ruhani \u00d6nderi Bo\u011fos Levon Zekiyan\u2019la bir araya geldi.<\/strong><\/em><\/p>\n<p><strong>DUVAR \u2013<\/strong>\u00a0\u0130\u00e7i\u015fleri Bakan\u0131 S\u00fcleyman Soylu, T\u00fcrkiye Ermeni Katolik Cemaati Ruhani \u00d6nderi Bo\u011fos Levon Zekiyan\u2019la g\u00f6r\u00fc\u015ft\u00fc.<\/p>\n<p>Bakanl\u0131\u011f\u0131n Twitter hesab\u0131ndan yap\u0131lan a\u00e7\u0131klamada, \u201cBakan\u0131m\u0131z Sn. S\u00fcleyman Soylu, T\u00fcrkiye Ermeni Katolik Cemaati Ruhani Lideri Sn. Bo\u011fos Levon Zekiyan ile birlikte, Sn. Rita Karanfil Nurnur ve Sn. Talin Erg\u00fcne\u015f Gazer Han\u0131mefendileri misafir etti\u201d ifadelerine yer verildi.\u00a0<strong>(HABER MERKEZ\u0130)<\/strong><\/p>\n<figure class=\"wp-block-embed is-type-rich is-provider-twitter wp-block-embed-twitter\">\n<div class=\"wp-block-embed__wrapper\">\n<div class=\"twitter-tweet twitter-tweet-rendered\"><iframe id=\"twitter-widget-0\" class=\"\" title=\"Twitter Tweet\" src=\"https:\/\/platform.twitter.com\/embed\/Tweet.html?creatorScreenName=HyeTert&amp;dnt=true&amp;embedId=twitter-widget-0&amp;features=eyJ0ZndfZXhwZXJpbWVudHNfY29va2llX2V4cGlyYXRpb24iOnsiYnVja2V0IjoxMjA5NjAwLCJ2ZXJzaW9uIjpudWxsfSwidGZ3X2hvcml6b25fdHdlZXRfZW1iZWRfOTU1NSI6eyJidWNrZXQiOiJodGUiLCJ2ZXJzaW9uIjpudWxsfSwidGZ3X3NwYWNlX2NhcmQiOnsiYnVja2V0Ijoib2ZmIiwidmVyc2lvbiI6bnVsbH19&amp;frame=false&amp;hideCard=false&amp;hideThread=false&amp;id=1493944364388732930&amp;lang=tr&amp;origin=https%3A%2F%2Fhyetert.org%2F2022%2F02%2F16%2Fbakan-soylu-ermeni-katolik-cemaati-onderi-zekiyanla-gorustu%2F&amp;sessionId=2476fbf3bd3136995ba1fc735f5a33749c70a45c&amp;siteScreenName=HyeTert&amp;theme=light&amp;widgetsVersion=2582c61%3A1645036219416&amp;width=500px\" frameborder=\"0\" scrolling=\"no\" allowfullscreen=\"allowfullscreen\" data-tweet-id=\"1493944364388732930\" data-mce-fragment=\"1\"><\/iframe><\/div>\n<\/div>\n<\/figure>\n<p><em><strong><a href=\"https:\/\/www.gazeteduvar.com.tr\/bakan-soylu-ermeni-katolik-cemaati-onderi-zekiyanla-gorustu-haber-1553451\">https:\/\/www.gazeteduvar.com.tr\/bakan-soylu-ermeni-katolik-cemaati-onderi-zekiyanla-gorustu-haber-1553451<\/a>\u00a0<\/strong><\/em><\/p>\n","protected":false},"excerpt":{"rendered":"<p>\u0130\u00e7i\u015fleri Bakan\u0131 Soylu, T\u00fcrkiye Ermeni Katolik Cemaati Ruhani \u00d6nderi Bo\u011fos Levon Zekiyan\u2019la bir araya geldi. DUVAR \u2013\u00a0\u0130\u00e7i\u015fleri Bakan\u0131 S\u00fcleyman Soylu, T\u00fcrkiye Ermeni Katolik Cemaati Ruhani \u00d6nderi Bo\u011fos Levon Zekiyan\u2019la g\u00f6r\u00fc\u015ft\u00fc. Bakanl\u0131\u011f\u0131n Twitter hesab\u0131ndan yap\u0131lan a\u00e7\u0131klamada, \u201cBakan\u0131m\u0131z Sn. S\u00fcleyman Soylu, T\u00fcrkiye Ermeni Katolik Cemaati Ruhani Lideri Sn. Bo\u011fos Levon Zekiyan ile birlikte, Sn. Rita Karanfil Nurnur [&hellip;]<\/p>\n","protected":false},"author":7,"featured_media":67129,"comment_status":"open","ping_status":"open","sticky":false,"template":"","format":"standard","meta":{"footnotes":""},"categories":[1],"tags":[],"class_list":["post-67128","post","type-post","status-publish","format-standard","has-post-thumbnail","hentry","category-haberler"],"yoast_head":"<!-- This site is optimized with the Yoast SEO plugin v27.4 - https:\/\/yoast.com\/product\/yoast-seo-wordpress\/ -->\n<title>Bakan Soylu, Ermeni Katolik Cemaati \u00d6nderi Zekiyan\u2019la g\u00f6r\u00fc\u015ft\u00fc - Bati Ermenistan Ve Bati Ermenileri Sorunlari Ara\u015ftirmalar Merkezi<\/title>\n<meta name=\"robots\" content=\"index, follow, max-snippet:-1, max-image-preview:large, max-video-preview:-1\" \/>\n<link rel=\"canonical\" href=\"https:\/\/akunq.net\/tr\/?p=67128\" \/>\n<meta property=\"og:locale\" content=\"en_US\" \/>\n<meta property=\"og:type\" content=\"article\" \/>\n<meta property=\"og:title\" content=\"Bakan Soylu, Ermeni Katolik Cemaati \u00d6nderi Zekiyan\u2019la g\u00f6r\u00fc\u015ft\u00fc - Bati Ermenistan Ve Bati Ermenileri Sorunlari Ara\u015ftirmalar Merkezi\" \/>\n<meta property=\"og:description\" content=\"\u0130\u00e7i\u015fleri Bakan\u0131 Soylu, T\u00fcrkiye Ermeni Katolik Cemaati Ruhani \u00d6nderi Bo\u011fos Levon Zekiyan\u2019la bir araya geldi. DUVAR \u2013\u00a0\u0130\u00e7i\u015fleri Bakan\u0131 S\u00fcleyman Soylu, T\u00fcrkiye Ermeni Katolik Cemaati Ruhani \u00d6nderi Bo\u011fos Levon Zekiyan\u2019la g\u00f6r\u00fc\u015ft\u00fc. Bakanl\u0131\u011f\u0131n Twitter hesab\u0131ndan yap\u0131lan a\u00e7\u0131klamada, \u201cBakan\u0131m\u0131z Sn. S\u00fcleyman Soylu, T\u00fcrkiye Ermeni Katolik Cemaati Ruhani Lideri Sn. Bo\u011fos Levon Zekiyan ile birlikte, Sn. Rita Karanfil Nurnur [&hellip;]\" \/>\n<meta property=\"og:url\" content=\"https:\/\/akunq.net\/tr\/?p=67128\" \/>\n<meta property=\"og:site_name\" content=\"Bati Ermenistan Ve Bati Ermenileri Sorunlari Ara\u015ftirmalar Merkezi\" \/>\n<meta property=\"article:published_time\" content=\"2022-02-17T07:40:08+00:00\" \/>\n<meta property=\"og:image\" content=\"https:\/\/akunq.net\/tr\/wp-content\/uploads\/sites\/6\/2022\/02\/Soylu-ile-Zekiyan.jpg\" \/>\n\t<meta property=\"og:image:width\" content=\"1280\" \/>\n\t<meta property=\"og:image:height\" content=\"720\" \/>\n\t<meta property=\"og:image:type\" content=\"image\/jpeg\" \/>\n<meta name=\"author\" content=\"admin\" \/>\n<meta name=\"twitter:card\" content=\"summary_large_image\" \/>\n<meta name=\"twitter:label1\" content=\"Written by\" \/>\n\t<meta name=\"twitter:data1\" content=\"admin\" \/>\n<script type=\"application\/ld+json\" class=\"yoast-schema-graph\">{\"@context\":\"https:\\\/\\\/schema.org\",\"@graph\":[{\"@type\":\"Article\",\"@id\":\"https:\\\/\\\/akunq.net\\\/tr\\\/?p=67128#article\",\"isPartOf\":{\"@id\":\"https:\\\/\\\/akunq.net\\\/tr\\\/?p=67128\"},\"author\":{\"name\":\"admin\",\"@id\":\"https:\\\/\\\/akunq.net\\\/tr\\\/#\\\/schema\\\/person\\\/096f1d38a12cce57fb855b485ed24c9e\"},\"headline\":\"Bakan Soylu, Ermeni Katolik Cemaati \u00d6nderi Zekiyan\u2019la g\u00f6r\u00fc\u015ft\u00fc\",\"datePublished\":\"2022-02-17T07:40:08+00:00\",\"mainEntityOfPage\":{\"@id\":\"https:\\\/\\\/akunq.net\\\/tr\\\/?p=67128\"},\"wordCount\":107,\"commentCount\":0,\"image\":{\"@id\":\"https:\\\/\\\/akunq.net\\\/tr\\\/?p=67128#primaryimage\"},\"thumbnailUrl\":\"https:\\\/\\\/akunq.net\\\/tr\\\/wp-content\\\/uploads\\\/sites\\\/6\\\/2022\\\/02\\\/Soylu-ile-Zekiyan.jpg\",\"articleSection\":[\"Haberler\"],\"inLanguage\":\"en-US\",\"potentialAction\":[{\"@type\":\"CommentAction\",\"name\":\"Comment\",\"target\":[\"https:\\\/\\\/akunq.net\\\/tr\\\/?p=67128#respond\"]}]},{\"@type\":\"WebPage\",\"@id\":\"https:\\\/\\\/akunq.net\\\/tr\\\/?p=67128\",\"url\":\"https:\\\/\\\/akunq.net\\\/tr\\\/?p=67128\",\"name\":\"Bakan Soylu, Ermeni Katolik Cemaati \u00d6nderi Zekiyan\u2019la g\u00f6r\u00fc\u015ft\u00fc - Bati Ermenistan Ve Bati Ermenileri Sorunlari Ara\u015ftirmalar Merkezi\",\"isPartOf\":{\"@id\":\"https:\\\/\\\/akunq.net\\\/tr\\\/#website\"},\"primaryImageOfPage\":{\"@id\":\"https:\\\/\\\/akunq.net\\\/tr\\\/?p=67128#primaryimage\"},\"image\":{\"@id\":\"https:\\\/\\\/akunq.net\\\/tr\\\/?p=67128#primaryimage\"},\"thumbnailUrl\":\"https:\\\/\\\/akunq.net\\\/tr\\\/wp-content\\\/uploads\\\/sites\\\/6\\\/2022\\\/02\\\/Soylu-ile-Zekiyan.jpg\",\"datePublished\":\"2022-02-17T07:40:08+00:00\",\"author\":{\"@id\":\"https:\\\/\\\/akunq.net\\\/tr\\\/#\\\/schema\\\/person\\\/096f1d38a12cce57fb855b485ed24c9e\"},\"breadcrumb\":{\"@id\":\"https:\\\/\\\/akunq.net\\\/tr\\\/?p=67128#breadcrumb\"},\"inLanguage\":\"en-US\",\"potentialAction\":[{\"@type\":\"ReadAction\",\"target\":[\"https:\\\/\\\/akunq.net\\\/tr\\\/?p=67128\"]}]},{\"@type\":\"ImageObject\",\"inLanguage\":\"en-US\",\"@id\":\"https:\\\/\\\/akunq.net\\\/tr\\\/?p=67128#primaryimage\",\"url\":\"https:\\\/\\\/akunq.net\\\/tr\\\/wp-content\\\/uploads\\\/sites\\\/6\\\/2022\\\/02\\\/Soylu-ile-Zekiyan.jpg\",\"contentUrl\":\"https:\\\/\\\/akunq.net\\\/tr\\\/wp-content\\\/uploads\\\/sites\\\/6\\\/2022\\\/02\\\/Soylu-ile-Zekiyan.jpg\",\"width\":1280,\"height\":720},{\"@type\":\"BreadcrumbList\",\"@id\":\"https:\\\/\\\/akunq.net\\\/tr\\\/?p=67128#breadcrumb\",\"itemListElement\":[{\"@type\":\"ListItem\",\"position\":1,\"name\":\"Home\",\"item\":\"https:\\\/\\\/akunq.net\\\/tr\"},{\"@type\":\"ListItem\",\"position\":2,\"name\":\"Bakan Soylu, Ermeni Katolik Cemaati \u00d6nderi Zekiyan\u2019la g\u00f6r\u00fc\u015ft\u00fc\"}]},{\"@type\":\"WebSite\",\"@id\":\"https:\\\/\\\/akunq.net\\\/tr\\\/#website\",\"url\":\"https:\\\/\\\/akunq.net\\\/tr\\\/\",\"name\":\"Bati Ermenistan Ve Bati Ermenileri Sorunlari Ara\u015ftirmalar Merkezi\",\"description\":\"\",\"potentialAction\":[{\"@type\":\"SearchAction\",\"target\":{\"@type\":\"EntryPoint\",\"urlTemplate\":\"https:\\\/\\\/akunq.net\\\/tr\\\/?s={search_term_string}\"},\"query-input\":{\"@type\":\"PropertyValueSpecification\",\"valueRequired\":true,\"valueName\":\"search_term_string\"}}],\"inLanguage\":\"en-US\"},{\"@type\":\"Person\",\"@id\":\"https:\\\/\\\/akunq.net\\\/tr\\\/#\\\/schema\\\/person\\\/096f1d38a12cce57fb855b485ed24c9e\",\"name\":\"admin\",\"url\":\"https:\\\/\\\/akunq.net\\\/tr\\\/?author=7\"}]}<\/script>\n<!-- \/ Yoast SEO plugin. -->","yoast_head_json":{"title":"Bakan Soylu, Ermeni Katolik Cemaati \u00d6nderi Zekiyan\u2019la g\u00f6r\u00fc\u015ft\u00fc - Bati Ermenistan Ve Bati Ermenileri Sorunlari Ara\u015ftirmalar Merkezi","robots":{"index":"index","follow":"follow","max-snippet":"max-snippet:-1","max-image-preview":"max-image-preview:large","max-video-preview":"max-video-preview:-1"},"canonical":"https:\/\/akunq.net\/tr\/?p=67128","og_locale":"en_US","og_type":"article","og_title":"Bakan Soylu, Ermeni Katolik Cemaati \u00d6nderi Zekiyan\u2019la g\u00f6r\u00fc\u015ft\u00fc - Bati Ermenistan Ve Bati Ermenileri Sorunlari Ara\u015ftirmalar Merkezi","og_description":"\u0130\u00e7i\u015fleri Bakan\u0131 Soylu, T\u00fcrkiye Ermeni Katolik Cemaati Ruhani \u00d6nderi Bo\u011fos Levon Zekiyan\u2019la bir araya geldi. DUVAR \u2013\u00a0\u0130\u00e7i\u015fleri Bakan\u0131 S\u00fcleyman Soylu, T\u00fcrkiye Ermeni Katolik Cemaati Ruhani \u00d6nderi Bo\u011fos Levon Zekiyan\u2019la g\u00f6r\u00fc\u015ft\u00fc. Bakanl\u0131\u011f\u0131n Twitter hesab\u0131ndan yap\u0131lan a\u00e7\u0131klamada, \u201cBakan\u0131m\u0131z Sn. S\u00fcleyman Soylu, T\u00fcrkiye Ermeni Katolik Cemaati Ruhani Lideri Sn. Bo\u011fos Levon Zekiyan ile birlikte, Sn. Rita Karanfil Nurnur [&hellip;]","og_url":"https:\/\/akunq.net\/tr\/?p=67128","og_site_name":"Bati Ermenistan Ve Bati Ermenileri Sorunlari Ara\u015ftirmalar Merkezi","article_published_time":"2022-02-17T07:40:08+00:00","og_image":[{"width":1280,"height":720,"url":"https:\/\/akunq.net\/tr\/wp-content\/uploads\/sites\/6\/2022\/02\/Soylu-ile-Zekiyan.jpg","type":"image\/jpeg"}],"author":"admin","twitter_card":"summary_large_image","twitter_misc":{"Written by":"admin"},"schema":{"@context":"https:\/\/schema.org","@graph":[{"@type":"Article","@id":"https:\/\/akunq.net\/tr\/?p=67128#article","isPartOf":{"@id":"https:\/\/akunq.net\/tr\/?p=67128"},"author":{"name":"admin","@id":"https:\/\/akunq.net\/tr\/#\/schema\/person\/096f1d38a12cce57fb855b485ed24c9e"},"headline":"Bakan Soylu, Ermeni Katolik Cemaati \u00d6nderi Zekiyan\u2019la g\u00f6r\u00fc\u015ft\u00fc","datePublished":"2022-02-17T07:40:08+00:00","mainEntityOfPage":{"@id":"https:\/\/akunq.net\/tr\/?p=67128"},"wordCount":107,"commentCount":0,"image":{"@id":"https:\/\/akunq.net\/tr\/?p=67128#primaryimage"},"thumbnailUrl":"https:\/\/akunq.net\/tr\/wp-content\/uploads\/sites\/6\/2022\/02\/Soylu-ile-Zekiyan.jpg","articleSection":["Haberler"],"inLanguage":"en-US","potentialAction":[{"@type":"CommentAction","name":"Comment","target":["https:\/\/akunq.net\/tr\/?p=67128#respond"]}]},{"@type":"WebPage","@id":"https:\/\/akunq.net\/tr\/?p=67128","url":"https:\/\/akunq.net\/tr\/?p=67128","name":"Bakan Soylu, Ermeni Katolik Cemaati \u00d6nderi Zekiyan\u2019la g\u00f6r\u00fc\u015ft\u00fc - Bati Ermenistan Ve Bati Ermenileri Sorunlari Ara\u015ftirmalar Merkezi","isPartOf":{"@id":"https:\/\/akunq.net\/tr\/#website"},"primaryImageOfPage":{"@id":"https:\/\/akunq.net\/tr\/?p=67128#primaryimage"},"image":{"@id":"https:\/\/akunq.net\/tr\/?p=67128#primaryimage"},"thumbnailUrl":"https:\/\/akunq.net\/tr\/wp-content\/uploads\/sites\/6\/2022\/02\/Soylu-ile-Zekiyan.jpg","datePublished":"2022-02-17T07:40:08+00:00","author":{"@id":"https:\/\/akunq.net\/tr\/#\/schema\/person\/096f1d38a12cce57fb855b485ed24c9e"},"breadcrumb":{"@id":"https:\/\/akunq.net\/tr\/?p=67128#breadcrumb"},"inLanguage":"en-US","potentialAction":[{"@type":"ReadAction","target":["https:\/\/akunq.net\/tr\/?p=67128"]}]},{"@type":"ImageObject","inLanguage":"en-US","@id":"https:\/\/akunq.net\/tr\/?p=67128#primaryimage","url":"https:\/\/akunq.net\/tr\/wp-content\/uploads\/sites\/6\/2022\/02\/Soylu-ile-Zekiyan.jpg","contentUrl":"https:\/\/akunq.net\/tr\/wp-content\/uploads\/sites\/6\/2022\/02\/Soylu-ile-Zekiyan.jpg","width":1280,"height":720},{"@type":"BreadcrumbList","@id":"https:\/\/akunq.net\/tr\/?p=67128#breadcrumb","itemListElement":[{"@type":"ListItem","position":1,"name":"Home","item":"https:\/\/akunq.net\/tr"},{"@type":"ListItem","position":2,"name":"Bakan Soylu, Ermeni Katolik Cemaati \u00d6nderi Zekiyan\u2019la g\u00f6r\u00fc\u015ft\u00fc"}]},{"@type":"WebSite","@id":"https:\/\/akunq.net\/tr\/#website","url":"https:\/\/akunq.net\/tr\/","name":"Bati Ermenistan Ve Bati Ermenileri Sorunlari Ara\u015ftirmalar Merkezi","description":"","potentialAction":[{"@type":"SearchAction","target":{"@type":"EntryPoint","urlTemplate":"https:\/\/akunq.net\/tr\/?s={search_term_string}"},"query-input":{"@type":"PropertyValueSpecification","valueRequired":true,"valueName":"search_term_string"}}],"inLanguage":"en-US"},{"@type":"Person","@id":"https:\/\/akunq.net\/tr\/#\/schema\/person\/096f1d38a12cce57fb855b485ed24c9e","name":"admin","url":"https:\/\/akunq.net\/tr\/?author=7"}]}},"_links":{"self":[{"href":"https:\/\/akunq.net\/tr\/index.php?rest_route=\/wp\/v2\/posts\/67128","targetHints":{"allow":["GET"]}}],"collection":[{"href":"https:\/\/akunq.net\/tr\/index.php?rest_route=\/wp\/v2\/posts"}],"about":[{"href":"https:\/\/akunq.net\/tr\/index.php?rest_route=\/wp\/v2\/types\/post"}],"author":[{"embeddable":true,"href":"https:\/\/akunq.net\/tr\/index.php?rest_route=\/wp\/v2\/users\/7"}],"replies":[{"embeddable":true,"href":"https:\/\/akunq.net\/tr\/index.php?rest_route=%2Fwp%2Fv2%2Fcomments&post=67128"}],"version-history":[{"count":1,"href":"https:\/\/akunq.net\/tr\/index.php?rest_route=\/wp\/v2\/posts\/67128\/revisions"}],"predecessor-version":[{"id":67130,"href":"https:\/\/akunq.net\/tr\/index.php?rest_route=\/wp\/v2\/posts\/67128\/revisions\/67130"}],"wp:featuredmedia":[{"embeddable":true,"href":"https:\/\/akunq.net\/tr\/index.php?rest_route=\/wp\/v2\/media\/67129"}],"wp:attachment":[{"href":"https:\/\/akunq.net\/tr\/index.php?rest_route=%2Fwp%2Fv2%2Fmedia&parent=67128"}],"wp:term":[{"taxonomy":"category","embeddable":true,"href":"https:\/\/akunq.net\/tr\/index.php?rest_route=%2Fwp%2Fv2%2Fcategories&post=67128"},{"taxonomy":"post_tag","embeddable":true,"href":"https:\/\/akunq.net\/tr\/index.php?rest_route=%2Fwp%2Fv2%2Ftags&post=67128"}],"curies":[{"name":"wp","href":"https:\/\/api.w.org\/{rel}","templated":true}]}}