{"id":67105,"date":"2022-02-16T03:15:38","date_gmt":"2022-02-16T08:15:38","guid":{"rendered":"https:\/\/akunq.net\/tr\/?p=67105"},"modified":"2022-02-16T03:15:38","modified_gmt":"2022-02-16T08:15:38","slug":"karadenizin-zeugmasinda-tessera-restorasyonu-suruyor","status":"publish","type":"post","link":"https:\/\/akunq.net\/tr\/?p=67105","title":{"rendered":"\u201cKaradeniz\u2019in Zeugmas\u0131\u201dnda \u201ctessera\u201d restorasyonu s\u00fcr\u00fcyor"},"content":{"rendered":"<p><img loading=\"lazy\" decoding=\"async\" class=\"aligncenter size-medium wp-image-67106\" src=\"https:\/\/akunq.net\/tr\/wp-content\/uploads\/2022\/02\/Karadeniz\u2019in-Zeugmas\u0131-360x203.jpeg\" alt=\"\" width=\"360\" height=\"203\" srcset=\"https:\/\/akunq.net\/tr\/wp-content\/uploads\/sites\/6\/2022\/02\/Karadeniz\u2019in-Zeugmas\u0131-360x203.jpeg 360w, https:\/\/akunq.net\/tr\/wp-content\/uploads\/sites\/6\/2022\/02\/Karadeniz\u2019in-Zeugmas\u0131-768x432.jpeg 768w, https:\/\/akunq.net\/tr\/wp-content\/uploads\/sites\/6\/2022\/02\/Karadeniz\u2019in-Zeugmas\u0131-560x315.jpeg 560w, https:\/\/akunq.net\/tr\/wp-content\/uploads\/sites\/6\/2022\/02\/Karadeniz\u2019in-Zeugmas\u0131-260x146.jpeg 260w, https:\/\/akunq.net\/tr\/wp-content\/uploads\/sites\/6\/2022\/02\/Karadeniz\u2019in-Zeugmas\u0131-160x90.jpeg 160w, https:\/\/akunq.net\/tr\/wp-content\/uploads\/sites\/6\/2022\/02\/Karadeniz\u2019in-Zeugmas\u0131.jpeg 864w\" sizes=\"auto, (max-width: 360px) 100vw, 360px\" \/><\/p>\n<p><strong><em>Kaz\u0131 Ba\u015fkan\u0131 Do\u00e7. Dr. Ersin \u00c7elikba\u015f, \u201cBu y\u0131l Ge\u00e7 Roma Konutu olarak adland\u0131r\u0131lan alandaki tesseralar elden ge\u00e7iriliyor. Mozaiklerin derzi yap\u0131l\u0131yor, \u00e7\u00f6ken k\u0131s\u0131mlar d\u00fczeltiliyor.\u201d dedi.<\/em><\/strong><\/p>\n<p><strong>Ahmet \u00d6zler<\/strong><\/p>\n<p>Karab\u00fck\u2019\u00fcn Eskipazar il\u00e7esinde Ge\u00e7 Kalkolitik, Roma ve Erken Bizans d\u00f6nemlerinde yerle\u015fim yeri olarak kullan\u0131ld\u0131\u011f\u0131 tahmin edilen Hadrianaupolis Antik Kenti\u2019nde ge\u00e7en y\u0131l ba\u015flat\u0131lan kilise tabanlar\u0131ndaki tessera restorasyonu devam ediyor.<\/p>\n<p>\u0130l\u00e7enin 3 kilometre bat\u0131s\u0131nda yer alan ve 2003\u2019te kaz\u0131lar\u0131n ba\u015flad\u0131\u011f\u0131 antik kentteki \u00e7al\u0131\u015fmalar, Karab\u00fck \u00dcniversitesi Edebiyat Fak\u00fcltesi Arkeoloji B\u00f6l\u00fcm\u00fc \u00d6\u011fretim \u00dcyesi Do\u00e7. Dr. Ersin \u00c7elikba\u015f ba\u015fkanl\u0131\u011f\u0131nda y\u00fcr\u00fct\u00fcl\u00fcyor.<\/p>\n<p>Hadrianaupolis\u2019te y\u0131l\u0131n 12 ay\u0131 devam eden kaz\u0131 \u00e7al\u0131\u015fmalar\u0131 kapsam\u0131nda ge\u00e7en y\u0131l \u015fubat ay\u0131nda \u201cB\u201d kilisesi olarak adland\u0131r\u0131lan alanda ba\u015flat\u0131lan restorasyon \u00e7al\u0131\u015fmalar\u0131 s\u00fcr\u00fcyor.<\/p>\n<p>Restorasyon \u00e7al\u0131\u015fmalar\u0131 Ge\u00e7 Roma Konutu olarak adland\u0131r\u0131lan alandaki binlerce tessera (mozaikte kullan\u0131lan cam ve mermer k\u00fcplerden her biri) onar\u0131l\u0131yor.<\/p>\n<p>Do\u00e7. Dr. Ersin \u00c7elikba\u015f, yapt\u0131\u011f\u0131 a\u00e7\u0131klamada, Hadrianaupolis Antik Kenti\u2019nde devam eden kaz\u0131 \u00e7al\u0131\u015fmalar\u0131n\u0131 k\u0131\u015f aylar\u0131nda restorasyona ay\u0131rd\u0131klar\u0131n\u0131 s\u00f6yledi.<\/p>\n<p>Ge\u00e7en y\u0131l ba\u015flatt\u0131klar\u0131 tessera restorasyonlar\u0131na devam ettiklerini belirten \u00c7elikba\u015f, \u201cOrtaya \u00e7\u0131kart\u0131lan k\u00fclt\u00fcrel zenginlikleri korumak da \u00e7ok \u00f6nemli. \u00c7al\u0131\u015fmalar\u0131m\u0131z\u0131 yaz aylar\u0131nda kaz\u0131, k\u0131\u015f aylar\u0131nda ise restorasyon olarak s\u00fcrd\u00fcr\u00fcyoruz. \u0130yi bir ekibe sahibiz. Alan\u0131nda uzman arkada\u015flarla \u00e7al\u0131\u015f\u0131yoruz. Bu y\u0131l Ge\u00e7 Roma Konutu olarak adland\u0131r\u0131lan alandaki tesseralar elden ge\u00e7iriliyor. Mozaiklerin derzi yap\u0131l\u0131yor, \u00e7\u00f6ken k\u0131s\u0131mlar d\u00fczeltiliyor.\u201d diye konu\u015ftu.<\/p>\n<h3>Hadrianaupolis Antik Kenti\u2019ndeki kaz\u0131 \u00e7al\u0131\u015fmalar\u0131<\/h3>\n<p>Hadrianaupolis\u2019te y\u0131l\u0131n 12 ay\u0131 devam eden kaz\u0131 \u00e7al\u0131\u015fmalar\u0131nda \u015fimdiye kadar iki hamam, iki kilise, bir savunma yap\u0131s\u0131, kaya mezarlar\u0131, tiyatro, bir kemerli ve kubbeli yap\u0131, an\u0131tsal k\u00fcltik ni\u015f, sur, villa, di\u011fer an\u0131tsal binalar ile baz\u0131 k\u00fclt alanlar\u0131 gibi yap\u0131lar ortaya \u00e7\u0131kar\u0131ld\u0131.<\/p>\n<p>\u0130ncil\u2019de ad\u0131 ge\u00e7en nehirler Geon, Phison, Tigris ve Euphrates\u2019un yer ald\u0131\u011f\u0131, at, fil, panter, geyik ve grifon (sanat tarihinde g\u00f6r\u00fclen kar\u0131\u015f\u0131k bir hayvana verilen isim) gibi bir\u00e7ok hayvan\u0131n tasvir edildi\u011fi kiliselerin taban\u0131ndaki mozaiklerle \u00fcnlenen ve bu nedenle \u201cKaradeniz\u2019in Zeugmas\u0131\u201d \u015feklinde adland\u0131r\u0131lan antik kentte elde edilen bulgulardan ta\u015f\u0131nabilir olanlar, \u00e7evre illerdeki m\u00fczelere g\u00f6t\u00fcr\u00fcl\u00fcyor, ta\u015f\u0131nmazlar ise bulundu\u011fu yerde korunuyor.<\/p>\n<p>D\u00f6rt Nehir Kilisesi\u2019nin 50 metre kadar g\u00fcneyinde ilk defa ge\u00e7en sene yap\u0131lan kaz\u0131larda ortaya \u00e7\u0131kar\u0131lan, sat\u0131r, ok ucu ve maske gibi eserlere rastlanan kare planl\u0131 yap\u0131da, son olarak 1600 y\u0131ll\u0131k kantar a\u011f\u0131rl\u0131\u011f\u0131 g\u00fcn y\u00fcz\u00fcne \u00e7\u0131kar\u0131ld\u0131.<\/p>\n<p><em><strong><a href=\"https:\/\/www.aa.com.tr\/tr\/kultur-sanat\/karadenizin-zeugmasinda-tessera-restorasyonu-suruyor\/2503605\">https:\/\/www.aa.com.tr\/tr\/kultur-sanat\/karadenizin-zeugmasinda-tessera-restorasyonu-suruyor\/2503605<\/a><\/strong><\/em><\/p>\n<div class=\"sharedaddy sd-sharing-enabled\">\n<div class=\"robots-nocontent sd-block sd-social sd-social-icon-text sd-sharing\">\n<h3 class=\"sd-title\"><\/h3>\n<\/div>\n<\/div>\n","protected":false},"excerpt":{"rendered":"<p>Kaz\u0131 Ba\u015fkan\u0131 Do\u00e7. Dr. Ersin \u00c7elikba\u015f, \u201cBu y\u0131l Ge\u00e7 Roma Konutu olarak adland\u0131r\u0131lan alandaki tesseralar elden ge\u00e7iriliyor. Mozaiklerin derzi yap\u0131l\u0131yor, \u00e7\u00f6ken k\u0131s\u0131mlar d\u00fczeltiliyor.\u201d dedi. Ahmet \u00d6zler Karab\u00fck\u2019\u00fcn Eskipazar il\u00e7esinde Ge\u00e7 Kalkolitik, Roma ve Erken Bizans d\u00f6nemlerinde yerle\u015fim yeri olarak kullan\u0131ld\u0131\u011f\u0131 tahmin edilen Hadrianaupolis Antik Kenti\u2019nde ge\u00e7en y\u0131l ba\u015flat\u0131lan kilise tabanlar\u0131ndaki tessera restorasyonu devam ediyor. \u0130l\u00e7enin [&hellip;]<\/p>\n","protected":false},"author":7,"featured_media":67106,"comment_status":"open","ping_status":"open","sticky":false,"template":"","format":"standard","meta":{"footnotes":""},"categories":[1],"tags":[],"class_list":["post-67105","post","type-post","status-publish","format-standard","has-post-thumbnail","hentry","category-haberler"],"yoast_head":"<!-- This site is optimized with the Yoast SEO plugin v27.4 - https:\/\/yoast.com\/product\/yoast-seo-wordpress\/ -->\n<title>\u201cKaradeniz\u2019in Zeugmas\u0131\u201dnda \u201ctessera\u201d restorasyonu s\u00fcr\u00fcyor - Bati Ermenistan Ve Bati Ermenileri Sorunlari Ara\u015ftirmalar Merkezi<\/title>\n<meta name=\"robots\" content=\"index, follow, max-snippet:-1, max-image-preview:large, max-video-preview:-1\" \/>\n<link rel=\"canonical\" href=\"https:\/\/akunq.net\/tr\/?p=67105\" \/>\n<meta property=\"og:locale\" content=\"en_US\" \/>\n<meta property=\"og:type\" content=\"article\" \/>\n<meta property=\"og:title\" content=\"\u201cKaradeniz\u2019in Zeugmas\u0131\u201dnda \u201ctessera\u201d restorasyonu s\u00fcr\u00fcyor - Bati Ermenistan Ve Bati Ermenileri Sorunlari Ara\u015ftirmalar Merkezi\" \/>\n<meta property=\"og:description\" content=\"Kaz\u0131 Ba\u015fkan\u0131 Do\u00e7. Dr. Ersin \u00c7elikba\u015f, \u201cBu y\u0131l Ge\u00e7 Roma Konutu olarak adland\u0131r\u0131lan alandaki tesseralar elden ge\u00e7iriliyor. Mozaiklerin derzi yap\u0131l\u0131yor, \u00e7\u00f6ken k\u0131s\u0131mlar d\u00fczeltiliyor.\u201d dedi. Ahmet \u00d6zler Karab\u00fck\u2019\u00fcn Eskipazar il\u00e7esinde Ge\u00e7 Kalkolitik, Roma ve Erken Bizans d\u00f6nemlerinde yerle\u015fim yeri olarak kullan\u0131ld\u0131\u011f\u0131 tahmin edilen Hadrianaupolis Antik Kenti\u2019nde ge\u00e7en y\u0131l ba\u015flat\u0131lan kilise tabanlar\u0131ndaki tessera restorasyonu devam ediyor. \u0130l\u00e7enin [&hellip;]\" \/>\n<meta property=\"og:url\" content=\"https:\/\/akunq.net\/tr\/?p=67105\" \/>\n<meta property=\"og:site_name\" content=\"Bati Ermenistan Ve Bati Ermenileri Sorunlari Ara\u015ftirmalar Merkezi\" \/>\n<meta property=\"article:published_time\" content=\"2022-02-16T08:15:38+00:00\" \/>\n<meta property=\"og:image\" content=\"https:\/\/akunq.net\/tr\/wp-content\/uploads\/sites\/6\/2022\/02\/Karadeniz\u2019in-Zeugmas\u0131.jpeg\" \/>\n\t<meta property=\"og:image:width\" content=\"864\" \/>\n\t<meta property=\"og:image:height\" content=\"486\" \/>\n\t<meta property=\"og:image:type\" content=\"image\/jpeg\" \/>\n<meta name=\"author\" content=\"admin\" \/>\n<meta name=\"twitter:card\" content=\"summary_large_image\" \/>\n<meta name=\"twitter:label1\" content=\"Written by\" \/>\n\t<meta name=\"twitter:data1\" content=\"admin\" \/>\n\t<meta name=\"twitter:label2\" content=\"Est. reading time\" \/>\n\t<meta name=\"twitter:data2\" content=\"2 minutes\" \/>\n<script type=\"application\/ld+json\" class=\"yoast-schema-graph\">{\"@context\":\"https:\\\/\\\/schema.org\",\"@graph\":[{\"@type\":\"Article\",\"@id\":\"https:\\\/\\\/akunq.net\\\/tr\\\/?p=67105#article\",\"isPartOf\":{\"@id\":\"https:\\\/\\\/akunq.net\\\/tr\\\/?p=67105\"},\"author\":{\"name\":\"admin\",\"@id\":\"https:\\\/\\\/akunq.net\\\/tr\\\/#\\\/schema\\\/person\\\/096f1d38a12cce57fb855b485ed24c9e\"},\"headline\":\"\u201cKaradeniz\u2019in Zeugmas\u0131\u201dnda \u201ctessera\u201d restorasyonu s\u00fcr\u00fcyor\",\"datePublished\":\"2022-02-16T08:15:38+00:00\",\"mainEntityOfPage\":{\"@id\":\"https:\\\/\\\/akunq.net\\\/tr\\\/?p=67105\"},\"wordCount\":495,\"commentCount\":0,\"image\":{\"@id\":\"https:\\\/\\\/akunq.net\\\/tr\\\/?p=67105#primaryimage\"},\"thumbnailUrl\":\"https:\\\/\\\/akunq.net\\\/tr\\\/wp-content\\\/uploads\\\/sites\\\/6\\\/2022\\\/02\\\/Karadeniz\u2019in-Zeugmas\u0131.jpeg\",\"articleSection\":[\"Haberler\"],\"inLanguage\":\"en-US\",\"potentialAction\":[{\"@type\":\"CommentAction\",\"name\":\"Comment\",\"target\":[\"https:\\\/\\\/akunq.net\\\/tr\\\/?p=67105#respond\"]}]},{\"@type\":\"WebPage\",\"@id\":\"https:\\\/\\\/akunq.net\\\/tr\\\/?p=67105\",\"url\":\"https:\\\/\\\/akunq.net\\\/tr\\\/?p=67105\",\"name\":\"\u201cKaradeniz\u2019in Zeugmas\u0131\u201dnda \u201ctessera\u201d restorasyonu s\u00fcr\u00fcyor - Bati Ermenistan Ve Bati Ermenileri Sorunlari Ara\u015ftirmalar Merkezi\",\"isPartOf\":{\"@id\":\"https:\\\/\\\/akunq.net\\\/tr\\\/#website\"},\"primaryImageOfPage\":{\"@id\":\"https:\\\/\\\/akunq.net\\\/tr\\\/?p=67105#primaryimage\"},\"image\":{\"@id\":\"https:\\\/\\\/akunq.net\\\/tr\\\/?p=67105#primaryimage\"},\"thumbnailUrl\":\"https:\\\/\\\/akunq.net\\\/tr\\\/wp-content\\\/uploads\\\/sites\\\/6\\\/2022\\\/02\\\/Karadeniz\u2019in-Zeugmas\u0131.jpeg\",\"datePublished\":\"2022-02-16T08:15:38+00:00\",\"author\":{\"@id\":\"https:\\\/\\\/akunq.net\\\/tr\\\/#\\\/schema\\\/person\\\/096f1d38a12cce57fb855b485ed24c9e\"},\"breadcrumb\":{\"@id\":\"https:\\\/\\\/akunq.net\\\/tr\\\/?p=67105#breadcrumb\"},\"inLanguage\":\"en-US\",\"potentialAction\":[{\"@type\":\"ReadAction\",\"target\":[\"https:\\\/\\\/akunq.net\\\/tr\\\/?p=67105\"]}]},{\"@type\":\"ImageObject\",\"inLanguage\":\"en-US\",\"@id\":\"https:\\\/\\\/akunq.net\\\/tr\\\/?p=67105#primaryimage\",\"url\":\"https:\\\/\\\/akunq.net\\\/tr\\\/wp-content\\\/uploads\\\/sites\\\/6\\\/2022\\\/02\\\/Karadeniz\u2019in-Zeugmas\u0131.jpeg\",\"contentUrl\":\"https:\\\/\\\/akunq.net\\\/tr\\\/wp-content\\\/uploads\\\/sites\\\/6\\\/2022\\\/02\\\/Karadeniz\u2019in-Zeugmas\u0131.jpeg\",\"width\":864,\"height\":486},{\"@type\":\"BreadcrumbList\",\"@id\":\"https:\\\/\\\/akunq.net\\\/tr\\\/?p=67105#breadcrumb\",\"itemListElement\":[{\"@type\":\"ListItem\",\"position\":1,\"name\":\"Home\",\"item\":\"https:\\\/\\\/akunq.net\\\/tr\"},{\"@type\":\"ListItem\",\"position\":2,\"name\":\"\u201cKaradeniz\u2019in Zeugmas\u0131\u201dnda \u201ctessera\u201d restorasyonu s\u00fcr\u00fcyor\"}]},{\"@type\":\"WebSite\",\"@id\":\"https:\\\/\\\/akunq.net\\\/tr\\\/#website\",\"url\":\"https:\\\/\\\/akunq.net\\\/tr\\\/\",\"name\":\"Bati Ermenistan Ve Bati Ermenileri Sorunlari Ara\u015ftirmalar Merkezi\",\"description\":\"\",\"potentialAction\":[{\"@type\":\"SearchAction\",\"target\":{\"@type\":\"EntryPoint\",\"urlTemplate\":\"https:\\\/\\\/akunq.net\\\/tr\\\/?s={search_term_string}\"},\"query-input\":{\"@type\":\"PropertyValueSpecification\",\"valueRequired\":true,\"valueName\":\"search_term_string\"}}],\"inLanguage\":\"en-US\"},{\"@type\":\"Person\",\"@id\":\"https:\\\/\\\/akunq.net\\\/tr\\\/#\\\/schema\\\/person\\\/096f1d38a12cce57fb855b485ed24c9e\",\"name\":\"admin\",\"url\":\"https:\\\/\\\/akunq.net\\\/tr\\\/?author=7\"}]}<\/script>\n<!-- \/ Yoast SEO plugin. -->","yoast_head_json":{"title":"\u201cKaradeniz\u2019in Zeugmas\u0131\u201dnda \u201ctessera\u201d restorasyonu s\u00fcr\u00fcyor - Bati Ermenistan Ve Bati Ermenileri Sorunlari Ara\u015ftirmalar Merkezi","robots":{"index":"index","follow":"follow","max-snippet":"max-snippet:-1","max-image-preview":"max-image-preview:large","max-video-preview":"max-video-preview:-1"},"canonical":"https:\/\/akunq.net\/tr\/?p=67105","og_locale":"en_US","og_type":"article","og_title":"\u201cKaradeniz\u2019in Zeugmas\u0131\u201dnda \u201ctessera\u201d restorasyonu s\u00fcr\u00fcyor - Bati Ermenistan Ve Bati Ermenileri Sorunlari Ara\u015ftirmalar Merkezi","og_description":"Kaz\u0131 Ba\u015fkan\u0131 Do\u00e7. Dr. Ersin \u00c7elikba\u015f, \u201cBu y\u0131l Ge\u00e7 Roma Konutu olarak adland\u0131r\u0131lan alandaki tesseralar elden ge\u00e7iriliyor. Mozaiklerin derzi yap\u0131l\u0131yor, \u00e7\u00f6ken k\u0131s\u0131mlar d\u00fczeltiliyor.\u201d dedi. Ahmet \u00d6zler Karab\u00fck\u2019\u00fcn Eskipazar il\u00e7esinde Ge\u00e7 Kalkolitik, Roma ve Erken Bizans d\u00f6nemlerinde yerle\u015fim yeri olarak kullan\u0131ld\u0131\u011f\u0131 tahmin edilen Hadrianaupolis Antik Kenti\u2019nde ge\u00e7en y\u0131l ba\u015flat\u0131lan kilise tabanlar\u0131ndaki tessera restorasyonu devam ediyor. \u0130l\u00e7enin [&hellip;]","og_url":"https:\/\/akunq.net\/tr\/?p=67105","og_site_name":"Bati Ermenistan Ve Bati Ermenileri Sorunlari Ara\u015ftirmalar Merkezi","article_published_time":"2022-02-16T08:15:38+00:00","og_image":[{"width":864,"height":486,"url":"https:\/\/akunq.net\/tr\/wp-content\/uploads\/sites\/6\/2022\/02\/Karadeniz\u2019in-Zeugmas\u0131.jpeg","type":"image\/jpeg"}],"author":"admin","twitter_card":"summary_large_image","twitter_misc":{"Written by":"admin","Est. reading time":"2 minutes"},"schema":{"@context":"https:\/\/schema.org","@graph":[{"@type":"Article","@id":"https:\/\/akunq.net\/tr\/?p=67105#article","isPartOf":{"@id":"https:\/\/akunq.net\/tr\/?p=67105"},"author":{"name":"admin","@id":"https:\/\/akunq.net\/tr\/#\/schema\/person\/096f1d38a12cce57fb855b485ed24c9e"},"headline":"\u201cKaradeniz\u2019in Zeugmas\u0131\u201dnda \u201ctessera\u201d restorasyonu s\u00fcr\u00fcyor","datePublished":"2022-02-16T08:15:38+00:00","mainEntityOfPage":{"@id":"https:\/\/akunq.net\/tr\/?p=67105"},"wordCount":495,"commentCount":0,"image":{"@id":"https:\/\/akunq.net\/tr\/?p=67105#primaryimage"},"thumbnailUrl":"https:\/\/akunq.net\/tr\/wp-content\/uploads\/sites\/6\/2022\/02\/Karadeniz\u2019in-Zeugmas\u0131.jpeg","articleSection":["Haberler"],"inLanguage":"en-US","potentialAction":[{"@type":"CommentAction","name":"Comment","target":["https:\/\/akunq.net\/tr\/?p=67105#respond"]}]},{"@type":"WebPage","@id":"https:\/\/akunq.net\/tr\/?p=67105","url":"https:\/\/akunq.net\/tr\/?p=67105","name":"\u201cKaradeniz\u2019in Zeugmas\u0131\u201dnda \u201ctessera\u201d restorasyonu s\u00fcr\u00fcyor - Bati Ermenistan Ve Bati Ermenileri Sorunlari Ara\u015ftirmalar Merkezi","isPartOf":{"@id":"https:\/\/akunq.net\/tr\/#website"},"primaryImageOfPage":{"@id":"https:\/\/akunq.net\/tr\/?p=67105#primaryimage"},"image":{"@id":"https:\/\/akunq.net\/tr\/?p=67105#primaryimage"},"thumbnailUrl":"https:\/\/akunq.net\/tr\/wp-content\/uploads\/sites\/6\/2022\/02\/Karadeniz\u2019in-Zeugmas\u0131.jpeg","datePublished":"2022-02-16T08:15:38+00:00","author":{"@id":"https:\/\/akunq.net\/tr\/#\/schema\/person\/096f1d38a12cce57fb855b485ed24c9e"},"breadcrumb":{"@id":"https:\/\/akunq.net\/tr\/?p=67105#breadcrumb"},"inLanguage":"en-US","potentialAction":[{"@type":"ReadAction","target":["https:\/\/akunq.net\/tr\/?p=67105"]}]},{"@type":"ImageObject","inLanguage":"en-US","@id":"https:\/\/akunq.net\/tr\/?p=67105#primaryimage","url":"https:\/\/akunq.net\/tr\/wp-content\/uploads\/sites\/6\/2022\/02\/Karadeniz\u2019in-Zeugmas\u0131.jpeg","contentUrl":"https:\/\/akunq.net\/tr\/wp-content\/uploads\/sites\/6\/2022\/02\/Karadeniz\u2019in-Zeugmas\u0131.jpeg","width":864,"height":486},{"@type":"BreadcrumbList","@id":"https:\/\/akunq.net\/tr\/?p=67105#breadcrumb","itemListElement":[{"@type":"ListItem","position":1,"name":"Home","item":"https:\/\/akunq.net\/tr"},{"@type":"ListItem","position":2,"name":"\u201cKaradeniz\u2019in Zeugmas\u0131\u201dnda \u201ctessera\u201d restorasyonu s\u00fcr\u00fcyor"}]},{"@type":"WebSite","@id":"https:\/\/akunq.net\/tr\/#website","url":"https:\/\/akunq.net\/tr\/","name":"Bati Ermenistan Ve Bati Ermenileri Sorunlari Ara\u015ftirmalar Merkezi","description":"","potentialAction":[{"@type":"SearchAction","target":{"@type":"EntryPoint","urlTemplate":"https:\/\/akunq.net\/tr\/?s={search_term_string}"},"query-input":{"@type":"PropertyValueSpecification","valueRequired":true,"valueName":"search_term_string"}}],"inLanguage":"en-US"},{"@type":"Person","@id":"https:\/\/akunq.net\/tr\/#\/schema\/person\/096f1d38a12cce57fb855b485ed24c9e","name":"admin","url":"https:\/\/akunq.net\/tr\/?author=7"}]}},"_links":{"self":[{"href":"https:\/\/akunq.net\/tr\/index.php?rest_route=\/wp\/v2\/posts\/67105","targetHints":{"allow":["GET"]}}],"collection":[{"href":"https:\/\/akunq.net\/tr\/index.php?rest_route=\/wp\/v2\/posts"}],"about":[{"href":"https:\/\/akunq.net\/tr\/index.php?rest_route=\/wp\/v2\/types\/post"}],"author":[{"embeddable":true,"href":"https:\/\/akunq.net\/tr\/index.php?rest_route=\/wp\/v2\/users\/7"}],"replies":[{"embeddable":true,"href":"https:\/\/akunq.net\/tr\/index.php?rest_route=%2Fwp%2Fv2%2Fcomments&post=67105"}],"version-history":[{"count":1,"href":"https:\/\/akunq.net\/tr\/index.php?rest_route=\/wp\/v2\/posts\/67105\/revisions"}],"predecessor-version":[{"id":67107,"href":"https:\/\/akunq.net\/tr\/index.php?rest_route=\/wp\/v2\/posts\/67105\/revisions\/67107"}],"wp:featuredmedia":[{"embeddable":true,"href":"https:\/\/akunq.net\/tr\/index.php?rest_route=\/wp\/v2\/media\/67106"}],"wp:attachment":[{"href":"https:\/\/akunq.net\/tr\/index.php?rest_route=%2Fwp%2Fv2%2Fmedia&parent=67105"}],"wp:term":[{"taxonomy":"category","embeddable":true,"href":"https:\/\/akunq.net\/tr\/index.php?rest_route=%2Fwp%2Fv2%2Fcategories&post=67105"},{"taxonomy":"post_tag","embeddable":true,"href":"https:\/\/akunq.net\/tr\/index.php?rest_route=%2Fwp%2Fv2%2Ftags&post=67105"}],"curies":[{"name":"wp","href":"https:\/\/api.w.org\/{rel}","templated":true}]}}