{"id":67098,"date":"2022-02-16T02:41:33","date_gmt":"2022-02-16T07:41:33","guid":{"rendered":"https:\/\/akunq.net\/tr\/?p=67098"},"modified":"2022-02-16T02:41:33","modified_gmt":"2022-02-16T07:41:33","slug":"unescodan-azerbaycana-uyari-tarihi-ve-kulturel-miras-siyasi-alet-haline-getirilmemeli","status":"publish","type":"post","link":"https:\/\/akunq.net\/tr\/?p=67098","title":{"rendered":"UNESCO\u2019dan Azerbaycan\u2019a uyar\u0131: Tarihi ve k\u00fclt\u00fcrel miras siyasi alet haline getirilmemeli"},"content":{"rendered":"<p><img loading=\"lazy\" decoding=\"async\" class=\"aligncenter size-medium wp-image-67099\" src=\"https:\/\/akunq.net\/tr\/wp-content\/uploads\/2022\/02\/UNESCO\u2019dan-Azerbaycan\u2019a-360x242.jpg\" alt=\"\" width=\"360\" height=\"242\" srcset=\"https:\/\/akunq.net\/tr\/wp-content\/uploads\/sites\/6\/2022\/02\/UNESCO\u2019dan-Azerbaycan\u2019a-360x242.jpg 360w, https:\/\/akunq.net\/tr\/wp-content\/uploads\/sites\/6\/2022\/02\/UNESCO\u2019dan-Azerbaycan\u2019a-560x376.jpg 560w, https:\/\/akunq.net\/tr\/wp-content\/uploads\/sites\/6\/2022\/02\/UNESCO\u2019dan-Azerbaycan\u2019a-260x175.jpg 260w, https:\/\/akunq.net\/tr\/wp-content\/uploads\/sites\/6\/2022\/02\/UNESCO\u2019dan-Azerbaycan\u2019a-160x107.jpg 160w, https:\/\/akunq.net\/tr\/wp-content\/uploads\/sites\/6\/2022\/02\/UNESCO\u2019dan-Azerbaycan\u2019a.jpg 670w\" sizes=\"auto, (max-width: 360px) 100vw, 360px\" \/><\/p>\n<p><strong><em>UNESCO Bas\u0131n Ofisi, Armenpress haber ajans\u0131n\u0131n sorular\u0131na cevaben Da\u011fl\u0131k Karaba\u011f&#8217;a Ba\u011f\u0131ms\u0131z Teknik Heyet g\u00f6ndermek i\u00e7in \u00e7al\u0131\u015fmaya devam etti\u011fini belirterek, Artsakh Cumhuriyeti\u2019ne ait, 2020 sava\u015f\u0131ndan sonra Azerbaycan\u2019\u0131n kontrol\u00fcne ge\u00e7en topraklar\u0131ndaki tarihi-k\u00fclt\u00fcrel miras\u0131n\u0131n tahrip edilmesi vakalar\u0131yla ilgili ihbarlar\u0131 yorumlad\u0131.<\/em><\/strong><\/p>\n<p>UNESCO, bu misyonun yak\u0131nda m\u00fcmk\u00fcn olaca\u011f\u0131n\u0131 umuyor.<\/p>\n<p>Yap\u0131lan a\u00e7\u0131klamada UNESCO Bas\u0131n Sorumlusu Thomas Mallard \u015fu ifadelere yer verildi:<\/p>\n<p>\u201c1954 S\u00f6zle\u015fmesi \u00e7er\u00e7evesinde UNESCO Ba\u011f\u0131ms\u0131z Teknik Misyonu g\u00f6nderilmesi i\u00e7in \u00e7al\u0131\u015fmalar\u0131m\u0131za devam ediyoruz. Yak\u0131nda m\u00fcmk\u00fcn olaca\u011f\u0131n\u0131 umuyoruz, ancak \u015fu anda gerekli ko\u015fullar mevcut de\u011fil.Bu nedenle tart\u0131\u015fmalar hala devam ediyor.&#8221;<\/p>\n<p>Uluslararas\u0131 Adalet Divan\u0131&#8217;n\u0131n 7 Aral\u0131k 2021&#8217;de Azerbaycan&#8217;a \u201ckiliseler ve di\u011fer ibadethaneler dahil, ancak bunlarla s\u0131n\u0131rl\u0131 olmamak \u00fczere Ermeni k\u00fclt\u00fcrel miras\u0131n\u0131 etkileyen vandalizm ve sayg\u0131s\u0131zl\u0131\u011f\u0131 \u00f6nlemek ve cezaland\u0131rmak i\u00e7in gerekli t\u00fcm \u00f6nlemleri al\u0131nmas\u0131\u201d gerekti\u011fini \u00f6ne s\u00fcrerek Her T\u00fcrl\u00fc Irk Ayr\u0131mc\u0131l\u0131\u011f\u0131n\u0131n Ortadan Kald\u0131r\u0131lmas\u0131na \u0130li\u015fkin Uluslararas\u0131 S\u00f6zle\u015fmenin Uygulanmas\u0131 ba\u011flam\u0131nda ge\u00e7ici bir \u00f6nlem almaya karar verdi.<\/p>\n<p>UNESCO, Da\u011fl\u0131k Karaba\u011f&#8217;\u0131n Ermeni k\u00fclt\u00fcrel miras\u0131yla ilgili olarak \u201cTarihi ve k\u00fclt\u00fcrel miras\u0131n\u0131n siyasi alet haline getirilmemesi gerekti\u011fini de vurgulad\u0131.<\/p>\n<p><em><strong>https:\/\/armenpress.am\/tur\/news\/1075608.html\u00a0<\/strong><\/em><\/p>\n","protected":false},"excerpt":{"rendered":"<p>UNESCO Bas\u0131n Ofisi, Armenpress haber ajans\u0131n\u0131n sorular\u0131na cevaben Da\u011fl\u0131k Karaba\u011f&#8217;a Ba\u011f\u0131ms\u0131z Teknik Heyet g\u00f6ndermek i\u00e7in \u00e7al\u0131\u015fmaya devam etti\u011fini belirterek, Artsakh Cumhuriyeti\u2019ne ait, 2020 sava\u015f\u0131ndan sonra Azerbaycan\u2019\u0131n kontrol\u00fcne ge\u00e7en topraklar\u0131ndaki tarihi-k\u00fclt\u00fcrel miras\u0131n\u0131n tahrip edilmesi vakalar\u0131yla ilgili ihbarlar\u0131 yorumlad\u0131. UNESCO, bu misyonun yak\u0131nda m\u00fcmk\u00fcn olaca\u011f\u0131n\u0131 umuyor. Yap\u0131lan a\u00e7\u0131klamada UNESCO Bas\u0131n Sorumlusu Thomas Mallard \u015fu ifadelere yer verildi: [&hellip;]<\/p>\n","protected":false},"author":7,"featured_media":67099,"comment_status":"open","ping_status":"open","sticky":false,"template":"","format":"standard","meta":{"footnotes":""},"categories":[1],"tags":[],"class_list":["post-67098","post","type-post","status-publish","format-standard","has-post-thumbnail","hentry","category-haberler"],"yoast_head":"<!-- This site is optimized with the Yoast SEO plugin v27.4 - https:\/\/yoast.com\/product\/yoast-seo-wordpress\/ -->\n<title>UNESCO\u2019dan Azerbaycan\u2019a uyar\u0131: Tarihi ve k\u00fclt\u00fcrel miras siyasi alet haline getirilmemeli - Bati Ermenistan Ve Bati Ermenileri Sorunlari Ara\u015ftirmalar Merkezi<\/title>\n<meta name=\"robots\" content=\"index, follow, max-snippet:-1, max-image-preview:large, max-video-preview:-1\" \/>\n<link rel=\"canonical\" href=\"https:\/\/akunq.net\/tr\/?p=67098\" \/>\n<meta property=\"og:locale\" content=\"en_US\" \/>\n<meta property=\"og:type\" content=\"article\" \/>\n<meta property=\"og:title\" content=\"UNESCO\u2019dan Azerbaycan\u2019a uyar\u0131: Tarihi ve k\u00fclt\u00fcrel miras siyasi alet haline getirilmemeli - Bati Ermenistan Ve Bati Ermenileri Sorunlari Ara\u015ftirmalar Merkezi\" \/>\n<meta property=\"og:description\" content=\"UNESCO Bas\u0131n Ofisi, Armenpress haber ajans\u0131n\u0131n sorular\u0131na cevaben Da\u011fl\u0131k Karaba\u011f&#8217;a Ba\u011f\u0131ms\u0131z Teknik Heyet g\u00f6ndermek i\u00e7in \u00e7al\u0131\u015fmaya devam etti\u011fini belirterek, Artsakh Cumhuriyeti\u2019ne ait, 2020 sava\u015f\u0131ndan sonra Azerbaycan\u2019\u0131n kontrol\u00fcne ge\u00e7en topraklar\u0131ndaki tarihi-k\u00fclt\u00fcrel miras\u0131n\u0131n tahrip edilmesi vakalar\u0131yla ilgili ihbarlar\u0131 yorumlad\u0131. UNESCO, bu misyonun yak\u0131nda m\u00fcmk\u00fcn olaca\u011f\u0131n\u0131 umuyor. Yap\u0131lan a\u00e7\u0131klamada UNESCO Bas\u0131n Sorumlusu Thomas Mallard \u015fu ifadelere yer verildi: [&hellip;]\" \/>\n<meta property=\"og:url\" content=\"https:\/\/akunq.net\/tr\/?p=67098\" \/>\n<meta property=\"og:site_name\" content=\"Bati Ermenistan Ve Bati Ermenileri Sorunlari Ara\u015ftirmalar Merkezi\" \/>\n<meta property=\"article:published_time\" content=\"2022-02-16T07:41:33+00:00\" \/>\n<meta property=\"og:image\" content=\"https:\/\/akunq.net\/tr\/wp-content\/uploads\/sites\/6\/2022\/02\/UNESCO\u2019dan-Azerbaycan\u2019a.jpg\" \/>\n\t<meta property=\"og:image:width\" content=\"670\" \/>\n\t<meta property=\"og:image:height\" content=\"450\" \/>\n\t<meta property=\"og:image:type\" content=\"image\/jpeg\" \/>\n<meta name=\"author\" content=\"admin\" \/>\n<meta name=\"twitter:card\" content=\"summary_large_image\" \/>\n<meta name=\"twitter:label1\" content=\"Written by\" \/>\n\t<meta name=\"twitter:data1\" content=\"admin\" \/>\n\t<meta name=\"twitter:label2\" content=\"Est. reading time\" \/>\n\t<meta name=\"twitter:data2\" content=\"1 minute\" \/>\n<script type=\"application\/ld+json\" class=\"yoast-schema-graph\">{\"@context\":\"https:\\\/\\\/schema.org\",\"@graph\":[{\"@type\":\"Article\",\"@id\":\"https:\\\/\\\/akunq.net\\\/tr\\\/?p=67098#article\",\"isPartOf\":{\"@id\":\"https:\\\/\\\/akunq.net\\\/tr\\\/?p=67098\"},\"author\":{\"name\":\"admin\",\"@id\":\"https:\\\/\\\/akunq.net\\\/tr\\\/#\\\/schema\\\/person\\\/096f1d38a12cce57fb855b485ed24c9e\"},\"headline\":\"UNESCO\u2019dan Azerbaycan\u2019a uyar\u0131: Tarihi ve k\u00fclt\u00fcrel miras siyasi alet haline getirilmemeli\",\"datePublished\":\"2022-02-16T07:41:33+00:00\",\"mainEntityOfPage\":{\"@id\":\"https:\\\/\\\/akunq.net\\\/tr\\\/?p=67098\"},\"wordCount\":264,\"commentCount\":0,\"image\":{\"@id\":\"https:\\\/\\\/akunq.net\\\/tr\\\/?p=67098#primaryimage\"},\"thumbnailUrl\":\"https:\\\/\\\/akunq.net\\\/tr\\\/wp-content\\\/uploads\\\/sites\\\/6\\\/2022\\\/02\\\/UNESCO\u2019dan-Azerbaycan\u2019a.jpg\",\"articleSection\":[\"Haberler\"],\"inLanguage\":\"en-US\",\"potentialAction\":[{\"@type\":\"CommentAction\",\"name\":\"Comment\",\"target\":[\"https:\\\/\\\/akunq.net\\\/tr\\\/?p=67098#respond\"]}]},{\"@type\":\"WebPage\",\"@id\":\"https:\\\/\\\/akunq.net\\\/tr\\\/?p=67098\",\"url\":\"https:\\\/\\\/akunq.net\\\/tr\\\/?p=67098\",\"name\":\"UNESCO\u2019dan Azerbaycan\u2019a uyar\u0131: Tarihi ve k\u00fclt\u00fcrel miras siyasi alet haline getirilmemeli - Bati Ermenistan Ve Bati Ermenileri Sorunlari Ara\u015ftirmalar Merkezi\",\"isPartOf\":{\"@id\":\"https:\\\/\\\/akunq.net\\\/tr\\\/#website\"},\"primaryImageOfPage\":{\"@id\":\"https:\\\/\\\/akunq.net\\\/tr\\\/?p=67098#primaryimage\"},\"image\":{\"@id\":\"https:\\\/\\\/akunq.net\\\/tr\\\/?p=67098#primaryimage\"},\"thumbnailUrl\":\"https:\\\/\\\/akunq.net\\\/tr\\\/wp-content\\\/uploads\\\/sites\\\/6\\\/2022\\\/02\\\/UNESCO\u2019dan-Azerbaycan\u2019a.jpg\",\"datePublished\":\"2022-02-16T07:41:33+00:00\",\"author\":{\"@id\":\"https:\\\/\\\/akunq.net\\\/tr\\\/#\\\/schema\\\/person\\\/096f1d38a12cce57fb855b485ed24c9e\"},\"breadcrumb\":{\"@id\":\"https:\\\/\\\/akunq.net\\\/tr\\\/?p=67098#breadcrumb\"},\"inLanguage\":\"en-US\",\"potentialAction\":[{\"@type\":\"ReadAction\",\"target\":[\"https:\\\/\\\/akunq.net\\\/tr\\\/?p=67098\"]}]},{\"@type\":\"ImageObject\",\"inLanguage\":\"en-US\",\"@id\":\"https:\\\/\\\/akunq.net\\\/tr\\\/?p=67098#primaryimage\",\"url\":\"https:\\\/\\\/akunq.net\\\/tr\\\/wp-content\\\/uploads\\\/sites\\\/6\\\/2022\\\/02\\\/UNESCO\u2019dan-Azerbaycan\u2019a.jpg\",\"contentUrl\":\"https:\\\/\\\/akunq.net\\\/tr\\\/wp-content\\\/uploads\\\/sites\\\/6\\\/2022\\\/02\\\/UNESCO\u2019dan-Azerbaycan\u2019a.jpg\",\"width\":670,\"height\":450},{\"@type\":\"BreadcrumbList\",\"@id\":\"https:\\\/\\\/akunq.net\\\/tr\\\/?p=67098#breadcrumb\",\"itemListElement\":[{\"@type\":\"ListItem\",\"position\":1,\"name\":\"Home\",\"item\":\"https:\\\/\\\/akunq.net\\\/tr\"},{\"@type\":\"ListItem\",\"position\":2,\"name\":\"UNESCO\u2019dan Azerbaycan\u2019a uyar\u0131: Tarihi ve k\u00fclt\u00fcrel miras siyasi alet haline getirilmemeli\"}]},{\"@type\":\"WebSite\",\"@id\":\"https:\\\/\\\/akunq.net\\\/tr\\\/#website\",\"url\":\"https:\\\/\\\/akunq.net\\\/tr\\\/\",\"name\":\"Bati Ermenistan Ve Bati Ermenileri Sorunlari Ara\u015ftirmalar Merkezi\",\"description\":\"\",\"potentialAction\":[{\"@type\":\"SearchAction\",\"target\":{\"@type\":\"EntryPoint\",\"urlTemplate\":\"https:\\\/\\\/akunq.net\\\/tr\\\/?s={search_term_string}\"},\"query-input\":{\"@type\":\"PropertyValueSpecification\",\"valueRequired\":true,\"valueName\":\"search_term_string\"}}],\"inLanguage\":\"en-US\"},{\"@type\":\"Person\",\"@id\":\"https:\\\/\\\/akunq.net\\\/tr\\\/#\\\/schema\\\/person\\\/096f1d38a12cce57fb855b485ed24c9e\",\"name\":\"admin\",\"url\":\"https:\\\/\\\/akunq.net\\\/tr\\\/?author=7\"}]}<\/script>\n<!-- \/ Yoast SEO plugin. -->","yoast_head_json":{"title":"UNESCO\u2019dan Azerbaycan\u2019a uyar\u0131: Tarihi ve k\u00fclt\u00fcrel miras siyasi alet haline getirilmemeli - Bati Ermenistan Ve Bati Ermenileri Sorunlari Ara\u015ftirmalar Merkezi","robots":{"index":"index","follow":"follow","max-snippet":"max-snippet:-1","max-image-preview":"max-image-preview:large","max-video-preview":"max-video-preview:-1"},"canonical":"https:\/\/akunq.net\/tr\/?p=67098","og_locale":"en_US","og_type":"article","og_title":"UNESCO\u2019dan Azerbaycan\u2019a uyar\u0131: Tarihi ve k\u00fclt\u00fcrel miras siyasi alet haline getirilmemeli - Bati Ermenistan Ve Bati Ermenileri Sorunlari Ara\u015ftirmalar Merkezi","og_description":"UNESCO Bas\u0131n Ofisi, Armenpress haber ajans\u0131n\u0131n sorular\u0131na cevaben Da\u011fl\u0131k Karaba\u011f&#8217;a Ba\u011f\u0131ms\u0131z Teknik Heyet g\u00f6ndermek i\u00e7in \u00e7al\u0131\u015fmaya devam etti\u011fini belirterek, Artsakh Cumhuriyeti\u2019ne ait, 2020 sava\u015f\u0131ndan sonra Azerbaycan\u2019\u0131n kontrol\u00fcne ge\u00e7en topraklar\u0131ndaki tarihi-k\u00fclt\u00fcrel miras\u0131n\u0131n tahrip edilmesi vakalar\u0131yla ilgili ihbarlar\u0131 yorumlad\u0131. UNESCO, bu misyonun yak\u0131nda m\u00fcmk\u00fcn olaca\u011f\u0131n\u0131 umuyor. Yap\u0131lan a\u00e7\u0131klamada UNESCO Bas\u0131n Sorumlusu Thomas Mallard \u015fu ifadelere yer verildi: [&hellip;]","og_url":"https:\/\/akunq.net\/tr\/?p=67098","og_site_name":"Bati Ermenistan Ve Bati Ermenileri Sorunlari Ara\u015ftirmalar Merkezi","article_published_time":"2022-02-16T07:41:33+00:00","og_image":[{"width":670,"height":450,"url":"https:\/\/akunq.net\/tr\/wp-content\/uploads\/sites\/6\/2022\/02\/UNESCO\u2019dan-Azerbaycan\u2019a.jpg","type":"image\/jpeg"}],"author":"admin","twitter_card":"summary_large_image","twitter_misc":{"Written by":"admin","Est. reading time":"1 minute"},"schema":{"@context":"https:\/\/schema.org","@graph":[{"@type":"Article","@id":"https:\/\/akunq.net\/tr\/?p=67098#article","isPartOf":{"@id":"https:\/\/akunq.net\/tr\/?p=67098"},"author":{"name":"admin","@id":"https:\/\/akunq.net\/tr\/#\/schema\/person\/096f1d38a12cce57fb855b485ed24c9e"},"headline":"UNESCO\u2019dan Azerbaycan\u2019a uyar\u0131: Tarihi ve k\u00fclt\u00fcrel miras siyasi alet haline getirilmemeli","datePublished":"2022-02-16T07:41:33+00:00","mainEntityOfPage":{"@id":"https:\/\/akunq.net\/tr\/?p=67098"},"wordCount":264,"commentCount":0,"image":{"@id":"https:\/\/akunq.net\/tr\/?p=67098#primaryimage"},"thumbnailUrl":"https:\/\/akunq.net\/tr\/wp-content\/uploads\/sites\/6\/2022\/02\/UNESCO\u2019dan-Azerbaycan\u2019a.jpg","articleSection":["Haberler"],"inLanguage":"en-US","potentialAction":[{"@type":"CommentAction","name":"Comment","target":["https:\/\/akunq.net\/tr\/?p=67098#respond"]}]},{"@type":"WebPage","@id":"https:\/\/akunq.net\/tr\/?p=67098","url":"https:\/\/akunq.net\/tr\/?p=67098","name":"UNESCO\u2019dan Azerbaycan\u2019a uyar\u0131: Tarihi ve k\u00fclt\u00fcrel miras siyasi alet haline getirilmemeli - Bati Ermenistan Ve Bati Ermenileri Sorunlari Ara\u015ftirmalar Merkezi","isPartOf":{"@id":"https:\/\/akunq.net\/tr\/#website"},"primaryImageOfPage":{"@id":"https:\/\/akunq.net\/tr\/?p=67098#primaryimage"},"image":{"@id":"https:\/\/akunq.net\/tr\/?p=67098#primaryimage"},"thumbnailUrl":"https:\/\/akunq.net\/tr\/wp-content\/uploads\/sites\/6\/2022\/02\/UNESCO\u2019dan-Azerbaycan\u2019a.jpg","datePublished":"2022-02-16T07:41:33+00:00","author":{"@id":"https:\/\/akunq.net\/tr\/#\/schema\/person\/096f1d38a12cce57fb855b485ed24c9e"},"breadcrumb":{"@id":"https:\/\/akunq.net\/tr\/?p=67098#breadcrumb"},"inLanguage":"en-US","potentialAction":[{"@type":"ReadAction","target":["https:\/\/akunq.net\/tr\/?p=67098"]}]},{"@type":"ImageObject","inLanguage":"en-US","@id":"https:\/\/akunq.net\/tr\/?p=67098#primaryimage","url":"https:\/\/akunq.net\/tr\/wp-content\/uploads\/sites\/6\/2022\/02\/UNESCO\u2019dan-Azerbaycan\u2019a.jpg","contentUrl":"https:\/\/akunq.net\/tr\/wp-content\/uploads\/sites\/6\/2022\/02\/UNESCO\u2019dan-Azerbaycan\u2019a.jpg","width":670,"height":450},{"@type":"BreadcrumbList","@id":"https:\/\/akunq.net\/tr\/?p=67098#breadcrumb","itemListElement":[{"@type":"ListItem","position":1,"name":"Home","item":"https:\/\/akunq.net\/tr"},{"@type":"ListItem","position":2,"name":"UNESCO\u2019dan Azerbaycan\u2019a uyar\u0131: Tarihi ve k\u00fclt\u00fcrel miras siyasi alet haline getirilmemeli"}]},{"@type":"WebSite","@id":"https:\/\/akunq.net\/tr\/#website","url":"https:\/\/akunq.net\/tr\/","name":"Bati Ermenistan Ve Bati Ermenileri Sorunlari Ara\u015ftirmalar Merkezi","description":"","potentialAction":[{"@type":"SearchAction","target":{"@type":"EntryPoint","urlTemplate":"https:\/\/akunq.net\/tr\/?s={search_term_string}"},"query-input":{"@type":"PropertyValueSpecification","valueRequired":true,"valueName":"search_term_string"}}],"inLanguage":"en-US"},{"@type":"Person","@id":"https:\/\/akunq.net\/tr\/#\/schema\/person\/096f1d38a12cce57fb855b485ed24c9e","name":"admin","url":"https:\/\/akunq.net\/tr\/?author=7"}]}},"_links":{"self":[{"href":"https:\/\/akunq.net\/tr\/index.php?rest_route=\/wp\/v2\/posts\/67098","targetHints":{"allow":["GET"]}}],"collection":[{"href":"https:\/\/akunq.net\/tr\/index.php?rest_route=\/wp\/v2\/posts"}],"about":[{"href":"https:\/\/akunq.net\/tr\/index.php?rest_route=\/wp\/v2\/types\/post"}],"author":[{"embeddable":true,"href":"https:\/\/akunq.net\/tr\/index.php?rest_route=\/wp\/v2\/users\/7"}],"replies":[{"embeddable":true,"href":"https:\/\/akunq.net\/tr\/index.php?rest_route=%2Fwp%2Fv2%2Fcomments&post=67098"}],"version-history":[{"count":1,"href":"https:\/\/akunq.net\/tr\/index.php?rest_route=\/wp\/v2\/posts\/67098\/revisions"}],"predecessor-version":[{"id":67100,"href":"https:\/\/akunq.net\/tr\/index.php?rest_route=\/wp\/v2\/posts\/67098\/revisions\/67100"}],"wp:featuredmedia":[{"embeddable":true,"href":"https:\/\/akunq.net\/tr\/index.php?rest_route=\/wp\/v2\/media\/67099"}],"wp:attachment":[{"href":"https:\/\/akunq.net\/tr\/index.php?rest_route=%2Fwp%2Fv2%2Fmedia&parent=67098"}],"wp:term":[{"taxonomy":"category","embeddable":true,"href":"https:\/\/akunq.net\/tr\/index.php?rest_route=%2Fwp%2Fv2%2Fcategories&post=67098"},{"taxonomy":"post_tag","embeddable":true,"href":"https:\/\/akunq.net\/tr\/index.php?rest_route=%2Fwp%2Fv2%2Ftags&post=67098"}],"curies":[{"name":"wp","href":"https:\/\/api.w.org\/{rel}","templated":true}]}}