{"id":67095,"date":"2022-02-16T02:12:27","date_gmt":"2022-02-16T07:12:27","guid":{"rendered":"https:\/\/akunq.net\/tr\/?p=67095"},"modified":"2022-02-16T02:12:27","modified_gmt":"2022-02-16T07:12:27","slug":"kurt-cemaati-temsilcilerinden-bm-ermenistan-ofisi-onunde-protesto-turkiyenin-amaci-kurt-halkini-yok-etmektir","status":"publish","type":"post","link":"https:\/\/akunq.net\/tr\/?p=67095","title":{"rendered":"K\u00fcrt cemaati temsilcilerinden BM Ermenistan Ofisi \u00f6n\u00fcnde protesto: T\u00fcrkiye&#8217;nin amac\u0131 K\u00fcrt halk\u0131n\u0131 yok etmektir"},"content":{"rendered":"<p><img loading=\"lazy\" decoding=\"async\" class=\"aligncenter size-medium wp-image-67096\" src=\"https:\/\/akunq.net\/tr\/wp-content\/uploads\/2022\/02\/K\u00fcrt-cemaati-360x240.jpg\" alt=\"\" width=\"360\" height=\"240\" srcset=\"https:\/\/akunq.net\/tr\/wp-content\/uploads\/sites\/6\/2022\/02\/K\u00fcrt-cemaati-360x240.jpg 360w, https:\/\/akunq.net\/tr\/wp-content\/uploads\/sites\/6\/2022\/02\/K\u00fcrt-cemaati-768x511.jpg 768w, https:\/\/akunq.net\/tr\/wp-content\/uploads\/sites\/6\/2022\/02\/K\u00fcrt-cemaati-560x373.jpg 560w, https:\/\/akunq.net\/tr\/wp-content\/uploads\/sites\/6\/2022\/02\/K\u00fcrt-cemaati-260x173.jpg 260w, https:\/\/akunq.net\/tr\/wp-content\/uploads\/sites\/6\/2022\/02\/K\u00fcrt-cemaati-160x107.jpg 160w, https:\/\/akunq.net\/tr\/wp-content\/uploads\/sites\/6\/2022\/02\/K\u00fcrt-cemaati.jpg 1000w\" sizes=\"auto, (max-width: 360px) 100vw, 360px\" \/><\/p>\n<p><em><strong>Ermenistan&#8217;daki K\u00fcrt cemaati temsilcileri, Birle\u015fmi\u015f Milletler (BM) Ermenistan Ofisi \u00f6n\u00fcnde protesto g\u00f6sterisi d\u00fczenlediler. Onlar BM&#8217;nin K\u00fcrdistan \u0130\u015f\u00e7i Partisi&#8217;nin (PKK) kurucular\u0131ndan Abdullah \u00d6calan&#8217;\u0131n serbest b\u0131rak\u0131lmas\u0131n\u0131 g\u00f6r\u00fc\u015fmek \u00fczere \u00f6zel bir toplant\u0131n\u0131n d\u00fczenlenmesini talep etti.<\/strong><\/em><\/p>\n<p>Sivil S\u00f6zle\u015fme Partisi&#8217;nden K\u00fcrt milletvekili\u00a0Knyaz Hasanov, liderlerinin T\u00fcrkiye&#8217;deki \u0130mral\u0131 cezaevinde 23 y\u0131ld\u0131r i\u015fkence g\u00f6rd\u00fc\u011f\u00fcn\u00fc, ancak uluslararas\u0131 toplumun sessiz bir g\u00f6zlemci rol\u00fc \u00fcstlendi\u011fini s\u00f6yledi.<\/p>\n<p>Hasanov, \u201cT\u00fcrkiye y\u00f6netimi, amac\u0131n\u0131n hem K\u00fcrt liderini, hem de K\u00fcrt halk\u0131n\u0131 yok etmek oldu\u011funu g\u00f6steriyor. T\u00fcrkiye&#8217;de ya\u015fayan 25 milyon K\u00fcrt hala anayasada bir millet olarak tan\u0131nm\u0131yor, dil tan\u0131nm\u0131yor. \u00c7ocuklar\u0131m\u0131z orada e\u011fitim alm\u0131yor, bask\u0131 alt\u0131ndalar. Son 12 y\u0131ld\u0131r T\u00fcrkiye himayesinde islami gruplar 4-5 milyon Suriyeli K\u00fcrt&#8217;e kar\u015f\u0131 soyk\u0131r\u0131m ger\u00e7ekle\u015ftiriyor. T\u00fcrkiye y\u00f6netimi Rojava&#8217;da zaten 3-4 \u015fehri i\u015fgal etti ve halk\u0131 tahliye etti. Bu, T\u00fcrkiye y\u00f6netiminin K\u00fcrt halk\u0131n\u0131 ortadan kald\u0131rmak ve asimile etmek i\u00e7in her \u015feyi yapt\u0131\u011f\u0131n\u0131 g\u00f6steriyor\u201d ifadelerini kulland\u0131.<\/p>\n<p>Hasanov, uluslararas\u0131 toplumu T\u00fcrkiye&#8217;nin soyk\u0131r\u0131mc\u0131 politikas\u0131na kar\u015f\u0131 \u00f6zel \u00f6nlemler almaya \u00e7a\u011f\u0131rd\u0131. K\u00fcrt milletvekili, \u201cBu ad\u0131mlar \u00f6nce s\u00fcper g\u00fc\u00e7ler atmal\u0131lar ama ne yaz\u0131k ki bug\u00fcn her s\u00fcper g\u00fcc\u00fcn kendi \u00e7\u0131karlar\u0131 oldu\u011fu i\u00e7in K\u00fcrtlerin, Ermenilerin, t\u00fcm mazlum halklar\u0131n haklar\u0131n\u0131 g\u00f6rmezden geliyorlar\u201d dedi.<\/p>\n<p>Ermenistan&#8217;daki K\u00fcrt cemaati temsilcileri, BM&#8217;nin Ermenistan Ofisi&#8217;ne taleplerini uluslararas\u0131 topluma a\u00e7\u0131klayan bir mektup verdiler.<\/p>\n<p><em><strong>https:\/\/www.ermenihaber.am\/tr\/news\/2022\/02\/15\/T%C3%BCrkiye-nin-amac%C4%B1-K%C3%BCrt-halk%C4%B1n%C4%B1-yok-etmektir\/225352\u00a0<\/strong><\/em><\/p>\n","protected":false},"excerpt":{"rendered":"<p>Ermenistan&#8217;daki K\u00fcrt cemaati temsilcileri, Birle\u015fmi\u015f Milletler (BM) Ermenistan Ofisi \u00f6n\u00fcnde protesto g\u00f6sterisi d\u00fczenlediler. Onlar BM&#8217;nin K\u00fcrdistan \u0130\u015f\u00e7i Partisi&#8217;nin (PKK) kurucular\u0131ndan Abdullah \u00d6calan&#8217;\u0131n serbest b\u0131rak\u0131lmas\u0131n\u0131 g\u00f6r\u00fc\u015fmek \u00fczere \u00f6zel bir toplant\u0131n\u0131n d\u00fczenlenmesini talep etti. Sivil S\u00f6zle\u015fme Partisi&#8217;nden K\u00fcrt milletvekili\u00a0Knyaz Hasanov, liderlerinin T\u00fcrkiye&#8217;deki \u0130mral\u0131 cezaevinde 23 y\u0131ld\u0131r i\u015fkence g\u00f6rd\u00fc\u011f\u00fcn\u00fc, ancak uluslararas\u0131 toplumun sessiz bir g\u00f6zlemci rol\u00fc \u00fcstlendi\u011fini s\u00f6yledi. [&hellip;]<\/p>\n","protected":false},"author":7,"featured_media":67096,"comment_status":"open","ping_status":"open","sticky":false,"template":"","format":"standard","meta":{"footnotes":""},"categories":[1],"tags":[],"class_list":["post-67095","post","type-post","status-publish","format-standard","has-post-thumbnail","hentry","category-haberler"],"yoast_head":"<!-- This site is optimized with the Yoast SEO plugin v27.4 - https:\/\/yoast.com\/product\/yoast-seo-wordpress\/ -->\n<title>K\u00fcrt cemaati temsilcilerinden BM Ermenistan Ofisi \u00f6n\u00fcnde protesto: T\u00fcrkiye&#039;nin amac\u0131 K\u00fcrt halk\u0131n\u0131 yok etmektir - Bati Ermenistan Ve Bati Ermenileri Sorunlari Ara\u015ftirmalar Merkezi<\/title>\n<meta name=\"robots\" content=\"index, follow, max-snippet:-1, max-image-preview:large, max-video-preview:-1\" \/>\n<link rel=\"canonical\" href=\"https:\/\/akunq.net\/tr\/?p=67095\" \/>\n<meta property=\"og:locale\" content=\"en_US\" \/>\n<meta property=\"og:type\" content=\"article\" \/>\n<meta property=\"og:title\" content=\"K\u00fcrt cemaati temsilcilerinden BM Ermenistan Ofisi \u00f6n\u00fcnde protesto: T\u00fcrkiye&#039;nin amac\u0131 K\u00fcrt halk\u0131n\u0131 yok etmektir - Bati Ermenistan Ve Bati Ermenileri Sorunlari Ara\u015ftirmalar Merkezi\" \/>\n<meta property=\"og:description\" content=\"Ermenistan&#8217;daki K\u00fcrt cemaati temsilcileri, Birle\u015fmi\u015f Milletler (BM) Ermenistan Ofisi \u00f6n\u00fcnde protesto g\u00f6sterisi d\u00fczenlediler. Onlar BM&#8217;nin K\u00fcrdistan \u0130\u015f\u00e7i Partisi&#8217;nin (PKK) kurucular\u0131ndan Abdullah \u00d6calan&#8217;\u0131n serbest b\u0131rak\u0131lmas\u0131n\u0131 g\u00f6r\u00fc\u015fmek \u00fczere \u00f6zel bir toplant\u0131n\u0131n d\u00fczenlenmesini talep etti. Sivil S\u00f6zle\u015fme Partisi&#8217;nden K\u00fcrt milletvekili\u00a0Knyaz Hasanov, liderlerinin T\u00fcrkiye&#8217;deki \u0130mral\u0131 cezaevinde 23 y\u0131ld\u0131r i\u015fkence g\u00f6rd\u00fc\u011f\u00fcn\u00fc, ancak uluslararas\u0131 toplumun sessiz bir g\u00f6zlemci rol\u00fc \u00fcstlendi\u011fini s\u00f6yledi. [&hellip;]\" \/>\n<meta property=\"og:url\" content=\"https:\/\/akunq.net\/tr\/?p=67095\" \/>\n<meta property=\"og:site_name\" content=\"Bati Ermenistan Ve Bati Ermenileri Sorunlari Ara\u015ftirmalar Merkezi\" \/>\n<meta property=\"article:published_time\" content=\"2022-02-16T07:12:27+00:00\" \/>\n<meta property=\"og:image\" content=\"https:\/\/akunq.net\/tr\/wp-content\/uploads\/sites\/6\/2022\/02\/K\u00fcrt-cemaati.jpg\" \/>\n\t<meta property=\"og:image:width\" content=\"1000\" \/>\n\t<meta property=\"og:image:height\" content=\"666\" \/>\n\t<meta property=\"og:image:type\" content=\"image\/jpeg\" \/>\n<meta name=\"author\" content=\"admin\" \/>\n<meta name=\"twitter:card\" content=\"summary_large_image\" \/>\n<meta name=\"twitter:label1\" content=\"Written by\" \/>\n\t<meta name=\"twitter:data1\" content=\"admin\" \/>\n\t<meta name=\"twitter:label2\" content=\"Est. reading time\" \/>\n\t<meta name=\"twitter:data2\" content=\"1 minute\" \/>\n<script type=\"application\/ld+json\" class=\"yoast-schema-graph\">{\"@context\":\"https:\\\/\\\/schema.org\",\"@graph\":[{\"@type\":\"Article\",\"@id\":\"https:\\\/\\\/akunq.net\\\/tr\\\/?p=67095#article\",\"isPartOf\":{\"@id\":\"https:\\\/\\\/akunq.net\\\/tr\\\/?p=67095\"},\"author\":{\"name\":\"admin\",\"@id\":\"https:\\\/\\\/akunq.net\\\/tr\\\/#\\\/schema\\\/person\\\/096f1d38a12cce57fb855b485ed24c9e\"},\"headline\":\"K\u00fcrt cemaati temsilcilerinden BM Ermenistan Ofisi \u00f6n\u00fcnde protesto: T\u00fcrkiye&#8217;nin amac\u0131 K\u00fcrt halk\u0131n\u0131 yok etmektir\",\"datePublished\":\"2022-02-16T07:12:27+00:00\",\"mainEntityOfPage\":{\"@id\":\"https:\\\/\\\/akunq.net\\\/tr\\\/?p=67095\"},\"wordCount\":315,\"commentCount\":0,\"image\":{\"@id\":\"https:\\\/\\\/akunq.net\\\/tr\\\/?p=67095#primaryimage\"},\"thumbnailUrl\":\"https:\\\/\\\/akunq.net\\\/tr\\\/wp-content\\\/uploads\\\/sites\\\/6\\\/2022\\\/02\\\/K\u00fcrt-cemaati.jpg\",\"articleSection\":[\"Haberler\"],\"inLanguage\":\"en-US\",\"potentialAction\":[{\"@type\":\"CommentAction\",\"name\":\"Comment\",\"target\":[\"https:\\\/\\\/akunq.net\\\/tr\\\/?p=67095#respond\"]}]},{\"@type\":\"WebPage\",\"@id\":\"https:\\\/\\\/akunq.net\\\/tr\\\/?p=67095\",\"url\":\"https:\\\/\\\/akunq.net\\\/tr\\\/?p=67095\",\"name\":\"K\u00fcrt cemaati temsilcilerinden BM Ermenistan Ofisi \u00f6n\u00fcnde protesto: T\u00fcrkiye'nin amac\u0131 K\u00fcrt halk\u0131n\u0131 yok etmektir - Bati Ermenistan Ve Bati Ermenileri Sorunlari Ara\u015ftirmalar Merkezi\",\"isPartOf\":{\"@id\":\"https:\\\/\\\/akunq.net\\\/tr\\\/#website\"},\"primaryImageOfPage\":{\"@id\":\"https:\\\/\\\/akunq.net\\\/tr\\\/?p=67095#primaryimage\"},\"image\":{\"@id\":\"https:\\\/\\\/akunq.net\\\/tr\\\/?p=67095#primaryimage\"},\"thumbnailUrl\":\"https:\\\/\\\/akunq.net\\\/tr\\\/wp-content\\\/uploads\\\/sites\\\/6\\\/2022\\\/02\\\/K\u00fcrt-cemaati.jpg\",\"datePublished\":\"2022-02-16T07:12:27+00:00\",\"author\":{\"@id\":\"https:\\\/\\\/akunq.net\\\/tr\\\/#\\\/schema\\\/person\\\/096f1d38a12cce57fb855b485ed24c9e\"},\"breadcrumb\":{\"@id\":\"https:\\\/\\\/akunq.net\\\/tr\\\/?p=67095#breadcrumb\"},\"inLanguage\":\"en-US\",\"potentialAction\":[{\"@type\":\"ReadAction\",\"target\":[\"https:\\\/\\\/akunq.net\\\/tr\\\/?p=67095\"]}]},{\"@type\":\"ImageObject\",\"inLanguage\":\"en-US\",\"@id\":\"https:\\\/\\\/akunq.net\\\/tr\\\/?p=67095#primaryimage\",\"url\":\"https:\\\/\\\/akunq.net\\\/tr\\\/wp-content\\\/uploads\\\/sites\\\/6\\\/2022\\\/02\\\/K\u00fcrt-cemaati.jpg\",\"contentUrl\":\"https:\\\/\\\/akunq.net\\\/tr\\\/wp-content\\\/uploads\\\/sites\\\/6\\\/2022\\\/02\\\/K\u00fcrt-cemaati.jpg\",\"width\":1000,\"height\":666},{\"@type\":\"BreadcrumbList\",\"@id\":\"https:\\\/\\\/akunq.net\\\/tr\\\/?p=67095#breadcrumb\",\"itemListElement\":[{\"@type\":\"ListItem\",\"position\":1,\"name\":\"Home\",\"item\":\"https:\\\/\\\/akunq.net\\\/tr\"},{\"@type\":\"ListItem\",\"position\":2,\"name\":\"K\u00fcrt cemaati temsilcilerinden BM Ermenistan Ofisi \u00f6n\u00fcnde protesto: T\u00fcrkiye&#8217;nin amac\u0131 K\u00fcrt halk\u0131n\u0131 yok etmektir\"}]},{\"@type\":\"WebSite\",\"@id\":\"https:\\\/\\\/akunq.net\\\/tr\\\/#website\",\"url\":\"https:\\\/\\\/akunq.net\\\/tr\\\/\",\"name\":\"Bati Ermenistan Ve Bati Ermenileri Sorunlari Ara\u015ftirmalar Merkezi\",\"description\":\"\",\"potentialAction\":[{\"@type\":\"SearchAction\",\"target\":{\"@type\":\"EntryPoint\",\"urlTemplate\":\"https:\\\/\\\/akunq.net\\\/tr\\\/?s={search_term_string}\"},\"query-input\":{\"@type\":\"PropertyValueSpecification\",\"valueRequired\":true,\"valueName\":\"search_term_string\"}}],\"inLanguage\":\"en-US\"},{\"@type\":\"Person\",\"@id\":\"https:\\\/\\\/akunq.net\\\/tr\\\/#\\\/schema\\\/person\\\/096f1d38a12cce57fb855b485ed24c9e\",\"name\":\"admin\",\"url\":\"https:\\\/\\\/akunq.net\\\/tr\\\/?author=7\"}]}<\/script>\n<!-- \/ Yoast SEO plugin. -->","yoast_head_json":{"title":"K\u00fcrt cemaati temsilcilerinden BM Ermenistan Ofisi \u00f6n\u00fcnde protesto: T\u00fcrkiye'nin amac\u0131 K\u00fcrt halk\u0131n\u0131 yok etmektir - Bati Ermenistan Ve Bati Ermenileri Sorunlari Ara\u015ftirmalar Merkezi","robots":{"index":"index","follow":"follow","max-snippet":"max-snippet:-1","max-image-preview":"max-image-preview:large","max-video-preview":"max-video-preview:-1"},"canonical":"https:\/\/akunq.net\/tr\/?p=67095","og_locale":"en_US","og_type":"article","og_title":"K\u00fcrt cemaati temsilcilerinden BM Ermenistan Ofisi \u00f6n\u00fcnde protesto: T\u00fcrkiye'nin amac\u0131 K\u00fcrt halk\u0131n\u0131 yok etmektir - Bati Ermenistan Ve Bati Ermenileri Sorunlari Ara\u015ftirmalar Merkezi","og_description":"Ermenistan&#8217;daki K\u00fcrt cemaati temsilcileri, Birle\u015fmi\u015f Milletler (BM) Ermenistan Ofisi \u00f6n\u00fcnde protesto g\u00f6sterisi d\u00fczenlediler. Onlar BM&#8217;nin K\u00fcrdistan \u0130\u015f\u00e7i Partisi&#8217;nin (PKK) kurucular\u0131ndan Abdullah \u00d6calan&#8217;\u0131n serbest b\u0131rak\u0131lmas\u0131n\u0131 g\u00f6r\u00fc\u015fmek \u00fczere \u00f6zel bir toplant\u0131n\u0131n d\u00fczenlenmesini talep etti. Sivil S\u00f6zle\u015fme Partisi&#8217;nden K\u00fcrt milletvekili\u00a0Knyaz Hasanov, liderlerinin T\u00fcrkiye&#8217;deki \u0130mral\u0131 cezaevinde 23 y\u0131ld\u0131r i\u015fkence g\u00f6rd\u00fc\u011f\u00fcn\u00fc, ancak uluslararas\u0131 toplumun sessiz bir g\u00f6zlemci rol\u00fc \u00fcstlendi\u011fini s\u00f6yledi. [&hellip;]","og_url":"https:\/\/akunq.net\/tr\/?p=67095","og_site_name":"Bati Ermenistan Ve Bati Ermenileri Sorunlari Ara\u015ftirmalar Merkezi","article_published_time":"2022-02-16T07:12:27+00:00","og_image":[{"width":1000,"height":666,"url":"https:\/\/akunq.net\/tr\/wp-content\/uploads\/sites\/6\/2022\/02\/K\u00fcrt-cemaati.jpg","type":"image\/jpeg"}],"author":"admin","twitter_card":"summary_large_image","twitter_misc":{"Written by":"admin","Est. reading time":"1 minute"},"schema":{"@context":"https:\/\/schema.org","@graph":[{"@type":"Article","@id":"https:\/\/akunq.net\/tr\/?p=67095#article","isPartOf":{"@id":"https:\/\/akunq.net\/tr\/?p=67095"},"author":{"name":"admin","@id":"https:\/\/akunq.net\/tr\/#\/schema\/person\/096f1d38a12cce57fb855b485ed24c9e"},"headline":"K\u00fcrt cemaati temsilcilerinden BM Ermenistan Ofisi \u00f6n\u00fcnde protesto: T\u00fcrkiye&#8217;nin amac\u0131 K\u00fcrt halk\u0131n\u0131 yok etmektir","datePublished":"2022-02-16T07:12:27+00:00","mainEntityOfPage":{"@id":"https:\/\/akunq.net\/tr\/?p=67095"},"wordCount":315,"commentCount":0,"image":{"@id":"https:\/\/akunq.net\/tr\/?p=67095#primaryimage"},"thumbnailUrl":"https:\/\/akunq.net\/tr\/wp-content\/uploads\/sites\/6\/2022\/02\/K\u00fcrt-cemaati.jpg","articleSection":["Haberler"],"inLanguage":"en-US","potentialAction":[{"@type":"CommentAction","name":"Comment","target":["https:\/\/akunq.net\/tr\/?p=67095#respond"]}]},{"@type":"WebPage","@id":"https:\/\/akunq.net\/tr\/?p=67095","url":"https:\/\/akunq.net\/tr\/?p=67095","name":"K\u00fcrt cemaati temsilcilerinden BM Ermenistan Ofisi \u00f6n\u00fcnde protesto: T\u00fcrkiye'nin amac\u0131 K\u00fcrt halk\u0131n\u0131 yok etmektir - Bati Ermenistan Ve Bati Ermenileri Sorunlari Ara\u015ftirmalar Merkezi","isPartOf":{"@id":"https:\/\/akunq.net\/tr\/#website"},"primaryImageOfPage":{"@id":"https:\/\/akunq.net\/tr\/?p=67095#primaryimage"},"image":{"@id":"https:\/\/akunq.net\/tr\/?p=67095#primaryimage"},"thumbnailUrl":"https:\/\/akunq.net\/tr\/wp-content\/uploads\/sites\/6\/2022\/02\/K\u00fcrt-cemaati.jpg","datePublished":"2022-02-16T07:12:27+00:00","author":{"@id":"https:\/\/akunq.net\/tr\/#\/schema\/person\/096f1d38a12cce57fb855b485ed24c9e"},"breadcrumb":{"@id":"https:\/\/akunq.net\/tr\/?p=67095#breadcrumb"},"inLanguage":"en-US","potentialAction":[{"@type":"ReadAction","target":["https:\/\/akunq.net\/tr\/?p=67095"]}]},{"@type":"ImageObject","inLanguage":"en-US","@id":"https:\/\/akunq.net\/tr\/?p=67095#primaryimage","url":"https:\/\/akunq.net\/tr\/wp-content\/uploads\/sites\/6\/2022\/02\/K\u00fcrt-cemaati.jpg","contentUrl":"https:\/\/akunq.net\/tr\/wp-content\/uploads\/sites\/6\/2022\/02\/K\u00fcrt-cemaati.jpg","width":1000,"height":666},{"@type":"BreadcrumbList","@id":"https:\/\/akunq.net\/tr\/?p=67095#breadcrumb","itemListElement":[{"@type":"ListItem","position":1,"name":"Home","item":"https:\/\/akunq.net\/tr"},{"@type":"ListItem","position":2,"name":"K\u00fcrt cemaati temsilcilerinden BM Ermenistan Ofisi \u00f6n\u00fcnde protesto: T\u00fcrkiye&#8217;nin amac\u0131 K\u00fcrt halk\u0131n\u0131 yok etmektir"}]},{"@type":"WebSite","@id":"https:\/\/akunq.net\/tr\/#website","url":"https:\/\/akunq.net\/tr\/","name":"Bati Ermenistan Ve Bati Ermenileri Sorunlari Ara\u015ftirmalar Merkezi","description":"","potentialAction":[{"@type":"SearchAction","target":{"@type":"EntryPoint","urlTemplate":"https:\/\/akunq.net\/tr\/?s={search_term_string}"},"query-input":{"@type":"PropertyValueSpecification","valueRequired":true,"valueName":"search_term_string"}}],"inLanguage":"en-US"},{"@type":"Person","@id":"https:\/\/akunq.net\/tr\/#\/schema\/person\/096f1d38a12cce57fb855b485ed24c9e","name":"admin","url":"https:\/\/akunq.net\/tr\/?author=7"}]}},"_links":{"self":[{"href":"https:\/\/akunq.net\/tr\/index.php?rest_route=\/wp\/v2\/posts\/67095","targetHints":{"allow":["GET"]}}],"collection":[{"href":"https:\/\/akunq.net\/tr\/index.php?rest_route=\/wp\/v2\/posts"}],"about":[{"href":"https:\/\/akunq.net\/tr\/index.php?rest_route=\/wp\/v2\/types\/post"}],"author":[{"embeddable":true,"href":"https:\/\/akunq.net\/tr\/index.php?rest_route=\/wp\/v2\/users\/7"}],"replies":[{"embeddable":true,"href":"https:\/\/akunq.net\/tr\/index.php?rest_route=%2Fwp%2Fv2%2Fcomments&post=67095"}],"version-history":[{"count":1,"href":"https:\/\/akunq.net\/tr\/index.php?rest_route=\/wp\/v2\/posts\/67095\/revisions"}],"predecessor-version":[{"id":67097,"href":"https:\/\/akunq.net\/tr\/index.php?rest_route=\/wp\/v2\/posts\/67095\/revisions\/67097"}],"wp:featuredmedia":[{"embeddable":true,"href":"https:\/\/akunq.net\/tr\/index.php?rest_route=\/wp\/v2\/media\/67096"}],"wp:attachment":[{"href":"https:\/\/akunq.net\/tr\/index.php?rest_route=%2Fwp%2Fv2%2Fmedia&parent=67095"}],"wp:term":[{"taxonomy":"category","embeddable":true,"href":"https:\/\/akunq.net\/tr\/index.php?rest_route=%2Fwp%2Fv2%2Fcategories&post=67095"},{"taxonomy":"post_tag","embeddable":true,"href":"https:\/\/akunq.net\/tr\/index.php?rest_route=%2Fwp%2Fv2%2Ftags&post=67095"}],"curies":[{"name":"wp","href":"https:\/\/api.w.org\/{rel}","templated":true}]}}