{"id":67081,"date":"2022-02-15T03:36:58","date_gmt":"2022-02-15T08:36:58","guid":{"rendered":"https:\/\/akunq.net\/tr\/?p=67081"},"modified":"2022-02-15T03:36:58","modified_gmt":"2022-02-15T08:36:58","slug":"mardindeki-9-kilise-ve-manastir-unesco-yolunda","status":"publish","type":"post","link":"https:\/\/akunq.net\/tr\/?p=67081","title":{"rendered":"Mardin\u2019deki 9 kilise ve manast\u0131r UNESCO yolunda"},"content":{"rendered":"<p><img loading=\"lazy\" decoding=\"async\" class=\"aligncenter size-medium wp-image-67082\" src=\"https:\/\/akunq.net\/tr\/wp-content\/uploads\/2022\/02\/Mardin-360x203.jpg\" alt=\"\" width=\"360\" height=\"203\" srcset=\"https:\/\/akunq.net\/tr\/wp-content\/uploads\/sites\/6\/2022\/02\/Mardin-360x203.jpg 360w, https:\/\/akunq.net\/tr\/wp-content\/uploads\/sites\/6\/2022\/02\/Mardin-768x432.jpg 768w, https:\/\/akunq.net\/tr\/wp-content\/uploads\/sites\/6\/2022\/02\/Mardin-560x315.jpg 560w, https:\/\/akunq.net\/tr\/wp-content\/uploads\/sites\/6\/2022\/02\/Mardin-260x146.jpg 260w, https:\/\/akunq.net\/tr\/wp-content\/uploads\/sites\/6\/2022\/02\/Mardin-160x90.jpg 160w, https:\/\/akunq.net\/tr\/wp-content\/uploads\/sites\/6\/2022\/02\/Mardin.jpg 864w\" sizes=\"auto, (max-width: 360px) 100vw, 360px\" \/><\/p>\n<p><em><strong>Mardin\u2019de UNESCO taraf\u0131ndan ge\u00e7en sene D\u00fcnya Miras Ge\u00e7ici Listesi\u2019ne al\u0131nan \u201cGe\u00e7 Antik\u201d ve \u201cOrta \u00c7a\u011f\u201d d\u00f6nemine ait 4 kilise ve 5 manast\u0131r\u0131n daimi listeye al\u0131nmas\u0131 i\u00e7in protokol imzaland\u0131.<\/strong><\/em><\/p>\n<p>Halil \u0130brahim Sincar, \u015eahin Se\u00e7en, Selahattin Erol<\/p>\n<p><strong>D\u00fcnya Miras\u0131 Ge\u00e7ici Listesi<\/strong>\u2018ne 30 Nisan 2021\u2019de eklenen<strong>\u00a0Mor Sobo Kilisesi, Meryem Ana Kilisesi (Yoldath Aloho), Deyrulzafaran Manast\u0131r\u0131, Mor Gabriel Manast\u0131r\u0131, Mor Abai Manast\u0131r\u0131, Mor Loozor Manast\u0131r\u0131, Mor Yakup Manast\u0131r\u0131, Mor Quryaqos Kilisesi ve Mor Azozo Kilisesi<\/strong>nin daimi listeye de kabul edilmesi adayl\u0131k dosyas\u0131 haz\u0131rland\u0131.<\/p>\n<p>Milli \u0130rade \u0130lkokulu konferans\u0131 salonunda, Midyat Belediyesi ile K\u00fclt\u00fcr ve Turizm Bakanl\u0131\u011f\u0131 K\u00fclt\u00fcr Varl\u0131klar\u0131 ve M\u00fczeler Genel M\u00fcd\u00fcrl\u00fc\u011f\u00fcnce imzalanacak i\u015f birli\u011fi protokol\u00fc dolay\u0131s\u0131yla d\u00fczenlenen t\u00f6rende konu\u015fan\u00a0<strong>Mardin Valisi Mahmut Demirta\u015f<\/strong>, gurur duyduklar\u0131 bu \u00e7al\u0131\u015fmalarda eme\u011fi ge\u00e7enlere te\u015fekk\u00fcr etti.<\/p>\n<p>Bir\u00e7ok medeniyete ev sahipli\u011fi yapan Mardin\u2019de farkl\u0131 k\u00fclt\u00fcrlerin ve farkl\u0131 dinlere mensup ki\u015filerin ge\u00e7mi\u015fte de bug\u00fcn de huzur i\u00e7erisinde ya\u015fad\u0131\u011f\u0131n\u0131 dile getiren Demirta\u015f, \u201c\u00c7ok say\u0131da kilise ve manast\u0131r\u0131m\u0131z var. Bu sene in\u015fallah 9\u2019unu adayl\u0131k listesine koyaca\u011f\u0131z. Hedefimiz kalan 60\u2019a yak\u0131n kilise ve manast\u0131rla ilgili dosyay\u0131 da haz\u0131rlay\u0131p, UNESCO\u2019ya adayl\u0131k i\u00e7in yollayaca\u011f\u0131z. B\u00fct\u00fcn il\u00e7elerimizde bu tarihi eserleri yeniden aya\u011fa kald\u0131raca\u011f\u0131z, bunlar\u0131 turizme kazand\u0131raca\u011f\u0131z.\u201d dedi.<\/p>\n<p>Demirta\u015f, Mardin\u2019in bir turizm kenti oldu\u011funa, salg\u0131na ra\u011fmen 500 binden fazla turistin konaklad\u0131\u011f\u0131na i\u015faret ederek, 3 milyona yak\u0131n insan\u0131n da g\u00fcn\u00fcbirlik kenti ziyaret etti\u011fini, bu \u00e7al\u0131\u015fmalarla ziyaret\u00e7i say\u0131s\u0131n\u0131n daha da artaca\u011f\u0131n\u0131 bildirdi.<\/p>\n<h3>\u201cTaraflar s\u00fcratle gerekli \u00e7al\u0131\u015fmalara ba\u015flayacak\u201d<\/h3>\n<p><strong>K\u00fclt\u00fcr Varl\u0131klar\u0131 ve M\u00fczeler Genel M\u00fcd\u00fcr\u00fc G\u00f6khan Yazg\u0131<\/strong>\u00a0ise sorumluluklar\u0131ndan birinin de UNESCO D\u00fcnya Miras Listesi\u2019nde yer almas\u0131 i\u00e7in tarihi varl\u0131klarla ilgili adayl\u0131k dosyas\u0131 haz\u0131rlamak oldu\u011funu s\u00f6yledi.<\/p>\n<p>Bu haz\u0131rl\u0131k \u00e7al\u0131\u015fmalar\u0131n\u0131n do\u011frudan Genel M\u00fcd\u00fcrl\u00fckteki uzmanlar taraf\u0131ndan, \u00e7o\u011fu zaman da UNESCO s\u00f6zle\u015fmelerinin temel anlay\u0131\u015f\u0131na uygun olarak yerel payda\u015flarla birlikte y\u00fcr\u00fctt\u00fckleri yo\u011fun bir \u00e7al\u0131\u015fman\u0131n sonucu oldu\u011funu dile getiren Yazg\u0131, \u201cBug\u00fcn burada bir araya gelmemizin vesilesi de bu \u00f6nemli i\u015f birli\u011finin hukuki temelini olu\u015fturacak, Midyat Belediye Ba\u015fkan\u0131m\u0131z ile ataca\u011f\u0131m\u0131z imza ile \u2018Midyat ve \u00e7evresindeki Ge\u00e7 Antik ve Orta \u00c7a\u011f D\u00f6nemi Kilise ve Manast\u0131rlar\u0131 Y\u00f6netim Plan\u0131 ve UNESCO D\u00fcnya Miras Listesi Adayl\u0131k Dosyas\u0131 Haz\u0131rlamas\u0131na \u0130li\u015fkin Protokol\u2019d\u00fcr.\u201d diye konu\u015ftu.<\/p>\n<p>Yazg\u0131, \u201cTur Abdin\u201d b\u00f6lgesinde yakla\u015f\u0131k 69 manast\u0131r ve kilise bulundu\u011funu, bunlardan 9\u2019unun ge\u00e7en sene D\u00fcnya Miras Ge\u00e7ici Listesi\u2019ne al\u0131nd\u0131\u011f\u0131n\u0131 hat\u0131rlatt\u0131.<\/p>\n<p>D\u00f6nem, \u00f6zg\u00fcnl\u00fck, b\u00fct\u00fcnl\u00fck ve korunmu\u015fluk durumlar\u0131 dikkate al\u0131narak bu eserlerin seri adayl\u0131k i\u00e7in d\u00fc\u015f\u00fcn\u00fcld\u00fc\u011f\u00fcne i\u015faret eden Yazg\u0131, 6. ve 8. y\u00fczy\u0131llara tarihlendirilen ve ortak \u00f6zelliklere sahip bu mimari eserlerin, \u00e7evrelerindeki \u00fcz\u00fcm ba\u011flar\u0131, zeytin ve badem a\u011fa\u00e7lar\u0131 ile etkileyici bir peyzaj olu\u015fturdu\u011funu vurgulad\u0131.<\/p>\n<p>Yazg\u0131, \u201cOrtodoks S\u00fcryani manast\u0131r mimarisinin en erken \u00f6rnekleriyle kendine \u00f6zg\u00fc bir mimari \u00fcsluba tan\u0131kl\u0131k etmektedir. Merkezi ve yerel idareler aras\u0131ndaki i\u015f birli\u011finin en g\u00fczel \u00f6rneklerinden birini temsil edecek protokol\u00fcn y\u00fcr\u00fcrl\u00fc\u011fe girmesini takiben taraflar s\u00fcratle gerekli \u00e7al\u0131\u015fmalara ba\u015flayacakt\u0131r.\u201d ifadelerini kulland\u0131.<\/p>\n<h3>\u201cKadim kentimizin t\u00fcm d\u00fcnya taraf\u0131ndan tan\u0131nmas\u0131n\u0131 sa\u011flayaca\u011f\u0131z\u201d<\/h3>\n<p><strong>Midyat Belediye Ba\u015fkan\u0131 Veysi \u015eahin\u00a0<\/strong>ise il\u00e7enin ge\u00e7mi\u015ften g\u00fcn\u00fcm\u00fcze ba\u011fr\u0131nda bir\u00e7ok medeniyeti bar\u0131nd\u0131rd\u0131\u011f\u0131n\u0131 belirtti.<\/p>\n<p>Hala bu ho\u015fg\u00f6r\u00fc k\u00fclt\u00fcr\u00fcn\u00fcn ya\u015fat\u0131ld\u0131\u011f\u0131na dikkati \u00e7eken \u015eahin, \u015funlar\u0131 kaydetti:<\/p>\n<p>\u201c2020\u2019de ba\u015flad\u0131\u011f\u0131m\u0131z UNESCO D\u00fcnya K\u00fclt\u00fcr Miras\u0131 ba\u015fvurusu i\u00e7in olu\u015fturdu\u011fumuz, akademik kurul, dan\u0131\u015fma kurulu ve teknik kurul ile koordineli, hummal\u0131 bir \u00e7al\u0131\u015fma neticesinde, yap\u0131lar\u0131n tarihi, k\u00fclt\u00fcrel ve mimari \u00fcst\u00fcnl\u00fcklerini ara\u015ft\u0131rd\u0131k. Olu\u015fturdu\u011fumuz uzman ekiplerle teknik inceleme gezileri yapt\u0131k. Midyat ve \u00e7evresindeki kilise ve manast\u0131rlar \u00fczerinde \u00e7al\u0131\u015fma yap\u0131lmas\u0131n\u0131 kararla\u015ft\u0131rd\u0131k. Bu yap\u0131lar\u0131n d\u00fcnyada benzersiz yap\u0131lar oldu\u011fu ortaya \u00e7\u0131kt\u0131. \u00c7al\u0131\u015fmalar neticesinde ba\u015fvurumuzu K\u00fclt\u00fcr ve Turizm Bakanl\u0131\u011f\u0131na yapt\u0131k. Ba\u015fvuru dosyam\u0131z K\u00fclt\u00fcr ve Turizm Bakanl\u0131\u011f\u0131 taraf\u0131ndan incelenip onayland\u0131ktan sonra 15 Nisan 2021\u2019de UNESCO D\u00fcnya K\u00fclt\u00fcr Miras\u0131 Paris Ofisine g\u00f6nderildi. \u0130ncelenen dosyam\u0131z uygun g\u00f6r\u00fclerek 30 Nisan 2021\u2019de 9 eser D\u00fcnya Miras Ge\u00e7ici Listesi\u2019ne dahil edildi.\u201d<\/p>\n<p>Bu yap\u0131lar\u0131n M\u00fcsl\u00fcman toplumlar taraf\u0131ndan g\u00fcn\u00fcm\u00fcze kadar himaye alt\u0131na al\u0131n\u0131p, korundu\u011funa i\u015faret eden \u015eahin, yap\u0131lardan 7\u2019sinin Midyat s\u0131n\u0131rlar\u0131nda, di\u011ferlerinin ise Artuklu ve Savur il\u00e7elerinde bulundu\u011funu s\u00f6yledi.<\/p>\n<p>\u015eahin, \u201c\u0130mzalayaca\u011f\u0131m\u0131z protokol ile K\u00fclt\u00fcr ve Turizm Bakanl\u0131\u011f\u0131 ile i\u015f birli\u011fi yaparak Bakanl\u0131\u011f\u0131m\u0131zdan alaca\u011f\u0131m\u0131z yetki sayesinde \u00e7al\u0131\u015fmalar\u0131 h\u0131zl\u0131 bir \u015fekilde ba\u015flataca\u011f\u0131z. En k\u0131sa s\u00fcrede as\u0131l listeye girerek, kadim kentimizin t\u00fcm d\u00fcnya taraf\u0131ndan bilinmesini, tan\u0131nmas\u0131n\u0131 ve merak edilmesini sa\u011flayaca\u011f\u0131z.\u201d \u015feklinde konu\u015ftu.<\/p>\n<h3>\u00c7al\u0131\u015fmalar S\u00fcryanileri heyecanland\u0131rd\u0131<\/h3>\n<p><strong>Mor Gabriel Vakf\u0131 Ba\u015fkan\u0131 Kuryakos Erg\u00fcn,<\/strong>\u00a0ba\u015fvurunun kendilerini hem heyecanland\u0131rd\u0131\u011f\u0131n\u0131 hem de duyguland\u0131rd\u0131\u011f\u0131n\u0131, tarihi kilise ve manast\u0131rlar\u0131n UNESCO D\u00fcnya Miras Listesi\u2019ne girmesi ile hak etti\u011fi de\u011fere ula\u015faca\u011f\u0131n\u0131 d\u00fc\u015f\u00fcnd\u00fcklerini belirtti.<\/p>\n<p>Bunlar\u0131n d\u0131\u015f\u0131nda da \u00e7ok say\u0131da yap\u0131n\u0131n aktif olarak kullan\u0131ld\u0131\u011f\u0131n\u0131 anlatan Erg\u00fcn, \u201c\u00c7ok k\u00fclt\u00fcrl\u00fcl\u00fc\u011f\u00fcn g\u00fcn\u00fcm\u00fcze kadar devam etti\u011fi bu topraklarda de\u011ferlerimizi tan\u0131d\u0131k\u00e7a uluslararas\u0131 platformlarda bilinirli\u011fimiz artacak. S\u00fcryani cemaati olarak bu yap\u0131lar\u0131m\u0131z\u0131n korunarak UNESCO D\u00fcnya Miras\u0131 Listesi\u2019ne girmesini umut etmekteyiz.\u201d dedi.<\/p>\n<p>Konu\u015fmalar\u0131n ard\u0131ndan K\u00fclt\u00fcr Varl\u0131klar\u0131 ve M\u00fczeler Genel M\u00fcd\u00fcr\u00fc G\u00f6khan Yazg\u0131 ile Midyat Belediye Ba\u015fkan\u0131 Veysi \u015eahin aras\u0131nda protokol imzaland\u0131.<\/p>\n<p>\u015eahin daha sonra Yazg\u0131\u2019ya plaket verdi.<\/p>\n<p><em><strong><a href=\"https:\/\/www.aa.com.tr\/tr\/kultur-sanat\/mardindeki-9-kilise-ve-manastir-unesco-yolunda-\/2502395\">https:\/\/www.aa.com.tr\/tr\/kultur-sanat\/mardindeki-9-kilise-ve-manastir-unesco-yolunda-\/2502395<\/a><\/strong><\/em><\/p>\n<div class=\"sharedaddy sd-sharing-enabled\">\n<div class=\"robots-nocontent sd-block sd-social sd-social-icon-text sd-sharing\">\n<h3 class=\"sd-title\"><\/h3>\n<\/div>\n<\/div>\n","protected":false},"excerpt":{"rendered":"<p>Mardin\u2019de UNESCO taraf\u0131ndan ge\u00e7en sene D\u00fcnya Miras Ge\u00e7ici Listesi\u2019ne al\u0131nan \u201cGe\u00e7 Antik\u201d ve \u201cOrta \u00c7a\u011f\u201d d\u00f6nemine ait 4 kilise ve 5 manast\u0131r\u0131n daimi listeye al\u0131nmas\u0131 i\u00e7in protokol imzaland\u0131. Halil \u0130brahim Sincar, \u015eahin Se\u00e7en, Selahattin Erol D\u00fcnya Miras\u0131 Ge\u00e7ici Listesi\u2018ne 30 Nisan 2021\u2019de eklenen\u00a0Mor Sobo Kilisesi, Meryem Ana Kilisesi (Yoldath Aloho), Deyrulzafaran Manast\u0131r\u0131, Mor Gabriel Manast\u0131r\u0131, [&hellip;]<\/p>\n","protected":false},"author":7,"featured_media":67082,"comment_status":"open","ping_status":"open","sticky":false,"template":"","format":"standard","meta":{"footnotes":""},"categories":[22,1],"tags":[],"class_list":["post-67081","post","type-post","status-publish","format-standard","has-post-thumbnail","hentry","category-gunumuzde-bati-ermenistan","category-haberler"],"yoast_head":"<!-- This site is optimized with the Yoast SEO plugin v27.4 - https:\/\/yoast.com\/product\/yoast-seo-wordpress\/ -->\n<title>Mardin\u2019deki 9 kilise ve manast\u0131r UNESCO yolunda - Bati Ermenistan Ve Bati Ermenileri Sorunlari Ara\u015ftirmalar Merkezi<\/title>\n<meta name=\"robots\" content=\"index, follow, max-snippet:-1, max-image-preview:large, max-video-preview:-1\" \/>\n<link rel=\"canonical\" href=\"https:\/\/akunq.net\/tr\/?p=67081\" \/>\n<meta property=\"og:locale\" content=\"en_US\" \/>\n<meta property=\"og:type\" content=\"article\" \/>\n<meta property=\"og:title\" content=\"Mardin\u2019deki 9 kilise ve manast\u0131r UNESCO yolunda - Bati Ermenistan Ve Bati Ermenileri Sorunlari Ara\u015ftirmalar Merkezi\" \/>\n<meta property=\"og:description\" content=\"Mardin\u2019de UNESCO taraf\u0131ndan ge\u00e7en sene D\u00fcnya Miras Ge\u00e7ici Listesi\u2019ne al\u0131nan \u201cGe\u00e7 Antik\u201d ve \u201cOrta \u00c7a\u011f\u201d d\u00f6nemine ait 4 kilise ve 5 manast\u0131r\u0131n daimi listeye al\u0131nmas\u0131 i\u00e7in protokol imzaland\u0131. Halil \u0130brahim Sincar, \u015eahin Se\u00e7en, Selahattin Erol D\u00fcnya Miras\u0131 Ge\u00e7ici Listesi\u2018ne 30 Nisan 2021\u2019de eklenen\u00a0Mor Sobo Kilisesi, Meryem Ana Kilisesi (Yoldath Aloho), Deyrulzafaran Manast\u0131r\u0131, Mor Gabriel Manast\u0131r\u0131, [&hellip;]\" \/>\n<meta property=\"og:url\" content=\"https:\/\/akunq.net\/tr\/?p=67081\" \/>\n<meta property=\"og:site_name\" content=\"Bati Ermenistan Ve Bati Ermenileri Sorunlari Ara\u015ftirmalar Merkezi\" \/>\n<meta property=\"article:published_time\" content=\"2022-02-15T08:36:58+00:00\" \/>\n<meta property=\"og:image\" content=\"https:\/\/akunq.net\/tr\/wp-content\/uploads\/sites\/6\/2022\/02\/Mardin.jpg\" \/>\n\t<meta property=\"og:image:width\" content=\"864\" \/>\n\t<meta property=\"og:image:height\" content=\"486\" \/>\n\t<meta property=\"og:image:type\" content=\"image\/jpeg\" \/>\n<meta name=\"author\" content=\"admin\" \/>\n<meta name=\"twitter:card\" content=\"summary_large_image\" \/>\n<meta name=\"twitter:label1\" content=\"Written by\" \/>\n\t<meta name=\"twitter:data1\" content=\"admin\" \/>\n\t<meta name=\"twitter:label2\" content=\"Est. reading time\" \/>\n\t<meta name=\"twitter:data2\" content=\"6 minutes\" \/>\n<script type=\"application\/ld+json\" class=\"yoast-schema-graph\">{\"@context\":\"https:\\\/\\\/schema.org\",\"@graph\":[{\"@type\":\"Article\",\"@id\":\"https:\\\/\\\/akunq.net\\\/tr\\\/?p=67081#article\",\"isPartOf\":{\"@id\":\"https:\\\/\\\/akunq.net\\\/tr\\\/?p=67081\"},\"author\":{\"name\":\"admin\",\"@id\":\"https:\\\/\\\/akunq.net\\\/tr\\\/#\\\/schema\\\/person\\\/096f1d38a12cce57fb855b485ed24c9e\"},\"headline\":\"Mardin\u2019deki 9 kilise ve manast\u0131r UNESCO yolunda\",\"datePublished\":\"2022-02-15T08:36:58+00:00\",\"mainEntityOfPage\":{\"@id\":\"https:\\\/\\\/akunq.net\\\/tr\\\/?p=67081\"},\"wordCount\":1114,\"commentCount\":0,\"image\":{\"@id\":\"https:\\\/\\\/akunq.net\\\/tr\\\/?p=67081#primaryimage\"},\"thumbnailUrl\":\"https:\\\/\\\/akunq.net\\\/tr\\\/wp-content\\\/uploads\\\/sites\\\/6\\\/2022\\\/02\\\/Mardin.jpg\",\"articleSection\":[\"G\u00fcn\u00fcm\u00fczde Bat\u0131 Ermenistan\",\"Haberler\"],\"inLanguage\":\"en-US\",\"potentialAction\":[{\"@type\":\"CommentAction\",\"name\":\"Comment\",\"target\":[\"https:\\\/\\\/akunq.net\\\/tr\\\/?p=67081#respond\"]}]},{\"@type\":\"WebPage\",\"@id\":\"https:\\\/\\\/akunq.net\\\/tr\\\/?p=67081\",\"url\":\"https:\\\/\\\/akunq.net\\\/tr\\\/?p=67081\",\"name\":\"Mardin\u2019deki 9 kilise ve manast\u0131r UNESCO yolunda - Bati Ermenistan Ve Bati Ermenileri Sorunlari Ara\u015ftirmalar Merkezi\",\"isPartOf\":{\"@id\":\"https:\\\/\\\/akunq.net\\\/tr\\\/#website\"},\"primaryImageOfPage\":{\"@id\":\"https:\\\/\\\/akunq.net\\\/tr\\\/?p=67081#primaryimage\"},\"image\":{\"@id\":\"https:\\\/\\\/akunq.net\\\/tr\\\/?p=67081#primaryimage\"},\"thumbnailUrl\":\"https:\\\/\\\/akunq.net\\\/tr\\\/wp-content\\\/uploads\\\/sites\\\/6\\\/2022\\\/02\\\/Mardin.jpg\",\"datePublished\":\"2022-02-15T08:36:58+00:00\",\"author\":{\"@id\":\"https:\\\/\\\/akunq.net\\\/tr\\\/#\\\/schema\\\/person\\\/096f1d38a12cce57fb855b485ed24c9e\"},\"breadcrumb\":{\"@id\":\"https:\\\/\\\/akunq.net\\\/tr\\\/?p=67081#breadcrumb\"},\"inLanguage\":\"en-US\",\"potentialAction\":[{\"@type\":\"ReadAction\",\"target\":[\"https:\\\/\\\/akunq.net\\\/tr\\\/?p=67081\"]}]},{\"@type\":\"ImageObject\",\"inLanguage\":\"en-US\",\"@id\":\"https:\\\/\\\/akunq.net\\\/tr\\\/?p=67081#primaryimage\",\"url\":\"https:\\\/\\\/akunq.net\\\/tr\\\/wp-content\\\/uploads\\\/sites\\\/6\\\/2022\\\/02\\\/Mardin.jpg\",\"contentUrl\":\"https:\\\/\\\/akunq.net\\\/tr\\\/wp-content\\\/uploads\\\/sites\\\/6\\\/2022\\\/02\\\/Mardin.jpg\",\"width\":864,\"height\":486},{\"@type\":\"BreadcrumbList\",\"@id\":\"https:\\\/\\\/akunq.net\\\/tr\\\/?p=67081#breadcrumb\",\"itemListElement\":[{\"@type\":\"ListItem\",\"position\":1,\"name\":\"Home\",\"item\":\"https:\\\/\\\/akunq.net\\\/tr\"},{\"@type\":\"ListItem\",\"position\":2,\"name\":\"Mardin\u2019deki 9 kilise ve manast\u0131r UNESCO yolunda\"}]},{\"@type\":\"WebSite\",\"@id\":\"https:\\\/\\\/akunq.net\\\/tr\\\/#website\",\"url\":\"https:\\\/\\\/akunq.net\\\/tr\\\/\",\"name\":\"Bati Ermenistan Ve Bati Ermenileri Sorunlari Ara\u015ftirmalar Merkezi\",\"description\":\"\",\"potentialAction\":[{\"@type\":\"SearchAction\",\"target\":{\"@type\":\"EntryPoint\",\"urlTemplate\":\"https:\\\/\\\/akunq.net\\\/tr\\\/?s={search_term_string}\"},\"query-input\":{\"@type\":\"PropertyValueSpecification\",\"valueRequired\":true,\"valueName\":\"search_term_string\"}}],\"inLanguage\":\"en-US\"},{\"@type\":\"Person\",\"@id\":\"https:\\\/\\\/akunq.net\\\/tr\\\/#\\\/schema\\\/person\\\/096f1d38a12cce57fb855b485ed24c9e\",\"name\":\"admin\",\"url\":\"https:\\\/\\\/akunq.net\\\/tr\\\/?author=7\"}]}<\/script>\n<!-- \/ Yoast SEO plugin. -->","yoast_head_json":{"title":"Mardin\u2019deki 9 kilise ve manast\u0131r UNESCO yolunda - Bati Ermenistan Ve Bati Ermenileri Sorunlari Ara\u015ftirmalar Merkezi","robots":{"index":"index","follow":"follow","max-snippet":"max-snippet:-1","max-image-preview":"max-image-preview:large","max-video-preview":"max-video-preview:-1"},"canonical":"https:\/\/akunq.net\/tr\/?p=67081","og_locale":"en_US","og_type":"article","og_title":"Mardin\u2019deki 9 kilise ve manast\u0131r UNESCO yolunda - Bati Ermenistan Ve Bati Ermenileri Sorunlari Ara\u015ftirmalar Merkezi","og_description":"Mardin\u2019de UNESCO taraf\u0131ndan ge\u00e7en sene D\u00fcnya Miras Ge\u00e7ici Listesi\u2019ne al\u0131nan \u201cGe\u00e7 Antik\u201d ve \u201cOrta \u00c7a\u011f\u201d d\u00f6nemine ait 4 kilise ve 5 manast\u0131r\u0131n daimi listeye al\u0131nmas\u0131 i\u00e7in protokol imzaland\u0131. Halil \u0130brahim Sincar, \u015eahin Se\u00e7en, Selahattin Erol D\u00fcnya Miras\u0131 Ge\u00e7ici Listesi\u2018ne 30 Nisan 2021\u2019de eklenen\u00a0Mor Sobo Kilisesi, Meryem Ana Kilisesi (Yoldath Aloho), Deyrulzafaran Manast\u0131r\u0131, Mor Gabriel Manast\u0131r\u0131, [&hellip;]","og_url":"https:\/\/akunq.net\/tr\/?p=67081","og_site_name":"Bati Ermenistan Ve Bati Ermenileri Sorunlari Ara\u015ftirmalar Merkezi","article_published_time":"2022-02-15T08:36:58+00:00","og_image":[{"width":864,"height":486,"url":"https:\/\/akunq.net\/tr\/wp-content\/uploads\/sites\/6\/2022\/02\/Mardin.jpg","type":"image\/jpeg"}],"author":"admin","twitter_card":"summary_large_image","twitter_misc":{"Written by":"admin","Est. reading time":"6 minutes"},"schema":{"@context":"https:\/\/schema.org","@graph":[{"@type":"Article","@id":"https:\/\/akunq.net\/tr\/?p=67081#article","isPartOf":{"@id":"https:\/\/akunq.net\/tr\/?p=67081"},"author":{"name":"admin","@id":"https:\/\/akunq.net\/tr\/#\/schema\/person\/096f1d38a12cce57fb855b485ed24c9e"},"headline":"Mardin\u2019deki 9 kilise ve manast\u0131r UNESCO yolunda","datePublished":"2022-02-15T08:36:58+00:00","mainEntityOfPage":{"@id":"https:\/\/akunq.net\/tr\/?p=67081"},"wordCount":1114,"commentCount":0,"image":{"@id":"https:\/\/akunq.net\/tr\/?p=67081#primaryimage"},"thumbnailUrl":"https:\/\/akunq.net\/tr\/wp-content\/uploads\/sites\/6\/2022\/02\/Mardin.jpg","articleSection":["G\u00fcn\u00fcm\u00fczde Bat\u0131 Ermenistan","Haberler"],"inLanguage":"en-US","potentialAction":[{"@type":"CommentAction","name":"Comment","target":["https:\/\/akunq.net\/tr\/?p=67081#respond"]}]},{"@type":"WebPage","@id":"https:\/\/akunq.net\/tr\/?p=67081","url":"https:\/\/akunq.net\/tr\/?p=67081","name":"Mardin\u2019deki 9 kilise ve manast\u0131r UNESCO yolunda - Bati Ermenistan Ve Bati Ermenileri Sorunlari Ara\u015ftirmalar Merkezi","isPartOf":{"@id":"https:\/\/akunq.net\/tr\/#website"},"primaryImageOfPage":{"@id":"https:\/\/akunq.net\/tr\/?p=67081#primaryimage"},"image":{"@id":"https:\/\/akunq.net\/tr\/?p=67081#primaryimage"},"thumbnailUrl":"https:\/\/akunq.net\/tr\/wp-content\/uploads\/sites\/6\/2022\/02\/Mardin.jpg","datePublished":"2022-02-15T08:36:58+00:00","author":{"@id":"https:\/\/akunq.net\/tr\/#\/schema\/person\/096f1d38a12cce57fb855b485ed24c9e"},"breadcrumb":{"@id":"https:\/\/akunq.net\/tr\/?p=67081#breadcrumb"},"inLanguage":"en-US","potentialAction":[{"@type":"ReadAction","target":["https:\/\/akunq.net\/tr\/?p=67081"]}]},{"@type":"ImageObject","inLanguage":"en-US","@id":"https:\/\/akunq.net\/tr\/?p=67081#primaryimage","url":"https:\/\/akunq.net\/tr\/wp-content\/uploads\/sites\/6\/2022\/02\/Mardin.jpg","contentUrl":"https:\/\/akunq.net\/tr\/wp-content\/uploads\/sites\/6\/2022\/02\/Mardin.jpg","width":864,"height":486},{"@type":"BreadcrumbList","@id":"https:\/\/akunq.net\/tr\/?p=67081#breadcrumb","itemListElement":[{"@type":"ListItem","position":1,"name":"Home","item":"https:\/\/akunq.net\/tr"},{"@type":"ListItem","position":2,"name":"Mardin\u2019deki 9 kilise ve manast\u0131r UNESCO yolunda"}]},{"@type":"WebSite","@id":"https:\/\/akunq.net\/tr\/#website","url":"https:\/\/akunq.net\/tr\/","name":"Bati Ermenistan Ve Bati Ermenileri Sorunlari Ara\u015ftirmalar Merkezi","description":"","potentialAction":[{"@type":"SearchAction","target":{"@type":"EntryPoint","urlTemplate":"https:\/\/akunq.net\/tr\/?s={search_term_string}"},"query-input":{"@type":"PropertyValueSpecification","valueRequired":true,"valueName":"search_term_string"}}],"inLanguage":"en-US"},{"@type":"Person","@id":"https:\/\/akunq.net\/tr\/#\/schema\/person\/096f1d38a12cce57fb855b485ed24c9e","name":"admin","url":"https:\/\/akunq.net\/tr\/?author=7"}]}},"_links":{"self":[{"href":"https:\/\/akunq.net\/tr\/index.php?rest_route=\/wp\/v2\/posts\/67081","targetHints":{"allow":["GET"]}}],"collection":[{"href":"https:\/\/akunq.net\/tr\/index.php?rest_route=\/wp\/v2\/posts"}],"about":[{"href":"https:\/\/akunq.net\/tr\/index.php?rest_route=\/wp\/v2\/types\/post"}],"author":[{"embeddable":true,"href":"https:\/\/akunq.net\/tr\/index.php?rest_route=\/wp\/v2\/users\/7"}],"replies":[{"embeddable":true,"href":"https:\/\/akunq.net\/tr\/index.php?rest_route=%2Fwp%2Fv2%2Fcomments&post=67081"}],"version-history":[{"count":1,"href":"https:\/\/akunq.net\/tr\/index.php?rest_route=\/wp\/v2\/posts\/67081\/revisions"}],"predecessor-version":[{"id":67083,"href":"https:\/\/akunq.net\/tr\/index.php?rest_route=\/wp\/v2\/posts\/67081\/revisions\/67083"}],"wp:featuredmedia":[{"embeddable":true,"href":"https:\/\/akunq.net\/tr\/index.php?rest_route=\/wp\/v2\/media\/67082"}],"wp:attachment":[{"href":"https:\/\/akunq.net\/tr\/index.php?rest_route=%2Fwp%2Fv2%2Fmedia&parent=67081"}],"wp:term":[{"taxonomy":"category","embeddable":true,"href":"https:\/\/akunq.net\/tr\/index.php?rest_route=%2Fwp%2Fv2%2Fcategories&post=67081"},{"taxonomy":"post_tag","embeddable":true,"href":"https:\/\/akunq.net\/tr\/index.php?rest_route=%2Fwp%2Fv2%2Ftags&post=67081"}],"curies":[{"name":"wp","href":"https:\/\/api.w.org\/{rel}","templated":true}]}}