{"id":67072,"date":"2022-02-15T02:33:43","date_gmt":"2022-02-15T07:33:43","guid":{"rendered":"https:\/\/akunq.net\/tr\/?p=67072"},"modified":"2022-02-15T02:33:43","modified_gmt":"2022-02-15T07:33:43","slug":"bursada-roma-tarihinin-ilk-kilisesinin-uzeri-kapatilmis","status":"publish","type":"post","link":"https:\/\/akunq.net\/tr\/?p=67072","title":{"rendered":"Bursa\u2019da Roma tarihinin ilk kilisesinin \u00fczeri kapat\u0131lm\u0131\u015f"},"content":{"rendered":"<p><img loading=\"lazy\" decoding=\"async\" class=\"aligncenter size-medium wp-image-67073\" src=\"https:\/\/akunq.net\/tr\/wp-content\/uploads\/2022\/02\/Bursa\u2019da-Roma-tarihinin-ilk-kilisesi-360x240.jpeg\" alt=\"\" width=\"360\" height=\"240\" srcset=\"https:\/\/akunq.net\/tr\/wp-content\/uploads\/sites\/6\/2022\/02\/Bursa\u2019da-Roma-tarihinin-ilk-kilisesi-360x240.jpeg 360w, https:\/\/akunq.net\/tr\/wp-content\/uploads\/sites\/6\/2022\/02\/Bursa\u2019da-Roma-tarihinin-ilk-kilisesi-560x373.jpeg 560w, https:\/\/akunq.net\/tr\/wp-content\/uploads\/sites\/6\/2022\/02\/Bursa\u2019da-Roma-tarihinin-ilk-kilisesi-260x173.jpeg 260w, https:\/\/akunq.net\/tr\/wp-content\/uploads\/sites\/6\/2022\/02\/Bursa\u2019da-Roma-tarihinin-ilk-kilisesi-160x107.jpeg 160w, https:\/\/akunq.net\/tr\/wp-content\/uploads\/sites\/6\/2022\/02\/Bursa\u2019da-Roma-tarihinin-ilk-kilisesi.jpeg 750w\" sizes=\"auto, (max-width: 360px) 100vw, 360px\" \/><\/p>\n<p><em><strong>Hristiyanl\u0131\u011f\u0131n ilk d\u00f6nemlerinde ibadet i\u00e7in kullan\u0131lan ender yap\u0131lardan olan, B\u00fcy\u00fckorhan il\u00e7esine ba\u011fl\u0131 Derecik k\u00f6y\u00fcnde yer alan tarihi bazilikada 2012\u2019den bu yana kaz\u0131 \u00e7al\u0131\u015fmas\u0131 yap\u0131lmad\u0131\u011f\u0131 gibi g\u00fcn y\u00fcz\u00fcne \u00e7\u0131kan eserlerin de \u00fczeri \u00f6rt\u00fclm\u00fc\u015f ve ormana kar\u0131\u015fm\u0131\u015f. B\u00fcy\u00fckorhan Belediye ba\u015fkan\u0131 Ahmet Korkmaz, tarihi eserin yeniden canlanmas\u0131 i\u00e7in ilgili kurumlar ile s\u00fcrekli g\u00f6r\u00fc\u015ft\u00fc\u011f\u00fcn\u00fc ve 2022 y\u0131l\u0131nda tekrar g\u00fcn y\u00fcz\u00fcne \u00e7\u0131karmay\u0131 hedefledi\u011fini belirtti<\/strong><\/em><\/p>\n<p><strong>ERCAN \u00c7ALI\u015eIR \/ BURSADA BUG\u00dcN<\/strong><\/p>\n<p><strong>Bursa<\/strong>\u2018n\u0131n\u00a0<strong>B\u00fcy\u00fckorhan\u00a0<\/strong>il\u00e7esinde, 2001 y\u0131l\u0131nda \u015fans eseri bir \u00e7ift\u00e7i taraf\u0131ndan bulunan\u00a0<strong>Hristiyanl\u0131\u011f\u0131n ilk kilisesi<\/strong>ni de i\u00e7inde bar\u0131nd\u0131ran\u00a0<strong>Derecik Bazilikas\u0131<\/strong>\u2018n\u0131n \u00fczeri \u00f6rt\u00fclm\u00fc\u015f.<\/p>\n<p>\u0130l\u00e7enin en \u00f6nemli tarihi de\u011ferlerinden biri olan, zaman zaman g\u00fcndeme gelen\u00a0<strong>Derecik<\/strong>\u00a0<strong>Bazilikas\u0131<\/strong>,\u00a0<strong>Roma d\u00f6nemi<\/strong>nden bin 600 y\u0131l \u00f6ncesine ait ve sadece<strong>\u00a0Paris\u2019te e\u015f de\u011fer \u00f6rne\u011fi\u00a0<\/strong>mevcut. Bir \u00e7ift\u00e7inin 2001 y\u0131l\u0131nda tesad\u00fcfen ortaya \u00e7\u0131kard\u0131\u011f\u0131 bazilikada, 2007- 2009 y\u0131llar\u0131 aras\u0131nda\u00a0<strong>Uluda\u011f \u00dcniversitesi-\u0130svi\u00e7re Lozan \u00dcniversitesi\u00a0<\/strong>ve\u00a0<strong>Bursa M\u00fcze M\u00fcd\u00fcrl\u00fc\u011f\u00fc\u00a0<\/strong>i\u015fbirli\u011fi ile kaz\u0131 \u00e7al\u0131\u015fmas\u0131 ger\u00e7ekle\u015ftirildi. Bu \u00e7al\u0131\u015fmalar sonucunda bazilika kal\u0131nt\u0131lar\u0131nda, H\u0131ristiyanl\u0131\u011fa ait son derece \u00f6nemli bulgulara rastlanm\u0131\u015ft\u0131. Bazilika i\u00e7erisinde bulunan kilisenin, H\u0131ristiyanl\u0131\u011f\u0131n Do\u011fu Roma \u0130mparatorlu\u011fu taraf\u0131ndan resmi din olarak kabul edilmesinden sonra yap\u0131lan ilk kilise oldu\u011fu ortaya \u00e7\u0131km\u0131\u015ft\u0131. En \u00e7ok g\u00f6\u00e7 veren yerlerden olan B\u00fcy\u00fckorhan il\u00e7esi makus talihini k\u0131r\u0131p, tarih ve do\u011fa turizmi a\u00e7\u0131s\u0131ndan bir \u00e7ekim merkezi olabilecekken, maalesef tarihin \u00fczeri \u00f6rt\u00fclm\u00fc\u015f. Tarihi bazilika,\u00a0<strong>\u0130znik\u00a0<\/strong>il\u00e7esi gibi, Hristiyanl\u0131\u011f\u0131n u\u011frak yeri olacak potansiyel bar\u0131nd\u0131r\u0131yor. \u0130l\u00e7eden\u00a0pek \u00e7ok kaynaklarda Roma imparatoru Adriyanus\u2019un, fetihten sonra ise\u00a0Orhan Bey\u2019in av sahas\u0131 olarak bahsedilmektedir. Neredeyse turizm geliri olmayan il\u00e7ede, Derecik Bazilikas\u0131 gibi 2-3 tane daha bazilika oldu\u011fu tahmin ediliyor. \u0130l\u00e7enin, Bay\u0131nd\u0131r ma\u011faras\u0131, Karalar ma\u011faras\u0131, s\u0131cak su kaynaklar\u0131, G\u00f6recik yaylas\u0131 gibi do\u011fal g\u00fczellikleri de mevcut.<\/p>\n<p><strong>B\u00fcy\u00fckorhan Belediye Ba\u015fkan\u0131 Ahmet Korkmaz<\/strong>, konuyla ilgili \u015f\u00f6yle konu\u015ftu; \u201c3 sene \u00f6nce\u00a0<strong>G\u00f6beklitepe\u00a0<\/strong>projesine benzer bir proje geli\u015ftirdik. Bakanl\u0131k\u00a0b\u00fct\u00e7e durumu, pandemi gibi nedenlerden dolay\u0131 bir ad\u0131m atamad\u0131. 2021 y\u0131l\u0131nda, bazilikan\u0131n bize tahsis edilmesi i\u00e7in yaz\u0131 yazd\u0131k. \u0130l K\u00fclt\u00fcr M\u00fcd\u00fcr\u00fcm\u00fcz ile g\u00f6r\u00fc\u015ft\u00fck, taban temizli\u011fini yapacaklar. Biz de \u00e7evre temizli\u011fini yapaca\u011f\u0131z. 2022 y\u0131l\u0131nda in\u015fallah Derecik Bazilikas\u0131n\u0131, tekrardan g\u00fcny\u00fcz\u00fcne \u00e7\u0131karmay\u0131 hedefliyoruz.\u201d<\/p>\n<p><strong>Bursa K\u00fclt\u00fcr Varl\u0131klar\u0131n\u0131 Koruma B\u00f6lge Kurulu M\u00fcd\u00fcrl\u00fc\u011f\u00fc<\/strong>nden edinilen bilgiye g\u00f6re; mozaikler, 2001-2009 y\u0131llar\u0131 aras\u0131nda,\u00a0<strong>Bursa M\u00fczesi\u00a0<\/strong>taraf\u0131ndan yap\u0131lan kaz\u0131larla ortaya \u00e7\u0131kar\u0131lm\u0131\u015ft\u0131r. Bazilikan\u0131n bulundu\u011fu parseller 1. dereceden\u00a0<strong>arkeolojik\u00a0<\/strong>sit\u00a0<strong>alan\u0131<\/strong>, \u00e7evresindeki parseller de 3.\u00a0dereceden arkeolojik sit alan\u0131 olarak kamula\u015ft\u0131r\u0131lmas\u0131 yap\u0131lm\u0131\u015f. Kilisenin 10\u2019a 20 metre olan dikd\u00f6rtgen\u00a0<strong>beden duvarlar\u0131<\/strong>na ula\u015f\u0131lm\u0131\u015ft\u0131r. 2004 y\u0131l\u0131nda da kurumca \u00e7al\u0131\u015fmalar onaylanm\u0131\u015ft\u0131r.<\/p>\n<figure class=\"wp-block-image\"><img decoding=\"async\" src=\"https:\/\/i0.wp.com\/images.bursadabugun.com\/editor\/haber\/14022022\/whatsapp-image-2022-02-14-at-09-12-21-1-6209f91d7ea79.jpeg?ssl=1\" alt=\"\" data-recalc-dims=\"1\" \/><\/figure>\n<p><strong>Bursa M\u00fcze M\u00fcd\u00fcrl\u00fc\u011f\u00fc<\/strong>\u00a0konuyla ilgili \u015fu a\u00e7\u0131klamay\u0131 yapt\u0131; \u201c<strong>Kaz\u0131 \u00e7al\u0131\u015fmalar\u0131\u00a0<\/strong>tamamlanmad\u0131\u011f\u0131 i\u00e7in tamamen ortaya \u00e7\u0131kar\u0131lamam\u0131\u015ft\u0131r. O y\u00fczden ge\u00e7ici koruma kapsam\u0131na al\u0131nabilmi\u015ftir. Kaz\u0131 \u00e7al\u0131\u015fmas\u0131 yapacak bir ekibin, bakanl\u0131k makam\u0131na ba\u015fvuru yapt\u0131\u011f\u0131 takdirde \u00e7al\u0131\u015fma yap\u0131lmas\u0131 tekrar de\u011ferlendirilebilir. \u0130svi\u00e7re Lozan \u00dcniversitesi kaz\u0131 \u00e7al\u0131\u015fmas\u0131 yap\u0131yordu. Yapan ekip lideri rahats\u0131zland\u0131 ve\u00a0<strong>b\u00fct\u00e7e s\u0131k\u0131nt\u0131s\u0131\u00a0<\/strong>ya\u015fand\u0131\u011f\u0131 i\u00e7in devam ettirilemedi. Uluda\u011f \u00dcniversitesi bir s\u00fcre devam ettirdi, nihayetinde kaz\u0131 \u00e7al\u0131\u015fmas\u0131 durdu. Bir b\u00fct\u00fcn olarak de\u011ferlendirmek gerekir, plan\u0131 o \u015fekilde yapmak gerekir. Kaz\u0131 \u00e7al\u0131\u015fmas\u0131 devam edemeyecekse ortaya \u00e7\u0131kan b\u00f6l\u00fcm\u00fc korumak gerekiyor. \u015eu an \u00fczerini kapatma nedenimiz tamamen koruma ama\u00e7l\u0131d\u0131r. Belirli s\u00fcreler oraya gidiyoruz, kontrol ediyoruz. Tel \u00f6rg\u00fcleri ya da tamir gereken bir yeri varsa tamir ediyoruz. Sonu\u00e7 olarak kaz\u0131 \u00e7al\u0131\u015fmas\u0131 tam olarak tamamlanmad\u0131 ve bize kaz\u0131 \u00e7al\u0131\u015fmas\u0131 yapmak i\u00e7in ba\u015fvuru yapan da hen\u00fcz olmad\u0131. Ba\u015fvuru gelse de\u00a0bu kaz\u0131 bir ka\u00e7 y\u0131ll\u0131k bir kaz\u0131 olacakt\u0131r.\u201d<\/p>\n<p><strong><em><a href=\"https:\/\/www.bursadabugun.com\/bursa-bolge-haberleri\">Di\u011fer Bursa Haberleri \u2013 B\u00f6lge Haberleri i\u00e7in t\u0131klay\u0131n<\/a><\/em><\/strong><\/p>\n<p><em><strong>https:\/\/hyetert.org\/2022\/02\/14\/bursada-roma-tarihinin-ilk-kilisesinin-uzeri-kapatilmis-ozel-haber\/\u00a0<\/strong><\/em><\/p>\n","protected":false},"excerpt":{"rendered":"<p>Hristiyanl\u0131\u011f\u0131n ilk d\u00f6nemlerinde ibadet i\u00e7in kullan\u0131lan ender yap\u0131lardan olan, B\u00fcy\u00fckorhan il\u00e7esine ba\u011fl\u0131 Derecik k\u00f6y\u00fcnde yer alan tarihi bazilikada 2012\u2019den bu yana kaz\u0131 \u00e7al\u0131\u015fmas\u0131 yap\u0131lmad\u0131\u011f\u0131 gibi g\u00fcn y\u00fcz\u00fcne \u00e7\u0131kan eserlerin de \u00fczeri \u00f6rt\u00fclm\u00fc\u015f ve ormana kar\u0131\u015fm\u0131\u015f. B\u00fcy\u00fckorhan Belediye ba\u015fkan\u0131 Ahmet Korkmaz, tarihi eserin yeniden canlanmas\u0131 i\u00e7in ilgili kurumlar ile s\u00fcrekli g\u00f6r\u00fc\u015ft\u00fc\u011f\u00fcn\u00fc ve 2022 y\u0131l\u0131nda tekrar g\u00fcn [&hellip;]<\/p>\n","protected":false},"author":7,"featured_media":67073,"comment_status":"open","ping_status":"open","sticky":false,"template":"","format":"standard","meta":{"footnotes":""},"categories":[1],"tags":[],"class_list":["post-67072","post","type-post","status-publish","format-standard","has-post-thumbnail","hentry","category-haberler"],"yoast_head":"<!-- This site is optimized with the Yoast SEO plugin v27.4 - https:\/\/yoast.com\/product\/yoast-seo-wordpress\/ -->\n<title>Bursa\u2019da Roma tarihinin ilk kilisesinin \u00fczeri kapat\u0131lm\u0131\u015f - Bati Ermenistan Ve Bati Ermenileri Sorunlari Ara\u015ftirmalar Merkezi<\/title>\n<meta name=\"robots\" content=\"index, follow, max-snippet:-1, max-image-preview:large, max-video-preview:-1\" \/>\n<link rel=\"canonical\" href=\"https:\/\/akunq.net\/tr\/?p=67072\" \/>\n<meta property=\"og:locale\" content=\"en_US\" \/>\n<meta property=\"og:type\" content=\"article\" \/>\n<meta property=\"og:title\" content=\"Bursa\u2019da Roma tarihinin ilk kilisesinin \u00fczeri kapat\u0131lm\u0131\u015f - Bati Ermenistan Ve Bati Ermenileri Sorunlari Ara\u015ftirmalar Merkezi\" \/>\n<meta property=\"og:description\" content=\"Hristiyanl\u0131\u011f\u0131n ilk d\u00f6nemlerinde ibadet i\u00e7in kullan\u0131lan ender yap\u0131lardan olan, B\u00fcy\u00fckorhan il\u00e7esine ba\u011fl\u0131 Derecik k\u00f6y\u00fcnde yer alan tarihi bazilikada 2012\u2019den bu yana kaz\u0131 \u00e7al\u0131\u015fmas\u0131 yap\u0131lmad\u0131\u011f\u0131 gibi g\u00fcn y\u00fcz\u00fcne \u00e7\u0131kan eserlerin de \u00fczeri \u00f6rt\u00fclm\u00fc\u015f ve ormana kar\u0131\u015fm\u0131\u015f. B\u00fcy\u00fckorhan Belediye ba\u015fkan\u0131 Ahmet Korkmaz, tarihi eserin yeniden canlanmas\u0131 i\u00e7in ilgili kurumlar ile s\u00fcrekli g\u00f6r\u00fc\u015ft\u00fc\u011f\u00fcn\u00fc ve 2022 y\u0131l\u0131nda tekrar g\u00fcn [&hellip;]\" \/>\n<meta property=\"og:url\" content=\"https:\/\/akunq.net\/tr\/?p=67072\" \/>\n<meta property=\"og:site_name\" content=\"Bati Ermenistan Ve Bati Ermenileri Sorunlari Ara\u015ftirmalar Merkezi\" \/>\n<meta property=\"article:published_time\" content=\"2022-02-15T07:33:43+00:00\" \/>\n<meta property=\"og:image\" content=\"https:\/\/akunq.net\/tr\/wp-content\/uploads\/sites\/6\/2022\/02\/Bursa\u2019da-Roma-tarihinin-ilk-kilisesi.jpeg\" \/>\n\t<meta property=\"og:image:width\" content=\"750\" \/>\n\t<meta property=\"og:image:height\" content=\"500\" \/>\n\t<meta property=\"og:image:type\" content=\"image\/jpeg\" \/>\n<meta name=\"author\" content=\"admin\" \/>\n<meta name=\"twitter:card\" content=\"summary_large_image\" \/>\n<meta name=\"twitter:label1\" content=\"Written by\" \/>\n\t<meta name=\"twitter:data1\" content=\"admin\" \/>\n\t<meta name=\"twitter:label2\" content=\"Est. reading time\" \/>\n\t<meta name=\"twitter:data2\" content=\"4 minutes\" \/>\n<script type=\"application\/ld+json\" class=\"yoast-schema-graph\">{\"@context\":\"https:\\\/\\\/schema.org\",\"@graph\":[{\"@type\":\"Article\",\"@id\":\"https:\\\/\\\/akunq.net\\\/tr\\\/?p=67072#article\",\"isPartOf\":{\"@id\":\"https:\\\/\\\/akunq.net\\\/tr\\\/?p=67072\"},\"author\":{\"name\":\"admin\",\"@id\":\"https:\\\/\\\/akunq.net\\\/tr\\\/#\\\/schema\\\/person\\\/096f1d38a12cce57fb855b485ed24c9e\"},\"headline\":\"Bursa\u2019da Roma tarihinin ilk kilisesinin \u00fczeri kapat\u0131lm\u0131\u015f\",\"datePublished\":\"2022-02-15T07:33:43+00:00\",\"mainEntityOfPage\":{\"@id\":\"https:\\\/\\\/akunq.net\\\/tr\\\/?p=67072\"},\"wordCount\":753,\"commentCount\":0,\"image\":{\"@id\":\"https:\\\/\\\/akunq.net\\\/tr\\\/?p=67072#primaryimage\"},\"thumbnailUrl\":\"https:\\\/\\\/akunq.net\\\/tr\\\/wp-content\\\/uploads\\\/sites\\\/6\\\/2022\\\/02\\\/Bursa\u2019da-Roma-tarihinin-ilk-kilisesi.jpeg\",\"articleSection\":[\"Haberler\"],\"inLanguage\":\"en-US\",\"potentialAction\":[{\"@type\":\"CommentAction\",\"name\":\"Comment\",\"target\":[\"https:\\\/\\\/akunq.net\\\/tr\\\/?p=67072#respond\"]}]},{\"@type\":\"WebPage\",\"@id\":\"https:\\\/\\\/akunq.net\\\/tr\\\/?p=67072\",\"url\":\"https:\\\/\\\/akunq.net\\\/tr\\\/?p=67072\",\"name\":\"Bursa\u2019da Roma tarihinin ilk kilisesinin \u00fczeri kapat\u0131lm\u0131\u015f - Bati Ermenistan Ve Bati Ermenileri Sorunlari Ara\u015ftirmalar Merkezi\",\"isPartOf\":{\"@id\":\"https:\\\/\\\/akunq.net\\\/tr\\\/#website\"},\"primaryImageOfPage\":{\"@id\":\"https:\\\/\\\/akunq.net\\\/tr\\\/?p=67072#primaryimage\"},\"image\":{\"@id\":\"https:\\\/\\\/akunq.net\\\/tr\\\/?p=67072#primaryimage\"},\"thumbnailUrl\":\"https:\\\/\\\/akunq.net\\\/tr\\\/wp-content\\\/uploads\\\/sites\\\/6\\\/2022\\\/02\\\/Bursa\u2019da-Roma-tarihinin-ilk-kilisesi.jpeg\",\"datePublished\":\"2022-02-15T07:33:43+00:00\",\"author\":{\"@id\":\"https:\\\/\\\/akunq.net\\\/tr\\\/#\\\/schema\\\/person\\\/096f1d38a12cce57fb855b485ed24c9e\"},\"breadcrumb\":{\"@id\":\"https:\\\/\\\/akunq.net\\\/tr\\\/?p=67072#breadcrumb\"},\"inLanguage\":\"en-US\",\"potentialAction\":[{\"@type\":\"ReadAction\",\"target\":[\"https:\\\/\\\/akunq.net\\\/tr\\\/?p=67072\"]}]},{\"@type\":\"ImageObject\",\"inLanguage\":\"en-US\",\"@id\":\"https:\\\/\\\/akunq.net\\\/tr\\\/?p=67072#primaryimage\",\"url\":\"https:\\\/\\\/akunq.net\\\/tr\\\/wp-content\\\/uploads\\\/sites\\\/6\\\/2022\\\/02\\\/Bursa\u2019da-Roma-tarihinin-ilk-kilisesi.jpeg\",\"contentUrl\":\"https:\\\/\\\/akunq.net\\\/tr\\\/wp-content\\\/uploads\\\/sites\\\/6\\\/2022\\\/02\\\/Bursa\u2019da-Roma-tarihinin-ilk-kilisesi.jpeg\",\"width\":750,\"height\":500},{\"@type\":\"BreadcrumbList\",\"@id\":\"https:\\\/\\\/akunq.net\\\/tr\\\/?p=67072#breadcrumb\",\"itemListElement\":[{\"@type\":\"ListItem\",\"position\":1,\"name\":\"Home\",\"item\":\"https:\\\/\\\/akunq.net\\\/tr\"},{\"@type\":\"ListItem\",\"position\":2,\"name\":\"Bursa\u2019da Roma tarihinin ilk kilisesinin \u00fczeri kapat\u0131lm\u0131\u015f\"}]},{\"@type\":\"WebSite\",\"@id\":\"https:\\\/\\\/akunq.net\\\/tr\\\/#website\",\"url\":\"https:\\\/\\\/akunq.net\\\/tr\\\/\",\"name\":\"Bati Ermenistan Ve Bati Ermenileri Sorunlari Ara\u015ftirmalar Merkezi\",\"description\":\"\",\"potentialAction\":[{\"@type\":\"SearchAction\",\"target\":{\"@type\":\"EntryPoint\",\"urlTemplate\":\"https:\\\/\\\/akunq.net\\\/tr\\\/?s={search_term_string}\"},\"query-input\":{\"@type\":\"PropertyValueSpecification\",\"valueRequired\":true,\"valueName\":\"search_term_string\"}}],\"inLanguage\":\"en-US\"},{\"@type\":\"Person\",\"@id\":\"https:\\\/\\\/akunq.net\\\/tr\\\/#\\\/schema\\\/person\\\/096f1d38a12cce57fb855b485ed24c9e\",\"name\":\"admin\",\"url\":\"https:\\\/\\\/akunq.net\\\/tr\\\/?author=7\"}]}<\/script>\n<!-- \/ Yoast SEO plugin. -->","yoast_head_json":{"title":"Bursa\u2019da Roma tarihinin ilk kilisesinin \u00fczeri kapat\u0131lm\u0131\u015f - Bati Ermenistan Ve Bati Ermenileri Sorunlari Ara\u015ftirmalar Merkezi","robots":{"index":"index","follow":"follow","max-snippet":"max-snippet:-1","max-image-preview":"max-image-preview:large","max-video-preview":"max-video-preview:-1"},"canonical":"https:\/\/akunq.net\/tr\/?p=67072","og_locale":"en_US","og_type":"article","og_title":"Bursa\u2019da Roma tarihinin ilk kilisesinin \u00fczeri kapat\u0131lm\u0131\u015f - Bati Ermenistan Ve Bati Ermenileri Sorunlari Ara\u015ftirmalar Merkezi","og_description":"Hristiyanl\u0131\u011f\u0131n ilk d\u00f6nemlerinde ibadet i\u00e7in kullan\u0131lan ender yap\u0131lardan olan, B\u00fcy\u00fckorhan il\u00e7esine ba\u011fl\u0131 Derecik k\u00f6y\u00fcnde yer alan tarihi bazilikada 2012\u2019den bu yana kaz\u0131 \u00e7al\u0131\u015fmas\u0131 yap\u0131lmad\u0131\u011f\u0131 gibi g\u00fcn y\u00fcz\u00fcne \u00e7\u0131kan eserlerin de \u00fczeri \u00f6rt\u00fclm\u00fc\u015f ve ormana kar\u0131\u015fm\u0131\u015f. B\u00fcy\u00fckorhan Belediye ba\u015fkan\u0131 Ahmet Korkmaz, tarihi eserin yeniden canlanmas\u0131 i\u00e7in ilgili kurumlar ile s\u00fcrekli g\u00f6r\u00fc\u015ft\u00fc\u011f\u00fcn\u00fc ve 2022 y\u0131l\u0131nda tekrar g\u00fcn [&hellip;]","og_url":"https:\/\/akunq.net\/tr\/?p=67072","og_site_name":"Bati Ermenistan Ve Bati Ermenileri Sorunlari Ara\u015ftirmalar Merkezi","article_published_time":"2022-02-15T07:33:43+00:00","og_image":[{"width":750,"height":500,"url":"https:\/\/akunq.net\/tr\/wp-content\/uploads\/sites\/6\/2022\/02\/Bursa\u2019da-Roma-tarihinin-ilk-kilisesi.jpeg","type":"image\/jpeg"}],"author":"admin","twitter_card":"summary_large_image","twitter_misc":{"Written by":"admin","Est. reading time":"4 minutes"},"schema":{"@context":"https:\/\/schema.org","@graph":[{"@type":"Article","@id":"https:\/\/akunq.net\/tr\/?p=67072#article","isPartOf":{"@id":"https:\/\/akunq.net\/tr\/?p=67072"},"author":{"name":"admin","@id":"https:\/\/akunq.net\/tr\/#\/schema\/person\/096f1d38a12cce57fb855b485ed24c9e"},"headline":"Bursa\u2019da Roma tarihinin ilk kilisesinin \u00fczeri kapat\u0131lm\u0131\u015f","datePublished":"2022-02-15T07:33:43+00:00","mainEntityOfPage":{"@id":"https:\/\/akunq.net\/tr\/?p=67072"},"wordCount":753,"commentCount":0,"image":{"@id":"https:\/\/akunq.net\/tr\/?p=67072#primaryimage"},"thumbnailUrl":"https:\/\/akunq.net\/tr\/wp-content\/uploads\/sites\/6\/2022\/02\/Bursa\u2019da-Roma-tarihinin-ilk-kilisesi.jpeg","articleSection":["Haberler"],"inLanguage":"en-US","potentialAction":[{"@type":"CommentAction","name":"Comment","target":["https:\/\/akunq.net\/tr\/?p=67072#respond"]}]},{"@type":"WebPage","@id":"https:\/\/akunq.net\/tr\/?p=67072","url":"https:\/\/akunq.net\/tr\/?p=67072","name":"Bursa\u2019da Roma tarihinin ilk kilisesinin \u00fczeri kapat\u0131lm\u0131\u015f - Bati Ermenistan Ve Bati Ermenileri Sorunlari Ara\u015ftirmalar Merkezi","isPartOf":{"@id":"https:\/\/akunq.net\/tr\/#website"},"primaryImageOfPage":{"@id":"https:\/\/akunq.net\/tr\/?p=67072#primaryimage"},"image":{"@id":"https:\/\/akunq.net\/tr\/?p=67072#primaryimage"},"thumbnailUrl":"https:\/\/akunq.net\/tr\/wp-content\/uploads\/sites\/6\/2022\/02\/Bursa\u2019da-Roma-tarihinin-ilk-kilisesi.jpeg","datePublished":"2022-02-15T07:33:43+00:00","author":{"@id":"https:\/\/akunq.net\/tr\/#\/schema\/person\/096f1d38a12cce57fb855b485ed24c9e"},"breadcrumb":{"@id":"https:\/\/akunq.net\/tr\/?p=67072#breadcrumb"},"inLanguage":"en-US","potentialAction":[{"@type":"ReadAction","target":["https:\/\/akunq.net\/tr\/?p=67072"]}]},{"@type":"ImageObject","inLanguage":"en-US","@id":"https:\/\/akunq.net\/tr\/?p=67072#primaryimage","url":"https:\/\/akunq.net\/tr\/wp-content\/uploads\/sites\/6\/2022\/02\/Bursa\u2019da-Roma-tarihinin-ilk-kilisesi.jpeg","contentUrl":"https:\/\/akunq.net\/tr\/wp-content\/uploads\/sites\/6\/2022\/02\/Bursa\u2019da-Roma-tarihinin-ilk-kilisesi.jpeg","width":750,"height":500},{"@type":"BreadcrumbList","@id":"https:\/\/akunq.net\/tr\/?p=67072#breadcrumb","itemListElement":[{"@type":"ListItem","position":1,"name":"Home","item":"https:\/\/akunq.net\/tr"},{"@type":"ListItem","position":2,"name":"Bursa\u2019da Roma tarihinin ilk kilisesinin \u00fczeri kapat\u0131lm\u0131\u015f"}]},{"@type":"WebSite","@id":"https:\/\/akunq.net\/tr\/#website","url":"https:\/\/akunq.net\/tr\/","name":"Bati Ermenistan Ve Bati Ermenileri Sorunlari Ara\u015ftirmalar Merkezi","description":"","potentialAction":[{"@type":"SearchAction","target":{"@type":"EntryPoint","urlTemplate":"https:\/\/akunq.net\/tr\/?s={search_term_string}"},"query-input":{"@type":"PropertyValueSpecification","valueRequired":true,"valueName":"search_term_string"}}],"inLanguage":"en-US"},{"@type":"Person","@id":"https:\/\/akunq.net\/tr\/#\/schema\/person\/096f1d38a12cce57fb855b485ed24c9e","name":"admin","url":"https:\/\/akunq.net\/tr\/?author=7"}]}},"_links":{"self":[{"href":"https:\/\/akunq.net\/tr\/index.php?rest_route=\/wp\/v2\/posts\/67072","targetHints":{"allow":["GET"]}}],"collection":[{"href":"https:\/\/akunq.net\/tr\/index.php?rest_route=\/wp\/v2\/posts"}],"about":[{"href":"https:\/\/akunq.net\/tr\/index.php?rest_route=\/wp\/v2\/types\/post"}],"author":[{"embeddable":true,"href":"https:\/\/akunq.net\/tr\/index.php?rest_route=\/wp\/v2\/users\/7"}],"replies":[{"embeddable":true,"href":"https:\/\/akunq.net\/tr\/index.php?rest_route=%2Fwp%2Fv2%2Fcomments&post=67072"}],"version-history":[{"count":1,"href":"https:\/\/akunq.net\/tr\/index.php?rest_route=\/wp\/v2\/posts\/67072\/revisions"}],"predecessor-version":[{"id":67074,"href":"https:\/\/akunq.net\/tr\/index.php?rest_route=\/wp\/v2\/posts\/67072\/revisions\/67074"}],"wp:featuredmedia":[{"embeddable":true,"href":"https:\/\/akunq.net\/tr\/index.php?rest_route=\/wp\/v2\/media\/67073"}],"wp:attachment":[{"href":"https:\/\/akunq.net\/tr\/index.php?rest_route=%2Fwp%2Fv2%2Fmedia&parent=67072"}],"wp:term":[{"taxonomy":"category","embeddable":true,"href":"https:\/\/akunq.net\/tr\/index.php?rest_route=%2Fwp%2Fv2%2Fcategories&post=67072"},{"taxonomy":"post_tag","embeddable":true,"href":"https:\/\/akunq.net\/tr\/index.php?rest_route=%2Fwp%2Fv2%2Ftags&post=67072"}],"curies":[{"name":"wp","href":"https:\/\/api.w.org\/{rel}","templated":true}]}}