{"id":67062,"date":"2022-02-14T02:09:13","date_gmt":"2022-02-14T07:09:13","guid":{"rendered":"https:\/\/akunq.net\/tr\/?p=67062"},"modified":"2022-02-14T02:09:13","modified_gmt":"2022-02-14T07:09:13","slug":"ayhan-aktar-ile-kulupte-kalanlarin-hikayesi-milliyetcilik-ve-tutarlilik-yan-yana-gelecek-seyler-degil","status":"publish","type":"post","link":"https:\/\/akunq.net\/tr\/?p=67062","title":{"rendered":"Ayhan Aktar ile Kul\u00fcp\u2019te Kalanlar\u0131n Hik\u00e2yesi: Milliyet\u00e7ilik ve tutarl\u0131l\u0131k yan yana gelecek \u015feyler de\u011fil"},"content":{"rendered":"<p><img loading=\"lazy\" decoding=\"async\" class=\"aligncenter size-medium wp-image-67063\" src=\"https:\/\/akunq.net\/tr\/wp-content\/uploads\/2022\/02\/Kul\u00fcp-360x208.jpg\" alt=\"\" width=\"360\" height=\"208\" srcset=\"https:\/\/akunq.net\/tr\/wp-content\/uploads\/sites\/6\/2022\/02\/Kul\u00fcp-360x208.jpg 360w, https:\/\/akunq.net\/tr\/wp-content\/uploads\/sites\/6\/2022\/02\/Kul\u00fcp-768x444.jpg 768w, https:\/\/akunq.net\/tr\/wp-content\/uploads\/sites\/6\/2022\/02\/Kul\u00fcp-560x324.jpg 560w, https:\/\/akunq.net\/tr\/wp-content\/uploads\/sites\/6\/2022\/02\/Kul\u00fcp-260x150.jpg 260w, https:\/\/akunq.net\/tr\/wp-content\/uploads\/sites\/6\/2022\/02\/Kul\u00fcp-160x93.jpg 160w, https:\/\/akunq.net\/tr\/wp-content\/uploads\/sites\/6\/2022\/02\/Kul\u00fcp.jpg 800w\" sizes=\"auto, (max-width: 360px) 100vw, 360px\" \/><\/p>\n<p><strong><em>\u2018Edit\u00f6r\u00fcn Defteri\u2019nde bu hafta Cumhuriyet\u2019in az\u0131nl\u0131klarla ilgili sayfalar\u0131n\u0131 tarih\u00e7i Prof. Dr. Ayhan Aktar ile birlikte aral\u0131yoruz.<\/em><\/strong><\/p>\n<p>Cumhuriyet tarihinin en karanl\u0131k ve en az bilinen d\u00f6nemlerinden birine odaklanan \u201cKul\u00fcp\u201d dizisi \u00e7ok be\u011fenildi, \u00e7ok\u00e7a tart\u0131\u015f\u0131ld\u0131. Peki ama asl\u0131nda ne olmu\u015ftu? *\u201cEdit\u00f6r\u00fcn Defteri\u201dnde bu hafta Cumhuriyet\u2019in az\u0131nl\u0131klarla ilgili sayfalar\u0131n\u0131 tarih\u00e7i Prof. Dr. Ayhan Aktar ile birlikte aral\u0131yoruz.<\/p>\n<p>\u00d6nceki \u201cYe\u015fil\u00e7am\u201d yap\u0131mlar\u0131n\u0131n yan\u0131nda \u201cKul\u00fcp\u201d dizisinin parlak bir \u00f6rnek oldu\u011funun alt\u0131n\u0131 \u00e7izen Aktar, dizideki ufak tefek hatalar\u0131n g\u00f6z ard\u0131 edilebilir boyutta oldu\u011funu belirtiyor. \u00d6te yandan, devlet politikalar\u0131 kar\u015f\u0131s\u0131nda usan\u0131p veya ba\u015fka \u00e7are bulamay\u0131p gitmek zorunda olanlar\u0131n de\u011fil de burada kalmay\u0131 tercih edenlerin hik\u00e2yesine odaklanm\u0131\u015f olmas\u0131n\u0131n \u00f6nemini vurguluyor.<\/p>\n<p>Milliyet\u00e7ili\u011fin ve T\u00fcrkiye\u2019deki milliyet\u00e7i d\u00fc\u015f\u00fcncenin tarihsel arkaplan\u0131n\u0131n \u00f6zetini anlatan Aktar, milliyet\u00e7ili\u011fin \u00fc\u00e7 d\u00f6neminden bahsediyor. \u0130lk d\u00f6nem; entelekt\u00fceller aras\u0131nda geli\u015fen, bir tarih ve k\u00fclt\u00fcr anlat\u0131s\u0131 in\u015fa s\u00fcreci. Ard\u0131ndan bu fikrin kitleselle\u015fmesi ve nihayet bu fikriyat\u0131n ulus devletin kurucu ideolojisi haline gelmesi. \u201cKurucu ideolojimiz olan Kemalist T\u00fcrk milliyet\u00e7ili\u011finde gayrim\u00fcslimler istenmeyen unsurdur\u201d diyen Aktar, toplumun t\u00fcm kesimlerinin \u201cT\u00fcrkle\u015ftirilme\u201d s\u00fcre\u00e7lerinin sanc\u0131l\u0131 d\u00f6nemlerinden \u201cKul\u00fcp\u201d dizisiyle haberdar olanlar i\u00e7in 1942\u2019teki Varl\u0131k Vergisi ile 1955\u2019teki 6-7 Eyl\u00fcl Olaylar\u0131 aras\u0131ndaki 13 y\u0131l\u0131n hik\u00e2yesini ortaya koydu.<\/p>\n<p>Bu vesileyle, \u201cvaktiyle\u201d T\u00fcrkiye\u2019de gayrim\u00fcslimlerle birlikte nas\u0131l da mutlu mesut ya\u015fand\u0131\u011f\u0131na dair \u201cromantik\u201d hik\u00e2yelerin temelsizli\u011fine de s\u00f6z geliyor ve yak\u0131n zamanda yeniden ke\u015ffedilen yazar Zaven Biberyan \u00f6rne\u011finde g\u00f6r\u00fcld\u00fc\u011f\u00fc gibi birlikte ya\u015fanan d\u00f6nemde de pek \u201cbirlikte\u201d ya\u015fanmad\u0131\u011f\u0131 anla\u015f\u0131l\u0131yor. Ayhan Aktar, bu s\u0131rada, \u201cyanda\u015f bas\u0131n\u201d uygulamas\u0131n\u0131n da AKP d\u00f6neminden \u00e7ok \u00f6nce, \u0130smet Pa\u015fa d\u00f6neminde icat edildi\u011fini vurguluyor. \u201cGemici Ohannes\u201d soka\u011f\u0131n\u0131n \u201cReis\u00fclk\u00fcttap\u201d soka\u011f\u0131na veya \u201cTirilye\u201dnin \u201cZeytinba\u011f\u201da d\u00f6n\u00fc\u015fmesi, sokaklar\u0131n, k\u00f6ylerin, hatta insanlar\u0131n isimlerinin de\u011fi\u015fmek zorunda kalmas\u0131 da b\u00fct\u00fcn bu ya\u015fanan s\u00fcrecin bug\u00fcne kadar gelen yans\u0131malar\u0131 aras\u0131nda yer al\u0131yor.<\/p>\n<p>\u201cMilliyet\u00e7ilik ve tutarl\u0131l\u0131k \u00e7ok fazla yan yana gelecek \u015feyler de\u011fil\u201d diyen Ayhan Aktar ile \u201cKul\u00fcp\u201d dizisi ve hat\u0131rlatt\u0131klar\u0131 \u00fczerine ger\u00e7ekle\u015ftirdi\u011fimiz bu yay\u0131n\u0131n \u201cKader utans\u0131n\u201d ifadesiyle kapanmas\u0131 da \u015fa\u015f\u0131rt\u0131c\u0131 olmasa gerek\u2026<\/p>\n<p>*\u201cEdit\u00f6r\u00fcn Defteri\u201d yeni bir k\u00fclt\u00fcr, sanat, edebiyat program\u0131. Yeni geli\u015fmeler, yeni yay\u0131nlar, sorunlar, tart\u0131\u015fmalar\u2026 Edit\u00f6r\u00fcn, \u00e7al\u0131\u015f\u0131rken kenara ald\u0131\u011f\u0131 notlar\u0131 haz\u0131rlayan ve sunan; Mesut Varl\u0131k.<\/p>\n<div class=\"fluid-width-video-wrapper\"><iframe id=\"fitvid407737\" title=\"Kul\u00fcp\u2019te Kalanlar\u0131n Hik\u00e2yesi\" src=\"https:\/\/www.youtube.com\/embed\/k7ElYhz_sBw?feature=oembed\" frameborder=\"0\" allowfullscreen=\"allowfullscreen\" data-mce-fragment=\"1\"><\/iframe><\/div>\n<hr \/>\n<p><em><strong><a href=\"https:\/\/artigercek.com\/haberler\/ayhan-aktar-ile-kulup-te-kalanlarin-hikayesi-milliyetcilik-ve-tutarlilik-yan-yana-gelecek-seyler-deg\" target=\"_blank\" rel=\"noopener noreferrer\">Art\u0131 Ger\u00e7ek<\/a>\u00a0<\/strong><\/em><\/p>\n","protected":false},"excerpt":{"rendered":"<p>\u2018Edit\u00f6r\u00fcn Defteri\u2019nde bu hafta Cumhuriyet\u2019in az\u0131nl\u0131klarla ilgili sayfalar\u0131n\u0131 tarih\u00e7i Prof. Dr. Ayhan Aktar ile birlikte aral\u0131yoruz. Cumhuriyet tarihinin en karanl\u0131k ve en az bilinen d\u00f6nemlerinden birine odaklanan \u201cKul\u00fcp\u201d dizisi \u00e7ok be\u011fenildi, \u00e7ok\u00e7a tart\u0131\u015f\u0131ld\u0131. Peki ama asl\u0131nda ne olmu\u015ftu? *\u201cEdit\u00f6r\u00fcn Defteri\u201dnde bu hafta Cumhuriyet\u2019in az\u0131nl\u0131klarla ilgili sayfalar\u0131n\u0131 tarih\u00e7i Prof. Dr. Ayhan Aktar ile birlikte aral\u0131yoruz. \u00d6nceki [&hellip;]<\/p>\n","protected":false},"author":7,"featured_media":67063,"comment_status":"open","ping_status":"open","sticky":false,"template":"","format":"standard","meta":{"footnotes":""},"categories":[1,53],"tags":[],"class_list":["post-67062","post","type-post","status-publish","format-standard","has-post-thumbnail","hentry","category-haberler","category-turkiyede-azinliklar"],"yoast_head":"<!-- This site is optimized with the Yoast SEO plugin v27.4 - https:\/\/yoast.com\/product\/yoast-seo-wordpress\/ -->\n<title>Ayhan Aktar ile Kul\u00fcp\u2019te Kalanlar\u0131n Hik\u00e2yesi: Milliyet\u00e7ilik ve tutarl\u0131l\u0131k yan yana gelecek \u015feyler de\u011fil - Bati Ermenistan Ve Bati Ermenileri Sorunlari Ara\u015ftirmalar Merkezi<\/title>\n<meta name=\"robots\" content=\"index, follow, max-snippet:-1, max-image-preview:large, max-video-preview:-1\" \/>\n<link rel=\"canonical\" href=\"https:\/\/akunq.net\/tr\/?p=67062\" \/>\n<meta property=\"og:locale\" content=\"en_US\" \/>\n<meta property=\"og:type\" content=\"article\" \/>\n<meta property=\"og:title\" content=\"Ayhan Aktar ile Kul\u00fcp\u2019te Kalanlar\u0131n Hik\u00e2yesi: Milliyet\u00e7ilik ve tutarl\u0131l\u0131k yan yana gelecek \u015feyler de\u011fil - Bati Ermenistan Ve Bati Ermenileri Sorunlari Ara\u015ftirmalar Merkezi\" \/>\n<meta property=\"og:description\" content=\"\u2018Edit\u00f6r\u00fcn Defteri\u2019nde bu hafta Cumhuriyet\u2019in az\u0131nl\u0131klarla ilgili sayfalar\u0131n\u0131 tarih\u00e7i Prof. Dr. Ayhan Aktar ile birlikte aral\u0131yoruz. Cumhuriyet tarihinin en karanl\u0131k ve en az bilinen d\u00f6nemlerinden birine odaklanan \u201cKul\u00fcp\u201d dizisi \u00e7ok be\u011fenildi, \u00e7ok\u00e7a tart\u0131\u015f\u0131ld\u0131. Peki ama asl\u0131nda ne olmu\u015ftu? *\u201cEdit\u00f6r\u00fcn Defteri\u201dnde bu hafta Cumhuriyet\u2019in az\u0131nl\u0131klarla ilgili sayfalar\u0131n\u0131 tarih\u00e7i Prof. Dr. Ayhan Aktar ile birlikte aral\u0131yoruz. \u00d6nceki [&hellip;]\" \/>\n<meta property=\"og:url\" content=\"https:\/\/akunq.net\/tr\/?p=67062\" \/>\n<meta property=\"og:site_name\" content=\"Bati Ermenistan Ve Bati Ermenileri Sorunlari Ara\u015ftirmalar Merkezi\" \/>\n<meta property=\"article:published_time\" content=\"2022-02-14T07:09:13+00:00\" \/>\n<meta property=\"og:image\" content=\"https:\/\/akunq.net\/tr\/wp-content\/uploads\/sites\/6\/2022\/02\/Kul\u00fcp.jpg\" \/>\n\t<meta property=\"og:image:width\" content=\"800\" \/>\n\t<meta property=\"og:image:height\" content=\"463\" \/>\n\t<meta property=\"og:image:type\" content=\"image\/jpeg\" \/>\n<meta name=\"author\" content=\"admin\" \/>\n<meta name=\"twitter:card\" content=\"summary_large_image\" \/>\n<meta name=\"twitter:label1\" content=\"Written by\" \/>\n\t<meta name=\"twitter:data1\" content=\"admin\" \/>\n\t<meta name=\"twitter:label2\" content=\"Est. reading time\" \/>\n\t<meta name=\"twitter:data2\" content=\"2 minutes\" \/>\n<script type=\"application\/ld+json\" class=\"yoast-schema-graph\">{\"@context\":\"https:\\\/\\\/schema.org\",\"@graph\":[{\"@type\":\"Article\",\"@id\":\"https:\\\/\\\/akunq.net\\\/tr\\\/?p=67062#article\",\"isPartOf\":{\"@id\":\"https:\\\/\\\/akunq.net\\\/tr\\\/?p=67062\"},\"author\":{\"name\":\"admin\",\"@id\":\"https:\\\/\\\/akunq.net\\\/tr\\\/#\\\/schema\\\/person\\\/096f1d38a12cce57fb855b485ed24c9e\"},\"headline\":\"Ayhan Aktar ile Kul\u00fcp\u2019te Kalanlar\u0131n Hik\u00e2yesi: Milliyet\u00e7ilik ve tutarl\u0131l\u0131k yan yana gelecek \u015feyler de\u011fil\",\"datePublished\":\"2022-02-14T07:09:13+00:00\",\"mainEntityOfPage\":{\"@id\":\"https:\\\/\\\/akunq.net\\\/tr\\\/?p=67062\"},\"wordCount\":505,\"commentCount\":0,\"image\":{\"@id\":\"https:\\\/\\\/akunq.net\\\/tr\\\/?p=67062#primaryimage\"},\"thumbnailUrl\":\"https:\\\/\\\/akunq.net\\\/tr\\\/wp-content\\\/uploads\\\/sites\\\/6\\\/2022\\\/02\\\/Kul\u00fcp.jpg\",\"articleSection\":[\"Haberler\",\"T\u00fcrkiye\u2019de Az\u0131nl\u0131klar\"],\"inLanguage\":\"en-US\",\"potentialAction\":[{\"@type\":\"CommentAction\",\"name\":\"Comment\",\"target\":[\"https:\\\/\\\/akunq.net\\\/tr\\\/?p=67062#respond\"]}]},{\"@type\":\"WebPage\",\"@id\":\"https:\\\/\\\/akunq.net\\\/tr\\\/?p=67062\",\"url\":\"https:\\\/\\\/akunq.net\\\/tr\\\/?p=67062\",\"name\":\"Ayhan Aktar ile Kul\u00fcp\u2019te Kalanlar\u0131n Hik\u00e2yesi: Milliyet\u00e7ilik ve tutarl\u0131l\u0131k yan yana gelecek \u015feyler de\u011fil - Bati Ermenistan Ve Bati Ermenileri Sorunlari Ara\u015ftirmalar Merkezi\",\"isPartOf\":{\"@id\":\"https:\\\/\\\/akunq.net\\\/tr\\\/#website\"},\"primaryImageOfPage\":{\"@id\":\"https:\\\/\\\/akunq.net\\\/tr\\\/?p=67062#primaryimage\"},\"image\":{\"@id\":\"https:\\\/\\\/akunq.net\\\/tr\\\/?p=67062#primaryimage\"},\"thumbnailUrl\":\"https:\\\/\\\/akunq.net\\\/tr\\\/wp-content\\\/uploads\\\/sites\\\/6\\\/2022\\\/02\\\/Kul\u00fcp.jpg\",\"datePublished\":\"2022-02-14T07:09:13+00:00\",\"author\":{\"@id\":\"https:\\\/\\\/akunq.net\\\/tr\\\/#\\\/schema\\\/person\\\/096f1d38a12cce57fb855b485ed24c9e\"},\"breadcrumb\":{\"@id\":\"https:\\\/\\\/akunq.net\\\/tr\\\/?p=67062#breadcrumb\"},\"inLanguage\":\"en-US\",\"potentialAction\":[{\"@type\":\"ReadAction\",\"target\":[\"https:\\\/\\\/akunq.net\\\/tr\\\/?p=67062\"]}]},{\"@type\":\"ImageObject\",\"inLanguage\":\"en-US\",\"@id\":\"https:\\\/\\\/akunq.net\\\/tr\\\/?p=67062#primaryimage\",\"url\":\"https:\\\/\\\/akunq.net\\\/tr\\\/wp-content\\\/uploads\\\/sites\\\/6\\\/2022\\\/02\\\/Kul\u00fcp.jpg\",\"contentUrl\":\"https:\\\/\\\/akunq.net\\\/tr\\\/wp-content\\\/uploads\\\/sites\\\/6\\\/2022\\\/02\\\/Kul\u00fcp.jpg\",\"width\":800,\"height\":463},{\"@type\":\"BreadcrumbList\",\"@id\":\"https:\\\/\\\/akunq.net\\\/tr\\\/?p=67062#breadcrumb\",\"itemListElement\":[{\"@type\":\"ListItem\",\"position\":1,\"name\":\"Home\",\"item\":\"https:\\\/\\\/akunq.net\\\/tr\"},{\"@type\":\"ListItem\",\"position\":2,\"name\":\"Ayhan Aktar ile Kul\u00fcp\u2019te Kalanlar\u0131n Hik\u00e2yesi: Milliyet\u00e7ilik ve tutarl\u0131l\u0131k yan yana gelecek \u015feyler de\u011fil\"}]},{\"@type\":\"WebSite\",\"@id\":\"https:\\\/\\\/akunq.net\\\/tr\\\/#website\",\"url\":\"https:\\\/\\\/akunq.net\\\/tr\\\/\",\"name\":\"Bati Ermenistan Ve Bati Ermenileri Sorunlari Ara\u015ftirmalar Merkezi\",\"description\":\"\",\"potentialAction\":[{\"@type\":\"SearchAction\",\"target\":{\"@type\":\"EntryPoint\",\"urlTemplate\":\"https:\\\/\\\/akunq.net\\\/tr\\\/?s={search_term_string}\"},\"query-input\":{\"@type\":\"PropertyValueSpecification\",\"valueRequired\":true,\"valueName\":\"search_term_string\"}}],\"inLanguage\":\"en-US\"},{\"@type\":\"Person\",\"@id\":\"https:\\\/\\\/akunq.net\\\/tr\\\/#\\\/schema\\\/person\\\/096f1d38a12cce57fb855b485ed24c9e\",\"name\":\"admin\",\"url\":\"https:\\\/\\\/akunq.net\\\/tr\\\/?author=7\"}]}<\/script>\n<!-- \/ Yoast SEO plugin. -->","yoast_head_json":{"title":"Ayhan Aktar ile Kul\u00fcp\u2019te Kalanlar\u0131n Hik\u00e2yesi: Milliyet\u00e7ilik ve tutarl\u0131l\u0131k yan yana gelecek \u015feyler de\u011fil - Bati Ermenistan Ve Bati Ermenileri Sorunlari Ara\u015ftirmalar Merkezi","robots":{"index":"index","follow":"follow","max-snippet":"max-snippet:-1","max-image-preview":"max-image-preview:large","max-video-preview":"max-video-preview:-1"},"canonical":"https:\/\/akunq.net\/tr\/?p=67062","og_locale":"en_US","og_type":"article","og_title":"Ayhan Aktar ile Kul\u00fcp\u2019te Kalanlar\u0131n Hik\u00e2yesi: Milliyet\u00e7ilik ve tutarl\u0131l\u0131k yan yana gelecek \u015feyler de\u011fil - Bati Ermenistan Ve Bati Ermenileri Sorunlari Ara\u015ftirmalar Merkezi","og_description":"\u2018Edit\u00f6r\u00fcn Defteri\u2019nde bu hafta Cumhuriyet\u2019in az\u0131nl\u0131klarla ilgili sayfalar\u0131n\u0131 tarih\u00e7i Prof. Dr. Ayhan Aktar ile birlikte aral\u0131yoruz. Cumhuriyet tarihinin en karanl\u0131k ve en az bilinen d\u00f6nemlerinden birine odaklanan \u201cKul\u00fcp\u201d dizisi \u00e7ok be\u011fenildi, \u00e7ok\u00e7a tart\u0131\u015f\u0131ld\u0131. Peki ama asl\u0131nda ne olmu\u015ftu? *\u201cEdit\u00f6r\u00fcn Defteri\u201dnde bu hafta Cumhuriyet\u2019in az\u0131nl\u0131klarla ilgili sayfalar\u0131n\u0131 tarih\u00e7i Prof. Dr. Ayhan Aktar ile birlikte aral\u0131yoruz. \u00d6nceki [&hellip;]","og_url":"https:\/\/akunq.net\/tr\/?p=67062","og_site_name":"Bati Ermenistan Ve Bati Ermenileri Sorunlari Ara\u015ftirmalar Merkezi","article_published_time":"2022-02-14T07:09:13+00:00","og_image":[{"width":800,"height":463,"url":"https:\/\/akunq.net\/tr\/wp-content\/uploads\/sites\/6\/2022\/02\/Kul\u00fcp.jpg","type":"image\/jpeg"}],"author":"admin","twitter_card":"summary_large_image","twitter_misc":{"Written by":"admin","Est. reading time":"2 minutes"},"schema":{"@context":"https:\/\/schema.org","@graph":[{"@type":"Article","@id":"https:\/\/akunq.net\/tr\/?p=67062#article","isPartOf":{"@id":"https:\/\/akunq.net\/tr\/?p=67062"},"author":{"name":"admin","@id":"https:\/\/akunq.net\/tr\/#\/schema\/person\/096f1d38a12cce57fb855b485ed24c9e"},"headline":"Ayhan Aktar ile Kul\u00fcp\u2019te Kalanlar\u0131n Hik\u00e2yesi: Milliyet\u00e7ilik ve tutarl\u0131l\u0131k yan yana gelecek \u015feyler de\u011fil","datePublished":"2022-02-14T07:09:13+00:00","mainEntityOfPage":{"@id":"https:\/\/akunq.net\/tr\/?p=67062"},"wordCount":505,"commentCount":0,"image":{"@id":"https:\/\/akunq.net\/tr\/?p=67062#primaryimage"},"thumbnailUrl":"https:\/\/akunq.net\/tr\/wp-content\/uploads\/sites\/6\/2022\/02\/Kul\u00fcp.jpg","articleSection":["Haberler","T\u00fcrkiye\u2019de Az\u0131nl\u0131klar"],"inLanguage":"en-US","potentialAction":[{"@type":"CommentAction","name":"Comment","target":["https:\/\/akunq.net\/tr\/?p=67062#respond"]}]},{"@type":"WebPage","@id":"https:\/\/akunq.net\/tr\/?p=67062","url":"https:\/\/akunq.net\/tr\/?p=67062","name":"Ayhan Aktar ile Kul\u00fcp\u2019te Kalanlar\u0131n Hik\u00e2yesi: Milliyet\u00e7ilik ve tutarl\u0131l\u0131k yan yana gelecek \u015feyler de\u011fil - Bati Ermenistan Ve Bati Ermenileri Sorunlari Ara\u015ftirmalar Merkezi","isPartOf":{"@id":"https:\/\/akunq.net\/tr\/#website"},"primaryImageOfPage":{"@id":"https:\/\/akunq.net\/tr\/?p=67062#primaryimage"},"image":{"@id":"https:\/\/akunq.net\/tr\/?p=67062#primaryimage"},"thumbnailUrl":"https:\/\/akunq.net\/tr\/wp-content\/uploads\/sites\/6\/2022\/02\/Kul\u00fcp.jpg","datePublished":"2022-02-14T07:09:13+00:00","author":{"@id":"https:\/\/akunq.net\/tr\/#\/schema\/person\/096f1d38a12cce57fb855b485ed24c9e"},"breadcrumb":{"@id":"https:\/\/akunq.net\/tr\/?p=67062#breadcrumb"},"inLanguage":"en-US","potentialAction":[{"@type":"ReadAction","target":["https:\/\/akunq.net\/tr\/?p=67062"]}]},{"@type":"ImageObject","inLanguage":"en-US","@id":"https:\/\/akunq.net\/tr\/?p=67062#primaryimage","url":"https:\/\/akunq.net\/tr\/wp-content\/uploads\/sites\/6\/2022\/02\/Kul\u00fcp.jpg","contentUrl":"https:\/\/akunq.net\/tr\/wp-content\/uploads\/sites\/6\/2022\/02\/Kul\u00fcp.jpg","width":800,"height":463},{"@type":"BreadcrumbList","@id":"https:\/\/akunq.net\/tr\/?p=67062#breadcrumb","itemListElement":[{"@type":"ListItem","position":1,"name":"Home","item":"https:\/\/akunq.net\/tr"},{"@type":"ListItem","position":2,"name":"Ayhan Aktar ile Kul\u00fcp\u2019te Kalanlar\u0131n Hik\u00e2yesi: Milliyet\u00e7ilik ve tutarl\u0131l\u0131k yan yana gelecek \u015feyler de\u011fil"}]},{"@type":"WebSite","@id":"https:\/\/akunq.net\/tr\/#website","url":"https:\/\/akunq.net\/tr\/","name":"Bati Ermenistan Ve Bati Ermenileri Sorunlari Ara\u015ftirmalar Merkezi","description":"","potentialAction":[{"@type":"SearchAction","target":{"@type":"EntryPoint","urlTemplate":"https:\/\/akunq.net\/tr\/?s={search_term_string}"},"query-input":{"@type":"PropertyValueSpecification","valueRequired":true,"valueName":"search_term_string"}}],"inLanguage":"en-US"},{"@type":"Person","@id":"https:\/\/akunq.net\/tr\/#\/schema\/person\/096f1d38a12cce57fb855b485ed24c9e","name":"admin","url":"https:\/\/akunq.net\/tr\/?author=7"}]}},"_links":{"self":[{"href":"https:\/\/akunq.net\/tr\/index.php?rest_route=\/wp\/v2\/posts\/67062","targetHints":{"allow":["GET"]}}],"collection":[{"href":"https:\/\/akunq.net\/tr\/index.php?rest_route=\/wp\/v2\/posts"}],"about":[{"href":"https:\/\/akunq.net\/tr\/index.php?rest_route=\/wp\/v2\/types\/post"}],"author":[{"embeddable":true,"href":"https:\/\/akunq.net\/tr\/index.php?rest_route=\/wp\/v2\/users\/7"}],"replies":[{"embeddable":true,"href":"https:\/\/akunq.net\/tr\/index.php?rest_route=%2Fwp%2Fv2%2Fcomments&post=67062"}],"version-history":[{"count":1,"href":"https:\/\/akunq.net\/tr\/index.php?rest_route=\/wp\/v2\/posts\/67062\/revisions"}],"predecessor-version":[{"id":67064,"href":"https:\/\/akunq.net\/tr\/index.php?rest_route=\/wp\/v2\/posts\/67062\/revisions\/67064"}],"wp:featuredmedia":[{"embeddable":true,"href":"https:\/\/akunq.net\/tr\/index.php?rest_route=\/wp\/v2\/media\/67063"}],"wp:attachment":[{"href":"https:\/\/akunq.net\/tr\/index.php?rest_route=%2Fwp%2Fv2%2Fmedia&parent=67062"}],"wp:term":[{"taxonomy":"category","embeddable":true,"href":"https:\/\/akunq.net\/tr\/index.php?rest_route=%2Fwp%2Fv2%2Fcategories&post=67062"},{"taxonomy":"post_tag","embeddable":true,"href":"https:\/\/akunq.net\/tr\/index.php?rest_route=%2Fwp%2Fv2%2Ftags&post=67062"}],"curies":[{"name":"wp","href":"https:\/\/api.w.org\/{rel}","templated":true}]}}