{"id":67059,"date":"2022-02-14T02:04:00","date_gmt":"2022-02-14T07:04:00","guid":{"rendered":"https:\/\/akunq.net\/tr\/?p=67059"},"modified":"2022-02-14T02:04:00","modified_gmt":"2022-02-14T07:04:00","slug":"kurtce-sokakta-siliniyor-evlerde-az-konusuluyor","status":"publish","type":"post","link":"https:\/\/akunq.net\/tr\/?p=67059","title":{"rendered":"\u2018K\u00fcrt\u00e7e sokakta siliniyor, evlerde az konu\u015fuluyor\u2019"},"content":{"rendered":"<p><img loading=\"lazy\" decoding=\"async\" class=\"aligncenter size-medium wp-image-67060\" src=\"https:\/\/akunq.net\/tr\/wp-content\/uploads\/2022\/02\/K\u00fcrt\u00e7e-1-360x208.jpg\" alt=\"\" width=\"360\" height=\"208\" srcset=\"https:\/\/akunq.net\/tr\/wp-content\/uploads\/sites\/6\/2022\/02\/K\u00fcrt\u00e7e-1-360x208.jpg 360w, https:\/\/akunq.net\/tr\/wp-content\/uploads\/sites\/6\/2022\/02\/K\u00fcrt\u00e7e-1-768x444.jpg 768w, https:\/\/akunq.net\/tr\/wp-content\/uploads\/sites\/6\/2022\/02\/K\u00fcrt\u00e7e-1-560x324.jpg 560w, https:\/\/akunq.net\/tr\/wp-content\/uploads\/sites\/6\/2022\/02\/K\u00fcrt\u00e7e-1-260x150.jpg 260w, https:\/\/akunq.net\/tr\/wp-content\/uploads\/sites\/6\/2022\/02\/K\u00fcrt\u00e7e-1-160x93.jpg 160w, https:\/\/akunq.net\/tr\/wp-content\/uploads\/sites\/6\/2022\/02\/K\u00fcrt\u00e7e-1.jpg 800w\" sizes=\"auto, (max-width: 360px) 100vw, 360px\" \/><\/p>\n<p><em><strong>Sosyo Politik Saha Ara\u015ft\u0131rmalar\u0131 Merkezi\u2019ne g\u00f6re se\u00e7meli dil dersi se\u00e7enler kaynak ve \u00f6\u011fretmen yetersizli\u011fi nedeniyle e\u011fitim alam\u0131yor, bu nedenle aileler K\u00fcrt\u00e7e se\u00e7mekten vazge\u00e7iyor.<\/strong><\/em><\/p>\n<p>K\u0131sadalga\u2019da yer alan Mehve\u015f Evin haberine g\u00f6re Sosyo Politik Saha Ara\u015ft\u0131rma Merkezi,T\u00fcrk\u00e7e d\u0131\u015f\u0131ndaki Anadillerin Yayg\u0131nl\u0131\u011f\u0131 ve E\u011fitimi\u201d \u00fczerine yeni bir ara\u015ft\u0131rma yay\u0131nlad\u0131. Anadilde e\u011fitim verilerinin gizlendi\u011fini s\u00f6yleyen Merkezin Koordinat\u00f6r\u00fc Y\u00fcksel Gen\u00e7, Milli E\u011fitim Bakanl\u0131\u011f\u0131\u2019n\u0131n se\u00e7meli derslerin say\u0131s\u0131, niteli\u011fi gibi bilgileri payla\u015fmad\u0131\u011f\u0131na, elde veri olmay\u0131nca sa\u011fl\u0131kl\u0131 de\u011ferlendirme yap\u0131lmad\u0131\u011f\u0131na dikkat \u00e7ekiyor. Gen\u00e7, K\u00fcrt\u00e7enin art\u0131k evlerde bile daha az konu\u015fuldu\u011fu, sokakta ise silindi\u011fini s\u00f6yl\u00fcyor.<\/p>\n<p>T\u00fcrkiye\u2019de konu\u015fulan 39 dilin oldu\u011funu ancak bunlar\u0131n b\u00fcy\u00fck k\u0131sm\u0131n\u0131n yok olmak \u00fczere oldu\u011funu yazan Mehve\u015f Evin\u2019in haberi \u015f\u00f6yle:<\/p>\n<p>\u201cBirle\u015fmi\u015f Milletler, bundan 22 y\u0131l \u00f6nce 21 \u015eubat tarihini Uluslararas\u0131 Anadil G\u00fcn\u00fc ilan etti. Ama\u00e7, \u201c\u0130nsanl\u0131\u011f\u0131n paha bi\u00e7ilmez miras\u0131 olan dil \u00e7e\u015fitlili\u011fini te\u015fvik etmekti.<\/p>\n<p>BM ayr\u0131ca, \u00f6n\u00fcm\u00fczdeki 10 y\u0131l\u0131 D\u00fcnyadaki \u201cYerli Diller\u201din uluslararas\u0131 \u00e7apta korunmas\u0131 ve geli\u015ftirilmesine adad\u0131. \u00c7\u00fcnk\u00fc d\u00fcnya \u00fczerinde konu\u015fulan dillerin y\u00fczde 40\u2019\u0131 yok olma tehlikesi alt\u0131nda.<\/p>\n<p>Y\u00fczy\u0131l\u0131n sonunda do\u011fru, d\u00fcnyadaki 7 bin dilin \u00e7o\u011funun art\u0131k konu\u015fulmayaca\u011f\u0131 tahmin ediliyor. Dillerin yok olu\u015fu, farkl\u0131 k\u00fclt\u00fcrlerin ve bilgilerin kayb\u0131 demek. Hatta dil \u00e7e\u015fitlili\u011fi, iklim krizi ve ekolojik zenginlikle de birebir ba\u011flant\u0131l\u0131! Canl\u0131 ya\u015fam\u0131nda biyo\u00e7e\u015fitlili\u011fin kayb\u0131, iklim krizini h\u0131zland\u0131ran en kritik konular\u0131n ba\u015f\u0131nda geliyor. Son ara\u015ft\u0131rmalarsa dil ile biyo\u00e7e\u015fitlili\u011fin aras\u0131nda hayati bir ba\u011f oldu\u011funu ortaya koydu.<\/p>\n<p>Peki T\u00fcrkiye\u2019de ka\u00e7 ki\u015fi, hangi anadilleri konu\u015fuyor, biliyor musunuz?<\/p>\n<p>Ne yaz\u0131k ki bu konudaki son veri, 1965\u2019teki n\u00fcfus say\u0131m\u0131na dayand\u0131\u011f\u0131ndan kimse tam olarak bilemiyor!<\/p>\n<p>57 y\u0131l \u00f6ncesinde, T\u00fcrk\u00e7e d\u0131\u015f\u0131nda bir anadil konu\u015fanlar\u0131n oran\u0131 n\u00fcfusun y\u00fczde 20\u2019siymi\u015f.<\/p>\n<p>Bug\u00fcn \u00fclkedeki en b\u00fcy\u00fck az\u0131nl\u0131\u011f\u0131n, yani K\u00fcrtlerin n\u00fcfusundan yola \u00e7\u0131karak K\u00fcrt\u00e7e konu\u015fanlar\u0131n 15 ila 20 milyon aras\u0131nda oldu\u011fu varsay\u0131l\u0131yor. Ne var ki yeni ku\u015faklar g\u00f6\u00e7, e\u011fitim, asimilasyon, ayr\u0131mc\u0131l\u0131k gibi engellerle K\u00fcrt\u00e7eyi \u00f6\u011frenmekten uzakla\u015f\u0131yor.<\/p>\n<p>Dil \u00e7al\u0131\u015fmalar\u0131 ve envanteri Ethnologue\u2019a g\u00f6re T\u00fcrkiye\u2019de konu\u015fulan 39 dil var. Fakat b\u00fcy\u00fck k\u0131sm\u0131, yok olmak \u00fczere. UNESCO D\u00fcnya Tehlike Alt\u0131ndaki Diller Atlas\u0131\u2019na g\u00f6re ise T\u00fcrkiye\u2019de 18 dil, yok olmu\u015f veya yok olma tehlikesi alt\u0131nda\u2026 Bunlar\u0131n \u00fc\u00e7\u00fc tamamen silinmi\u015f: Ubik, Mlahso ve Kapadokya Yunancas\u0131. S\u00fcryani dilleri ailesinden Hertevin ve Turoyo da UNESCO listesinde ciddi olarak tehlikede g\u00f6z\u00fck\u00fcyor.<\/p>\n<p>\u201cKul\u00fcp\u201d dizisiyle birlikte toplumun daha geni\u015f kesimlerinin muhtemelen ilk kez duydu\u011fu Ladino, Seferad Yahudilerinin konu\u015ftu\u011fu dil. Bug\u00fcn T\u00fcrkiye\u2019de ciddi tehlike alt\u0131nda olan diller aras\u0131nda Ladino ve Gagavuzca da var. Ayr\u0131ca Romanca, Bat\u0131 Ermenicesi, Hem\u015fince, Lazca, Pontus Yunancas\u0131, Abazaca, Suret de tehlikede\u2026 K\u0131r\u0131lgan kategorisinde Adigece, Abhazca, Kabar-\u00c7erkes dilleri ve Zazaca bulunuyor.<\/p>\n<p><strong>K\u00dcRT\u00c7EYE KEYF\u0130 YASAKLAR VE SE\u00c7MEL\u0130 DERS<\/strong><\/p>\n<p>T\u00fcrk\u00e7e\u2019den sonra en yayg\u0131n ana dil, K\u00fcrt\u00e7e (Kurman\u00e7\u00e7a). K\u00fcrt\u00e7e yasak de\u011fil ancak keyfi ve siyasi uygulamalar\u0131n merkezinde. Ge\u00e7enlerde yine b\u00f6yle olay ya\u015fand\u0131: Beyo\u011flu\u2019nda K\u00fcrt\u00e7e \u015fark\u0131 s\u00f6yleyen sokak m\u00fczisyenleri susturuldu, m\u00fczik aletleri ellerinden al\u0131nd\u0131.<\/p>\n<p>HDP Grup Ba\u015fkanvekili Meral Dan\u0131\u015f Be\u015fta\u015f \u201co \u015fark\u0131\u201dy\u0131 k\u00fcrs\u00fcden s\u00f6ylerken iktidar\u0131n temsilcileri \u201cK\u00fcrt\u00e7e yasa\u011f\u0131 var alg\u0131s\u0131 yarat\u0131l\u0131yor\u201d diye savunmaya ge\u00e7ti.<\/p>\n<p>Oysa bu engelleme ilk de\u011fildi\u2026 T\u00fcrkiye\u2019de K\u00fcrt\u00e7e konu\u015fmak yasak olmasa da tiyatro oyunlar\u0131ndan kitaplara, cezaevlerinden i\u015f yerlerine, sokak tabelalar\u0131ndan sosyal bask\u0131lara, K\u00fcrt\u00e7e \u00fczerinde fiili bir yasak s\u00f6zkonusu.<\/p>\n<p>CHP milletvekili Sezgin Tanr\u0131kulu, \u0130BB\u2019ye y\u00f6neltilen son su\u00e7lamalarda dahi K\u00fcrt\u00e7enin bir \u201csu\u00e7 unsuru\u201d haline getirildi\u011finin alt\u0131n\u0131 \u00e7iziyor.<\/p>\n<p>AKP, K\u00fcrt\u00e7e \u00fczerindeki engelleri kald\u0131rd\u0131\u011f\u0131yla \u00f6v\u00fcn\u00fcrken kayy\u0131m atanan t\u00fcm K\u00fcrt \u015fehirlerinde K\u00fcrt\u00e7e dilli tabelalar kald\u0131r\u0131ld\u0131.<\/p>\n<p>\u00d6te yandan \u201cya\u015fayan diller ve Leh\u00e7eler\u201d ba\u015fl\u0131\u011f\u0131 alt\u0131nda K\u00fcrt\u00e7enin 10 y\u0131ld\u0131r \u201cse\u00e7meli\u201d ders oldu\u011funu i\u015faret ederek \u201cK\u00fcrt\u00e7e serbest, sorun kalmad\u0131\u201d deniyor.<\/p>\n<p><strong>ANAD\u0130LDE E\u011e\u0130T\u0130M VER\u0130LER\u0130 NEDEN G\u0130ZLEN\u0130YOR?<\/strong><\/p>\n<p>Peki pratikte durum b\u00f6yle mi? Sosyo Politik Saha Ara\u015ft\u0131rmalar\u0131 Merkezi, \u201cT\u00fcrk\u00e7e d\u0131\u015f\u0131ndaki Anadillerin Yayg\u0131nl\u0131\u011f\u0131 ve E\u011fitimi\u201d \u00fczerine yeni bir ara\u015ft\u0131rma yay\u0131nlad\u0131.<\/p>\n<p>Merkezin Koordinat\u00f6r\u00fc Y\u00fcksel Gen\u00e7, Milli E\u011fitim Bakanl\u0131\u011f\u0131\u2019n\u0131n se\u00e7meli derslerin say\u0131s\u0131, niteli\u011fi gibi bilgileri payla\u015fmad\u0131\u011f\u0131na, elde veri olmay\u0131nca sa\u011fl\u0131kl\u0131 de\u011ferlendirme yap\u0131lmad\u0131\u011f\u0131na dikkat \u00e7ekiyor. K\u00fcrt\u00e7enin art\u0131k evlerde bile daha az konu\u015fuldu\u011fu, sokakta ise silindi\u011fine dikkat \u00e7ekiyor Gen\u00e7.<\/p>\n<p>Anayasa\u2019ya g\u00f6re Lozan h\u00fck\u00fcmleri sakl\u0131 kalmak kayd\u0131yla, ba\u015fka bir dilde e\u011fitim yasak. \u00d6te yandan anadilde e\u011fitim hakk\u0131, uzun y\u0131llard\u0131r K\u00fcrt siyasi hareketinin dillendirdi\u011fi bir talep. Saha Merkezi\u2019nin ankete g\u00f6n\u00fcll\u00fc kat\u0131lanlar aras\u0131nda anadilde e\u011fitime rekor talep, y\u00fczde 98.<\/p>\n<p>Ancak anadil kaynakl\u0131 ayr\u0131mc\u0131l\u0131\u011f\u0131n, \u00f6zellikle sa\u011fl\u0131k ve e\u011fitim alanlar\u0131nda y\u00fcksek oldu\u011fu sonucu \u00e7\u0131k\u0131yor.<\/p>\n<p>Oysa T\u00fcrkiye\u2019nin de imzalad\u0131\u011f\u0131 BM Az\u0131nl\u0131klar bildirisine g\u00f6re, devlet, az\u0131nl\u0131klar\u0131n dillerini geli\u015ftirmesi, korumas\u0131 i\u00e7in imkan yaratmakla y\u00fck\u00fcml\u00fc. Fakat ortaokulda se\u00e7meli konan \u201cYa\u015fayan Diller ve Leh\u00e7eler\u201d derslerine dair \u00e7ok ciddi s\u0131k\u0131nt\u0131lar s\u00f6zkonusu.<\/p>\n<p>Gen\u00e7, anadilde se\u00e7meli dersi se\u00e7en y\u00fczde 5\u2019lik az\u0131nl\u0131\u011f\u0131n, ya kaynak, ya \u00f6\u011fretmen yetersizli\u011fi nedeniyle e\u011fitim alamad\u0131\u011f\u0131n\u0131, bu nedenle ailelerin K\u00fcrt\u00e7e se\u00e7mekten vazge\u00e7ti\u011fine i\u015faret ediyor.\u201d<\/p>\n<hr \/>\n<p><em><strong><a href=\"https:\/\/artigercek.com\/haberler\/kurtce-sokakta-siliniyor-evlerde-az-konusuluyor\" target=\"_blank\" rel=\"noopener noreferrer\">Art\u0131 Ger\u00e7ek<\/a>\u00a0<\/strong><\/em><\/p>\n","protected":false},"excerpt":{"rendered":"<p>Sosyo Politik Saha Ara\u015ft\u0131rmalar\u0131 Merkezi\u2019ne g\u00f6re se\u00e7meli dil dersi se\u00e7enler kaynak ve \u00f6\u011fretmen yetersizli\u011fi nedeniyle e\u011fitim alam\u0131yor, bu nedenle aileler K\u00fcrt\u00e7e se\u00e7mekten vazge\u00e7iyor. K\u0131sadalga\u2019da yer alan Mehve\u015f Evin haberine g\u00f6re Sosyo Politik Saha Ara\u015ft\u0131rma Merkezi,T\u00fcrk\u00e7e d\u0131\u015f\u0131ndaki Anadillerin Yayg\u0131nl\u0131\u011f\u0131 ve E\u011fitimi\u201d \u00fczerine yeni bir ara\u015ft\u0131rma yay\u0131nlad\u0131. Anadilde e\u011fitim verilerinin gizlendi\u011fini s\u00f6yleyen Merkezin Koordinat\u00f6r\u00fc Y\u00fcksel Gen\u00e7, Milli [&hellip;]<\/p>\n","protected":false},"author":7,"featured_media":67060,"comment_status":"open","ping_status":"open","sticky":false,"template":"","format":"standard","meta":{"footnotes":""},"categories":[1,53],"tags":[],"class_list":["post-67059","post","type-post","status-publish","format-standard","has-post-thumbnail","hentry","category-haberler","category-turkiyede-azinliklar"],"yoast_head":"<!-- This site is optimized with the Yoast SEO plugin v27.4 - https:\/\/yoast.com\/product\/yoast-seo-wordpress\/ -->\n<title>\u2018K\u00fcrt\u00e7e sokakta siliniyor, evlerde az konu\u015fuluyor\u2019 - Bati Ermenistan Ve Bati Ermenileri Sorunlari Ara\u015ftirmalar Merkezi<\/title>\n<meta name=\"robots\" content=\"index, follow, max-snippet:-1, max-image-preview:large, max-video-preview:-1\" \/>\n<link rel=\"canonical\" href=\"https:\/\/akunq.net\/tr\/?p=67059\" \/>\n<meta property=\"og:locale\" content=\"en_US\" \/>\n<meta property=\"og:type\" content=\"article\" \/>\n<meta property=\"og:title\" content=\"\u2018K\u00fcrt\u00e7e sokakta siliniyor, evlerde az konu\u015fuluyor\u2019 - Bati Ermenistan Ve Bati Ermenileri Sorunlari Ara\u015ftirmalar Merkezi\" \/>\n<meta property=\"og:description\" content=\"Sosyo Politik Saha Ara\u015ft\u0131rmalar\u0131 Merkezi\u2019ne g\u00f6re se\u00e7meli dil dersi se\u00e7enler kaynak ve \u00f6\u011fretmen yetersizli\u011fi nedeniyle e\u011fitim alam\u0131yor, bu nedenle aileler K\u00fcrt\u00e7e se\u00e7mekten vazge\u00e7iyor. K\u0131sadalga\u2019da yer alan Mehve\u015f Evin haberine g\u00f6re Sosyo Politik Saha Ara\u015ft\u0131rma Merkezi,T\u00fcrk\u00e7e d\u0131\u015f\u0131ndaki Anadillerin Yayg\u0131nl\u0131\u011f\u0131 ve E\u011fitimi\u201d \u00fczerine yeni bir ara\u015ft\u0131rma yay\u0131nlad\u0131. Anadilde e\u011fitim verilerinin gizlendi\u011fini s\u00f6yleyen Merkezin Koordinat\u00f6r\u00fc Y\u00fcksel Gen\u00e7, Milli [&hellip;]\" \/>\n<meta property=\"og:url\" content=\"https:\/\/akunq.net\/tr\/?p=67059\" \/>\n<meta property=\"og:site_name\" content=\"Bati Ermenistan Ve Bati Ermenileri Sorunlari Ara\u015ftirmalar Merkezi\" \/>\n<meta property=\"article:published_time\" content=\"2022-02-14T07:04:00+00:00\" \/>\n<meta property=\"og:image\" content=\"https:\/\/akunq.net\/tr\/wp-content\/uploads\/sites\/6\/2022\/02\/K\u00fcrt\u00e7e-1.jpg\" \/>\n\t<meta property=\"og:image:width\" content=\"800\" \/>\n\t<meta property=\"og:image:height\" content=\"463\" \/>\n\t<meta property=\"og:image:type\" content=\"image\/jpeg\" \/>\n<meta name=\"author\" content=\"admin\" \/>\n<meta name=\"twitter:card\" content=\"summary_large_image\" \/>\n<meta name=\"twitter:label1\" content=\"Written by\" \/>\n\t<meta name=\"twitter:data1\" content=\"admin\" \/>\n\t<meta name=\"twitter:label2\" content=\"Est. reading time\" \/>\n\t<meta name=\"twitter:data2\" content=\"5 minutes\" \/>\n<script type=\"application\/ld+json\" class=\"yoast-schema-graph\">{\"@context\":\"https:\\\/\\\/schema.org\",\"@graph\":[{\"@type\":\"Article\",\"@id\":\"https:\\\/\\\/akunq.net\\\/tr\\\/?p=67059#article\",\"isPartOf\":{\"@id\":\"https:\\\/\\\/akunq.net\\\/tr\\\/?p=67059\"},\"author\":{\"name\":\"admin\",\"@id\":\"https:\\\/\\\/akunq.net\\\/tr\\\/#\\\/schema\\\/person\\\/096f1d38a12cce57fb855b485ed24c9e\"},\"headline\":\"\u2018K\u00fcrt\u00e7e sokakta siliniyor, evlerde az konu\u015fuluyor\u2019\",\"datePublished\":\"2022-02-14T07:04:00+00:00\",\"mainEntityOfPage\":{\"@id\":\"https:\\\/\\\/akunq.net\\\/tr\\\/?p=67059\"},\"wordCount\":1062,\"commentCount\":0,\"image\":{\"@id\":\"https:\\\/\\\/akunq.net\\\/tr\\\/?p=67059#primaryimage\"},\"thumbnailUrl\":\"https:\\\/\\\/akunq.net\\\/tr\\\/wp-content\\\/uploads\\\/sites\\\/6\\\/2022\\\/02\\\/K\u00fcrt\u00e7e-1.jpg\",\"articleSection\":[\"Haberler\",\"T\u00fcrkiye\u2019de Az\u0131nl\u0131klar\"],\"inLanguage\":\"en-US\",\"potentialAction\":[{\"@type\":\"CommentAction\",\"name\":\"Comment\",\"target\":[\"https:\\\/\\\/akunq.net\\\/tr\\\/?p=67059#respond\"]}]},{\"@type\":\"WebPage\",\"@id\":\"https:\\\/\\\/akunq.net\\\/tr\\\/?p=67059\",\"url\":\"https:\\\/\\\/akunq.net\\\/tr\\\/?p=67059\",\"name\":\"\u2018K\u00fcrt\u00e7e sokakta siliniyor, evlerde az konu\u015fuluyor\u2019 - Bati Ermenistan Ve Bati Ermenileri Sorunlari Ara\u015ftirmalar Merkezi\",\"isPartOf\":{\"@id\":\"https:\\\/\\\/akunq.net\\\/tr\\\/#website\"},\"primaryImageOfPage\":{\"@id\":\"https:\\\/\\\/akunq.net\\\/tr\\\/?p=67059#primaryimage\"},\"image\":{\"@id\":\"https:\\\/\\\/akunq.net\\\/tr\\\/?p=67059#primaryimage\"},\"thumbnailUrl\":\"https:\\\/\\\/akunq.net\\\/tr\\\/wp-content\\\/uploads\\\/sites\\\/6\\\/2022\\\/02\\\/K\u00fcrt\u00e7e-1.jpg\",\"datePublished\":\"2022-02-14T07:04:00+00:00\",\"author\":{\"@id\":\"https:\\\/\\\/akunq.net\\\/tr\\\/#\\\/schema\\\/person\\\/096f1d38a12cce57fb855b485ed24c9e\"},\"breadcrumb\":{\"@id\":\"https:\\\/\\\/akunq.net\\\/tr\\\/?p=67059#breadcrumb\"},\"inLanguage\":\"en-US\",\"potentialAction\":[{\"@type\":\"ReadAction\",\"target\":[\"https:\\\/\\\/akunq.net\\\/tr\\\/?p=67059\"]}]},{\"@type\":\"ImageObject\",\"inLanguage\":\"en-US\",\"@id\":\"https:\\\/\\\/akunq.net\\\/tr\\\/?p=67059#primaryimage\",\"url\":\"https:\\\/\\\/akunq.net\\\/tr\\\/wp-content\\\/uploads\\\/sites\\\/6\\\/2022\\\/02\\\/K\u00fcrt\u00e7e-1.jpg\",\"contentUrl\":\"https:\\\/\\\/akunq.net\\\/tr\\\/wp-content\\\/uploads\\\/sites\\\/6\\\/2022\\\/02\\\/K\u00fcrt\u00e7e-1.jpg\",\"width\":800,\"height\":463},{\"@type\":\"BreadcrumbList\",\"@id\":\"https:\\\/\\\/akunq.net\\\/tr\\\/?p=67059#breadcrumb\",\"itemListElement\":[{\"@type\":\"ListItem\",\"position\":1,\"name\":\"Home\",\"item\":\"https:\\\/\\\/akunq.net\\\/tr\"},{\"@type\":\"ListItem\",\"position\":2,\"name\":\"\u2018K\u00fcrt\u00e7e sokakta siliniyor, evlerde az konu\u015fuluyor\u2019\"}]},{\"@type\":\"WebSite\",\"@id\":\"https:\\\/\\\/akunq.net\\\/tr\\\/#website\",\"url\":\"https:\\\/\\\/akunq.net\\\/tr\\\/\",\"name\":\"Bati Ermenistan Ve Bati Ermenileri Sorunlari Ara\u015ftirmalar Merkezi\",\"description\":\"\",\"potentialAction\":[{\"@type\":\"SearchAction\",\"target\":{\"@type\":\"EntryPoint\",\"urlTemplate\":\"https:\\\/\\\/akunq.net\\\/tr\\\/?s={search_term_string}\"},\"query-input\":{\"@type\":\"PropertyValueSpecification\",\"valueRequired\":true,\"valueName\":\"search_term_string\"}}],\"inLanguage\":\"en-US\"},{\"@type\":\"Person\",\"@id\":\"https:\\\/\\\/akunq.net\\\/tr\\\/#\\\/schema\\\/person\\\/096f1d38a12cce57fb855b485ed24c9e\",\"name\":\"admin\",\"url\":\"https:\\\/\\\/akunq.net\\\/tr\\\/?author=7\"}]}<\/script>\n<!-- \/ Yoast SEO plugin. -->","yoast_head_json":{"title":"\u2018K\u00fcrt\u00e7e sokakta siliniyor, evlerde az konu\u015fuluyor\u2019 - Bati Ermenistan Ve Bati Ermenileri Sorunlari Ara\u015ftirmalar Merkezi","robots":{"index":"index","follow":"follow","max-snippet":"max-snippet:-1","max-image-preview":"max-image-preview:large","max-video-preview":"max-video-preview:-1"},"canonical":"https:\/\/akunq.net\/tr\/?p=67059","og_locale":"en_US","og_type":"article","og_title":"\u2018K\u00fcrt\u00e7e sokakta siliniyor, evlerde az konu\u015fuluyor\u2019 - Bati Ermenistan Ve Bati Ermenileri Sorunlari Ara\u015ftirmalar Merkezi","og_description":"Sosyo Politik Saha Ara\u015ft\u0131rmalar\u0131 Merkezi\u2019ne g\u00f6re se\u00e7meli dil dersi se\u00e7enler kaynak ve \u00f6\u011fretmen yetersizli\u011fi nedeniyle e\u011fitim alam\u0131yor, bu nedenle aileler K\u00fcrt\u00e7e se\u00e7mekten vazge\u00e7iyor. K\u0131sadalga\u2019da yer alan Mehve\u015f Evin haberine g\u00f6re Sosyo Politik Saha Ara\u015ft\u0131rma Merkezi,T\u00fcrk\u00e7e d\u0131\u015f\u0131ndaki Anadillerin Yayg\u0131nl\u0131\u011f\u0131 ve E\u011fitimi\u201d \u00fczerine yeni bir ara\u015ft\u0131rma yay\u0131nlad\u0131. Anadilde e\u011fitim verilerinin gizlendi\u011fini s\u00f6yleyen Merkezin Koordinat\u00f6r\u00fc Y\u00fcksel Gen\u00e7, Milli [&hellip;]","og_url":"https:\/\/akunq.net\/tr\/?p=67059","og_site_name":"Bati Ermenistan Ve Bati Ermenileri Sorunlari Ara\u015ftirmalar Merkezi","article_published_time":"2022-02-14T07:04:00+00:00","og_image":[{"width":800,"height":463,"url":"https:\/\/akunq.net\/tr\/wp-content\/uploads\/sites\/6\/2022\/02\/K\u00fcrt\u00e7e-1.jpg","type":"image\/jpeg"}],"author":"admin","twitter_card":"summary_large_image","twitter_misc":{"Written by":"admin","Est. reading time":"5 minutes"},"schema":{"@context":"https:\/\/schema.org","@graph":[{"@type":"Article","@id":"https:\/\/akunq.net\/tr\/?p=67059#article","isPartOf":{"@id":"https:\/\/akunq.net\/tr\/?p=67059"},"author":{"name":"admin","@id":"https:\/\/akunq.net\/tr\/#\/schema\/person\/096f1d38a12cce57fb855b485ed24c9e"},"headline":"\u2018K\u00fcrt\u00e7e sokakta siliniyor, evlerde az konu\u015fuluyor\u2019","datePublished":"2022-02-14T07:04:00+00:00","mainEntityOfPage":{"@id":"https:\/\/akunq.net\/tr\/?p=67059"},"wordCount":1062,"commentCount":0,"image":{"@id":"https:\/\/akunq.net\/tr\/?p=67059#primaryimage"},"thumbnailUrl":"https:\/\/akunq.net\/tr\/wp-content\/uploads\/sites\/6\/2022\/02\/K\u00fcrt\u00e7e-1.jpg","articleSection":["Haberler","T\u00fcrkiye\u2019de Az\u0131nl\u0131klar"],"inLanguage":"en-US","potentialAction":[{"@type":"CommentAction","name":"Comment","target":["https:\/\/akunq.net\/tr\/?p=67059#respond"]}]},{"@type":"WebPage","@id":"https:\/\/akunq.net\/tr\/?p=67059","url":"https:\/\/akunq.net\/tr\/?p=67059","name":"\u2018K\u00fcrt\u00e7e sokakta siliniyor, evlerde az konu\u015fuluyor\u2019 - Bati Ermenistan Ve Bati Ermenileri Sorunlari Ara\u015ftirmalar Merkezi","isPartOf":{"@id":"https:\/\/akunq.net\/tr\/#website"},"primaryImageOfPage":{"@id":"https:\/\/akunq.net\/tr\/?p=67059#primaryimage"},"image":{"@id":"https:\/\/akunq.net\/tr\/?p=67059#primaryimage"},"thumbnailUrl":"https:\/\/akunq.net\/tr\/wp-content\/uploads\/sites\/6\/2022\/02\/K\u00fcrt\u00e7e-1.jpg","datePublished":"2022-02-14T07:04:00+00:00","author":{"@id":"https:\/\/akunq.net\/tr\/#\/schema\/person\/096f1d38a12cce57fb855b485ed24c9e"},"breadcrumb":{"@id":"https:\/\/akunq.net\/tr\/?p=67059#breadcrumb"},"inLanguage":"en-US","potentialAction":[{"@type":"ReadAction","target":["https:\/\/akunq.net\/tr\/?p=67059"]}]},{"@type":"ImageObject","inLanguage":"en-US","@id":"https:\/\/akunq.net\/tr\/?p=67059#primaryimage","url":"https:\/\/akunq.net\/tr\/wp-content\/uploads\/sites\/6\/2022\/02\/K\u00fcrt\u00e7e-1.jpg","contentUrl":"https:\/\/akunq.net\/tr\/wp-content\/uploads\/sites\/6\/2022\/02\/K\u00fcrt\u00e7e-1.jpg","width":800,"height":463},{"@type":"BreadcrumbList","@id":"https:\/\/akunq.net\/tr\/?p=67059#breadcrumb","itemListElement":[{"@type":"ListItem","position":1,"name":"Home","item":"https:\/\/akunq.net\/tr"},{"@type":"ListItem","position":2,"name":"\u2018K\u00fcrt\u00e7e sokakta siliniyor, evlerde az konu\u015fuluyor\u2019"}]},{"@type":"WebSite","@id":"https:\/\/akunq.net\/tr\/#website","url":"https:\/\/akunq.net\/tr\/","name":"Bati Ermenistan Ve Bati Ermenileri Sorunlari Ara\u015ftirmalar Merkezi","description":"","potentialAction":[{"@type":"SearchAction","target":{"@type":"EntryPoint","urlTemplate":"https:\/\/akunq.net\/tr\/?s={search_term_string}"},"query-input":{"@type":"PropertyValueSpecification","valueRequired":true,"valueName":"search_term_string"}}],"inLanguage":"en-US"},{"@type":"Person","@id":"https:\/\/akunq.net\/tr\/#\/schema\/person\/096f1d38a12cce57fb855b485ed24c9e","name":"admin","url":"https:\/\/akunq.net\/tr\/?author=7"}]}},"_links":{"self":[{"href":"https:\/\/akunq.net\/tr\/index.php?rest_route=\/wp\/v2\/posts\/67059","targetHints":{"allow":["GET"]}}],"collection":[{"href":"https:\/\/akunq.net\/tr\/index.php?rest_route=\/wp\/v2\/posts"}],"about":[{"href":"https:\/\/akunq.net\/tr\/index.php?rest_route=\/wp\/v2\/types\/post"}],"author":[{"embeddable":true,"href":"https:\/\/akunq.net\/tr\/index.php?rest_route=\/wp\/v2\/users\/7"}],"replies":[{"embeddable":true,"href":"https:\/\/akunq.net\/tr\/index.php?rest_route=%2Fwp%2Fv2%2Fcomments&post=67059"}],"version-history":[{"count":1,"href":"https:\/\/akunq.net\/tr\/index.php?rest_route=\/wp\/v2\/posts\/67059\/revisions"}],"predecessor-version":[{"id":67061,"href":"https:\/\/akunq.net\/tr\/index.php?rest_route=\/wp\/v2\/posts\/67059\/revisions\/67061"}],"wp:featuredmedia":[{"embeddable":true,"href":"https:\/\/akunq.net\/tr\/index.php?rest_route=\/wp\/v2\/media\/67060"}],"wp:attachment":[{"href":"https:\/\/akunq.net\/tr\/index.php?rest_route=%2Fwp%2Fv2%2Fmedia&parent=67059"}],"wp:term":[{"taxonomy":"category","embeddable":true,"href":"https:\/\/akunq.net\/tr\/index.php?rest_route=%2Fwp%2Fv2%2Fcategories&post=67059"},{"taxonomy":"post_tag","embeddable":true,"href":"https:\/\/akunq.net\/tr\/index.php?rest_route=%2Fwp%2Fv2%2Ftags&post=67059"}],"curies":[{"name":"wp","href":"https:\/\/api.w.org\/{rel}","templated":true}]}}