{"id":67056,"date":"2022-02-14T01:58:50","date_gmt":"2022-02-14T06:58:50","guid":{"rendered":"https:\/\/akunq.net\/tr\/?p=67056"},"modified":"2022-02-14T01:58:50","modified_gmt":"2022-02-14T06:58:50","slug":"ali-kenanoglu-diyanetin-alevilik-yorumlari-asimilasyon-politikasini-yansitiyor","status":"publish","type":"post","link":"https:\/\/akunq.net\/tr\/?p=67056","title":{"rendered":"Ali Kenano\u011flu: Diyanet\u2019in Alevilik yorumlar\u0131 asimilasyon politikas\u0131n\u0131 yans\u0131t\u0131yor"},"content":{"rendered":"<p><img loading=\"lazy\" decoding=\"async\" class=\"aligncenter size-medium wp-image-67057\" src=\"https:\/\/akunq.net\/tr\/wp-content\/uploads\/2022\/02\/Ali-Kenano\u011flu-360x208.jpg\" alt=\"\" width=\"360\" height=\"208\" srcset=\"https:\/\/akunq.net\/tr\/wp-content\/uploads\/sites\/6\/2022\/02\/Ali-Kenano\u011flu-360x208.jpg 360w, https:\/\/akunq.net\/tr\/wp-content\/uploads\/sites\/6\/2022\/02\/Ali-Kenano\u011flu-768x444.jpg 768w, https:\/\/akunq.net\/tr\/wp-content\/uploads\/sites\/6\/2022\/02\/Ali-Kenano\u011flu-560x324.jpg 560w, https:\/\/akunq.net\/tr\/wp-content\/uploads\/sites\/6\/2022\/02\/Ali-Kenano\u011flu-260x150.jpg 260w, https:\/\/akunq.net\/tr\/wp-content\/uploads\/sites\/6\/2022\/02\/Ali-Kenano\u011flu-160x93.jpg 160w, https:\/\/akunq.net\/tr\/wp-content\/uploads\/sites\/6\/2022\/02\/Ali-Kenano\u011flu.jpg 800w\" sizes=\"auto, (max-width: 360px) 100vw, 360px\" \/><\/p>\n<p><em><strong>HDP Milletvekili, ABF ve Hubyar Sultan Alevi K\u00fclt\u00fcr Derne\u011fi kurucusu Ali Kenano\u011flu, Diyanet\u2019in T\u00fcrkiye\u2019nin kurulu\u015fundan beri S\u00fcnnile\u015ftirme politikas\u0131n\u0131 devam ettirdi\u011fini s\u00f6yledi.<\/strong><\/em><\/p>\n<p>Bilgehan U\u00e7ak\u2019\u0131n +Ger\u00e7ekTV\u2019de yay\u0131nlanan G\u00fcndemin Ger\u00e7ekleri program\u0131nda konu\u011fu HDP \u0130stanbul Milletvekili Ali Kenano\u011flu oldu. Alevi Bekta\u015fi Federasyonu\u2019nun ve Hubyar Sultan Alevi K\u00fclt\u00fcr Derne\u011fi kurucusu olan Ali Kenano\u011flu, T\u00fcrkiye\u2019de son y\u0131llarda olduk\u00e7a \u00e7ok hissedilen ve bu kez sosyal medya \u00fczerinden g\u00fcndeme gelen Alevilere y\u00f6nelik nefret s\u00f6ylemi hakk\u0131nda fikirlerini dile getirdi.<\/p>\n<p>Yakup Tilki isimli \u015fah\u0131s, bu hafta a\u011fza al\u0131nmayacak k\u00fcf\u00fcrler ve hakaretlerle Alevilere nefret, kin ve zehir kustu, tepkilerin ard\u0131ndan g\u00f6zalt\u0131na al\u0131nd\u0131 ve \u2018halk\u0131 kin ve d\u00fc\u015fmanl\u0131\u011fa sevk etmek\u2019 su\u00e7undan hakk\u0131nda soru\u015fturma ba\u015flat\u0131ld\u0131.<\/p>\n<p>Ali Kenano\u011flu, \u00f6ncelikle ya\u015fananlara \u201cAlevi-S\u00fcnni \u00e7at\u0131\u015fmas\u0131\u201d g\u00f6z\u00fc ile bakman\u0131n yanl\u0131\u015fl\u0131\u011f\u0131n\u0131 ifade ederken, daha \u00f6nceki nefret su\u00e7lar\u0131n\u0131 ve ya\u015fanan sald\u0131r\u0131lar\u0131 hat\u0131rlatt\u0131 ve bunlar\u0131n \u00e7at\u0131\u015fma de\u011fil sadece Alevilere dair bir katliam oldu\u011funu belirtti.<\/p>\n<p>T\u00fcrkiye\u2019nin kurulu\u015fundan beri S\u00fcnnile\u015ftirme politikas\u0131n\u0131n devam etti\u011fini s\u00f6yleyen Kenano\u011flu, Diyanet\u2019i bu politikalar\u0131n\u0131n ger\u00e7ekle\u015ftiricisi olarak ele\u015ftirdi. Diyanet \u0130\u015fleri Ba\u015fkan\u0131 Ali Erba\u015f\u2019\u0131n \u201c10 bin imam, 2 bin m\u00fcezzin, 10 bin de Kuran kursu \u00f6\u011fretmenine ihtiyac\u0131m\u0131z var\u201d ve \u201cen az cami Tunceli\u2019de\u201d s\u00f6zlerini de\u011ferlendiren Ali Kenano\u011flu, bu s\u00f6ylemlerin bir asimilasyon politikas\u0131n\u0131n devam\u0131 oldu\u011funu ifade etti.<\/p>\n<p><strong>S\u00dcNN\u0130LER\u0130N YA\u015eAMADI\u011eI ALEV\u0130 K\u00d6YLER\u0130NDE DEVLET S\u00dcREKL\u0130 CAM\u0130 \u0130N\u015eA ED\u0130YOR<\/strong><\/p>\n<p>Kenano\u011flu, hi\u00e7bir S\u00fcnninin ya\u015famad\u0131\u011f\u0131 Alevi k\u00f6ylerinde bile devletin s\u00fcrekli cami in\u015fa ettirdi\u011fini s\u00f6ylerken bunun T\u00fcrkiye ile s\u0131n\u0131rl\u0131 olmad\u0131\u011f\u0131n\u0131, Balkanlarda, \u00f6zellikle de Makedonya\u2019da T\u0130KA eliyle bu i\u015flerin y\u00fcr\u00fct\u00fcld\u00fc\u011f\u00fcn\u00fc hat\u0131rlatt\u0131. Balkanlardaki Alevi ve Bekta\u015fi n\u00fcfusun bile S\u00fcnnile\u015ftirmeye \u00e7al\u0131\u015f\u0131ld\u0131\u011f\u0131n\u0131 \u00f6rneklerle g\u00f6steren Kenano\u011flu, T\u00fcrkiye\u2019deki ders kitaplar\u0131ndan da \u00f6rnekler verdi.<\/p>\n<p>\u00d6\u011frencilerin neredeyse tamam\u0131n\u0131n okula gitmedi\u011fi bir d\u00f6nemde, ancak lise son s\u0131n\u0131f\u0131n son \u00fcnitesinde Alevili\u011fe yer verildi\u011fini s\u00f6ylerken zorunlu din derslerinin ne kadar b\u00fcy\u00fck hak ihlallerine yol a\u00e7t\u0131\u011f\u0131n\u0131n da vurgulad\u0131. Kendi \u00e7ocu\u011fu i\u00e7in de bu m\u00fccadeleyi verdi\u011fini ve kazand\u0131\u011f\u0131n\u0131 s\u00f6yleyen Ali Kenano\u011flu, A\u0130HM kararlar\u0131na ra\u011fmen T\u00fcrkiye\u2019nin \u0131srarla Alevilerin temel haklar\u0131n\u0131 tan\u0131mad\u0131\u011f\u0131n\u0131 ifade etti.<\/p>\n<p>Halk\u0131n \u201cAlevi-S\u00fcnni meselesine\u201d dair pek bir sorunu olmad\u0131\u011f\u0131n\u0131, hatta siyasetin \u00e7ok daha ilerisinde yer ald\u0131\u011f\u0131n\u0131 s\u00f6yleyen Kenano\u011flu, \u201cCemevlerinin ibadethane olup olmamas\u0131 halk aras\u0131nda tart\u0131\u015f\u0131lan bir mevzu de\u011fil. S\u00fcnnilerin buna y\u00f6nelik bir itiraz\u0131 yok. Hangi S\u00fcnni k\u00f6y\u00fcne gider \u2018cemevi ibadethane midir?\u2019 diye sorarsan\u0131z ayn\u0131 cevab\u0131 al\u0131rs\u0131n\u0131z. Kim demiyor? Diyanet. \u0130\u015fine gelmiyor \u00e7\u00fcnk\u00fc. Elindeki iktidar gidecek. Kim demiyor ba\u015fka? Devlet. Niye? B\u00f6l\u00fcc\u00fcl\u00fck olacak, diyor. \u0130slam\u2019\u0131 b\u00f6lece\u011fim, ayr\u0131 bir az\u0131nl\u0131k toplumu yarataca\u011f\u0131m, diyor.\u201d dedi.<\/p>\n<p><strong>CEMEVLER\u0130N\u0130N \u0130BADETHANE SAYILMAMASI AKP \u0130LE BA\u015eLAMADI<\/strong><\/p>\n<p>Elektrik faturalar\u0131ndaki b\u00fcy\u00fck art\u0131\u015flardan sonra yeniden g\u00fcndeme gelen, cemevlerinin giderlerinin kar\u015f\u0131lanmas\u0131 meselesine de de\u011finen Ali Kenano\u011flu, cemevlerinin ibadethane say\u0131lmamas\u0131n\u0131n AKP ile ba\u015flamad\u0131\u011f\u0131n\u0131, cemevlerini ibadethane olarak g\u00f6rmeyen karar\u0131n alt\u0131nda d\u00f6nemin Cumhurba\u015fkan\u0131 Ahmet Necdet Sezer\u2019in ve ba\u015fta koalisyon h\u00fck\u00fcmetinin Ba\u015fbakan\u0131 B\u00fclent Ecevit olmak \u00fczere 2002\u2019deki y\u00f6netimin imzas\u0131 oldu\u011funu hat\u0131rlatt\u0131.<\/p>\n<p>Kenano\u011flu, Cemevlerinin ticarethane stat\u00fcs\u00fcnde olmas\u0131n\u0131n da ba\u015fl\u0131 ba\u015f\u0131na bir ay\u0131p oldu\u011funu ifade ederken, cemevlerinin elektrik faturalar\u0131n\u0131 \u00f6dememe karar\u0131n\u0131 da asimilasyona kar\u015f\u0131 \u00e7\u0131kma anlam\u0131na geldi\u011fi i\u00e7in destekledi\u011fini belirtti.<\/p>\n<p><strong>ALEV\u0130LERE Y\u00d6NEL\u0130K \u015e\u0130DDETTE \u0130KT\u0130DARIN NEFRET S\u00d6YLEMLER\u0130N\u0130N PAYI VAR<\/strong><\/p>\n<p>Ali Kenano\u011flu, Alevilere y\u00f6nelik \u015fiddet eylemlerinin alt\u0131nda iktidar\u0131n nefret s\u00f6ylemlerinin \u00f6nemli yer tuttu\u011funu ifade ederken Cumhurba\u015fkan\u0131\u2019n\u0131n sadece Kemal K\u0131l\u0131\u00e7daro\u011flu\u2019nu hedef al\u0131rken \u201ccibilliyetsiz\u201d tabirini kullanmas\u0131n\u0131 CHP Genel Ba\u015fkan\u0131\u2019n\u0131n Alevi kimli\u011fiyle ilgili oldu\u011funu s\u00f6yledi.<\/p>\n<p>Malum, Sedat Peker, milyonlarca seyredilen videolar\u0131nda se\u00e7im yakla\u015f\u0131rken Alevilerle S\u00fcnnilerin kar\u015f\u0131 kar\u015f\u0131ya getirilece\u011fini, bir kalk\u0131\u015fma i\u00e7in ab\u0131z provokasyonlar\u0131n yap\u0131laca\u011f\u0131n\u0131 iddia etmi\u015fti. Peker\u2019in bu iddialar\u0131na dair tarih boyunca Alevilerin ya\u015fad\u0131klar\u0131 \u00e7e\u015fitli k\u0131y\u0131mlar\u0131 hat\u0131rlatarak cevap veren Kenano\u011flu, 1993\u2019teki Mad\u0131mak benzeri facialar\u0131n yeniden ya\u015fanabilece\u011fini, \u015fartlar\u0131n uygun oldu\u011funu, bu gidi\u015fi durdurmak i\u00e7in acilen demokrasiye d\u00f6n\u00fclmesi gerekti\u011fini belirtti.<\/p>\n<div class=\"fluid-width-video-wrapper\"><iframe id=\"fitvid57736\" title=\"Alevilerin \u015feytanla\u015ft\u0131r\u0131lmas\u0131 neden yine g\u00fcndemde? Ali Kenano\u011flu yan\u0131tl\u0131yor.\" src=\"https:\/\/www.youtube.com\/embed\/9CIVTL_eLfY?feature=oembed\" frameborder=\"0\" allowfullscreen=\"allowfullscreen\" data-mce-fragment=\"1\"><\/iframe><\/div>\n<hr \/>\n<p><em><strong><a href=\"https:\/\/artigercek.com\/haberler\/ali-kenanoglu-diyanet-in-alevilik-yorumlari-asimilasyon-politikasini-yansitiyor\" target=\"_blank\" rel=\"noopener noreferrer\">Art\u0131 Ger\u00e7ek<\/a><\/strong><\/em><\/p>\n","protected":false},"excerpt":{"rendered":"<p>HDP Milletvekili, ABF ve Hubyar Sultan Alevi K\u00fclt\u00fcr Derne\u011fi kurucusu Ali Kenano\u011flu, Diyanet\u2019in T\u00fcrkiye\u2019nin kurulu\u015fundan beri S\u00fcnnile\u015ftirme politikas\u0131n\u0131 devam ettirdi\u011fini s\u00f6yledi. Bilgehan U\u00e7ak\u2019\u0131n +Ger\u00e7ekTV\u2019de yay\u0131nlanan G\u00fcndemin Ger\u00e7ekleri program\u0131nda konu\u011fu HDP \u0130stanbul Milletvekili Ali Kenano\u011flu oldu. Alevi Bekta\u015fi Federasyonu\u2019nun ve Hubyar Sultan Alevi K\u00fclt\u00fcr Derne\u011fi kurucusu olan Ali Kenano\u011flu, T\u00fcrkiye\u2019de son y\u0131llarda olduk\u00e7a \u00e7ok hissedilen ve [&hellip;]<\/p>\n","protected":false},"author":7,"featured_media":67057,"comment_status":"open","ping_status":"open","sticky":false,"template":"","format":"standard","meta":{"footnotes":""},"categories":[1,53],"tags":[],"class_list":["post-67056","post","type-post","status-publish","format-standard","has-post-thumbnail","hentry","category-haberler","category-turkiyede-azinliklar"],"yoast_head":"<!-- This site is optimized with the Yoast SEO plugin v27.4 - https:\/\/yoast.com\/product\/yoast-seo-wordpress\/ -->\n<title>Ali Kenano\u011flu: Diyanet\u2019in Alevilik yorumlar\u0131 asimilasyon politikas\u0131n\u0131 yans\u0131t\u0131yor - Bati Ermenistan Ve Bati Ermenileri Sorunlari Ara\u015ftirmalar Merkezi<\/title>\n<meta name=\"robots\" content=\"index, follow, max-snippet:-1, max-image-preview:large, max-video-preview:-1\" \/>\n<link rel=\"canonical\" href=\"https:\/\/akunq.net\/tr\/?p=67056\" \/>\n<meta property=\"og:locale\" content=\"en_US\" \/>\n<meta property=\"og:type\" content=\"article\" \/>\n<meta property=\"og:title\" content=\"Ali Kenano\u011flu: Diyanet\u2019in Alevilik yorumlar\u0131 asimilasyon politikas\u0131n\u0131 yans\u0131t\u0131yor - Bati Ermenistan Ve Bati Ermenileri Sorunlari Ara\u015ftirmalar Merkezi\" \/>\n<meta property=\"og:description\" content=\"HDP Milletvekili, ABF ve Hubyar Sultan Alevi K\u00fclt\u00fcr Derne\u011fi kurucusu Ali Kenano\u011flu, Diyanet\u2019in T\u00fcrkiye\u2019nin kurulu\u015fundan beri S\u00fcnnile\u015ftirme politikas\u0131n\u0131 devam ettirdi\u011fini s\u00f6yledi. Bilgehan U\u00e7ak\u2019\u0131n +Ger\u00e7ekTV\u2019de yay\u0131nlanan G\u00fcndemin Ger\u00e7ekleri program\u0131nda konu\u011fu HDP \u0130stanbul Milletvekili Ali Kenano\u011flu oldu. Alevi Bekta\u015fi Federasyonu\u2019nun ve Hubyar Sultan Alevi K\u00fclt\u00fcr Derne\u011fi kurucusu olan Ali Kenano\u011flu, T\u00fcrkiye\u2019de son y\u0131llarda olduk\u00e7a \u00e7ok hissedilen ve [&hellip;]\" \/>\n<meta property=\"og:url\" content=\"https:\/\/akunq.net\/tr\/?p=67056\" \/>\n<meta property=\"og:site_name\" content=\"Bati Ermenistan Ve Bati Ermenileri Sorunlari Ara\u015ftirmalar Merkezi\" \/>\n<meta property=\"article:published_time\" content=\"2022-02-14T06:58:50+00:00\" \/>\n<meta property=\"og:image\" content=\"https:\/\/akunq.net\/tr\/wp-content\/uploads\/sites\/6\/2022\/02\/Ali-Kenano\u011flu.jpg\" \/>\n\t<meta property=\"og:image:width\" content=\"800\" \/>\n\t<meta property=\"og:image:height\" content=\"463\" \/>\n\t<meta property=\"og:image:type\" content=\"image\/jpeg\" \/>\n<meta name=\"author\" content=\"admin\" \/>\n<meta name=\"twitter:card\" content=\"summary_large_image\" \/>\n<meta name=\"twitter:label1\" content=\"Written by\" \/>\n\t<meta name=\"twitter:data1\" content=\"admin\" \/>\n\t<meta name=\"twitter:label2\" content=\"Est. reading time\" \/>\n\t<meta name=\"twitter:data2\" content=\"4 minutes\" \/>\n<script type=\"application\/ld+json\" class=\"yoast-schema-graph\">{\"@context\":\"https:\\\/\\\/schema.org\",\"@graph\":[{\"@type\":\"Article\",\"@id\":\"https:\\\/\\\/akunq.net\\\/tr\\\/?p=67056#article\",\"isPartOf\":{\"@id\":\"https:\\\/\\\/akunq.net\\\/tr\\\/?p=67056\"},\"author\":{\"name\":\"admin\",\"@id\":\"https:\\\/\\\/akunq.net\\\/tr\\\/#\\\/schema\\\/person\\\/096f1d38a12cce57fb855b485ed24c9e\"},\"headline\":\"Ali Kenano\u011flu: Diyanet\u2019in Alevilik yorumlar\u0131 asimilasyon politikas\u0131n\u0131 yans\u0131t\u0131yor\",\"datePublished\":\"2022-02-14T06:58:50+00:00\",\"mainEntityOfPage\":{\"@id\":\"https:\\\/\\\/akunq.net\\\/tr\\\/?p=67056\"},\"wordCount\":854,\"commentCount\":0,\"image\":{\"@id\":\"https:\\\/\\\/akunq.net\\\/tr\\\/?p=67056#primaryimage\"},\"thumbnailUrl\":\"https:\\\/\\\/akunq.net\\\/tr\\\/wp-content\\\/uploads\\\/sites\\\/6\\\/2022\\\/02\\\/Ali-Kenano\u011flu.jpg\",\"articleSection\":[\"Haberler\",\"T\u00fcrkiye\u2019de Az\u0131nl\u0131klar\"],\"inLanguage\":\"en-US\",\"potentialAction\":[{\"@type\":\"CommentAction\",\"name\":\"Comment\",\"target\":[\"https:\\\/\\\/akunq.net\\\/tr\\\/?p=67056#respond\"]}]},{\"@type\":\"WebPage\",\"@id\":\"https:\\\/\\\/akunq.net\\\/tr\\\/?p=67056\",\"url\":\"https:\\\/\\\/akunq.net\\\/tr\\\/?p=67056\",\"name\":\"Ali Kenano\u011flu: Diyanet\u2019in Alevilik yorumlar\u0131 asimilasyon politikas\u0131n\u0131 yans\u0131t\u0131yor - Bati Ermenistan Ve Bati Ermenileri Sorunlari Ara\u015ftirmalar Merkezi\",\"isPartOf\":{\"@id\":\"https:\\\/\\\/akunq.net\\\/tr\\\/#website\"},\"primaryImageOfPage\":{\"@id\":\"https:\\\/\\\/akunq.net\\\/tr\\\/?p=67056#primaryimage\"},\"image\":{\"@id\":\"https:\\\/\\\/akunq.net\\\/tr\\\/?p=67056#primaryimage\"},\"thumbnailUrl\":\"https:\\\/\\\/akunq.net\\\/tr\\\/wp-content\\\/uploads\\\/sites\\\/6\\\/2022\\\/02\\\/Ali-Kenano\u011flu.jpg\",\"datePublished\":\"2022-02-14T06:58:50+00:00\",\"author\":{\"@id\":\"https:\\\/\\\/akunq.net\\\/tr\\\/#\\\/schema\\\/person\\\/096f1d38a12cce57fb855b485ed24c9e\"},\"breadcrumb\":{\"@id\":\"https:\\\/\\\/akunq.net\\\/tr\\\/?p=67056#breadcrumb\"},\"inLanguage\":\"en-US\",\"potentialAction\":[{\"@type\":\"ReadAction\",\"target\":[\"https:\\\/\\\/akunq.net\\\/tr\\\/?p=67056\"]}]},{\"@type\":\"ImageObject\",\"inLanguage\":\"en-US\",\"@id\":\"https:\\\/\\\/akunq.net\\\/tr\\\/?p=67056#primaryimage\",\"url\":\"https:\\\/\\\/akunq.net\\\/tr\\\/wp-content\\\/uploads\\\/sites\\\/6\\\/2022\\\/02\\\/Ali-Kenano\u011flu.jpg\",\"contentUrl\":\"https:\\\/\\\/akunq.net\\\/tr\\\/wp-content\\\/uploads\\\/sites\\\/6\\\/2022\\\/02\\\/Ali-Kenano\u011flu.jpg\",\"width\":800,\"height\":463},{\"@type\":\"BreadcrumbList\",\"@id\":\"https:\\\/\\\/akunq.net\\\/tr\\\/?p=67056#breadcrumb\",\"itemListElement\":[{\"@type\":\"ListItem\",\"position\":1,\"name\":\"Home\",\"item\":\"https:\\\/\\\/akunq.net\\\/tr\"},{\"@type\":\"ListItem\",\"position\":2,\"name\":\"Ali Kenano\u011flu: Diyanet\u2019in Alevilik yorumlar\u0131 asimilasyon politikas\u0131n\u0131 yans\u0131t\u0131yor\"}]},{\"@type\":\"WebSite\",\"@id\":\"https:\\\/\\\/akunq.net\\\/tr\\\/#website\",\"url\":\"https:\\\/\\\/akunq.net\\\/tr\\\/\",\"name\":\"Bati Ermenistan Ve Bati Ermenileri Sorunlari Ara\u015ftirmalar Merkezi\",\"description\":\"\",\"potentialAction\":[{\"@type\":\"SearchAction\",\"target\":{\"@type\":\"EntryPoint\",\"urlTemplate\":\"https:\\\/\\\/akunq.net\\\/tr\\\/?s={search_term_string}\"},\"query-input\":{\"@type\":\"PropertyValueSpecification\",\"valueRequired\":true,\"valueName\":\"search_term_string\"}}],\"inLanguage\":\"en-US\"},{\"@type\":\"Person\",\"@id\":\"https:\\\/\\\/akunq.net\\\/tr\\\/#\\\/schema\\\/person\\\/096f1d38a12cce57fb855b485ed24c9e\",\"name\":\"admin\",\"url\":\"https:\\\/\\\/akunq.net\\\/tr\\\/?author=7\"}]}<\/script>\n<!-- \/ Yoast SEO plugin. -->","yoast_head_json":{"title":"Ali Kenano\u011flu: Diyanet\u2019in Alevilik yorumlar\u0131 asimilasyon politikas\u0131n\u0131 yans\u0131t\u0131yor - Bati Ermenistan Ve Bati Ermenileri Sorunlari Ara\u015ftirmalar Merkezi","robots":{"index":"index","follow":"follow","max-snippet":"max-snippet:-1","max-image-preview":"max-image-preview:large","max-video-preview":"max-video-preview:-1"},"canonical":"https:\/\/akunq.net\/tr\/?p=67056","og_locale":"en_US","og_type":"article","og_title":"Ali Kenano\u011flu: Diyanet\u2019in Alevilik yorumlar\u0131 asimilasyon politikas\u0131n\u0131 yans\u0131t\u0131yor - Bati Ermenistan Ve Bati Ermenileri Sorunlari Ara\u015ftirmalar Merkezi","og_description":"HDP Milletvekili, ABF ve Hubyar Sultan Alevi K\u00fclt\u00fcr Derne\u011fi kurucusu Ali Kenano\u011flu, Diyanet\u2019in T\u00fcrkiye\u2019nin kurulu\u015fundan beri S\u00fcnnile\u015ftirme politikas\u0131n\u0131 devam ettirdi\u011fini s\u00f6yledi. Bilgehan U\u00e7ak\u2019\u0131n +Ger\u00e7ekTV\u2019de yay\u0131nlanan G\u00fcndemin Ger\u00e7ekleri program\u0131nda konu\u011fu HDP \u0130stanbul Milletvekili Ali Kenano\u011flu oldu. Alevi Bekta\u015fi Federasyonu\u2019nun ve Hubyar Sultan Alevi K\u00fclt\u00fcr Derne\u011fi kurucusu olan Ali Kenano\u011flu, T\u00fcrkiye\u2019de son y\u0131llarda olduk\u00e7a \u00e7ok hissedilen ve [&hellip;]","og_url":"https:\/\/akunq.net\/tr\/?p=67056","og_site_name":"Bati Ermenistan Ve Bati Ermenileri Sorunlari Ara\u015ftirmalar Merkezi","article_published_time":"2022-02-14T06:58:50+00:00","og_image":[{"width":800,"height":463,"url":"https:\/\/akunq.net\/tr\/wp-content\/uploads\/sites\/6\/2022\/02\/Ali-Kenano\u011flu.jpg","type":"image\/jpeg"}],"author":"admin","twitter_card":"summary_large_image","twitter_misc":{"Written by":"admin","Est. reading time":"4 minutes"},"schema":{"@context":"https:\/\/schema.org","@graph":[{"@type":"Article","@id":"https:\/\/akunq.net\/tr\/?p=67056#article","isPartOf":{"@id":"https:\/\/akunq.net\/tr\/?p=67056"},"author":{"name":"admin","@id":"https:\/\/akunq.net\/tr\/#\/schema\/person\/096f1d38a12cce57fb855b485ed24c9e"},"headline":"Ali Kenano\u011flu: Diyanet\u2019in Alevilik yorumlar\u0131 asimilasyon politikas\u0131n\u0131 yans\u0131t\u0131yor","datePublished":"2022-02-14T06:58:50+00:00","mainEntityOfPage":{"@id":"https:\/\/akunq.net\/tr\/?p=67056"},"wordCount":854,"commentCount":0,"image":{"@id":"https:\/\/akunq.net\/tr\/?p=67056#primaryimage"},"thumbnailUrl":"https:\/\/akunq.net\/tr\/wp-content\/uploads\/sites\/6\/2022\/02\/Ali-Kenano\u011flu.jpg","articleSection":["Haberler","T\u00fcrkiye\u2019de Az\u0131nl\u0131klar"],"inLanguage":"en-US","potentialAction":[{"@type":"CommentAction","name":"Comment","target":["https:\/\/akunq.net\/tr\/?p=67056#respond"]}]},{"@type":"WebPage","@id":"https:\/\/akunq.net\/tr\/?p=67056","url":"https:\/\/akunq.net\/tr\/?p=67056","name":"Ali Kenano\u011flu: Diyanet\u2019in Alevilik yorumlar\u0131 asimilasyon politikas\u0131n\u0131 yans\u0131t\u0131yor - Bati Ermenistan Ve Bati Ermenileri Sorunlari Ara\u015ftirmalar Merkezi","isPartOf":{"@id":"https:\/\/akunq.net\/tr\/#website"},"primaryImageOfPage":{"@id":"https:\/\/akunq.net\/tr\/?p=67056#primaryimage"},"image":{"@id":"https:\/\/akunq.net\/tr\/?p=67056#primaryimage"},"thumbnailUrl":"https:\/\/akunq.net\/tr\/wp-content\/uploads\/sites\/6\/2022\/02\/Ali-Kenano\u011flu.jpg","datePublished":"2022-02-14T06:58:50+00:00","author":{"@id":"https:\/\/akunq.net\/tr\/#\/schema\/person\/096f1d38a12cce57fb855b485ed24c9e"},"breadcrumb":{"@id":"https:\/\/akunq.net\/tr\/?p=67056#breadcrumb"},"inLanguage":"en-US","potentialAction":[{"@type":"ReadAction","target":["https:\/\/akunq.net\/tr\/?p=67056"]}]},{"@type":"ImageObject","inLanguage":"en-US","@id":"https:\/\/akunq.net\/tr\/?p=67056#primaryimage","url":"https:\/\/akunq.net\/tr\/wp-content\/uploads\/sites\/6\/2022\/02\/Ali-Kenano\u011flu.jpg","contentUrl":"https:\/\/akunq.net\/tr\/wp-content\/uploads\/sites\/6\/2022\/02\/Ali-Kenano\u011flu.jpg","width":800,"height":463},{"@type":"BreadcrumbList","@id":"https:\/\/akunq.net\/tr\/?p=67056#breadcrumb","itemListElement":[{"@type":"ListItem","position":1,"name":"Home","item":"https:\/\/akunq.net\/tr"},{"@type":"ListItem","position":2,"name":"Ali Kenano\u011flu: Diyanet\u2019in Alevilik yorumlar\u0131 asimilasyon politikas\u0131n\u0131 yans\u0131t\u0131yor"}]},{"@type":"WebSite","@id":"https:\/\/akunq.net\/tr\/#website","url":"https:\/\/akunq.net\/tr\/","name":"Bati Ermenistan Ve Bati Ermenileri Sorunlari Ara\u015ftirmalar Merkezi","description":"","potentialAction":[{"@type":"SearchAction","target":{"@type":"EntryPoint","urlTemplate":"https:\/\/akunq.net\/tr\/?s={search_term_string}"},"query-input":{"@type":"PropertyValueSpecification","valueRequired":true,"valueName":"search_term_string"}}],"inLanguage":"en-US"},{"@type":"Person","@id":"https:\/\/akunq.net\/tr\/#\/schema\/person\/096f1d38a12cce57fb855b485ed24c9e","name":"admin","url":"https:\/\/akunq.net\/tr\/?author=7"}]}},"_links":{"self":[{"href":"https:\/\/akunq.net\/tr\/index.php?rest_route=\/wp\/v2\/posts\/67056","targetHints":{"allow":["GET"]}}],"collection":[{"href":"https:\/\/akunq.net\/tr\/index.php?rest_route=\/wp\/v2\/posts"}],"about":[{"href":"https:\/\/akunq.net\/tr\/index.php?rest_route=\/wp\/v2\/types\/post"}],"author":[{"embeddable":true,"href":"https:\/\/akunq.net\/tr\/index.php?rest_route=\/wp\/v2\/users\/7"}],"replies":[{"embeddable":true,"href":"https:\/\/akunq.net\/tr\/index.php?rest_route=%2Fwp%2Fv2%2Fcomments&post=67056"}],"version-history":[{"count":1,"href":"https:\/\/akunq.net\/tr\/index.php?rest_route=\/wp\/v2\/posts\/67056\/revisions"}],"predecessor-version":[{"id":67058,"href":"https:\/\/akunq.net\/tr\/index.php?rest_route=\/wp\/v2\/posts\/67056\/revisions\/67058"}],"wp:featuredmedia":[{"embeddable":true,"href":"https:\/\/akunq.net\/tr\/index.php?rest_route=\/wp\/v2\/media\/67057"}],"wp:attachment":[{"href":"https:\/\/akunq.net\/tr\/index.php?rest_route=%2Fwp%2Fv2%2Fmedia&parent=67056"}],"wp:term":[{"taxonomy":"category","embeddable":true,"href":"https:\/\/akunq.net\/tr\/index.php?rest_route=%2Fwp%2Fv2%2Fcategories&post=67056"},{"taxonomy":"post_tag","embeddable":true,"href":"https:\/\/akunq.net\/tr\/index.php?rest_route=%2Fwp%2Fv2%2Ftags&post=67056"}],"curies":[{"name":"wp","href":"https:\/\/api.w.org\/{rel}","templated":true}]}}