{"id":67040,"date":"2022-02-11T03:23:39","date_gmt":"2022-02-11T08:23:39","guid":{"rendered":"https:\/\/akunq.net\/tr\/?p=67040"},"modified":"2022-02-11T03:23:39","modified_gmt":"2022-02-11T08:23:39","slug":"turkiyede-issizlik-orani-aralikta-yuzde-112","status":"publish","type":"post","link":"https:\/\/akunq.net\/tr\/?p=67040","title":{"rendered":"T\u00fcrkiye&#8217;de i\u015fsizlik oran\u0131 Aral\u0131k&#8217;ta y\u00fczde 11,2"},"content":{"rendered":"<p class=\"intro\"><em><strong>T\u00dc\u0130K, Aral\u0131k ay\u0131nda i\u015fsizlik oran\u0131n\u0131n y\u00fczde 11,2 oldu\u011funu a\u00e7\u0131klad\u0131. \u0130\u015fsiz say\u0131s\u0131 Aral\u0131k ay\u0131nda 15 ya\u015f ve \u00fcst\u00fcndekilerde bir \u00f6nceki aya g\u00f6re 2 bin ki\u015fi artarak 3 milyon 794 bin ki\u015fi oldu.<\/strong><\/em><\/p>\n<div id=\"sharing-bar\" class=\"min\"><span dir=\"ltr\">\u00a0<\/span><span dir=\"ltr\">\u00a0<\/span><span dir=\"ltr\">\u00a0<\/span><a class=\"overlayLink init\" href=\"https:\/\/www.dw.com\/tr\/t%C3%BCrkiyede-i%C5%9Fsizlik-oran%C4%B1-aral%C4%B1kta-y%C3%BCzde-112\/a-60722905#\" rel=\"nofollow\"><img loading=\"lazy\" decoding=\"async\" class=\"aligncenter\" title=\"\" src=\"https:\/\/static.dw.com\/image\/36868561_303.jpg\" alt=\"\" width=\"700\" height=\"394\" \/><\/a><\/div>\n<div class=\"group\">\n<div class=\"longText\">\n<p>T\u00fcrkiye \u0130statistik Kurumu&#8217;nun (T\u00dc\u0130K) a\u00e7\u0131klad\u0131\u011f\u0131 i\u015f g\u00fcc\u00fc istatistiklerine g\u00f6re T\u00fcrkiye genelinde 15 ve daha yukar\u0131 ya\u015ftaki ki\u015filerde i\u015fsiz say\u0131s\u0131 2021&#8217;in Aral\u0131k ay\u0131nda Kas\u0131m ay\u0131na g\u00f6re 2 bin ki\u015fi artarak 3 milyon 794 bin ki\u015fi oldu. \u0130\u015fsizlik oran\u0131 ise 0,1 puanl\u0131k azal\u0131\u015f ile y\u00fczde 11,2 seviyesinde ger\u00e7ekle\u015fti.<\/p>\n<p>T\u00dc\u0130K verilerine g\u00f6re istihdam edilenlerin say\u0131s\u0131 2021 y\u0131l\u0131 Aral\u0131k ay\u0131nda bir \u00f6nceki aya g\u00f6re 236 bin ki\u015fi artarak 30 milyon 141 bin ki\u015fi, istihdam oran\u0131 ise 0,3 puanl\u0131k art\u0131\u015f ile y\u00fczde 47 oldu.<\/p>\n<h2>Gen\u00e7 n\u00fcfusta i\u015fsizlik oranlar\u0131<\/h2>\n<p>15-24 ya\u015f grubunu kapsayan gen\u00e7 n\u00fcfusta i\u015fsizlik oran\u0131 bir \u00f6nceki aya g\u00f6re 1,6 puanl\u0131k azal\u0131\u015fla y\u00fczde 20,8; istihdam oran\u0131 0,6 puanl\u0131k art\u0131\u015fla y\u00fczde 34,1 oldu. Bu ya\u015f grubunda i\u015f g\u00fcc\u00fcne kat\u0131lma oran\u0131 ise bir \u00f6nceki aya g\u00f6re 0,2 puanl\u0131k azal\u0131\u015fla y\u00fczde 43,0 seviyesinde ger\u00e7ekle\u015fti.<\/p>\n<h2>Tar\u0131m sekt\u00f6r\u00fcnde azalma, hizmet ve saniyede art\u0131\u015f<\/h2>\n<p>Aral\u0131k ay\u0131nda istihdam edilenlerin say\u0131s\u0131 bir \u00f6nceki aya g\u00f6re tar\u0131m sekt\u00f6r\u00fcnde 10 bin ki\u015fi azal\u0131rken sanayi sekt\u00f6r\u00fcnde 108 bin ki\u015fi, in\u015faat sekt\u00f6r\u00fcnde 5 bin ki\u015fi, hizmet sekt\u00f6r\u00fcnde 134 bin ki\u015fi artt\u0131. \u0130stihdam edilenlerin y\u00fczde 16,8&#8217;i tar\u0131m, y\u00fczde 21,7&#8217;si sanayi, y\u00fczde 6&#8217;s\u0131 in\u015faat, y\u00fczde 55,4&#8217;\u00fc ise hizmet sekt\u00f6r\u00fcnde yer ald\u0131.<\/p>\n<h2>2021 Aral\u0131k ay\u0131nda i\u015fsizlik oranlar\u0131 nas\u0131ld\u0131?<\/h2>\n<p>\u0130\u015fsizlik oran\u0131 bir \u00f6nceki y\u0131l\u0131n ayn\u0131 ay\u0131na g\u00f6re 1,7 puan azalarak y\u00fczde 11,3 oldu. \u0130\u015fsiz say\u0131s\u0131 bir \u00f6nceki y\u0131l\u0131n ayn\u0131 ay\u0131na g\u00f6re 195 bin ki\u015fi azalarak 3 milyon 749 bin ki\u015fi olarak ger\u00e7ekle\u015fti.<\/p>\n<h2>Kay\u0131t d\u0131\u015f\u0131 \u00e7al\u0131\u015fanlar<\/h2>\n<p>Aral\u0131k ay\u0131nda sosyal g\u00fcvenlik kurulu\u015funa ba\u011fl\u0131 olmadan \u00e7al\u0131\u015fanlar\u0131n toplam \u00e7al\u0131\u015fanlar i\u00e7indeki pay\u0131n\u0131 g\u00f6steren kay\u0131t d\u0131\u015f\u0131 \u00e7al\u0131\u015fanlar\u0131n oran\u0131, bir \u00f6nceki y\u0131l\u0131n ayn\u0131 ay\u0131na g\u00f6re 0,1 puan azalarak y\u00fczde 27,8 olarak ger\u00e7ekle\u015fti. Tar\u0131m d\u0131\u015f\u0131 sekt\u00f6rde kay\u0131t d\u0131\u015f\u0131 \u00e7al\u0131\u015fanlar\u0131n oran\u0131 bir \u00f6nceki y\u0131l\u0131n ayn\u0131 ay\u0131na g\u00f6re 0,5 puan artarak y\u00fczde 18,3 oldu.<\/p>\n<h2>Kas\u0131m ay\u0131 i\u015fsiz rakamlar\u0131<\/h2>\n<p><a href=\"https:\/\/www.dw.com\/tr\/t%C3%BCike-g%C3%B6re-kas%C4%B1m-ay%C4%B1nda-i%C5%9Fsizlik-oran%C4%B1-de%C4%9Fi%C5%9Fmedi\/a-60376945\">T\u00dc\u0130K&#8217;in Kas\u0131m ay\u0131 i\u015fg\u00fcc\u00fc istatistiklerine<\/a>g\u00f6re T\u00fcrkiye genelinde 15 ve daha yukar\u0131 ya\u015ftaki ki\u015filerde i\u015fsiz say\u0131s\u0131 Ekim&#8217;e g\u00f6re 39 bin ki\u015fi artarak 3 milyon 777 bin ki\u015fiydi. \u0130\u015fsizlik oran\u0131 ise de\u011fi\u015fim g\u00f6stermemi\u015f y\u00fczde 11,2 olarak kalm\u0131\u015ft\u0131.<\/p>\n<p><em><strong>\u00a9 Deutsche Welle T\u00fcrk\u00e7e<\/strong><\/em><\/p>\n<p><strong><em>https:\/\/www.dw.com\/tr\/t%C3%BCrkiyede-i%C5%9Fsizlik-oran%C4%B1-aral%C4%B1kta-y%C3%BCzde-112\/a-60722905\u00a0<\/em><\/strong><\/p>\n<\/div>\n<\/div>\n","protected":false},"excerpt":{"rendered":"<p>T\u00dc\u0130K, Aral\u0131k ay\u0131nda i\u015fsizlik oran\u0131n\u0131n y\u00fczde 11,2 oldu\u011funu a\u00e7\u0131klad\u0131. \u0130\u015fsiz say\u0131s\u0131 Aral\u0131k ay\u0131nda 15 ya\u015f ve \u00fcst\u00fcndekilerde bir \u00f6nceki aya g\u00f6re 2 bin ki\u015fi artarak 3 milyon 794 bin ki\u015fi oldu. \u00a0\u00a0\u00a0 T\u00fcrkiye \u0130statistik Kurumu&#8217;nun (T\u00dc\u0130K) a\u00e7\u0131klad\u0131\u011f\u0131 i\u015f g\u00fcc\u00fc istatistiklerine g\u00f6re T\u00fcrkiye genelinde 15 ve daha yukar\u0131 ya\u015ftaki ki\u015filerde i\u015fsiz say\u0131s\u0131 2021&#8217;in Aral\u0131k ay\u0131nda Kas\u0131m [&hellip;]<\/p>\n","protected":false},"author":7,"featured_media":67041,"comment_status":"open","ping_status":"open","sticky":false,"template":"","format":"standard","meta":{"footnotes":""},"categories":[1],"tags":[],"class_list":["post-67040","post","type-post","status-publish","format-standard","has-post-thumbnail","hentry","category-haberler"],"yoast_head":"<!-- This site is optimized with the Yoast SEO plugin v27.4 - https:\/\/yoast.com\/product\/yoast-seo-wordpress\/ -->\n<title>T\u00fcrkiye&#039;de i\u015fsizlik oran\u0131 Aral\u0131k&#039;ta y\u00fczde 11,2 - Bati Ermenistan Ve Bati Ermenileri Sorunlari Ara\u015ftirmalar Merkezi<\/title>\n<meta name=\"robots\" content=\"index, follow, max-snippet:-1, max-image-preview:large, max-video-preview:-1\" \/>\n<link rel=\"canonical\" href=\"https:\/\/akunq.net\/tr\/?p=67040\" \/>\n<meta property=\"og:locale\" content=\"en_US\" \/>\n<meta property=\"og:type\" content=\"article\" \/>\n<meta property=\"og:title\" content=\"T\u00fcrkiye&#039;de i\u015fsizlik oran\u0131 Aral\u0131k&#039;ta y\u00fczde 11,2 - Bati Ermenistan Ve Bati Ermenileri Sorunlari Ara\u015ftirmalar Merkezi\" \/>\n<meta property=\"og:description\" content=\"T\u00dc\u0130K, Aral\u0131k ay\u0131nda i\u015fsizlik oran\u0131n\u0131n y\u00fczde 11,2 oldu\u011funu a\u00e7\u0131klad\u0131. \u0130\u015fsiz say\u0131s\u0131 Aral\u0131k ay\u0131nda 15 ya\u015f ve \u00fcst\u00fcndekilerde bir \u00f6nceki aya g\u00f6re 2 bin ki\u015fi artarak 3 milyon 794 bin ki\u015fi oldu. \u00a0\u00a0\u00a0 T\u00fcrkiye \u0130statistik Kurumu&#8217;nun (T\u00dc\u0130K) a\u00e7\u0131klad\u0131\u011f\u0131 i\u015f g\u00fcc\u00fc istatistiklerine g\u00f6re T\u00fcrkiye genelinde 15 ve daha yukar\u0131 ya\u015ftaki ki\u015filerde i\u015fsiz say\u0131s\u0131 2021&#8217;in Aral\u0131k ay\u0131nda Kas\u0131m [&hellip;]\" \/>\n<meta property=\"og:url\" content=\"https:\/\/akunq.net\/tr\/?p=67040\" \/>\n<meta property=\"og:site_name\" content=\"Bati Ermenistan Ve Bati Ermenileri Sorunlari Ara\u015ftirmalar Merkezi\" \/>\n<meta property=\"article:published_time\" content=\"2022-02-11T08:23:39+00:00\" \/>\n<meta property=\"og:image\" content=\"https:\/\/akunq.net\/tr\/wp-content\/uploads\/sites\/6\/2022\/02\/\u0539\u0578\u0582\u0580\u0584\u056b\u0561\u0575\u0578\u0582\u0574-\u0563\u0578\u0580\u056e\u0561\u0566\u0578\u0582\u0580\u056f.jpg\" \/>\n\t<meta property=\"og:image:width\" content=\"670\" \/>\n\t<meta property=\"og:image:height\" content=\"450\" \/>\n\t<meta property=\"og:image:type\" content=\"image\/jpeg\" \/>\n<meta name=\"author\" content=\"admin\" \/>\n<meta name=\"twitter:card\" content=\"summary_large_image\" \/>\n<meta name=\"twitter:label1\" content=\"Written by\" \/>\n\t<meta name=\"twitter:data1\" content=\"admin\" \/>\n\t<meta name=\"twitter:label2\" content=\"Est. reading time\" \/>\n\t<meta name=\"twitter:data2\" content=\"2 minutes\" \/>\n<script type=\"application\/ld+json\" class=\"yoast-schema-graph\">{\"@context\":\"https:\\\/\\\/schema.org\",\"@graph\":[{\"@type\":\"Article\",\"@id\":\"https:\\\/\\\/akunq.net\\\/tr\\\/?p=67040#article\",\"isPartOf\":{\"@id\":\"https:\\\/\\\/akunq.net\\\/tr\\\/?p=67040\"},\"author\":{\"name\":\"admin\",\"@id\":\"https:\\\/\\\/akunq.net\\\/tr\\\/#\\\/schema\\\/person\\\/096f1d38a12cce57fb855b485ed24c9e\"},\"headline\":\"T\u00fcrkiye&#8217;de i\u015fsizlik oran\u0131 Aral\u0131k&#8217;ta y\u00fczde 11,2\",\"datePublished\":\"2022-02-11T08:23:39+00:00\",\"mainEntityOfPage\":{\"@id\":\"https:\\\/\\\/akunq.net\\\/tr\\\/?p=67040\"},\"wordCount\":504,\"commentCount\":0,\"image\":{\"@id\":\"https:\\\/\\\/akunq.net\\\/tr\\\/?p=67040#primaryimage\"},\"thumbnailUrl\":\"https:\\\/\\\/akunq.net\\\/tr\\\/wp-content\\\/uploads\\\/sites\\\/6\\\/2022\\\/02\\\/\u0539\u0578\u0582\u0580\u0584\u056b\u0561\u0575\u0578\u0582\u0574-\u0563\u0578\u0580\u056e\u0561\u0566\u0578\u0582\u0580\u056f.jpg\",\"articleSection\":[\"Haberler\"],\"inLanguage\":\"en-US\",\"potentialAction\":[{\"@type\":\"CommentAction\",\"name\":\"Comment\",\"target\":[\"https:\\\/\\\/akunq.net\\\/tr\\\/?p=67040#respond\"]}]},{\"@type\":\"WebPage\",\"@id\":\"https:\\\/\\\/akunq.net\\\/tr\\\/?p=67040\",\"url\":\"https:\\\/\\\/akunq.net\\\/tr\\\/?p=67040\",\"name\":\"T\u00fcrkiye'de i\u015fsizlik oran\u0131 Aral\u0131k'ta y\u00fczde 11,2 - Bati Ermenistan Ve Bati Ermenileri Sorunlari Ara\u015ftirmalar Merkezi\",\"isPartOf\":{\"@id\":\"https:\\\/\\\/akunq.net\\\/tr\\\/#website\"},\"primaryImageOfPage\":{\"@id\":\"https:\\\/\\\/akunq.net\\\/tr\\\/?p=67040#primaryimage\"},\"image\":{\"@id\":\"https:\\\/\\\/akunq.net\\\/tr\\\/?p=67040#primaryimage\"},\"thumbnailUrl\":\"https:\\\/\\\/akunq.net\\\/tr\\\/wp-content\\\/uploads\\\/sites\\\/6\\\/2022\\\/02\\\/\u0539\u0578\u0582\u0580\u0584\u056b\u0561\u0575\u0578\u0582\u0574-\u0563\u0578\u0580\u056e\u0561\u0566\u0578\u0582\u0580\u056f.jpg\",\"datePublished\":\"2022-02-11T08:23:39+00:00\",\"author\":{\"@id\":\"https:\\\/\\\/akunq.net\\\/tr\\\/#\\\/schema\\\/person\\\/096f1d38a12cce57fb855b485ed24c9e\"},\"breadcrumb\":{\"@id\":\"https:\\\/\\\/akunq.net\\\/tr\\\/?p=67040#breadcrumb\"},\"inLanguage\":\"en-US\",\"potentialAction\":[{\"@type\":\"ReadAction\",\"target\":[\"https:\\\/\\\/akunq.net\\\/tr\\\/?p=67040\"]}]},{\"@type\":\"ImageObject\",\"inLanguage\":\"en-US\",\"@id\":\"https:\\\/\\\/akunq.net\\\/tr\\\/?p=67040#primaryimage\",\"url\":\"https:\\\/\\\/akunq.net\\\/tr\\\/wp-content\\\/uploads\\\/sites\\\/6\\\/2022\\\/02\\\/\u0539\u0578\u0582\u0580\u0584\u056b\u0561\u0575\u0578\u0582\u0574-\u0563\u0578\u0580\u056e\u0561\u0566\u0578\u0582\u0580\u056f.jpg\",\"contentUrl\":\"https:\\\/\\\/akunq.net\\\/tr\\\/wp-content\\\/uploads\\\/sites\\\/6\\\/2022\\\/02\\\/\u0539\u0578\u0582\u0580\u0584\u056b\u0561\u0575\u0578\u0582\u0574-\u0563\u0578\u0580\u056e\u0561\u0566\u0578\u0582\u0580\u056f.jpg\",\"width\":670,\"height\":450},{\"@type\":\"BreadcrumbList\",\"@id\":\"https:\\\/\\\/akunq.net\\\/tr\\\/?p=67040#breadcrumb\",\"itemListElement\":[{\"@type\":\"ListItem\",\"position\":1,\"name\":\"Home\",\"item\":\"https:\\\/\\\/akunq.net\\\/tr\"},{\"@type\":\"ListItem\",\"position\":2,\"name\":\"T\u00fcrkiye&#8217;de i\u015fsizlik oran\u0131 Aral\u0131k&#8217;ta y\u00fczde 11,2\"}]},{\"@type\":\"WebSite\",\"@id\":\"https:\\\/\\\/akunq.net\\\/tr\\\/#website\",\"url\":\"https:\\\/\\\/akunq.net\\\/tr\\\/\",\"name\":\"Bati Ermenistan Ve Bati Ermenileri Sorunlari Ara\u015ftirmalar Merkezi\",\"description\":\"\",\"potentialAction\":[{\"@type\":\"SearchAction\",\"target\":{\"@type\":\"EntryPoint\",\"urlTemplate\":\"https:\\\/\\\/akunq.net\\\/tr\\\/?s={search_term_string}\"},\"query-input\":{\"@type\":\"PropertyValueSpecification\",\"valueRequired\":true,\"valueName\":\"search_term_string\"}}],\"inLanguage\":\"en-US\"},{\"@type\":\"Person\",\"@id\":\"https:\\\/\\\/akunq.net\\\/tr\\\/#\\\/schema\\\/person\\\/096f1d38a12cce57fb855b485ed24c9e\",\"name\":\"admin\",\"url\":\"https:\\\/\\\/akunq.net\\\/tr\\\/?author=7\"}]}<\/script>\n<!-- \/ Yoast SEO plugin. -->","yoast_head_json":{"title":"T\u00fcrkiye'de i\u015fsizlik oran\u0131 Aral\u0131k'ta y\u00fczde 11,2 - Bati Ermenistan Ve Bati Ermenileri Sorunlari Ara\u015ftirmalar Merkezi","robots":{"index":"index","follow":"follow","max-snippet":"max-snippet:-1","max-image-preview":"max-image-preview:large","max-video-preview":"max-video-preview:-1"},"canonical":"https:\/\/akunq.net\/tr\/?p=67040","og_locale":"en_US","og_type":"article","og_title":"T\u00fcrkiye'de i\u015fsizlik oran\u0131 Aral\u0131k'ta y\u00fczde 11,2 - Bati Ermenistan Ve Bati Ermenileri Sorunlari Ara\u015ftirmalar Merkezi","og_description":"T\u00dc\u0130K, Aral\u0131k ay\u0131nda i\u015fsizlik oran\u0131n\u0131n y\u00fczde 11,2 oldu\u011funu a\u00e7\u0131klad\u0131. \u0130\u015fsiz say\u0131s\u0131 Aral\u0131k ay\u0131nda 15 ya\u015f ve \u00fcst\u00fcndekilerde bir \u00f6nceki aya g\u00f6re 2 bin ki\u015fi artarak 3 milyon 794 bin ki\u015fi oldu. \u00a0\u00a0\u00a0 T\u00fcrkiye \u0130statistik Kurumu&#8217;nun (T\u00dc\u0130K) a\u00e7\u0131klad\u0131\u011f\u0131 i\u015f g\u00fcc\u00fc istatistiklerine g\u00f6re T\u00fcrkiye genelinde 15 ve daha yukar\u0131 ya\u015ftaki ki\u015filerde i\u015fsiz say\u0131s\u0131 2021&#8217;in Aral\u0131k ay\u0131nda Kas\u0131m [&hellip;]","og_url":"https:\/\/akunq.net\/tr\/?p=67040","og_site_name":"Bati Ermenistan Ve Bati Ermenileri Sorunlari Ara\u015ftirmalar Merkezi","article_published_time":"2022-02-11T08:23:39+00:00","og_image":[{"width":670,"height":450,"url":"https:\/\/akunq.net\/tr\/wp-content\/uploads\/sites\/6\/2022\/02\/\u0539\u0578\u0582\u0580\u0584\u056b\u0561\u0575\u0578\u0582\u0574-\u0563\u0578\u0580\u056e\u0561\u0566\u0578\u0582\u0580\u056f.jpg","type":"image\/jpeg"}],"author":"admin","twitter_card":"summary_large_image","twitter_misc":{"Written by":"admin","Est. reading time":"2 minutes"},"schema":{"@context":"https:\/\/schema.org","@graph":[{"@type":"Article","@id":"https:\/\/akunq.net\/tr\/?p=67040#article","isPartOf":{"@id":"https:\/\/akunq.net\/tr\/?p=67040"},"author":{"name":"admin","@id":"https:\/\/akunq.net\/tr\/#\/schema\/person\/096f1d38a12cce57fb855b485ed24c9e"},"headline":"T\u00fcrkiye&#8217;de i\u015fsizlik oran\u0131 Aral\u0131k&#8217;ta y\u00fczde 11,2","datePublished":"2022-02-11T08:23:39+00:00","mainEntityOfPage":{"@id":"https:\/\/akunq.net\/tr\/?p=67040"},"wordCount":504,"commentCount":0,"image":{"@id":"https:\/\/akunq.net\/tr\/?p=67040#primaryimage"},"thumbnailUrl":"https:\/\/akunq.net\/tr\/wp-content\/uploads\/sites\/6\/2022\/02\/\u0539\u0578\u0582\u0580\u0584\u056b\u0561\u0575\u0578\u0582\u0574-\u0563\u0578\u0580\u056e\u0561\u0566\u0578\u0582\u0580\u056f.jpg","articleSection":["Haberler"],"inLanguage":"en-US","potentialAction":[{"@type":"CommentAction","name":"Comment","target":["https:\/\/akunq.net\/tr\/?p=67040#respond"]}]},{"@type":"WebPage","@id":"https:\/\/akunq.net\/tr\/?p=67040","url":"https:\/\/akunq.net\/tr\/?p=67040","name":"T\u00fcrkiye'de i\u015fsizlik oran\u0131 Aral\u0131k'ta y\u00fczde 11,2 - Bati Ermenistan Ve Bati Ermenileri Sorunlari Ara\u015ftirmalar Merkezi","isPartOf":{"@id":"https:\/\/akunq.net\/tr\/#website"},"primaryImageOfPage":{"@id":"https:\/\/akunq.net\/tr\/?p=67040#primaryimage"},"image":{"@id":"https:\/\/akunq.net\/tr\/?p=67040#primaryimage"},"thumbnailUrl":"https:\/\/akunq.net\/tr\/wp-content\/uploads\/sites\/6\/2022\/02\/\u0539\u0578\u0582\u0580\u0584\u056b\u0561\u0575\u0578\u0582\u0574-\u0563\u0578\u0580\u056e\u0561\u0566\u0578\u0582\u0580\u056f.jpg","datePublished":"2022-02-11T08:23:39+00:00","author":{"@id":"https:\/\/akunq.net\/tr\/#\/schema\/person\/096f1d38a12cce57fb855b485ed24c9e"},"breadcrumb":{"@id":"https:\/\/akunq.net\/tr\/?p=67040#breadcrumb"},"inLanguage":"en-US","potentialAction":[{"@type":"ReadAction","target":["https:\/\/akunq.net\/tr\/?p=67040"]}]},{"@type":"ImageObject","inLanguage":"en-US","@id":"https:\/\/akunq.net\/tr\/?p=67040#primaryimage","url":"https:\/\/akunq.net\/tr\/wp-content\/uploads\/sites\/6\/2022\/02\/\u0539\u0578\u0582\u0580\u0584\u056b\u0561\u0575\u0578\u0582\u0574-\u0563\u0578\u0580\u056e\u0561\u0566\u0578\u0582\u0580\u056f.jpg","contentUrl":"https:\/\/akunq.net\/tr\/wp-content\/uploads\/sites\/6\/2022\/02\/\u0539\u0578\u0582\u0580\u0584\u056b\u0561\u0575\u0578\u0582\u0574-\u0563\u0578\u0580\u056e\u0561\u0566\u0578\u0582\u0580\u056f.jpg","width":670,"height":450},{"@type":"BreadcrumbList","@id":"https:\/\/akunq.net\/tr\/?p=67040#breadcrumb","itemListElement":[{"@type":"ListItem","position":1,"name":"Home","item":"https:\/\/akunq.net\/tr"},{"@type":"ListItem","position":2,"name":"T\u00fcrkiye&#8217;de i\u015fsizlik oran\u0131 Aral\u0131k&#8217;ta y\u00fczde 11,2"}]},{"@type":"WebSite","@id":"https:\/\/akunq.net\/tr\/#website","url":"https:\/\/akunq.net\/tr\/","name":"Bati Ermenistan Ve Bati Ermenileri Sorunlari Ara\u015ftirmalar Merkezi","description":"","potentialAction":[{"@type":"SearchAction","target":{"@type":"EntryPoint","urlTemplate":"https:\/\/akunq.net\/tr\/?s={search_term_string}"},"query-input":{"@type":"PropertyValueSpecification","valueRequired":true,"valueName":"search_term_string"}}],"inLanguage":"en-US"},{"@type":"Person","@id":"https:\/\/akunq.net\/tr\/#\/schema\/person\/096f1d38a12cce57fb855b485ed24c9e","name":"admin","url":"https:\/\/akunq.net\/tr\/?author=7"}]}},"_links":{"self":[{"href":"https:\/\/akunq.net\/tr\/index.php?rest_route=\/wp\/v2\/posts\/67040","targetHints":{"allow":["GET"]}}],"collection":[{"href":"https:\/\/akunq.net\/tr\/index.php?rest_route=\/wp\/v2\/posts"}],"about":[{"href":"https:\/\/akunq.net\/tr\/index.php?rest_route=\/wp\/v2\/types\/post"}],"author":[{"embeddable":true,"href":"https:\/\/akunq.net\/tr\/index.php?rest_route=\/wp\/v2\/users\/7"}],"replies":[{"embeddable":true,"href":"https:\/\/akunq.net\/tr\/index.php?rest_route=%2Fwp%2Fv2%2Fcomments&post=67040"}],"version-history":[{"count":1,"href":"https:\/\/akunq.net\/tr\/index.php?rest_route=\/wp\/v2\/posts\/67040\/revisions"}],"predecessor-version":[{"id":67042,"href":"https:\/\/akunq.net\/tr\/index.php?rest_route=\/wp\/v2\/posts\/67040\/revisions\/67042"}],"wp:featuredmedia":[{"embeddable":true,"href":"https:\/\/akunq.net\/tr\/index.php?rest_route=\/wp\/v2\/media\/67041"}],"wp:attachment":[{"href":"https:\/\/akunq.net\/tr\/index.php?rest_route=%2Fwp%2Fv2%2Fmedia&parent=67040"}],"wp:term":[{"taxonomy":"category","embeddable":true,"href":"https:\/\/akunq.net\/tr\/index.php?rest_route=%2Fwp%2Fv2%2Fcategories&post=67040"},{"taxonomy":"post_tag","embeddable":true,"href":"https:\/\/akunq.net\/tr\/index.php?rest_route=%2Fwp%2Fv2%2Ftags&post=67040"}],"curies":[{"name":"wp","href":"https:\/\/api.w.org\/{rel}","templated":true}]}}