{"id":67020,"date":"2022-02-10T03:30:54","date_gmt":"2022-02-10T08:30:54","guid":{"rendered":"https:\/\/akunq.net\/tr\/?p=67020"},"modified":"2022-02-10T03:30:54","modified_gmt":"2022-02-10T08:30:54","slug":"dev-dalgalar-arasinda-define-mesaisi","status":"publish","type":"post","link":"https:\/\/akunq.net\/tr\/?p=67020","title":{"rendered":"Dev dalgalar aras\u0131nda \u2018define\u2019 mesaisi"},"content":{"rendered":"<p><img loading=\"lazy\" decoding=\"async\" class=\"aligncenter size-medium wp-image-67021\" src=\"https:\/\/akunq.net\/tr\/wp-content\/uploads\/2022\/02\/Dev-dalgalar-aras\u0131nda-360x202.jpg\" alt=\"\" width=\"360\" height=\"202\" srcset=\"https:\/\/akunq.net\/tr\/wp-content\/uploads\/sites\/6\/2022\/02\/Dev-dalgalar-aras\u0131nda-360x202.jpg 360w, https:\/\/akunq.net\/tr\/wp-content\/uploads\/sites\/6\/2022\/02\/Dev-dalgalar-aras\u0131nda-560x314.jpg 560w, https:\/\/akunq.net\/tr\/wp-content\/uploads\/sites\/6\/2022\/02\/Dev-dalgalar-aras\u0131nda-260x146.jpg 260w, https:\/\/akunq.net\/tr\/wp-content\/uploads\/sites\/6\/2022\/02\/Dev-dalgalar-aras\u0131nda-160x90.jpg 160w, https:\/\/akunq.net\/tr\/wp-content\/uploads\/sites\/6\/2022\/02\/Dev-dalgalar-aras\u0131nda.jpg 731w\" sizes=\"auto, (max-width: 360px) 100vw, 360px\" \/><\/p>\n<p><em><strong>Meteoroloji\u2019nin f\u0131rt\u0131na uyar\u0131s\u0131nda bulundu\u011fu Antalya\u2019da, dev dalgalar\u0131n vurdu\u011fu Konyaalt\u0131 Sahili\u2019ne gelen defineciler, dedekt\u00f6rle de\u011ferli e\u015fya arad\u0131.<\/strong><\/em><\/p>\n<p><strong>Semih ERS\u00d6ZLER\/ANTALYA, (DHA)<\/strong><\/p>\n<p>Meteoroloji 4. B\u00f6lge M\u00fcd\u00fcrl\u00fc\u011f\u00fc, d\u00fcn yapt\u0131\u011f\u0131 a\u00e7\u0131klama ile Akdeniz B\u00f6lgesi i\u00e7in kuvvetli r\u00fczgar ve f\u0131rt\u0131na uyar\u0131s\u0131nda bulundu. Uyar\u0131da r\u00fczgar\u0131n h\u0131z\u0131n\u0131n zaman zaman 80 kilometreye kadar ula\u015fmas\u0131n\u0131n beklendi\u011fi belirtildi. Antalya\u2019da r\u00fczgar, d\u00fcn ak\u015fam saatlerinden itibaren etkisini art\u0131rmaya ba\u015flad\u0131.<\/p>\n<p>R\u00fczgar\u0131n etkisiyle her y\u0131l binlerce yerli ve yabanc\u0131 turisti a\u011f\u0131rlayan Konyaalt\u0131 Sahili\u2019nde dev dalgalar olu\u015ftu. Dalgalar\u0131n neredeyse sahil band\u0131na kadar ula\u015ft\u0131\u011f\u0131 b\u00f6lgeye ise defineciler geldi. Dalgalara ve f\u0131rt\u0131naya ald\u0131r\u0131\u015f etmeyen bu ki\u015filer, dedekt\u00f6rle dalgalar\u0131n getirebilece\u011fi alt\u0131n, g\u00fcm\u00fc\u015f ve madeni paralar\u0131 arad\u0131. Defineciler, dedekt\u00f6r\u00fcn uyar\u0131 verdi\u011fi noktalar\u0131 ise kazd\u0131.<\/p>\n<p>Bu arada Meteoroloji\u2019nin verilerine g\u00f6re f\u0131rt\u0131nan\u0131n per\u015fembe g\u00fcn\u00fcne kadar etkili olmas\u0131 bekleniyor.<\/p>\n<hr \/>\n<p><strong><em><a href=\"https:\/\/www.milliyet.com.tr\/gundem\/dev-dalgalar-arasinda-define-mesaisi-6696698\" target=\"_blank\" rel=\"noopener noreferrer\">Milliyet Gazetesi<\/a>\u00a0<\/em><\/strong><\/p>\n","protected":false},"excerpt":{"rendered":"<p>Meteoroloji\u2019nin f\u0131rt\u0131na uyar\u0131s\u0131nda bulundu\u011fu Antalya\u2019da, dev dalgalar\u0131n vurdu\u011fu Konyaalt\u0131 Sahili\u2019ne gelen defineciler, dedekt\u00f6rle de\u011ferli e\u015fya arad\u0131. Semih ERS\u00d6ZLER\/ANTALYA, (DHA) Meteoroloji 4. B\u00f6lge M\u00fcd\u00fcrl\u00fc\u011f\u00fc, d\u00fcn yapt\u0131\u011f\u0131 a\u00e7\u0131klama ile Akdeniz B\u00f6lgesi i\u00e7in kuvvetli r\u00fczgar ve f\u0131rt\u0131na uyar\u0131s\u0131nda bulundu. Uyar\u0131da r\u00fczgar\u0131n h\u0131z\u0131n\u0131n zaman zaman 80 kilometreye kadar ula\u015fmas\u0131n\u0131n beklendi\u011fi belirtildi. Antalya\u2019da r\u00fczgar, d\u00fcn ak\u015fam saatlerinden itibaren etkisini art\u0131rmaya [&hellip;]<\/p>\n","protected":false},"author":7,"featured_media":67021,"comment_status":"open","ping_status":"open","sticky":false,"template":"","format":"standard","meta":{"footnotes":""},"categories":[1],"tags":[],"class_list":["post-67020","post","type-post","status-publish","format-standard","has-post-thumbnail","hentry","category-haberler"],"yoast_head":"<!-- This site is optimized with the Yoast SEO plugin v27.4 - https:\/\/yoast.com\/product\/yoast-seo-wordpress\/ -->\n<title>Dev dalgalar aras\u0131nda \u2018define\u2019 mesaisi - Bati Ermenistan Ve Bati Ermenileri Sorunlari Ara\u015ftirmalar Merkezi<\/title>\n<meta name=\"robots\" content=\"index, follow, max-snippet:-1, max-image-preview:large, max-video-preview:-1\" \/>\n<link rel=\"canonical\" href=\"https:\/\/akunq.net\/tr\/?p=67020\" \/>\n<meta property=\"og:locale\" content=\"en_US\" \/>\n<meta property=\"og:type\" content=\"article\" \/>\n<meta property=\"og:title\" content=\"Dev dalgalar aras\u0131nda \u2018define\u2019 mesaisi - Bati Ermenistan Ve Bati Ermenileri Sorunlari Ara\u015ftirmalar Merkezi\" \/>\n<meta property=\"og:description\" content=\"Meteoroloji\u2019nin f\u0131rt\u0131na uyar\u0131s\u0131nda bulundu\u011fu Antalya\u2019da, dev dalgalar\u0131n vurdu\u011fu Konyaalt\u0131 Sahili\u2019ne gelen defineciler, dedekt\u00f6rle de\u011ferli e\u015fya arad\u0131. Semih ERS\u00d6ZLER\/ANTALYA, (DHA) Meteoroloji 4. B\u00f6lge M\u00fcd\u00fcrl\u00fc\u011f\u00fc, d\u00fcn yapt\u0131\u011f\u0131 a\u00e7\u0131klama ile Akdeniz B\u00f6lgesi i\u00e7in kuvvetli r\u00fczgar ve f\u0131rt\u0131na uyar\u0131s\u0131nda bulundu. Uyar\u0131da r\u00fczgar\u0131n h\u0131z\u0131n\u0131n zaman zaman 80 kilometreye kadar ula\u015fmas\u0131n\u0131n beklendi\u011fi belirtildi. Antalya\u2019da r\u00fczgar, d\u00fcn ak\u015fam saatlerinden itibaren etkisini art\u0131rmaya [&hellip;]\" \/>\n<meta property=\"og:url\" content=\"https:\/\/akunq.net\/tr\/?p=67020\" \/>\n<meta property=\"og:site_name\" content=\"Bati Ermenistan Ve Bati Ermenileri Sorunlari Ara\u015ftirmalar Merkezi\" \/>\n<meta property=\"article:published_time\" content=\"2022-02-10T08:30:54+00:00\" \/>\n<meta property=\"og:image\" content=\"https:\/\/akunq.net\/tr\/wp-content\/uploads\/sites\/6\/2022\/02\/Dev-dalgalar-aras\u0131nda.jpg\" \/>\n\t<meta property=\"og:image:width\" content=\"731\" \/>\n\t<meta property=\"og:image:height\" content=\"410\" \/>\n\t<meta property=\"og:image:type\" content=\"image\/jpeg\" \/>\n<meta name=\"author\" content=\"admin\" \/>\n<meta name=\"twitter:card\" content=\"summary_large_image\" \/>\n<meta name=\"twitter:label1\" content=\"Written by\" \/>\n\t<meta name=\"twitter:data1\" content=\"admin\" \/>\n\t<meta name=\"twitter:label2\" content=\"Est. reading time\" \/>\n\t<meta name=\"twitter:data2\" content=\"1 minute\" \/>\n<script type=\"application\/ld+json\" class=\"yoast-schema-graph\">{\"@context\":\"https:\\\/\\\/schema.org\",\"@graph\":[{\"@type\":\"Article\",\"@id\":\"https:\\\/\\\/akunq.net\\\/tr\\\/?p=67020#article\",\"isPartOf\":{\"@id\":\"https:\\\/\\\/akunq.net\\\/tr\\\/?p=67020\"},\"author\":{\"name\":\"admin\",\"@id\":\"https:\\\/\\\/akunq.net\\\/tr\\\/#\\\/schema\\\/person\\\/096f1d38a12cce57fb855b485ed24c9e\"},\"headline\":\"Dev dalgalar aras\u0131nda \u2018define\u2019 mesaisi\",\"datePublished\":\"2022-02-10T08:30:54+00:00\",\"mainEntityOfPage\":{\"@id\":\"https:\\\/\\\/akunq.net\\\/tr\\\/?p=67020\"},\"wordCount\":195,\"commentCount\":0,\"image\":{\"@id\":\"https:\\\/\\\/akunq.net\\\/tr\\\/?p=67020#primaryimage\"},\"thumbnailUrl\":\"https:\\\/\\\/akunq.net\\\/tr\\\/wp-content\\\/uploads\\\/sites\\\/6\\\/2022\\\/02\\\/Dev-dalgalar-aras\u0131nda.jpg\",\"articleSection\":[\"Haberler\"],\"inLanguage\":\"en-US\",\"potentialAction\":[{\"@type\":\"CommentAction\",\"name\":\"Comment\",\"target\":[\"https:\\\/\\\/akunq.net\\\/tr\\\/?p=67020#respond\"]}]},{\"@type\":\"WebPage\",\"@id\":\"https:\\\/\\\/akunq.net\\\/tr\\\/?p=67020\",\"url\":\"https:\\\/\\\/akunq.net\\\/tr\\\/?p=67020\",\"name\":\"Dev dalgalar aras\u0131nda \u2018define\u2019 mesaisi - Bati Ermenistan Ve Bati Ermenileri Sorunlari Ara\u015ftirmalar Merkezi\",\"isPartOf\":{\"@id\":\"https:\\\/\\\/akunq.net\\\/tr\\\/#website\"},\"primaryImageOfPage\":{\"@id\":\"https:\\\/\\\/akunq.net\\\/tr\\\/?p=67020#primaryimage\"},\"image\":{\"@id\":\"https:\\\/\\\/akunq.net\\\/tr\\\/?p=67020#primaryimage\"},\"thumbnailUrl\":\"https:\\\/\\\/akunq.net\\\/tr\\\/wp-content\\\/uploads\\\/sites\\\/6\\\/2022\\\/02\\\/Dev-dalgalar-aras\u0131nda.jpg\",\"datePublished\":\"2022-02-10T08:30:54+00:00\",\"author\":{\"@id\":\"https:\\\/\\\/akunq.net\\\/tr\\\/#\\\/schema\\\/person\\\/096f1d38a12cce57fb855b485ed24c9e\"},\"breadcrumb\":{\"@id\":\"https:\\\/\\\/akunq.net\\\/tr\\\/?p=67020#breadcrumb\"},\"inLanguage\":\"en-US\",\"potentialAction\":[{\"@type\":\"ReadAction\",\"target\":[\"https:\\\/\\\/akunq.net\\\/tr\\\/?p=67020\"]}]},{\"@type\":\"ImageObject\",\"inLanguage\":\"en-US\",\"@id\":\"https:\\\/\\\/akunq.net\\\/tr\\\/?p=67020#primaryimage\",\"url\":\"https:\\\/\\\/akunq.net\\\/tr\\\/wp-content\\\/uploads\\\/sites\\\/6\\\/2022\\\/02\\\/Dev-dalgalar-aras\u0131nda.jpg\",\"contentUrl\":\"https:\\\/\\\/akunq.net\\\/tr\\\/wp-content\\\/uploads\\\/sites\\\/6\\\/2022\\\/02\\\/Dev-dalgalar-aras\u0131nda.jpg\",\"width\":731,\"height\":410},{\"@type\":\"BreadcrumbList\",\"@id\":\"https:\\\/\\\/akunq.net\\\/tr\\\/?p=67020#breadcrumb\",\"itemListElement\":[{\"@type\":\"ListItem\",\"position\":1,\"name\":\"Home\",\"item\":\"https:\\\/\\\/akunq.net\\\/tr\"},{\"@type\":\"ListItem\",\"position\":2,\"name\":\"Dev dalgalar aras\u0131nda \u2018define\u2019 mesaisi\"}]},{\"@type\":\"WebSite\",\"@id\":\"https:\\\/\\\/akunq.net\\\/tr\\\/#website\",\"url\":\"https:\\\/\\\/akunq.net\\\/tr\\\/\",\"name\":\"Bati Ermenistan Ve Bati Ermenileri Sorunlari Ara\u015ftirmalar Merkezi\",\"description\":\"\",\"potentialAction\":[{\"@type\":\"SearchAction\",\"target\":{\"@type\":\"EntryPoint\",\"urlTemplate\":\"https:\\\/\\\/akunq.net\\\/tr\\\/?s={search_term_string}\"},\"query-input\":{\"@type\":\"PropertyValueSpecification\",\"valueRequired\":true,\"valueName\":\"search_term_string\"}}],\"inLanguage\":\"en-US\"},{\"@type\":\"Person\",\"@id\":\"https:\\\/\\\/akunq.net\\\/tr\\\/#\\\/schema\\\/person\\\/096f1d38a12cce57fb855b485ed24c9e\",\"name\":\"admin\",\"url\":\"https:\\\/\\\/akunq.net\\\/tr\\\/?author=7\"}]}<\/script>\n<!-- \/ Yoast SEO plugin. -->","yoast_head_json":{"title":"Dev dalgalar aras\u0131nda \u2018define\u2019 mesaisi - Bati Ermenistan Ve Bati Ermenileri Sorunlari Ara\u015ftirmalar Merkezi","robots":{"index":"index","follow":"follow","max-snippet":"max-snippet:-1","max-image-preview":"max-image-preview:large","max-video-preview":"max-video-preview:-1"},"canonical":"https:\/\/akunq.net\/tr\/?p=67020","og_locale":"en_US","og_type":"article","og_title":"Dev dalgalar aras\u0131nda \u2018define\u2019 mesaisi - Bati Ermenistan Ve Bati Ermenileri Sorunlari Ara\u015ftirmalar Merkezi","og_description":"Meteoroloji\u2019nin f\u0131rt\u0131na uyar\u0131s\u0131nda bulundu\u011fu Antalya\u2019da, dev dalgalar\u0131n vurdu\u011fu Konyaalt\u0131 Sahili\u2019ne gelen defineciler, dedekt\u00f6rle de\u011ferli e\u015fya arad\u0131. Semih ERS\u00d6ZLER\/ANTALYA, (DHA) Meteoroloji 4. B\u00f6lge M\u00fcd\u00fcrl\u00fc\u011f\u00fc, d\u00fcn yapt\u0131\u011f\u0131 a\u00e7\u0131klama ile Akdeniz B\u00f6lgesi i\u00e7in kuvvetli r\u00fczgar ve f\u0131rt\u0131na uyar\u0131s\u0131nda bulundu. Uyar\u0131da r\u00fczgar\u0131n h\u0131z\u0131n\u0131n zaman zaman 80 kilometreye kadar ula\u015fmas\u0131n\u0131n beklendi\u011fi belirtildi. Antalya\u2019da r\u00fczgar, d\u00fcn ak\u015fam saatlerinden itibaren etkisini art\u0131rmaya [&hellip;]","og_url":"https:\/\/akunq.net\/tr\/?p=67020","og_site_name":"Bati Ermenistan Ve Bati Ermenileri Sorunlari Ara\u015ftirmalar Merkezi","article_published_time":"2022-02-10T08:30:54+00:00","og_image":[{"width":731,"height":410,"url":"https:\/\/akunq.net\/tr\/wp-content\/uploads\/sites\/6\/2022\/02\/Dev-dalgalar-aras\u0131nda.jpg","type":"image\/jpeg"}],"author":"admin","twitter_card":"summary_large_image","twitter_misc":{"Written by":"admin","Est. reading time":"1 minute"},"schema":{"@context":"https:\/\/schema.org","@graph":[{"@type":"Article","@id":"https:\/\/akunq.net\/tr\/?p=67020#article","isPartOf":{"@id":"https:\/\/akunq.net\/tr\/?p=67020"},"author":{"name":"admin","@id":"https:\/\/akunq.net\/tr\/#\/schema\/person\/096f1d38a12cce57fb855b485ed24c9e"},"headline":"Dev dalgalar aras\u0131nda \u2018define\u2019 mesaisi","datePublished":"2022-02-10T08:30:54+00:00","mainEntityOfPage":{"@id":"https:\/\/akunq.net\/tr\/?p=67020"},"wordCount":195,"commentCount":0,"image":{"@id":"https:\/\/akunq.net\/tr\/?p=67020#primaryimage"},"thumbnailUrl":"https:\/\/akunq.net\/tr\/wp-content\/uploads\/sites\/6\/2022\/02\/Dev-dalgalar-aras\u0131nda.jpg","articleSection":["Haberler"],"inLanguage":"en-US","potentialAction":[{"@type":"CommentAction","name":"Comment","target":["https:\/\/akunq.net\/tr\/?p=67020#respond"]}]},{"@type":"WebPage","@id":"https:\/\/akunq.net\/tr\/?p=67020","url":"https:\/\/akunq.net\/tr\/?p=67020","name":"Dev dalgalar aras\u0131nda \u2018define\u2019 mesaisi - Bati Ermenistan Ve Bati Ermenileri Sorunlari Ara\u015ftirmalar Merkezi","isPartOf":{"@id":"https:\/\/akunq.net\/tr\/#website"},"primaryImageOfPage":{"@id":"https:\/\/akunq.net\/tr\/?p=67020#primaryimage"},"image":{"@id":"https:\/\/akunq.net\/tr\/?p=67020#primaryimage"},"thumbnailUrl":"https:\/\/akunq.net\/tr\/wp-content\/uploads\/sites\/6\/2022\/02\/Dev-dalgalar-aras\u0131nda.jpg","datePublished":"2022-02-10T08:30:54+00:00","author":{"@id":"https:\/\/akunq.net\/tr\/#\/schema\/person\/096f1d38a12cce57fb855b485ed24c9e"},"breadcrumb":{"@id":"https:\/\/akunq.net\/tr\/?p=67020#breadcrumb"},"inLanguage":"en-US","potentialAction":[{"@type":"ReadAction","target":["https:\/\/akunq.net\/tr\/?p=67020"]}]},{"@type":"ImageObject","inLanguage":"en-US","@id":"https:\/\/akunq.net\/tr\/?p=67020#primaryimage","url":"https:\/\/akunq.net\/tr\/wp-content\/uploads\/sites\/6\/2022\/02\/Dev-dalgalar-aras\u0131nda.jpg","contentUrl":"https:\/\/akunq.net\/tr\/wp-content\/uploads\/sites\/6\/2022\/02\/Dev-dalgalar-aras\u0131nda.jpg","width":731,"height":410},{"@type":"BreadcrumbList","@id":"https:\/\/akunq.net\/tr\/?p=67020#breadcrumb","itemListElement":[{"@type":"ListItem","position":1,"name":"Home","item":"https:\/\/akunq.net\/tr"},{"@type":"ListItem","position":2,"name":"Dev dalgalar aras\u0131nda \u2018define\u2019 mesaisi"}]},{"@type":"WebSite","@id":"https:\/\/akunq.net\/tr\/#website","url":"https:\/\/akunq.net\/tr\/","name":"Bati Ermenistan Ve Bati Ermenileri Sorunlari Ara\u015ftirmalar Merkezi","description":"","potentialAction":[{"@type":"SearchAction","target":{"@type":"EntryPoint","urlTemplate":"https:\/\/akunq.net\/tr\/?s={search_term_string}"},"query-input":{"@type":"PropertyValueSpecification","valueRequired":true,"valueName":"search_term_string"}}],"inLanguage":"en-US"},{"@type":"Person","@id":"https:\/\/akunq.net\/tr\/#\/schema\/person\/096f1d38a12cce57fb855b485ed24c9e","name":"admin","url":"https:\/\/akunq.net\/tr\/?author=7"}]}},"_links":{"self":[{"href":"https:\/\/akunq.net\/tr\/index.php?rest_route=\/wp\/v2\/posts\/67020","targetHints":{"allow":["GET"]}}],"collection":[{"href":"https:\/\/akunq.net\/tr\/index.php?rest_route=\/wp\/v2\/posts"}],"about":[{"href":"https:\/\/akunq.net\/tr\/index.php?rest_route=\/wp\/v2\/types\/post"}],"author":[{"embeddable":true,"href":"https:\/\/akunq.net\/tr\/index.php?rest_route=\/wp\/v2\/users\/7"}],"replies":[{"embeddable":true,"href":"https:\/\/akunq.net\/tr\/index.php?rest_route=%2Fwp%2Fv2%2Fcomments&post=67020"}],"version-history":[{"count":1,"href":"https:\/\/akunq.net\/tr\/index.php?rest_route=\/wp\/v2\/posts\/67020\/revisions"}],"predecessor-version":[{"id":67022,"href":"https:\/\/akunq.net\/tr\/index.php?rest_route=\/wp\/v2\/posts\/67020\/revisions\/67022"}],"wp:featuredmedia":[{"embeddable":true,"href":"https:\/\/akunq.net\/tr\/index.php?rest_route=\/wp\/v2\/media\/67021"}],"wp:attachment":[{"href":"https:\/\/akunq.net\/tr\/index.php?rest_route=%2Fwp%2Fv2%2Fmedia&parent=67020"}],"wp:term":[{"taxonomy":"category","embeddable":true,"href":"https:\/\/akunq.net\/tr\/index.php?rest_route=%2Fwp%2Fv2%2Fcategories&post=67020"},{"taxonomy":"post_tag","embeddable":true,"href":"https:\/\/akunq.net\/tr\/index.php?rest_route=%2Fwp%2Fv2%2Ftags&post=67020"}],"curies":[{"name":"wp","href":"https:\/\/api.w.org\/{rel}","templated":true}]}}