{"id":67017,"date":"2022-02-10T03:16:20","date_gmt":"2022-02-10T08:16:20","guid":{"rendered":"https:\/\/akunq.net\/tr\/?p=67017"},"modified":"2022-02-10T03:16:20","modified_gmt":"2022-02-10T08:16:20","slug":"sorumluluk-var-mulkiyet-yok-bornova-yahudi-mezarligi","status":"publish","type":"post","link":"https:\/\/akunq.net\/tr\/?p=67017","title":{"rendered":"Sorumluluk var, M\u00fclkiyet Yok: Bornova Yahudi Mezarl\u0131\u011f\u0131"},"content":{"rendered":"<p><img loading=\"lazy\" decoding=\"async\" class=\"aligncenter size-medium wp-image-67018\" src=\"https:\/\/akunq.net\/tr\/wp-content\/uploads\/2022\/02\/Bornova-Yahudi-Mezarl\u0131\u011f\u0131-360x267.png\" alt=\"\" width=\"360\" height=\"267\" srcset=\"https:\/\/akunq.net\/tr\/wp-content\/uploads\/sites\/6\/2022\/02\/Bornova-Yahudi-Mezarl\u0131\u011f\u0131-360x267.png 360w, https:\/\/akunq.net\/tr\/wp-content\/uploads\/sites\/6\/2022\/02\/Bornova-Yahudi-Mezarl\u0131\u011f\u0131-768x570.png 768w, https:\/\/akunq.net\/tr\/wp-content\/uploads\/sites\/6\/2022\/02\/Bornova-Yahudi-Mezarl\u0131\u011f\u0131-560x416.png 560w, https:\/\/akunq.net\/tr\/wp-content\/uploads\/sites\/6\/2022\/02\/Bornova-Yahudi-Mezarl\u0131\u011f\u0131-260x193.png 260w, https:\/\/akunq.net\/tr\/wp-content\/uploads\/sites\/6\/2022\/02\/Bornova-Yahudi-Mezarl\u0131\u011f\u0131-160x119.png 160w, https:\/\/akunq.net\/tr\/wp-content\/uploads\/sites\/6\/2022\/02\/Bornova-Yahudi-Mezarl\u0131\u011f\u0131.png 1536w\" sizes=\"auto, (max-width: 360px) 100vw, 360px\" \/><\/p>\n<p><strong><em>T\u00fcrkiye\u2019de bug\u00fcn Yahudilerin art\u0131k ya\u015famad\u0131\u011f\u0131 bir\u00e7ok yerde mezarl\u0131klar\u0131n bak\u0131ms\u0131z ve y\u0131k\u0131k oldu\u011fu, cemaatsiz kalan sinagoglar\u0131n tahrip edildi\u011fi biliniyor. Bornova Yahudi mezarl\u0131\u011f\u0131 ile ilgili benzer bir haber ve bir arkada\u015fl\u0131k hikayesi\u00a0Avlaremoz\u2018a ula\u015ft\u0131.<\/em><\/strong><\/p>\n<p><em>Avlaremoz<\/em>\u2018a ula\u015fan Karab\u00fck \u00dcniversitesi Pediatrik Gastroenteroloji b\u00f6l\u00fcm\u00fcnden Do\u00e7. Dr. Eylem Sevin\u00e7 \u0130srail\u2019de bulundu\u011fu esnada tan\u0131\u015ft\u0131\u011f\u0131 T\u00fcrkiyeli bir Yahudi\u2019nin hikayesini payla\u015ft\u0131. 2018\u2019de Tel Aviv \u00dcniversitesi Dana Dwek \u00c7ocuk Hastanesi\u2019nde g\u00f6zlemci olarak 3 ay g\u00f6rev yapan Sevin\u00e7 bu s\u00fcre zarf\u0131nda Petah Tikva\u2019daki Recanati ihtiyarlar yurdunda kalm\u0131\u015f. Kendisi \u015f\u00f6yle anlat\u0131yor:<\/p>\n<h2><em>\u2018Mezarl\u0131\u011f\u0131n hali i\u00e7ler ac\u0131s\u0131 haldeydi<\/em>\u2018<\/h2>\n<figure class=\"wp-block-image\"><a href=\"https:\/\/i0.wp.com\/www.avlaremoz.com\/wp-content\/uploads\/2021\/04\/20180717_182922.jpg?ssl=1\"><img decoding=\"async\" class=\"wp-image-18844\" src=\"https:\/\/i0.wp.com\/sp-ao.shortpixel.ai\/client\/to_webp,q_glossy,ret_img,w_406,h_228\/https:\/\/www.avlaremoz.com\/wp-content\/uploads\/2021\/04\/20180717_182922-1024x576.jpg?resize=1024%2C576&amp;ssl=1\" alt=\"\" data-recalc-dims=\"1\" \/><\/a><figcaption><em>Dr. Eylem Sevin\u00e7 ve \u0130zmirli Leyla Houteli<\/em><\/figcaption><\/figure>\n<p>\u201c[Orada]\u00a0<em>kald\u0131\u011f\u0131m s\u00fcrede\u00a0<strong>Leyla Houteli\u00a0<\/strong>isimli \u00e7ok zeki T\u00fcrkiye\u2019yi \u00e7ok seven\u00a0<strong>\u0130zmirli<\/strong>70 k\u00fcs\u00fcr ya\u015flar\u0131nda bir han\u0131mefendi orda kald\u0131\u011f\u0131m zamanda bana \u00e7ok yard\u0131mc\u0131 oldu. T\u00fcrkiye\u2019ye d\u00f6nerken benden Bornova\u2019daki Yahudi [\u2026] mezarl\u0131\u011f\u0131n\u0131 ziyaret etmemi istedi ve akrabalar\u0131n\u0131n orda yatt\u0131\u011f\u0131n\u0131 s\u00f6yledi. T\u00fcrkiye\u2019ye d\u00f6nd\u00fc\u011f\u00fcm zaman \u0130zmir Bornova\u2019daki mezarl\u0131\u011f\u0131 ziyaret ettim ve foto\u011fraflar\u0131n\u0131 ona g\u00f6nderdim.\u00a0<\/em><\/p>\n<p><em>Ve ayn\u0131 zamanda da \u00e7ok \u00fcz\u00fcld\u00fcm.\u00a0<strong>Mezarl\u0131\u011f\u0131n hali i\u00e7ler ac\u0131s\u0131 haldeydi.<\/strong>\u00a0Tamam \u00e7evresi y\u00fcksek duvarlar ile \u00e7evriliydi ama ne bak\u0131m ne de g\u00f6revli mevcuttu. Bu durumla ilgili belediyeye mesaj att\u0131m ama sonuca ula\u015famad\u0131m.<\/em>\u201c<\/p>\n<p>Payla\u015ft\u0131\u011f\u0131 foto\u011fraflar acil bak\u0131m ihtiyac\u0131n\u0131 g\u00f6zler \u00f6n\u00fcne seriyor:<\/p>\n<figure class=\"wp-block-image\"><a href=\"https:\/\/i0.wp.com\/www.avlaremoz.com\/wp-content\/uploads\/2021\/04\/20180815_094452-576x1024.jpg?ssl=1\"><img decoding=\"async\" class=\"wp-image-18845\" src=\"https:\/\/i0.wp.com\/sp-ao.shortpixel.ai\/client\/to_webp,q_glossy,ret_img,w_576,h_1024\/https:\/\/www.avlaremoz.com\/wp-content\/uploads\/2021\/04\/20180815_094452-576x1024.jpg?resize=576%2C1024&amp;ssl=1\" alt=\"\" data-recalc-dims=\"1\" \/><\/a><figcaption><em>Bornova Yahudi Mezarl\u0131\u011f\u0131\u2019nda ta\u015flar da\u011f\u0131n\u0131k ve tahrip edilmi\u015f halde<\/em><\/figcaption><\/figure>\n<h2>Mezar Ta\u015flar\u0131 \u00c7al\u0131nm\u0131\u015f veya K\u0131r\u0131lm\u0131\u015f<\/h2>\n<p>\u0130zmirli yerel bir yay\u0131n olan \u0130lkses Gazetesi\u2019nin Temmuz 2019 tarihli bir haberine g\u00f6re \u201c<em>Do\u011fadan \u00e7ok\u00a0<strong>insanlar\u0131n sald\u0131r\u0131s\u0131ndan yorgun d\u00fc\u015fm\u00fc\u015f<\/strong>\u00a0bir bi\u00e7imde bekleyen Bornova Musevi Mezarl\u0131\u011f\u0131 i\u00e7in acil \u00e7\u00f6z\u00fcm talep ediliyor.<\/em>\u201d Haber ayr\u0131ca mezarl\u0131\u011f\u0131n bu kasabada Yahudilerinden \u201ckalan tek belirgin hat\u0131ra olup korunmay\u0131 bekliyor\u201d oldu\u011funu s\u00f6yl\u00fcyor. Ge\u00e7en 2 y\u0131lda ne il\u00e7e ne de b\u00fcy\u00fck\u015fehir belediyesi bir harekette bulundu.<\/p>\n<p>1881 y\u0131l\u0131nda\u00a0<strong>Sidi Ailesi<\/strong>\u00a0taraf\u0131ndan bir aile mezarl\u0131\u011f\u0131 olarak tesis\u00a0<a href=\"http:\/\/www.turkyahudileri.com\/index.php\/tr\/tarih\/mezarliklar\/90-izmir-bornova-mezarligi\">edilen<\/a>\u00a0alan zamanla geni\u015fledi ancak kentteki Yahudi n\u00fcfusun ayr\u0131lmas\u0131yla beraber mezarl\u0131k tahrip edilmeye ba\u015flad\u0131. Bug\u00fcn duvarlarla \u00e7evrili olmas\u0131na ra\u011fmen mezar ta\u015flar\u0131n\u0131n \u00e7o\u011fu k\u0131r\u0131lm\u0131\u015f veya \u00e7al\u0131nm\u0131\u015f halde.<\/p>\n<h2>\u201c<em>Sorumluluk biz ait ama m\u00fclkiyeti de\u011fil<\/em>\u201c<\/h2>\n<p>Bunun \u00fczerine Dr. Sevin\u00e7 \u0130stanbul Yahudi toplumundan Moris Levi\u2019ye ula\u015fm\u0131\u015f.<em>Avlaremoz<\/em>\u2018a konu\u015fan Moris Levi\u2019ye g\u00f6re Bornova Yahudi mezarl\u0131\u011f\u0131 tamamen \u0130zmir Yahudi toplumunun alan\u0131na giriyor ve buran\u0131n\u201d<em>ne hukuken ne de fiilen<\/em>\u00a0[\u0130stanbul toplumunun]\u00a0<em>tasarrufunda olmad\u0131\u011f\u0131n\u0131<\/em>\u00a0[ancak]<em>\u00a0tabii ki birbirleriyle g\u00f6r\u00fc\u015f\u00fcp ve destek verdiklerini<\/em>\u201d s\u00f6yl\u00fcyor.<\/p>\n<p>\u0130zmir Yahudi toplumundan (yak\u0131n zamanda kaybetti\u011fimiz) Sami Azar ise bir s\u00fcre \u00f6nce verdi\u011fi r\u00f6portajda mezarl\u0131k arsas\u0131n\u0131n sadece bir k\u0131sm\u0131n\u0131n Yahudi toplumunun elinde oldu\u011funu s\u00f6ylemi\u015fti. Bornova\u2019dan ayr\u0131l\u0131rken mezarl\u0131\u011f\u0131 olu\u015fturan farkl\u0131 b\u00f6l\u00fcmler sahipleri taraf\u0131ndan \u201cnam-\u0131 m\u00fcstear g\u00fcvenilir\u201d ki\u015filere b\u0131rak\u0131lm\u0131\u015f. Azar\u2019a g\u00f6re bu tapular\u0131 inceleyen \u0130zmir Yahudi toplumu mezarl\u0131\u011f\u0131n m\u00fclkiyetini edinmek i\u00e7in a\u00e7t\u0131\u011f\u0131 davalar\u0131n neticelenmesini bekliyor.<\/p>\n<p>Bu s\u00fcre zarf\u0131nda mezarl\u0131\u011f\u0131n haliyle ilgili Sami Azar \u015f\u00f6yle demi\u015fti: \u201c<em>sorumluluk bize ait ama m\u00fclkiyeti de\u011fil<\/em>.\u201d Ancak asgari korunma ve bak\u0131m\u0131n sa\u011flanmas\u0131 i\u00e7in \u0130zmir toplumunun Kabarim derne\u011fi belediye ile \u00e7al\u0131\u015f\u0131yor. Yap\u0131lan duvarlar da bu ili\u015fkinin bir sonucu.<\/p>\n<h2>T\u00fcm Mezarl\u0131klara Bakacak B\u00fct\u00e7e Yok<\/h2>\n<p>Bornova Yahudi mezarl\u0131\u011f\u0131n\u0131n muhta\u00e7 oldu\u011fu ciddi bak\u0131m i\u00e7in m\u00fclkiyetle ilgili davalar\u0131n sonu\u00e7lanmas\u0131 beklenecek. Bu s\u0131rada duvarlar\u0131n daha fazla tahribat\u0131 engellemesi umuluyor. \u00dclke genelinde cemaatsiz kalan Yahudi mezarl\u0131klar\u0131n\u0131n durumunu Moris Levi \u015f\u00f6yle \u00f6zetliyor: \u201cS\u00fcrekli bize \u2018niye bunlara bakm\u0131yorsunuz?\u2019 mesajlar\u0131 geliyor. Ne insan kayna\u011f\u0131m\u0131z ne de b\u00fct\u00e7elerimiz buna yetmez.\u201d<\/p>\n<p><em><strong><a href=\"https:\/\/www.avlaremoz.com\/2022\/02\/09\/sorumluluk-var-mulkiyet-yok-bornova-yahudi-mezarligi\/?utm_source=rss&amp;utm_medium=rss&amp;utm_campaign=sorumluluk-var-mulkiyet-yok-bornova-yahudi-mezarligi\">https:\/\/www.avlaremoz.com\/2022\/02\/09\/sorumluluk-var-mulkiyet-yok-bornova-yahudi-mezarligi\/?utm_source=rss&amp;utm_medium=rss&amp;utm_campaign=sorumluluk-var-mulkiyet-yok-bornova-yahudi-mezarligi<\/a>\u00a0<\/strong><\/em><\/p>\n","protected":false},"excerpt":{"rendered":"<p>T\u00fcrkiye\u2019de bug\u00fcn Yahudilerin art\u0131k ya\u015famad\u0131\u011f\u0131 bir\u00e7ok yerde mezarl\u0131klar\u0131n bak\u0131ms\u0131z ve y\u0131k\u0131k oldu\u011fu, cemaatsiz kalan sinagoglar\u0131n tahrip edildi\u011fi biliniyor. Bornova Yahudi mezarl\u0131\u011f\u0131 ile ilgili benzer bir haber ve bir arkada\u015fl\u0131k hikayesi\u00a0Avlaremoz\u2018a ula\u015ft\u0131. Avlaremoz\u2018a ula\u015fan Karab\u00fck \u00dcniversitesi Pediatrik Gastroenteroloji b\u00f6l\u00fcm\u00fcnden Do\u00e7. Dr. Eylem Sevin\u00e7 \u0130srail\u2019de bulundu\u011fu esnada tan\u0131\u015ft\u0131\u011f\u0131 T\u00fcrkiyeli bir Yahudi\u2019nin hikayesini payla\u015ft\u0131. 2018\u2019de Tel Aviv \u00dcniversitesi [&hellip;]<\/p>\n","protected":false},"author":7,"featured_media":67018,"comment_status":"open","ping_status":"open","sticky":false,"template":"","format":"standard","meta":{"footnotes":""},"categories":[1,53],"tags":[],"class_list":["post-67017","post","type-post","status-publish","format-standard","has-post-thumbnail","hentry","category-haberler","category-turkiyede-azinliklar"],"yoast_head":"<!-- This site is optimized with the Yoast SEO plugin v27.4 - https:\/\/yoast.com\/product\/yoast-seo-wordpress\/ -->\n<title>Sorumluluk var, M\u00fclkiyet Yok: Bornova Yahudi Mezarl\u0131\u011f\u0131 - Bati Ermenistan Ve Bati Ermenileri Sorunlari Ara\u015ftirmalar Merkezi<\/title>\n<meta name=\"robots\" content=\"index, follow, max-snippet:-1, max-image-preview:large, max-video-preview:-1\" \/>\n<link rel=\"canonical\" href=\"https:\/\/akunq.net\/tr\/?p=67017\" \/>\n<meta property=\"og:locale\" content=\"en_US\" \/>\n<meta property=\"og:type\" content=\"article\" \/>\n<meta property=\"og:title\" content=\"Sorumluluk var, M\u00fclkiyet Yok: Bornova Yahudi Mezarl\u0131\u011f\u0131 - Bati Ermenistan Ve Bati Ermenileri Sorunlari Ara\u015ftirmalar Merkezi\" \/>\n<meta property=\"og:description\" content=\"T\u00fcrkiye\u2019de bug\u00fcn Yahudilerin art\u0131k ya\u015famad\u0131\u011f\u0131 bir\u00e7ok yerde mezarl\u0131klar\u0131n bak\u0131ms\u0131z ve y\u0131k\u0131k oldu\u011fu, cemaatsiz kalan sinagoglar\u0131n tahrip edildi\u011fi biliniyor. Bornova Yahudi mezarl\u0131\u011f\u0131 ile ilgili benzer bir haber ve bir arkada\u015fl\u0131k hikayesi\u00a0Avlaremoz\u2018a ula\u015ft\u0131. Avlaremoz\u2018a ula\u015fan Karab\u00fck \u00dcniversitesi Pediatrik Gastroenteroloji b\u00f6l\u00fcm\u00fcnden Do\u00e7. Dr. Eylem Sevin\u00e7 \u0130srail\u2019de bulundu\u011fu esnada tan\u0131\u015ft\u0131\u011f\u0131 T\u00fcrkiyeli bir Yahudi\u2019nin hikayesini payla\u015ft\u0131. 2018\u2019de Tel Aviv \u00dcniversitesi [&hellip;]\" \/>\n<meta property=\"og:url\" content=\"https:\/\/akunq.net\/tr\/?p=67017\" \/>\n<meta property=\"og:site_name\" content=\"Bati Ermenistan Ve Bati Ermenileri Sorunlari Ara\u015ftirmalar Merkezi\" \/>\n<meta property=\"article:published_time\" content=\"2022-02-10T08:16:20+00:00\" \/>\n<meta property=\"og:image\" content=\"https:\/\/akunq.net\/tr\/wp-content\/uploads\/sites\/6\/2022\/02\/Bornova-Yahudi-Mezarl\u0131\u011f\u0131.png\" \/>\n\t<meta property=\"og:image:width\" content=\"1536\" \/>\n\t<meta property=\"og:image:height\" content=\"1140\" \/>\n\t<meta property=\"og:image:type\" content=\"image\/png\" \/>\n<meta name=\"author\" content=\"admin\" \/>\n<meta name=\"twitter:card\" content=\"summary_large_image\" \/>\n<meta name=\"twitter:label1\" content=\"Written by\" \/>\n\t<meta name=\"twitter:data1\" content=\"admin\" \/>\n\t<meta name=\"twitter:label2\" content=\"Est. reading time\" \/>\n\t<meta name=\"twitter:data2\" content=\"4 minutes\" \/>\n<script type=\"application\/ld+json\" class=\"yoast-schema-graph\">{\"@context\":\"https:\\\/\\\/schema.org\",\"@graph\":[{\"@type\":\"Article\",\"@id\":\"https:\\\/\\\/akunq.net\\\/tr\\\/?p=67017#article\",\"isPartOf\":{\"@id\":\"https:\\\/\\\/akunq.net\\\/tr\\\/?p=67017\"},\"author\":{\"name\":\"admin\",\"@id\":\"https:\\\/\\\/akunq.net\\\/tr\\\/#\\\/schema\\\/person\\\/096f1d38a12cce57fb855b485ed24c9e\"},\"headline\":\"Sorumluluk var, M\u00fclkiyet Yok: Bornova Yahudi Mezarl\u0131\u011f\u0131\",\"datePublished\":\"2022-02-10T08:16:20+00:00\",\"mainEntityOfPage\":{\"@id\":\"https:\\\/\\\/akunq.net\\\/tr\\\/?p=67017\"},\"wordCount\":722,\"commentCount\":0,\"image\":{\"@id\":\"https:\\\/\\\/akunq.net\\\/tr\\\/?p=67017#primaryimage\"},\"thumbnailUrl\":\"https:\\\/\\\/akunq.net\\\/tr\\\/wp-content\\\/uploads\\\/sites\\\/6\\\/2022\\\/02\\\/Bornova-Yahudi-Mezarl\u0131\u011f\u0131.png\",\"articleSection\":[\"Haberler\",\"T\u00fcrkiye\u2019de Az\u0131nl\u0131klar\"],\"inLanguage\":\"en-US\",\"potentialAction\":[{\"@type\":\"CommentAction\",\"name\":\"Comment\",\"target\":[\"https:\\\/\\\/akunq.net\\\/tr\\\/?p=67017#respond\"]}]},{\"@type\":\"WebPage\",\"@id\":\"https:\\\/\\\/akunq.net\\\/tr\\\/?p=67017\",\"url\":\"https:\\\/\\\/akunq.net\\\/tr\\\/?p=67017\",\"name\":\"Sorumluluk var, M\u00fclkiyet Yok: Bornova Yahudi Mezarl\u0131\u011f\u0131 - Bati Ermenistan Ve Bati Ermenileri Sorunlari Ara\u015ftirmalar Merkezi\",\"isPartOf\":{\"@id\":\"https:\\\/\\\/akunq.net\\\/tr\\\/#website\"},\"primaryImageOfPage\":{\"@id\":\"https:\\\/\\\/akunq.net\\\/tr\\\/?p=67017#primaryimage\"},\"image\":{\"@id\":\"https:\\\/\\\/akunq.net\\\/tr\\\/?p=67017#primaryimage\"},\"thumbnailUrl\":\"https:\\\/\\\/akunq.net\\\/tr\\\/wp-content\\\/uploads\\\/sites\\\/6\\\/2022\\\/02\\\/Bornova-Yahudi-Mezarl\u0131\u011f\u0131.png\",\"datePublished\":\"2022-02-10T08:16:20+00:00\",\"author\":{\"@id\":\"https:\\\/\\\/akunq.net\\\/tr\\\/#\\\/schema\\\/person\\\/096f1d38a12cce57fb855b485ed24c9e\"},\"breadcrumb\":{\"@id\":\"https:\\\/\\\/akunq.net\\\/tr\\\/?p=67017#breadcrumb\"},\"inLanguage\":\"en-US\",\"potentialAction\":[{\"@type\":\"ReadAction\",\"target\":[\"https:\\\/\\\/akunq.net\\\/tr\\\/?p=67017\"]}]},{\"@type\":\"ImageObject\",\"inLanguage\":\"en-US\",\"@id\":\"https:\\\/\\\/akunq.net\\\/tr\\\/?p=67017#primaryimage\",\"url\":\"https:\\\/\\\/akunq.net\\\/tr\\\/wp-content\\\/uploads\\\/sites\\\/6\\\/2022\\\/02\\\/Bornova-Yahudi-Mezarl\u0131\u011f\u0131.png\",\"contentUrl\":\"https:\\\/\\\/akunq.net\\\/tr\\\/wp-content\\\/uploads\\\/sites\\\/6\\\/2022\\\/02\\\/Bornova-Yahudi-Mezarl\u0131\u011f\u0131.png\",\"width\":1536,\"height\":1140},{\"@type\":\"BreadcrumbList\",\"@id\":\"https:\\\/\\\/akunq.net\\\/tr\\\/?p=67017#breadcrumb\",\"itemListElement\":[{\"@type\":\"ListItem\",\"position\":1,\"name\":\"Home\",\"item\":\"https:\\\/\\\/akunq.net\\\/tr\"},{\"@type\":\"ListItem\",\"position\":2,\"name\":\"Sorumluluk var, M\u00fclkiyet Yok: Bornova Yahudi Mezarl\u0131\u011f\u0131\"}]},{\"@type\":\"WebSite\",\"@id\":\"https:\\\/\\\/akunq.net\\\/tr\\\/#website\",\"url\":\"https:\\\/\\\/akunq.net\\\/tr\\\/\",\"name\":\"Bati Ermenistan Ve Bati Ermenileri Sorunlari Ara\u015ftirmalar Merkezi\",\"description\":\"\",\"potentialAction\":[{\"@type\":\"SearchAction\",\"target\":{\"@type\":\"EntryPoint\",\"urlTemplate\":\"https:\\\/\\\/akunq.net\\\/tr\\\/?s={search_term_string}\"},\"query-input\":{\"@type\":\"PropertyValueSpecification\",\"valueRequired\":true,\"valueName\":\"search_term_string\"}}],\"inLanguage\":\"en-US\"},{\"@type\":\"Person\",\"@id\":\"https:\\\/\\\/akunq.net\\\/tr\\\/#\\\/schema\\\/person\\\/096f1d38a12cce57fb855b485ed24c9e\",\"name\":\"admin\",\"url\":\"https:\\\/\\\/akunq.net\\\/tr\\\/?author=7\"}]}<\/script>\n<!-- \/ Yoast SEO plugin. -->","yoast_head_json":{"title":"Sorumluluk var, M\u00fclkiyet Yok: Bornova Yahudi Mezarl\u0131\u011f\u0131 - Bati Ermenistan Ve Bati Ermenileri Sorunlari Ara\u015ftirmalar Merkezi","robots":{"index":"index","follow":"follow","max-snippet":"max-snippet:-1","max-image-preview":"max-image-preview:large","max-video-preview":"max-video-preview:-1"},"canonical":"https:\/\/akunq.net\/tr\/?p=67017","og_locale":"en_US","og_type":"article","og_title":"Sorumluluk var, M\u00fclkiyet Yok: Bornova Yahudi Mezarl\u0131\u011f\u0131 - Bati Ermenistan Ve Bati Ermenileri Sorunlari Ara\u015ftirmalar Merkezi","og_description":"T\u00fcrkiye\u2019de bug\u00fcn Yahudilerin art\u0131k ya\u015famad\u0131\u011f\u0131 bir\u00e7ok yerde mezarl\u0131klar\u0131n bak\u0131ms\u0131z ve y\u0131k\u0131k oldu\u011fu, cemaatsiz kalan sinagoglar\u0131n tahrip edildi\u011fi biliniyor. Bornova Yahudi mezarl\u0131\u011f\u0131 ile ilgili benzer bir haber ve bir arkada\u015fl\u0131k hikayesi\u00a0Avlaremoz\u2018a ula\u015ft\u0131. Avlaremoz\u2018a ula\u015fan Karab\u00fck \u00dcniversitesi Pediatrik Gastroenteroloji b\u00f6l\u00fcm\u00fcnden Do\u00e7. Dr. Eylem Sevin\u00e7 \u0130srail\u2019de bulundu\u011fu esnada tan\u0131\u015ft\u0131\u011f\u0131 T\u00fcrkiyeli bir Yahudi\u2019nin hikayesini payla\u015ft\u0131. 2018\u2019de Tel Aviv \u00dcniversitesi [&hellip;]","og_url":"https:\/\/akunq.net\/tr\/?p=67017","og_site_name":"Bati Ermenistan Ve Bati Ermenileri Sorunlari Ara\u015ftirmalar Merkezi","article_published_time":"2022-02-10T08:16:20+00:00","og_image":[{"width":1536,"height":1140,"url":"https:\/\/akunq.net\/tr\/wp-content\/uploads\/sites\/6\/2022\/02\/Bornova-Yahudi-Mezarl\u0131\u011f\u0131.png","type":"image\/png"}],"author":"admin","twitter_card":"summary_large_image","twitter_misc":{"Written by":"admin","Est. reading time":"4 minutes"},"schema":{"@context":"https:\/\/schema.org","@graph":[{"@type":"Article","@id":"https:\/\/akunq.net\/tr\/?p=67017#article","isPartOf":{"@id":"https:\/\/akunq.net\/tr\/?p=67017"},"author":{"name":"admin","@id":"https:\/\/akunq.net\/tr\/#\/schema\/person\/096f1d38a12cce57fb855b485ed24c9e"},"headline":"Sorumluluk var, M\u00fclkiyet Yok: Bornova Yahudi Mezarl\u0131\u011f\u0131","datePublished":"2022-02-10T08:16:20+00:00","mainEntityOfPage":{"@id":"https:\/\/akunq.net\/tr\/?p=67017"},"wordCount":722,"commentCount":0,"image":{"@id":"https:\/\/akunq.net\/tr\/?p=67017#primaryimage"},"thumbnailUrl":"https:\/\/akunq.net\/tr\/wp-content\/uploads\/sites\/6\/2022\/02\/Bornova-Yahudi-Mezarl\u0131\u011f\u0131.png","articleSection":["Haberler","T\u00fcrkiye\u2019de Az\u0131nl\u0131klar"],"inLanguage":"en-US","potentialAction":[{"@type":"CommentAction","name":"Comment","target":["https:\/\/akunq.net\/tr\/?p=67017#respond"]}]},{"@type":"WebPage","@id":"https:\/\/akunq.net\/tr\/?p=67017","url":"https:\/\/akunq.net\/tr\/?p=67017","name":"Sorumluluk var, M\u00fclkiyet Yok: Bornova Yahudi Mezarl\u0131\u011f\u0131 - Bati Ermenistan Ve Bati Ermenileri Sorunlari Ara\u015ftirmalar Merkezi","isPartOf":{"@id":"https:\/\/akunq.net\/tr\/#website"},"primaryImageOfPage":{"@id":"https:\/\/akunq.net\/tr\/?p=67017#primaryimage"},"image":{"@id":"https:\/\/akunq.net\/tr\/?p=67017#primaryimage"},"thumbnailUrl":"https:\/\/akunq.net\/tr\/wp-content\/uploads\/sites\/6\/2022\/02\/Bornova-Yahudi-Mezarl\u0131\u011f\u0131.png","datePublished":"2022-02-10T08:16:20+00:00","author":{"@id":"https:\/\/akunq.net\/tr\/#\/schema\/person\/096f1d38a12cce57fb855b485ed24c9e"},"breadcrumb":{"@id":"https:\/\/akunq.net\/tr\/?p=67017#breadcrumb"},"inLanguage":"en-US","potentialAction":[{"@type":"ReadAction","target":["https:\/\/akunq.net\/tr\/?p=67017"]}]},{"@type":"ImageObject","inLanguage":"en-US","@id":"https:\/\/akunq.net\/tr\/?p=67017#primaryimage","url":"https:\/\/akunq.net\/tr\/wp-content\/uploads\/sites\/6\/2022\/02\/Bornova-Yahudi-Mezarl\u0131\u011f\u0131.png","contentUrl":"https:\/\/akunq.net\/tr\/wp-content\/uploads\/sites\/6\/2022\/02\/Bornova-Yahudi-Mezarl\u0131\u011f\u0131.png","width":1536,"height":1140},{"@type":"BreadcrumbList","@id":"https:\/\/akunq.net\/tr\/?p=67017#breadcrumb","itemListElement":[{"@type":"ListItem","position":1,"name":"Home","item":"https:\/\/akunq.net\/tr"},{"@type":"ListItem","position":2,"name":"Sorumluluk var, M\u00fclkiyet Yok: Bornova Yahudi Mezarl\u0131\u011f\u0131"}]},{"@type":"WebSite","@id":"https:\/\/akunq.net\/tr\/#website","url":"https:\/\/akunq.net\/tr\/","name":"Bati Ermenistan Ve Bati Ermenileri Sorunlari Ara\u015ftirmalar Merkezi","description":"","potentialAction":[{"@type":"SearchAction","target":{"@type":"EntryPoint","urlTemplate":"https:\/\/akunq.net\/tr\/?s={search_term_string}"},"query-input":{"@type":"PropertyValueSpecification","valueRequired":true,"valueName":"search_term_string"}}],"inLanguage":"en-US"},{"@type":"Person","@id":"https:\/\/akunq.net\/tr\/#\/schema\/person\/096f1d38a12cce57fb855b485ed24c9e","name":"admin","url":"https:\/\/akunq.net\/tr\/?author=7"}]}},"_links":{"self":[{"href":"https:\/\/akunq.net\/tr\/index.php?rest_route=\/wp\/v2\/posts\/67017","targetHints":{"allow":["GET"]}}],"collection":[{"href":"https:\/\/akunq.net\/tr\/index.php?rest_route=\/wp\/v2\/posts"}],"about":[{"href":"https:\/\/akunq.net\/tr\/index.php?rest_route=\/wp\/v2\/types\/post"}],"author":[{"embeddable":true,"href":"https:\/\/akunq.net\/tr\/index.php?rest_route=\/wp\/v2\/users\/7"}],"replies":[{"embeddable":true,"href":"https:\/\/akunq.net\/tr\/index.php?rest_route=%2Fwp%2Fv2%2Fcomments&post=67017"}],"version-history":[{"count":1,"href":"https:\/\/akunq.net\/tr\/index.php?rest_route=\/wp\/v2\/posts\/67017\/revisions"}],"predecessor-version":[{"id":67019,"href":"https:\/\/akunq.net\/tr\/index.php?rest_route=\/wp\/v2\/posts\/67017\/revisions\/67019"}],"wp:featuredmedia":[{"embeddable":true,"href":"https:\/\/akunq.net\/tr\/index.php?rest_route=\/wp\/v2\/media\/67018"}],"wp:attachment":[{"href":"https:\/\/akunq.net\/tr\/index.php?rest_route=%2Fwp%2Fv2%2Fmedia&parent=67017"}],"wp:term":[{"taxonomy":"category","embeddable":true,"href":"https:\/\/akunq.net\/tr\/index.php?rest_route=%2Fwp%2Fv2%2Fcategories&post=67017"},{"taxonomy":"post_tag","embeddable":true,"href":"https:\/\/akunq.net\/tr\/index.php?rest_route=%2Fwp%2Fv2%2Ftags&post=67017"}],"curies":[{"name":"wp","href":"https:\/\/api.w.org\/{rel}","templated":true}]}}