{"id":67013,"date":"2022-02-10T02:46:38","date_gmt":"2022-02-10T07:46:38","guid":{"rendered":"https:\/\/akunq.net\/tr\/?p=67013"},"modified":"2022-02-10T02:46:38","modified_gmt":"2022-02-10T07:46:38","slug":"alevi-dernekleri-federasyonu-cemevlerinin-ibadethane-sayilmasi-ve-fatura-kesilmemesi-icin-yargiya-basvurdu","status":"publish","type":"post","link":"https:\/\/akunq.net\/tr\/?p=67013","title":{"rendered":"Alevi Dernekleri Federasyonu, cemevlerinin ibadethane say\u0131lmas\u0131 ve fatura kesilmemesi i\u00e7in yarg\u0131ya ba\u015fvurdu"},"content":{"rendered":"<p><img loading=\"lazy\" decoding=\"async\" class=\"aligncenter size-medium wp-image-67014\" src=\"https:\/\/akunq.net\/tr\/wp-content\/uploads\/2022\/02\/Alevi-Dernekleri-Federasyonu-1-360x200.jpg\" alt=\"\" width=\"360\" height=\"200\" srcset=\"https:\/\/akunq.net\/tr\/wp-content\/uploads\/sites\/6\/2022\/02\/Alevi-Dernekleri-Federasyonu-1-360x200.jpg 360w, https:\/\/akunq.net\/tr\/wp-content\/uploads\/sites\/6\/2022\/02\/Alevi-Dernekleri-Federasyonu-1-560x311.jpg 560w, https:\/\/akunq.net\/tr\/wp-content\/uploads\/sites\/6\/2022\/02\/Alevi-Dernekleri-Federasyonu-1-260x144.jpg 260w, https:\/\/akunq.net\/tr\/wp-content\/uploads\/sites\/6\/2022\/02\/Alevi-Dernekleri-Federasyonu-1-160x89.jpg 160w, https:\/\/akunq.net\/tr\/wp-content\/uploads\/sites\/6\/2022\/02\/Alevi-Dernekleri-Federasyonu-1.jpg 720w\" sizes=\"auto, (max-width: 360px) 100vw, 360px\" \/><\/p>\n<p><em><strong>Alevi Dernekleri Federasyonu, cemevlerinin ibadethane say\u0131lmas\u0131 ve fatura kesilmemesi i\u00e7in yarg\u0131ya ba\u015fvurdu.<\/strong><\/em><\/p>\n<p>Alevi Dernekleri Federasyonu, Cemevlerinin, ibadethane say\u0131lmas\u0131 ve fatura d\u00fczenlenmemesi i\u00e7in yarg\u0131ya ba\u015fvurdu. Federasyona ba\u011fl\u0131 10 Alevi derne\u011fi, cemevlerinin elektrik faturas\u0131 \u00f6demekten muaf tutulmas\u0131 gerekti\u011finin karar alt\u0131na al\u0131nmas\u0131 amac\u0131yla, asliye hukuk mahkemesinde \u2018menfi tespit davas\u0131\u2019 a\u00e7t\u0131.<\/p>\n<p>Alevi Dernekleri Federasyonu, cemevlerinin, ibadethane say\u0131lmas\u0131 ve fatura d\u00fczenlenmemesi i\u00e7in yarg\u0131ya ba\u015fvurdu. Avukat Nuran Arslaner, \u201cBiz mahkemeden, \u00f6ncelikle \u015fubat ay\u0131 itibar\u0131yla tahakkuk ettirilmi\u015f olan elektrik faturalar\u0131ndan dolay\u0131 cemevlerimizin ibadethanelerimizin bor\u00e7lu olmad\u0131\u011f\u0131n\u0131n tespitini, dolay\u0131s\u0131yla bu faturalar\u0131n \u00f6denmek zorunda kal\u0131nmamas\u0131 gerekti\u011fi ve akabinde bundan sonra d\u00fczenlenecek olan faturalar bak\u0131m\u0131ndan da ibadethane stat\u00fcs\u00fcndeki hi\u00e7bir cemevinin bundan sonra da fatura \u00f6demek zorunda kalmamas\u0131 gerekti\u011fi y\u00f6n\u00fcnde genel bir karar verilmesini talep ediyoruz\u201d dedi.<\/p>\n<p>Alevi Dernekleri Federasyonu, cemevlerinin ticarethane say\u0131larak y\u00fcksek faturalar kesilmesi \u00fczerine \u201cE\u015fit yurtta\u015fl\u0131k haklar\u0131 istiyoruz. Di\u011fer ibadethanelere tan\u0131nan haklar\u0131n cemevlerine de tan\u0131nmas\u0131n\u0131 istiyoruz\u201d diye tepki g\u00f6stermi\u015fti.<\/p>\n<p>Bug\u00fcn de federasyona ba\u011fl\u0131 10 Alevi derne\u011fi, cemevlerinin elektrik faturas\u0131 \u00f6demekten muaf tutulmas\u0131 gerekti\u011finin karar alt\u0131na al\u0131nmas\u0131 amac\u0131yla, asliye hukuk mahkemesinde \u2018menfi tespit davas\u0131\u2019 a\u00e7t\u0131.<\/p>\n<p>Dava dilek\u00e7esini vermeden \u00f6nce de Alevi Dernekleri Federasyonu Ba\u015fkan\u0131 Celal F\u0131rat ve beraberindekiler \u00c7a\u011flayan Adliyesi \u00f6n\u00fcnde bas\u0131n a\u00e7\u0131klamas\u0131 yapt\u0131.<\/p>\n<p>Alevi Dernekleri Federasyonu Ba\u015fkan\u0131 Celal F\u0131rat, \u201cGer\u00e7ekten art\u0131k bu elektrik faturalar\u0131 T\u00fcrkiye meselesi. Adeta her evde yang\u0131n var\u201d dedi. F\u0131rat \u015funlar\u0131 s\u00f6yledi:<\/p>\n<p>\u201c2022 y\u0131l\u0131nda ya\u015farken bu sorunlar\u0131n burada dillendirilmesi bunun hukuksal anlamda tekrar Dan\u0131\u015ftay\u2019\u0131n verdi\u011fi kararlar olsun, A\u0130HM\u2019in verdi\u011fi karar olsun, onlar\u0131 hukuksuz bir \u015fekilde g\u00f6ren bir mant\u0131\u011fa kar\u015f\u0131 dava a\u00e7mam\u0131z bize z\u00fcl geliyor. Biz bu \u00fclkede e\u015fit yurtta\u015fl\u0131k istiyoruz. T\u00fcrkiye\u2019nin her geleninde e\u015fitlik ve yurtta\u015fl\u0131k hizmetleri bizden al\u0131n\u0131yor. Ama gelin g\u00f6r\u00fcn ki cemevlerimize ibadethane stat\u00fcs\u00fc tan\u0131nm\u0131yor. Bu anlamda T\u00fcrkiye\u2019deki her yurtta\u015f\u0131n, her vatanda\u015f\u0131n vicdan\u0131n sesini dinlemelerini arzuluyoruz. T\u00fcrkiye Cumhuriyeti art\u0131k bizlere ikinci s\u0131n\u0131f vatanda\u015f olarak g\u00f6rmekten vazge\u00e7melidir. Aleviler bu \u00fclkenin asli vatanda\u015f\u0131d\u0131r, az\u0131nl\u0131k de\u011fildir. Cemevlerinin hukuksal stat\u00fcs\u00fcn\u00fc Aleviler tan\u0131mlar, devlet de bunu kabul etmeli. Bu ama\u00e7lad\u0131r ki bu hafta sonu b\u00fct\u00fcn Alevi \u00f6rg\u00fctleri cuma g\u00fcn\u00fc bir kararla bug\u00fcnk\u00fc yapt\u0131\u011f\u0131m\u0131z gibi b\u00fct\u00fcn cemevlerimiz mahkeme kap\u0131lar\u0131na gidecek. T\u00fcrkiye\u2019deki b\u00fct\u00fcn kurumsal kimli\u011fi olan kurumlar\u0131m\u0131z bundan sonra hi\u00e7biri faturalar\u0131n\u0131 \u00f6demeyecek. Devlet sorumlulu\u011fundan ka\u00e7mamal\u0131.\u201d<\/p>\n<p>Avukat Nuran Arslaner da Alevi derneklerinin a\u00e7t\u0131klar\u0131 davaya ili\u015fkin \u015fu bilgileri payla\u015ft\u0131:<\/p>\n<p><strong>\u2018H\u0130\u00c7B\u0130R CEMEV\u0130N\u0130N FATURA \u00d6DEMEMES\u0130 Y\u00d6N\u00dcNDE KARAR VER\u0130LMES\u0130N\u0130 TALEP ED\u0130YORUZ\u2019<\/strong><\/p>\n<p>Bug\u00fcn a\u00e7aca\u011f\u0131m\u0131z dava, \u00f6ncelikle bir menfi tespit davas\u0131. Biz mahkemeden, \u00f6ncelikle \u015fubat ay\u0131 itibar\u0131yla tahakkuk ettirilmi\u015f olan elektrik faturalar\u0131ndan dolay\u0131 cemevlerimizin, ibadethanelerimizin bor\u00e7lu olmad\u0131\u011f\u0131n\u0131n tespitini talep ediyoruz. Dolay\u0131s\u0131yla bu faturalar\u0131n \u00f6denmek zorunda kal\u0131nmamas\u0131 gerekti\u011fi ve akabinde bundan sonra d\u00fczenlenecek olan faturalar bak\u0131m\u0131ndan da ibadethane stat\u00fcs\u00fcndeki hi\u00e7bir cemevinin bundan sonra da fatura \u00f6demek zorunda kalmamas\u0131 gerekti\u011fi y\u00f6n\u00fcnde genel bir karar verilmesi talebimiz var. Daha \u00f6nce bu taleple yap\u0131lm\u0131\u015f olan ba\u015fvurular var. Avrupa \u0130nsan Haklar\u0131 Mahkemesi\u2019nin Cem Vakf\u0131 karar\u0131nda oybirli\u011fiyle vermi\u015f oldu\u011fu karar var. Cemevlerinin ibadethane olarak stat\u00fclerinin tan\u0131nmamas\u0131n\u0131n Alevi vatanda\u015flar\u0131 bak\u0131m\u0131ndan ciddi bir ayr\u0131mc\u0131l\u0131k sonucu do\u011furdu\u011fu, inan\u00e7 \u00f6zg\u00fcrl\u00fc\u011f\u00fc, \u00f6rg\u00fctlenme \u00f6zg\u00fcrl\u00fc\u011f\u00fc konular\u0131nda ciddi bir ayr\u0131mc\u0131l\u0131\u011f\u0131n s\u00f6z konusu oldu\u011fu y\u00f6n\u00fcnde verilmi\u015f bir karar var.<\/p>\n<p><strong>\u2018\u0130BADETHANE OLUP OLMADI\u011eI STAT\u00dcS\u00dcN\u00dc BEL\u0130RLEMEK DEVLETE D\u00dc\u015eMEZ\u2019<\/strong><\/p>\n<p>Sadece uluslararas\u0131 mahkemeler, sadece Avrupa \u0130nsan Haklar\u0131 Mahkemesi de\u011fil ayn\u0131 zamanda yerel mahkemelerimiz, Bak\u0131rk\u00f6y 5. Asliye Hukuk Mahkemesi, Yarg\u0131tay 3. Hukuk Dairesi ve Yarg\u0131tay Hukuk Genel Kurulu\u2019nun \u00e7e\u015fitli sebeplerle vermi\u015f oldu\u011fu kararlar var. Bu kararlarda \u00f6zellikle Hukuk Genel Kurulu \u015f\u00f6yle der, \u2018Bir cemevinin ibadethane olup olmad\u0131\u011f\u0131 stat\u00fcs\u00fcn\u00fcn belirlenmesi devlete d\u00fc\u015fmez. Bu g\u00f6rev bu hak devletin de\u011fildir. Ancak orada ibadete giden vatanda\u015flar\u0131n oray\u0131 ibadethane olarak g\u00f6r\u00fcp g\u00f6rmedi\u011fi konusunun dikkate al\u0131nmas\u0131 gerekir.\u2019 Ve bug\u00fcn yapaca\u011f\u0131m\u0131z ba\u015fvuru a\u00e7aca\u011f\u0131m\u0131z davayla birebir ayn\u0131 olan bir dosyada yine Cem Vakf\u0131\u2019n\u0131n ba\u015fvurusuyla verilmi\u015f olan kararda Cem Vakf\u0131\u2019n\u0131n ibadethane oldu\u011fu y\u00f6n\u00fcnde Yarg\u0131tay 3. Hukuk Dairesi\u2019nin verdi\u011fi ve kesinle\u015fmi\u015f olan kararlar s\u00f6z konusu. Bu s\u00fcre\u00e7 i\u00e7erisinde esas\u0131nda idarenin b\u00fct\u00fcn Cem vak\u0131flar\u0131n\u0131n, b\u00fct\u00fcn cemevlerinin stat\u00fcs\u00fcn\u00fcn ibadethane oldu\u011funu kabul\u00fc ile elektrik faturalar\u0131n\u0131n \u00f6denmemesi, idarenin b\u00fct\u00e7esinden \u00f6denmesi y\u00f6n\u00fcnde genel bir uygulamaya gitmesi gerekirken b\u00fct\u00fcn cemevlerini ayr\u0131 ayr\u0131 ba\u015fvuru yapma zorunda b\u0131rakmakta. Bize kalan ba\u015fka hukuki bir yol \u015fu a\u015famada yok. B\u00fct\u00fcn cemevleri ad\u0131na tek tek ba\u015fvurular yaparak faturalar\u0131n \u00f6denmemesi gerekti\u011fi y\u00f6n\u00fcnde kararlar al\u0131nmas\u0131 i\u00e7in elimizden geleni yapaca\u011f\u0131z.<\/p>\n<p>Bug\u00fcn yapt\u0131klar\u0131m\u0131zdan bir tanesinde esas\u0131nda \u00e7ok net bir bi\u00e7imde s\u00f6ylemek istedi\u011fim bir \u015fey var. Ba\u015fak\u015fehir Cemevi\u2019nin stat\u00fcs\u00fc, tahakkuk ettirilen faturada ibadethane olarak ge\u00e7iyor olmas\u0131na ra\u011fmen faturan\u0131n \u00f6denmesi talep ediliyor. \u2018Biz ibadethaneyiz, fatura \u00f6demiyoruz\u2019 demelerine ra\u011fmen bu gerek\u00e7eyle ka\u00e7ak i\u015flemi yap\u0131lm\u0131\u015f ve ayn\u0131 zamanda icra takibi yap\u0131larak hesaplar\u0131na hacizler konmu\u015ftur.<\/p>\n<p>Cemevleri ad\u0131na ortak bas\u0131n a\u00e7\u0131klamas\u0131n\u0131 ise sanat\u00e7\u0131 Arif Sa\u011f\u2019\u0131n sanat\u00e7\u0131 o\u011flu Tolga Sa\u011f yapt\u0131. \u201cBireysel \u00f6zg\u00fcrl\u00fck, vatanda\u015fl\u0131\u011fa dair olan haklar ve \u00f6zg\u00fcrl\u00fcklerden yararlanman\u0131n zeminini olu\u015fturan \u00f6z y\u00f6netimi ifade eder\u201d denilen a\u00e7\u0131klama, \u015f\u00f6yle:<\/p>\n<p>\u201cVatanda\u015fl\u0131\u011f\u0131n yasal, siyasal kimlik boyutlar\u0131n\u0131n besledi\u011fi farkl\u0131 ya da \u00f6rt\u00fc\u015fen aidiyet hislerini ve pratik bak\u0131mdan bireylerin devlet taraf\u0131ndan g\u00f6rd\u00fc\u011f\u00fc sayg\u0131y\u0131 ifade eder. Demokrasiyse toplumun t\u00fcm kesimlerinin, toplumsal refah\u0131n\u0131 art\u0131rmak veya hak talep etmek i\u00e7in bireylerin, sivil topluma kat\u0131lma becerisi \u00fczerine kuruludur. Sivil ya da siyasi faaliyetler kat\u0131l\u0131m\u0131 ise e\u015fit vatanda\u015fl\u0131\u011f\u0131n temel ilkesidir. Meclis\u2019te demokrasi gere\u011fi bir anayasa uzla\u015fma komisyonu kurulmu\u015f, siyasi partilerden e\u015fit say\u0131da temsilci, yeni anayasa yap\u0131m \u00e7al\u0131\u015fmalar\u0131 i\u00e7in \u00e7al\u0131\u015fm\u0131\u015flard\u0131r. Bizleri temsil eden bu siyasi partilerin uzla\u015fma komisyonuna sundu\u011fu anayasa taslaklar\u0131nda vatanda\u015f\u0131n siyasi kimli\u011fi, hukuki stat\u00fcs\u00fc, hak sahipli\u011fi, inanc\u0131, sosyal ve k\u00fclt\u00fcrel kimli\u011fi, kat\u0131l\u0131mc\u0131l\u0131k boyutuyla ele al\u0131nm\u0131\u015ft\u0131r. Alevilerin haklar\u0131n\u0131 da kapsayan bu \u00e7al\u0131\u015fmalar\u0131n Anayasa Komisyonu taraf\u0131ndan tekrar de\u011ferlendirilmesini e\u015fit yurtta\u015fl\u0131k ba\u011flam\u0131nda cemevlerimizin ibadethane say\u0131lmas\u0131n\u0131 talep ediyoruz.<\/p>\n<p>Aleviler az\u0131nl\u0131k de\u011fildir. Bu anlay\u0131\u015f Sel\u00e7uklu, Osmanl\u0131 ve de ne yaz\u0131k ki g\u00fcn\u00fcm\u00fcz cumhuriyetinde S\u00fcnni \u0130slam anlay\u0131\u015f\u0131ndaki zimmetli vatanda\u015f anlay\u0131\u015f\u0131n\u0131n bir tezah\u00fcr\u00fcd\u00fcr. Bu anlay\u0131\u015f Alevilerin inan\u00e7lar\u0131ndan vazge\u00e7erek, S\u00fcnni \u0130slam\u2019\u0131n g\u00f6lgesinde cemaat tebaa ya da grup olarak kalmas\u0131n\u0131 ve vatanda\u015fl\u0131k aidiyetlerinin de S\u00fcnni kimli\u011fe hizmet derecesinde olmas\u0131n\u0131 isteyen bir anlay\u0131\u015ft\u0131r. \u0130\u015fte bu yapay fa\u015fist idealde S\u00fcnni \u00e7o\u011funlu\u011fa hizmet eden bir toplum vard\u0131r. Alevileri ideolojik, siyasi, idari, ekonomik t\u00fcm alanlarda yok say\u0131p varl\u0131klar\u0131n\u0131 S\u00fcnni\u2019ye hizmetle ili\u015fkilendirmek, Fetih\u00e7i Alibelerin adalet d\u00fc\u015f\u00fcncesidir. Bu Nas, s\u00fcnnet ya da t\u00f6re gere\u011fidir. S\u00fcnnili\u011fi yay ve geni\u015flet ideolojisidir. Alevilerden vergi ad\u0131 alt\u0131nda kar\u015f\u0131l\u0131ks\u0131z para alan devlet bu paray\u0131 gelir da\u011f\u0131l\u0131m\u0131n\u0131 kontrol etmek amac\u0131yla ald\u0131\u011f\u0131n\u0131 beyan etmektedir. Ancak harcamalar\u0131 ve finans\u0131 tarafl\u0131 yaparak vergilerimizi S\u00fcnni vatanda\u015flar\u0131n dini gereksinimleri i\u00e7in rahat\u00e7a ve helalmi\u015f gibi kullanmaktad\u0131r<\/p>\n<p><strong>\u2018CEMEVLER\u0130M\u0130ZE DAYATILAN M\u0130LYARLIK FATURALAR B\u0130ZLER\u0130 YILDIRMAYACAK\u2019<\/strong><\/p>\n<p>Alevi toplumunun siyasalla\u015fmas\u0131n\u0131n dinamiklerinde kimlik ve tan\u0131nma taleplerinin merkezinde cemevlerinin inan\u00e7sal haklar\u0131n\u0131n m\u00fccadelesi vard\u0131r. Geldi\u011fimiz s\u00fcre\u00e7te de devlet cemevlerimizi yok sayarak kendisine ideolojik a\u00e7\u0131dan bir toplum yaratma \u00f6zlemi i\u00e7indedir. Bu nedenle Alevilerin ibadet merkezlerini ticarethane olarak g\u00f6r\u00fcyor ve onlar\u0131 mali s\u0131k\u0131nt\u0131larla y\u0131ld\u0131rmaya \u00e7al\u0131\u015f\u0131yor. Ancak denetim ve \u00f6z g\u00fcven kazanan Alevi \u00f6rg\u00fctleri devletten mali kolayl\u0131k yerine Alevi toplumunun haklar\u0131n\u0131 istiyor. Yani e\u015fit vatanda\u015fl\u0131k m\u00fccadelesi veriyor. Ve bundan asla vazge\u00e7meyeceklerdir. Cemevlerimize dayat\u0131lan milyarl\u0131k elektrik, do\u011falgaz ve su faturalar\u0131 bizleri y\u0131ld\u0131rmayacakt\u0131r. Bizler y\u00fczy\u0131llar ibadetimizin cem oldu\u011funu, bunun yerinin de cemevi oldu\u011funu, orucumuzun H\u0131z\u0131r ve Muharrem orucu oldu\u011funu, kendi inan\u00e7sal ilkelerimizin S\u00fcnnilik veya \u015eiilikle hi\u00e7bir ba\u011f\u0131ml\u0131l\u0131\u011f\u0131 olmad\u0131\u011f\u0131n\u0131 vurguluyoruz. Devlet bir inanc\u0131n safiyetine, ger\u00e7ekli\u011fine dokunamaz. Onu tarif edemez. O inanc\u0131n mensuplar\u0131n\u0131 \u00e7e\u015fitli maddi ve manevi bask\u0131larla tehdit edemez.<\/p>\n<p>Suyu ve ayn\u0131 topra\u011f\u0131 karde\u015f\u00e7e payla\u015fan bir toplumu tehdit etmek asl\u0131nda \u00f6z\u00fcn\u00fc tespit etmek demektir. Bizler halk\u0131m\u0131zla payla\u015ft\u0131\u011f\u0131m\u0131z milyar TL\u2019lik elektrik, do\u011falgaz ya da su faturalar\u0131n\u0131 \u00f6demeyece\u011fiz. Bu bir hakt\u0131r \u00f6zg\u00fcrl\u00fck m\u00fccadelesinin bir sembol\u00fcd\u00fcr diyor, hepinize sayg\u0131lar\u0131m\u0131z\u0131 sunuyoruz.\u201d<\/p>\n<p><em>ANKA<\/em><\/p>\n<hr \/>\n<p><em><strong><a href=\"https:\/\/www.birgun.net\/haber\/alevi-dernekleri-federasyonu-cemevlerinin-ibadethane-sayilmasi-ve-fatura-kesilmemesi-icin-yargiya-basvurdu-376544\" target=\"_blank\" rel=\"noopener noreferrer\">BirG\u00fcn Gazetesi<\/a>\u00a0<\/strong><\/em><\/p>\n","protected":false},"excerpt":{"rendered":"<p>Alevi Dernekleri Federasyonu, cemevlerinin ibadethane say\u0131lmas\u0131 ve fatura kesilmemesi i\u00e7in yarg\u0131ya ba\u015fvurdu. Alevi Dernekleri Federasyonu, Cemevlerinin, ibadethane say\u0131lmas\u0131 ve fatura d\u00fczenlenmemesi i\u00e7in yarg\u0131ya ba\u015fvurdu. Federasyona ba\u011fl\u0131 10 Alevi derne\u011fi, cemevlerinin elektrik faturas\u0131 \u00f6demekten muaf tutulmas\u0131 gerekti\u011finin karar alt\u0131na al\u0131nmas\u0131 amac\u0131yla, asliye hukuk mahkemesinde \u2018menfi tespit davas\u0131\u2019 a\u00e7t\u0131. Alevi Dernekleri Federasyonu, cemevlerinin, ibadethane say\u0131lmas\u0131 ve fatura [&hellip;]<\/p>\n","protected":false},"author":7,"featured_media":67014,"comment_status":"open","ping_status":"open","sticky":false,"template":"","format":"standard","meta":{"footnotes":""},"categories":[1,53],"tags":[],"class_list":["post-67013","post","type-post","status-publish","format-standard","has-post-thumbnail","hentry","category-haberler","category-turkiyede-azinliklar"],"yoast_head":"<!-- This site is optimized with the Yoast SEO plugin v27.4 - https:\/\/yoast.com\/product\/yoast-seo-wordpress\/ -->\n<title>Alevi Dernekleri Federasyonu, cemevlerinin ibadethane say\u0131lmas\u0131 ve fatura kesilmemesi i\u00e7in yarg\u0131ya ba\u015fvurdu - Bati Ermenistan Ve Bati Ermenileri Sorunlari Ara\u015ftirmalar Merkezi<\/title>\n<meta name=\"robots\" content=\"index, follow, max-snippet:-1, max-image-preview:large, max-video-preview:-1\" \/>\n<link rel=\"canonical\" href=\"https:\/\/akunq.net\/tr\/?p=67013\" \/>\n<meta property=\"og:locale\" content=\"en_US\" \/>\n<meta property=\"og:type\" content=\"article\" \/>\n<meta property=\"og:title\" content=\"Alevi Dernekleri Federasyonu, cemevlerinin ibadethane say\u0131lmas\u0131 ve fatura kesilmemesi i\u00e7in yarg\u0131ya ba\u015fvurdu - Bati Ermenistan Ve Bati Ermenileri Sorunlari Ara\u015ftirmalar Merkezi\" \/>\n<meta property=\"og:description\" content=\"Alevi Dernekleri Federasyonu, cemevlerinin ibadethane say\u0131lmas\u0131 ve fatura kesilmemesi i\u00e7in yarg\u0131ya ba\u015fvurdu. Alevi Dernekleri Federasyonu, Cemevlerinin, ibadethane say\u0131lmas\u0131 ve fatura d\u00fczenlenmemesi i\u00e7in yarg\u0131ya ba\u015fvurdu. Federasyona ba\u011fl\u0131 10 Alevi derne\u011fi, cemevlerinin elektrik faturas\u0131 \u00f6demekten muaf tutulmas\u0131 gerekti\u011finin karar alt\u0131na al\u0131nmas\u0131 amac\u0131yla, asliye hukuk mahkemesinde \u2018menfi tespit davas\u0131\u2019 a\u00e7t\u0131. Alevi Dernekleri Federasyonu, cemevlerinin, ibadethane say\u0131lmas\u0131 ve fatura [&hellip;]\" \/>\n<meta property=\"og:url\" content=\"https:\/\/akunq.net\/tr\/?p=67013\" \/>\n<meta property=\"og:site_name\" content=\"Bati Ermenistan Ve Bati Ermenileri Sorunlari Ara\u015ftirmalar Merkezi\" \/>\n<meta property=\"article:published_time\" content=\"2022-02-10T07:46:38+00:00\" \/>\n<meta property=\"og:image\" content=\"https:\/\/akunq.net\/tr\/wp-content\/uploads\/sites\/6\/2022\/02\/Alevi-Dernekleri-Federasyonu-1.jpg\" \/>\n\t<meta property=\"og:image:width\" content=\"720\" \/>\n\t<meta property=\"og:image:height\" content=\"400\" \/>\n\t<meta property=\"og:image:type\" content=\"image\/jpeg\" \/>\n<meta name=\"author\" content=\"admin\" \/>\n<meta name=\"twitter:card\" content=\"summary_large_image\" \/>\n<meta name=\"twitter:label1\" content=\"Written by\" \/>\n\t<meta name=\"twitter:data1\" content=\"admin\" \/>\n\t<meta name=\"twitter:label2\" content=\"Est. reading time\" \/>\n\t<meta name=\"twitter:data2\" content=\"8 minutes\" \/>\n<script type=\"application\/ld+json\" class=\"yoast-schema-graph\">{\"@context\":\"https:\\\/\\\/schema.org\",\"@graph\":[{\"@type\":\"Article\",\"@id\":\"https:\\\/\\\/akunq.net\\\/tr\\\/?p=67013#article\",\"isPartOf\":{\"@id\":\"https:\\\/\\\/akunq.net\\\/tr\\\/?p=67013\"},\"author\":{\"name\":\"admin\",\"@id\":\"https:\\\/\\\/akunq.net\\\/tr\\\/#\\\/schema\\\/person\\\/096f1d38a12cce57fb855b485ed24c9e\"},\"headline\":\"Alevi Dernekleri Federasyonu, cemevlerinin ibadethane say\u0131lmas\u0131 ve fatura kesilmemesi i\u00e7in yarg\u0131ya ba\u015fvurdu\",\"datePublished\":\"2022-02-10T07:46:38+00:00\",\"mainEntityOfPage\":{\"@id\":\"https:\\\/\\\/akunq.net\\\/tr\\\/?p=67013\"},\"wordCount\":1685,\"commentCount\":0,\"image\":{\"@id\":\"https:\\\/\\\/akunq.net\\\/tr\\\/?p=67013#primaryimage\"},\"thumbnailUrl\":\"https:\\\/\\\/akunq.net\\\/tr\\\/wp-content\\\/uploads\\\/sites\\\/6\\\/2022\\\/02\\\/Alevi-Dernekleri-Federasyonu-1.jpg\",\"articleSection\":[\"Haberler\",\"T\u00fcrkiye\u2019de Az\u0131nl\u0131klar\"],\"inLanguage\":\"en-US\",\"potentialAction\":[{\"@type\":\"CommentAction\",\"name\":\"Comment\",\"target\":[\"https:\\\/\\\/akunq.net\\\/tr\\\/?p=67013#respond\"]}]},{\"@type\":\"WebPage\",\"@id\":\"https:\\\/\\\/akunq.net\\\/tr\\\/?p=67013\",\"url\":\"https:\\\/\\\/akunq.net\\\/tr\\\/?p=67013\",\"name\":\"Alevi Dernekleri Federasyonu, cemevlerinin ibadethane say\u0131lmas\u0131 ve fatura kesilmemesi i\u00e7in yarg\u0131ya ba\u015fvurdu - Bati Ermenistan Ve Bati Ermenileri Sorunlari Ara\u015ftirmalar Merkezi\",\"isPartOf\":{\"@id\":\"https:\\\/\\\/akunq.net\\\/tr\\\/#website\"},\"primaryImageOfPage\":{\"@id\":\"https:\\\/\\\/akunq.net\\\/tr\\\/?p=67013#primaryimage\"},\"image\":{\"@id\":\"https:\\\/\\\/akunq.net\\\/tr\\\/?p=67013#primaryimage\"},\"thumbnailUrl\":\"https:\\\/\\\/akunq.net\\\/tr\\\/wp-content\\\/uploads\\\/sites\\\/6\\\/2022\\\/02\\\/Alevi-Dernekleri-Federasyonu-1.jpg\",\"datePublished\":\"2022-02-10T07:46:38+00:00\",\"author\":{\"@id\":\"https:\\\/\\\/akunq.net\\\/tr\\\/#\\\/schema\\\/person\\\/096f1d38a12cce57fb855b485ed24c9e\"},\"breadcrumb\":{\"@id\":\"https:\\\/\\\/akunq.net\\\/tr\\\/?p=67013#breadcrumb\"},\"inLanguage\":\"en-US\",\"potentialAction\":[{\"@type\":\"ReadAction\",\"target\":[\"https:\\\/\\\/akunq.net\\\/tr\\\/?p=67013\"]}]},{\"@type\":\"ImageObject\",\"inLanguage\":\"en-US\",\"@id\":\"https:\\\/\\\/akunq.net\\\/tr\\\/?p=67013#primaryimage\",\"url\":\"https:\\\/\\\/akunq.net\\\/tr\\\/wp-content\\\/uploads\\\/sites\\\/6\\\/2022\\\/02\\\/Alevi-Dernekleri-Federasyonu-1.jpg\",\"contentUrl\":\"https:\\\/\\\/akunq.net\\\/tr\\\/wp-content\\\/uploads\\\/sites\\\/6\\\/2022\\\/02\\\/Alevi-Dernekleri-Federasyonu-1.jpg\",\"width\":720,\"height\":400},{\"@type\":\"BreadcrumbList\",\"@id\":\"https:\\\/\\\/akunq.net\\\/tr\\\/?p=67013#breadcrumb\",\"itemListElement\":[{\"@type\":\"ListItem\",\"position\":1,\"name\":\"Home\",\"item\":\"https:\\\/\\\/akunq.net\\\/tr\"},{\"@type\":\"ListItem\",\"position\":2,\"name\":\"Alevi Dernekleri Federasyonu, cemevlerinin ibadethane say\u0131lmas\u0131 ve fatura kesilmemesi i\u00e7in yarg\u0131ya ba\u015fvurdu\"}]},{\"@type\":\"WebSite\",\"@id\":\"https:\\\/\\\/akunq.net\\\/tr\\\/#website\",\"url\":\"https:\\\/\\\/akunq.net\\\/tr\\\/\",\"name\":\"Bati Ermenistan Ve Bati Ermenileri Sorunlari Ara\u015ftirmalar Merkezi\",\"description\":\"\",\"potentialAction\":[{\"@type\":\"SearchAction\",\"target\":{\"@type\":\"EntryPoint\",\"urlTemplate\":\"https:\\\/\\\/akunq.net\\\/tr\\\/?s={search_term_string}\"},\"query-input\":{\"@type\":\"PropertyValueSpecification\",\"valueRequired\":true,\"valueName\":\"search_term_string\"}}],\"inLanguage\":\"en-US\"},{\"@type\":\"Person\",\"@id\":\"https:\\\/\\\/akunq.net\\\/tr\\\/#\\\/schema\\\/person\\\/096f1d38a12cce57fb855b485ed24c9e\",\"name\":\"admin\",\"url\":\"https:\\\/\\\/akunq.net\\\/tr\\\/?author=7\"}]}<\/script>\n<!-- \/ Yoast SEO plugin. -->","yoast_head_json":{"title":"Alevi Dernekleri Federasyonu, cemevlerinin ibadethane say\u0131lmas\u0131 ve fatura kesilmemesi i\u00e7in yarg\u0131ya ba\u015fvurdu - Bati Ermenistan Ve Bati Ermenileri Sorunlari Ara\u015ftirmalar Merkezi","robots":{"index":"index","follow":"follow","max-snippet":"max-snippet:-1","max-image-preview":"max-image-preview:large","max-video-preview":"max-video-preview:-1"},"canonical":"https:\/\/akunq.net\/tr\/?p=67013","og_locale":"en_US","og_type":"article","og_title":"Alevi Dernekleri Federasyonu, cemevlerinin ibadethane say\u0131lmas\u0131 ve fatura kesilmemesi i\u00e7in yarg\u0131ya ba\u015fvurdu - Bati Ermenistan Ve Bati Ermenileri Sorunlari Ara\u015ftirmalar Merkezi","og_description":"Alevi Dernekleri Federasyonu, cemevlerinin ibadethane say\u0131lmas\u0131 ve fatura kesilmemesi i\u00e7in yarg\u0131ya ba\u015fvurdu. Alevi Dernekleri Federasyonu, Cemevlerinin, ibadethane say\u0131lmas\u0131 ve fatura d\u00fczenlenmemesi i\u00e7in yarg\u0131ya ba\u015fvurdu. Federasyona ba\u011fl\u0131 10 Alevi derne\u011fi, cemevlerinin elektrik faturas\u0131 \u00f6demekten muaf tutulmas\u0131 gerekti\u011finin karar alt\u0131na al\u0131nmas\u0131 amac\u0131yla, asliye hukuk mahkemesinde \u2018menfi tespit davas\u0131\u2019 a\u00e7t\u0131. Alevi Dernekleri Federasyonu, cemevlerinin, ibadethane say\u0131lmas\u0131 ve fatura [&hellip;]","og_url":"https:\/\/akunq.net\/tr\/?p=67013","og_site_name":"Bati Ermenistan Ve Bati Ermenileri Sorunlari Ara\u015ftirmalar Merkezi","article_published_time":"2022-02-10T07:46:38+00:00","og_image":[{"width":720,"height":400,"url":"https:\/\/akunq.net\/tr\/wp-content\/uploads\/sites\/6\/2022\/02\/Alevi-Dernekleri-Federasyonu-1.jpg","type":"image\/jpeg"}],"author":"admin","twitter_card":"summary_large_image","twitter_misc":{"Written by":"admin","Est. reading time":"8 minutes"},"schema":{"@context":"https:\/\/schema.org","@graph":[{"@type":"Article","@id":"https:\/\/akunq.net\/tr\/?p=67013#article","isPartOf":{"@id":"https:\/\/akunq.net\/tr\/?p=67013"},"author":{"name":"admin","@id":"https:\/\/akunq.net\/tr\/#\/schema\/person\/096f1d38a12cce57fb855b485ed24c9e"},"headline":"Alevi Dernekleri Federasyonu, cemevlerinin ibadethane say\u0131lmas\u0131 ve fatura kesilmemesi i\u00e7in yarg\u0131ya ba\u015fvurdu","datePublished":"2022-02-10T07:46:38+00:00","mainEntityOfPage":{"@id":"https:\/\/akunq.net\/tr\/?p=67013"},"wordCount":1685,"commentCount":0,"image":{"@id":"https:\/\/akunq.net\/tr\/?p=67013#primaryimage"},"thumbnailUrl":"https:\/\/akunq.net\/tr\/wp-content\/uploads\/sites\/6\/2022\/02\/Alevi-Dernekleri-Federasyonu-1.jpg","articleSection":["Haberler","T\u00fcrkiye\u2019de Az\u0131nl\u0131klar"],"inLanguage":"en-US","potentialAction":[{"@type":"CommentAction","name":"Comment","target":["https:\/\/akunq.net\/tr\/?p=67013#respond"]}]},{"@type":"WebPage","@id":"https:\/\/akunq.net\/tr\/?p=67013","url":"https:\/\/akunq.net\/tr\/?p=67013","name":"Alevi Dernekleri Federasyonu, cemevlerinin ibadethane say\u0131lmas\u0131 ve fatura kesilmemesi i\u00e7in yarg\u0131ya ba\u015fvurdu - Bati Ermenistan Ve Bati Ermenileri Sorunlari Ara\u015ftirmalar Merkezi","isPartOf":{"@id":"https:\/\/akunq.net\/tr\/#website"},"primaryImageOfPage":{"@id":"https:\/\/akunq.net\/tr\/?p=67013#primaryimage"},"image":{"@id":"https:\/\/akunq.net\/tr\/?p=67013#primaryimage"},"thumbnailUrl":"https:\/\/akunq.net\/tr\/wp-content\/uploads\/sites\/6\/2022\/02\/Alevi-Dernekleri-Federasyonu-1.jpg","datePublished":"2022-02-10T07:46:38+00:00","author":{"@id":"https:\/\/akunq.net\/tr\/#\/schema\/person\/096f1d38a12cce57fb855b485ed24c9e"},"breadcrumb":{"@id":"https:\/\/akunq.net\/tr\/?p=67013#breadcrumb"},"inLanguage":"en-US","potentialAction":[{"@type":"ReadAction","target":["https:\/\/akunq.net\/tr\/?p=67013"]}]},{"@type":"ImageObject","inLanguage":"en-US","@id":"https:\/\/akunq.net\/tr\/?p=67013#primaryimage","url":"https:\/\/akunq.net\/tr\/wp-content\/uploads\/sites\/6\/2022\/02\/Alevi-Dernekleri-Federasyonu-1.jpg","contentUrl":"https:\/\/akunq.net\/tr\/wp-content\/uploads\/sites\/6\/2022\/02\/Alevi-Dernekleri-Federasyonu-1.jpg","width":720,"height":400},{"@type":"BreadcrumbList","@id":"https:\/\/akunq.net\/tr\/?p=67013#breadcrumb","itemListElement":[{"@type":"ListItem","position":1,"name":"Home","item":"https:\/\/akunq.net\/tr"},{"@type":"ListItem","position":2,"name":"Alevi Dernekleri Federasyonu, cemevlerinin ibadethane say\u0131lmas\u0131 ve fatura kesilmemesi i\u00e7in yarg\u0131ya ba\u015fvurdu"}]},{"@type":"WebSite","@id":"https:\/\/akunq.net\/tr\/#website","url":"https:\/\/akunq.net\/tr\/","name":"Bati Ermenistan Ve Bati Ermenileri Sorunlari Ara\u015ftirmalar Merkezi","description":"","potentialAction":[{"@type":"SearchAction","target":{"@type":"EntryPoint","urlTemplate":"https:\/\/akunq.net\/tr\/?s={search_term_string}"},"query-input":{"@type":"PropertyValueSpecification","valueRequired":true,"valueName":"search_term_string"}}],"inLanguage":"en-US"},{"@type":"Person","@id":"https:\/\/akunq.net\/tr\/#\/schema\/person\/096f1d38a12cce57fb855b485ed24c9e","name":"admin","url":"https:\/\/akunq.net\/tr\/?author=7"}]}},"_links":{"self":[{"href":"https:\/\/akunq.net\/tr\/index.php?rest_route=\/wp\/v2\/posts\/67013","targetHints":{"allow":["GET"]}}],"collection":[{"href":"https:\/\/akunq.net\/tr\/index.php?rest_route=\/wp\/v2\/posts"}],"about":[{"href":"https:\/\/akunq.net\/tr\/index.php?rest_route=\/wp\/v2\/types\/post"}],"author":[{"embeddable":true,"href":"https:\/\/akunq.net\/tr\/index.php?rest_route=\/wp\/v2\/users\/7"}],"replies":[{"embeddable":true,"href":"https:\/\/akunq.net\/tr\/index.php?rest_route=%2Fwp%2Fv2%2Fcomments&post=67013"}],"version-history":[{"count":1,"href":"https:\/\/akunq.net\/tr\/index.php?rest_route=\/wp\/v2\/posts\/67013\/revisions"}],"predecessor-version":[{"id":67015,"href":"https:\/\/akunq.net\/tr\/index.php?rest_route=\/wp\/v2\/posts\/67013\/revisions\/67015"}],"wp:featuredmedia":[{"embeddable":true,"href":"https:\/\/akunq.net\/tr\/index.php?rest_route=\/wp\/v2\/media\/67014"}],"wp:attachment":[{"href":"https:\/\/akunq.net\/tr\/index.php?rest_route=%2Fwp%2Fv2%2Fmedia&parent=67013"}],"wp:term":[{"taxonomy":"category","embeddable":true,"href":"https:\/\/akunq.net\/tr\/index.php?rest_route=%2Fwp%2Fv2%2Fcategories&post=67013"},{"taxonomy":"post_tag","embeddable":true,"href":"https:\/\/akunq.net\/tr\/index.php?rest_route=%2Fwp%2Fv2%2Ftags&post=67013"}],"curies":[{"name":"wp","href":"https:\/\/api.w.org\/{rel}","templated":true}]}}