{"id":67000,"date":"2022-02-09T03:12:12","date_gmt":"2022-02-09T08:12:12","guid":{"rendered":"https:\/\/akunq.net\/tr\/?p=67000"},"modified":"2022-02-09T03:12:12","modified_gmt":"2022-02-09T08:12:12","slug":"garo-paylan-muhalifler-yahudiler-gibi-yok-edilmeli-diyenlere-suc-duyurusunda-bulunuyor-2022-02-08","status":"publish","type":"post","link":"https:\/\/akunq.net\/tr\/?p=67000","title":{"rendered":"Garo Paylan \u2018Muhalifler Yahudiler Gibi Yok Edilmeli\u2019 Diyenlere Su\u00e7 Duyurusunda Bulunuyor 2022-02-08"},"content":{"rendered":"<p><img loading=\"lazy\" decoding=\"async\" class=\"aligncenter size-medium wp-image-67001\" src=\"https:\/\/akunq.net\/tr\/wp-content\/uploads\/2022\/02\/Paylan-Yahudiler-244x270.png\" alt=\"\" width=\"244\" height=\"270\" srcset=\"https:\/\/akunq.net\/tr\/wp-content\/uploads\/sites\/6\/2022\/02\/Paylan-Yahudiler-244x270.png 244w, https:\/\/akunq.net\/tr\/wp-content\/uploads\/sites\/6\/2022\/02\/Paylan-Yahudiler-768x851.png 768w, https:\/\/akunq.net\/tr\/wp-content\/uploads\/sites\/6\/2022\/02\/Paylan-Yahudiler-560x620.png 560w, https:\/\/akunq.net\/tr\/wp-content\/uploads\/sites\/6\/2022\/02\/Paylan-Yahudiler-260x288.png 260w, https:\/\/akunq.net\/tr\/wp-content\/uploads\/sites\/6\/2022\/02\/Paylan-Yahudiler-160x177.png 160w, https:\/\/akunq.net\/tr\/wp-content\/uploads\/sites\/6\/2022\/02\/Paylan-Yahudiler.png 1186w\" sizes=\"auto, (max-width: 244px) 100vw, 244px\" \/><\/p>\n<p><strong><em>\u2018Hitler Yahudilerin k\u00f6k\u00fcn\u00fc kesmedi\u011fi i\u00e7in \u00e7ok k\u00f6t\u00fc bir \u015fey yapm\u0131\u015f. Onlar\u0131n k\u00f6k\u00fcn\u00fc tamamen kesmeliydi. Yapm\u0131\u015fken temiz i\u015f olacak yani.\u2019<\/em><\/strong><\/p>\n<p>Bu c\u00fcmle \u0130sve\u00e7\u2019te, Stockholm\u2019de ya\u015fayan bir T\u00fcrkiye vatanda\u015f\u0131 taraf\u0131ndan Twitter sesli odas\u0131nda sarf edilmi\u015f ve ba\u015fka bir kullan\u0131c\u0131 taraf\u0131ndan kaydedilmi\u015f. A\u00e7\u0131lan sanal odada konu\u015fan Melek adl\u0131 ki\u015fi (kullan\u0131c\u0131 ad\u0131 de\u011fi\u015ftirilmi\u015f) Nazilerin soyk\u0131r\u0131m\u0131n\u0131n hakl\u0131 bir \u015fey oldu\u011funu, Yahudileri tamamen yok edememesinin ise eksiklik oldu\u011funu s\u00f6yl\u00fcyor.<\/p>\n<p>Konu\u015fman\u0131n ba\u011flam\u0131 ise T\u00fcrkiye\u2019de h\u00fck\u00fcmete muhalif olanlara ne yap\u0131lmas\u0131 gerekti\u011fi. Holokost \u00f6ven \u015fah\u0131s ayn\u0131 metodlar\u0131n \u2013 zehirli gaz odalar\u0131, hayvan vagonlar\u0131yla tehcir, f\u0131r\u0131nlarda yakma \u2013 T\u00fcrkiye\u2019de muhalifler \u00fczerinde kullan\u0131lmas\u0131n\u0131 sal\u0131k veriyor. Aylin adl\u0131 bir kullan\u0131c\u0131 da Yahudilerin tamamen yok edilmesine konusunda ke\u015fke diyor. Ancak \u2018soyk\u0131r\u0131lmas\u0131 gerekenlerin\u2019 listesini Yahudilerle s\u0131n\u0131rl\u0131 da tutmuyor, Hristiyanlar\u0131 da dahil ediyor.<\/p>\n<figure class=\"wp-block-embed is-type-rich is-provider-twitter wp-block-embed-twitter\">\n<div class=\"wp-block-embed__wrapper\">\n<div class=\"twitter-tweet twitter-tweet-rendered\"><iframe id=\"twitter-widget-0\" class=\"\" title=\"Twitter Tweet\" src=\"https:\/\/platform.twitter.com\/embed\/Tweet.html?creatorScreenName=HyeTert&amp;dnt=true&amp;embedId=twitter-widget-0&amp;features=eyJ0ZndfZXhwZXJpbWVudHNfY29va2llX2V4cGlyYXRpb24iOnsiYnVja2V0IjoxMjA5NjAwLCJ2ZXJzaW9uIjpudWxsfSwidGZ3X2hvcml6b25fdHdlZXRfZW1iZWRfOTU1NSI6eyJidWNrZXQiOiJodGUiLCJ2ZXJzaW9uIjpudWxsfSwidGZ3X3NwYWNlX2NhcmQiOnsiYnVja2V0Ijoib2ZmIiwidmVyc2lvbiI6bnVsbH19&amp;frame=false&amp;hideCard=false&amp;hideThread=false&amp;id=1490956518463721474&amp;lang=tr&amp;origin=https%3A%2F%2Fhyetert.org%2F2022%2F02%2F08%2Fgaro-paylan-muhalifler-yahudiler-gibi-yok-edilmeli-diyenlere-suc-duyurusunda-bulunuyor%2F&amp;sessionId=959856653c14f8fb343fcbe4e9e1da84c30bc857&amp;siteScreenName=HyeTert&amp;theme=light&amp;widgetsVersion=0a8eea3%3A1643743420422&amp;width=500px\" frameborder=\"0\" scrolling=\"no\" allowfullscreen=\"allowfullscreen\" data-tweet-id=\"1490956518463721474\" data-mce-fragment=\"1\"><\/iframe><\/div>\n<\/div>\n<\/figure>\n<p>Bu \u015fah\u0131s ve onu dinleyip onaylayanlara sosyal medyada artan bir tepki var. Bu tepkiyle beraber harekete ge\u00e7en HDP Diyarbak\u0131r milletvekili Garo Paylan muhaliflere soyk\u0131r\u0131m \u00e7a\u011fr\u0131s\u0131nda bulunan \u015fah\u0131slar hakk\u0131nda su\u00e7 duyurusunda bulunaca\u011f\u0131n\u0131 a\u00e7\u0131klad\u0131.<\/p>\n<figure class=\"wp-block-embed is-type-rich is-provider-twitter wp-block-embed-twitter\">\n<div class=\"wp-block-embed__wrapper\">\n<div class=\"twitter-tweet twitter-tweet-rendered\"><iframe id=\"twitter-widget-1\" class=\"\" title=\"Twitter Tweet\" src=\"https:\/\/platform.twitter.com\/embed\/Tweet.html?creatorScreenName=HyeTert&amp;dnt=true&amp;embedId=twitter-widget-1&amp;features=eyJ0ZndfZXhwZXJpbWVudHNfY29va2llX2V4cGlyYXRpb24iOnsiYnVja2V0IjoxMjA5NjAwLCJ2ZXJzaW9uIjpudWxsfSwidGZ3X2hvcml6b25fdHdlZXRfZW1iZWRfOTU1NSI6eyJidWNrZXQiOiJodGUiLCJ2ZXJzaW9uIjpudWxsfSwidGZ3X3NwYWNlX2NhcmQiOnsiYnVja2V0Ijoib2ZmIiwidmVyc2lvbiI6bnVsbH19&amp;frame=false&amp;hideCard=false&amp;hideThread=false&amp;id=1491079704535007233&amp;lang=tr&amp;origin=https%3A%2F%2Fhyetert.org%2F2022%2F02%2F08%2Fgaro-paylan-muhalifler-yahudiler-gibi-yok-edilmeli-diyenlere-suc-duyurusunda-bulunuyor%2F&amp;sessionId=959856653c14f8fb343fcbe4e9e1da84c30bc857&amp;siteScreenName=HyeTert&amp;theme=light&amp;widgetsVersion=0a8eea3%3A1643743420422&amp;width=500px\" frameborder=\"0\" scrolling=\"no\" allowfullscreen=\"allowfullscreen\" data-tweet-id=\"1491079704535007233\" data-mce-fragment=\"1\"><\/iframe><\/div>\n<\/div>\n<\/figure>\n<p><strong><em><a href=\"https:\/\/www.avlaremoz.com\/2022\/02\/08\/garo-paylan-muhalifler-yahudiler-gibi-yok-edilmeli-diyenlere-suc-duyurusunda-bulunuyor\/\">https:\/\/www.avlaremoz.com\/2022\/02\/08\/garo-paylan-muhalifler-yahudiler-gibi-yok-edilmeli-diyenlere-suc-duyurusunda-bulunuyor\/<\/a>\u00a0<\/em><\/strong><\/p>\n","protected":false},"excerpt":{"rendered":"<p>\u2018Hitler Yahudilerin k\u00f6k\u00fcn\u00fc kesmedi\u011fi i\u00e7in \u00e7ok k\u00f6t\u00fc bir \u015fey yapm\u0131\u015f. Onlar\u0131n k\u00f6k\u00fcn\u00fc tamamen kesmeliydi. Yapm\u0131\u015fken temiz i\u015f olacak yani.\u2019 Bu c\u00fcmle \u0130sve\u00e7\u2019te, Stockholm\u2019de ya\u015fayan bir T\u00fcrkiye vatanda\u015f\u0131 taraf\u0131ndan Twitter sesli odas\u0131nda sarf edilmi\u015f ve ba\u015fka bir kullan\u0131c\u0131 taraf\u0131ndan kaydedilmi\u015f. A\u00e7\u0131lan sanal odada konu\u015fan Melek adl\u0131 ki\u015fi (kullan\u0131c\u0131 ad\u0131 de\u011fi\u015ftirilmi\u015f) Nazilerin soyk\u0131r\u0131m\u0131n\u0131n hakl\u0131 bir \u015fey oldu\u011funu, [&hellip;]<\/p>\n","protected":false},"author":7,"featured_media":67001,"comment_status":"open","ping_status":"open","sticky":false,"template":"","format":"standard","meta":{"footnotes":""},"categories":[1,53],"tags":[],"class_list":["post-67000","post","type-post","status-publish","format-standard","has-post-thumbnail","hentry","category-haberler","category-turkiyede-azinliklar"],"yoast_head":"<!-- This site is optimized with the Yoast SEO plugin v27.4 - https:\/\/yoast.com\/product\/yoast-seo-wordpress\/ -->\n<title>Garo Paylan \u2018Muhalifler Yahudiler Gibi Yok Edilmeli\u2019 Diyenlere Su\u00e7 Duyurusunda Bulunuyor 2022-02-08 - Bati Ermenistan Ve Bati Ermenileri Sorunlari Ara\u015ftirmalar Merkezi<\/title>\n<meta name=\"robots\" content=\"index, follow, max-snippet:-1, max-image-preview:large, max-video-preview:-1\" \/>\n<link rel=\"canonical\" href=\"https:\/\/akunq.net\/tr\/?p=67000\" \/>\n<meta property=\"og:locale\" content=\"en_US\" \/>\n<meta property=\"og:type\" content=\"article\" \/>\n<meta property=\"og:title\" content=\"Garo Paylan \u2018Muhalifler Yahudiler Gibi Yok Edilmeli\u2019 Diyenlere Su\u00e7 Duyurusunda Bulunuyor 2022-02-08 - Bati Ermenistan Ve Bati Ermenileri Sorunlari Ara\u015ftirmalar Merkezi\" \/>\n<meta property=\"og:description\" content=\"\u2018Hitler Yahudilerin k\u00f6k\u00fcn\u00fc kesmedi\u011fi i\u00e7in \u00e7ok k\u00f6t\u00fc bir \u015fey yapm\u0131\u015f. Onlar\u0131n k\u00f6k\u00fcn\u00fc tamamen kesmeliydi. Yapm\u0131\u015fken temiz i\u015f olacak yani.\u2019 Bu c\u00fcmle \u0130sve\u00e7\u2019te, Stockholm\u2019de ya\u015fayan bir T\u00fcrkiye vatanda\u015f\u0131 taraf\u0131ndan Twitter sesli odas\u0131nda sarf edilmi\u015f ve ba\u015fka bir kullan\u0131c\u0131 taraf\u0131ndan kaydedilmi\u015f. A\u00e7\u0131lan sanal odada konu\u015fan Melek adl\u0131 ki\u015fi (kullan\u0131c\u0131 ad\u0131 de\u011fi\u015ftirilmi\u015f) Nazilerin soyk\u0131r\u0131m\u0131n\u0131n hakl\u0131 bir \u015fey oldu\u011funu, [&hellip;]\" \/>\n<meta property=\"og:url\" content=\"https:\/\/akunq.net\/tr\/?p=67000\" \/>\n<meta property=\"og:site_name\" content=\"Bati Ermenistan Ve Bati Ermenileri Sorunlari Ara\u015ftirmalar Merkezi\" \/>\n<meta property=\"article:published_time\" content=\"2022-02-09T08:12:12+00:00\" \/>\n<meta property=\"og:image\" content=\"https:\/\/akunq.net\/tr\/wp-content\/uploads\/sites\/6\/2022\/02\/Paylan-Yahudiler.png\" \/>\n\t<meta property=\"og:image:width\" content=\"1186\" \/>\n\t<meta property=\"og:image:height\" content=\"1314\" \/>\n\t<meta property=\"og:image:type\" content=\"image\/png\" \/>\n<meta name=\"author\" content=\"admin\" \/>\n<meta name=\"twitter:card\" content=\"summary_large_image\" \/>\n<meta name=\"twitter:label1\" content=\"Written by\" \/>\n\t<meta name=\"twitter:data1\" content=\"admin\" \/>\n\t<meta name=\"twitter:label2\" content=\"Est. reading time\" \/>\n\t<meta name=\"twitter:data2\" content=\"1 minute\" \/>\n<script type=\"application\/ld+json\" class=\"yoast-schema-graph\">{\"@context\":\"https:\\\/\\\/schema.org\",\"@graph\":[{\"@type\":\"Article\",\"@id\":\"https:\\\/\\\/akunq.net\\\/tr\\\/?p=67000#article\",\"isPartOf\":{\"@id\":\"https:\\\/\\\/akunq.net\\\/tr\\\/?p=67000\"},\"author\":{\"name\":\"admin\",\"@id\":\"https:\\\/\\\/akunq.net\\\/tr\\\/#\\\/schema\\\/person\\\/096f1d38a12cce57fb855b485ed24c9e\"},\"headline\":\"Garo Paylan \u2018Muhalifler Yahudiler Gibi Yok Edilmeli\u2019 Diyenlere Su\u00e7 Duyurusunda Bulunuyor 2022-02-08\",\"datePublished\":\"2022-02-09T08:12:12+00:00\",\"mainEntityOfPage\":{\"@id\":\"https:\\\/\\\/akunq.net\\\/tr\\\/?p=67000\"},\"wordCount\":236,\"commentCount\":0,\"image\":{\"@id\":\"https:\\\/\\\/akunq.net\\\/tr\\\/?p=67000#primaryimage\"},\"thumbnailUrl\":\"https:\\\/\\\/akunq.net\\\/tr\\\/wp-content\\\/uploads\\\/sites\\\/6\\\/2022\\\/02\\\/Paylan-Yahudiler.png\",\"articleSection\":[\"Haberler\",\"T\u00fcrkiye\u2019de Az\u0131nl\u0131klar\"],\"inLanguage\":\"en-US\",\"potentialAction\":[{\"@type\":\"CommentAction\",\"name\":\"Comment\",\"target\":[\"https:\\\/\\\/akunq.net\\\/tr\\\/?p=67000#respond\"]}]},{\"@type\":\"WebPage\",\"@id\":\"https:\\\/\\\/akunq.net\\\/tr\\\/?p=67000\",\"url\":\"https:\\\/\\\/akunq.net\\\/tr\\\/?p=67000\",\"name\":\"Garo Paylan \u2018Muhalifler Yahudiler Gibi Yok Edilmeli\u2019 Diyenlere Su\u00e7 Duyurusunda Bulunuyor 2022-02-08 - Bati Ermenistan Ve Bati Ermenileri Sorunlari Ara\u015ftirmalar Merkezi\",\"isPartOf\":{\"@id\":\"https:\\\/\\\/akunq.net\\\/tr\\\/#website\"},\"primaryImageOfPage\":{\"@id\":\"https:\\\/\\\/akunq.net\\\/tr\\\/?p=67000#primaryimage\"},\"image\":{\"@id\":\"https:\\\/\\\/akunq.net\\\/tr\\\/?p=67000#primaryimage\"},\"thumbnailUrl\":\"https:\\\/\\\/akunq.net\\\/tr\\\/wp-content\\\/uploads\\\/sites\\\/6\\\/2022\\\/02\\\/Paylan-Yahudiler.png\",\"datePublished\":\"2022-02-09T08:12:12+00:00\",\"author\":{\"@id\":\"https:\\\/\\\/akunq.net\\\/tr\\\/#\\\/schema\\\/person\\\/096f1d38a12cce57fb855b485ed24c9e\"},\"breadcrumb\":{\"@id\":\"https:\\\/\\\/akunq.net\\\/tr\\\/?p=67000#breadcrumb\"},\"inLanguage\":\"en-US\",\"potentialAction\":[{\"@type\":\"ReadAction\",\"target\":[\"https:\\\/\\\/akunq.net\\\/tr\\\/?p=67000\"]}]},{\"@type\":\"ImageObject\",\"inLanguage\":\"en-US\",\"@id\":\"https:\\\/\\\/akunq.net\\\/tr\\\/?p=67000#primaryimage\",\"url\":\"https:\\\/\\\/akunq.net\\\/tr\\\/wp-content\\\/uploads\\\/sites\\\/6\\\/2022\\\/02\\\/Paylan-Yahudiler.png\",\"contentUrl\":\"https:\\\/\\\/akunq.net\\\/tr\\\/wp-content\\\/uploads\\\/sites\\\/6\\\/2022\\\/02\\\/Paylan-Yahudiler.png\",\"width\":1186,\"height\":1314},{\"@type\":\"BreadcrumbList\",\"@id\":\"https:\\\/\\\/akunq.net\\\/tr\\\/?p=67000#breadcrumb\",\"itemListElement\":[{\"@type\":\"ListItem\",\"position\":1,\"name\":\"Home\",\"item\":\"https:\\\/\\\/akunq.net\\\/tr\"},{\"@type\":\"ListItem\",\"position\":2,\"name\":\"Garo Paylan \u2018Muhalifler Yahudiler Gibi Yok Edilmeli\u2019 Diyenlere Su\u00e7 Duyurusunda Bulunuyor 2022-02-08\"}]},{\"@type\":\"WebSite\",\"@id\":\"https:\\\/\\\/akunq.net\\\/tr\\\/#website\",\"url\":\"https:\\\/\\\/akunq.net\\\/tr\\\/\",\"name\":\"Bati Ermenistan Ve Bati Ermenileri Sorunlari Ara\u015ftirmalar Merkezi\",\"description\":\"\",\"potentialAction\":[{\"@type\":\"SearchAction\",\"target\":{\"@type\":\"EntryPoint\",\"urlTemplate\":\"https:\\\/\\\/akunq.net\\\/tr\\\/?s={search_term_string}\"},\"query-input\":{\"@type\":\"PropertyValueSpecification\",\"valueRequired\":true,\"valueName\":\"search_term_string\"}}],\"inLanguage\":\"en-US\"},{\"@type\":\"Person\",\"@id\":\"https:\\\/\\\/akunq.net\\\/tr\\\/#\\\/schema\\\/person\\\/096f1d38a12cce57fb855b485ed24c9e\",\"name\":\"admin\",\"url\":\"https:\\\/\\\/akunq.net\\\/tr\\\/?author=7\"}]}<\/script>\n<!-- \/ Yoast SEO plugin. -->","yoast_head_json":{"title":"Garo Paylan \u2018Muhalifler Yahudiler Gibi Yok Edilmeli\u2019 Diyenlere Su\u00e7 Duyurusunda Bulunuyor 2022-02-08 - Bati Ermenistan Ve Bati Ermenileri Sorunlari Ara\u015ftirmalar Merkezi","robots":{"index":"index","follow":"follow","max-snippet":"max-snippet:-1","max-image-preview":"max-image-preview:large","max-video-preview":"max-video-preview:-1"},"canonical":"https:\/\/akunq.net\/tr\/?p=67000","og_locale":"en_US","og_type":"article","og_title":"Garo Paylan \u2018Muhalifler Yahudiler Gibi Yok Edilmeli\u2019 Diyenlere Su\u00e7 Duyurusunda Bulunuyor 2022-02-08 - Bati Ermenistan Ve Bati Ermenileri Sorunlari Ara\u015ftirmalar Merkezi","og_description":"\u2018Hitler Yahudilerin k\u00f6k\u00fcn\u00fc kesmedi\u011fi i\u00e7in \u00e7ok k\u00f6t\u00fc bir \u015fey yapm\u0131\u015f. Onlar\u0131n k\u00f6k\u00fcn\u00fc tamamen kesmeliydi. Yapm\u0131\u015fken temiz i\u015f olacak yani.\u2019 Bu c\u00fcmle \u0130sve\u00e7\u2019te, Stockholm\u2019de ya\u015fayan bir T\u00fcrkiye vatanda\u015f\u0131 taraf\u0131ndan Twitter sesli odas\u0131nda sarf edilmi\u015f ve ba\u015fka bir kullan\u0131c\u0131 taraf\u0131ndan kaydedilmi\u015f. A\u00e7\u0131lan sanal odada konu\u015fan Melek adl\u0131 ki\u015fi (kullan\u0131c\u0131 ad\u0131 de\u011fi\u015ftirilmi\u015f) Nazilerin soyk\u0131r\u0131m\u0131n\u0131n hakl\u0131 bir \u015fey oldu\u011funu, [&hellip;]","og_url":"https:\/\/akunq.net\/tr\/?p=67000","og_site_name":"Bati Ermenistan Ve Bati Ermenileri Sorunlari Ara\u015ftirmalar Merkezi","article_published_time":"2022-02-09T08:12:12+00:00","og_image":[{"width":1186,"height":1314,"url":"https:\/\/akunq.net\/tr\/wp-content\/uploads\/sites\/6\/2022\/02\/Paylan-Yahudiler.png","type":"image\/png"}],"author":"admin","twitter_card":"summary_large_image","twitter_misc":{"Written by":"admin","Est. reading time":"1 minute"},"schema":{"@context":"https:\/\/schema.org","@graph":[{"@type":"Article","@id":"https:\/\/akunq.net\/tr\/?p=67000#article","isPartOf":{"@id":"https:\/\/akunq.net\/tr\/?p=67000"},"author":{"name":"admin","@id":"https:\/\/akunq.net\/tr\/#\/schema\/person\/096f1d38a12cce57fb855b485ed24c9e"},"headline":"Garo Paylan \u2018Muhalifler Yahudiler Gibi Yok Edilmeli\u2019 Diyenlere Su\u00e7 Duyurusunda Bulunuyor 2022-02-08","datePublished":"2022-02-09T08:12:12+00:00","mainEntityOfPage":{"@id":"https:\/\/akunq.net\/tr\/?p=67000"},"wordCount":236,"commentCount":0,"image":{"@id":"https:\/\/akunq.net\/tr\/?p=67000#primaryimage"},"thumbnailUrl":"https:\/\/akunq.net\/tr\/wp-content\/uploads\/sites\/6\/2022\/02\/Paylan-Yahudiler.png","articleSection":["Haberler","T\u00fcrkiye\u2019de Az\u0131nl\u0131klar"],"inLanguage":"en-US","potentialAction":[{"@type":"CommentAction","name":"Comment","target":["https:\/\/akunq.net\/tr\/?p=67000#respond"]}]},{"@type":"WebPage","@id":"https:\/\/akunq.net\/tr\/?p=67000","url":"https:\/\/akunq.net\/tr\/?p=67000","name":"Garo Paylan \u2018Muhalifler Yahudiler Gibi Yok Edilmeli\u2019 Diyenlere Su\u00e7 Duyurusunda Bulunuyor 2022-02-08 - Bati Ermenistan Ve Bati Ermenileri Sorunlari Ara\u015ftirmalar Merkezi","isPartOf":{"@id":"https:\/\/akunq.net\/tr\/#website"},"primaryImageOfPage":{"@id":"https:\/\/akunq.net\/tr\/?p=67000#primaryimage"},"image":{"@id":"https:\/\/akunq.net\/tr\/?p=67000#primaryimage"},"thumbnailUrl":"https:\/\/akunq.net\/tr\/wp-content\/uploads\/sites\/6\/2022\/02\/Paylan-Yahudiler.png","datePublished":"2022-02-09T08:12:12+00:00","author":{"@id":"https:\/\/akunq.net\/tr\/#\/schema\/person\/096f1d38a12cce57fb855b485ed24c9e"},"breadcrumb":{"@id":"https:\/\/akunq.net\/tr\/?p=67000#breadcrumb"},"inLanguage":"en-US","potentialAction":[{"@type":"ReadAction","target":["https:\/\/akunq.net\/tr\/?p=67000"]}]},{"@type":"ImageObject","inLanguage":"en-US","@id":"https:\/\/akunq.net\/tr\/?p=67000#primaryimage","url":"https:\/\/akunq.net\/tr\/wp-content\/uploads\/sites\/6\/2022\/02\/Paylan-Yahudiler.png","contentUrl":"https:\/\/akunq.net\/tr\/wp-content\/uploads\/sites\/6\/2022\/02\/Paylan-Yahudiler.png","width":1186,"height":1314},{"@type":"BreadcrumbList","@id":"https:\/\/akunq.net\/tr\/?p=67000#breadcrumb","itemListElement":[{"@type":"ListItem","position":1,"name":"Home","item":"https:\/\/akunq.net\/tr"},{"@type":"ListItem","position":2,"name":"Garo Paylan \u2018Muhalifler Yahudiler Gibi Yok Edilmeli\u2019 Diyenlere Su\u00e7 Duyurusunda Bulunuyor 2022-02-08"}]},{"@type":"WebSite","@id":"https:\/\/akunq.net\/tr\/#website","url":"https:\/\/akunq.net\/tr\/","name":"Bati Ermenistan Ve Bati Ermenileri Sorunlari Ara\u015ftirmalar Merkezi","description":"","potentialAction":[{"@type":"SearchAction","target":{"@type":"EntryPoint","urlTemplate":"https:\/\/akunq.net\/tr\/?s={search_term_string}"},"query-input":{"@type":"PropertyValueSpecification","valueRequired":true,"valueName":"search_term_string"}}],"inLanguage":"en-US"},{"@type":"Person","@id":"https:\/\/akunq.net\/tr\/#\/schema\/person\/096f1d38a12cce57fb855b485ed24c9e","name":"admin","url":"https:\/\/akunq.net\/tr\/?author=7"}]}},"_links":{"self":[{"href":"https:\/\/akunq.net\/tr\/index.php?rest_route=\/wp\/v2\/posts\/67000","targetHints":{"allow":["GET"]}}],"collection":[{"href":"https:\/\/akunq.net\/tr\/index.php?rest_route=\/wp\/v2\/posts"}],"about":[{"href":"https:\/\/akunq.net\/tr\/index.php?rest_route=\/wp\/v2\/types\/post"}],"author":[{"embeddable":true,"href":"https:\/\/akunq.net\/tr\/index.php?rest_route=\/wp\/v2\/users\/7"}],"replies":[{"embeddable":true,"href":"https:\/\/akunq.net\/tr\/index.php?rest_route=%2Fwp%2Fv2%2Fcomments&post=67000"}],"version-history":[{"count":1,"href":"https:\/\/akunq.net\/tr\/index.php?rest_route=\/wp\/v2\/posts\/67000\/revisions"}],"predecessor-version":[{"id":67002,"href":"https:\/\/akunq.net\/tr\/index.php?rest_route=\/wp\/v2\/posts\/67000\/revisions\/67002"}],"wp:featuredmedia":[{"embeddable":true,"href":"https:\/\/akunq.net\/tr\/index.php?rest_route=\/wp\/v2\/media\/67001"}],"wp:attachment":[{"href":"https:\/\/akunq.net\/tr\/index.php?rest_route=%2Fwp%2Fv2%2Fmedia&parent=67000"}],"wp:term":[{"taxonomy":"category","embeddable":true,"href":"https:\/\/akunq.net\/tr\/index.php?rest_route=%2Fwp%2Fv2%2Fcategories&post=67000"},{"taxonomy":"post_tag","embeddable":true,"href":"https:\/\/akunq.net\/tr\/index.php?rest_route=%2Fwp%2Fv2%2Ftags&post=67000"}],"curies":[{"name":"wp","href":"https:\/\/api.w.org\/{rel}","templated":true}]}}