{"id":66997,"date":"2022-02-09T02:58:13","date_gmt":"2022-02-09T07:58:13","guid":{"rendered":"https:\/\/akunq.net\/tr\/?p=66997"},"modified":"2022-02-09T02:58:13","modified_gmt":"2022-02-09T07:58:13","slug":"cemevlerindeki-elektrik-faturasi-krizi-nasil-cozulur","status":"publish","type":"post","link":"https:\/\/akunq.net\/tr\/?p=66997","title":{"rendered":"Cemevlerindeki elektrik faturas\u0131 krizi nas\u0131l \u00e7\u00f6z\u00fcl\u00fcr?"},"content":{"rendered":"<p><img loading=\"lazy\" decoding=\"async\" class=\"aligncenter size-medium wp-image-66998\" src=\"https:\/\/akunq.net\/tr\/wp-content\/uploads\/2022\/02\/Garip-Dede-cemevi-360x203.jpg\" alt=\"\" width=\"360\" height=\"203\" srcset=\"https:\/\/akunq.net\/tr\/wp-content\/uploads\/sites\/6\/2022\/02\/Garip-Dede-cemevi-360x203.jpg 360w, https:\/\/akunq.net\/tr\/wp-content\/uploads\/sites\/6\/2022\/02\/Garip-Dede-cemevi-768x432.jpg 768w, https:\/\/akunq.net\/tr\/wp-content\/uploads\/sites\/6\/2022\/02\/Garip-Dede-cemevi-560x315.jpg 560w, https:\/\/akunq.net\/tr\/wp-content\/uploads\/sites\/6\/2022\/02\/Garip-Dede-cemevi-260x146.jpg 260w, https:\/\/akunq.net\/tr\/wp-content\/uploads\/sites\/6\/2022\/02\/Garip-Dede-cemevi-160x90.jpg 160w, https:\/\/akunq.net\/tr\/wp-content\/uploads\/sites\/6\/2022\/02\/Garip-Dede-cemevi.jpg 940w\" sizes=\"auto, (max-width: 360px) 100vw, 360px\" \/><\/p>\n<p><strong><em>Cemevlerine gelen y\u00fcksek elektrik faturalar\u0131 tepki \u00e7ekerken, Alevi \u00f6rg\u00fct\u00fc temsilcileri, sorunun \u00e7\u00f6z\u00fcm\u00fcn\u00fcn yasal de\u011fi\u015fiklikte oldu\u011funa i\u015faret etti, Cemevlerinin ibadethane olarak kabul edilmesini istedi.<\/em><\/strong><\/p>\n<p>Elektrik fiyatlar\u0131na yap\u0131lan zamlarla birlikte \u0130stanbul\u2019da bulunan Garip Dede Cemevi\u2019ne \u201cticarethane\u201d tarifesi uygulanarak 30 bin liral\u0131k fatura g\u00f6nderilmesi, Alevileri aya\u011fa kald\u0131rd\u0131. Alevi \u00f6rg\u00fctleri, tepki olarak faturalar\u0131 \u00f6dememe karar\u0131 ald\u0131. T\u00fcrkiye, Avrupa \u0130nsan Haklar\u0131 Mahkemesi\u2019nin karar\u0131na ra\u011fmen hen\u00fcz cemevlerini ibadethane olarak tan\u0131mad\u0131 ve elektrik faturas\u0131 \u00f6denmesinden muaf tutmad\u0131. Pir Sultan Abdal K\u00fclt\u00fcr Derne\u011fi (PSAKD) Genel Ba\u015fkan\u0131 Gani Kaplan, kendilerine ba\u011fl\u0131 cemevlerinin devlete 12 milyon TL elektrik borcu oldu\u011funu belirterek, sorunun cemevelerinin ibadethane olarak kabul edilmesiyle \u00e7\u00f6z\u00fclece\u011fini vurgulad\u0131. Konuyu g\u00fcndeme getiren Garip Dede Dergah\u0131 Y\u00f6netim Kurulu Ba\u015fkan\u0131 Celal F\u0131rat ise, cemevlerinin ticarethane de\u011fil ibadethane oldu\u011funu belirterek, di\u011fer ibadethanelerle e\u015fit \u015fekilde haklar tan\u0131nmas\u0131n\u0131 istedi.<\/p>\n<div class=\"twitter-tweet twitter-tweet-rendered\"><iframe id=\"twitter-widget-0\" class=\"\" title=\"Twitter Tweet\" src=\"https:\/\/platform.twitter.com\/embed\/Tweet.html?creatorScreenName=HyeTert&amp;dnt=true&amp;embedId=twitter-widget-0&amp;features=eyJ0ZndfZXhwZXJpbWVudHNfY29va2llX2V4cGlyYXRpb24iOnsiYnVja2V0IjoxMjA5NjAwLCJ2ZXJzaW9uIjpudWxsfSwidGZ3X2hvcml6b25fdHdlZXRfZW1iZWRfOTU1NSI6eyJidWNrZXQiOiJodGUiLCJ2ZXJzaW9uIjpudWxsfSwidGZ3X3NwYWNlX2NhcmQiOnsiYnVja2V0Ijoib2ZmIiwidmVyc2lvbiI6bnVsbH19&amp;frame=false&amp;hideCard=false&amp;hideThread=false&amp;id=1491087426831454213&amp;lang=tr&amp;origin=https%3A%2F%2Fhyetert.org%2F2022%2F02%2F08%2Fcemevlerindeki-elektrik-faturasi-krizi-nasil-cozulur%2F&amp;sessionId=32b0c8f6e90dc8c83957240b886177345fbbf377&amp;siteScreenName=HyeTert&amp;theme=light&amp;widgetsVersion=0a8eea3%3A1643743420422&amp;width=500px\" frameborder=\"0\" scrolling=\"no\" allowfullscreen=\"allowfullscreen\" data-tweet-id=\"1491087426831454213\" data-mce-fragment=\"1\"><\/iframe><\/div>\n<p>Elektrik fiyatlar\u0131n\u0131n artt\u0131\u011f\u0131 bir d\u00f6nemde \u0130stanbul K\u00fc\u00e7\u00fck\u00e7ekmece\u2019de bulunan Garip Dede K\u00fclt\u00fcr ve Cemevi Derne\u011fi\u2019ne 30 bin 60 TL elektrik ve 11 bin 847 TL\u2019lik do\u011fal gaz faturas\u0131 gelmesi tart\u0131\u015fma yaratt\u0131. Faturay\u0131 g\u00f6nderen CK Bo\u011fazi\u00e7i Elektrik \u015firketi, Garip Dede Cemevi\u2019ni ibadethane olarak de\u011fil, ticarethane stat\u00fcs\u00fcnde kabul etti. Garip Dede Dergah\u0131 Y\u00f6netim Kurulu Ba\u015fkan\u0131 Celal F\u0131rat ise Alevi Dernekleri Federasyonu olarak bu faturalar\u0131 \u00f6demeyeceklerini belirterek, yarg\u0131ya ba\u015fvuracaklar\u0131n\u0131 a\u00e7\u0131klad\u0131.<\/p>\n<p>Peki, Cemevlerine y\u00fckl\u00fc miktarda gelen elektrik faturas\u0131 sorunun temelinde ne yat\u0131yor?<\/p>\n<p>2002 y\u0131l\u0131nda \u00e7\u0131kar\u0131lan 4736 say\u0131l\u0131 Kamu Kurum ve Kurulu\u015flar\u0131n\u0131n \u00dcrettikleri Mal ve Hizmet Tarifeleri ile Baz\u0131 Kanunlarda De\u011fi\u015fiklik Yap\u0131lmas\u0131 Hakk\u0131nda Kanun\u2019un birinci maddesiyle, kamu kurum ve kurulu\u015flar\u0131n\u0131n \u00fcretilen mal ve hizmet bedellerinde herhangi bir ki\u015fi veya kuruma \u00fccretsiz veya indirimli tarife uygulayamayaca\u011f\u0131 kural\u0131 getirildi.<\/p>\n<p><strong>\u0130badethane listesinde Cemevleri yok<\/strong><\/p>\n<p>12 Nisan 2002 tarihinde Bakanlar Kurulu taraf\u0131ndan \u201c2002\/4100\u201d say\u0131l\u0131 kararla, elektrik abonesi ki\u015fi ve kurulu\u015flar\u0131ndan kimlerin d\u00fczenlemeden muaf tutulaca\u011f\u0131 belirlendi. Bu kapsama ibadethaneler de al\u0131nd\u0131. Kararda, ibadethaneler say\u0131l\u0131rken cami, mescit, kilise, havra ve sinagog yer ald\u0131.<\/p>\n<p>2008 y\u0131l\u0131nda de\u011fi\u015fiklik yap\u0131lan Elektrik Piyasas\u0131 Kanunu\u2019na eklenen ge\u00e7ici 17. maddeyle \u201ctoplumun ibadetine a\u00e7\u0131lm\u0131\u015f ve \u00fccretsiz girilen ibadethanelere ili\u015fkin ayd\u0131nlatma giderleri ise Diyanet \u0130\u015fleri Ba\u015fkanl\u0131\u011f\u0131 b\u00fct\u00e7esine konulacak \u00f6denekten kar\u015f\u0131lan\u0131r\u201d h\u00fckm\u00fc getirildi.<\/p>\n<p>Ancak Alevilerin y\u0131llard\u0131r talep etmesine kar\u015f\u0131n cemevleri, 20 y\u0131ld\u0131r AKP iktidar\u0131 taraf\u0131ndan ibadethane olarak say\u0131lmad\u0131.<\/p>\n<p><strong>A\u0130HM: Cemevleri ibadethanedir<\/strong><\/p>\n<p>Aleviler, bu kapsamda ba\u015flatt\u0131\u011f\u0131 hukuk m\u00fccadelesinde \u00f6nemli kazan\u0131mlar elde etti. Avrupa \u0130nsan Haklar\u0131 Mahkemesi, 2014 y\u0131l\u0131nda Cem Vakf\u0131\u2019n\u0131n a\u00e7t\u0131\u011f\u0131 dava \u00fczerine cemevlerinin ibadethane oldu\u011funa dikkat \u00e7ekti. Mahkeme, Yenibosna Pir Koca Ahmet Yesevi Cem K\u00fclt\u00fcr Merkezi\u2019nin elektrik faturas\u0131 \u00f6demesinden muaf tutulmamas\u0131 nedeniyle Avrupa \u0130nsan Haklar\u0131 S\u00f6zle\u015fmesi\u2019nin ayr\u0131mc\u0131l\u0131k yasa\u011f\u0131 ile din ve vicdan h\u00fcrriyeti ba\u015fl\u0131kl\u0131 9. ve 14. maddelerinin ihlal edildi\u011fine karar verdi. Kararda, \u201cibadethanelere uygulanan elektrik faturalar\u0131n\u0131n \u00f6denmesinden muaf tutulma konusuna ili\u015fkin d\u00fczenlemenin, dine dayal\u0131 bir ayr\u0131mc\u0131l\u0131k te\u015fkil etti\u011fi\u201d vurguland\u0131.<\/p>\n<p>A\u0130HM\u2019in bu karar\u0131n\u0131n ard\u0131ndan T\u00fcrkiye\u2019de a\u00e7\u0131lan davalar da Aleviler lehine sonu\u00e7lanmaya ba\u015fland\u0131. Yarg\u0131tay 3. Hukuk Dairesi, bu kapsamda a\u00e7\u0131lan bir davada A\u0130HM\u2019in karar\u0131n\u0131 uygulayarak, yerel mahkemeden cemevinin ibadethane kapsam\u0131nda de\u011ferlendirilmesini ve ayd\u0131nlatma giderlerin tam olarak tespit edilerek buna g\u00f6re karar verilmesini istedi. Ancak yarg\u0131dan gelen olumlu kararlar, sadece dava a\u00e7\u0131lan cemevleri \u00f6zelinde sonu\u00e7 do\u011furdu.<\/p>\n<p><strong>Yasal de\u011fi\u015fiklik \u015fart<\/strong><\/p>\n<p>Peki, T\u00fcrkiye genelindeki t\u00fcm cemevlerinin elektrik giderlerinin devlet taraf\u0131ndan kar\u015f\u0131lanmas\u0131 i\u00e7in ne gerekiyor?<\/p>\n<p>Pir Sultan Abdal K\u00fclt\u00fcr Derne\u011fi Genel Ba\u015fkan\u0131 Gani Kaplan, sorunun yasalarda cemevinin de ibadethane olarak eklenmesiyle \u00e7\u00f6z\u00fclece\u011fi g\u00f6r\u00fc\u015f\u00fcnde. Kaplan, \u015fu g\u00f6r\u00fc\u015fleri dile getirdi:<\/p>\n<p>\u201cZaten sorun da burada yat\u0131yor. Elektrik faturas\u0131ndan ziyade, cemevlerinin ticarethane g\u00f6z\u00fckmesi. Cemevleri yasalarda ibadethane olarak tan\u0131mland\u0131\u011f\u0131 zaman bu sorunlar\u0131n hepsi ortadan kalkacakt\u0131r. Ama \u015fuanda cemevlerinin ibadethane olarak bu h\u00fck\u00fcmet veya gelecekteki h\u00fck\u00fcmet taraf\u0131ndan kabul edilece\u011fini d\u00fc\u015f\u00fcnm\u00fcyorum. Alevilerin en b\u00fcy\u00fck sorunu da budur.\u201d<\/p>\n<p><strong>12 milyon elektrik borcu<\/strong><\/p>\n<p>Kaplan, derne\u011fe ba\u011fl\u0131 cemevlerinin devlete olan elektrik borcular\u0131 nedeniyle hesaplar\u0131na haciz geldi\u011fini belirterek, \u015funlar\u0131 kaydetti:<\/p>\n<p>\u201cBiz 1988 y\u0131l\u0131ndan bu yana cemevlerinin elektrik faturalar\u0131n\u0131 zaten \u00f6demiyoruz. Onlar kesiyor, biz a\u00e7\u0131yoruz. Yakla\u015f\u0131k 10-12 milyon borcumuz var. \u00d6demiyoruz ama. Onlar bizim t\u00fcm tapular\u0131m\u0131za ipotek i\u015flemleri ger\u00e7ekle\u015ftirdi. Dernek y\u00f6neticilerini de hesaplar\u0131na bloke koyuyorlar. Biz de dilek\u00e7e ile geri kald\u0131rt\u0131yoruz. \u015euanda derne\u011fin devlete olan elektrik borcundan kaynakl\u0131 resmi hesap a\u00e7am\u0131yoruz. A\u00e7t\u0131\u011f\u0131 anda hemen i\u00e7indeki paraya el koyuyorlar.\u201d<\/p>\n<p>A\u0130HM karar\u0131ndan sonra devletin kendilerini Diyanet \u0130\u015fleri Ba\u015fkanl\u0131\u011f\u0131\u2019na y\u00f6nlendirdi\u011fini belirten Kaplan, buna kar\u015f\u0131 olduklar\u0131n\u0131, Diyanet\u2019in Alevileri asimile etmek amac\u0131yla \u00e7al\u0131\u015ft\u0131\u011f\u0131n\u0131 kaydetti. Kaplan, itirazlar\u0131n\u0131n e\u015fit yurtta\u015fl\u0131k talebi temelinde oldu\u011funu belirterek, \u201cBiz T\u00fcrkiye n\u00fcfusunun 4\u2019te biriyiz. Bu topluluk y\u0131llard\u0131r devlete hizmet ediyor, vergi veriyor. Bunun kar\u015f\u0131l\u0131\u011f\u0131nda onlar\u0131n ibadethanesini ticarethane sayarsan\u0131z, biz bu devlete ba\u011fl\u0131l\u0131\u011f\u0131m\u0131z\u0131 g\u00f6zden ge\u00e7irmek zorunda kal\u0131r\u0131z\u201d dedi.<\/p>\n<p><strong>Celal F\u0131rat: Ticarethane de\u011filiz<\/strong><\/p>\n<p>Konuyu g\u00fcndeme getiren Garip Dede Dergah\u0131 Y\u00f6netim Kurulu Ba\u015fkan\u0131 Celal F\u0131rat, sorunun ciddi oldu\u011funa i\u015faret etti:<\/p>\n<p>\u201c\u015euan bizim Garip Dede Dergah\u0131 Cemevi\u2019ne 30 bin 60 kuru\u015fluk elektrik, 12 bin liral\u0131k bir do\u011falgaz faturas\u0131 geldi. \u015eahkulu Vakf\u0131\u2019na 54 bin TL, \u0130kitelli Cemevi\u2019ne 20 binin \u00fczerinde, Ba\u011fc\u0131lar Cemevi\u2019ne 14-15 bin TL faturalar geldi. Faturalarda cemevleri ticarethane olarak g\u00f6sterilmi\u015f. Nas\u0131l bir ticaret yapt\u0131\u011f\u0131m\u0131z\u0131 da bilmiyoruz.\u201d<\/p>\n<p>Meselenin sadece fatura de\u011fil, e\u015fit yurtta\u015fl\u0131k hakk\u0131 oldu\u011funu belirten F\u0131rat, \u201cCemevlerimiz kesinlikle bir ticarethane de\u011fil, K\u0131z\u0131lba\u015f Alevilerin ibadethanesidir. Kimse bize bir tan\u0131m getiremez. Di\u011fer ibadethanelere; kiliselere, havralara, mescitlere, camilere nas\u0131l bir hak tan\u0131yorsa ayn\u0131s\u0131n\u0131 cemevilerine tan\u0131mas\u0131n\u0131 arzuluyoruz\u201d diye konu\u015ftu.<\/p>\n<p>F\u0131rat, cemevlerinin giderlerinin genel b\u00fct\u00e7eden veya olu\u015fturulacak ba\u011f\u0131ms\u0131z bir kuruma tahsis edilecek \u00f6denekten kar\u015f\u0131lanabilece\u011fini kaydetti.<\/p>\n<p><strong>\u0130ktidar\u0131n Cemevleri \u00e7al\u0131\u015fmas\u0131 s\u00fcr\u00fcyor<\/strong><\/p>\n<p>\u00d6te yandan Cumhurba\u015fkan\u0131 Recep Tayyip Erdo\u011fan, 2018\u2019de yapt\u0131\u011f\u0131 bir se\u00e7im konu\u015fmas\u0131 s\u0131ras\u0131nda \u201cCemevlerine hukuki stat\u00fc tan\u0131yacaklar\u0131n\u0131\u201d a\u00e7\u0131klam\u0131\u015ft\u0131. Adalet Bakan\u0131 Abdulhamit G\u00fcl ise istifa etmeden \u00f6nce Aral\u0131k 2021\u2019de Tunceli\u2019de yapt\u0131\u011f\u0131 ziyaret s\u0131ras\u0131nda \u201cAlevi inanc\u0131n\u0131 ve vatanda\u015flar\u0131m\u0131z\u0131 reddeden politikalar\u0131 reddediyoruz. Cemevlerine yasal stat\u00fc tan\u0131nmas\u0131 noktas\u0131nda bizler de Adalet Bakanl\u0131\u011f\u0131 olarak mevzuat anlam\u0131nda \u00e7al\u0131\u015fmalar\u0131m\u0131z\u0131 yapt\u0131k\u201d demi\u015fti. Ancak iktidar cephesinden hen\u00fcz cemevlerine y\u00f6nelik somut bir d\u00fczenleme a\u00e7\u0131klanmad\u0131.<\/p>\n<p><em><strong>Alican Uluda\u011f<\/strong><\/em><\/p>\n<hr \/>\n<p><em><strong><a href=\"https:\/\/www.dw.com\/tr\/cemevlerindeki-elektrik-faturas%C4%B1-krizi-nas%C4%B1l-%C3%A7%C3%B6z%C3%BCl%C3%BCr\/a-60700961?maca=tur-rss-tur-all-1495-rdf\" target=\"_blank\" rel=\"noopener noreferrer\">Deutsche Welle<\/a>\u00a0<\/strong><\/em><\/p>\n","protected":false},"excerpt":{"rendered":"<p>Cemevlerine gelen y\u00fcksek elektrik faturalar\u0131 tepki \u00e7ekerken, Alevi \u00f6rg\u00fct\u00fc temsilcileri, sorunun \u00e7\u00f6z\u00fcm\u00fcn\u00fcn yasal de\u011fi\u015fiklikte oldu\u011funa i\u015faret etti, Cemevlerinin ibadethane olarak kabul edilmesini istedi. Elektrik fiyatlar\u0131na yap\u0131lan zamlarla birlikte \u0130stanbul\u2019da bulunan Garip Dede Cemevi\u2019ne \u201cticarethane\u201d tarifesi uygulanarak 30 bin liral\u0131k fatura g\u00f6nderilmesi, Alevileri aya\u011fa kald\u0131rd\u0131. Alevi \u00f6rg\u00fctleri, tepki olarak faturalar\u0131 \u00f6dememe karar\u0131 ald\u0131. T\u00fcrkiye, Avrupa \u0130nsan [&hellip;]<\/p>\n","protected":false},"author":7,"featured_media":66998,"comment_status":"open","ping_status":"open","sticky":false,"template":"","format":"standard","meta":{"footnotes":""},"categories":[1,53],"tags":[],"class_list":["post-66997","post","type-post","status-publish","format-standard","has-post-thumbnail","hentry","category-haberler","category-turkiyede-azinliklar"],"yoast_head":"<!-- This site is optimized with the Yoast SEO plugin v27.4 - https:\/\/yoast.com\/product\/yoast-seo-wordpress\/ -->\n<title>Cemevlerindeki elektrik faturas\u0131 krizi nas\u0131l \u00e7\u00f6z\u00fcl\u00fcr? - Bati Ermenistan Ve Bati Ermenileri Sorunlari Ara\u015ftirmalar Merkezi<\/title>\n<meta name=\"robots\" content=\"index, follow, max-snippet:-1, max-image-preview:large, max-video-preview:-1\" \/>\n<link rel=\"canonical\" href=\"https:\/\/akunq.net\/tr\/?p=66997\" \/>\n<meta property=\"og:locale\" content=\"en_US\" \/>\n<meta property=\"og:type\" content=\"article\" \/>\n<meta property=\"og:title\" content=\"Cemevlerindeki elektrik faturas\u0131 krizi nas\u0131l \u00e7\u00f6z\u00fcl\u00fcr? - Bati Ermenistan Ve Bati Ermenileri Sorunlari Ara\u015ftirmalar Merkezi\" \/>\n<meta property=\"og:description\" content=\"Cemevlerine gelen y\u00fcksek elektrik faturalar\u0131 tepki \u00e7ekerken, Alevi \u00f6rg\u00fct\u00fc temsilcileri, sorunun \u00e7\u00f6z\u00fcm\u00fcn\u00fcn yasal de\u011fi\u015fiklikte oldu\u011funa i\u015faret etti, Cemevlerinin ibadethane olarak kabul edilmesini istedi. Elektrik fiyatlar\u0131na yap\u0131lan zamlarla birlikte \u0130stanbul\u2019da bulunan Garip Dede Cemevi\u2019ne \u201cticarethane\u201d tarifesi uygulanarak 30 bin liral\u0131k fatura g\u00f6nderilmesi, Alevileri aya\u011fa kald\u0131rd\u0131. Alevi \u00f6rg\u00fctleri, tepki olarak faturalar\u0131 \u00f6dememe karar\u0131 ald\u0131. T\u00fcrkiye, Avrupa \u0130nsan [&hellip;]\" \/>\n<meta property=\"og:url\" content=\"https:\/\/akunq.net\/tr\/?p=66997\" \/>\n<meta property=\"og:site_name\" content=\"Bati Ermenistan Ve Bati Ermenileri Sorunlari Ara\u015ftirmalar Merkezi\" \/>\n<meta property=\"article:published_time\" content=\"2022-02-09T07:58:13+00:00\" \/>\n<meta property=\"og:image\" content=\"https:\/\/akunq.net\/tr\/wp-content\/uploads\/sites\/6\/2022\/02\/Garip-Dede-cemevi.jpg\" \/>\n\t<meta property=\"og:image:width\" content=\"940\" \/>\n\t<meta property=\"og:image:height\" content=\"529\" \/>\n\t<meta property=\"og:image:type\" content=\"image\/jpeg\" \/>\n<meta name=\"author\" content=\"admin\" \/>\n<meta name=\"twitter:card\" content=\"summary_large_image\" \/>\n<meta name=\"twitter:label1\" content=\"Written by\" \/>\n\t<meta name=\"twitter:data1\" content=\"admin\" \/>\n\t<meta name=\"twitter:label2\" content=\"Est. reading time\" \/>\n\t<meta name=\"twitter:data2\" content=\"6 minutes\" \/>\n<script type=\"application\/ld+json\" class=\"yoast-schema-graph\">{\"@context\":\"https:\\\/\\\/schema.org\",\"@graph\":[{\"@type\":\"Article\",\"@id\":\"https:\\\/\\\/akunq.net\\\/tr\\\/?p=66997#article\",\"isPartOf\":{\"@id\":\"https:\\\/\\\/akunq.net\\\/tr\\\/?p=66997\"},\"author\":{\"name\":\"admin\",\"@id\":\"https:\\\/\\\/akunq.net\\\/tr\\\/#\\\/schema\\\/person\\\/096f1d38a12cce57fb855b485ed24c9e\"},\"headline\":\"Cemevlerindeki elektrik faturas\u0131 krizi nas\u0131l \u00e7\u00f6z\u00fcl\u00fcr?\",\"datePublished\":\"2022-02-09T07:58:13+00:00\",\"mainEntityOfPage\":{\"@id\":\"https:\\\/\\\/akunq.net\\\/tr\\\/?p=66997\"},\"wordCount\":1203,\"commentCount\":0,\"image\":{\"@id\":\"https:\\\/\\\/akunq.net\\\/tr\\\/?p=66997#primaryimage\"},\"thumbnailUrl\":\"https:\\\/\\\/akunq.net\\\/tr\\\/wp-content\\\/uploads\\\/sites\\\/6\\\/2022\\\/02\\\/Garip-Dede-cemevi.jpg\",\"articleSection\":[\"Haberler\",\"T\u00fcrkiye\u2019de Az\u0131nl\u0131klar\"],\"inLanguage\":\"en-US\",\"potentialAction\":[{\"@type\":\"CommentAction\",\"name\":\"Comment\",\"target\":[\"https:\\\/\\\/akunq.net\\\/tr\\\/?p=66997#respond\"]}]},{\"@type\":\"WebPage\",\"@id\":\"https:\\\/\\\/akunq.net\\\/tr\\\/?p=66997\",\"url\":\"https:\\\/\\\/akunq.net\\\/tr\\\/?p=66997\",\"name\":\"Cemevlerindeki elektrik faturas\u0131 krizi nas\u0131l \u00e7\u00f6z\u00fcl\u00fcr? - Bati Ermenistan Ve Bati Ermenileri Sorunlari Ara\u015ftirmalar Merkezi\",\"isPartOf\":{\"@id\":\"https:\\\/\\\/akunq.net\\\/tr\\\/#website\"},\"primaryImageOfPage\":{\"@id\":\"https:\\\/\\\/akunq.net\\\/tr\\\/?p=66997#primaryimage\"},\"image\":{\"@id\":\"https:\\\/\\\/akunq.net\\\/tr\\\/?p=66997#primaryimage\"},\"thumbnailUrl\":\"https:\\\/\\\/akunq.net\\\/tr\\\/wp-content\\\/uploads\\\/sites\\\/6\\\/2022\\\/02\\\/Garip-Dede-cemevi.jpg\",\"datePublished\":\"2022-02-09T07:58:13+00:00\",\"author\":{\"@id\":\"https:\\\/\\\/akunq.net\\\/tr\\\/#\\\/schema\\\/person\\\/096f1d38a12cce57fb855b485ed24c9e\"},\"breadcrumb\":{\"@id\":\"https:\\\/\\\/akunq.net\\\/tr\\\/?p=66997#breadcrumb\"},\"inLanguage\":\"en-US\",\"potentialAction\":[{\"@type\":\"ReadAction\",\"target\":[\"https:\\\/\\\/akunq.net\\\/tr\\\/?p=66997\"]}]},{\"@type\":\"ImageObject\",\"inLanguage\":\"en-US\",\"@id\":\"https:\\\/\\\/akunq.net\\\/tr\\\/?p=66997#primaryimage\",\"url\":\"https:\\\/\\\/akunq.net\\\/tr\\\/wp-content\\\/uploads\\\/sites\\\/6\\\/2022\\\/02\\\/Garip-Dede-cemevi.jpg\",\"contentUrl\":\"https:\\\/\\\/akunq.net\\\/tr\\\/wp-content\\\/uploads\\\/sites\\\/6\\\/2022\\\/02\\\/Garip-Dede-cemevi.jpg\",\"width\":940,\"height\":529},{\"@type\":\"BreadcrumbList\",\"@id\":\"https:\\\/\\\/akunq.net\\\/tr\\\/?p=66997#breadcrumb\",\"itemListElement\":[{\"@type\":\"ListItem\",\"position\":1,\"name\":\"Home\",\"item\":\"https:\\\/\\\/akunq.net\\\/tr\"},{\"@type\":\"ListItem\",\"position\":2,\"name\":\"Cemevlerindeki elektrik faturas\u0131 krizi nas\u0131l \u00e7\u00f6z\u00fcl\u00fcr?\"}]},{\"@type\":\"WebSite\",\"@id\":\"https:\\\/\\\/akunq.net\\\/tr\\\/#website\",\"url\":\"https:\\\/\\\/akunq.net\\\/tr\\\/\",\"name\":\"Bati Ermenistan Ve Bati Ermenileri Sorunlari Ara\u015ftirmalar Merkezi\",\"description\":\"\",\"potentialAction\":[{\"@type\":\"SearchAction\",\"target\":{\"@type\":\"EntryPoint\",\"urlTemplate\":\"https:\\\/\\\/akunq.net\\\/tr\\\/?s={search_term_string}\"},\"query-input\":{\"@type\":\"PropertyValueSpecification\",\"valueRequired\":true,\"valueName\":\"search_term_string\"}}],\"inLanguage\":\"en-US\"},{\"@type\":\"Person\",\"@id\":\"https:\\\/\\\/akunq.net\\\/tr\\\/#\\\/schema\\\/person\\\/096f1d38a12cce57fb855b485ed24c9e\",\"name\":\"admin\",\"url\":\"https:\\\/\\\/akunq.net\\\/tr\\\/?author=7\"}]}<\/script>\n<!-- \/ Yoast SEO plugin. -->","yoast_head_json":{"title":"Cemevlerindeki elektrik faturas\u0131 krizi nas\u0131l \u00e7\u00f6z\u00fcl\u00fcr? - Bati Ermenistan Ve Bati Ermenileri Sorunlari Ara\u015ftirmalar Merkezi","robots":{"index":"index","follow":"follow","max-snippet":"max-snippet:-1","max-image-preview":"max-image-preview:large","max-video-preview":"max-video-preview:-1"},"canonical":"https:\/\/akunq.net\/tr\/?p=66997","og_locale":"en_US","og_type":"article","og_title":"Cemevlerindeki elektrik faturas\u0131 krizi nas\u0131l \u00e7\u00f6z\u00fcl\u00fcr? - Bati Ermenistan Ve Bati Ermenileri Sorunlari Ara\u015ftirmalar Merkezi","og_description":"Cemevlerine gelen y\u00fcksek elektrik faturalar\u0131 tepki \u00e7ekerken, Alevi \u00f6rg\u00fct\u00fc temsilcileri, sorunun \u00e7\u00f6z\u00fcm\u00fcn\u00fcn yasal de\u011fi\u015fiklikte oldu\u011funa i\u015faret etti, Cemevlerinin ibadethane olarak kabul edilmesini istedi. Elektrik fiyatlar\u0131na yap\u0131lan zamlarla birlikte \u0130stanbul\u2019da bulunan Garip Dede Cemevi\u2019ne \u201cticarethane\u201d tarifesi uygulanarak 30 bin liral\u0131k fatura g\u00f6nderilmesi, Alevileri aya\u011fa kald\u0131rd\u0131. Alevi \u00f6rg\u00fctleri, tepki olarak faturalar\u0131 \u00f6dememe karar\u0131 ald\u0131. T\u00fcrkiye, Avrupa \u0130nsan [&hellip;]","og_url":"https:\/\/akunq.net\/tr\/?p=66997","og_site_name":"Bati Ermenistan Ve Bati Ermenileri Sorunlari Ara\u015ftirmalar Merkezi","article_published_time":"2022-02-09T07:58:13+00:00","og_image":[{"width":940,"height":529,"url":"https:\/\/akunq.net\/tr\/wp-content\/uploads\/sites\/6\/2022\/02\/Garip-Dede-cemevi.jpg","type":"image\/jpeg"}],"author":"admin","twitter_card":"summary_large_image","twitter_misc":{"Written by":"admin","Est. reading time":"6 minutes"},"schema":{"@context":"https:\/\/schema.org","@graph":[{"@type":"Article","@id":"https:\/\/akunq.net\/tr\/?p=66997#article","isPartOf":{"@id":"https:\/\/akunq.net\/tr\/?p=66997"},"author":{"name":"admin","@id":"https:\/\/akunq.net\/tr\/#\/schema\/person\/096f1d38a12cce57fb855b485ed24c9e"},"headline":"Cemevlerindeki elektrik faturas\u0131 krizi nas\u0131l \u00e7\u00f6z\u00fcl\u00fcr?","datePublished":"2022-02-09T07:58:13+00:00","mainEntityOfPage":{"@id":"https:\/\/akunq.net\/tr\/?p=66997"},"wordCount":1203,"commentCount":0,"image":{"@id":"https:\/\/akunq.net\/tr\/?p=66997#primaryimage"},"thumbnailUrl":"https:\/\/akunq.net\/tr\/wp-content\/uploads\/sites\/6\/2022\/02\/Garip-Dede-cemevi.jpg","articleSection":["Haberler","T\u00fcrkiye\u2019de Az\u0131nl\u0131klar"],"inLanguage":"en-US","potentialAction":[{"@type":"CommentAction","name":"Comment","target":["https:\/\/akunq.net\/tr\/?p=66997#respond"]}]},{"@type":"WebPage","@id":"https:\/\/akunq.net\/tr\/?p=66997","url":"https:\/\/akunq.net\/tr\/?p=66997","name":"Cemevlerindeki elektrik faturas\u0131 krizi nas\u0131l \u00e7\u00f6z\u00fcl\u00fcr? - Bati Ermenistan Ve Bati Ermenileri Sorunlari Ara\u015ftirmalar Merkezi","isPartOf":{"@id":"https:\/\/akunq.net\/tr\/#website"},"primaryImageOfPage":{"@id":"https:\/\/akunq.net\/tr\/?p=66997#primaryimage"},"image":{"@id":"https:\/\/akunq.net\/tr\/?p=66997#primaryimage"},"thumbnailUrl":"https:\/\/akunq.net\/tr\/wp-content\/uploads\/sites\/6\/2022\/02\/Garip-Dede-cemevi.jpg","datePublished":"2022-02-09T07:58:13+00:00","author":{"@id":"https:\/\/akunq.net\/tr\/#\/schema\/person\/096f1d38a12cce57fb855b485ed24c9e"},"breadcrumb":{"@id":"https:\/\/akunq.net\/tr\/?p=66997#breadcrumb"},"inLanguage":"en-US","potentialAction":[{"@type":"ReadAction","target":["https:\/\/akunq.net\/tr\/?p=66997"]}]},{"@type":"ImageObject","inLanguage":"en-US","@id":"https:\/\/akunq.net\/tr\/?p=66997#primaryimage","url":"https:\/\/akunq.net\/tr\/wp-content\/uploads\/sites\/6\/2022\/02\/Garip-Dede-cemevi.jpg","contentUrl":"https:\/\/akunq.net\/tr\/wp-content\/uploads\/sites\/6\/2022\/02\/Garip-Dede-cemevi.jpg","width":940,"height":529},{"@type":"BreadcrumbList","@id":"https:\/\/akunq.net\/tr\/?p=66997#breadcrumb","itemListElement":[{"@type":"ListItem","position":1,"name":"Home","item":"https:\/\/akunq.net\/tr"},{"@type":"ListItem","position":2,"name":"Cemevlerindeki elektrik faturas\u0131 krizi nas\u0131l \u00e7\u00f6z\u00fcl\u00fcr?"}]},{"@type":"WebSite","@id":"https:\/\/akunq.net\/tr\/#website","url":"https:\/\/akunq.net\/tr\/","name":"Bati Ermenistan Ve Bati Ermenileri Sorunlari Ara\u015ftirmalar Merkezi","description":"","potentialAction":[{"@type":"SearchAction","target":{"@type":"EntryPoint","urlTemplate":"https:\/\/akunq.net\/tr\/?s={search_term_string}"},"query-input":{"@type":"PropertyValueSpecification","valueRequired":true,"valueName":"search_term_string"}}],"inLanguage":"en-US"},{"@type":"Person","@id":"https:\/\/akunq.net\/tr\/#\/schema\/person\/096f1d38a12cce57fb855b485ed24c9e","name":"admin","url":"https:\/\/akunq.net\/tr\/?author=7"}]}},"_links":{"self":[{"href":"https:\/\/akunq.net\/tr\/index.php?rest_route=\/wp\/v2\/posts\/66997","targetHints":{"allow":["GET"]}}],"collection":[{"href":"https:\/\/akunq.net\/tr\/index.php?rest_route=\/wp\/v2\/posts"}],"about":[{"href":"https:\/\/akunq.net\/tr\/index.php?rest_route=\/wp\/v2\/types\/post"}],"author":[{"embeddable":true,"href":"https:\/\/akunq.net\/tr\/index.php?rest_route=\/wp\/v2\/users\/7"}],"replies":[{"embeddable":true,"href":"https:\/\/akunq.net\/tr\/index.php?rest_route=%2Fwp%2Fv2%2Fcomments&post=66997"}],"version-history":[{"count":1,"href":"https:\/\/akunq.net\/tr\/index.php?rest_route=\/wp\/v2\/posts\/66997\/revisions"}],"predecessor-version":[{"id":66999,"href":"https:\/\/akunq.net\/tr\/index.php?rest_route=\/wp\/v2\/posts\/66997\/revisions\/66999"}],"wp:featuredmedia":[{"embeddable":true,"href":"https:\/\/akunq.net\/tr\/index.php?rest_route=\/wp\/v2\/media\/66998"}],"wp:attachment":[{"href":"https:\/\/akunq.net\/tr\/index.php?rest_route=%2Fwp%2Fv2%2Fmedia&parent=66997"}],"wp:term":[{"taxonomy":"category","embeddable":true,"href":"https:\/\/akunq.net\/tr\/index.php?rest_route=%2Fwp%2Fv2%2Fcategories&post=66997"},{"taxonomy":"post_tag","embeddable":true,"href":"https:\/\/akunq.net\/tr\/index.php?rest_route=%2Fwp%2Fv2%2Ftags&post=66997"}],"curies":[{"name":"wp","href":"https:\/\/api.w.org\/{rel}","templated":true}]}}