{"id":66994,"date":"2022-02-09T02:48:53","date_gmt":"2022-02-09T07:48:53","guid":{"rendered":"https:\/\/akunq.net\/tr\/?p=66994"},"modified":"2022-02-09T02:48:53","modified_gmt":"2022-02-09T07:48:53","slug":"avrupa-konseyi-turkiyeden-aihmin-cemevleri-kararina-uymasini-bekliyor","status":"publish","type":"post","link":"https:\/\/akunq.net\/tr\/?p=66994","title":{"rendered":"Avrupa Konseyi, T\u00fcrkiye\u2019den A\u0130HM\u2019in Cemevleri karar\u0131na uymas\u0131n\u0131 bekliyor"},"content":{"rendered":"<p><img loading=\"lazy\" decoding=\"async\" class=\"aligncenter size-medium wp-image-66995\" src=\"https:\/\/akunq.net\/tr\/wp-content\/uploads\/2022\/02\/Avrupa-Konseyi-360x203.jpg\" alt=\"\" width=\"360\" height=\"203\" srcset=\"https:\/\/akunq.net\/tr\/wp-content\/uploads\/sites\/6\/2022\/02\/Avrupa-Konseyi-360x203.jpg 360w, https:\/\/akunq.net\/tr\/wp-content\/uploads\/sites\/6\/2022\/02\/Avrupa-Konseyi-768x432.jpg 768w, https:\/\/akunq.net\/tr\/wp-content\/uploads\/sites\/6\/2022\/02\/Avrupa-Konseyi-560x315.jpg 560w, https:\/\/akunq.net\/tr\/wp-content\/uploads\/sites\/6\/2022\/02\/Avrupa-Konseyi-260x146.jpg 260w, https:\/\/akunq.net\/tr\/wp-content\/uploads\/sites\/6\/2022\/02\/Avrupa-Konseyi-160x90.jpg 160w, https:\/\/akunq.net\/tr\/wp-content\/uploads\/sites\/6\/2022\/02\/Avrupa-Konseyi.jpg 773w\" sizes=\"auto, (max-width: 360px) 100vw, 360px\" \/><\/p>\n<p><strong><em>Avrupa Konseyi Bakanlar Komitesi, Avrupa \u0130nsan Haklar\u0131 Mahkemesi\u2019nin (A\u0130HM) karar\u0131na ra\u011fmen i\u015f insan\u0131 Osman Kavala\u2019y\u0131 serbest b\u0131rakmayan T\u00fcrkiye aleyhine belki de \u00fcyeli\u011fin ask\u0131ya al\u0131nmas\u0131yla sonu\u00e7lanacak \u201cihlal s\u00fcrecini\u201d ba\u015flatt\u0131.<\/em><\/strong><\/p>\n<p>T\u00fcrkiye\u2019nin A\u0130HM kararlar\u0131na uymad\u0131\u011f\u0131 en \u00f6nemli iki dava aras\u0131nda eski HDP lideri Selahattin Demirta\u015f\u2019\u0131n serbest b\u0131rak\u0131lmas\u0131 ile birlikte Alevi vatanda\u015flar\u0131n ibadet yerleri ve din dersi se\u00e7me hakk\u0131yla ilgili ba\u015fvuru geliyor.<\/p>\n<p>Avrupa Konseyi Bakanlar Komitesi, A\u0130HM\u2019in Alevilerle ilgili ald\u0131\u011f\u0131 iki karar\u0131n uygulanmas\u0131 konusunda Ankara\u2019n\u0131n \u00fcst\u00fcne d\u00fc\u015fen sorumlulu\u011fu hala yerine getirmedi\u011fi konusunda ara\u00a0<a href=\"https:\/\/search.coe.int\/cm\/Pages\/result_details.aspx?ObjectID=090000168098fb6f\">kararlarla<\/a>\u00a0s\u00fcrekli uyar\u0131larda bulunuyor. Avrupa Konseyi, son ald\u0131\u011f\u0131 ara kararda bu y\u0131l i\u00e7inde A\u0130HM karar\u0131n\u0131n yerine getirilmesi konusunda yine ikazda bulundu.<\/p>\n<p>A\u0130HM, Cumhuriyet\u00e7i E\u011fitim ve K\u00fclt\u00fcr Merkezi Vakf\u0131 taraf\u0131ndan yap\u0131lan ba\u015fvuruyu 2014 y\u0131l\u0131nda hakl\u0131 bulmu\u015f ve cami, kilise ve sinagoglar\u0131n yararland\u0131\u011f\u0131 elektrik faturas\u0131ndan muaf olma uygulamas\u0131n\u0131n Cem Evleri i\u00e7in de ge\u00e7erli olmamas\u0131 y\u00fcz\u00fcnden T\u00fcrkiye\u2019yi su\u00e7lu bulmu\u015ftu.<\/p>\n<p>Strasbourg Mahkemesi ayr\u0131ca, Hasan ve Eylem Zengin\u2019in zorunlu din dersleri konusunda yapt\u0131\u011f\u0131 ba\u015fvuruda T\u00fcrkiye\u2019nin ihlalde bulundu\u011funa h\u00fckmetmi\u015fti.<\/p>\n<p>Avrupa Konseyi Bakanlar Komitesi ald\u0131\u011f\u0131 ara kararlarda, yerel mahkemenin, Cem evlerinin elektrik faturalar\u0131n\u0131n bir k\u0131sm\u0131n\u0131n geri \u00f6denmesi yolunda verdi\u011fi karar tatmin edici bulunmad\u0131 ve bunun A\u0130HM\u2019in Alevilere y\u00f6nelik ay\u0131r\u0131mc\u0131 uygulamalar\u0131n kald\u0131r\u0131lmas\u0131 yolundaki talepleri do\u011frultusunda \u201cyeterli g\u00f6r\u00fclmedi\u011fi\u201d bildirildi.<\/p>\n<p>Kararda, A\u0130HM h\u00fckm\u00fc do\u011frultusunda vergi indirimi de i\u00e7inde olmak \u00fczere Alevilerin di\u011fer dini gruplara tan\u0131nan s\u00fcbvansiyonlardan ve ayr\u0131cal\u0131klardan faydalanmalar\u0131 istendi.<\/p>\n<h2>Zorunlu din dersi uygulamas\u0131<\/h2>\n<p>T\u00fcrkiye\u2019de 2018 y\u0131l\u0131 ilk ve orta dereceli okullar\u0131n din ve ahlak dersleriyle ilgili m\u00fcfredat\u0131na Alevilerle ilgili bilgilerin de konuldu\u011fu ve ailelere, istedikleri takdirde \u00e7ocuklar\u0131n\u0131 bu derslerden muaf olabilmeleri i\u00e7in yasal ba\u015fvuru hakk\u0131 tan\u0131nd\u0131\u011f\u0131 kaydedilen kararda, bu \u00f6nlemlerin de A\u0130HM taleplerini kar\u015f\u0131lamad\u0131\u011f\u0131 uyar\u0131s\u0131 yap\u0131ld\u0131.<\/p>\n<p>Kararda, bu t\u00fcr yasal bir s\u00fcrecin aileler i\u00e7in y\u00fck olaca\u011f\u0131 ve yine ailelere din ve inan\u00e7lar\u0131n\u0131 a\u00e7\u0131klama zorunlu\u011fu getirece\u011fi gerek\u00e7esiyle sorunlar yarataca\u011f\u0131 yorumu yap\u0131ld\u0131.<\/p>\n<h2>Aleviler Cemevlerine gelen elektrik faturas\u0131n\u0131 art\u0131k \u00f6demeyecek<\/h2>\n<p>Di\u011fer yandan \u0130stanbul K\u00fc\u00e7\u00fck\u00e7ekmece\u2019deki Garip Dede K\u00fclt\u00fcr ve Cemevi Derne\u011fi\u2019ne gelen 30 bin 60 TL elektrik ve 11 bin 847 TL\u2019lik do\u011fal gaz faturas\u0131 tepkilere neden oldu.<\/p>\n<figure class=\"wp-block-embed is-type-rich is-provider-twitter wp-block-embed-twitter\">\n<div class=\"wp-block-embed__wrapper\">\n<div class=\"twitter-tweet twitter-tweet-rendered\"><iframe id=\"twitter-widget-0\" class=\"\" title=\"Twitter Tweet\" src=\"https:\/\/platform.twitter.com\/embed\/Tweet.html?creatorScreenName=HyeTert&amp;dnt=true&amp;embedId=twitter-widget-0&amp;features=eyJ0ZndfZXhwZXJpbWVudHNfY29va2llX2V4cGlyYXRpb24iOnsiYnVja2V0IjoxMjA5NjAwLCJ2ZXJzaW9uIjpudWxsfSwidGZ3X2hvcml6b25fdHdlZXRfZW1iZWRfOTU1NSI6eyJidWNrZXQiOiJodGUiLCJ2ZXJzaW9uIjpudWxsfSwidGZ3X3NwYWNlX2NhcmQiOnsiYnVja2V0Ijoib2ZmIiwidmVyc2lvbiI6bnVsbH19&amp;frame=false&amp;hideCard=false&amp;hideThread=false&amp;id=1490783620042215425&amp;lang=tr&amp;origin=https%3A%2F%2Fhyetert.org%2F2022%2F02%2F08%2Favrupa-konseyi-turkiyeden-aihmin-cemevleri-kararina-uymasini-bekliyor%2F&amp;sessionId=8791b802ddd2ea16b3f7dae9f739ec121cad0e56&amp;siteScreenName=HyeTert&amp;theme=light&amp;widgetsVersion=0a8eea3%3A1643743420422&amp;width=500px\" frameborder=\"0\" scrolling=\"no\" allowfullscreen=\"allowfullscreen\" data-tweet-id=\"1490783620042215425\" data-mce-fragment=\"1\"><\/iframe><\/div>\n<\/div>\n<\/figure>\n<p>\u0130badethane stat\u00fcs\u00fcne al\u0131nmad\u0131\u011f\u0131 i\u00e7in ticarethane stat\u00fcs\u00fcnden kesilen elektrik faturalar\u0131n\u0131 sosyal medyadan payla\u015fan Garip Dede K\u00fclt\u00fcr ve Cemevi Derne\u011fi Ba\u015fkan\u0131 Celal F\u0131rat, \u201cDevlet, cami, mescit, sinagog, kilise gibi yerleri ibadethane olarak g\u00f6r\u00fcyor. Cemevine de ticarethane mant\u0131\u011f\u0131yla bak\u0131yor.\u201d dedi.<\/p>\n<p>Ayn\u0131 zamanda Alevi Dernekleri Federasyonu Ba\u015fkan\u0131 olan Celal F\u0131rat, euronews\u2019e verdi\u011fi s\u00f6yle\u015fide y\u00f6netim olarak elektrik faturalar\u0131n\u0131 \u00f6dememe karar\u0131 ald\u0131klar\u0131n\u0131 ve hukuki s\u00fcre\u00e7 ba\u015flatacaklar\u0131n\u0131 s\u00f6yledi.<\/p>\n<p>F\u0131rat, \u2018\u2019T\u00fcrkiye\u2019de iki bine yak\u0131n cemevi, 15-20 milyon alevi var. Fakat vatanda\u015f olarak bizi kabul etmedikleri i\u00e7in cemevlerimiz ibadethane say\u0131lm\u0131yor. Gelip m\u00fch\u00fcrlesinler, \u00f6demeyece\u011fiz ve hukuki s\u00fcreci ba\u015flat\u0131yoruz. Ayn\u0131 \u015feyi do\u011fal gaz faturalar\u0131 i\u00e7in de yapaca\u011f\u0131z, hukuk\u00e7u arkada\u015flar\u0131m\u0131z \u00fczerinde \u00e7al\u0131\u015f\u0131yor. Alevilikte her \u015fey r\u0131zal\u0131k \u00fczerine bu zamana kadar \u00f6dedik borcumuzu ama art\u0131k bizim devletten alaca\u011f\u0131m\u0131z var. Biz vatanda\u015fl\u0131k gereklerini yap\u0131yoruz, vergimizi \u00f6d\u00fcyoruz.\u2019\u2019 dedi.<\/p>\n<p>F\u0131rat, camilerin giderlerinin Diyanet Vakf\u0131 taraf\u0131ndan kar\u015f\u0131land\u0131\u011f\u0131n\u0131, cemevleri giderlerinin ise ya ba\u011f\u0131\u015flarla ya da baz\u0131 yerel y\u00f6netimlerce kar\u015f\u0131land\u0131\u011f\u0131n\u0131n alt\u0131n\u0131 \u00e7izerek e\u015fit hak vurgusu yapt\u0131.<\/p>\n<h2>Cemevlerinin elektrik faturalar\u0131 Meclis\u2019e ta\u015f\u0131nd\u0131<\/h2>\n<p>Konuyla ilgili siyasiler de sosyal medya hesaplar\u0131ndan tepkiler dile getirdi. CHP \u0130zmir milletvekili Tuncay \u00d6zkan, bir cemevine gelen elektrik faturas\u0131n\u0131 payla\u015farak; \u2018\u2019 Ankara\u2019da ticarethane tarifesinden cemevine gelen fatura 11 bin 615 TL. \u0130badethaneye ticarethane olarak g\u00f6ren zihniyeti k\u0131n\u0131yorum. \u0130ktidar bu tutumdan vazge\u00e7melidir\u2019\u2019 c\u00fcmlelerini kulland\u0131.<\/p>\n<p>Halklar\u0131n Demokratik Partisi (HDP) \u0130stanbul Milletvekili Ali Kenano\u011flu ise konuyu bir soru \u00f6nergesiyle Meclis g\u00fcndemine ta\u015f\u0131d\u0131.<\/p>\n<p>Cemevlerinin ibadethane olarak tan\u0131nmas\u0131 gerekti\u011fine dair yerel ve uluslararas\u0131 mahkeme kararlar\u0131n\u0131 hat\u0131rlatan Kenano\u011flu, \u2018\u2019 Alevilerin inan\u00e7 merkezi olan Cemevlerinin ibadethane oldu\u011fu ve elektrik vb. giderlerinin devlet taraf\u0131ndan \u00f6denmesi gerekti\u011fi ile ilgili AH\u0130M, Dan\u0131\u015ftay ve Yerel Mahkemelerin verdi\u011fi kararlar mevcutken Garip Dede K\u00fclt\u00fcr ve Cemevi Derne\u011fine nas\u0131l b\u00f6yle bir elektrik faturas\u0131 d\u00fczenlenmektedir?\u2019\u2019 diye sordu.<\/p>\n<p><em><strong><a href=\"https:\/\/tr.euronews.com\/2022\/02\/08\/avrupa-konseyi-turkiye-den-aihm-in-cemevleri-karar-na-uymas-n-bekliyor\">https:\/\/tr.euronews.com\/2022\/02\/08\/avrupa-konseyi-turkiye-den-aihm-in-cemevleri-karar-na-uymas-n-bekliyor<\/a>\u00a0<\/strong><\/em><\/p>\n","protected":false},"excerpt":{"rendered":"<p>Avrupa Konseyi Bakanlar Komitesi, Avrupa \u0130nsan Haklar\u0131 Mahkemesi\u2019nin (A\u0130HM) karar\u0131na ra\u011fmen i\u015f insan\u0131 Osman Kavala\u2019y\u0131 serbest b\u0131rakmayan T\u00fcrkiye aleyhine belki de \u00fcyeli\u011fin ask\u0131ya al\u0131nmas\u0131yla sonu\u00e7lanacak \u201cihlal s\u00fcrecini\u201d ba\u015flatt\u0131. T\u00fcrkiye\u2019nin A\u0130HM kararlar\u0131na uymad\u0131\u011f\u0131 en \u00f6nemli iki dava aras\u0131nda eski HDP lideri Selahattin Demirta\u015f\u2019\u0131n serbest b\u0131rak\u0131lmas\u0131 ile birlikte Alevi vatanda\u015flar\u0131n ibadet yerleri ve din dersi se\u00e7me hakk\u0131yla [&hellip;]<\/p>\n","protected":false},"author":7,"featured_media":66995,"comment_status":"open","ping_status":"open","sticky":false,"template":"","format":"standard","meta":{"footnotes":""},"categories":[1,53],"tags":[],"class_list":["post-66994","post","type-post","status-publish","format-standard","has-post-thumbnail","hentry","category-haberler","category-turkiyede-azinliklar"],"yoast_head":"<!-- This site is optimized with the Yoast SEO plugin v27.4 - https:\/\/yoast.com\/product\/yoast-seo-wordpress\/ -->\n<title>Avrupa Konseyi, T\u00fcrkiye\u2019den A\u0130HM\u2019in Cemevleri karar\u0131na uymas\u0131n\u0131 bekliyor - Bati Ermenistan Ve Bati Ermenileri Sorunlari Ara\u015ftirmalar Merkezi<\/title>\n<meta name=\"robots\" content=\"index, follow, max-snippet:-1, max-image-preview:large, max-video-preview:-1\" \/>\n<link rel=\"canonical\" href=\"https:\/\/akunq.net\/tr\/?p=66994\" \/>\n<meta property=\"og:locale\" content=\"en_US\" \/>\n<meta property=\"og:type\" content=\"article\" \/>\n<meta property=\"og:title\" content=\"Avrupa Konseyi, T\u00fcrkiye\u2019den A\u0130HM\u2019in Cemevleri karar\u0131na uymas\u0131n\u0131 bekliyor - Bati Ermenistan Ve Bati Ermenileri Sorunlari Ara\u015ftirmalar Merkezi\" \/>\n<meta property=\"og:description\" content=\"Avrupa Konseyi Bakanlar Komitesi, Avrupa \u0130nsan Haklar\u0131 Mahkemesi\u2019nin (A\u0130HM) karar\u0131na ra\u011fmen i\u015f insan\u0131 Osman Kavala\u2019y\u0131 serbest b\u0131rakmayan T\u00fcrkiye aleyhine belki de \u00fcyeli\u011fin ask\u0131ya al\u0131nmas\u0131yla sonu\u00e7lanacak \u201cihlal s\u00fcrecini\u201d ba\u015flatt\u0131. T\u00fcrkiye\u2019nin A\u0130HM kararlar\u0131na uymad\u0131\u011f\u0131 en \u00f6nemli iki dava aras\u0131nda eski HDP lideri Selahattin Demirta\u015f\u2019\u0131n serbest b\u0131rak\u0131lmas\u0131 ile birlikte Alevi vatanda\u015flar\u0131n ibadet yerleri ve din dersi se\u00e7me hakk\u0131yla [&hellip;]\" \/>\n<meta property=\"og:url\" content=\"https:\/\/akunq.net\/tr\/?p=66994\" \/>\n<meta property=\"og:site_name\" content=\"Bati Ermenistan Ve Bati Ermenileri Sorunlari Ara\u015ftirmalar Merkezi\" \/>\n<meta property=\"article:published_time\" content=\"2022-02-09T07:48:53+00:00\" \/>\n<meta property=\"og:image\" content=\"https:\/\/akunq.net\/tr\/wp-content\/uploads\/sites\/6\/2022\/02\/Avrupa-Konseyi.jpg\" \/>\n\t<meta property=\"og:image:width\" content=\"773\" \/>\n\t<meta property=\"og:image:height\" content=\"435\" \/>\n\t<meta property=\"og:image:type\" content=\"image\/jpeg\" \/>\n<meta name=\"author\" content=\"admin\" \/>\n<meta name=\"twitter:card\" content=\"summary_large_image\" \/>\n<meta name=\"twitter:label1\" content=\"Written by\" \/>\n\t<meta name=\"twitter:data1\" content=\"admin\" \/>\n\t<meta name=\"twitter:label2\" content=\"Est. reading time\" \/>\n\t<meta name=\"twitter:data2\" content=\"4 minutes\" \/>\n<script type=\"application\/ld+json\" class=\"yoast-schema-graph\">{\"@context\":\"https:\\\/\\\/schema.org\",\"@graph\":[{\"@type\":\"Article\",\"@id\":\"https:\\\/\\\/akunq.net\\\/tr\\\/?p=66994#article\",\"isPartOf\":{\"@id\":\"https:\\\/\\\/akunq.net\\\/tr\\\/?p=66994\"},\"author\":{\"name\":\"admin\",\"@id\":\"https:\\\/\\\/akunq.net\\\/tr\\\/#\\\/schema\\\/person\\\/096f1d38a12cce57fb855b485ed24c9e\"},\"headline\":\"Avrupa Konseyi, T\u00fcrkiye\u2019den A\u0130HM\u2019in Cemevleri karar\u0131na uymas\u0131n\u0131 bekliyor\",\"datePublished\":\"2022-02-09T07:48:53+00:00\",\"mainEntityOfPage\":{\"@id\":\"https:\\\/\\\/akunq.net\\\/tr\\\/?p=66994\"},\"wordCount\":830,\"commentCount\":0,\"image\":{\"@id\":\"https:\\\/\\\/akunq.net\\\/tr\\\/?p=66994#primaryimage\"},\"thumbnailUrl\":\"https:\\\/\\\/akunq.net\\\/tr\\\/wp-content\\\/uploads\\\/sites\\\/6\\\/2022\\\/02\\\/Avrupa-Konseyi.jpg\",\"articleSection\":[\"Haberler\",\"T\u00fcrkiye\u2019de Az\u0131nl\u0131klar\"],\"inLanguage\":\"en-US\",\"potentialAction\":[{\"@type\":\"CommentAction\",\"name\":\"Comment\",\"target\":[\"https:\\\/\\\/akunq.net\\\/tr\\\/?p=66994#respond\"]}]},{\"@type\":\"WebPage\",\"@id\":\"https:\\\/\\\/akunq.net\\\/tr\\\/?p=66994\",\"url\":\"https:\\\/\\\/akunq.net\\\/tr\\\/?p=66994\",\"name\":\"Avrupa Konseyi, T\u00fcrkiye\u2019den A\u0130HM\u2019in Cemevleri karar\u0131na uymas\u0131n\u0131 bekliyor - Bati Ermenistan Ve Bati Ermenileri Sorunlari Ara\u015ftirmalar Merkezi\",\"isPartOf\":{\"@id\":\"https:\\\/\\\/akunq.net\\\/tr\\\/#website\"},\"primaryImageOfPage\":{\"@id\":\"https:\\\/\\\/akunq.net\\\/tr\\\/?p=66994#primaryimage\"},\"image\":{\"@id\":\"https:\\\/\\\/akunq.net\\\/tr\\\/?p=66994#primaryimage\"},\"thumbnailUrl\":\"https:\\\/\\\/akunq.net\\\/tr\\\/wp-content\\\/uploads\\\/sites\\\/6\\\/2022\\\/02\\\/Avrupa-Konseyi.jpg\",\"datePublished\":\"2022-02-09T07:48:53+00:00\",\"author\":{\"@id\":\"https:\\\/\\\/akunq.net\\\/tr\\\/#\\\/schema\\\/person\\\/096f1d38a12cce57fb855b485ed24c9e\"},\"breadcrumb\":{\"@id\":\"https:\\\/\\\/akunq.net\\\/tr\\\/?p=66994#breadcrumb\"},\"inLanguage\":\"en-US\",\"potentialAction\":[{\"@type\":\"ReadAction\",\"target\":[\"https:\\\/\\\/akunq.net\\\/tr\\\/?p=66994\"]}]},{\"@type\":\"ImageObject\",\"inLanguage\":\"en-US\",\"@id\":\"https:\\\/\\\/akunq.net\\\/tr\\\/?p=66994#primaryimage\",\"url\":\"https:\\\/\\\/akunq.net\\\/tr\\\/wp-content\\\/uploads\\\/sites\\\/6\\\/2022\\\/02\\\/Avrupa-Konseyi.jpg\",\"contentUrl\":\"https:\\\/\\\/akunq.net\\\/tr\\\/wp-content\\\/uploads\\\/sites\\\/6\\\/2022\\\/02\\\/Avrupa-Konseyi.jpg\",\"width\":773,\"height\":435},{\"@type\":\"BreadcrumbList\",\"@id\":\"https:\\\/\\\/akunq.net\\\/tr\\\/?p=66994#breadcrumb\",\"itemListElement\":[{\"@type\":\"ListItem\",\"position\":1,\"name\":\"Home\",\"item\":\"https:\\\/\\\/akunq.net\\\/tr\"},{\"@type\":\"ListItem\",\"position\":2,\"name\":\"Avrupa Konseyi, T\u00fcrkiye\u2019den A\u0130HM\u2019in Cemevleri karar\u0131na uymas\u0131n\u0131 bekliyor\"}]},{\"@type\":\"WebSite\",\"@id\":\"https:\\\/\\\/akunq.net\\\/tr\\\/#website\",\"url\":\"https:\\\/\\\/akunq.net\\\/tr\\\/\",\"name\":\"Bati Ermenistan Ve Bati Ermenileri Sorunlari Ara\u015ftirmalar Merkezi\",\"description\":\"\",\"potentialAction\":[{\"@type\":\"SearchAction\",\"target\":{\"@type\":\"EntryPoint\",\"urlTemplate\":\"https:\\\/\\\/akunq.net\\\/tr\\\/?s={search_term_string}\"},\"query-input\":{\"@type\":\"PropertyValueSpecification\",\"valueRequired\":true,\"valueName\":\"search_term_string\"}}],\"inLanguage\":\"en-US\"},{\"@type\":\"Person\",\"@id\":\"https:\\\/\\\/akunq.net\\\/tr\\\/#\\\/schema\\\/person\\\/096f1d38a12cce57fb855b485ed24c9e\",\"name\":\"admin\",\"url\":\"https:\\\/\\\/akunq.net\\\/tr\\\/?author=7\"}]}<\/script>\n<!-- \/ Yoast SEO plugin. -->","yoast_head_json":{"title":"Avrupa Konseyi, T\u00fcrkiye\u2019den A\u0130HM\u2019in Cemevleri karar\u0131na uymas\u0131n\u0131 bekliyor - Bati Ermenistan Ve Bati Ermenileri Sorunlari Ara\u015ftirmalar Merkezi","robots":{"index":"index","follow":"follow","max-snippet":"max-snippet:-1","max-image-preview":"max-image-preview:large","max-video-preview":"max-video-preview:-1"},"canonical":"https:\/\/akunq.net\/tr\/?p=66994","og_locale":"en_US","og_type":"article","og_title":"Avrupa Konseyi, T\u00fcrkiye\u2019den A\u0130HM\u2019in Cemevleri karar\u0131na uymas\u0131n\u0131 bekliyor - Bati Ermenistan Ve Bati Ermenileri Sorunlari Ara\u015ftirmalar Merkezi","og_description":"Avrupa Konseyi Bakanlar Komitesi, Avrupa \u0130nsan Haklar\u0131 Mahkemesi\u2019nin (A\u0130HM) karar\u0131na ra\u011fmen i\u015f insan\u0131 Osman Kavala\u2019y\u0131 serbest b\u0131rakmayan T\u00fcrkiye aleyhine belki de \u00fcyeli\u011fin ask\u0131ya al\u0131nmas\u0131yla sonu\u00e7lanacak \u201cihlal s\u00fcrecini\u201d ba\u015flatt\u0131. T\u00fcrkiye\u2019nin A\u0130HM kararlar\u0131na uymad\u0131\u011f\u0131 en \u00f6nemli iki dava aras\u0131nda eski HDP lideri Selahattin Demirta\u015f\u2019\u0131n serbest b\u0131rak\u0131lmas\u0131 ile birlikte Alevi vatanda\u015flar\u0131n ibadet yerleri ve din dersi se\u00e7me hakk\u0131yla [&hellip;]","og_url":"https:\/\/akunq.net\/tr\/?p=66994","og_site_name":"Bati Ermenistan Ve Bati Ermenileri Sorunlari Ara\u015ftirmalar Merkezi","article_published_time":"2022-02-09T07:48:53+00:00","og_image":[{"width":773,"height":435,"url":"https:\/\/akunq.net\/tr\/wp-content\/uploads\/sites\/6\/2022\/02\/Avrupa-Konseyi.jpg","type":"image\/jpeg"}],"author":"admin","twitter_card":"summary_large_image","twitter_misc":{"Written by":"admin","Est. reading time":"4 minutes"},"schema":{"@context":"https:\/\/schema.org","@graph":[{"@type":"Article","@id":"https:\/\/akunq.net\/tr\/?p=66994#article","isPartOf":{"@id":"https:\/\/akunq.net\/tr\/?p=66994"},"author":{"name":"admin","@id":"https:\/\/akunq.net\/tr\/#\/schema\/person\/096f1d38a12cce57fb855b485ed24c9e"},"headline":"Avrupa Konseyi, T\u00fcrkiye\u2019den A\u0130HM\u2019in Cemevleri karar\u0131na uymas\u0131n\u0131 bekliyor","datePublished":"2022-02-09T07:48:53+00:00","mainEntityOfPage":{"@id":"https:\/\/akunq.net\/tr\/?p=66994"},"wordCount":830,"commentCount":0,"image":{"@id":"https:\/\/akunq.net\/tr\/?p=66994#primaryimage"},"thumbnailUrl":"https:\/\/akunq.net\/tr\/wp-content\/uploads\/sites\/6\/2022\/02\/Avrupa-Konseyi.jpg","articleSection":["Haberler","T\u00fcrkiye\u2019de Az\u0131nl\u0131klar"],"inLanguage":"en-US","potentialAction":[{"@type":"CommentAction","name":"Comment","target":["https:\/\/akunq.net\/tr\/?p=66994#respond"]}]},{"@type":"WebPage","@id":"https:\/\/akunq.net\/tr\/?p=66994","url":"https:\/\/akunq.net\/tr\/?p=66994","name":"Avrupa Konseyi, T\u00fcrkiye\u2019den A\u0130HM\u2019in Cemevleri karar\u0131na uymas\u0131n\u0131 bekliyor - Bati Ermenistan Ve Bati Ermenileri Sorunlari Ara\u015ftirmalar Merkezi","isPartOf":{"@id":"https:\/\/akunq.net\/tr\/#website"},"primaryImageOfPage":{"@id":"https:\/\/akunq.net\/tr\/?p=66994#primaryimage"},"image":{"@id":"https:\/\/akunq.net\/tr\/?p=66994#primaryimage"},"thumbnailUrl":"https:\/\/akunq.net\/tr\/wp-content\/uploads\/sites\/6\/2022\/02\/Avrupa-Konseyi.jpg","datePublished":"2022-02-09T07:48:53+00:00","author":{"@id":"https:\/\/akunq.net\/tr\/#\/schema\/person\/096f1d38a12cce57fb855b485ed24c9e"},"breadcrumb":{"@id":"https:\/\/akunq.net\/tr\/?p=66994#breadcrumb"},"inLanguage":"en-US","potentialAction":[{"@type":"ReadAction","target":["https:\/\/akunq.net\/tr\/?p=66994"]}]},{"@type":"ImageObject","inLanguage":"en-US","@id":"https:\/\/akunq.net\/tr\/?p=66994#primaryimage","url":"https:\/\/akunq.net\/tr\/wp-content\/uploads\/sites\/6\/2022\/02\/Avrupa-Konseyi.jpg","contentUrl":"https:\/\/akunq.net\/tr\/wp-content\/uploads\/sites\/6\/2022\/02\/Avrupa-Konseyi.jpg","width":773,"height":435},{"@type":"BreadcrumbList","@id":"https:\/\/akunq.net\/tr\/?p=66994#breadcrumb","itemListElement":[{"@type":"ListItem","position":1,"name":"Home","item":"https:\/\/akunq.net\/tr"},{"@type":"ListItem","position":2,"name":"Avrupa Konseyi, T\u00fcrkiye\u2019den A\u0130HM\u2019in Cemevleri karar\u0131na uymas\u0131n\u0131 bekliyor"}]},{"@type":"WebSite","@id":"https:\/\/akunq.net\/tr\/#website","url":"https:\/\/akunq.net\/tr\/","name":"Bati Ermenistan Ve Bati Ermenileri Sorunlari Ara\u015ftirmalar Merkezi","description":"","potentialAction":[{"@type":"SearchAction","target":{"@type":"EntryPoint","urlTemplate":"https:\/\/akunq.net\/tr\/?s={search_term_string}"},"query-input":{"@type":"PropertyValueSpecification","valueRequired":true,"valueName":"search_term_string"}}],"inLanguage":"en-US"},{"@type":"Person","@id":"https:\/\/akunq.net\/tr\/#\/schema\/person\/096f1d38a12cce57fb855b485ed24c9e","name":"admin","url":"https:\/\/akunq.net\/tr\/?author=7"}]}},"_links":{"self":[{"href":"https:\/\/akunq.net\/tr\/index.php?rest_route=\/wp\/v2\/posts\/66994","targetHints":{"allow":["GET"]}}],"collection":[{"href":"https:\/\/akunq.net\/tr\/index.php?rest_route=\/wp\/v2\/posts"}],"about":[{"href":"https:\/\/akunq.net\/tr\/index.php?rest_route=\/wp\/v2\/types\/post"}],"author":[{"embeddable":true,"href":"https:\/\/akunq.net\/tr\/index.php?rest_route=\/wp\/v2\/users\/7"}],"replies":[{"embeddable":true,"href":"https:\/\/akunq.net\/tr\/index.php?rest_route=%2Fwp%2Fv2%2Fcomments&post=66994"}],"version-history":[{"count":1,"href":"https:\/\/akunq.net\/tr\/index.php?rest_route=\/wp\/v2\/posts\/66994\/revisions"}],"predecessor-version":[{"id":66996,"href":"https:\/\/akunq.net\/tr\/index.php?rest_route=\/wp\/v2\/posts\/66994\/revisions\/66996"}],"wp:featuredmedia":[{"embeddable":true,"href":"https:\/\/akunq.net\/tr\/index.php?rest_route=\/wp\/v2\/media\/66995"}],"wp:attachment":[{"href":"https:\/\/akunq.net\/tr\/index.php?rest_route=%2Fwp%2Fv2%2Fmedia&parent=66994"}],"wp:term":[{"taxonomy":"category","embeddable":true,"href":"https:\/\/akunq.net\/tr\/index.php?rest_route=%2Fwp%2Fv2%2Fcategories&post=66994"},{"taxonomy":"post_tag","embeddable":true,"href":"https:\/\/akunq.net\/tr\/index.php?rest_route=%2Fwp%2Fv2%2Ftags&post=66994"}],"curies":[{"name":"wp","href":"https:\/\/api.w.org\/{rel}","templated":true}]}}