{"id":66991,"date":"2022-02-09T02:43:23","date_gmt":"2022-02-09T07:43:23","guid":{"rendered":"https:\/\/akunq.net\/tr\/?p=66991"},"modified":"2022-02-09T02:43:23","modified_gmt":"2022-02-09T07:43:23","slug":"diril-cifti-iddianamesi-hts-kayitlari-sanigin-celiskili-ifadelerini-ortaya-cikardi","status":"publish","type":"post","link":"https:\/\/akunq.net\/tr\/?p=66991","title":{"rendered":"Diril \u00e7ifti iddianamesi: HTS kay\u0131tlar\u0131 san\u0131\u011f\u0131n \u00e7eli\u015fkili ifadelerini ortaya \u00e7\u0131kard\u0131"},"content":{"rendered":"<p><img loading=\"lazy\" decoding=\"async\" class=\"aligncenter size-medium wp-image-66992\" src=\"https:\/\/akunq.net\/tr\/wp-content\/uploads\/2022\/02\/Diril-\u00e7ifti-1-360x208.jpg\" alt=\"\" width=\"360\" height=\"208\" srcset=\"https:\/\/akunq.net\/tr\/wp-content\/uploads\/sites\/6\/2022\/02\/Diril-\u00e7ifti-1-360x208.jpg 360w, https:\/\/akunq.net\/tr\/wp-content\/uploads\/sites\/6\/2022\/02\/Diril-\u00e7ifti-1-768x444.jpg 768w, https:\/\/akunq.net\/tr\/wp-content\/uploads\/sites\/6\/2022\/02\/Diril-\u00e7ifti-1-560x324.jpg 560w, https:\/\/akunq.net\/tr\/wp-content\/uploads\/sites\/6\/2022\/02\/Diril-\u00e7ifti-1-260x150.jpg 260w, https:\/\/akunq.net\/tr\/wp-content\/uploads\/sites\/6\/2022\/02\/Diril-\u00e7ifti-1-160x93.jpg 160w, https:\/\/akunq.net\/tr\/wp-content\/uploads\/sites\/6\/2022\/02\/Diril-\u00e7ifti-1.jpg 800w\" sizes=\"auto, (max-width: 360px) 100vw, 360px\" \/><\/p>\n<p><em><strong>\u015eimoni Diril \u00f6lene kadar darp edildi, montunda kur\u015fun deli\u011fi vard\u0131. San\u0131\u011f\u0131n evinde bulunan silahla kur\u015fun deli\u011fi k\u0131yas\u0131 yap\u0131lmad\u0131. \u2018Bilgim var\u2019 diyen tan\u0131k ise dinlenmedi.<\/strong><\/em><\/p>\n<p><strong>Remzi BUDANC\u0130R<\/strong><\/p>\n<p>+GER\u00c7EK \u2013 \u015e\u0131rnak\u2019\u0131n Beyt\u00fc\u015f\u015febap il\u00e7esinde 11 Ocak 2020 tarihinde ortadan kaybolan H\u00fcrm\u00fcz ve \u015eimuni Diril \u00e7iftinden \u015eimuni Diril\u2019in cans\u0131z bedenine 20 Mart 2020\u2019de ula\u015f\u0131lm\u0131\u015ft\u0131. H\u00fcrm\u00fcz Diril\u2019den ise yakla\u015f\u0131k \u00fc\u00e7 y\u0131ld\u0131r haber yok. Diril ailesi ba\u015fta olmak \u00fczere S\u00fcryani ayd\u0131nlar, Aktivistler, sivil toplum kurulu\u015flar\u0131 Diril \u00e7iftinin ak\u0131betinin ortaya \u00e7\u0131kar\u0131lmas\u0131n\u0131 istiyor. Ancak t\u00fcm \u00e7a\u011fr\u0131 ve \u00e7abalar ra\u011fmen Diril \u00e7iftinin ak\u0131beti hala ortaya \u00e7\u0131kar\u0131lmad\u0131. Diril \u00e7iftinin kaybolmas\u0131 ile ilgili etkin bir soru\u015fturma da y\u00fcr\u00fct\u00fclmedi. 2020 y\u0131l\u0131ndan bu yana soru\u015fturmay\u0131 y\u00fcr\u00fcten \u015e\u0131rnak Cumhuriyet Ba\u015fsavc\u0131l\u0131\u011f\u0131, 2022 Ocak ay\u0131nda haz\u0131rlad\u0131\u011f\u0131, Diril ailesinin yak\u0131n\u0131 Apro Diril, arkada\u015flar\u0131 Beh\u00e7et \u00d6ztun\u00e7 ve \u0130smail Y\u0131ld\u0131z\u2019\u0131n \u015f\u00fcpheli olarak yer ald\u0131\u011f\u0131 iddianameyi \u015e\u0131rnak 1\u2019inci A\u011f\u0131r Ceza Mahkemesine sundu. Ancak mahkeme iddianameyi yetersiz buldu ve iddianameyi reddetti. Peki neydi bu yetersizlik?<\/p>\n<p><strong>S\u0130LAHLA KUR\u015eUN DEL\u0130\u011e\u0130 MUKAYESES\u0130 YAPILMADI<\/strong><\/p>\n<p>\u0130ddianamede \u015f\u00fcpheli olarak yer alan Apron Diril\u2019in evinde 1 adet tabanca, 1 adet 32 kalibre fi\u015fek, 1 adet kasatura, 1 adet yar\u0131 otomatik av t\u00fcfe\u011fi ve 4 adet 12 kalibre fi\u015fek bulunmu\u015ftu. Adalet Bakanl\u0131\u011f\u0131 Adli T\u0131p Kurumu 1. \u0130htisas Kurulunun 30 Aral\u0131k 2020 tarihli raporunda, \u2018\u00f6lene kadar\u2019 ve \u2018\u00f6lmeye sebebiyet verecek\u2019 d\u00fczeyde darp edilerek \u00f6ld\u00fcr\u00fcld\u00fc denilen \u015eimuni Diril\u2019in montunda kur\u015fun deli\u011fi tespit edildi. Van Jandarma Kriminal Amirli\u011finin 30 Eyl\u00fcl 2020 tarihli raporunda, montun arka \u00fcst orta b\u00f6lgesinde bulunan 2,5\u00d72,5 santimetre ebad\u0131nda olan deli\u011fin \u00e7evresinde barut izine rastland\u0131\u011f\u0131, s\u00f6z konusu deli\u011fin ate\u015fli silahla yak\u0131n mesafeden yap\u0131lan at\u0131\u015fla olu\u015ftu\u011fu tespitine yer verildi. Ancak buna ra\u011fmen iddianamede Apro Diril\u2019in evinde bulunan silahla \u015eimuni Diril\u2019in montunda bulunan kur\u015fun deli\u011finin mukayesesinin yap\u0131l\u0131p yap\u0131lmad\u0131\u011f\u0131 bilgisi yer almad\u0131. Apro Diril\u2019in evinde farkl\u0131 naviden ate\u015fli silah ve \u00e7e\u015fitli batlarda fi\u015feklerin ele ge\u00e7irildi\u011fini hat\u0131rlatan mahkeme, ele ge\u00e7irilen ate\u015fli silahlarla maktul\u00fcn montundaki ate\u015fli silah deli\u011fine ili\u015fkin inceleme yap\u0131lmad\u0131\u011f\u0131n\u0131 belirtti.<\/p>\n<p><strong>B\u0130LG\u0130S\u0130 OLDU\u011eUNU S\u00d6YLEYEN TANIK D\u0130NLENMED\u0130<\/strong><\/p>\n<p>Mahkemenin iddianamede yetersiz buldu\u011fu husus sadece bu de\u011fildi. Ret gerek\u00e7esinde Karakol Komutan Vekili oldu\u011fu belirlenen Ahmet Ta\u015fdemir\u2019in Twitter hesab\u0131ndan olaya ili\u015fkin anlat\u0131mlar\u0131 ve bu anlat\u0131mlara ra\u011fmen tan\u0131k olarak ifadesinin al\u0131nmamas\u0131 yer ald\u0131. Mahkeme ret karar\u0131nda Ta\u015fdemir\u2019in \u201cTehdit ediliyorum. Somut kan\u0131t olmasa yazar m\u0131yd\u0131m\u201d, \u201c Remzi\u2019ye s\u00f6yleyin kayboldu\u011fu zaman karakol komutan\u0131 vekiliydim\u201d \u015feklindeki payla\u015f\u0131m\u0131n\u0131 hat\u0131rlatarak, s\u00f6z konusu payla\u015f\u0131mlardan \u015fahs\u0131n olay hakk\u0131nda bilgi sahibi olma ihtimalinin bulundu\u011funa dikkat \u00e7ekildi. Ta\u015fdemir\u2019in karakol komutan\u0131 oldu\u011funun hat\u0131rlatan mahkeme, \u201cBu haliyle \u015fahsa ula\u015f\u0131larak tan\u0131k s\u0131fat\u0131yla bilgi ve g\u00f6rg\u00fcs\u00fcn\u00fcn tespitinin yap\u0131lmad\u0131\u011f\u0131\u201d tespitinde bulunarak, olay hakk\u0131nda bilgisi oldu\u011funu s\u00f6ylemesine ra\u011fmen ifadesinin al\u0131nmamas\u0131 ret gerek\u00e7esi sayd\u0131.<\/p>\n<p><strong>SAVCILIK: MAHKEMEN\u0130N EKS\u0130K BULDU\u011eU HUSUSLARI KABUL ETMED\u0130<\/strong><\/p>\n<p>\u015e\u0131rnak 1. A\u011f\u0131r Ceza Mahkemesi\u2019nin iddianameyi reddetmesi \u00fczerine Cumhuriyet Ba\u015fsavc\u0131s\u0131 \u015e\u0131rnak 2. A\u011f\u0131r Ceza Mahkemesine itiraz etti. \u015e\u0131rnak Cumhuriyet Ba\u015fsavc\u0131l\u0131\u011f\u0131\u2019n\u0131n 24 Ocak\u2019ta yapt\u0131\u011f\u0131 itirazda, \u015e\u0131rnak 1. A\u011f\u0131r Ceza Mahkemesinin eksik oldu\u011funu belirtti\u011fi hususlar\u0131 kabul etmedi\u011fi gibi, iddianameyi savundu. Mahkemenin \u2018Apro Diril\u2019in evinde bulunan silahla \u015eimuni Diril\u2019in montunda olan kur\u015fun deli\u011finin mukayese edildi\u011fi\u201d gerek\u00e7esine savc\u0131l\u0131k, \u201cGiysinin niteli\u011fi, \u0131slakl\u0131\u011f\u0131, at\u0131\u015f\u0131n yak\u0131nl\u0131\u011f\u0131 ve g\u00fcn\u00fcn hava ko\u015fullar\u0131 gibi fakt\u00f6rlerden etkilenerek farkl\u0131 boyutlarda olu\u015fabilece\u011fi, bu itibarla giyside olu\u015fan 2,5 cm ebad\u0131ndaki deli\u011fin olu\u015fmas\u0131 i\u00e7in yaln\u0131zca yak\u0131n ate\u015fli silah at\u0131\u015f\u0131n\u0131n yeterli oldu\u011fu ve bunun \u00fczerine ara\u015ft\u0131rma ve de\u011ferlendirme yapma imkan\u0131n\u0131n somut olarak m\u00fcmk\u00fcn olmad\u0131\u011f\u0131 anla\u015f\u0131lm\u0131\u015ft\u0131r\u201d dedi.<\/p>\n<p><strong>B\u0130LG\u0130M VAR D\u0130YEN TANIK HAKKINDA \u201c\u0130FT\u0130RA\u201d SU\u00c7UNDAN SORU\u015eTURMA A\u00c7ILDI<\/strong><\/p>\n<p>Karakol Komutan Vekili oldu\u011fu belirtilen Ahmet Ta\u015fdemir\u2019in twitter hesab\u0131ndan olaya ili\u015fkin anlat\u0131mlar\u0131 ilgili ba\u015fsavc\u0131l\u0131k, Beyt\u00fc\u015f\u015febap Cumhuriyet Ba\u015fsavc\u0131l\u0131\u011f\u0131\u2019n\u0131n beyanlar\u0131 ihbar kabul ederek tahkikat ba\u015flatt\u0131\u011f\u0131n\u0131 belirtti. Delil elde edilemedi\u011fi gerek\u00e7esiyle kovu\u015fturmaya yer olmad\u0131\u011f\u0131na karar verildi\u011fi belirtildi. Ayr\u0131ca beyanlar\u0131 nedeni ile g\u00f6revli jandarma personelinin iftira su\u00e7unun i\u015flendi\u011fi y\u00f6n\u00fcndeki \u015fikayeti \u00fczerine, Beyt\u00fc\u015f\u015febap Cumhuriyet Ba\u015fsavc\u0131l\u0131\u011f\u0131 taraf\u0131ndan soru\u015fturma ba\u015flat\u0131ld\u0131\u011f\u0131 ifade edildi. Mahkemenin eksik buldu\u011fu hususlar\u0131 kabul etmeyen \u015e\u0131rnak Cumhuriyet Ba\u015fsavc\u0131l\u0131\u011f\u0131, \u015fahs\u0131n twitter isimli sosyal medya hesab\u0131ndan payla\u015fm\u0131\u015f oldu\u011fu yaz\u0131lar\u0131n itibar edilebilir nitelikte olmad\u0131\u011f\u0131 kanaatine vard\u0131. Savc\u0131l\u0131\u011f\u0131n itiraz\u0131n\u0131 yerinde bulan \u015e\u0131rnak 2. A\u011f\u0131r Ceza Mahkemesi ret karar\u0131n\u0131 kald\u0131rd\u0131. \u0130ddianame ve eklerini \u015e\u0131rnak 1. A\u011f\u0131r Ceza Mahkemesine g\u00f6nderdi. Etkin bir soru\u015fturma y\u00fcr\u00fct\u00fclmeyerek haz\u0131rlanan ve savc\u0131l\u0131\u011f\u0131n itiraz\u0131 \u00fczerine kabul edilen iddianamede eksik hususlar giderilmedi.<\/p>\n<p><strong>HTS KAYITLARI \u00c7EL\u0130\u015eK\u0130L\u0130 \u0130FADELER\u0130 ORTAYA \u00c7IKARDI<\/strong><\/p>\n<p>\u0130ddianamede m\u00fc\u015fteki, \u015f\u00fcpheli ve ifadeleri, tan\u0131k beyan\u0131, doktor raporlar\u0131, olay muhafaza alt\u0131na alma ve yakalama tutana\u011f\u0131, olay yeri inceleme raporlar\u0131, HTS kay\u0131tlar\u0131 ve tapeler yer ald\u0131. Apro Diril\u2019in su\u00e7lanmas\u0131na gerek\u00e7e g\u00f6sterilen delillerin ba\u015f\u0131nda HTS kay\u0131tlar\u0131 geliyor. Apro Diril ifadesinde di\u011fer san\u0131k Beh\u00e7et \u00d6ztun\u00e7 ile aralar\u0131nda herhangi bir yak\u0131nl\u0131k olmad\u0131\u011f\u0131n\u0131 iddia etmi\u015fti. Ancak HTS kay\u0131tlar\u0131 ve telefon dinleme metinleri bu iddiay\u0131 \u00e7\u00fcr\u00fctt\u00fc. HTS kay\u0131tlar\u0131 ve dinleme metinlerinde g\u00f6re Apro Diril, olay\u0131n ya\u015fand\u0131\u011f\u0131 tarihlerde defalarca Beh\u00e7et \u00d6ztun\u00e7 ile g\u00f6r\u00fc\u015ft\u00fc\u011f\u00fcn\u00fc g\u00f6steriyor.<\/p>\n<p><strong>APRO D\u0130R\u0130L\u2019\u0130N \u201c\u015eEBEKE YOKTU\u201d \u0130FADES\u0130N\u0130 TELEFON OPERAT\u00d6RLER\u0130 RAPORLARI \u00c7\u00dcR\u00dcTT\u00dc<\/strong><\/p>\n<p>Deliller bunlarla s\u0131n\u0131rl\u0131 de\u011fildi. Apro Diril 24 Ocak 2020 tarihinde verdi\u011fi ifadede \u201cOlay\u0131 ge\u00e7 haber vermemin sebebi olaydan \u00f6nceki 3-4 g\u00fcn boyunca telefon \u015febekesi yoktu\u201d ve 26 Haziran 2021 tarihli ifadesinde \u201c11 Ocak 2020 tarihinden \u00f6nce telefonumda \u00e7\u0131kan ar\u0131za sebebiyle ileti\u015fim kuramad\u0131m. Olaydan sonra g\u00fcvenlik g\u00fc\u00e7lerine ve \u00e7iftin \u00e7ocuklar\u0131na telefonum bozuk oldu\u011funu i\u00e7in haber veremedim\u201d demi\u015fti. Beyt\u00fc\u015f\u015febap Cumhuriyet Ba\u015fsavc\u0131l\u0131\u011f\u0131n\u0131n m\u00fczakersine cevap veren s\u00f6z konusu telefon operat\u00f6rleri, o tarihlerde ileti\u015fimde herhangi bir kopukluk ya da kesilmesi durumunun olmad\u0131\u011f\u0131n\u0131 bildirmesi \u00fczerine bu iddiada yalanlanm\u0131\u015f oldu.<\/p>\n<p>\u0130ddianamede san\u0131klar\u0131n yapt\u0131\u011f\u0131 telefon g\u00f6r\u00fc\u015fmelerine ili\u015fkin tapeler de yer ald\u0131. Apro Diril\u2019in 28 Nisan 2020 tarihinde di\u011fer san\u0131k Beh\u00e7et \u00d6ztun\u00e7 ile yapt\u0131\u011f\u0131 g\u00f6r\u00fc\u015fmede, Diril \u00e7iftinin o\u011flunun babas\u0131n\u0131 \u00f6ld\u00fcrtt\u00fc\u011f\u00fcn\u00fc s\u00f6yl\u00fcyor. Soru\u015fturma boyunca bu hususta ba\u015fka beyan vermedi\u011fini hat\u0131rlatan savc\u0131, Apro Diril\u2019in bu konu\u015fmay\u0131 cep telefonunun dinlenmesi ihtimalini g\u00f6zeterek soru\u015fturmay\u0131 etkileme amac\u0131yla yapt\u0131\u011f\u0131 sonucuna vard\u0131.<\/p>\n<p><strong>\u201cSANIK AKRABALIK BA\u011eINI KULLANMI\u015e OLAB\u0130L\u0130R\u201d<\/strong><\/p>\n<p>\u015e\u00fcphelilerin birbirleri ile ve kendileri ile \u00e7eli\u015fen ifadeler verdiklerinin belirtildi\u011fi iddianamede, ifadeler ile deliller maddeler halinde k\u0131yasland\u0131. San\u0131kl\u0131lar\u0131n su\u00e7u i\u015fledi\u011fine ili\u015fkin tespitler 17 madde halinde s\u0131raland\u0131. Apro Diril\u2019in akrabal\u0131k ba\u011f\u0131n\u0131 kullanarak rahatl\u0131kla maktul\u00fcn ikametine girebilme imk\u00e2n\u0131na sahip oldu\u011fu, evinde ise \u00fczerine at\u0131l\u0131 su\u00e7u i\u015flemeye elveri\u015fli \u00e7ok say\u0131da silah ve gerekli te\u00e7hizat\u0131n ele ge\u00e7irildi\u011fine dikkat \u00e7ekildi.<\/p>\n<p><strong>SAVCIYA G\u00d6RE C\u0130NAYET\u0130N NEDEN\u0130 \u201cHUSUMET\u201d VE \u201cDEF\u0130NE\u201d<\/strong><\/p>\n<p>Olay\u0131n ger\u00e7ekle\u015fme sebebinin eskiye dayanan \u2018Husumet\u2019 ve \u2018Define\u2019 oldu\u011fu g\u00f6r\u00fc\u015f\u00fcn\u00fcn savunuldu\u011fu iddianamenin de\u011ferlendirme k\u0131sm\u0131nda, \u015f\u00fcphelilerin Diril\u2019in s\u0131rt\u0131na bir el ate\u015f etti. Kafatas\u0131 ve iskelet sisteminde k\u0131r\u0131klar olu\u015facak, i\u00e7 organ harabiyetine neden olacak d\u00fczeyde eziyet \u00e7ektirilerek \u00f6lene kadar darp etti ve ard\u0131ndan Diril\u2019in cesedini Kovankaya k\u00f6y\u00fcnden ge\u00e7en dereye att\u0131 belirtildi. \u201c\u015e\u00fcpheli eylemlerinin ani bir k\u0131zg\u0131nl\u0131kla i\u015flenmeyip gerekli alet ve te\u00e7hizat temin edildikten sonra, kay\u0131p \u015fahs\u0131n buldu\u011fu anla\u015f\u0131lan defineye ula\u015fabilmek maksad\u0131yla ve eskiye dayal\u0131 husumetlerin getirdi\u011fi d\u00fc\u015fmanca duygularla tasarlanarak i\u015flendi\u011fi anla\u015f\u0131lm\u0131\u015ft\u0131r\u201d ifadelerinin kullan\u0131ld\u0131\u011f\u0131 iddianamede, Apro Diril, arkada\u015flar\u0131 Beh\u00e7et \u00d6ztun\u00e7 ve \u0130smail Y\u0131ld\u0131z \u201cCanavarca hisle veya eziyet \u00e7ektirerek \u00f6ld\u00fcrme\u201d ve \u201cTasarlayarak \u00f6ld\u00fcrme\u201d su\u00e7lar\u0131 y\u00f6neltildi.<\/p>\n<p><strong>MAHKEME TANIK ASKER\u0130N DURU\u015eMADA D\u0130NLENMES\u0130NE KARAR VERD\u0130<\/strong><\/p>\n<p>\u0130ddianamenin kabul edilmesi \u00fczerine mahkeme ilk duru\u015fma tarihini 19 Nisan olarak belirledi. San\u0131klar\u0131n duru\u015fmaya SEGB\u0130S \u00fczerinden kat\u0131lmas\u0131 y\u00f6n\u00fcnde karar veren mahkeme, savc\u0131l\u0131\u011f\u0131n beyanlar\u0131na itibar edilmez dedi\u011fi tan\u0131k Ahmet Ta\u015fdemir\u2019in dinlenmesine karar verdi.<\/p>\n<hr \/>\n<p><em><strong><a href=\"https:\/\/artigercek.com\/haberler\/diril-cifti-iddianamesi-hts-kayitlari-sanigin-celiskili-ifadelerini-ortaya-cikardi\" target=\"_blank\" rel=\"noopener noreferrer\">Art\u0131 Ger\u00e7ek<\/a>\u00a0<\/strong><\/em><\/p>\n","protected":false},"excerpt":{"rendered":"<p>\u015eimoni Diril \u00f6lene kadar darp edildi, montunda kur\u015fun deli\u011fi vard\u0131. San\u0131\u011f\u0131n evinde bulunan silahla kur\u015fun deli\u011fi k\u0131yas\u0131 yap\u0131lmad\u0131. \u2018Bilgim var\u2019 diyen tan\u0131k ise dinlenmedi. Remzi BUDANC\u0130R +GER\u00c7EK \u2013 \u015e\u0131rnak\u2019\u0131n Beyt\u00fc\u015f\u015febap il\u00e7esinde 11 Ocak 2020 tarihinde ortadan kaybolan H\u00fcrm\u00fcz ve \u015eimuni Diril \u00e7iftinden \u015eimuni Diril\u2019in cans\u0131z bedenine 20 Mart 2020\u2019de ula\u015f\u0131lm\u0131\u015ft\u0131. H\u00fcrm\u00fcz Diril\u2019den ise yakla\u015f\u0131k \u00fc\u00e7 [&hellip;]<\/p>\n","protected":false},"author":7,"featured_media":66992,"comment_status":"open","ping_status":"open","sticky":false,"template":"","format":"standard","meta":{"footnotes":""},"categories":[1,53],"tags":[],"class_list":["post-66991","post","type-post","status-publish","format-standard","has-post-thumbnail","hentry","category-haberler","category-turkiyede-azinliklar"],"yoast_head":"<!-- This site is optimized with the Yoast SEO plugin v27.4 - https:\/\/yoast.com\/product\/yoast-seo-wordpress\/ -->\n<title>Diril \u00e7ifti iddianamesi: HTS kay\u0131tlar\u0131 san\u0131\u011f\u0131n \u00e7eli\u015fkili ifadelerini ortaya \u00e7\u0131kard\u0131 - Bati Ermenistan Ve Bati Ermenileri Sorunlari Ara\u015ftirmalar Merkezi<\/title>\n<meta name=\"robots\" content=\"index, follow, max-snippet:-1, max-image-preview:large, max-video-preview:-1\" \/>\n<link rel=\"canonical\" href=\"https:\/\/akunq.net\/tr\/?p=66991\" \/>\n<meta property=\"og:locale\" content=\"en_US\" \/>\n<meta property=\"og:type\" content=\"article\" \/>\n<meta property=\"og:title\" content=\"Diril \u00e7ifti iddianamesi: HTS kay\u0131tlar\u0131 san\u0131\u011f\u0131n \u00e7eli\u015fkili ifadelerini ortaya \u00e7\u0131kard\u0131 - Bati Ermenistan Ve Bati Ermenileri Sorunlari Ara\u015ftirmalar Merkezi\" \/>\n<meta property=\"og:description\" content=\"\u015eimoni Diril \u00f6lene kadar darp edildi, montunda kur\u015fun deli\u011fi vard\u0131. San\u0131\u011f\u0131n evinde bulunan silahla kur\u015fun deli\u011fi k\u0131yas\u0131 yap\u0131lmad\u0131. \u2018Bilgim var\u2019 diyen tan\u0131k ise dinlenmedi. Remzi BUDANC\u0130R +GER\u00c7EK \u2013 \u015e\u0131rnak\u2019\u0131n Beyt\u00fc\u015f\u015febap il\u00e7esinde 11 Ocak 2020 tarihinde ortadan kaybolan H\u00fcrm\u00fcz ve \u015eimuni Diril \u00e7iftinden \u015eimuni Diril\u2019in cans\u0131z bedenine 20 Mart 2020\u2019de ula\u015f\u0131lm\u0131\u015ft\u0131. H\u00fcrm\u00fcz Diril\u2019den ise yakla\u015f\u0131k \u00fc\u00e7 [&hellip;]\" \/>\n<meta property=\"og:url\" content=\"https:\/\/akunq.net\/tr\/?p=66991\" \/>\n<meta property=\"og:site_name\" content=\"Bati Ermenistan Ve Bati Ermenileri Sorunlari Ara\u015ftirmalar Merkezi\" \/>\n<meta property=\"article:published_time\" content=\"2022-02-09T07:43:23+00:00\" \/>\n<meta property=\"og:image\" content=\"https:\/\/akunq.net\/tr\/wp-content\/uploads\/sites\/6\/2022\/02\/Diril-\u00e7ifti-1.jpg\" \/>\n\t<meta property=\"og:image:width\" content=\"800\" \/>\n\t<meta property=\"og:image:height\" content=\"463\" \/>\n\t<meta property=\"og:image:type\" content=\"image\/jpeg\" \/>\n<meta name=\"author\" content=\"admin\" \/>\n<meta name=\"twitter:card\" content=\"summary_large_image\" \/>\n<meta name=\"twitter:label1\" content=\"Written by\" \/>\n\t<meta name=\"twitter:data1\" content=\"admin\" \/>\n\t<meta name=\"twitter:label2\" content=\"Est. reading time\" \/>\n\t<meta name=\"twitter:data2\" content=\"8 minutes\" \/>\n<script type=\"application\/ld+json\" class=\"yoast-schema-graph\">{\"@context\":\"https:\\\/\\\/schema.org\",\"@graph\":[{\"@type\":\"Article\",\"@id\":\"https:\\\/\\\/akunq.net\\\/tr\\\/?p=66991#article\",\"isPartOf\":{\"@id\":\"https:\\\/\\\/akunq.net\\\/tr\\\/?p=66991\"},\"author\":{\"name\":\"admin\",\"@id\":\"https:\\\/\\\/akunq.net\\\/tr\\\/#\\\/schema\\\/person\\\/096f1d38a12cce57fb855b485ed24c9e\"},\"headline\":\"Diril \u00e7ifti iddianamesi: HTS kay\u0131tlar\u0131 san\u0131\u011f\u0131n \u00e7eli\u015fkili ifadelerini ortaya \u00e7\u0131kard\u0131\",\"datePublished\":\"2022-02-09T07:43:23+00:00\",\"mainEntityOfPage\":{\"@id\":\"https:\\\/\\\/akunq.net\\\/tr\\\/?p=66991\"},\"wordCount\":1521,\"commentCount\":0,\"image\":{\"@id\":\"https:\\\/\\\/akunq.net\\\/tr\\\/?p=66991#primaryimage\"},\"thumbnailUrl\":\"https:\\\/\\\/akunq.net\\\/tr\\\/wp-content\\\/uploads\\\/sites\\\/6\\\/2022\\\/02\\\/Diril-\u00e7ifti-1.jpg\",\"articleSection\":[\"Haberler\",\"T\u00fcrkiye\u2019de Az\u0131nl\u0131klar\"],\"inLanguage\":\"en-US\",\"potentialAction\":[{\"@type\":\"CommentAction\",\"name\":\"Comment\",\"target\":[\"https:\\\/\\\/akunq.net\\\/tr\\\/?p=66991#respond\"]}]},{\"@type\":\"WebPage\",\"@id\":\"https:\\\/\\\/akunq.net\\\/tr\\\/?p=66991\",\"url\":\"https:\\\/\\\/akunq.net\\\/tr\\\/?p=66991\",\"name\":\"Diril \u00e7ifti iddianamesi: HTS kay\u0131tlar\u0131 san\u0131\u011f\u0131n \u00e7eli\u015fkili ifadelerini ortaya \u00e7\u0131kard\u0131 - Bati Ermenistan Ve Bati Ermenileri Sorunlari Ara\u015ftirmalar Merkezi\",\"isPartOf\":{\"@id\":\"https:\\\/\\\/akunq.net\\\/tr\\\/#website\"},\"primaryImageOfPage\":{\"@id\":\"https:\\\/\\\/akunq.net\\\/tr\\\/?p=66991#primaryimage\"},\"image\":{\"@id\":\"https:\\\/\\\/akunq.net\\\/tr\\\/?p=66991#primaryimage\"},\"thumbnailUrl\":\"https:\\\/\\\/akunq.net\\\/tr\\\/wp-content\\\/uploads\\\/sites\\\/6\\\/2022\\\/02\\\/Diril-\u00e7ifti-1.jpg\",\"datePublished\":\"2022-02-09T07:43:23+00:00\",\"author\":{\"@id\":\"https:\\\/\\\/akunq.net\\\/tr\\\/#\\\/schema\\\/person\\\/096f1d38a12cce57fb855b485ed24c9e\"},\"breadcrumb\":{\"@id\":\"https:\\\/\\\/akunq.net\\\/tr\\\/?p=66991#breadcrumb\"},\"inLanguage\":\"en-US\",\"potentialAction\":[{\"@type\":\"ReadAction\",\"target\":[\"https:\\\/\\\/akunq.net\\\/tr\\\/?p=66991\"]}]},{\"@type\":\"ImageObject\",\"inLanguage\":\"en-US\",\"@id\":\"https:\\\/\\\/akunq.net\\\/tr\\\/?p=66991#primaryimage\",\"url\":\"https:\\\/\\\/akunq.net\\\/tr\\\/wp-content\\\/uploads\\\/sites\\\/6\\\/2022\\\/02\\\/Diril-\u00e7ifti-1.jpg\",\"contentUrl\":\"https:\\\/\\\/akunq.net\\\/tr\\\/wp-content\\\/uploads\\\/sites\\\/6\\\/2022\\\/02\\\/Diril-\u00e7ifti-1.jpg\",\"width\":800,\"height\":463},{\"@type\":\"BreadcrumbList\",\"@id\":\"https:\\\/\\\/akunq.net\\\/tr\\\/?p=66991#breadcrumb\",\"itemListElement\":[{\"@type\":\"ListItem\",\"position\":1,\"name\":\"Home\",\"item\":\"https:\\\/\\\/akunq.net\\\/tr\"},{\"@type\":\"ListItem\",\"position\":2,\"name\":\"Diril \u00e7ifti iddianamesi: HTS kay\u0131tlar\u0131 san\u0131\u011f\u0131n \u00e7eli\u015fkili ifadelerini ortaya \u00e7\u0131kard\u0131\"}]},{\"@type\":\"WebSite\",\"@id\":\"https:\\\/\\\/akunq.net\\\/tr\\\/#website\",\"url\":\"https:\\\/\\\/akunq.net\\\/tr\\\/\",\"name\":\"Bati Ermenistan Ve Bati Ermenileri Sorunlari Ara\u015ftirmalar Merkezi\",\"description\":\"\",\"potentialAction\":[{\"@type\":\"SearchAction\",\"target\":{\"@type\":\"EntryPoint\",\"urlTemplate\":\"https:\\\/\\\/akunq.net\\\/tr\\\/?s={search_term_string}\"},\"query-input\":{\"@type\":\"PropertyValueSpecification\",\"valueRequired\":true,\"valueName\":\"search_term_string\"}}],\"inLanguage\":\"en-US\"},{\"@type\":\"Person\",\"@id\":\"https:\\\/\\\/akunq.net\\\/tr\\\/#\\\/schema\\\/person\\\/096f1d38a12cce57fb855b485ed24c9e\",\"name\":\"admin\",\"url\":\"https:\\\/\\\/akunq.net\\\/tr\\\/?author=7\"}]}<\/script>\n<!-- \/ Yoast SEO plugin. -->","yoast_head_json":{"title":"Diril \u00e7ifti iddianamesi: HTS kay\u0131tlar\u0131 san\u0131\u011f\u0131n \u00e7eli\u015fkili ifadelerini ortaya \u00e7\u0131kard\u0131 - Bati Ermenistan Ve Bati Ermenileri Sorunlari Ara\u015ftirmalar Merkezi","robots":{"index":"index","follow":"follow","max-snippet":"max-snippet:-1","max-image-preview":"max-image-preview:large","max-video-preview":"max-video-preview:-1"},"canonical":"https:\/\/akunq.net\/tr\/?p=66991","og_locale":"en_US","og_type":"article","og_title":"Diril \u00e7ifti iddianamesi: HTS kay\u0131tlar\u0131 san\u0131\u011f\u0131n \u00e7eli\u015fkili ifadelerini ortaya \u00e7\u0131kard\u0131 - Bati Ermenistan Ve Bati Ermenileri Sorunlari Ara\u015ftirmalar Merkezi","og_description":"\u015eimoni Diril \u00f6lene kadar darp edildi, montunda kur\u015fun deli\u011fi vard\u0131. San\u0131\u011f\u0131n evinde bulunan silahla kur\u015fun deli\u011fi k\u0131yas\u0131 yap\u0131lmad\u0131. \u2018Bilgim var\u2019 diyen tan\u0131k ise dinlenmedi. Remzi BUDANC\u0130R +GER\u00c7EK \u2013 \u015e\u0131rnak\u2019\u0131n Beyt\u00fc\u015f\u015febap il\u00e7esinde 11 Ocak 2020 tarihinde ortadan kaybolan H\u00fcrm\u00fcz ve \u015eimuni Diril \u00e7iftinden \u015eimuni Diril\u2019in cans\u0131z bedenine 20 Mart 2020\u2019de ula\u015f\u0131lm\u0131\u015ft\u0131. H\u00fcrm\u00fcz Diril\u2019den ise yakla\u015f\u0131k \u00fc\u00e7 [&hellip;]","og_url":"https:\/\/akunq.net\/tr\/?p=66991","og_site_name":"Bati Ermenistan Ve Bati Ermenileri Sorunlari Ara\u015ftirmalar Merkezi","article_published_time":"2022-02-09T07:43:23+00:00","og_image":[{"width":800,"height":463,"url":"https:\/\/akunq.net\/tr\/wp-content\/uploads\/sites\/6\/2022\/02\/Diril-\u00e7ifti-1.jpg","type":"image\/jpeg"}],"author":"admin","twitter_card":"summary_large_image","twitter_misc":{"Written by":"admin","Est. reading time":"8 minutes"},"schema":{"@context":"https:\/\/schema.org","@graph":[{"@type":"Article","@id":"https:\/\/akunq.net\/tr\/?p=66991#article","isPartOf":{"@id":"https:\/\/akunq.net\/tr\/?p=66991"},"author":{"name":"admin","@id":"https:\/\/akunq.net\/tr\/#\/schema\/person\/096f1d38a12cce57fb855b485ed24c9e"},"headline":"Diril \u00e7ifti iddianamesi: HTS kay\u0131tlar\u0131 san\u0131\u011f\u0131n \u00e7eli\u015fkili ifadelerini ortaya \u00e7\u0131kard\u0131","datePublished":"2022-02-09T07:43:23+00:00","mainEntityOfPage":{"@id":"https:\/\/akunq.net\/tr\/?p=66991"},"wordCount":1521,"commentCount":0,"image":{"@id":"https:\/\/akunq.net\/tr\/?p=66991#primaryimage"},"thumbnailUrl":"https:\/\/akunq.net\/tr\/wp-content\/uploads\/sites\/6\/2022\/02\/Diril-\u00e7ifti-1.jpg","articleSection":["Haberler","T\u00fcrkiye\u2019de Az\u0131nl\u0131klar"],"inLanguage":"en-US","potentialAction":[{"@type":"CommentAction","name":"Comment","target":["https:\/\/akunq.net\/tr\/?p=66991#respond"]}]},{"@type":"WebPage","@id":"https:\/\/akunq.net\/tr\/?p=66991","url":"https:\/\/akunq.net\/tr\/?p=66991","name":"Diril \u00e7ifti iddianamesi: HTS kay\u0131tlar\u0131 san\u0131\u011f\u0131n \u00e7eli\u015fkili ifadelerini ortaya \u00e7\u0131kard\u0131 - Bati Ermenistan Ve Bati Ermenileri Sorunlari Ara\u015ftirmalar Merkezi","isPartOf":{"@id":"https:\/\/akunq.net\/tr\/#website"},"primaryImageOfPage":{"@id":"https:\/\/akunq.net\/tr\/?p=66991#primaryimage"},"image":{"@id":"https:\/\/akunq.net\/tr\/?p=66991#primaryimage"},"thumbnailUrl":"https:\/\/akunq.net\/tr\/wp-content\/uploads\/sites\/6\/2022\/02\/Diril-\u00e7ifti-1.jpg","datePublished":"2022-02-09T07:43:23+00:00","author":{"@id":"https:\/\/akunq.net\/tr\/#\/schema\/person\/096f1d38a12cce57fb855b485ed24c9e"},"breadcrumb":{"@id":"https:\/\/akunq.net\/tr\/?p=66991#breadcrumb"},"inLanguage":"en-US","potentialAction":[{"@type":"ReadAction","target":["https:\/\/akunq.net\/tr\/?p=66991"]}]},{"@type":"ImageObject","inLanguage":"en-US","@id":"https:\/\/akunq.net\/tr\/?p=66991#primaryimage","url":"https:\/\/akunq.net\/tr\/wp-content\/uploads\/sites\/6\/2022\/02\/Diril-\u00e7ifti-1.jpg","contentUrl":"https:\/\/akunq.net\/tr\/wp-content\/uploads\/sites\/6\/2022\/02\/Diril-\u00e7ifti-1.jpg","width":800,"height":463},{"@type":"BreadcrumbList","@id":"https:\/\/akunq.net\/tr\/?p=66991#breadcrumb","itemListElement":[{"@type":"ListItem","position":1,"name":"Home","item":"https:\/\/akunq.net\/tr"},{"@type":"ListItem","position":2,"name":"Diril \u00e7ifti iddianamesi: HTS kay\u0131tlar\u0131 san\u0131\u011f\u0131n \u00e7eli\u015fkili ifadelerini ortaya \u00e7\u0131kard\u0131"}]},{"@type":"WebSite","@id":"https:\/\/akunq.net\/tr\/#website","url":"https:\/\/akunq.net\/tr\/","name":"Bati Ermenistan Ve Bati Ermenileri Sorunlari Ara\u015ftirmalar Merkezi","description":"","potentialAction":[{"@type":"SearchAction","target":{"@type":"EntryPoint","urlTemplate":"https:\/\/akunq.net\/tr\/?s={search_term_string}"},"query-input":{"@type":"PropertyValueSpecification","valueRequired":true,"valueName":"search_term_string"}}],"inLanguage":"en-US"},{"@type":"Person","@id":"https:\/\/akunq.net\/tr\/#\/schema\/person\/096f1d38a12cce57fb855b485ed24c9e","name":"admin","url":"https:\/\/akunq.net\/tr\/?author=7"}]}},"_links":{"self":[{"href":"https:\/\/akunq.net\/tr\/index.php?rest_route=\/wp\/v2\/posts\/66991","targetHints":{"allow":["GET"]}}],"collection":[{"href":"https:\/\/akunq.net\/tr\/index.php?rest_route=\/wp\/v2\/posts"}],"about":[{"href":"https:\/\/akunq.net\/tr\/index.php?rest_route=\/wp\/v2\/types\/post"}],"author":[{"embeddable":true,"href":"https:\/\/akunq.net\/tr\/index.php?rest_route=\/wp\/v2\/users\/7"}],"replies":[{"embeddable":true,"href":"https:\/\/akunq.net\/tr\/index.php?rest_route=%2Fwp%2Fv2%2Fcomments&post=66991"}],"version-history":[{"count":1,"href":"https:\/\/akunq.net\/tr\/index.php?rest_route=\/wp\/v2\/posts\/66991\/revisions"}],"predecessor-version":[{"id":66993,"href":"https:\/\/akunq.net\/tr\/index.php?rest_route=\/wp\/v2\/posts\/66991\/revisions\/66993"}],"wp:featuredmedia":[{"embeddable":true,"href":"https:\/\/akunq.net\/tr\/index.php?rest_route=\/wp\/v2\/media\/66992"}],"wp:attachment":[{"href":"https:\/\/akunq.net\/tr\/index.php?rest_route=%2Fwp%2Fv2%2Fmedia&parent=66991"}],"wp:term":[{"taxonomy":"category","embeddable":true,"href":"https:\/\/akunq.net\/tr\/index.php?rest_route=%2Fwp%2Fv2%2Fcategories&post=66991"},{"taxonomy":"post_tag","embeddable":true,"href":"https:\/\/akunq.net\/tr\/index.php?rest_route=%2Fwp%2Fv2%2Ftags&post=66991"}],"curies":[{"name":"wp","href":"https:\/\/api.w.org\/{rel}","templated":true}]}}