{"id":66988,"date":"2022-02-09T02:34:12","date_gmt":"2022-02-09T07:34:12","guid":{"rendered":"https:\/\/akunq.net\/tr\/?p=66988"},"modified":"2022-02-09T02:34:12","modified_gmt":"2022-02-09T07:34:12","slug":"sumela-manastirinda-djlerin-izinsiz-klip-cekimine-sorusturma","status":"publish","type":"post","link":"https:\/\/akunq.net\/tr\/?p=66988","title":{"rendered":"S\u00fcmela Manast\u0131r\u0131\u2019nda DJ\u2019lerin izinsiz klip \u00e7ekimine soru\u015fturma"},"content":{"rendered":"<p><img loading=\"lazy\" decoding=\"async\" class=\"aligncenter size-medium wp-image-66989\" src=\"https:\/\/akunq.net\/tr\/wp-content\/uploads\/2022\/02\/S\u00fcmela-Manast\u0131r\u0131-1-360x200.jpg\" alt=\"\" width=\"360\" height=\"200\" srcset=\"https:\/\/akunq.net\/tr\/wp-content\/uploads\/sites\/6\/2022\/02\/S\u00fcmela-Manast\u0131r\u0131-1-360x200.jpg 360w, https:\/\/akunq.net\/tr\/wp-content\/uploads\/sites\/6\/2022\/02\/S\u00fcmela-Manast\u0131r\u0131-1-560x311.jpg 560w, https:\/\/akunq.net\/tr\/wp-content\/uploads\/sites\/6\/2022\/02\/S\u00fcmela-Manast\u0131r\u0131-1-260x144.jpg 260w, https:\/\/akunq.net\/tr\/wp-content\/uploads\/sites\/6\/2022\/02\/S\u00fcmela-Manast\u0131r\u0131-1-160x89.jpg 160w, https:\/\/akunq.net\/tr\/wp-content\/uploads\/sites\/6\/2022\/02\/S\u00fcmela-Manast\u0131r\u0131-1.jpg 720w\" sizes=\"auto, (max-width: 360px) 100vw, 360px\" \/><\/p>\n<p><strong><em>Trabzon\u2019da, yama\u00e7 \u0131slah\u0131 ve restorasyon i\u00e7in ziyarete kapal\u0131 S\u00fcmela Manast\u0131r\u0131\u2019nda, DJ\u2019lerin klip \u00e7ekimine m\u00fcsaade eden Valilik ve \u0130l K\u00fclt\u00fcr ve Turizm M\u00fcd\u00fcrl\u00fc\u011f\u00fc yetkilileri hakk\u0131nda K\u00fclt\u00fcr ve Turizm Bakanl\u0131\u011f\u0131\u2019nca soru\u015fturma ba\u015flat\u0131ld\u0131.<\/em><\/strong><\/p>\n<p>Trabzon\u2019un Ma\u00e7ka il\u00e7esi Karada\u011f eteklerindeki S\u00fcmela Manast\u0131r\u0131, restorasyon, \u00e7evre d\u00fczenlemesi, kayal\u0131klar\u0131n jeolojik ve jeoteknik bak\u0131mdan ara\u015ft\u0131r\u0131lmas\u0131 ve g\u00fc\u00e7lendirilmesi projesi kapsam\u0131nda ziyarete kapat\u0131ld\u0131.<\/p>\n<p>\u00c7al\u0131\u015fmalar\u0131n s\u00fcrd\u00fc\u011f\u00fc manast\u0131ra, Valilik ile \u0130l K\u00fclt\u00fcr ve Turizm M\u00fcd\u00fcrl\u00fc\u011f\u00fc\u2019nden al\u0131nan \u00f6zel izinle giren proje sahibi ve organizat\u00f6r DJ Ahmet \u015eenterzi ile meslekta\u015flar\u0131 Volkan G\u00fcnd\u00fcz ve Cengiz Can Atasoy, 30 ki\u015filik ekiple klip \u00e7ekti.<\/p>\n<p>Manast\u0131r alan\u0131na ses ve m\u00fczik sistemleri kurulup, kameralar\u0131n yerle\u015ftirildi\u011fi \u00e7ekimlerde \u00e7al\u0131nan elektronik m\u00fczi\u011fe, ekibin danslarla e\u015flik etti\u011fi anlara ait ortaya \u00e7\u0131kan g\u00f6r\u00fcnt\u00fcler ise tepki ald\u0131. G\u00f6r\u00fcnt\u00fclerde, m\u00fczi\u011fe e\u015flik eden ekibin, manast\u0131r\u0131n farkl\u0131 noktalar\u0131nda dans ederek e\u011flendikleri anlar yer ald\u0131.<\/p>\n<p><strong>SORU\u015eTURMA BA\u015eLATILDI<\/strong><\/p>\n<p>Kamuoyunda tepkilere yol a\u00e7an g\u00f6r\u00fcnt\u00fcler \u00fczerine K\u00fclt\u00fcr ve Turizm Bakanl\u0131\u011f\u0131 soru\u015fturma ba\u015flatt\u0131.<\/p>\n<p>Bakanl\u0131k onay\u0131 olmadan ger\u00e7ekle\u015ftirildi\u011fi belirtilen \u00e7ekime izin veren Valilik ve \u0130l K\u00fclt\u00fcr ve Turizm M\u00fcd\u00fcrl\u00fc\u011f\u00fc yetkilileri hakk\u0131nda soru\u015fturma ba\u015flat\u0131ld\u0131\u011f\u0131, m\u00fcfetti\u015flerin de yar\u0131n kente gelece\u011fi \u00f6\u011frenildi.<\/p>\n<p><em><strong>(DHA)<\/strong><\/em><\/p>\n<hr \/>\n<p><strong><em><a href=\"https:\/\/www.birgun.net\/haber\/sumela-manastiri-nda-dj-lerin-izinsiz-klip-cekimine-sorusturma-376439\" target=\"_blank\" rel=\"noopener noreferrer\">BirG\u00fcn Gazetesi<\/a>\u00a0<\/em><\/strong><\/p>\n","protected":false},"excerpt":{"rendered":"<p>Trabzon\u2019da, yama\u00e7 \u0131slah\u0131 ve restorasyon i\u00e7in ziyarete kapal\u0131 S\u00fcmela Manast\u0131r\u0131\u2019nda, DJ\u2019lerin klip \u00e7ekimine m\u00fcsaade eden Valilik ve \u0130l K\u00fclt\u00fcr ve Turizm M\u00fcd\u00fcrl\u00fc\u011f\u00fc yetkilileri hakk\u0131nda K\u00fclt\u00fcr ve Turizm Bakanl\u0131\u011f\u0131\u2019nca soru\u015fturma ba\u015flat\u0131ld\u0131. Trabzon\u2019un Ma\u00e7ka il\u00e7esi Karada\u011f eteklerindeki S\u00fcmela Manast\u0131r\u0131, restorasyon, \u00e7evre d\u00fczenlemesi, kayal\u0131klar\u0131n jeolojik ve jeoteknik bak\u0131mdan ara\u015ft\u0131r\u0131lmas\u0131 ve g\u00fc\u00e7lendirilmesi projesi kapsam\u0131nda ziyarete kapat\u0131ld\u0131. \u00c7al\u0131\u015fmalar\u0131n s\u00fcrd\u00fc\u011f\u00fc manast\u0131ra, [&hellip;]<\/p>\n","protected":false},"author":7,"featured_media":66989,"comment_status":"open","ping_status":"open","sticky":false,"template":"","format":"standard","meta":{"footnotes":""},"categories":[1],"tags":[],"class_list":["post-66988","post","type-post","status-publish","format-standard","has-post-thumbnail","hentry","category-haberler"],"yoast_head":"<!-- This site is optimized with the Yoast SEO plugin v27.4 - https:\/\/yoast.com\/product\/yoast-seo-wordpress\/ -->\n<title>S\u00fcmela Manast\u0131r\u0131\u2019nda DJ\u2019lerin izinsiz klip \u00e7ekimine soru\u015fturma - Bati Ermenistan Ve Bati Ermenileri Sorunlari Ara\u015ftirmalar Merkezi<\/title>\n<meta name=\"robots\" content=\"index, follow, max-snippet:-1, max-image-preview:large, max-video-preview:-1\" \/>\n<link rel=\"canonical\" href=\"https:\/\/akunq.net\/tr\/?p=66988\" \/>\n<meta property=\"og:locale\" content=\"en_US\" \/>\n<meta property=\"og:type\" content=\"article\" \/>\n<meta property=\"og:title\" content=\"S\u00fcmela Manast\u0131r\u0131\u2019nda DJ\u2019lerin izinsiz klip \u00e7ekimine soru\u015fturma - Bati Ermenistan Ve Bati Ermenileri Sorunlari Ara\u015ftirmalar Merkezi\" \/>\n<meta property=\"og:description\" content=\"Trabzon\u2019da, yama\u00e7 \u0131slah\u0131 ve restorasyon i\u00e7in ziyarete kapal\u0131 S\u00fcmela Manast\u0131r\u0131\u2019nda, DJ\u2019lerin klip \u00e7ekimine m\u00fcsaade eden Valilik ve \u0130l K\u00fclt\u00fcr ve Turizm M\u00fcd\u00fcrl\u00fc\u011f\u00fc yetkilileri hakk\u0131nda K\u00fclt\u00fcr ve Turizm Bakanl\u0131\u011f\u0131\u2019nca soru\u015fturma ba\u015flat\u0131ld\u0131. Trabzon\u2019un Ma\u00e7ka il\u00e7esi Karada\u011f eteklerindeki S\u00fcmela Manast\u0131r\u0131, restorasyon, \u00e7evre d\u00fczenlemesi, kayal\u0131klar\u0131n jeolojik ve jeoteknik bak\u0131mdan ara\u015ft\u0131r\u0131lmas\u0131 ve g\u00fc\u00e7lendirilmesi projesi kapsam\u0131nda ziyarete kapat\u0131ld\u0131. \u00c7al\u0131\u015fmalar\u0131n s\u00fcrd\u00fc\u011f\u00fc manast\u0131ra, [&hellip;]\" \/>\n<meta property=\"og:url\" content=\"https:\/\/akunq.net\/tr\/?p=66988\" \/>\n<meta property=\"og:site_name\" content=\"Bati Ermenistan Ve Bati Ermenileri Sorunlari Ara\u015ftirmalar Merkezi\" \/>\n<meta property=\"article:published_time\" content=\"2022-02-09T07:34:12+00:00\" \/>\n<meta property=\"og:image\" content=\"https:\/\/akunq.net\/tr\/wp-content\/uploads\/sites\/6\/2022\/02\/S\u00fcmela-Manast\u0131r\u0131-1.jpg\" \/>\n\t<meta property=\"og:image:width\" content=\"720\" \/>\n\t<meta property=\"og:image:height\" content=\"400\" \/>\n\t<meta property=\"og:image:type\" content=\"image\/jpeg\" \/>\n<meta name=\"author\" content=\"admin\" \/>\n<meta name=\"twitter:card\" content=\"summary_large_image\" \/>\n<meta name=\"twitter:label1\" content=\"Written by\" \/>\n\t<meta name=\"twitter:data1\" content=\"admin\" \/>\n\t<meta name=\"twitter:label2\" content=\"Est. reading time\" \/>\n\t<meta name=\"twitter:data2\" content=\"1 minute\" \/>\n<script type=\"application\/ld+json\" class=\"yoast-schema-graph\">{\"@context\":\"https:\\\/\\\/schema.org\",\"@graph\":[{\"@type\":\"Article\",\"@id\":\"https:\\\/\\\/akunq.net\\\/tr\\\/?p=66988#article\",\"isPartOf\":{\"@id\":\"https:\\\/\\\/akunq.net\\\/tr\\\/?p=66988\"},\"author\":{\"name\":\"admin\",\"@id\":\"https:\\\/\\\/akunq.net\\\/tr\\\/#\\\/schema\\\/person\\\/096f1d38a12cce57fb855b485ed24c9e\"},\"headline\":\"S\u00fcmela Manast\u0131r\u0131\u2019nda DJ\u2019lerin izinsiz klip \u00e7ekimine soru\u015fturma\",\"datePublished\":\"2022-02-09T07:34:12+00:00\",\"mainEntityOfPage\":{\"@id\":\"https:\\\/\\\/akunq.net\\\/tr\\\/?p=66988\"},\"wordCount\":277,\"commentCount\":0,\"image\":{\"@id\":\"https:\\\/\\\/akunq.net\\\/tr\\\/?p=66988#primaryimage\"},\"thumbnailUrl\":\"https:\\\/\\\/akunq.net\\\/tr\\\/wp-content\\\/uploads\\\/sites\\\/6\\\/2022\\\/02\\\/S\u00fcmela-Manast\u0131r\u0131-1.jpg\",\"articleSection\":[\"Haberler\"],\"inLanguage\":\"en-US\",\"potentialAction\":[{\"@type\":\"CommentAction\",\"name\":\"Comment\",\"target\":[\"https:\\\/\\\/akunq.net\\\/tr\\\/?p=66988#respond\"]}]},{\"@type\":\"WebPage\",\"@id\":\"https:\\\/\\\/akunq.net\\\/tr\\\/?p=66988\",\"url\":\"https:\\\/\\\/akunq.net\\\/tr\\\/?p=66988\",\"name\":\"S\u00fcmela Manast\u0131r\u0131\u2019nda DJ\u2019lerin izinsiz klip \u00e7ekimine soru\u015fturma - Bati Ermenistan Ve Bati Ermenileri Sorunlari Ara\u015ftirmalar Merkezi\",\"isPartOf\":{\"@id\":\"https:\\\/\\\/akunq.net\\\/tr\\\/#website\"},\"primaryImageOfPage\":{\"@id\":\"https:\\\/\\\/akunq.net\\\/tr\\\/?p=66988#primaryimage\"},\"image\":{\"@id\":\"https:\\\/\\\/akunq.net\\\/tr\\\/?p=66988#primaryimage\"},\"thumbnailUrl\":\"https:\\\/\\\/akunq.net\\\/tr\\\/wp-content\\\/uploads\\\/sites\\\/6\\\/2022\\\/02\\\/S\u00fcmela-Manast\u0131r\u0131-1.jpg\",\"datePublished\":\"2022-02-09T07:34:12+00:00\",\"author\":{\"@id\":\"https:\\\/\\\/akunq.net\\\/tr\\\/#\\\/schema\\\/person\\\/096f1d38a12cce57fb855b485ed24c9e\"},\"breadcrumb\":{\"@id\":\"https:\\\/\\\/akunq.net\\\/tr\\\/?p=66988#breadcrumb\"},\"inLanguage\":\"en-US\",\"potentialAction\":[{\"@type\":\"ReadAction\",\"target\":[\"https:\\\/\\\/akunq.net\\\/tr\\\/?p=66988\"]}]},{\"@type\":\"ImageObject\",\"inLanguage\":\"en-US\",\"@id\":\"https:\\\/\\\/akunq.net\\\/tr\\\/?p=66988#primaryimage\",\"url\":\"https:\\\/\\\/akunq.net\\\/tr\\\/wp-content\\\/uploads\\\/sites\\\/6\\\/2022\\\/02\\\/S\u00fcmela-Manast\u0131r\u0131-1.jpg\",\"contentUrl\":\"https:\\\/\\\/akunq.net\\\/tr\\\/wp-content\\\/uploads\\\/sites\\\/6\\\/2022\\\/02\\\/S\u00fcmela-Manast\u0131r\u0131-1.jpg\",\"width\":720,\"height\":400},{\"@type\":\"BreadcrumbList\",\"@id\":\"https:\\\/\\\/akunq.net\\\/tr\\\/?p=66988#breadcrumb\",\"itemListElement\":[{\"@type\":\"ListItem\",\"position\":1,\"name\":\"Home\",\"item\":\"https:\\\/\\\/akunq.net\\\/tr\"},{\"@type\":\"ListItem\",\"position\":2,\"name\":\"S\u00fcmela Manast\u0131r\u0131\u2019nda DJ\u2019lerin izinsiz klip \u00e7ekimine soru\u015fturma\"}]},{\"@type\":\"WebSite\",\"@id\":\"https:\\\/\\\/akunq.net\\\/tr\\\/#website\",\"url\":\"https:\\\/\\\/akunq.net\\\/tr\\\/\",\"name\":\"Bati Ermenistan Ve Bati Ermenileri Sorunlari Ara\u015ftirmalar Merkezi\",\"description\":\"\",\"potentialAction\":[{\"@type\":\"SearchAction\",\"target\":{\"@type\":\"EntryPoint\",\"urlTemplate\":\"https:\\\/\\\/akunq.net\\\/tr\\\/?s={search_term_string}\"},\"query-input\":{\"@type\":\"PropertyValueSpecification\",\"valueRequired\":true,\"valueName\":\"search_term_string\"}}],\"inLanguage\":\"en-US\"},{\"@type\":\"Person\",\"@id\":\"https:\\\/\\\/akunq.net\\\/tr\\\/#\\\/schema\\\/person\\\/096f1d38a12cce57fb855b485ed24c9e\",\"name\":\"admin\",\"url\":\"https:\\\/\\\/akunq.net\\\/tr\\\/?author=7\"}]}<\/script>\n<!-- \/ Yoast SEO plugin. -->","yoast_head_json":{"title":"S\u00fcmela Manast\u0131r\u0131\u2019nda DJ\u2019lerin izinsiz klip \u00e7ekimine soru\u015fturma - Bati Ermenistan Ve Bati Ermenileri Sorunlari Ara\u015ftirmalar Merkezi","robots":{"index":"index","follow":"follow","max-snippet":"max-snippet:-1","max-image-preview":"max-image-preview:large","max-video-preview":"max-video-preview:-1"},"canonical":"https:\/\/akunq.net\/tr\/?p=66988","og_locale":"en_US","og_type":"article","og_title":"S\u00fcmela Manast\u0131r\u0131\u2019nda DJ\u2019lerin izinsiz klip \u00e7ekimine soru\u015fturma - Bati Ermenistan Ve Bati Ermenileri Sorunlari Ara\u015ftirmalar Merkezi","og_description":"Trabzon\u2019da, yama\u00e7 \u0131slah\u0131 ve restorasyon i\u00e7in ziyarete kapal\u0131 S\u00fcmela Manast\u0131r\u0131\u2019nda, DJ\u2019lerin klip \u00e7ekimine m\u00fcsaade eden Valilik ve \u0130l K\u00fclt\u00fcr ve Turizm M\u00fcd\u00fcrl\u00fc\u011f\u00fc yetkilileri hakk\u0131nda K\u00fclt\u00fcr ve Turizm Bakanl\u0131\u011f\u0131\u2019nca soru\u015fturma ba\u015flat\u0131ld\u0131. Trabzon\u2019un Ma\u00e7ka il\u00e7esi Karada\u011f eteklerindeki S\u00fcmela Manast\u0131r\u0131, restorasyon, \u00e7evre d\u00fczenlemesi, kayal\u0131klar\u0131n jeolojik ve jeoteknik bak\u0131mdan ara\u015ft\u0131r\u0131lmas\u0131 ve g\u00fc\u00e7lendirilmesi projesi kapsam\u0131nda ziyarete kapat\u0131ld\u0131. \u00c7al\u0131\u015fmalar\u0131n s\u00fcrd\u00fc\u011f\u00fc manast\u0131ra, [&hellip;]","og_url":"https:\/\/akunq.net\/tr\/?p=66988","og_site_name":"Bati Ermenistan Ve Bati Ermenileri Sorunlari Ara\u015ftirmalar Merkezi","article_published_time":"2022-02-09T07:34:12+00:00","og_image":[{"width":720,"height":400,"url":"https:\/\/akunq.net\/tr\/wp-content\/uploads\/sites\/6\/2022\/02\/S\u00fcmela-Manast\u0131r\u0131-1.jpg","type":"image\/jpeg"}],"author":"admin","twitter_card":"summary_large_image","twitter_misc":{"Written by":"admin","Est. reading time":"1 minute"},"schema":{"@context":"https:\/\/schema.org","@graph":[{"@type":"Article","@id":"https:\/\/akunq.net\/tr\/?p=66988#article","isPartOf":{"@id":"https:\/\/akunq.net\/tr\/?p=66988"},"author":{"name":"admin","@id":"https:\/\/akunq.net\/tr\/#\/schema\/person\/096f1d38a12cce57fb855b485ed24c9e"},"headline":"S\u00fcmela Manast\u0131r\u0131\u2019nda DJ\u2019lerin izinsiz klip \u00e7ekimine soru\u015fturma","datePublished":"2022-02-09T07:34:12+00:00","mainEntityOfPage":{"@id":"https:\/\/akunq.net\/tr\/?p=66988"},"wordCount":277,"commentCount":0,"image":{"@id":"https:\/\/akunq.net\/tr\/?p=66988#primaryimage"},"thumbnailUrl":"https:\/\/akunq.net\/tr\/wp-content\/uploads\/sites\/6\/2022\/02\/S\u00fcmela-Manast\u0131r\u0131-1.jpg","articleSection":["Haberler"],"inLanguage":"en-US","potentialAction":[{"@type":"CommentAction","name":"Comment","target":["https:\/\/akunq.net\/tr\/?p=66988#respond"]}]},{"@type":"WebPage","@id":"https:\/\/akunq.net\/tr\/?p=66988","url":"https:\/\/akunq.net\/tr\/?p=66988","name":"S\u00fcmela Manast\u0131r\u0131\u2019nda DJ\u2019lerin izinsiz klip \u00e7ekimine soru\u015fturma - Bati Ermenistan Ve Bati Ermenileri Sorunlari Ara\u015ftirmalar Merkezi","isPartOf":{"@id":"https:\/\/akunq.net\/tr\/#website"},"primaryImageOfPage":{"@id":"https:\/\/akunq.net\/tr\/?p=66988#primaryimage"},"image":{"@id":"https:\/\/akunq.net\/tr\/?p=66988#primaryimage"},"thumbnailUrl":"https:\/\/akunq.net\/tr\/wp-content\/uploads\/sites\/6\/2022\/02\/S\u00fcmela-Manast\u0131r\u0131-1.jpg","datePublished":"2022-02-09T07:34:12+00:00","author":{"@id":"https:\/\/akunq.net\/tr\/#\/schema\/person\/096f1d38a12cce57fb855b485ed24c9e"},"breadcrumb":{"@id":"https:\/\/akunq.net\/tr\/?p=66988#breadcrumb"},"inLanguage":"en-US","potentialAction":[{"@type":"ReadAction","target":["https:\/\/akunq.net\/tr\/?p=66988"]}]},{"@type":"ImageObject","inLanguage":"en-US","@id":"https:\/\/akunq.net\/tr\/?p=66988#primaryimage","url":"https:\/\/akunq.net\/tr\/wp-content\/uploads\/sites\/6\/2022\/02\/S\u00fcmela-Manast\u0131r\u0131-1.jpg","contentUrl":"https:\/\/akunq.net\/tr\/wp-content\/uploads\/sites\/6\/2022\/02\/S\u00fcmela-Manast\u0131r\u0131-1.jpg","width":720,"height":400},{"@type":"BreadcrumbList","@id":"https:\/\/akunq.net\/tr\/?p=66988#breadcrumb","itemListElement":[{"@type":"ListItem","position":1,"name":"Home","item":"https:\/\/akunq.net\/tr"},{"@type":"ListItem","position":2,"name":"S\u00fcmela Manast\u0131r\u0131\u2019nda DJ\u2019lerin izinsiz klip \u00e7ekimine soru\u015fturma"}]},{"@type":"WebSite","@id":"https:\/\/akunq.net\/tr\/#website","url":"https:\/\/akunq.net\/tr\/","name":"Bati Ermenistan Ve Bati Ermenileri Sorunlari Ara\u015ftirmalar Merkezi","description":"","potentialAction":[{"@type":"SearchAction","target":{"@type":"EntryPoint","urlTemplate":"https:\/\/akunq.net\/tr\/?s={search_term_string}"},"query-input":{"@type":"PropertyValueSpecification","valueRequired":true,"valueName":"search_term_string"}}],"inLanguage":"en-US"},{"@type":"Person","@id":"https:\/\/akunq.net\/tr\/#\/schema\/person\/096f1d38a12cce57fb855b485ed24c9e","name":"admin","url":"https:\/\/akunq.net\/tr\/?author=7"}]}},"_links":{"self":[{"href":"https:\/\/akunq.net\/tr\/index.php?rest_route=\/wp\/v2\/posts\/66988","targetHints":{"allow":["GET"]}}],"collection":[{"href":"https:\/\/akunq.net\/tr\/index.php?rest_route=\/wp\/v2\/posts"}],"about":[{"href":"https:\/\/akunq.net\/tr\/index.php?rest_route=\/wp\/v2\/types\/post"}],"author":[{"embeddable":true,"href":"https:\/\/akunq.net\/tr\/index.php?rest_route=\/wp\/v2\/users\/7"}],"replies":[{"embeddable":true,"href":"https:\/\/akunq.net\/tr\/index.php?rest_route=%2Fwp%2Fv2%2Fcomments&post=66988"}],"version-history":[{"count":1,"href":"https:\/\/akunq.net\/tr\/index.php?rest_route=\/wp\/v2\/posts\/66988\/revisions"}],"predecessor-version":[{"id":66990,"href":"https:\/\/akunq.net\/tr\/index.php?rest_route=\/wp\/v2\/posts\/66988\/revisions\/66990"}],"wp:featuredmedia":[{"embeddable":true,"href":"https:\/\/akunq.net\/tr\/index.php?rest_route=\/wp\/v2\/media\/66989"}],"wp:attachment":[{"href":"https:\/\/akunq.net\/tr\/index.php?rest_route=%2Fwp%2Fv2%2Fmedia&parent=66988"}],"wp:term":[{"taxonomy":"category","embeddable":true,"href":"https:\/\/akunq.net\/tr\/index.php?rest_route=%2Fwp%2Fv2%2Fcategories&post=66988"},{"taxonomy":"post_tag","embeddable":true,"href":"https:\/\/akunq.net\/tr\/index.php?rest_route=%2Fwp%2Fv2%2Ftags&post=66988"}],"curies":[{"name":"wp","href":"https:\/\/api.w.org\/{rel}","templated":true}]}}