{"id":66982,"date":"2022-02-09T02:10:44","date_gmt":"2022-02-09T07:10:44","guid":{"rendered":"https:\/\/akunq.net\/tr\/?p=66982"},"modified":"2022-02-09T02:10:44","modified_gmt":"2022-02-09T07:10:44","slug":"kutsal-ecmiadzin-ana-makamindan-azerbaycana-kinama-dunyaya-cagri-islenen-kulturel-soykirima-tepki-gosterin","status":"publish","type":"post","link":"https:\/\/akunq.net\/tr\/?p=66982","title":{"rendered":"Kutsal E\u00e7miadzin Ana Makam\u0131&#8217;ndan Azerbaycan&#8217;a k\u0131nama, d\u00fcnyaya \u00e7a\u011fr\u0131: \u0130\u015flenen k\u00fclt\u00fcrel soyk\u0131r\u0131ma tepki g\u00f6sterin!"},"content":{"rendered":"<p><img loading=\"lazy\" decoding=\"async\" class=\"aligncenter size-medium wp-image-66983\" src=\"https:\/\/akunq.net\/tr\/wp-content\/uploads\/2022\/02\/Kutsal-E\u00e7miadzin-Ana-Makam\u0131-360x242.jpg\" alt=\"\" width=\"360\" height=\"242\" srcset=\"https:\/\/akunq.net\/tr\/wp-content\/uploads\/sites\/6\/2022\/02\/Kutsal-E\u00e7miadzin-Ana-Makam\u0131-360x242.jpg 360w, https:\/\/akunq.net\/tr\/wp-content\/uploads\/sites\/6\/2022\/02\/Kutsal-E\u00e7miadzin-Ana-Makam\u0131-560x376.jpg 560w, https:\/\/akunq.net\/tr\/wp-content\/uploads\/sites\/6\/2022\/02\/Kutsal-E\u00e7miadzin-Ana-Makam\u0131-260x175.jpg 260w, https:\/\/akunq.net\/tr\/wp-content\/uploads\/sites\/6\/2022\/02\/Kutsal-E\u00e7miadzin-Ana-Makam\u0131-160x107.jpg 160w, https:\/\/akunq.net\/tr\/wp-content\/uploads\/sites\/6\/2022\/02\/Kutsal-E\u00e7miadzin-Ana-Makam\u0131.jpg 670w\" sizes=\"auto, (max-width: 360px) 100vw, 360px\" \/><\/p>\n<p><strong><em>Kutsal\u00a0E\u00e7miadzin\u00a0Ana Makam\u0131, ba\u015fta AG\u0130T Minsk Grubu E\u015fba\u015fkanlar\u0131, karde\u015f kiliseler ve dini kurulu\u015flar, uzmanla\u015fm\u0131\u015f uluslararas\u0131 kurulu\u015flar olmak \u00fczere, Karaba\u011f sorununun \u00e7\u00f6z\u00fcm\u00fcnde yer alan t\u00fcm \u00fclkelere, a\u00e7\u0131k bir \u015fekilde i\u015flenen k\u00fclt\u00fcrel soyk\u0131r\u0131ma \u015fiddetle tepki g\u00f6stermeleri i\u00e7in hitap etmektedir.<\/em><\/strong><\/p>\n<p>Konu ile ilgili\u00a0 Kutsal\u00a0E\u00e7miadzin\u00a0Ana Makam\u0131&#8217;n\u0131n facebook hesab\u0131 \u00fczerinden yaz\u0131l\u0131 bir a\u00e7\u0131klama yay\u0131nland\u0131.<\/p>\n<p>A\u00e7\u0131klama \u015f\u00f6yle:<\/p>\n<p>&#8220;Son zamanlarda, Azerbaycan makamlar\u0131, \u00f6zellikle K\u00fclt\u00fcr Bakan\u0131, s\u0131radaki Ermeni kar\u015f\u0131t\u0131 giri\u015fimde bulundular. Azerbaycanl\u0131 bakan\u0131n\u0131n a\u00e7\u0131klamas\u0131na g\u00f6re s\u00f6zde &#8220;Arnavut dini tap\u0131naklar\u0131ndan&#8221; &#8220;Ermenilerin b\u0131rakt\u0131\u011f\u0131 sahte izleri&#8221; ortadan kald\u0131rmak amac\u0131yla Azerbaycan&#8217;da &#8220;Arnavut tarih\u00e7i ve mimarlar\u0131ndan olu\u015fan bir \u00e7al\u0131\u015fma grubu&#8221; olu\u015fturuldu.<\/p>\n<p>Kutsal E\u00e7miadzin Ana Makam\u0131, Azerbaycan makamlar\u0131n\u0131n bu giri\u015fimini \u015fiddetle k\u0131n\u0131yor, bunu Ermenistan, Artsakh ve Ermeni halk\u0131na kar\u015f\u0131 s\u00fcrekli d\u00fc\u015fmanl\u0131k ve nefretin s\u00fcrekli tezah\u00fcrleriyle insanl\u0131k d\u0131\u015f\u0131 ve medeniyet kar\u015f\u0131t\u0131 bir eylem olarak nitelendiriyor.<br \/>\nAzerbaycan&#8217;\u0131n kontrol\u00fcne ge\u00e7en Artsakh&#8217;taki H\u0131ristiyan mabetlerinin Ermeni kimli\u011fi bilimsel olarak kan\u0131tlanm\u0131\u015f bir ger\u00e7ektir, makul ve objektif\u00a0 bir d\u00fc\u015f\u00fcnce \u00e7er\u00e7evesinde tart\u0131\u015f\u0131lamaz.&#8221;<\/p>\n<p>Ayr\u0131ca Kutsal E\u00e7miadzin Ana Makam\u0131 vandalizmin bu ve benzeri tezah\u00fcrlerini durdurmak ve \u00f6nlemek i\u00e7in ad\u0131 ge\u00e7en kurulu\u015flara \u00e7a\u011fr\u0131 yapt\u0131.<\/p>\n<p><em><strong>https:\/\/armenpress.am\/tur\/news\/1075059.html\u00a0<\/strong><\/em><\/p>\n","protected":false},"excerpt":{"rendered":"<p>Kutsal\u00a0E\u00e7miadzin\u00a0Ana Makam\u0131, ba\u015fta AG\u0130T Minsk Grubu E\u015fba\u015fkanlar\u0131, karde\u015f kiliseler ve dini kurulu\u015flar, uzmanla\u015fm\u0131\u015f uluslararas\u0131 kurulu\u015flar olmak \u00fczere, Karaba\u011f sorununun \u00e7\u00f6z\u00fcm\u00fcnde yer alan t\u00fcm \u00fclkelere, a\u00e7\u0131k bir \u015fekilde i\u015flenen k\u00fclt\u00fcrel soyk\u0131r\u0131ma \u015fiddetle tepki g\u00f6stermeleri i\u00e7in hitap etmektedir. Konu ile ilgili\u00a0 Kutsal\u00a0E\u00e7miadzin\u00a0Ana Makam\u0131&#8217;n\u0131n facebook hesab\u0131 \u00fczerinden yaz\u0131l\u0131 bir a\u00e7\u0131klama yay\u0131nland\u0131. A\u00e7\u0131klama \u015f\u00f6yle: &#8220;Son zamanlarda, Azerbaycan makamlar\u0131, \u00f6zellikle [&hellip;]<\/p>\n","protected":false},"author":7,"featured_media":66983,"comment_status":"open","ping_status":"open","sticky":false,"template":"","format":"standard","meta":{"footnotes":""},"categories":[1],"tags":[],"class_list":["post-66982","post","type-post","status-publish","format-standard","has-post-thumbnail","hentry","category-haberler"],"yoast_head":"<!-- This site is optimized with the Yoast SEO plugin v27.4 - https:\/\/yoast.com\/product\/yoast-seo-wordpress\/ -->\n<title>Kutsal E\u00e7miadzin Ana Makam\u0131&#039;ndan Azerbaycan&#039;a k\u0131nama, d\u00fcnyaya \u00e7a\u011fr\u0131: \u0130\u015flenen k\u00fclt\u00fcrel soyk\u0131r\u0131ma tepki g\u00f6sterin! - Bati Ermenistan Ve Bati Ermenileri Sorunlari Ara\u015ftirmalar Merkezi<\/title>\n<meta name=\"robots\" content=\"index, follow, max-snippet:-1, max-image-preview:large, max-video-preview:-1\" \/>\n<link rel=\"canonical\" href=\"https:\/\/akunq.net\/tr\/?p=66982\" \/>\n<meta property=\"og:locale\" content=\"en_US\" \/>\n<meta property=\"og:type\" content=\"article\" \/>\n<meta property=\"og:title\" content=\"Kutsal E\u00e7miadzin Ana Makam\u0131&#039;ndan Azerbaycan&#039;a k\u0131nama, d\u00fcnyaya \u00e7a\u011fr\u0131: \u0130\u015flenen k\u00fclt\u00fcrel soyk\u0131r\u0131ma tepki g\u00f6sterin! - Bati Ermenistan Ve Bati Ermenileri Sorunlari Ara\u015ftirmalar Merkezi\" \/>\n<meta property=\"og:description\" content=\"Kutsal\u00a0E\u00e7miadzin\u00a0Ana Makam\u0131, ba\u015fta AG\u0130T Minsk Grubu E\u015fba\u015fkanlar\u0131, karde\u015f kiliseler ve dini kurulu\u015flar, uzmanla\u015fm\u0131\u015f uluslararas\u0131 kurulu\u015flar olmak \u00fczere, Karaba\u011f sorununun \u00e7\u00f6z\u00fcm\u00fcnde yer alan t\u00fcm \u00fclkelere, a\u00e7\u0131k bir \u015fekilde i\u015flenen k\u00fclt\u00fcrel soyk\u0131r\u0131ma \u015fiddetle tepki g\u00f6stermeleri i\u00e7in hitap etmektedir. Konu ile ilgili\u00a0 Kutsal\u00a0E\u00e7miadzin\u00a0Ana Makam\u0131&#8217;n\u0131n facebook hesab\u0131 \u00fczerinden yaz\u0131l\u0131 bir a\u00e7\u0131klama yay\u0131nland\u0131. A\u00e7\u0131klama \u015f\u00f6yle: &#8220;Son zamanlarda, Azerbaycan makamlar\u0131, \u00f6zellikle [&hellip;]\" \/>\n<meta property=\"og:url\" content=\"https:\/\/akunq.net\/tr\/?p=66982\" \/>\n<meta property=\"og:site_name\" content=\"Bati Ermenistan Ve Bati Ermenileri Sorunlari Ara\u015ftirmalar Merkezi\" \/>\n<meta property=\"article:published_time\" content=\"2022-02-09T07:10:44+00:00\" \/>\n<meta property=\"og:image\" content=\"https:\/\/akunq.net\/tr\/wp-content\/uploads\/sites\/6\/2022\/02\/Kutsal-E\u00e7miadzin-Ana-Makam\u0131.jpg\" \/>\n\t<meta property=\"og:image:width\" content=\"670\" \/>\n\t<meta property=\"og:image:height\" content=\"450\" \/>\n\t<meta property=\"og:image:type\" content=\"image\/jpeg\" \/>\n<meta name=\"author\" content=\"admin\" \/>\n<meta name=\"twitter:card\" content=\"summary_large_image\" \/>\n<meta name=\"twitter:label1\" content=\"Written by\" \/>\n\t<meta name=\"twitter:data1\" content=\"admin\" \/>\n\t<meta name=\"twitter:label2\" content=\"Est. reading time\" \/>\n\t<meta name=\"twitter:data2\" content=\"1 minute\" \/>\n<script type=\"application\/ld+json\" class=\"yoast-schema-graph\">{\"@context\":\"https:\\\/\\\/schema.org\",\"@graph\":[{\"@type\":\"Article\",\"@id\":\"https:\\\/\\\/akunq.net\\\/tr\\\/?p=66982#article\",\"isPartOf\":{\"@id\":\"https:\\\/\\\/akunq.net\\\/tr\\\/?p=66982\"},\"author\":{\"name\":\"admin\",\"@id\":\"https:\\\/\\\/akunq.net\\\/tr\\\/#\\\/schema\\\/person\\\/096f1d38a12cce57fb855b485ed24c9e\"},\"headline\":\"Kutsal E\u00e7miadzin Ana Makam\u0131&#8217;ndan Azerbaycan&#8217;a k\u0131nama, d\u00fcnyaya \u00e7a\u011fr\u0131: \u0130\u015flenen k\u00fclt\u00fcrel soyk\u0131r\u0131ma tepki g\u00f6sterin!\",\"datePublished\":\"2022-02-09T07:10:44+00:00\",\"mainEntityOfPage\":{\"@id\":\"https:\\\/\\\/akunq.net\\\/tr\\\/?p=66982\"},\"wordCount\":269,\"commentCount\":0,\"image\":{\"@id\":\"https:\\\/\\\/akunq.net\\\/tr\\\/?p=66982#primaryimage\"},\"thumbnailUrl\":\"https:\\\/\\\/akunq.net\\\/tr\\\/wp-content\\\/uploads\\\/sites\\\/6\\\/2022\\\/02\\\/Kutsal-E\u00e7miadzin-Ana-Makam\u0131.jpg\",\"articleSection\":[\"Haberler\"],\"inLanguage\":\"en-US\",\"potentialAction\":[{\"@type\":\"CommentAction\",\"name\":\"Comment\",\"target\":[\"https:\\\/\\\/akunq.net\\\/tr\\\/?p=66982#respond\"]}]},{\"@type\":\"WebPage\",\"@id\":\"https:\\\/\\\/akunq.net\\\/tr\\\/?p=66982\",\"url\":\"https:\\\/\\\/akunq.net\\\/tr\\\/?p=66982\",\"name\":\"Kutsal E\u00e7miadzin Ana Makam\u0131'ndan Azerbaycan'a k\u0131nama, d\u00fcnyaya \u00e7a\u011fr\u0131: \u0130\u015flenen k\u00fclt\u00fcrel soyk\u0131r\u0131ma tepki g\u00f6sterin! - Bati Ermenistan Ve Bati Ermenileri Sorunlari Ara\u015ftirmalar Merkezi\",\"isPartOf\":{\"@id\":\"https:\\\/\\\/akunq.net\\\/tr\\\/#website\"},\"primaryImageOfPage\":{\"@id\":\"https:\\\/\\\/akunq.net\\\/tr\\\/?p=66982#primaryimage\"},\"image\":{\"@id\":\"https:\\\/\\\/akunq.net\\\/tr\\\/?p=66982#primaryimage\"},\"thumbnailUrl\":\"https:\\\/\\\/akunq.net\\\/tr\\\/wp-content\\\/uploads\\\/sites\\\/6\\\/2022\\\/02\\\/Kutsal-E\u00e7miadzin-Ana-Makam\u0131.jpg\",\"datePublished\":\"2022-02-09T07:10:44+00:00\",\"author\":{\"@id\":\"https:\\\/\\\/akunq.net\\\/tr\\\/#\\\/schema\\\/person\\\/096f1d38a12cce57fb855b485ed24c9e\"},\"breadcrumb\":{\"@id\":\"https:\\\/\\\/akunq.net\\\/tr\\\/?p=66982#breadcrumb\"},\"inLanguage\":\"en-US\",\"potentialAction\":[{\"@type\":\"ReadAction\",\"target\":[\"https:\\\/\\\/akunq.net\\\/tr\\\/?p=66982\"]}]},{\"@type\":\"ImageObject\",\"inLanguage\":\"en-US\",\"@id\":\"https:\\\/\\\/akunq.net\\\/tr\\\/?p=66982#primaryimage\",\"url\":\"https:\\\/\\\/akunq.net\\\/tr\\\/wp-content\\\/uploads\\\/sites\\\/6\\\/2022\\\/02\\\/Kutsal-E\u00e7miadzin-Ana-Makam\u0131.jpg\",\"contentUrl\":\"https:\\\/\\\/akunq.net\\\/tr\\\/wp-content\\\/uploads\\\/sites\\\/6\\\/2022\\\/02\\\/Kutsal-E\u00e7miadzin-Ana-Makam\u0131.jpg\",\"width\":670,\"height\":450},{\"@type\":\"BreadcrumbList\",\"@id\":\"https:\\\/\\\/akunq.net\\\/tr\\\/?p=66982#breadcrumb\",\"itemListElement\":[{\"@type\":\"ListItem\",\"position\":1,\"name\":\"Home\",\"item\":\"https:\\\/\\\/akunq.net\\\/tr\"},{\"@type\":\"ListItem\",\"position\":2,\"name\":\"Kutsal E\u00e7miadzin Ana Makam\u0131&#8217;ndan Azerbaycan&#8217;a k\u0131nama, d\u00fcnyaya \u00e7a\u011fr\u0131: \u0130\u015flenen k\u00fclt\u00fcrel soyk\u0131r\u0131ma tepki g\u00f6sterin!\"}]},{\"@type\":\"WebSite\",\"@id\":\"https:\\\/\\\/akunq.net\\\/tr\\\/#website\",\"url\":\"https:\\\/\\\/akunq.net\\\/tr\\\/\",\"name\":\"Bati Ermenistan Ve Bati Ermenileri Sorunlari Ara\u015ftirmalar Merkezi\",\"description\":\"\",\"potentialAction\":[{\"@type\":\"SearchAction\",\"target\":{\"@type\":\"EntryPoint\",\"urlTemplate\":\"https:\\\/\\\/akunq.net\\\/tr\\\/?s={search_term_string}\"},\"query-input\":{\"@type\":\"PropertyValueSpecification\",\"valueRequired\":true,\"valueName\":\"search_term_string\"}}],\"inLanguage\":\"en-US\"},{\"@type\":\"Person\",\"@id\":\"https:\\\/\\\/akunq.net\\\/tr\\\/#\\\/schema\\\/person\\\/096f1d38a12cce57fb855b485ed24c9e\",\"name\":\"admin\",\"url\":\"https:\\\/\\\/akunq.net\\\/tr\\\/?author=7\"}]}<\/script>\n<!-- \/ Yoast SEO plugin. -->","yoast_head_json":{"title":"Kutsal E\u00e7miadzin Ana Makam\u0131'ndan Azerbaycan'a k\u0131nama, d\u00fcnyaya \u00e7a\u011fr\u0131: \u0130\u015flenen k\u00fclt\u00fcrel soyk\u0131r\u0131ma tepki g\u00f6sterin! - Bati Ermenistan Ve Bati Ermenileri Sorunlari Ara\u015ftirmalar Merkezi","robots":{"index":"index","follow":"follow","max-snippet":"max-snippet:-1","max-image-preview":"max-image-preview:large","max-video-preview":"max-video-preview:-1"},"canonical":"https:\/\/akunq.net\/tr\/?p=66982","og_locale":"en_US","og_type":"article","og_title":"Kutsal E\u00e7miadzin Ana Makam\u0131'ndan Azerbaycan'a k\u0131nama, d\u00fcnyaya \u00e7a\u011fr\u0131: \u0130\u015flenen k\u00fclt\u00fcrel soyk\u0131r\u0131ma tepki g\u00f6sterin! - Bati Ermenistan Ve Bati Ermenileri Sorunlari Ara\u015ftirmalar Merkezi","og_description":"Kutsal\u00a0E\u00e7miadzin\u00a0Ana Makam\u0131, ba\u015fta AG\u0130T Minsk Grubu E\u015fba\u015fkanlar\u0131, karde\u015f kiliseler ve dini kurulu\u015flar, uzmanla\u015fm\u0131\u015f uluslararas\u0131 kurulu\u015flar olmak \u00fczere, Karaba\u011f sorununun \u00e7\u00f6z\u00fcm\u00fcnde yer alan t\u00fcm \u00fclkelere, a\u00e7\u0131k bir \u015fekilde i\u015flenen k\u00fclt\u00fcrel soyk\u0131r\u0131ma \u015fiddetle tepki g\u00f6stermeleri i\u00e7in hitap etmektedir. Konu ile ilgili\u00a0 Kutsal\u00a0E\u00e7miadzin\u00a0Ana Makam\u0131&#8217;n\u0131n facebook hesab\u0131 \u00fczerinden yaz\u0131l\u0131 bir a\u00e7\u0131klama yay\u0131nland\u0131. A\u00e7\u0131klama \u015f\u00f6yle: &#8220;Son zamanlarda, Azerbaycan makamlar\u0131, \u00f6zellikle [&hellip;]","og_url":"https:\/\/akunq.net\/tr\/?p=66982","og_site_name":"Bati Ermenistan Ve Bati Ermenileri Sorunlari Ara\u015ftirmalar Merkezi","article_published_time":"2022-02-09T07:10:44+00:00","og_image":[{"width":670,"height":450,"url":"https:\/\/akunq.net\/tr\/wp-content\/uploads\/sites\/6\/2022\/02\/Kutsal-E\u00e7miadzin-Ana-Makam\u0131.jpg","type":"image\/jpeg"}],"author":"admin","twitter_card":"summary_large_image","twitter_misc":{"Written by":"admin","Est. reading time":"1 minute"},"schema":{"@context":"https:\/\/schema.org","@graph":[{"@type":"Article","@id":"https:\/\/akunq.net\/tr\/?p=66982#article","isPartOf":{"@id":"https:\/\/akunq.net\/tr\/?p=66982"},"author":{"name":"admin","@id":"https:\/\/akunq.net\/tr\/#\/schema\/person\/096f1d38a12cce57fb855b485ed24c9e"},"headline":"Kutsal E\u00e7miadzin Ana Makam\u0131&#8217;ndan Azerbaycan&#8217;a k\u0131nama, d\u00fcnyaya \u00e7a\u011fr\u0131: \u0130\u015flenen k\u00fclt\u00fcrel soyk\u0131r\u0131ma tepki g\u00f6sterin!","datePublished":"2022-02-09T07:10:44+00:00","mainEntityOfPage":{"@id":"https:\/\/akunq.net\/tr\/?p=66982"},"wordCount":269,"commentCount":0,"image":{"@id":"https:\/\/akunq.net\/tr\/?p=66982#primaryimage"},"thumbnailUrl":"https:\/\/akunq.net\/tr\/wp-content\/uploads\/sites\/6\/2022\/02\/Kutsal-E\u00e7miadzin-Ana-Makam\u0131.jpg","articleSection":["Haberler"],"inLanguage":"en-US","potentialAction":[{"@type":"CommentAction","name":"Comment","target":["https:\/\/akunq.net\/tr\/?p=66982#respond"]}]},{"@type":"WebPage","@id":"https:\/\/akunq.net\/tr\/?p=66982","url":"https:\/\/akunq.net\/tr\/?p=66982","name":"Kutsal E\u00e7miadzin Ana Makam\u0131'ndan Azerbaycan'a k\u0131nama, d\u00fcnyaya \u00e7a\u011fr\u0131: \u0130\u015flenen k\u00fclt\u00fcrel soyk\u0131r\u0131ma tepki g\u00f6sterin! - Bati Ermenistan Ve Bati Ermenileri Sorunlari Ara\u015ftirmalar Merkezi","isPartOf":{"@id":"https:\/\/akunq.net\/tr\/#website"},"primaryImageOfPage":{"@id":"https:\/\/akunq.net\/tr\/?p=66982#primaryimage"},"image":{"@id":"https:\/\/akunq.net\/tr\/?p=66982#primaryimage"},"thumbnailUrl":"https:\/\/akunq.net\/tr\/wp-content\/uploads\/sites\/6\/2022\/02\/Kutsal-E\u00e7miadzin-Ana-Makam\u0131.jpg","datePublished":"2022-02-09T07:10:44+00:00","author":{"@id":"https:\/\/akunq.net\/tr\/#\/schema\/person\/096f1d38a12cce57fb855b485ed24c9e"},"breadcrumb":{"@id":"https:\/\/akunq.net\/tr\/?p=66982#breadcrumb"},"inLanguage":"en-US","potentialAction":[{"@type":"ReadAction","target":["https:\/\/akunq.net\/tr\/?p=66982"]}]},{"@type":"ImageObject","inLanguage":"en-US","@id":"https:\/\/akunq.net\/tr\/?p=66982#primaryimage","url":"https:\/\/akunq.net\/tr\/wp-content\/uploads\/sites\/6\/2022\/02\/Kutsal-E\u00e7miadzin-Ana-Makam\u0131.jpg","contentUrl":"https:\/\/akunq.net\/tr\/wp-content\/uploads\/sites\/6\/2022\/02\/Kutsal-E\u00e7miadzin-Ana-Makam\u0131.jpg","width":670,"height":450},{"@type":"BreadcrumbList","@id":"https:\/\/akunq.net\/tr\/?p=66982#breadcrumb","itemListElement":[{"@type":"ListItem","position":1,"name":"Home","item":"https:\/\/akunq.net\/tr"},{"@type":"ListItem","position":2,"name":"Kutsal E\u00e7miadzin Ana Makam\u0131&#8217;ndan Azerbaycan&#8217;a k\u0131nama, d\u00fcnyaya \u00e7a\u011fr\u0131: \u0130\u015flenen k\u00fclt\u00fcrel soyk\u0131r\u0131ma tepki g\u00f6sterin!"}]},{"@type":"WebSite","@id":"https:\/\/akunq.net\/tr\/#website","url":"https:\/\/akunq.net\/tr\/","name":"Bati Ermenistan Ve Bati Ermenileri Sorunlari Ara\u015ftirmalar Merkezi","description":"","potentialAction":[{"@type":"SearchAction","target":{"@type":"EntryPoint","urlTemplate":"https:\/\/akunq.net\/tr\/?s={search_term_string}"},"query-input":{"@type":"PropertyValueSpecification","valueRequired":true,"valueName":"search_term_string"}}],"inLanguage":"en-US"},{"@type":"Person","@id":"https:\/\/akunq.net\/tr\/#\/schema\/person\/096f1d38a12cce57fb855b485ed24c9e","name":"admin","url":"https:\/\/akunq.net\/tr\/?author=7"}]}},"_links":{"self":[{"href":"https:\/\/akunq.net\/tr\/index.php?rest_route=\/wp\/v2\/posts\/66982","targetHints":{"allow":["GET"]}}],"collection":[{"href":"https:\/\/akunq.net\/tr\/index.php?rest_route=\/wp\/v2\/posts"}],"about":[{"href":"https:\/\/akunq.net\/tr\/index.php?rest_route=\/wp\/v2\/types\/post"}],"author":[{"embeddable":true,"href":"https:\/\/akunq.net\/tr\/index.php?rest_route=\/wp\/v2\/users\/7"}],"replies":[{"embeddable":true,"href":"https:\/\/akunq.net\/tr\/index.php?rest_route=%2Fwp%2Fv2%2Fcomments&post=66982"}],"version-history":[{"count":1,"href":"https:\/\/akunq.net\/tr\/index.php?rest_route=\/wp\/v2\/posts\/66982\/revisions"}],"predecessor-version":[{"id":66984,"href":"https:\/\/akunq.net\/tr\/index.php?rest_route=\/wp\/v2\/posts\/66982\/revisions\/66984"}],"wp:featuredmedia":[{"embeddable":true,"href":"https:\/\/akunq.net\/tr\/index.php?rest_route=\/wp\/v2\/media\/66983"}],"wp:attachment":[{"href":"https:\/\/akunq.net\/tr\/index.php?rest_route=%2Fwp%2Fv2%2Fmedia&parent=66982"}],"wp:term":[{"taxonomy":"category","embeddable":true,"href":"https:\/\/akunq.net\/tr\/index.php?rest_route=%2Fwp%2Fv2%2Fcategories&post=66982"},{"taxonomy":"post_tag","embeddable":true,"href":"https:\/\/akunq.net\/tr\/index.php?rest_route=%2Fwp%2Fv2%2Ftags&post=66982"}],"curies":[{"name":"wp","href":"https:\/\/api.w.org\/{rel}","templated":true}]}}