{"id":66979,"date":"2022-02-09T01:59:36","date_gmt":"2022-02-09T06:59:36","guid":{"rendered":"https:\/\/akunq.net\/tr\/?p=66979"},"modified":"2022-02-09T01:59:36","modified_gmt":"2022-02-09T06:59:36","slug":"yunan-ermeni-dostluk-dernegi-bakunun-amaci-kulturel-soykirim-gerceklestirmektir","status":"publish","type":"post","link":"https:\/\/akunq.net\/tr\/?p=66979","title":{"rendered":"Yunan-Ermeni Dostluk Derne\u011fi: Bak\u00fc&#8217;n\u00fcn amac\u0131 k\u00fclt\u00fcrel soyk\u0131r\u0131m ger\u00e7ekle\u015ftirmektir"},"content":{"rendered":"<div class=\"html-content\">\n<div><img loading=\"lazy\" decoding=\"async\" class=\"aligncenter size-medium wp-image-66980\" src=\"https:\/\/akunq.net\/tr\/wp-content\/uploads\/2022\/02\/Artsakh-360x240.jpg\" alt=\"\" width=\"360\" height=\"240\" srcset=\"https:\/\/akunq.net\/tr\/wp-content\/uploads\/sites\/6\/2022\/02\/Artsakh-360x240.jpg 360w, https:\/\/akunq.net\/tr\/wp-content\/uploads\/sites\/6\/2022\/02\/Artsakh-768x512.jpg 768w, https:\/\/akunq.net\/tr\/wp-content\/uploads\/sites\/6\/2022\/02\/Artsakh-560x373.jpg 560w, https:\/\/akunq.net\/tr\/wp-content\/uploads\/sites\/6\/2022\/02\/Artsakh-260x173.jpg 260w, https:\/\/akunq.net\/tr\/wp-content\/uploads\/sites\/6\/2022\/02\/Artsakh-160x107.jpg 160w, https:\/\/akunq.net\/tr\/wp-content\/uploads\/sites\/6\/2022\/02\/Artsakh.jpg 828w\" sizes=\"auto, (max-width: 360px) 100vw, 360px\" \/><\/div>\n<div><em><strong>Yunan-Ermeni Dostluk Derne\u011fi, a\u00e7\u0131klamada bulunarak Azerbaycan h\u00fck\u00fcmetinin Ermeni kiliselerinin Ermeni kimli\u011fini de\u011fi\u015ftirmek i\u00e7in \u00e7al\u0131\u015fma grubu kurma giri\u015fimini k\u0131nad\u0131.\u00a0<\/strong><\/em><\/div>\n<div><\/div>\n<div>Ermenistan\u2019\u0131n Atina B\u00fcy\u00fckel\u00e7ili\u011fi\u2019nin Facebook hesb\u0131ndan da Rus\u00e7a ve Ermenice olarak payla\u015f\u0131lan a\u00e7\u0131klamada, \u201cYunan-Ermeni Dostluk Derne\u011fi, Azerbaycan h\u00fck\u00fcmetinin, Artsakh&#8217;\u0131n Azerbaycan taraf\u0131ndan i\u015fgal edilmi\u015f topraklardaki Ermeni kiliselerinden Kafkasya Alban Kilisesi&#8217;ne ait oldu\u011fu bahanesiyle Ermeni varl\u0131\u011f\u0131n\u0131\u00a0 kald\u0131rmak i\u00e7in bir \u00e7al\u0131\u015fma grubu kurma giri\u015fimini k\u0131n\u0131yor\u201d ifadeleri kullan\u0131ld\u0131.<\/div>\n<div><\/div>\n<div>5. y\u00fczy\u0131lda k\u0131sa bir s\u00fcre ile kurulmu\u015f olan Kafkasya&#8217;daki Alban Kilisesi\u2019nin asl\u0131nda \u00f6zerk bir kilise oldu\u011funu ve 705 y\u0131l\u0131nda Ermeni Apostolik Kilisesi&#8217;nin himayesine ge\u00e7ti\u011fini kaydeden a\u00e7\u0131klamada Alban alfabesinin Mesrop Ma\u015ftots taraf\u0131ndan\u00a0405 y\u0131l\u0131nda\u00a0yaz\u0131lm\u0131\u015f oldu\u011fu da vurguland\u0131.<\/div>\n<div><\/div>\n<div>A\u00e7\u0131klamada, &#8220;Bak\u00fc&#8217;n\u00fcn amac\u0131n\u0131n k\u00fclt\u00fcrel fa\u015fizm eylemiyle yeni k\u00fclt\u00fcrel soyk\u0131r\u0131m ger\u00e7ekle\u015ftirmek oldu\u011fu a\u00e7\u0131kt\u0131r&#8221; denildi.<\/div>\n<\/div>\n<div class=\"current-author fl cb\"><strong><em>\u00a0<a class=\"a-none\" href=\"https:\/\/www.ermenihaber.am\/tr\/news\/2022\/02\/09\/Yunan-Ermeni-Dostluk-Derne%C4%9Fi\/224968\">Ermenihaber.am<\/a><\/em><\/strong><\/div>\n<div class=\"cb\"><\/div>\n<div class=\"current-socials\">\n<div id=\"st-1\" class=\"sharethis-inline-share-buttons st-left  st-inline-share-buttons st-animated\">\n<div class=\"st-btn st-first\" data-network=\"facebook\"><\/div>\n<\/div>\n<\/div>\n","protected":false},"excerpt":{"rendered":"<p>Yunan-Ermeni Dostluk Derne\u011fi, a\u00e7\u0131klamada bulunarak Azerbaycan h\u00fck\u00fcmetinin Ermeni kiliselerinin Ermeni kimli\u011fini de\u011fi\u015ftirmek i\u00e7in \u00e7al\u0131\u015fma grubu kurma giri\u015fimini k\u0131nad\u0131.\u00a0 Ermenistan\u2019\u0131n Atina B\u00fcy\u00fckel\u00e7ili\u011fi\u2019nin Facebook hesb\u0131ndan da Rus\u00e7a ve Ermenice olarak payla\u015f\u0131lan a\u00e7\u0131klamada, \u201cYunan-Ermeni Dostluk Derne\u011fi, Azerbaycan h\u00fck\u00fcmetinin, Artsakh&#8217;\u0131n Azerbaycan taraf\u0131ndan i\u015fgal edilmi\u015f topraklardaki Ermeni kiliselerinden Kafkasya Alban Kilisesi&#8217;ne ait oldu\u011fu bahanesiyle Ermeni varl\u0131\u011f\u0131n\u0131\u00a0 kald\u0131rmak i\u00e7in bir \u00e7al\u0131\u015fma [&hellip;]<\/p>\n","protected":false},"author":7,"featured_media":66980,"comment_status":"open","ping_status":"open","sticky":false,"template":"","format":"standard","meta":{"footnotes":""},"categories":[1],"tags":[],"class_list":["post-66979","post","type-post","status-publish","format-standard","has-post-thumbnail","hentry","category-haberler"],"yoast_head":"<!-- This site is optimized with the Yoast SEO plugin v27.4 - https:\/\/yoast.com\/product\/yoast-seo-wordpress\/ -->\n<title>Yunan-Ermeni Dostluk Derne\u011fi: Bak\u00fc&#039;n\u00fcn amac\u0131 k\u00fclt\u00fcrel soyk\u0131r\u0131m ger\u00e7ekle\u015ftirmektir - Bati Ermenistan Ve Bati Ermenileri Sorunlari Ara\u015ftirmalar Merkezi<\/title>\n<meta name=\"robots\" content=\"index, follow, max-snippet:-1, max-image-preview:large, max-video-preview:-1\" \/>\n<link rel=\"canonical\" href=\"https:\/\/akunq.net\/tr\/?p=66979\" \/>\n<meta property=\"og:locale\" content=\"en_US\" \/>\n<meta property=\"og:type\" content=\"article\" \/>\n<meta property=\"og:title\" content=\"Yunan-Ermeni Dostluk Derne\u011fi: Bak\u00fc&#039;n\u00fcn amac\u0131 k\u00fclt\u00fcrel soyk\u0131r\u0131m ger\u00e7ekle\u015ftirmektir - Bati Ermenistan Ve Bati Ermenileri Sorunlari Ara\u015ftirmalar Merkezi\" \/>\n<meta property=\"og:description\" content=\"Yunan-Ermeni Dostluk Derne\u011fi, a\u00e7\u0131klamada bulunarak Azerbaycan h\u00fck\u00fcmetinin Ermeni kiliselerinin Ermeni kimli\u011fini de\u011fi\u015ftirmek i\u00e7in \u00e7al\u0131\u015fma grubu kurma giri\u015fimini k\u0131nad\u0131.\u00a0 Ermenistan\u2019\u0131n Atina B\u00fcy\u00fckel\u00e7ili\u011fi\u2019nin Facebook hesb\u0131ndan da Rus\u00e7a ve Ermenice olarak payla\u015f\u0131lan a\u00e7\u0131klamada, \u201cYunan-Ermeni Dostluk Derne\u011fi, Azerbaycan h\u00fck\u00fcmetinin, Artsakh&#8217;\u0131n Azerbaycan taraf\u0131ndan i\u015fgal edilmi\u015f topraklardaki Ermeni kiliselerinden Kafkasya Alban Kilisesi&#8217;ne ait oldu\u011fu bahanesiyle Ermeni varl\u0131\u011f\u0131n\u0131\u00a0 kald\u0131rmak i\u00e7in bir \u00e7al\u0131\u015fma [&hellip;]\" \/>\n<meta property=\"og:url\" content=\"https:\/\/akunq.net\/tr\/?p=66979\" \/>\n<meta property=\"og:site_name\" content=\"Bati Ermenistan Ve Bati Ermenileri Sorunlari Ara\u015ftirmalar Merkezi\" \/>\n<meta property=\"article:published_time\" content=\"2022-02-09T06:59:36+00:00\" \/>\n<meta property=\"og:image\" content=\"https:\/\/akunq.net\/tr\/wp-content\/uploads\/sites\/6\/2022\/02\/Artsakh.jpg\" \/>\n\t<meta property=\"og:image:width\" content=\"828\" \/>\n\t<meta property=\"og:image:height\" content=\"552\" \/>\n\t<meta property=\"og:image:type\" content=\"image\/jpeg\" \/>\n<meta name=\"author\" content=\"admin\" \/>\n<meta name=\"twitter:card\" content=\"summary_large_image\" \/>\n<meta name=\"twitter:label1\" content=\"Written by\" \/>\n\t<meta name=\"twitter:data1\" content=\"admin\" \/>\n\t<meta name=\"twitter:label2\" content=\"Est. reading time\" \/>\n\t<meta name=\"twitter:data2\" content=\"1 minute\" \/>\n<script type=\"application\/ld+json\" class=\"yoast-schema-graph\">{\"@context\":\"https:\\\/\\\/schema.org\",\"@graph\":[{\"@type\":\"Article\",\"@id\":\"https:\\\/\\\/akunq.net\\\/tr\\\/?p=66979#article\",\"isPartOf\":{\"@id\":\"https:\\\/\\\/akunq.net\\\/tr\\\/?p=66979\"},\"author\":{\"name\":\"admin\",\"@id\":\"https:\\\/\\\/akunq.net\\\/tr\\\/#\\\/schema\\\/person\\\/096f1d38a12cce57fb855b485ed24c9e\"},\"headline\":\"Yunan-Ermeni Dostluk Derne\u011fi: Bak\u00fc&#8217;n\u00fcn amac\u0131 k\u00fclt\u00fcrel soyk\u0131r\u0131m ger\u00e7ekle\u015ftirmektir\",\"datePublished\":\"2022-02-09T06:59:36+00:00\",\"mainEntityOfPage\":{\"@id\":\"https:\\\/\\\/akunq.net\\\/tr\\\/?p=66979\"},\"wordCount\":198,\"commentCount\":0,\"image\":{\"@id\":\"https:\\\/\\\/akunq.net\\\/tr\\\/?p=66979#primaryimage\"},\"thumbnailUrl\":\"https:\\\/\\\/akunq.net\\\/tr\\\/wp-content\\\/uploads\\\/sites\\\/6\\\/2022\\\/02\\\/Artsakh.jpg\",\"articleSection\":[\"Haberler\"],\"inLanguage\":\"en-US\",\"potentialAction\":[{\"@type\":\"CommentAction\",\"name\":\"Comment\",\"target\":[\"https:\\\/\\\/akunq.net\\\/tr\\\/?p=66979#respond\"]}]},{\"@type\":\"WebPage\",\"@id\":\"https:\\\/\\\/akunq.net\\\/tr\\\/?p=66979\",\"url\":\"https:\\\/\\\/akunq.net\\\/tr\\\/?p=66979\",\"name\":\"Yunan-Ermeni Dostluk Derne\u011fi: Bak\u00fc'n\u00fcn amac\u0131 k\u00fclt\u00fcrel soyk\u0131r\u0131m ger\u00e7ekle\u015ftirmektir - Bati Ermenistan Ve Bati Ermenileri Sorunlari Ara\u015ftirmalar Merkezi\",\"isPartOf\":{\"@id\":\"https:\\\/\\\/akunq.net\\\/tr\\\/#website\"},\"primaryImageOfPage\":{\"@id\":\"https:\\\/\\\/akunq.net\\\/tr\\\/?p=66979#primaryimage\"},\"image\":{\"@id\":\"https:\\\/\\\/akunq.net\\\/tr\\\/?p=66979#primaryimage\"},\"thumbnailUrl\":\"https:\\\/\\\/akunq.net\\\/tr\\\/wp-content\\\/uploads\\\/sites\\\/6\\\/2022\\\/02\\\/Artsakh.jpg\",\"datePublished\":\"2022-02-09T06:59:36+00:00\",\"author\":{\"@id\":\"https:\\\/\\\/akunq.net\\\/tr\\\/#\\\/schema\\\/person\\\/096f1d38a12cce57fb855b485ed24c9e\"},\"breadcrumb\":{\"@id\":\"https:\\\/\\\/akunq.net\\\/tr\\\/?p=66979#breadcrumb\"},\"inLanguage\":\"en-US\",\"potentialAction\":[{\"@type\":\"ReadAction\",\"target\":[\"https:\\\/\\\/akunq.net\\\/tr\\\/?p=66979\"]}]},{\"@type\":\"ImageObject\",\"inLanguage\":\"en-US\",\"@id\":\"https:\\\/\\\/akunq.net\\\/tr\\\/?p=66979#primaryimage\",\"url\":\"https:\\\/\\\/akunq.net\\\/tr\\\/wp-content\\\/uploads\\\/sites\\\/6\\\/2022\\\/02\\\/Artsakh.jpg\",\"contentUrl\":\"https:\\\/\\\/akunq.net\\\/tr\\\/wp-content\\\/uploads\\\/sites\\\/6\\\/2022\\\/02\\\/Artsakh.jpg\",\"width\":828,\"height\":552},{\"@type\":\"BreadcrumbList\",\"@id\":\"https:\\\/\\\/akunq.net\\\/tr\\\/?p=66979#breadcrumb\",\"itemListElement\":[{\"@type\":\"ListItem\",\"position\":1,\"name\":\"Home\",\"item\":\"https:\\\/\\\/akunq.net\\\/tr\"},{\"@type\":\"ListItem\",\"position\":2,\"name\":\"Yunan-Ermeni Dostluk Derne\u011fi: Bak\u00fc&#8217;n\u00fcn amac\u0131 k\u00fclt\u00fcrel soyk\u0131r\u0131m ger\u00e7ekle\u015ftirmektir\"}]},{\"@type\":\"WebSite\",\"@id\":\"https:\\\/\\\/akunq.net\\\/tr\\\/#website\",\"url\":\"https:\\\/\\\/akunq.net\\\/tr\\\/\",\"name\":\"Bati Ermenistan Ve Bati Ermenileri Sorunlari Ara\u015ftirmalar Merkezi\",\"description\":\"\",\"potentialAction\":[{\"@type\":\"SearchAction\",\"target\":{\"@type\":\"EntryPoint\",\"urlTemplate\":\"https:\\\/\\\/akunq.net\\\/tr\\\/?s={search_term_string}\"},\"query-input\":{\"@type\":\"PropertyValueSpecification\",\"valueRequired\":true,\"valueName\":\"search_term_string\"}}],\"inLanguage\":\"en-US\"},{\"@type\":\"Person\",\"@id\":\"https:\\\/\\\/akunq.net\\\/tr\\\/#\\\/schema\\\/person\\\/096f1d38a12cce57fb855b485ed24c9e\",\"name\":\"admin\",\"url\":\"https:\\\/\\\/akunq.net\\\/tr\\\/?author=7\"}]}<\/script>\n<!-- \/ Yoast SEO plugin. -->","yoast_head_json":{"title":"Yunan-Ermeni Dostluk Derne\u011fi: Bak\u00fc'n\u00fcn amac\u0131 k\u00fclt\u00fcrel soyk\u0131r\u0131m ger\u00e7ekle\u015ftirmektir - Bati Ermenistan Ve Bati Ermenileri Sorunlari Ara\u015ftirmalar Merkezi","robots":{"index":"index","follow":"follow","max-snippet":"max-snippet:-1","max-image-preview":"max-image-preview:large","max-video-preview":"max-video-preview:-1"},"canonical":"https:\/\/akunq.net\/tr\/?p=66979","og_locale":"en_US","og_type":"article","og_title":"Yunan-Ermeni Dostluk Derne\u011fi: Bak\u00fc'n\u00fcn amac\u0131 k\u00fclt\u00fcrel soyk\u0131r\u0131m ger\u00e7ekle\u015ftirmektir - Bati Ermenistan Ve Bati Ermenileri Sorunlari Ara\u015ftirmalar Merkezi","og_description":"Yunan-Ermeni Dostluk Derne\u011fi, a\u00e7\u0131klamada bulunarak Azerbaycan h\u00fck\u00fcmetinin Ermeni kiliselerinin Ermeni kimli\u011fini de\u011fi\u015ftirmek i\u00e7in \u00e7al\u0131\u015fma grubu kurma giri\u015fimini k\u0131nad\u0131.\u00a0 Ermenistan\u2019\u0131n Atina B\u00fcy\u00fckel\u00e7ili\u011fi\u2019nin Facebook hesb\u0131ndan da Rus\u00e7a ve Ermenice olarak payla\u015f\u0131lan a\u00e7\u0131klamada, \u201cYunan-Ermeni Dostluk Derne\u011fi, Azerbaycan h\u00fck\u00fcmetinin, Artsakh&#8217;\u0131n Azerbaycan taraf\u0131ndan i\u015fgal edilmi\u015f topraklardaki Ermeni kiliselerinden Kafkasya Alban Kilisesi&#8217;ne ait oldu\u011fu bahanesiyle Ermeni varl\u0131\u011f\u0131n\u0131\u00a0 kald\u0131rmak i\u00e7in bir \u00e7al\u0131\u015fma [&hellip;]","og_url":"https:\/\/akunq.net\/tr\/?p=66979","og_site_name":"Bati Ermenistan Ve Bati Ermenileri Sorunlari Ara\u015ftirmalar Merkezi","article_published_time":"2022-02-09T06:59:36+00:00","og_image":[{"width":828,"height":552,"url":"https:\/\/akunq.net\/tr\/wp-content\/uploads\/sites\/6\/2022\/02\/Artsakh.jpg","type":"image\/jpeg"}],"author":"admin","twitter_card":"summary_large_image","twitter_misc":{"Written by":"admin","Est. reading time":"1 minute"},"schema":{"@context":"https:\/\/schema.org","@graph":[{"@type":"Article","@id":"https:\/\/akunq.net\/tr\/?p=66979#article","isPartOf":{"@id":"https:\/\/akunq.net\/tr\/?p=66979"},"author":{"name":"admin","@id":"https:\/\/akunq.net\/tr\/#\/schema\/person\/096f1d38a12cce57fb855b485ed24c9e"},"headline":"Yunan-Ermeni Dostluk Derne\u011fi: Bak\u00fc&#8217;n\u00fcn amac\u0131 k\u00fclt\u00fcrel soyk\u0131r\u0131m ger\u00e7ekle\u015ftirmektir","datePublished":"2022-02-09T06:59:36+00:00","mainEntityOfPage":{"@id":"https:\/\/akunq.net\/tr\/?p=66979"},"wordCount":198,"commentCount":0,"image":{"@id":"https:\/\/akunq.net\/tr\/?p=66979#primaryimage"},"thumbnailUrl":"https:\/\/akunq.net\/tr\/wp-content\/uploads\/sites\/6\/2022\/02\/Artsakh.jpg","articleSection":["Haberler"],"inLanguage":"en-US","potentialAction":[{"@type":"CommentAction","name":"Comment","target":["https:\/\/akunq.net\/tr\/?p=66979#respond"]}]},{"@type":"WebPage","@id":"https:\/\/akunq.net\/tr\/?p=66979","url":"https:\/\/akunq.net\/tr\/?p=66979","name":"Yunan-Ermeni Dostluk Derne\u011fi: Bak\u00fc'n\u00fcn amac\u0131 k\u00fclt\u00fcrel soyk\u0131r\u0131m ger\u00e7ekle\u015ftirmektir - Bati Ermenistan Ve Bati Ermenileri Sorunlari Ara\u015ftirmalar Merkezi","isPartOf":{"@id":"https:\/\/akunq.net\/tr\/#website"},"primaryImageOfPage":{"@id":"https:\/\/akunq.net\/tr\/?p=66979#primaryimage"},"image":{"@id":"https:\/\/akunq.net\/tr\/?p=66979#primaryimage"},"thumbnailUrl":"https:\/\/akunq.net\/tr\/wp-content\/uploads\/sites\/6\/2022\/02\/Artsakh.jpg","datePublished":"2022-02-09T06:59:36+00:00","author":{"@id":"https:\/\/akunq.net\/tr\/#\/schema\/person\/096f1d38a12cce57fb855b485ed24c9e"},"breadcrumb":{"@id":"https:\/\/akunq.net\/tr\/?p=66979#breadcrumb"},"inLanguage":"en-US","potentialAction":[{"@type":"ReadAction","target":["https:\/\/akunq.net\/tr\/?p=66979"]}]},{"@type":"ImageObject","inLanguage":"en-US","@id":"https:\/\/akunq.net\/tr\/?p=66979#primaryimage","url":"https:\/\/akunq.net\/tr\/wp-content\/uploads\/sites\/6\/2022\/02\/Artsakh.jpg","contentUrl":"https:\/\/akunq.net\/tr\/wp-content\/uploads\/sites\/6\/2022\/02\/Artsakh.jpg","width":828,"height":552},{"@type":"BreadcrumbList","@id":"https:\/\/akunq.net\/tr\/?p=66979#breadcrumb","itemListElement":[{"@type":"ListItem","position":1,"name":"Home","item":"https:\/\/akunq.net\/tr"},{"@type":"ListItem","position":2,"name":"Yunan-Ermeni Dostluk Derne\u011fi: Bak\u00fc&#8217;n\u00fcn amac\u0131 k\u00fclt\u00fcrel soyk\u0131r\u0131m ger\u00e7ekle\u015ftirmektir"}]},{"@type":"WebSite","@id":"https:\/\/akunq.net\/tr\/#website","url":"https:\/\/akunq.net\/tr\/","name":"Bati Ermenistan Ve Bati Ermenileri Sorunlari Ara\u015ftirmalar Merkezi","description":"","potentialAction":[{"@type":"SearchAction","target":{"@type":"EntryPoint","urlTemplate":"https:\/\/akunq.net\/tr\/?s={search_term_string}"},"query-input":{"@type":"PropertyValueSpecification","valueRequired":true,"valueName":"search_term_string"}}],"inLanguage":"en-US"},{"@type":"Person","@id":"https:\/\/akunq.net\/tr\/#\/schema\/person\/096f1d38a12cce57fb855b485ed24c9e","name":"admin","url":"https:\/\/akunq.net\/tr\/?author=7"}]}},"_links":{"self":[{"href":"https:\/\/akunq.net\/tr\/index.php?rest_route=\/wp\/v2\/posts\/66979","targetHints":{"allow":["GET"]}}],"collection":[{"href":"https:\/\/akunq.net\/tr\/index.php?rest_route=\/wp\/v2\/posts"}],"about":[{"href":"https:\/\/akunq.net\/tr\/index.php?rest_route=\/wp\/v2\/types\/post"}],"author":[{"embeddable":true,"href":"https:\/\/akunq.net\/tr\/index.php?rest_route=\/wp\/v2\/users\/7"}],"replies":[{"embeddable":true,"href":"https:\/\/akunq.net\/tr\/index.php?rest_route=%2Fwp%2Fv2%2Fcomments&post=66979"}],"version-history":[{"count":1,"href":"https:\/\/akunq.net\/tr\/index.php?rest_route=\/wp\/v2\/posts\/66979\/revisions"}],"predecessor-version":[{"id":66981,"href":"https:\/\/akunq.net\/tr\/index.php?rest_route=\/wp\/v2\/posts\/66979\/revisions\/66981"}],"wp:featuredmedia":[{"embeddable":true,"href":"https:\/\/akunq.net\/tr\/index.php?rest_route=\/wp\/v2\/media\/66980"}],"wp:attachment":[{"href":"https:\/\/akunq.net\/tr\/index.php?rest_route=%2Fwp%2Fv2%2Fmedia&parent=66979"}],"wp:term":[{"taxonomy":"category","embeddable":true,"href":"https:\/\/akunq.net\/tr\/index.php?rest_route=%2Fwp%2Fv2%2Fcategories&post=66979"},{"taxonomy":"post_tag","embeddable":true,"href":"https:\/\/akunq.net\/tr\/index.php?rest_route=%2Fwp%2Fv2%2Ftags&post=66979"}],"curies":[{"name":"wp","href":"https:\/\/api.w.org\/{rel}","templated":true}]}}