{"id":66948,"date":"2022-02-07T08:09:34","date_gmt":"2022-02-07T13:09:34","guid":{"rendered":"https:\/\/akunq.net\/tr\/?p=66948"},"modified":"2022-02-07T08:09:34","modified_gmt":"2022-02-07T13:09:34","slug":"alevi-dernekleri-federasyonu-baskani-hukuki-surec-baslatiyoruz-elektrik-faturalarini-odemeyecegiz","status":"publish","type":"post","link":"https:\/\/akunq.net\/tr\/?p=66948","title":{"rendered":"Alevi Dernekleri Federasyonu Ba\u015fkan\u0131: Hukuki s\u00fcre\u00e7 ba\u015flat\u0131yoruz, elektrik faturalar\u0131n\u0131 \u00f6demeyece\u011fiz"},"content":{"rendered":"<p><img loading=\"lazy\" decoding=\"async\" class=\"aligncenter size-medium wp-image-66949\" src=\"https:\/\/akunq.net\/tr\/wp-content\/uploads\/2022\/02\/Alevi-Dernekleri-Federasyonu-360x203.jpg\" alt=\"\" width=\"360\" height=\"203\" srcset=\"https:\/\/akunq.net\/tr\/wp-content\/uploads\/sites\/6\/2022\/02\/Alevi-Dernekleri-Federasyonu-360x203.jpg 360w, https:\/\/akunq.net\/tr\/wp-content\/uploads\/sites\/6\/2022\/02\/Alevi-Dernekleri-Federasyonu-768x432.jpg 768w, https:\/\/akunq.net\/tr\/wp-content\/uploads\/sites\/6\/2022\/02\/Alevi-Dernekleri-Federasyonu-560x315.jpg 560w, https:\/\/akunq.net\/tr\/wp-content\/uploads\/sites\/6\/2022\/02\/Alevi-Dernekleri-Federasyonu-260x146.jpg 260w, https:\/\/akunq.net\/tr\/wp-content\/uploads\/sites\/6\/2022\/02\/Alevi-Dernekleri-Federasyonu-160x90.jpg 160w, https:\/\/akunq.net\/tr\/wp-content\/uploads\/sites\/6\/2022\/02\/Alevi-Dernekleri-Federasyonu.jpg 1000w\" sizes=\"auto, (max-width: 360px) 100vw, 360px\" \/><\/p>\n<p><strong>Dilek Gul<\/strong><\/p>\n<p><em><strong>Y\u0131l\u0131n ilk ay\u0131nda mesken, sanayi ve ticarethane abone gruplar\u0131na ortalama y\u00fczde 52 ile y\u00fczde 130 aras\u0131nda yap\u0131lan elektrik zamm\u0131 faturalara yans\u0131maya ba\u015flad\u0131.<\/strong><\/em><\/p>\n<p>\u0130stanbul K\u00fc\u00e7\u00fck\u00e7ekmece\u2019deki Garip Dede K\u00fclt\u00fcr ve Cemevi Derne\u011fi\u2019ne gelen 30 bin 60 TL elektrik ve 11 bin 847 TL\u2019lik do\u011fal gaz faturas\u0131 tepkilere neden oldu.<\/p>\n<p>\u0130badethane stat\u00fcs\u00fcne al\u0131nmad\u0131\u011f\u0131 i\u00e7in ticarethane stat\u00fcs\u00fcnden kesilen elektrik faturalar\u0131n\u0131 sosyal medyadan payla\u015fan Garip Dede K\u00fclt\u00fcr ve Cemevi Derne\u011fi Ba\u015fkan\u0131 Celal F\u0131rat, \u201cDevlet, cami, mescit, sinagog, kilise gibi yerleri ibadethane olarak g\u00f6r\u00fcyor. Cemevine de ticarethane mant\u0131\u011f\u0131yla bak\u0131yor.\u201d dedi.<\/p>\n<div class=\"twitter-tweet twitter-tweet-rendered\"><iframe id=\"twitter-widget-0\" class=\"\" title=\"Twitter Tweet\" src=\"https:\/\/platform.twitter.com\/embed\/Tweet.html?creatorScreenName=HyeTert&amp;dnt=true&amp;embedId=twitter-widget-0&amp;features=eyJ0ZndfZXhwZXJpbWVudHNfY29va2llX2V4cGlyYXRpb24iOnsiYnVja2V0IjoxMjA5NjAwLCJ2ZXJzaW9uIjpudWxsfSwidGZ3X2hvcml6b25fdHdlZXRfZW1iZWRfOTU1NSI6eyJidWNrZXQiOiJodGUiLCJ2ZXJzaW9uIjpudWxsfSwidGZ3X3NwYWNlX2NhcmQiOnsiYnVja2V0Ijoib2ZmIiwidmVyc2lvbiI6bnVsbH19&amp;frame=false&amp;hideCard=false&amp;hideThread=false&amp;id=1488922390272913412&amp;lang=tr&amp;origin=https%3A%2F%2Fhyetert.org%2F2022%2F02%2F04%2Falevi-dernekleri-federasyonu-baskani-hukuki-surec-baslatiyoruz-elektrik-faturalarini-odemeyecegiz%2F&amp;sessionId=a0201f92ca5ed7d5a645b432133ba00e5d2893bc&amp;siteScreenName=HyeTert&amp;theme=light&amp;widgetsVersion=0a8eea3%3A1643743420422&amp;width=500px\" frameborder=\"0\" scrolling=\"no\" allowfullscreen=\"allowfullscreen\" data-tweet-id=\"1488922390272913412\" data-mce-fragment=\"1\"><\/iframe><\/div>\n<p>Gelip m\u00fch\u00fcrlesinler, faturalar\u0131 \u00f6demeyece\u011fiz ve hukuki s\u00fcreci ba\u015flat\u0131yoruz. Ayn\u0131 \u015feyi do\u011falgaz faturalar\u0131 i\u00e7in de yapaca\u011f\u0131z, hukuk\u00e7u arkada\u015flar\u0131m\u0131z \u00fczerinde \u00e7al\u0131\u015f\u0131yor.<\/p>\n<p>Ayn\u0131 zamanda Alevi Dernekleri Federasyonu Ba\u015fkan\u0131 olan Celal F\u0131rat, euronews\u2019e verdi\u011fi s\u00f6yle\u015fide y\u00f6netim olarak elektrik faturalar\u0131n\u0131 \u00f6dememe karar\u0131 ald\u0131klar\u0131n\u0131 ve hukuki s\u00fcre\u00e7 ba\u015flat\u0131caklar\u0131n\u0131 s\u00f6yledi.<\/p>\n<p>\u2018\u2019T\u00fcrkiye\u2019de iki bine yak\u0131n cemevi, 15-20 milyon alevi var. Fakat vatanda\u015f olarak bizi kabul etmedikleri i\u00e7in cemevlerimiz ibadethane say\u0131lm\u0131yor. Gelip m\u00fch\u00fcrlesinler, \u00f6demeyece\u011fiz ve hukuki s\u00fcreci ba\u015flat\u0131yoruz. Ayn\u0131 \u015feyi do\u011falgaz faturalar\u0131 i\u00e7in de yapaca\u011f\u0131z, hukuk\u00e7u arkada\u015flar\u0131m\u0131z \u00fczerinde \u00e7al\u0131\u015f\u0131yor. Alevilikte her \u015fey r\u0131zal\u0131k \u00fczerine bu zamana kadar \u00f6dedik borcumuzu ama art\u0131k bizim devletten alaca\u011f\u0131m\u0131z var. Biz vatanda\u015fl\u0131k gereklerini yap\u0131yoruz, vergimizi \u00f6d\u00fcyoruz.\u2019\u2019<\/p>\n<p>F\u0131rat, camiilerin giderlerinin Diyanet Vakf\u0131 taraf\u0131ndan kar\u015f\u0131land\u0131\u011f\u0131n\u0131, cemevleri giderlerinin ise ya ba\u011f\u0131\u015flarla ya da baz\u0131 yerel y\u00f6netimlerce kar\u015f\u0131land\u0131\u011f\u0131n\u0131n alt\u0131n\u0131 \u00e7izerek e\u015fit hak vurgusu yapt\u0131.<\/p>\n<p>\u2018\u2019Devlet her sene a\u015fa\u011f\u0131 yukar\u0131 \u00fc\u00e7-d\u00f6rt bakanl\u0131\u011f\u0131n b\u00fct\u00e7esine denk gelecek \u015fekilde Diyanet Vakf\u0131na para ay\u0131r\u0131yor. Camiilerin de giderleri buradan kar\u015f\u0131lan\u0131yor. Esas\u0131nda bizim param\u0131z\u0131, vergilerimizi aktar\u0131yorlar. Ama cemevleri ba\u011f\u0131\u015flarla ya da baz\u0131 yerel y\u00f6netimlerin deste\u011fi ile ayakta. Garip Dede K\u00fclt\u00fcr ve Cemevi\u2019 ise halk\u0131n deste\u011fi ile ayakta. Bu \u00fclkede alevilerin kap\u0131lar\u0131na \u00e7arp\u0131 at\u0131l\u0131yor, \u00e7ocuklar yapm\u0131\u015ft\u0131r deniliyor. \u00c7ocuklar\u0131m\u0131z s\u00f6zl\u00fc m\u00fclakatlarda eleniyor. Biz gelen faturalarla bizi iyice tescillediler, \u00fczerimize kap\u0131lar\u0131m\u0131za \u00e7arp\u0131 i\u015fareti att\u0131lar. \u2019\u2019<\/p>\n<p>\u201dKorkar\u0131m ki insanlar bundan sonra cem yapamayacak duruma gelecek\u201d<\/p>\n<p>Garip Dede K\u00fclt\u00fcr ve Cemevi\u2019nde bir \u015fekilde hizmetlerine devam etmeye \u00e7al\u0131\u015facaklar\u0131n\u0131 s\u00f6yleyen Alevi Dernekleri Federasyonu Ba\u015fkan\u0131 olan Celal F\u0131rat, pek \u00e7ok k\u00fc\u00e7\u00fck cemevinde ibadet yapman\u0131n zorla\u015faca\u011f\u0131n\u0131 da s\u00f6zlerine ekledi.<\/p>\n<p>\u2018\u2019Cemevleri zaten zor ko\u015fullarda hizmetlerini veriyor. Bu son zamlarla ciddi s\u0131k\u0131nt\u0131lar ya\u015fanacak. \u015eu an en k\u00fc\u00e7\u00fck cemevlerimize d\u00f6rt binden a\u015fa\u011f\u0131 fatura gelmedi. Korkar\u0131m ki insanlar bundan sonras\u0131 i\u00e7in cem yapamayacak duruma gelecek.\u2019\u2019<\/p>\n<p>Biz kimseden bedava elektrik istemiyoruz ama bir e\u015fitlik talebimiz var. Cemevlerine ticarethane tarifesi uygulan\u0131yor. Toplumun vicdan\u0131na b\u0131rak\u0131yoruz Ercan Ge\u00e7mez Hac\u0131 Bekta\u015f Veli Anadolu K\u00fclt\u00fcr Vakf\u0131 Genel Ba\u015fkan\u0131<\/p>\n<p>Hac\u0131 Bekta\u015f Veli Anadolu K\u00fclt\u00fcr Vakf\u0131 Genel Ba\u015fkan\u0131 Ercan Ge\u00e7mez ise cemevlerine uygulanan ticarethane tarifesinden bir an \u00f6nce vazge\u00e7ilmesini istedi.<\/p>\n<p>\u2018\u2019Biz kimseden bedava elektrik istemiyoruz ama bir e\u015fitlik talebimiz var. Cemevlerine ticarethane tarifesi uygulan\u0131yor. Enerji Piyasas\u0131 D\u00fczenleme Kurumu\u2019na (EPDK) da daha \u00f6nce ba\u015fvurduk. Devlet yetkililerine de ilettik. 2010\u2019da konuyla ilgili de dava a\u00e7t\u0131k. Ama de\u011fi\u015fen bir \u015fey olmad\u0131. Y\u00fck\u00fcm\u00fcz artt\u0131. T\u00fcrkiye art\u0131k \u00e7ekilecek gibi de\u011fil, sadece elektrik de\u011fil di\u011fer masraflar\u0131m\u0131z da korkun\u00e7 artt\u0131. Ba\u011f\u0131\u015flarla ayaktay\u0131z. Bizim isyan etti\u011fimiz haks\u0131z yere al\u0131nan miktard\u0131r.\u2019\u2019<\/p>\n<p>Cemevlerinde pandemi nedeniyle yo\u011fun bir \u015fekilde cem yap\u0131lmad\u0131\u011f\u0131n\u0131 ve buna ra\u011fmen gelen faturalar\u0131n \u00e7ok a\u011f\u0131r oldu\u011funu s\u00f6yleyen Ge\u00e7mez, aksi durumda faturalar\u0131n 50 bin TL\u2019yi g\u00f6rebilece\u011fini belirtti.<\/p>\n<p>Yeniden dava s\u00fcreci ba\u015flatacaklar\u0131n\u0131 dile getiren Ge\u00e7mez \u2018\u2019Kampanyalarla sesimizi duyurmaya \u00e7al\u0131\u015faca\u011f\u0131z. \u00c7\u00fcnk\u00fc bu durum art\u0131k kamusal bir mesele ve toplumun vicdan\u0131na b\u0131rak\u0131yoruz\u2019\u2019 dedi.<\/p>\n<p>Cemevlerinin elektrik faturalar\u0131 Meclis\u2019e ta\u015f\u0131nd\u0131<\/p>\n<p>Konuyla ilgili siyasiler de sosyal medya hesaplar\u0131ndan tepkiler dile getirdi. CHP \u0130zmir milletvekili Tuncay \u00d6zkan, bir cemevine gelen elektirik faturas\u0131n\u0131 payla\u015farak; \u2018\u2019 Ankara\u2019da ticarethane tarifesinden cemevine gelen fatura 11 bin 615 TL. \u0130badethaneye ticarethane olarak g\u00f6ren zihniyeti k\u0131n\u0131yorum. \u0130ktidar bu tutumdan vazge\u00e7melidir\u2019\u2019 c\u00fcmlelerini kulland\u0131.<\/p>\n<div class=\"twitter-tweet twitter-tweet-rendered\"><iframe id=\"twitter-widget-1\" class=\"\" title=\"Twitter Tweet\" src=\"https:\/\/platform.twitter.com\/embed\/Tweet.html?creatorScreenName=HyeTert&amp;dnt=true&amp;embedId=twitter-widget-1&amp;features=eyJ0ZndfZXhwZXJpbWVudHNfY29va2llX2V4cGlyYXRpb24iOnsiYnVja2V0IjoxMjA5NjAwLCJ2ZXJzaW9uIjpudWxsfSwidGZ3X2hvcml6b25fdHdlZXRfZW1iZWRfOTU1NSI6eyJidWNrZXQiOiJodGUiLCJ2ZXJzaW9uIjpudWxsfSwidGZ3X3NwYWNlX2NhcmQiOnsiYnVja2V0Ijoib2ZmIiwidmVyc2lvbiI6bnVsbH19&amp;frame=false&amp;hideCard=false&amp;hideThread=false&amp;id=1489310283487191045&amp;lang=tr&amp;origin=https%3A%2F%2Fhyetert.org%2F2022%2F02%2F04%2Falevi-dernekleri-federasyonu-baskani-hukuki-surec-baslatiyoruz-elektrik-faturalarini-odemeyecegiz%2F&amp;sessionId=a0201f92ca5ed7d5a645b432133ba00e5d2893bc&amp;siteScreenName=HyeTert&amp;theme=light&amp;widgetsVersion=0a8eea3%3A1643743420422&amp;width=500px\" frameborder=\"0\" scrolling=\"no\" allowfullscreen=\"allowfullscreen\" data-tweet-id=\"1489310283487191045\" data-mce-fragment=\"1\"><\/iframe><\/div>\n<p>Halklar\u0131n Demokratik Partisi (HDP) \u0130stanbul Milletvekili Ali Kenano\u011flu ise konuyu bir soru \u00f6nergesiyle Meclis g\u00fcndemine ta\u015f\u0131d\u0131.<\/p>\n<p>Cemevlerinin ibadethane olarak tan\u0131nmas\u0131 gerekti\u011fine dair yerel ve uluslararas\u0131 mahkeme kararlar\u0131n\u0131 hat\u0131rlatan Kenano\u011flu, \u2018\u2019 Alevilerin inan\u00e7 merkezi olan Cemevlerinin ibadethane oldu\u011fu ve elektrik vb. giderlerinin devlet taraf\u0131ndan \u00f6denmesi gerekti\u011fi ile ilgili AH\u0130M, Dan\u0131\u015ftay ve Yerel Mahkemelerin verdi\u011fi kararlar mevcutken Garip Dede K\u00fclt\u00fcr ve Cemevi Derne\u011fine nas\u0131l b\u00f6yle bir elektrik faturas\u0131 d\u00fczenlenmektedir?\u2019\u2019 diye sordu.<\/p>\n<div class=\"twitter-tweet twitter-tweet-rendered\"><iframe id=\"twitter-widget-2\" class=\"\" title=\"Twitter Tweet\" src=\"https:\/\/platform.twitter.com\/embed\/Tweet.html?creatorScreenName=HyeTert&amp;dnt=true&amp;embedId=twitter-widget-2&amp;features=eyJ0ZndfZXhwZXJpbWVudHNfY29va2llX2V4cGlyYXRpb24iOnsiYnVja2V0IjoxMjA5NjAwLCJ2ZXJzaW9uIjpudWxsfSwidGZ3X2hvcml6b25fdHdlZXRfZW1iZWRfOTU1NSI6eyJidWNrZXQiOiJodGUiLCJ2ZXJzaW9uIjpudWxsfSwidGZ3X3NwYWNlX2NhcmQiOnsiYnVja2V0Ijoib2ZmIiwidmVyc2lvbiI6bnVsbH19&amp;frame=false&amp;hideCard=false&amp;hideThread=false&amp;id=1489574602569310210&amp;lang=tr&amp;origin=https%3A%2F%2Fhyetert.org%2F2022%2F02%2F04%2Falevi-dernekleri-federasyonu-baskani-hukuki-surec-baslatiyoruz-elektrik-faturalarini-odemeyecegiz%2F&amp;sessionId=a0201f92ca5ed7d5a645b432133ba00e5d2893bc&amp;siteScreenName=HyeTert&amp;theme=light&amp;widgetsVersion=0a8eea3%3A1643743420422&amp;width=500px\" frameborder=\"0\" scrolling=\"no\" allowfullscreen=\"allowfullscreen\" data-tweet-id=\"1489574602569310210\" data-mce-fragment=\"1\"><\/iframe><\/div>\n<hr \/>\n<p><em><strong><a href=\"https:\/\/tr.euronews.com\/2022\/02\/04\/alevi-dernekleri-federasyonu-baskan-hukuki-surec-baslat-yoruz-elektrik-faturalar-n-odemeye\" target=\"_blank\" rel=\"noopener noreferrer\">Euronews<\/a><\/strong><\/em><\/p>\n","protected":false},"excerpt":{"rendered":"<p>Dilek Gul Y\u0131l\u0131n ilk ay\u0131nda mesken, sanayi ve ticarethane abone gruplar\u0131na ortalama y\u00fczde 52 ile y\u00fczde 130 aras\u0131nda yap\u0131lan elektrik zamm\u0131 faturalara yans\u0131maya ba\u015flad\u0131. \u0130stanbul K\u00fc\u00e7\u00fck\u00e7ekmece\u2019deki Garip Dede K\u00fclt\u00fcr ve Cemevi Derne\u011fi\u2019ne gelen 30 bin 60 TL elektrik ve 11 bin 847 TL\u2019lik do\u011fal gaz faturas\u0131 tepkilere neden oldu. \u0130badethane stat\u00fcs\u00fcne al\u0131nmad\u0131\u011f\u0131 i\u00e7in ticarethane stat\u00fcs\u00fcnden [&hellip;]<\/p>\n","protected":false},"author":7,"featured_media":66949,"comment_status":"open","ping_status":"open","sticky":false,"template":"","format":"standard","meta":{"footnotes":""},"categories":[1,53],"tags":[],"class_list":["post-66948","post","type-post","status-publish","format-standard","has-post-thumbnail","hentry","category-haberler","category-turkiyede-azinliklar"],"yoast_head":"<!-- This site is optimized with the Yoast SEO plugin v27.4 - https:\/\/yoast.com\/product\/yoast-seo-wordpress\/ -->\n<title>Alevi Dernekleri Federasyonu Ba\u015fkan\u0131: Hukuki s\u00fcre\u00e7 ba\u015flat\u0131yoruz, elektrik faturalar\u0131n\u0131 \u00f6demeyece\u011fiz - Bati Ermenistan Ve Bati Ermenileri Sorunlari Ara\u015ftirmalar Merkezi<\/title>\n<meta name=\"robots\" content=\"index, follow, max-snippet:-1, max-image-preview:large, max-video-preview:-1\" \/>\n<link rel=\"canonical\" href=\"https:\/\/akunq.net\/tr\/?p=66948\" \/>\n<meta property=\"og:locale\" content=\"en_US\" \/>\n<meta property=\"og:type\" content=\"article\" \/>\n<meta property=\"og:title\" content=\"Alevi Dernekleri Federasyonu Ba\u015fkan\u0131: Hukuki s\u00fcre\u00e7 ba\u015flat\u0131yoruz, elektrik faturalar\u0131n\u0131 \u00f6demeyece\u011fiz - Bati Ermenistan Ve Bati Ermenileri Sorunlari Ara\u015ftirmalar Merkezi\" \/>\n<meta property=\"og:description\" content=\"Dilek Gul Y\u0131l\u0131n ilk ay\u0131nda mesken, sanayi ve ticarethane abone gruplar\u0131na ortalama y\u00fczde 52 ile y\u00fczde 130 aras\u0131nda yap\u0131lan elektrik zamm\u0131 faturalara yans\u0131maya ba\u015flad\u0131. \u0130stanbul K\u00fc\u00e7\u00fck\u00e7ekmece\u2019deki Garip Dede K\u00fclt\u00fcr ve Cemevi Derne\u011fi\u2019ne gelen 30 bin 60 TL elektrik ve 11 bin 847 TL\u2019lik do\u011fal gaz faturas\u0131 tepkilere neden oldu. \u0130badethane stat\u00fcs\u00fcne al\u0131nmad\u0131\u011f\u0131 i\u00e7in ticarethane stat\u00fcs\u00fcnden [&hellip;]\" \/>\n<meta property=\"og:url\" content=\"https:\/\/akunq.net\/tr\/?p=66948\" \/>\n<meta property=\"og:site_name\" content=\"Bati Ermenistan Ve Bati Ermenileri Sorunlari Ara\u015ftirmalar Merkezi\" \/>\n<meta property=\"article:published_time\" content=\"2022-02-07T13:09:34+00:00\" \/>\n<meta property=\"og:image\" content=\"https:\/\/akunq.net\/tr\/wp-content\/uploads\/sites\/6\/2022\/02\/Alevi-Dernekleri-Federasyonu.jpg\" \/>\n\t<meta property=\"og:image:width\" content=\"1000\" \/>\n\t<meta property=\"og:image:height\" content=\"563\" \/>\n\t<meta property=\"og:image:type\" content=\"image\/jpeg\" \/>\n<meta name=\"author\" content=\"admin\" \/>\n<meta name=\"twitter:card\" content=\"summary_large_image\" \/>\n<meta name=\"twitter:label1\" content=\"Written by\" \/>\n\t<meta name=\"twitter:data1\" content=\"admin\" \/>\n\t<meta name=\"twitter:label2\" content=\"Est. reading time\" \/>\n\t<meta name=\"twitter:data2\" content=\"4 minutes\" \/>\n<script type=\"application\/ld+json\" class=\"yoast-schema-graph\">{\"@context\":\"https:\\\/\\\/schema.org\",\"@graph\":[{\"@type\":\"Article\",\"@id\":\"https:\\\/\\\/akunq.net\\\/tr\\\/?p=66948#article\",\"isPartOf\":{\"@id\":\"https:\\\/\\\/akunq.net\\\/tr\\\/?p=66948\"},\"author\":{\"name\":\"admin\",\"@id\":\"https:\\\/\\\/akunq.net\\\/tr\\\/#\\\/schema\\\/person\\\/096f1d38a12cce57fb855b485ed24c9e\"},\"headline\":\"Alevi Dernekleri Federasyonu Ba\u015fkan\u0131: Hukuki s\u00fcre\u00e7 ba\u015flat\u0131yoruz, elektrik faturalar\u0131n\u0131 \u00f6demeyece\u011fiz\",\"datePublished\":\"2022-02-07T13:09:34+00:00\",\"mainEntityOfPage\":{\"@id\":\"https:\\\/\\\/akunq.net\\\/tr\\\/?p=66948\"},\"wordCount\":892,\"commentCount\":0,\"image\":{\"@id\":\"https:\\\/\\\/akunq.net\\\/tr\\\/?p=66948#primaryimage\"},\"thumbnailUrl\":\"https:\\\/\\\/akunq.net\\\/tr\\\/wp-content\\\/uploads\\\/sites\\\/6\\\/2022\\\/02\\\/Alevi-Dernekleri-Federasyonu.jpg\",\"articleSection\":[\"Haberler\",\"T\u00fcrkiye\u2019de Az\u0131nl\u0131klar\"],\"inLanguage\":\"en-US\",\"potentialAction\":[{\"@type\":\"CommentAction\",\"name\":\"Comment\",\"target\":[\"https:\\\/\\\/akunq.net\\\/tr\\\/?p=66948#respond\"]}]},{\"@type\":\"WebPage\",\"@id\":\"https:\\\/\\\/akunq.net\\\/tr\\\/?p=66948\",\"url\":\"https:\\\/\\\/akunq.net\\\/tr\\\/?p=66948\",\"name\":\"Alevi Dernekleri Federasyonu Ba\u015fkan\u0131: Hukuki s\u00fcre\u00e7 ba\u015flat\u0131yoruz, elektrik faturalar\u0131n\u0131 \u00f6demeyece\u011fiz - Bati Ermenistan Ve Bati Ermenileri Sorunlari Ara\u015ftirmalar Merkezi\",\"isPartOf\":{\"@id\":\"https:\\\/\\\/akunq.net\\\/tr\\\/#website\"},\"primaryImageOfPage\":{\"@id\":\"https:\\\/\\\/akunq.net\\\/tr\\\/?p=66948#primaryimage\"},\"image\":{\"@id\":\"https:\\\/\\\/akunq.net\\\/tr\\\/?p=66948#primaryimage\"},\"thumbnailUrl\":\"https:\\\/\\\/akunq.net\\\/tr\\\/wp-content\\\/uploads\\\/sites\\\/6\\\/2022\\\/02\\\/Alevi-Dernekleri-Federasyonu.jpg\",\"datePublished\":\"2022-02-07T13:09:34+00:00\",\"author\":{\"@id\":\"https:\\\/\\\/akunq.net\\\/tr\\\/#\\\/schema\\\/person\\\/096f1d38a12cce57fb855b485ed24c9e\"},\"breadcrumb\":{\"@id\":\"https:\\\/\\\/akunq.net\\\/tr\\\/?p=66948#breadcrumb\"},\"inLanguage\":\"en-US\",\"potentialAction\":[{\"@type\":\"ReadAction\",\"target\":[\"https:\\\/\\\/akunq.net\\\/tr\\\/?p=66948\"]}]},{\"@type\":\"ImageObject\",\"inLanguage\":\"en-US\",\"@id\":\"https:\\\/\\\/akunq.net\\\/tr\\\/?p=66948#primaryimage\",\"url\":\"https:\\\/\\\/akunq.net\\\/tr\\\/wp-content\\\/uploads\\\/sites\\\/6\\\/2022\\\/02\\\/Alevi-Dernekleri-Federasyonu.jpg\",\"contentUrl\":\"https:\\\/\\\/akunq.net\\\/tr\\\/wp-content\\\/uploads\\\/sites\\\/6\\\/2022\\\/02\\\/Alevi-Dernekleri-Federasyonu.jpg\",\"width\":1000,\"height\":563},{\"@type\":\"BreadcrumbList\",\"@id\":\"https:\\\/\\\/akunq.net\\\/tr\\\/?p=66948#breadcrumb\",\"itemListElement\":[{\"@type\":\"ListItem\",\"position\":1,\"name\":\"Home\",\"item\":\"https:\\\/\\\/akunq.net\\\/tr\"},{\"@type\":\"ListItem\",\"position\":2,\"name\":\"Alevi Dernekleri Federasyonu Ba\u015fkan\u0131: Hukuki s\u00fcre\u00e7 ba\u015flat\u0131yoruz, elektrik faturalar\u0131n\u0131 \u00f6demeyece\u011fiz\"}]},{\"@type\":\"WebSite\",\"@id\":\"https:\\\/\\\/akunq.net\\\/tr\\\/#website\",\"url\":\"https:\\\/\\\/akunq.net\\\/tr\\\/\",\"name\":\"Bati Ermenistan Ve Bati Ermenileri Sorunlari Ara\u015ftirmalar Merkezi\",\"description\":\"\",\"potentialAction\":[{\"@type\":\"SearchAction\",\"target\":{\"@type\":\"EntryPoint\",\"urlTemplate\":\"https:\\\/\\\/akunq.net\\\/tr\\\/?s={search_term_string}\"},\"query-input\":{\"@type\":\"PropertyValueSpecification\",\"valueRequired\":true,\"valueName\":\"search_term_string\"}}],\"inLanguage\":\"en-US\"},{\"@type\":\"Person\",\"@id\":\"https:\\\/\\\/akunq.net\\\/tr\\\/#\\\/schema\\\/person\\\/096f1d38a12cce57fb855b485ed24c9e\",\"name\":\"admin\",\"url\":\"https:\\\/\\\/akunq.net\\\/tr\\\/?author=7\"}]}<\/script>\n<!-- \/ Yoast SEO plugin. -->","yoast_head_json":{"title":"Alevi Dernekleri Federasyonu Ba\u015fkan\u0131: Hukuki s\u00fcre\u00e7 ba\u015flat\u0131yoruz, elektrik faturalar\u0131n\u0131 \u00f6demeyece\u011fiz - Bati Ermenistan Ve Bati Ermenileri Sorunlari Ara\u015ftirmalar Merkezi","robots":{"index":"index","follow":"follow","max-snippet":"max-snippet:-1","max-image-preview":"max-image-preview:large","max-video-preview":"max-video-preview:-1"},"canonical":"https:\/\/akunq.net\/tr\/?p=66948","og_locale":"en_US","og_type":"article","og_title":"Alevi Dernekleri Federasyonu Ba\u015fkan\u0131: Hukuki s\u00fcre\u00e7 ba\u015flat\u0131yoruz, elektrik faturalar\u0131n\u0131 \u00f6demeyece\u011fiz - Bati Ermenistan Ve Bati Ermenileri Sorunlari Ara\u015ftirmalar Merkezi","og_description":"Dilek Gul Y\u0131l\u0131n ilk ay\u0131nda mesken, sanayi ve ticarethane abone gruplar\u0131na ortalama y\u00fczde 52 ile y\u00fczde 130 aras\u0131nda yap\u0131lan elektrik zamm\u0131 faturalara yans\u0131maya ba\u015flad\u0131. \u0130stanbul K\u00fc\u00e7\u00fck\u00e7ekmece\u2019deki Garip Dede K\u00fclt\u00fcr ve Cemevi Derne\u011fi\u2019ne gelen 30 bin 60 TL elektrik ve 11 bin 847 TL\u2019lik do\u011fal gaz faturas\u0131 tepkilere neden oldu. \u0130badethane stat\u00fcs\u00fcne al\u0131nmad\u0131\u011f\u0131 i\u00e7in ticarethane stat\u00fcs\u00fcnden [&hellip;]","og_url":"https:\/\/akunq.net\/tr\/?p=66948","og_site_name":"Bati Ermenistan Ve Bati Ermenileri Sorunlari Ara\u015ftirmalar Merkezi","article_published_time":"2022-02-07T13:09:34+00:00","og_image":[{"width":1000,"height":563,"url":"https:\/\/akunq.net\/tr\/wp-content\/uploads\/sites\/6\/2022\/02\/Alevi-Dernekleri-Federasyonu.jpg","type":"image\/jpeg"}],"author":"admin","twitter_card":"summary_large_image","twitter_misc":{"Written by":"admin","Est. reading time":"4 minutes"},"schema":{"@context":"https:\/\/schema.org","@graph":[{"@type":"Article","@id":"https:\/\/akunq.net\/tr\/?p=66948#article","isPartOf":{"@id":"https:\/\/akunq.net\/tr\/?p=66948"},"author":{"name":"admin","@id":"https:\/\/akunq.net\/tr\/#\/schema\/person\/096f1d38a12cce57fb855b485ed24c9e"},"headline":"Alevi Dernekleri Federasyonu Ba\u015fkan\u0131: Hukuki s\u00fcre\u00e7 ba\u015flat\u0131yoruz, elektrik faturalar\u0131n\u0131 \u00f6demeyece\u011fiz","datePublished":"2022-02-07T13:09:34+00:00","mainEntityOfPage":{"@id":"https:\/\/akunq.net\/tr\/?p=66948"},"wordCount":892,"commentCount":0,"image":{"@id":"https:\/\/akunq.net\/tr\/?p=66948#primaryimage"},"thumbnailUrl":"https:\/\/akunq.net\/tr\/wp-content\/uploads\/sites\/6\/2022\/02\/Alevi-Dernekleri-Federasyonu.jpg","articleSection":["Haberler","T\u00fcrkiye\u2019de Az\u0131nl\u0131klar"],"inLanguage":"en-US","potentialAction":[{"@type":"CommentAction","name":"Comment","target":["https:\/\/akunq.net\/tr\/?p=66948#respond"]}]},{"@type":"WebPage","@id":"https:\/\/akunq.net\/tr\/?p=66948","url":"https:\/\/akunq.net\/tr\/?p=66948","name":"Alevi Dernekleri Federasyonu Ba\u015fkan\u0131: Hukuki s\u00fcre\u00e7 ba\u015flat\u0131yoruz, elektrik faturalar\u0131n\u0131 \u00f6demeyece\u011fiz - Bati Ermenistan Ve Bati Ermenileri Sorunlari Ara\u015ftirmalar Merkezi","isPartOf":{"@id":"https:\/\/akunq.net\/tr\/#website"},"primaryImageOfPage":{"@id":"https:\/\/akunq.net\/tr\/?p=66948#primaryimage"},"image":{"@id":"https:\/\/akunq.net\/tr\/?p=66948#primaryimage"},"thumbnailUrl":"https:\/\/akunq.net\/tr\/wp-content\/uploads\/sites\/6\/2022\/02\/Alevi-Dernekleri-Federasyonu.jpg","datePublished":"2022-02-07T13:09:34+00:00","author":{"@id":"https:\/\/akunq.net\/tr\/#\/schema\/person\/096f1d38a12cce57fb855b485ed24c9e"},"breadcrumb":{"@id":"https:\/\/akunq.net\/tr\/?p=66948#breadcrumb"},"inLanguage":"en-US","potentialAction":[{"@type":"ReadAction","target":["https:\/\/akunq.net\/tr\/?p=66948"]}]},{"@type":"ImageObject","inLanguage":"en-US","@id":"https:\/\/akunq.net\/tr\/?p=66948#primaryimage","url":"https:\/\/akunq.net\/tr\/wp-content\/uploads\/sites\/6\/2022\/02\/Alevi-Dernekleri-Federasyonu.jpg","contentUrl":"https:\/\/akunq.net\/tr\/wp-content\/uploads\/sites\/6\/2022\/02\/Alevi-Dernekleri-Federasyonu.jpg","width":1000,"height":563},{"@type":"BreadcrumbList","@id":"https:\/\/akunq.net\/tr\/?p=66948#breadcrumb","itemListElement":[{"@type":"ListItem","position":1,"name":"Home","item":"https:\/\/akunq.net\/tr"},{"@type":"ListItem","position":2,"name":"Alevi Dernekleri Federasyonu Ba\u015fkan\u0131: Hukuki s\u00fcre\u00e7 ba\u015flat\u0131yoruz, elektrik faturalar\u0131n\u0131 \u00f6demeyece\u011fiz"}]},{"@type":"WebSite","@id":"https:\/\/akunq.net\/tr\/#website","url":"https:\/\/akunq.net\/tr\/","name":"Bati Ermenistan Ve Bati Ermenileri Sorunlari Ara\u015ftirmalar Merkezi","description":"","potentialAction":[{"@type":"SearchAction","target":{"@type":"EntryPoint","urlTemplate":"https:\/\/akunq.net\/tr\/?s={search_term_string}"},"query-input":{"@type":"PropertyValueSpecification","valueRequired":true,"valueName":"search_term_string"}}],"inLanguage":"en-US"},{"@type":"Person","@id":"https:\/\/akunq.net\/tr\/#\/schema\/person\/096f1d38a12cce57fb855b485ed24c9e","name":"admin","url":"https:\/\/akunq.net\/tr\/?author=7"}]}},"_links":{"self":[{"href":"https:\/\/akunq.net\/tr\/index.php?rest_route=\/wp\/v2\/posts\/66948","targetHints":{"allow":["GET"]}}],"collection":[{"href":"https:\/\/akunq.net\/tr\/index.php?rest_route=\/wp\/v2\/posts"}],"about":[{"href":"https:\/\/akunq.net\/tr\/index.php?rest_route=\/wp\/v2\/types\/post"}],"author":[{"embeddable":true,"href":"https:\/\/akunq.net\/tr\/index.php?rest_route=\/wp\/v2\/users\/7"}],"replies":[{"embeddable":true,"href":"https:\/\/akunq.net\/tr\/index.php?rest_route=%2Fwp%2Fv2%2Fcomments&post=66948"}],"version-history":[{"count":1,"href":"https:\/\/akunq.net\/tr\/index.php?rest_route=\/wp\/v2\/posts\/66948\/revisions"}],"predecessor-version":[{"id":66950,"href":"https:\/\/akunq.net\/tr\/index.php?rest_route=\/wp\/v2\/posts\/66948\/revisions\/66950"}],"wp:featuredmedia":[{"embeddable":true,"href":"https:\/\/akunq.net\/tr\/index.php?rest_route=\/wp\/v2\/media\/66949"}],"wp:attachment":[{"href":"https:\/\/akunq.net\/tr\/index.php?rest_route=%2Fwp%2Fv2%2Fmedia&parent=66948"}],"wp:term":[{"taxonomy":"category","embeddable":true,"href":"https:\/\/akunq.net\/tr\/index.php?rest_route=%2Fwp%2Fv2%2Fcategories&post=66948"},{"taxonomy":"post_tag","embeddable":true,"href":"https:\/\/akunq.net\/tr\/index.php?rest_route=%2Fwp%2Fv2%2Ftags&post=66948"}],"curies":[{"name":"wp","href":"https:\/\/api.w.org\/{rel}","templated":true}]}}