{"id":66937,"date":"2022-02-07T02:18:36","date_gmt":"2022-02-07T07:18:36","guid":{"rendered":"https:\/\/akunq.net\/tr\/?p=66937"},"modified":"2022-02-07T02:18:36","modified_gmt":"2022-02-07T07:18:36","slug":"diyarbakirda-500-yillik-surp-sargis-ermeni-kilisesi-restore-edilecek","status":"publish","type":"post","link":"https:\/\/akunq.net\/tr\/?p=66937","title":{"rendered":"Diyarbak\u0131r\u2019da 500 y\u0131ll\u0131k Surp Sargis Ermeni Kilisesi restore edilecek"},"content":{"rendered":"<p><img loading=\"lazy\" decoding=\"async\" class=\"aligncenter size-medium wp-image-66938\" src=\"https:\/\/akunq.net\/tr\/wp-content\/uploads\/2022\/02\/Diyarbak\u0131r\u2019da-Surp-Sargis-Kilisesi-360x203.jpg\" alt=\"\" width=\"360\" height=\"203\" srcset=\"https:\/\/akunq.net\/tr\/wp-content\/uploads\/sites\/6\/2022\/02\/Diyarbak\u0131r\u2019da-Surp-Sargis-Kilisesi-360x203.jpg 360w, https:\/\/akunq.net\/tr\/wp-content\/uploads\/sites\/6\/2022\/02\/Diyarbak\u0131r\u2019da-Surp-Sargis-Kilisesi-768x432.jpg 768w, https:\/\/akunq.net\/tr\/wp-content\/uploads\/sites\/6\/2022\/02\/Diyarbak\u0131r\u2019da-Surp-Sargis-Kilisesi-560x315.jpg 560w, https:\/\/akunq.net\/tr\/wp-content\/uploads\/sites\/6\/2022\/02\/Diyarbak\u0131r\u2019da-Surp-Sargis-Kilisesi-260x146.jpg 260w, https:\/\/akunq.net\/tr\/wp-content\/uploads\/sites\/6\/2022\/02\/Diyarbak\u0131r\u2019da-Surp-Sargis-Kilisesi-160x90.jpg 160w, https:\/\/akunq.net\/tr\/wp-content\/uploads\/sites\/6\/2022\/02\/Diyarbak\u0131r\u2019da-Surp-Sargis-Kilisesi.jpg 864w\" sizes=\"auto, (max-width: 360px) 100vw, 360px\" \/><\/p>\n<p><em><strong>Diyarbak\u0131r\u2019\u0131n merkez Sur il\u00e7esinde 16. y\u00fczy\u0131lda in\u015fa edilen ve cemaati olmad\u0131\u011f\u0131 i\u00e7in zamanla tahrip olan Surp Sargis Ermeni Kilisesi restore edilerek gelecek ku\u015faklara aktar\u0131lacak.<\/strong><\/em><\/p>\n<p><strong>Nurten Aslan<\/strong><\/p>\n<p>Diyarbak\u0131r\u2019\u0131n merkez Sur il\u00e7esininAlipa\u015fa Mahallesinde 3 bin 769 metrekare alana sahip, m\u00fclkiyeti Diyarbak\u0131r Ermeni Surp K\u00fc\u00e7\u00fck Kilise H\u0131d\u0131r \u0130lyas Surp Gregos Kiliseleri Vakf\u0131na ait olan ve \u00fcst b\u00f6l\u00fcm\u00fc tamamen y\u0131k\u0131lan tarihi kilise, kentte 1950-1985 y\u0131llar\u0131 aras\u0131nda uzun s\u00fcre \u00e7eltik fabrikas\u0131 olarak kullan\u0131ld\u0131\u011f\u0131 i\u00e7in halk arsas\u0131nda \u00c7eltik Kilisesi olarak da biliniyor.<\/p>\n<p><strong>Diyarbak\u0131r\u2019da 500 y\u0131ll\u0131k Surp Sargis Ermeni Kilisesi restore edilecek<\/strong><\/p>\n<p>Kilisenin 1840 y\u0131l\u0131nda onar\u0131ld\u0131\u011f\u0131na dair tamir kitabesi Diyarbak\u0131r Arkeoloji M\u00fczesinde yer al\u0131yor.<\/p>\n<p>941 bin 640 lira bedelle kilisenin r\u00f6l\u00f6ve ve projeleri haz\u0131rlanacak<br \/>\nT\u00fcrkiye Ermenileri Patri\u011fi Sahak Ma\u015falyan ve beraberindeki heyetin ge\u00e7en y\u0131l ekim ay\u0131nda Diyarbak\u0131r Valisi M\u00fcnir Karalo\u011flu\u2019nu ziyaretinde, 16. y\u00fczy\u0131l\u0131n dinsel \u00e7e\u015fitlili\u011finin simgelerinden biri olan Diyarbak\u0131r\u2019daki kiliselerin korunmalar\u0131 gerekti\u011fi g\u00fcndeme geldi.<\/p>\n<p>Yap\u0131lar\u0131n ya\u015fam\u0131n\u0131n uzat\u0131lmas\u0131 ve gelecek nesillere aktar\u0131lmas\u0131 i\u00e7in onar\u0131m \u00e7al\u0131\u015fmas\u0131 y\u00fcr\u00fct\u00fclmesi gereken kilisenin, proje hizmet al\u0131m\u0131n\u0131n Diyarbak\u0131r Yat\u0131r\u0131m \u0130zleme ve Koordinasyon Ba\u015fkanl\u0131\u011f\u0131 (Y\u0130KOB) taraf\u0131ndan kar\u015f\u0131lanacak \u00f6denekle yap\u0131lmas\u0131 i\u00e7in Diyarbak\u0131r R\u00f6l\u00f6ve ve An\u0131tlar M\u00fcd\u00fcrl\u00fc\u011f\u00fcne talimat verildi.<\/p>\n<p>Ta\u015f\u0131nmaz k\u00fclt\u00fcr varl\u0131klar\u0131 katk\u0131 pay\u0131 Valilikten sa\u011flanan \u00f6denekle Diyarbak\u0131r R\u00f6l\u00f6ve ve An\u0131tlar M\u00fcd\u00fcrl\u00fc\u011f\u00fcnce 28 Aral\u0131k 2021\u2019de ihale yap\u0131ld\u0131. 941 bin 640 lira bedelle yap\u0131lan ihalenin s\u00f6zle\u015fmesi imzaland\u0131.<\/p>\n<p><strong>Lazer taray\u0131c\u0131 cihazlarla \u00f6l\u00e7\u00fcm yap\u0131l\u0131yor<\/strong><br \/>\n\u0130hale kapsam\u0131nda kilisenin y\u00fcksek hassasiyette ve hatas\u0131z \u015fekilde tespiti ve belgelenebilmesi i\u00e7in lazer taray\u0131c\u0131 cihazlar kullanarak elde edilen 3 boyutlu nokta bulutu \u00fczerinden al\u0131nan verilerle belgeleme \u00e7al\u0131\u015fmalar\u0131 ger\u00e7ekle\u015ftiriliyor.<\/p>\n<p>Teknolojinin sa\u011flad\u0131\u011f\u0131 imkanlar kullan\u0131larak r\u00f6l\u00f6ve \u00e7izimlerine ba\u015fland\u0131. Saha \u00e7al\u0131\u015fmalar\u0131 s\u0131ras\u0131nda kilise duvarlar\u0131 \u00fczerinden malzeme \u00f6rnekleri al\u0131nd\u0131. Malzeme \u00f6rnekleri hem farkl\u0131 d\u00f6nemlerin malzeme ve yap\u0131m tekni\u011fi bilgisi hem de m\u00fcdahale kararlar\u0131nda etkili olacak.<\/p>\n<p><strong>\u201cKilise an\u0131tsal bir yap\u0131\u201d<\/strong><br \/>\nDiyarbak\u0131r R\u00f6l\u00f6ve ve An\u0131tlar M\u00fcd\u00fcr\u00fc Cemil Ko\u00e7 ve Diyarbak\u0131r Ermeni Surp K\u00fc\u00e7\u00fck Kilise H\u0131d\u0131r \u0130lyas Surp Gregos Kiliseleri Vakf\u0131 Ba\u015fkan\u0131 Erg\u00fcn Ay\u0131k, kilisede incelemelerde bulundu, y\u00fcr\u00fct\u00fclen \u00e7al\u0131\u015fmayla ilgili bilgi ald\u0131.<\/p>\n<p>Ko\u00e7, AA muhabirine, 16. y\u00fczy\u0131lda yap\u0131lan kilisede zaman i\u00e7erisinde cemaatinin azalmas\u0131yla tahribat ve bozulmalar\u0131n ba\u015flad\u0131\u011f\u0131n\u0131, tarihi yap\u0131n\u0131n 1950 ve 1985 tarihlerine kadar da \u00e7e\u015fitli kamu kurumlar\u0131 taraf\u0131ndan depo olarak kullan\u0131ld\u0131\u011f\u0131n\u0131 belirtti.<\/p>\n<p>An\u0131tsal bir yap\u0131 olan kilisenin Diyarbak\u0131r i\u00e7in \u00f6nemli bir de\u011fer ta\u015f\u0131d\u0131\u011f\u0131n\u0131 ifade eden Ko\u00e7, \u201cR\u00f6l\u00f6ve ve projelerin altl\u0131\u011f\u0131n\u0131 olu\u015fturacak olan \u00f6l\u00e7\u00fcmler yap\u0131l\u0131yor. Ayn\u0131 zamanda kilisenin duvarlar\u0131ndan malzeme \u00f6rnekleri al\u0131nd\u0131. Bu malzemeler analiz edilerek yap\u0131ld\u0131\u011f\u0131 d\u00f6neme ve tekni\u011fine ili\u015fkin bilgiler elde edilecek.\u201d diye konu\u015ftu.<\/p>\n<p><strong>\u201cHaz\u0131rlanacak projeler R\u00f6l\u00f6ve ve An\u0131tlar Kuruluna g\u00f6nderilecek\u201d<\/strong><br \/>\nDiyarbak\u0131r Ermeni Surp K\u00fc\u00e7\u00fck Kilise H\u0131d\u0131r \u0130lyas Surp Gregos Kiliseleri Vakf\u0131 Ba\u015fkan\u0131 Erg\u00fcn Ay\u0131k da tarihi yap\u0131n\u0131n Diyarbak\u0131r\u2019da ayakta kalan 2 kiliseden biri oldu\u011funu aktard\u0131.<\/p>\n<p>Ay\u0131k, kiliseyi yeniden aya\u011fa kald\u0131rmak i\u00e7in \u00e7al\u0131\u015fmalara ba\u015flad\u0131klar\u0131n\u0131 dile getirerek, kilisede \u00f6l\u00e7\u00fcmler yap\u0131ld\u0131\u011f\u0131n\u0131, restorasyon projelerinin haz\u0131rlanmas\u0131 i\u00e7in \u00e7al\u0131\u015fma y\u00fcr\u00fct\u00fcld\u00fc\u011f\u00fcn\u00fc kaydetti.<\/p>\n<p>\u201cHaz\u0131rlanacak projeler R\u00f6l\u00f6ve ve An\u0131tlar Kuruluna g\u00f6nderilecek. Bu olduk\u00e7a maliyetli bir i\u015f. Vak\u0131f olarak buna m\u00fcsait olmad\u0131\u011f\u0131m\u0131z i\u00e7in Valimizin gayretleriyle projelendirme i\u015fi ihaleye \u00e7\u0131kt\u0131. R\u00f6l\u00f6ve ve projelendirme i\u015fi yap\u0131l\u0131yor. Valimiz M\u00fcnir Karalo\u011flu\u2019nun b\u00fcy\u00fck destekleri var. Kendisi bilhassa eserlerin Diyarbak\u0131r\u2019a kazand\u0131r\u0131lmas\u0131 i\u00e7in b\u00fcy\u00fck gayret sarf ediyor.\u201d ifadelerini kullanan Ay\u0131k, bu \u00e7al\u0131\u015fman\u0131n da bunun g\u00f6stergelerinden biri oldu\u011funu vurgulad\u0131.<\/p>\n<p>Ay\u0131k, \u201cBuray\u0131 bir an\u0131t olarak yeniden restore etmeyi d\u00fc\u015f\u00fcn\u00fcyoruz.\u201d dedi.<\/p>\n<hr \/>\n<p><em><strong><a href=\"https:\/\/www.aa.com.tr\/tr\/kultur-sanat\/diyarbakirda-500-yillik-surp-sargis-ermeni-kilisesi-restore-edilecek\/2495201\" target=\"_blank\" rel=\"noopener noreferrer\">AA<\/a>\u00a0<\/strong><\/em><\/p>\n","protected":false},"excerpt":{"rendered":"<p>Diyarbak\u0131r\u2019\u0131n merkez Sur il\u00e7esinde 16. y\u00fczy\u0131lda in\u015fa edilen ve cemaati olmad\u0131\u011f\u0131 i\u00e7in zamanla tahrip olan Surp Sargis Ermeni Kilisesi restore edilerek gelecek ku\u015faklara aktar\u0131lacak. Nurten Aslan Diyarbak\u0131r\u2019\u0131n merkez Sur il\u00e7esininAlipa\u015fa Mahallesinde 3 bin 769 metrekare alana sahip, m\u00fclkiyeti Diyarbak\u0131r Ermeni Surp K\u00fc\u00e7\u00fck Kilise H\u0131d\u0131r \u0130lyas Surp Gregos Kiliseleri Vakf\u0131na ait olan ve \u00fcst b\u00f6l\u00fcm\u00fc tamamen [&hellip;]<\/p>\n","protected":false},"author":7,"featured_media":66938,"comment_status":"open","ping_status":"open","sticky":false,"template":"","format":"standard","meta":{"footnotes":""},"categories":[22,1],"tags":[],"class_list":["post-66937","post","type-post","status-publish","format-standard","has-post-thumbnail","hentry","category-gunumuzde-bati-ermenistan","category-haberler"],"yoast_head":"<!-- This site is optimized with the Yoast SEO plugin v27.4 - https:\/\/yoast.com\/product\/yoast-seo-wordpress\/ -->\n<title>Diyarbak\u0131r\u2019da 500 y\u0131ll\u0131k Surp Sargis Ermeni Kilisesi restore edilecek - Bati Ermenistan Ve Bati Ermenileri Sorunlari Ara\u015ftirmalar Merkezi<\/title>\n<meta name=\"robots\" content=\"index, follow, max-snippet:-1, max-image-preview:large, max-video-preview:-1\" \/>\n<link rel=\"canonical\" href=\"https:\/\/akunq.net\/tr\/?p=66937\" \/>\n<meta property=\"og:locale\" content=\"en_US\" \/>\n<meta property=\"og:type\" content=\"article\" \/>\n<meta property=\"og:title\" content=\"Diyarbak\u0131r\u2019da 500 y\u0131ll\u0131k Surp Sargis Ermeni Kilisesi restore edilecek - Bati Ermenistan Ve Bati Ermenileri Sorunlari Ara\u015ftirmalar Merkezi\" \/>\n<meta property=\"og:description\" content=\"Diyarbak\u0131r\u2019\u0131n merkez Sur il\u00e7esinde 16. y\u00fczy\u0131lda in\u015fa edilen ve cemaati olmad\u0131\u011f\u0131 i\u00e7in zamanla tahrip olan Surp Sargis Ermeni Kilisesi restore edilerek gelecek ku\u015faklara aktar\u0131lacak. Nurten Aslan Diyarbak\u0131r\u2019\u0131n merkez Sur il\u00e7esininAlipa\u015fa Mahallesinde 3 bin 769 metrekare alana sahip, m\u00fclkiyeti Diyarbak\u0131r Ermeni Surp K\u00fc\u00e7\u00fck Kilise H\u0131d\u0131r \u0130lyas Surp Gregos Kiliseleri Vakf\u0131na ait olan ve \u00fcst b\u00f6l\u00fcm\u00fc tamamen [&hellip;]\" \/>\n<meta property=\"og:url\" content=\"https:\/\/akunq.net\/tr\/?p=66937\" \/>\n<meta property=\"og:site_name\" content=\"Bati Ermenistan Ve Bati Ermenileri Sorunlari Ara\u015ftirmalar Merkezi\" \/>\n<meta property=\"article:published_time\" content=\"2022-02-07T07:18:36+00:00\" \/>\n<meta property=\"og:image\" content=\"https:\/\/akunq.net\/tr\/wp-content\/uploads\/sites\/6\/2022\/02\/Diyarbak\u0131r\u2019da-Surp-Sargis-Kilisesi.jpg\" \/>\n\t<meta property=\"og:image:width\" content=\"864\" \/>\n\t<meta property=\"og:image:height\" content=\"486\" \/>\n\t<meta property=\"og:image:type\" content=\"image\/jpeg\" \/>\n<meta name=\"author\" content=\"admin\" \/>\n<meta name=\"twitter:card\" content=\"summary_large_image\" \/>\n<meta name=\"twitter:label1\" content=\"Written by\" \/>\n\t<meta name=\"twitter:data1\" content=\"admin\" \/>\n\t<meta name=\"twitter:label2\" content=\"Est. reading time\" \/>\n\t<meta name=\"twitter:data2\" content=\"4 minutes\" \/>\n<script type=\"application\/ld+json\" class=\"yoast-schema-graph\">{\"@context\":\"https:\\\/\\\/schema.org\",\"@graph\":[{\"@type\":\"Article\",\"@id\":\"https:\\\/\\\/akunq.net\\\/tr\\\/?p=66937#article\",\"isPartOf\":{\"@id\":\"https:\\\/\\\/akunq.net\\\/tr\\\/?p=66937\"},\"author\":{\"name\":\"admin\",\"@id\":\"https:\\\/\\\/akunq.net\\\/tr\\\/#\\\/schema\\\/person\\\/096f1d38a12cce57fb855b485ed24c9e\"},\"headline\":\"Diyarbak\u0131r\u2019da 500 y\u0131ll\u0131k Surp Sargis Ermeni Kilisesi restore edilecek\",\"datePublished\":\"2022-02-07T07:18:36+00:00\",\"mainEntityOfPage\":{\"@id\":\"https:\\\/\\\/akunq.net\\\/tr\\\/?p=66937\"},\"wordCount\":750,\"commentCount\":0,\"image\":{\"@id\":\"https:\\\/\\\/akunq.net\\\/tr\\\/?p=66937#primaryimage\"},\"thumbnailUrl\":\"https:\\\/\\\/akunq.net\\\/tr\\\/wp-content\\\/uploads\\\/sites\\\/6\\\/2022\\\/02\\\/Diyarbak\u0131r\u2019da-Surp-Sargis-Kilisesi.jpg\",\"articleSection\":[\"G\u00fcn\u00fcm\u00fczde Bat\u0131 Ermenistan\",\"Haberler\"],\"inLanguage\":\"en-US\",\"potentialAction\":[{\"@type\":\"CommentAction\",\"name\":\"Comment\",\"target\":[\"https:\\\/\\\/akunq.net\\\/tr\\\/?p=66937#respond\"]}]},{\"@type\":\"WebPage\",\"@id\":\"https:\\\/\\\/akunq.net\\\/tr\\\/?p=66937\",\"url\":\"https:\\\/\\\/akunq.net\\\/tr\\\/?p=66937\",\"name\":\"Diyarbak\u0131r\u2019da 500 y\u0131ll\u0131k Surp Sargis Ermeni Kilisesi restore edilecek - Bati Ermenistan Ve Bati Ermenileri Sorunlari Ara\u015ftirmalar Merkezi\",\"isPartOf\":{\"@id\":\"https:\\\/\\\/akunq.net\\\/tr\\\/#website\"},\"primaryImageOfPage\":{\"@id\":\"https:\\\/\\\/akunq.net\\\/tr\\\/?p=66937#primaryimage\"},\"image\":{\"@id\":\"https:\\\/\\\/akunq.net\\\/tr\\\/?p=66937#primaryimage\"},\"thumbnailUrl\":\"https:\\\/\\\/akunq.net\\\/tr\\\/wp-content\\\/uploads\\\/sites\\\/6\\\/2022\\\/02\\\/Diyarbak\u0131r\u2019da-Surp-Sargis-Kilisesi.jpg\",\"datePublished\":\"2022-02-07T07:18:36+00:00\",\"author\":{\"@id\":\"https:\\\/\\\/akunq.net\\\/tr\\\/#\\\/schema\\\/person\\\/096f1d38a12cce57fb855b485ed24c9e\"},\"breadcrumb\":{\"@id\":\"https:\\\/\\\/akunq.net\\\/tr\\\/?p=66937#breadcrumb\"},\"inLanguage\":\"en-US\",\"potentialAction\":[{\"@type\":\"ReadAction\",\"target\":[\"https:\\\/\\\/akunq.net\\\/tr\\\/?p=66937\"]}]},{\"@type\":\"ImageObject\",\"inLanguage\":\"en-US\",\"@id\":\"https:\\\/\\\/akunq.net\\\/tr\\\/?p=66937#primaryimage\",\"url\":\"https:\\\/\\\/akunq.net\\\/tr\\\/wp-content\\\/uploads\\\/sites\\\/6\\\/2022\\\/02\\\/Diyarbak\u0131r\u2019da-Surp-Sargis-Kilisesi.jpg\",\"contentUrl\":\"https:\\\/\\\/akunq.net\\\/tr\\\/wp-content\\\/uploads\\\/sites\\\/6\\\/2022\\\/02\\\/Diyarbak\u0131r\u2019da-Surp-Sargis-Kilisesi.jpg\",\"width\":864,\"height\":486},{\"@type\":\"BreadcrumbList\",\"@id\":\"https:\\\/\\\/akunq.net\\\/tr\\\/?p=66937#breadcrumb\",\"itemListElement\":[{\"@type\":\"ListItem\",\"position\":1,\"name\":\"Home\",\"item\":\"https:\\\/\\\/akunq.net\\\/tr\"},{\"@type\":\"ListItem\",\"position\":2,\"name\":\"Diyarbak\u0131r\u2019da 500 y\u0131ll\u0131k Surp Sargis Ermeni Kilisesi restore edilecek\"}]},{\"@type\":\"WebSite\",\"@id\":\"https:\\\/\\\/akunq.net\\\/tr\\\/#website\",\"url\":\"https:\\\/\\\/akunq.net\\\/tr\\\/\",\"name\":\"Bati Ermenistan Ve Bati Ermenileri Sorunlari Ara\u015ftirmalar Merkezi\",\"description\":\"\",\"potentialAction\":[{\"@type\":\"SearchAction\",\"target\":{\"@type\":\"EntryPoint\",\"urlTemplate\":\"https:\\\/\\\/akunq.net\\\/tr\\\/?s={search_term_string}\"},\"query-input\":{\"@type\":\"PropertyValueSpecification\",\"valueRequired\":true,\"valueName\":\"search_term_string\"}}],\"inLanguage\":\"en-US\"},{\"@type\":\"Person\",\"@id\":\"https:\\\/\\\/akunq.net\\\/tr\\\/#\\\/schema\\\/person\\\/096f1d38a12cce57fb855b485ed24c9e\",\"name\":\"admin\",\"url\":\"https:\\\/\\\/akunq.net\\\/tr\\\/?author=7\"}]}<\/script>\n<!-- \/ Yoast SEO plugin. -->","yoast_head_json":{"title":"Diyarbak\u0131r\u2019da 500 y\u0131ll\u0131k Surp Sargis Ermeni Kilisesi restore edilecek - Bati Ermenistan Ve Bati Ermenileri Sorunlari Ara\u015ftirmalar Merkezi","robots":{"index":"index","follow":"follow","max-snippet":"max-snippet:-1","max-image-preview":"max-image-preview:large","max-video-preview":"max-video-preview:-1"},"canonical":"https:\/\/akunq.net\/tr\/?p=66937","og_locale":"en_US","og_type":"article","og_title":"Diyarbak\u0131r\u2019da 500 y\u0131ll\u0131k Surp Sargis Ermeni Kilisesi restore edilecek - Bati Ermenistan Ve Bati Ermenileri Sorunlari Ara\u015ftirmalar Merkezi","og_description":"Diyarbak\u0131r\u2019\u0131n merkez Sur il\u00e7esinde 16. y\u00fczy\u0131lda in\u015fa edilen ve cemaati olmad\u0131\u011f\u0131 i\u00e7in zamanla tahrip olan Surp Sargis Ermeni Kilisesi restore edilerek gelecek ku\u015faklara aktar\u0131lacak. Nurten Aslan Diyarbak\u0131r\u2019\u0131n merkez Sur il\u00e7esininAlipa\u015fa Mahallesinde 3 bin 769 metrekare alana sahip, m\u00fclkiyeti Diyarbak\u0131r Ermeni Surp K\u00fc\u00e7\u00fck Kilise H\u0131d\u0131r \u0130lyas Surp Gregos Kiliseleri Vakf\u0131na ait olan ve \u00fcst b\u00f6l\u00fcm\u00fc tamamen [&hellip;]","og_url":"https:\/\/akunq.net\/tr\/?p=66937","og_site_name":"Bati Ermenistan Ve Bati Ermenileri Sorunlari Ara\u015ftirmalar Merkezi","article_published_time":"2022-02-07T07:18:36+00:00","og_image":[{"width":864,"height":486,"url":"https:\/\/akunq.net\/tr\/wp-content\/uploads\/sites\/6\/2022\/02\/Diyarbak\u0131r\u2019da-Surp-Sargis-Kilisesi.jpg","type":"image\/jpeg"}],"author":"admin","twitter_card":"summary_large_image","twitter_misc":{"Written by":"admin","Est. reading time":"4 minutes"},"schema":{"@context":"https:\/\/schema.org","@graph":[{"@type":"Article","@id":"https:\/\/akunq.net\/tr\/?p=66937#article","isPartOf":{"@id":"https:\/\/akunq.net\/tr\/?p=66937"},"author":{"name":"admin","@id":"https:\/\/akunq.net\/tr\/#\/schema\/person\/096f1d38a12cce57fb855b485ed24c9e"},"headline":"Diyarbak\u0131r\u2019da 500 y\u0131ll\u0131k Surp Sargis Ermeni Kilisesi restore edilecek","datePublished":"2022-02-07T07:18:36+00:00","mainEntityOfPage":{"@id":"https:\/\/akunq.net\/tr\/?p=66937"},"wordCount":750,"commentCount":0,"image":{"@id":"https:\/\/akunq.net\/tr\/?p=66937#primaryimage"},"thumbnailUrl":"https:\/\/akunq.net\/tr\/wp-content\/uploads\/sites\/6\/2022\/02\/Diyarbak\u0131r\u2019da-Surp-Sargis-Kilisesi.jpg","articleSection":["G\u00fcn\u00fcm\u00fczde Bat\u0131 Ermenistan","Haberler"],"inLanguage":"en-US","potentialAction":[{"@type":"CommentAction","name":"Comment","target":["https:\/\/akunq.net\/tr\/?p=66937#respond"]}]},{"@type":"WebPage","@id":"https:\/\/akunq.net\/tr\/?p=66937","url":"https:\/\/akunq.net\/tr\/?p=66937","name":"Diyarbak\u0131r\u2019da 500 y\u0131ll\u0131k Surp Sargis Ermeni Kilisesi restore edilecek - Bati Ermenistan Ve Bati Ermenileri Sorunlari Ara\u015ftirmalar Merkezi","isPartOf":{"@id":"https:\/\/akunq.net\/tr\/#website"},"primaryImageOfPage":{"@id":"https:\/\/akunq.net\/tr\/?p=66937#primaryimage"},"image":{"@id":"https:\/\/akunq.net\/tr\/?p=66937#primaryimage"},"thumbnailUrl":"https:\/\/akunq.net\/tr\/wp-content\/uploads\/sites\/6\/2022\/02\/Diyarbak\u0131r\u2019da-Surp-Sargis-Kilisesi.jpg","datePublished":"2022-02-07T07:18:36+00:00","author":{"@id":"https:\/\/akunq.net\/tr\/#\/schema\/person\/096f1d38a12cce57fb855b485ed24c9e"},"breadcrumb":{"@id":"https:\/\/akunq.net\/tr\/?p=66937#breadcrumb"},"inLanguage":"en-US","potentialAction":[{"@type":"ReadAction","target":["https:\/\/akunq.net\/tr\/?p=66937"]}]},{"@type":"ImageObject","inLanguage":"en-US","@id":"https:\/\/akunq.net\/tr\/?p=66937#primaryimage","url":"https:\/\/akunq.net\/tr\/wp-content\/uploads\/sites\/6\/2022\/02\/Diyarbak\u0131r\u2019da-Surp-Sargis-Kilisesi.jpg","contentUrl":"https:\/\/akunq.net\/tr\/wp-content\/uploads\/sites\/6\/2022\/02\/Diyarbak\u0131r\u2019da-Surp-Sargis-Kilisesi.jpg","width":864,"height":486},{"@type":"BreadcrumbList","@id":"https:\/\/akunq.net\/tr\/?p=66937#breadcrumb","itemListElement":[{"@type":"ListItem","position":1,"name":"Home","item":"https:\/\/akunq.net\/tr"},{"@type":"ListItem","position":2,"name":"Diyarbak\u0131r\u2019da 500 y\u0131ll\u0131k Surp Sargis Ermeni Kilisesi restore edilecek"}]},{"@type":"WebSite","@id":"https:\/\/akunq.net\/tr\/#website","url":"https:\/\/akunq.net\/tr\/","name":"Bati Ermenistan Ve Bati Ermenileri Sorunlari Ara\u015ftirmalar Merkezi","description":"","potentialAction":[{"@type":"SearchAction","target":{"@type":"EntryPoint","urlTemplate":"https:\/\/akunq.net\/tr\/?s={search_term_string}"},"query-input":{"@type":"PropertyValueSpecification","valueRequired":true,"valueName":"search_term_string"}}],"inLanguage":"en-US"},{"@type":"Person","@id":"https:\/\/akunq.net\/tr\/#\/schema\/person\/096f1d38a12cce57fb855b485ed24c9e","name":"admin","url":"https:\/\/akunq.net\/tr\/?author=7"}]}},"_links":{"self":[{"href":"https:\/\/akunq.net\/tr\/index.php?rest_route=\/wp\/v2\/posts\/66937","targetHints":{"allow":["GET"]}}],"collection":[{"href":"https:\/\/akunq.net\/tr\/index.php?rest_route=\/wp\/v2\/posts"}],"about":[{"href":"https:\/\/akunq.net\/tr\/index.php?rest_route=\/wp\/v2\/types\/post"}],"author":[{"embeddable":true,"href":"https:\/\/akunq.net\/tr\/index.php?rest_route=\/wp\/v2\/users\/7"}],"replies":[{"embeddable":true,"href":"https:\/\/akunq.net\/tr\/index.php?rest_route=%2Fwp%2Fv2%2Fcomments&post=66937"}],"version-history":[{"count":1,"href":"https:\/\/akunq.net\/tr\/index.php?rest_route=\/wp\/v2\/posts\/66937\/revisions"}],"predecessor-version":[{"id":66939,"href":"https:\/\/akunq.net\/tr\/index.php?rest_route=\/wp\/v2\/posts\/66937\/revisions\/66939"}],"wp:featuredmedia":[{"embeddable":true,"href":"https:\/\/akunq.net\/tr\/index.php?rest_route=\/wp\/v2\/media\/66938"}],"wp:attachment":[{"href":"https:\/\/akunq.net\/tr\/index.php?rest_route=%2Fwp%2Fv2%2Fmedia&parent=66937"}],"wp:term":[{"taxonomy":"category","embeddable":true,"href":"https:\/\/akunq.net\/tr\/index.php?rest_route=%2Fwp%2Fv2%2Fcategories&post=66937"},{"taxonomy":"post_tag","embeddable":true,"href":"https:\/\/akunq.net\/tr\/index.php?rest_route=%2Fwp%2Fv2%2Ftags&post=66937"}],"curies":[{"name":"wp","href":"https:\/\/api.w.org\/{rel}","templated":true}]}}