{"id":66934,"date":"2022-02-07T01:49:36","date_gmt":"2022-02-07T06:49:36","guid":{"rendered":"https:\/\/akunq.net\/tr\/?p=66934"},"modified":"2022-02-07T01:49:36","modified_gmt":"2022-02-07T06:49:36","slug":"ermenistan-disisleri-bakanligi-pashinyanin-turkiye-ziyareti-ve-antalyadaki-forumuna-katilimi-gorusulmuyor","status":"publish","type":"post","link":"https:\/\/akunq.net\/tr\/?p=66934","title":{"rendered":"Ermenistan D\u0131\u015fi\u015fleri Bakanl\u0131\u011f\u0131: Pashinyan&#8217;\u0131n T\u00fcrkiye ziyareti ve Antalya&#8217;daki forumuna kat\u0131l\u0131m\u0131 g\u00f6r\u00fc\u015f\u00fclm\u00fcyor"},"content":{"rendered":"<div><img loading=\"lazy\" decoding=\"async\" class=\"aligncenter size-medium wp-image-66935\" src=\"https:\/\/akunq.net\/tr\/wp-content\/uploads\/2022\/02\/Andur-360x242.jpg\" alt=\"\" width=\"360\" height=\"242\" srcset=\"https:\/\/akunq.net\/tr\/wp-content\/uploads\/sites\/6\/2022\/02\/Andur-360x242.jpg 360w, https:\/\/akunq.net\/tr\/wp-content\/uploads\/sites\/6\/2022\/02\/Andur-560x376.jpg 560w, https:\/\/akunq.net\/tr\/wp-content\/uploads\/sites\/6\/2022\/02\/Andur-260x175.jpg 260w, https:\/\/akunq.net\/tr\/wp-content\/uploads\/sites\/6\/2022\/02\/Andur-160x107.jpg 160w, https:\/\/akunq.net\/tr\/wp-content\/uploads\/sites\/6\/2022\/02\/Andur.jpg 670w\" sizes=\"auto, (max-width: 360px) 100vw, 360px\" \/><\/div>\n<div><em><strong>Ermenistan Ba\u015fbakan\u0131 Nikol Pa\u015finyan&#8217;\u0131n T\u00fcrkiye&#8217;yi ziyareti etmesi ve Antalya Diplomasi Forumu\u2019na kat\u0131lmas\u0131 g\u00f6r\u00fc\u015f\u00fclm\u00fcyor. Armenpress\u2019in haberine g\u00f6re bu konuda Ermenistan D\u0131\u015fi\u015fleri Bakanl\u0131\u011f\u0131 S\u00f6zc\u00fcs\u00fc Vahan Hunanyan a\u00e7\u0131klama yapt\u0131.<\/strong><\/em><\/p>\n<\/div>\n<div>Ermenistan D\u0131\u015fi\u015fleri Bakanl\u0131\u011f\u0131\u2019ndan yorum T\u00fcrkiye Cumhurba\u015fkan\u0131 Yard\u0131mc\u0131s\u0131 Fuat Oktay\u2019\u0131n a\u00e7\u0131klamas\u0131n\u0131n ard\u0131ndan geldi. Oktay, Pa\u015finyan&#8217;\u0131n mart ay\u0131nda Antalya Diplomasi Forumu&#8217;na kat\u0131lmak \u00fczere T\u00fcrkiye&#8217;ye gelece\u011fini s\u00f6ylemi\u015fti. Bu diplomatik etkinli\u011fe davet, Ermenistan D\u0131\u015fi\u015fleri Bakan\u0131 Ararat Mirzoyan ve\u00a0 Ermenistan-T\u00fcrkiye diyalog s\u00fcrecinde Ermenistan&#8217;\u0131n \u00d6zel Temsilcisi Ruben Rubinyan&#8217;a g\u00f6nderilmi\u015ftir.<\/div>\n<div><em><strong>https:\/\/armenpress.am\/tur\/news\/1074790.html\u00a0<\/strong><\/em><\/div>\n","protected":false},"excerpt":{"rendered":"<p>Ermenistan Ba\u015fbakan\u0131 Nikol Pa\u015finyan&#8217;\u0131n T\u00fcrkiye&#8217;yi ziyareti etmesi ve Antalya Diplomasi Forumu\u2019na kat\u0131lmas\u0131 g\u00f6r\u00fc\u015f\u00fclm\u00fcyor. Armenpress\u2019in haberine g\u00f6re bu konuda Ermenistan D\u0131\u015fi\u015fleri Bakanl\u0131\u011f\u0131 S\u00f6zc\u00fcs\u00fc Vahan Hunanyan a\u00e7\u0131klama yapt\u0131. Ermenistan D\u0131\u015fi\u015fleri Bakanl\u0131\u011f\u0131\u2019ndan yorum T\u00fcrkiye Cumhurba\u015fkan\u0131 Yard\u0131mc\u0131s\u0131 Fuat Oktay\u2019\u0131n a\u00e7\u0131klamas\u0131n\u0131n ard\u0131ndan geldi. Oktay, Pa\u015finyan&#8217;\u0131n mart ay\u0131nda Antalya Diplomasi Forumu&#8217;na kat\u0131lmak \u00fczere T\u00fcrkiye&#8217;ye gelece\u011fini s\u00f6ylemi\u015fti. Bu diplomatik etkinli\u011fe davet, Ermenistan [&hellip;]<\/p>\n","protected":false},"author":7,"featured_media":66935,"comment_status":"open","ping_status":"open","sticky":false,"template":"","format":"standard","meta":{"footnotes":""},"categories":[1],"tags":[],"class_list":["post-66934","post","type-post","status-publish","format-standard","has-post-thumbnail","hentry","category-haberler"],"yoast_head":"<!-- This site is optimized with the Yoast SEO plugin v27.4 - https:\/\/yoast.com\/product\/yoast-seo-wordpress\/ -->\n<title>Ermenistan D\u0131\u015fi\u015fleri Bakanl\u0131\u011f\u0131: Pashinyan&#039;\u0131n T\u00fcrkiye ziyareti ve Antalya&#039;daki forumuna kat\u0131l\u0131m\u0131 g\u00f6r\u00fc\u015f\u00fclm\u00fcyor - Bati Ermenistan Ve Bati Ermenileri Sorunlari Ara\u015ftirmalar Merkezi<\/title>\n<meta name=\"robots\" content=\"index, follow, max-snippet:-1, max-image-preview:large, max-video-preview:-1\" \/>\n<link rel=\"canonical\" href=\"https:\/\/akunq.net\/tr\/?p=66934\" \/>\n<meta property=\"og:locale\" content=\"en_US\" \/>\n<meta property=\"og:type\" content=\"article\" \/>\n<meta property=\"og:title\" content=\"Ermenistan D\u0131\u015fi\u015fleri Bakanl\u0131\u011f\u0131: Pashinyan&#039;\u0131n T\u00fcrkiye ziyareti ve Antalya&#039;daki forumuna kat\u0131l\u0131m\u0131 g\u00f6r\u00fc\u015f\u00fclm\u00fcyor - Bati Ermenistan Ve Bati Ermenileri Sorunlari Ara\u015ftirmalar Merkezi\" \/>\n<meta property=\"og:description\" content=\"Ermenistan Ba\u015fbakan\u0131 Nikol Pa\u015finyan&#8217;\u0131n T\u00fcrkiye&#8217;yi ziyareti etmesi ve Antalya Diplomasi Forumu\u2019na kat\u0131lmas\u0131 g\u00f6r\u00fc\u015f\u00fclm\u00fcyor. Armenpress\u2019in haberine g\u00f6re bu konuda Ermenistan D\u0131\u015fi\u015fleri Bakanl\u0131\u011f\u0131 S\u00f6zc\u00fcs\u00fc Vahan Hunanyan a\u00e7\u0131klama yapt\u0131. Ermenistan D\u0131\u015fi\u015fleri Bakanl\u0131\u011f\u0131\u2019ndan yorum T\u00fcrkiye Cumhurba\u015fkan\u0131 Yard\u0131mc\u0131s\u0131 Fuat Oktay\u2019\u0131n a\u00e7\u0131klamas\u0131n\u0131n ard\u0131ndan geldi. Oktay, Pa\u015finyan&#8217;\u0131n mart ay\u0131nda Antalya Diplomasi Forumu&#8217;na kat\u0131lmak \u00fczere T\u00fcrkiye&#8217;ye gelece\u011fini s\u00f6ylemi\u015fti. Bu diplomatik etkinli\u011fe davet, Ermenistan [&hellip;]\" \/>\n<meta property=\"og:url\" content=\"https:\/\/akunq.net\/tr\/?p=66934\" \/>\n<meta property=\"og:site_name\" content=\"Bati Ermenistan Ve Bati Ermenileri Sorunlari Ara\u015ftirmalar Merkezi\" \/>\n<meta property=\"article:published_time\" content=\"2022-02-07T06:49:36+00:00\" \/>\n<meta property=\"og:image\" content=\"https:\/\/akunq.net\/tr\/wp-content\/uploads\/sites\/6\/2022\/02\/Andur.jpg\" \/>\n\t<meta property=\"og:image:width\" content=\"670\" \/>\n\t<meta property=\"og:image:height\" content=\"450\" \/>\n\t<meta property=\"og:image:type\" content=\"image\/jpeg\" \/>\n<meta name=\"author\" content=\"admin\" \/>\n<meta name=\"twitter:card\" content=\"summary_large_image\" \/>\n<meta name=\"twitter:label1\" content=\"Written by\" \/>\n\t<meta name=\"twitter:data1\" content=\"admin\" \/>\n\t<meta name=\"twitter:label2\" content=\"Est. reading time\" \/>\n\t<meta name=\"twitter:data2\" content=\"1 minute\" \/>\n<script type=\"application\/ld+json\" class=\"yoast-schema-graph\">{\"@context\":\"https:\\\/\\\/schema.org\",\"@graph\":[{\"@type\":\"Article\",\"@id\":\"https:\\\/\\\/akunq.net\\\/tr\\\/?p=66934#article\",\"isPartOf\":{\"@id\":\"https:\\\/\\\/akunq.net\\\/tr\\\/?p=66934\"},\"author\":{\"name\":\"admin\",\"@id\":\"https:\\\/\\\/akunq.net\\\/tr\\\/#\\\/schema\\\/person\\\/096f1d38a12cce57fb855b485ed24c9e\"},\"headline\":\"Ermenistan D\u0131\u015fi\u015fleri Bakanl\u0131\u011f\u0131: Pashinyan&#8217;\u0131n T\u00fcrkiye ziyareti ve Antalya&#8217;daki forumuna kat\u0131l\u0131m\u0131 g\u00f6r\u00fc\u015f\u00fclm\u00fcyor\",\"datePublished\":\"2022-02-07T06:49:36+00:00\",\"mainEntityOfPage\":{\"@id\":\"https:\\\/\\\/akunq.net\\\/tr\\\/?p=66934\"},\"wordCount\":139,\"commentCount\":0,\"image\":{\"@id\":\"https:\\\/\\\/akunq.net\\\/tr\\\/?p=66934#primaryimage\"},\"thumbnailUrl\":\"https:\\\/\\\/akunq.net\\\/tr\\\/wp-content\\\/uploads\\\/sites\\\/6\\\/2022\\\/02\\\/Andur.jpg\",\"articleSection\":[\"Haberler\"],\"inLanguage\":\"en-US\",\"potentialAction\":[{\"@type\":\"CommentAction\",\"name\":\"Comment\",\"target\":[\"https:\\\/\\\/akunq.net\\\/tr\\\/?p=66934#respond\"]}]},{\"@type\":\"WebPage\",\"@id\":\"https:\\\/\\\/akunq.net\\\/tr\\\/?p=66934\",\"url\":\"https:\\\/\\\/akunq.net\\\/tr\\\/?p=66934\",\"name\":\"Ermenistan D\u0131\u015fi\u015fleri Bakanl\u0131\u011f\u0131: Pashinyan'\u0131n T\u00fcrkiye ziyareti ve Antalya'daki forumuna kat\u0131l\u0131m\u0131 g\u00f6r\u00fc\u015f\u00fclm\u00fcyor - Bati Ermenistan Ve Bati Ermenileri Sorunlari Ara\u015ftirmalar Merkezi\",\"isPartOf\":{\"@id\":\"https:\\\/\\\/akunq.net\\\/tr\\\/#website\"},\"primaryImageOfPage\":{\"@id\":\"https:\\\/\\\/akunq.net\\\/tr\\\/?p=66934#primaryimage\"},\"image\":{\"@id\":\"https:\\\/\\\/akunq.net\\\/tr\\\/?p=66934#primaryimage\"},\"thumbnailUrl\":\"https:\\\/\\\/akunq.net\\\/tr\\\/wp-content\\\/uploads\\\/sites\\\/6\\\/2022\\\/02\\\/Andur.jpg\",\"datePublished\":\"2022-02-07T06:49:36+00:00\",\"author\":{\"@id\":\"https:\\\/\\\/akunq.net\\\/tr\\\/#\\\/schema\\\/person\\\/096f1d38a12cce57fb855b485ed24c9e\"},\"breadcrumb\":{\"@id\":\"https:\\\/\\\/akunq.net\\\/tr\\\/?p=66934#breadcrumb\"},\"inLanguage\":\"en-US\",\"potentialAction\":[{\"@type\":\"ReadAction\",\"target\":[\"https:\\\/\\\/akunq.net\\\/tr\\\/?p=66934\"]}]},{\"@type\":\"ImageObject\",\"inLanguage\":\"en-US\",\"@id\":\"https:\\\/\\\/akunq.net\\\/tr\\\/?p=66934#primaryimage\",\"url\":\"https:\\\/\\\/akunq.net\\\/tr\\\/wp-content\\\/uploads\\\/sites\\\/6\\\/2022\\\/02\\\/Andur.jpg\",\"contentUrl\":\"https:\\\/\\\/akunq.net\\\/tr\\\/wp-content\\\/uploads\\\/sites\\\/6\\\/2022\\\/02\\\/Andur.jpg\",\"width\":670,\"height\":450},{\"@type\":\"BreadcrumbList\",\"@id\":\"https:\\\/\\\/akunq.net\\\/tr\\\/?p=66934#breadcrumb\",\"itemListElement\":[{\"@type\":\"ListItem\",\"position\":1,\"name\":\"Home\",\"item\":\"https:\\\/\\\/akunq.net\\\/tr\"},{\"@type\":\"ListItem\",\"position\":2,\"name\":\"Ermenistan D\u0131\u015fi\u015fleri Bakanl\u0131\u011f\u0131: Pashinyan&#8217;\u0131n T\u00fcrkiye ziyareti ve Antalya&#8217;daki forumuna kat\u0131l\u0131m\u0131 g\u00f6r\u00fc\u015f\u00fclm\u00fcyor\"}]},{\"@type\":\"WebSite\",\"@id\":\"https:\\\/\\\/akunq.net\\\/tr\\\/#website\",\"url\":\"https:\\\/\\\/akunq.net\\\/tr\\\/\",\"name\":\"Bati Ermenistan Ve Bati Ermenileri Sorunlari Ara\u015ftirmalar Merkezi\",\"description\":\"\",\"potentialAction\":[{\"@type\":\"SearchAction\",\"target\":{\"@type\":\"EntryPoint\",\"urlTemplate\":\"https:\\\/\\\/akunq.net\\\/tr\\\/?s={search_term_string}\"},\"query-input\":{\"@type\":\"PropertyValueSpecification\",\"valueRequired\":true,\"valueName\":\"search_term_string\"}}],\"inLanguage\":\"en-US\"},{\"@type\":\"Person\",\"@id\":\"https:\\\/\\\/akunq.net\\\/tr\\\/#\\\/schema\\\/person\\\/096f1d38a12cce57fb855b485ed24c9e\",\"name\":\"admin\",\"url\":\"https:\\\/\\\/akunq.net\\\/tr\\\/?author=7\"}]}<\/script>\n<!-- \/ Yoast SEO plugin. -->","yoast_head_json":{"title":"Ermenistan D\u0131\u015fi\u015fleri Bakanl\u0131\u011f\u0131: Pashinyan'\u0131n T\u00fcrkiye ziyareti ve Antalya'daki forumuna kat\u0131l\u0131m\u0131 g\u00f6r\u00fc\u015f\u00fclm\u00fcyor - Bati Ermenistan Ve Bati Ermenileri Sorunlari Ara\u015ftirmalar Merkezi","robots":{"index":"index","follow":"follow","max-snippet":"max-snippet:-1","max-image-preview":"max-image-preview:large","max-video-preview":"max-video-preview:-1"},"canonical":"https:\/\/akunq.net\/tr\/?p=66934","og_locale":"en_US","og_type":"article","og_title":"Ermenistan D\u0131\u015fi\u015fleri Bakanl\u0131\u011f\u0131: Pashinyan'\u0131n T\u00fcrkiye ziyareti ve Antalya'daki forumuna kat\u0131l\u0131m\u0131 g\u00f6r\u00fc\u015f\u00fclm\u00fcyor - Bati Ermenistan Ve Bati Ermenileri Sorunlari Ara\u015ftirmalar Merkezi","og_description":"Ermenistan Ba\u015fbakan\u0131 Nikol Pa\u015finyan&#8217;\u0131n T\u00fcrkiye&#8217;yi ziyareti etmesi ve Antalya Diplomasi Forumu\u2019na kat\u0131lmas\u0131 g\u00f6r\u00fc\u015f\u00fclm\u00fcyor. Armenpress\u2019in haberine g\u00f6re bu konuda Ermenistan D\u0131\u015fi\u015fleri Bakanl\u0131\u011f\u0131 S\u00f6zc\u00fcs\u00fc Vahan Hunanyan a\u00e7\u0131klama yapt\u0131. Ermenistan D\u0131\u015fi\u015fleri Bakanl\u0131\u011f\u0131\u2019ndan yorum T\u00fcrkiye Cumhurba\u015fkan\u0131 Yard\u0131mc\u0131s\u0131 Fuat Oktay\u2019\u0131n a\u00e7\u0131klamas\u0131n\u0131n ard\u0131ndan geldi. Oktay, Pa\u015finyan&#8217;\u0131n mart ay\u0131nda Antalya Diplomasi Forumu&#8217;na kat\u0131lmak \u00fczere T\u00fcrkiye&#8217;ye gelece\u011fini s\u00f6ylemi\u015fti. Bu diplomatik etkinli\u011fe davet, Ermenistan [&hellip;]","og_url":"https:\/\/akunq.net\/tr\/?p=66934","og_site_name":"Bati Ermenistan Ve Bati Ermenileri Sorunlari Ara\u015ftirmalar Merkezi","article_published_time":"2022-02-07T06:49:36+00:00","og_image":[{"width":670,"height":450,"url":"https:\/\/akunq.net\/tr\/wp-content\/uploads\/sites\/6\/2022\/02\/Andur.jpg","type":"image\/jpeg"}],"author":"admin","twitter_card":"summary_large_image","twitter_misc":{"Written by":"admin","Est. reading time":"1 minute"},"schema":{"@context":"https:\/\/schema.org","@graph":[{"@type":"Article","@id":"https:\/\/akunq.net\/tr\/?p=66934#article","isPartOf":{"@id":"https:\/\/akunq.net\/tr\/?p=66934"},"author":{"name":"admin","@id":"https:\/\/akunq.net\/tr\/#\/schema\/person\/096f1d38a12cce57fb855b485ed24c9e"},"headline":"Ermenistan D\u0131\u015fi\u015fleri Bakanl\u0131\u011f\u0131: Pashinyan&#8217;\u0131n T\u00fcrkiye ziyareti ve Antalya&#8217;daki forumuna kat\u0131l\u0131m\u0131 g\u00f6r\u00fc\u015f\u00fclm\u00fcyor","datePublished":"2022-02-07T06:49:36+00:00","mainEntityOfPage":{"@id":"https:\/\/akunq.net\/tr\/?p=66934"},"wordCount":139,"commentCount":0,"image":{"@id":"https:\/\/akunq.net\/tr\/?p=66934#primaryimage"},"thumbnailUrl":"https:\/\/akunq.net\/tr\/wp-content\/uploads\/sites\/6\/2022\/02\/Andur.jpg","articleSection":["Haberler"],"inLanguage":"en-US","potentialAction":[{"@type":"CommentAction","name":"Comment","target":["https:\/\/akunq.net\/tr\/?p=66934#respond"]}]},{"@type":"WebPage","@id":"https:\/\/akunq.net\/tr\/?p=66934","url":"https:\/\/akunq.net\/tr\/?p=66934","name":"Ermenistan D\u0131\u015fi\u015fleri Bakanl\u0131\u011f\u0131: Pashinyan'\u0131n T\u00fcrkiye ziyareti ve Antalya'daki forumuna kat\u0131l\u0131m\u0131 g\u00f6r\u00fc\u015f\u00fclm\u00fcyor - Bati Ermenistan Ve Bati Ermenileri Sorunlari Ara\u015ftirmalar Merkezi","isPartOf":{"@id":"https:\/\/akunq.net\/tr\/#website"},"primaryImageOfPage":{"@id":"https:\/\/akunq.net\/tr\/?p=66934#primaryimage"},"image":{"@id":"https:\/\/akunq.net\/tr\/?p=66934#primaryimage"},"thumbnailUrl":"https:\/\/akunq.net\/tr\/wp-content\/uploads\/sites\/6\/2022\/02\/Andur.jpg","datePublished":"2022-02-07T06:49:36+00:00","author":{"@id":"https:\/\/akunq.net\/tr\/#\/schema\/person\/096f1d38a12cce57fb855b485ed24c9e"},"breadcrumb":{"@id":"https:\/\/akunq.net\/tr\/?p=66934#breadcrumb"},"inLanguage":"en-US","potentialAction":[{"@type":"ReadAction","target":["https:\/\/akunq.net\/tr\/?p=66934"]}]},{"@type":"ImageObject","inLanguage":"en-US","@id":"https:\/\/akunq.net\/tr\/?p=66934#primaryimage","url":"https:\/\/akunq.net\/tr\/wp-content\/uploads\/sites\/6\/2022\/02\/Andur.jpg","contentUrl":"https:\/\/akunq.net\/tr\/wp-content\/uploads\/sites\/6\/2022\/02\/Andur.jpg","width":670,"height":450},{"@type":"BreadcrumbList","@id":"https:\/\/akunq.net\/tr\/?p=66934#breadcrumb","itemListElement":[{"@type":"ListItem","position":1,"name":"Home","item":"https:\/\/akunq.net\/tr"},{"@type":"ListItem","position":2,"name":"Ermenistan D\u0131\u015fi\u015fleri Bakanl\u0131\u011f\u0131: Pashinyan&#8217;\u0131n T\u00fcrkiye ziyareti ve Antalya&#8217;daki forumuna kat\u0131l\u0131m\u0131 g\u00f6r\u00fc\u015f\u00fclm\u00fcyor"}]},{"@type":"WebSite","@id":"https:\/\/akunq.net\/tr\/#website","url":"https:\/\/akunq.net\/tr\/","name":"Bati Ermenistan Ve Bati Ermenileri Sorunlari Ara\u015ftirmalar Merkezi","description":"","potentialAction":[{"@type":"SearchAction","target":{"@type":"EntryPoint","urlTemplate":"https:\/\/akunq.net\/tr\/?s={search_term_string}"},"query-input":{"@type":"PropertyValueSpecification","valueRequired":true,"valueName":"search_term_string"}}],"inLanguage":"en-US"},{"@type":"Person","@id":"https:\/\/akunq.net\/tr\/#\/schema\/person\/096f1d38a12cce57fb855b485ed24c9e","name":"admin","url":"https:\/\/akunq.net\/tr\/?author=7"}]}},"_links":{"self":[{"href":"https:\/\/akunq.net\/tr\/index.php?rest_route=\/wp\/v2\/posts\/66934","targetHints":{"allow":["GET"]}}],"collection":[{"href":"https:\/\/akunq.net\/tr\/index.php?rest_route=\/wp\/v2\/posts"}],"about":[{"href":"https:\/\/akunq.net\/tr\/index.php?rest_route=\/wp\/v2\/types\/post"}],"author":[{"embeddable":true,"href":"https:\/\/akunq.net\/tr\/index.php?rest_route=\/wp\/v2\/users\/7"}],"replies":[{"embeddable":true,"href":"https:\/\/akunq.net\/tr\/index.php?rest_route=%2Fwp%2Fv2%2Fcomments&post=66934"}],"version-history":[{"count":1,"href":"https:\/\/akunq.net\/tr\/index.php?rest_route=\/wp\/v2\/posts\/66934\/revisions"}],"predecessor-version":[{"id":66936,"href":"https:\/\/akunq.net\/tr\/index.php?rest_route=\/wp\/v2\/posts\/66934\/revisions\/66936"}],"wp:featuredmedia":[{"embeddable":true,"href":"https:\/\/akunq.net\/tr\/index.php?rest_route=\/wp\/v2\/media\/66935"}],"wp:attachment":[{"href":"https:\/\/akunq.net\/tr\/index.php?rest_route=%2Fwp%2Fv2%2Fmedia&parent=66934"}],"wp:term":[{"taxonomy":"category","embeddable":true,"href":"https:\/\/akunq.net\/tr\/index.php?rest_route=%2Fwp%2Fv2%2Fcategories&post=66934"},{"taxonomy":"post_tag","embeddable":true,"href":"https:\/\/akunq.net\/tr\/index.php?rest_route=%2Fwp%2Fv2%2Ftags&post=66934"}],"curies":[{"name":"wp","href":"https:\/\/api.w.org\/{rel}","templated":true}]}}