{"id":66923,"date":"2022-02-04T02:09:35","date_gmt":"2022-02-04T07:09:35","guid":{"rendered":"https:\/\/akunq.net\/tr\/?p=66923"},"modified":"2022-02-04T02:09:35","modified_gmt":"2022-02-04T07:09:35","slug":"tbmm-hazirlik-komisyonu-hdpli-guzelin-dokunulmazliginin-kaldirilmasina-karar-verdi","status":"publish","type":"post","link":"https:\/\/akunq.net\/tr\/?p=66923","title":{"rendered":"TBMM Haz\u0131rl\u0131k Komisyonu HDP&#8217;li G\u00fczel&#8217;in dokunulmazl\u0131\u011f\u0131n\u0131n kald\u0131r\u0131lmas\u0131na karar verdi"},"content":{"rendered":"<section class=\"entry-article-topper\">\n<div class=\"grid-x grid-margin-x\">\n<div class=\"cell\">\n<div class=\"entry-header clearfix \">\n<div class=\"entry-subtitle\">\n<p><em><strong>Oy \u00e7oklu\u011fuyla al\u0131nan kararda G\u00fczel\u2019in dokunulmazl\u0131\u011f\u0131n\u0131n kald\u0131r\u0131lmas\u0131 istendi.<\/strong><\/em><\/p>\n<\/div>\n<div class=\"entry-meta-wrapper\">\n<div class=\"grid-x align-justify align-middle\">\n<div class=\"cell large-shrink\">\n<div class=\"follow-block\"><\/div>\n<\/div>\n<\/div>\n<\/div>\n<\/div>\n<div class=\"entry-media\">\n<div class=\"entry-media-inner-img\"><img decoding=\"async\" class=\"lazy fill-content abs-element\" src=\"https:\/\/www.indyturk.com\/sites\/default\/files\/styles\/1368x911\/public\/article\/main_image\/2022\/02\/03\/857656-123442682.jpg?itok=AzFK1mAE\" \/><\/div>\n<div class=\"caption-field\">\n<p><em>Foto\u011fraf: AA<\/em><\/p>\n<\/div>\n<\/div>\n<\/div>\n<\/div>\n<\/section>\n<div class=\"grid-container\">\n<article class=\"entry-article\">\n<div class=\"grid-x align-justify\">\n<div class=\"content-wrap-holder cell\">\n<div class=\"region region-content\">\n<div id=\"block-system-main\" class=\"block block-system\">\n<div class=\"content\">\n<div class=\"content-wrap\">\n<div class=\"printable-area page-taxonomy-term-56\" dir=\"ltr\">\n<div class=\"entry-content\" data-io-article-url=\"https:\/\/www.indyturk.com\/node\/467661\/siyaset\/tbmm-haz%C4%B1rl%C4%B1k-komisyonu-hdpli-g%C3%BCzelin-dokunulmazl%C4%B1%C4%9F%C4%B1n%C4%B1n-kald%C4%B1r%C4%B1lmas%C4%B1na-karar\">\n<div class=\"field field-name-body field-type-text-with-summary field-label-hidden\">\n<div class=\"field-items\">\n<div class=\"field-item even\">\n<p>TBMM Haz\u0131rl\u0131k Komisyonu Haz\u0131rl\u0131k Komisyonu HDP&#8217;li Semra G\u00fczel&#8217;in dokunulmazl\u0131\u011f\u0131n\u0131n kald\u0131r\u0131lmas\u0131 y\u00f6n\u00fcnde oy \u00e7oklu\u011fuyla karar ald\u0131.<\/p>\n<p>\u00d6ld\u00fcr\u00fclen bir PKK&#8217;l\u0131 ile foto\u011fraflar\u0131 bas\u0131na yans\u0131yan dokunulmazl\u0131\u011f\u0131n\u0131n kald\u0131r\u0131lmas\u0131 i\u00e7in kurulan Haz\u0131rl\u0131k Komisyonu \u00e7al\u0131\u015fmas\u0131n\u0131 tamamlad\u0131. Oy \u00e7oklu\u011fuyla al\u0131nan kararda G\u00fczel\u2019in dokunulmazl\u0131\u011f\u0131n\u0131n kald\u0131r\u0131lmas\u0131 istendi.<\/p>\n<div class=\"dnd-widget-wrapper context-custom_image type-image\">\n<div class=\"dnd-atom-rendered\">\n<div class=\"entry-media-inner-img\"><img loading=\"lazy\" decoding=\"async\" title=\"aw520122_01_16_9_1643021286.jpg\" src=\"https:\/\/www.indyturk.com\/sites\/default\/files\/styles\/800xauto\/public\/thumbnails\/image\/2022\/02\/03\/857661-294105959.jpg?itok=3GbLJHyp\" alt=\"aw520122_01_16_9_1643021286.jpg\" width=\"800\" height=\"450\" \/><\/div>\n<\/div>\n<div class=\"dnd-caption-wrapper\">\n<div class=\"meta\"><em>Foto\u011fraf: AA<\/em><\/div>\n<\/div>\n<\/div>\n<p>G\u00fczel, PKK\u2019l\u0131 Volkan Bora ile beraber \u00e7ekildi\u011fi foto\u011fraflar\u0131n bas\u0131na servis edilmesinin ard\u0131ndan yapt\u0131\u011f\u0131 a\u00e7\u0131klamada kamuyla payla\u015f\u0131lan g\u00f6r\u00fcnt\u00fclerin \u00e7\u00f6z\u00fcm s\u00fcrecinin devam etti\u011fi 2014 y\u0131l\u0131nda \u00e7ekildi\u011fini ifade etmi\u015fti.<\/p>\n<p><strong>\u00a0S\u00fcre\u00e7 nas\u0131l ilerleyecek?<\/strong><\/p>\n<p>Karma Komisyon da 1 ay i\u00e7inde Haz\u0131rl\u0131k Komisyonu raporunu ve eklerini g\u00f6r\u00fc\u015ferek sonu\u00e7land\u0131racak.<\/p>\n<p>Karma Komisyon, dokunulmazl\u0131\u011f\u0131n kald\u0131r\u0131lmas\u0131na veya kovu\u015fturman\u0131n milletvekilli\u011fi s\u0131fat\u0131n\u0131n sona ermesine kadar ertelenmesine karar verecek.<\/p>\n<p>Mevzuata g\u00f6re, dokunulmazl\u0131\u011f\u0131n kald\u0131r\u0131lmas\u0131 y\u00f6n\u00fcndeki Karma Komisyon raporlar\u0131, do\u011frudan Genel Kurul g\u00fcndemine giriyor.<\/p>\n<p>Milletvekillerine da\u011f\u0131t\u0131lan Karma Komisyon raporu, Genel Kurul&#8217;da okunarak g\u00f6r\u00fc\u015f\u00fcl\u00fcyor. Biri lehte di\u011feri de aleyhte olmak \u00fczere, iki milletvekili rapor \u00fczerinde konu\u015fma yap\u0131yor. Fezlekesi olan milletvekili isterse Haz\u0131rl\u0131k Komisyonu&#8217;nda, Karma Komisyon&#8217;da veya Genel Kurul&#8217;da kendi savunmas\u0131n\u0131 yapabiliyor ya da ba\u015fka bir milletvekili arkada\u015f\u0131na savunma yapmas\u0131 i\u00e7in bu hakk\u0131n\u0131 verebiliyor. S\u00f6z ve savunma talebi yoksa g\u00f6r\u00fc\u015fmeler tamamlan\u0131yor.<\/p>\n<p>Daha sonra Karma Komisyon&#8217;un yasama dokunulmazl\u0131\u011f\u0131n\u0131n kald\u0131r\u0131lmas\u0131na dair raporu oylamaya sunuluyor. Genel uygulamaya g\u00f6re a\u00e7\u0131k oylama yap\u0131l\u0131yor. Genel Kurul&#8217;da dokunulmazl\u0131klar\u0131n kald\u0131r\u0131lmas\u0131na ili\u015fkin oylamada, karar yeter say\u0131s\u0131 (151) yeterli oluyor.<\/p>\n<p><em><strong>https:\/\/www.indyturk.com\/node\/467661\/siyaset\/tbmm-haz%C4%B1rl%C4%B1k-komisyonu-hdpli-g%C3%BCzelin-dokunulmazl%C4%B1%C4%9F%C4%B1n%C4%B1n-kald%C4%B1r%C4%B1lmas%C4%B1na-karar\u00a0<\/strong><\/em><\/p>\n<\/div>\n<\/div>\n<\/div>\n<\/div>\n<\/div>\n<\/div>\n<\/div>\n<\/div>\n<\/div>\n<\/div>\n<\/div>\n<\/article>\n<\/div>\n","protected":false},"excerpt":{"rendered":"<p>Oy \u00e7oklu\u011fuyla al\u0131nan kararda G\u00fczel\u2019in dokunulmazl\u0131\u011f\u0131n\u0131n kald\u0131r\u0131lmas\u0131 istendi. Foto\u011fraf: AA TBMM Haz\u0131rl\u0131k Komisyonu Haz\u0131rl\u0131k Komisyonu HDP&#8217;li Semra G\u00fczel&#8217;in dokunulmazl\u0131\u011f\u0131n\u0131n kald\u0131r\u0131lmas\u0131 y\u00f6n\u00fcnde oy \u00e7oklu\u011fuyla karar ald\u0131. \u00d6ld\u00fcr\u00fclen bir PKK&#8217;l\u0131 ile foto\u011fraflar\u0131 bas\u0131na yans\u0131yan dokunulmazl\u0131\u011f\u0131n\u0131n kald\u0131r\u0131lmas\u0131 i\u00e7in kurulan Haz\u0131rl\u0131k Komisyonu \u00e7al\u0131\u015fmas\u0131n\u0131 tamamlad\u0131. Oy \u00e7oklu\u011fuyla al\u0131nan kararda G\u00fczel\u2019in dokunulmazl\u0131\u011f\u0131n\u0131n kald\u0131r\u0131lmas\u0131 istendi. Foto\u011fraf: AA G\u00fczel, PKK\u2019l\u0131 Volkan Bora ile [&hellip;]<\/p>\n","protected":false},"author":7,"featured_media":66924,"comment_status":"open","ping_status":"open","sticky":false,"template":"","format":"standard","meta":{"footnotes":""},"categories":[1],"tags":[],"class_list":["post-66923","post","type-post","status-publish","format-standard","has-post-thumbnail","hentry","category-haberler"],"yoast_head":"<!-- This site is optimized with the Yoast SEO plugin v27.4 - https:\/\/yoast.com\/product\/yoast-seo-wordpress\/ -->\n<title>TBMM Haz\u0131rl\u0131k Komisyonu HDP&#039;li G\u00fczel&#039;in dokunulmazl\u0131\u011f\u0131n\u0131n kald\u0131r\u0131lmas\u0131na karar verdi - Bati Ermenistan Ve Bati Ermenileri Sorunlari Ara\u015ftirmalar Merkezi<\/title>\n<meta name=\"robots\" content=\"index, follow, max-snippet:-1, max-image-preview:large, max-video-preview:-1\" \/>\n<link rel=\"canonical\" href=\"https:\/\/akunq.net\/tr\/?p=66923\" \/>\n<meta property=\"og:locale\" content=\"en_US\" \/>\n<meta property=\"og:type\" content=\"article\" \/>\n<meta property=\"og:title\" content=\"TBMM Haz\u0131rl\u0131k Komisyonu HDP&#039;li G\u00fczel&#039;in dokunulmazl\u0131\u011f\u0131n\u0131n kald\u0131r\u0131lmas\u0131na karar verdi - Bati Ermenistan Ve Bati Ermenileri Sorunlari Ara\u015ftirmalar Merkezi\" \/>\n<meta property=\"og:description\" content=\"Oy \u00e7oklu\u011fuyla al\u0131nan kararda G\u00fczel\u2019in dokunulmazl\u0131\u011f\u0131n\u0131n kald\u0131r\u0131lmas\u0131 istendi. Foto\u011fraf: AA TBMM Haz\u0131rl\u0131k Komisyonu Haz\u0131rl\u0131k Komisyonu HDP&#8217;li Semra G\u00fczel&#8217;in dokunulmazl\u0131\u011f\u0131n\u0131n kald\u0131r\u0131lmas\u0131 y\u00f6n\u00fcnde oy \u00e7oklu\u011fuyla karar ald\u0131. \u00d6ld\u00fcr\u00fclen bir PKK&#8217;l\u0131 ile foto\u011fraflar\u0131 bas\u0131na yans\u0131yan dokunulmazl\u0131\u011f\u0131n\u0131n kald\u0131r\u0131lmas\u0131 i\u00e7in kurulan Haz\u0131rl\u0131k Komisyonu \u00e7al\u0131\u015fmas\u0131n\u0131 tamamlad\u0131. Oy \u00e7oklu\u011fuyla al\u0131nan kararda G\u00fczel\u2019in dokunulmazl\u0131\u011f\u0131n\u0131n kald\u0131r\u0131lmas\u0131 istendi. Foto\u011fraf: AA G\u00fczel, PKK\u2019l\u0131 Volkan Bora ile [&hellip;]\" \/>\n<meta property=\"og:url\" content=\"https:\/\/akunq.net\/tr\/?p=66923\" \/>\n<meta property=\"og:site_name\" content=\"Bati Ermenistan Ve Bati Ermenileri Sorunlari Ara\u015ftirmalar Merkezi\" \/>\n<meta property=\"article:published_time\" content=\"2022-02-04T07:09:35+00:00\" \/>\n<meta property=\"og:image\" content=\"https:\/\/akunq.net\/tr\/wp-content\/uploads\/sites\/6\/2022\/02\/G\u00fczel.jpg\" \/>\n\t<meta property=\"og:image:width\" content=\"1368\" \/>\n\t<meta property=\"og:image:height\" content=\"911\" \/>\n\t<meta property=\"og:image:type\" content=\"image\/jpeg\" \/>\n<meta name=\"author\" content=\"admin\" \/>\n<meta name=\"twitter:card\" content=\"summary_large_image\" \/>\n<meta name=\"twitter:label1\" content=\"Written by\" \/>\n\t<meta name=\"twitter:data1\" content=\"admin\" \/>\n\t<meta name=\"twitter:label2\" content=\"Est. reading time\" \/>\n\t<meta name=\"twitter:data2\" content=\"2 minutes\" \/>\n<script type=\"application\/ld+json\" class=\"yoast-schema-graph\">{\"@context\":\"https:\\\/\\\/schema.org\",\"@graph\":[{\"@type\":\"Article\",\"@id\":\"https:\\\/\\\/akunq.net\\\/tr\\\/?p=66923#article\",\"isPartOf\":{\"@id\":\"https:\\\/\\\/akunq.net\\\/tr\\\/?p=66923\"},\"author\":{\"name\":\"admin\",\"@id\":\"https:\\\/\\\/akunq.net\\\/tr\\\/#\\\/schema\\\/person\\\/096f1d38a12cce57fb855b485ed24c9e\"},\"headline\":\"TBMM Haz\u0131rl\u0131k Komisyonu HDP&#8217;li G\u00fczel&#8217;in dokunulmazl\u0131\u011f\u0131n\u0131n kald\u0131r\u0131lmas\u0131na karar verdi\",\"datePublished\":\"2022-02-04T07:09:35+00:00\",\"mainEntityOfPage\":{\"@id\":\"https:\\\/\\\/akunq.net\\\/tr\\\/?p=66923\"},\"wordCount\":376,\"commentCount\":0,\"image\":{\"@id\":\"https:\\\/\\\/akunq.net\\\/tr\\\/?p=66923#primaryimage\"},\"thumbnailUrl\":\"https:\\\/\\\/akunq.net\\\/tr\\\/wp-content\\\/uploads\\\/sites\\\/6\\\/2022\\\/02\\\/G\u00fczel.jpg\",\"articleSection\":[\"Haberler\"],\"inLanguage\":\"en-US\",\"potentialAction\":[{\"@type\":\"CommentAction\",\"name\":\"Comment\",\"target\":[\"https:\\\/\\\/akunq.net\\\/tr\\\/?p=66923#respond\"]}]},{\"@type\":\"WebPage\",\"@id\":\"https:\\\/\\\/akunq.net\\\/tr\\\/?p=66923\",\"url\":\"https:\\\/\\\/akunq.net\\\/tr\\\/?p=66923\",\"name\":\"TBMM Haz\u0131rl\u0131k Komisyonu HDP'li G\u00fczel'in dokunulmazl\u0131\u011f\u0131n\u0131n kald\u0131r\u0131lmas\u0131na karar verdi - Bati Ermenistan Ve Bati Ermenileri Sorunlari Ara\u015ftirmalar Merkezi\",\"isPartOf\":{\"@id\":\"https:\\\/\\\/akunq.net\\\/tr\\\/#website\"},\"primaryImageOfPage\":{\"@id\":\"https:\\\/\\\/akunq.net\\\/tr\\\/?p=66923#primaryimage\"},\"image\":{\"@id\":\"https:\\\/\\\/akunq.net\\\/tr\\\/?p=66923#primaryimage\"},\"thumbnailUrl\":\"https:\\\/\\\/akunq.net\\\/tr\\\/wp-content\\\/uploads\\\/sites\\\/6\\\/2022\\\/02\\\/G\u00fczel.jpg\",\"datePublished\":\"2022-02-04T07:09:35+00:00\",\"author\":{\"@id\":\"https:\\\/\\\/akunq.net\\\/tr\\\/#\\\/schema\\\/person\\\/096f1d38a12cce57fb855b485ed24c9e\"},\"breadcrumb\":{\"@id\":\"https:\\\/\\\/akunq.net\\\/tr\\\/?p=66923#breadcrumb\"},\"inLanguage\":\"en-US\",\"potentialAction\":[{\"@type\":\"ReadAction\",\"target\":[\"https:\\\/\\\/akunq.net\\\/tr\\\/?p=66923\"]}]},{\"@type\":\"ImageObject\",\"inLanguage\":\"en-US\",\"@id\":\"https:\\\/\\\/akunq.net\\\/tr\\\/?p=66923#primaryimage\",\"url\":\"https:\\\/\\\/akunq.net\\\/tr\\\/wp-content\\\/uploads\\\/sites\\\/6\\\/2022\\\/02\\\/G\u00fczel.jpg\",\"contentUrl\":\"https:\\\/\\\/akunq.net\\\/tr\\\/wp-content\\\/uploads\\\/sites\\\/6\\\/2022\\\/02\\\/G\u00fczel.jpg\",\"width\":1368,\"height\":911},{\"@type\":\"BreadcrumbList\",\"@id\":\"https:\\\/\\\/akunq.net\\\/tr\\\/?p=66923#breadcrumb\",\"itemListElement\":[{\"@type\":\"ListItem\",\"position\":1,\"name\":\"Home\",\"item\":\"https:\\\/\\\/akunq.net\\\/tr\"},{\"@type\":\"ListItem\",\"position\":2,\"name\":\"TBMM Haz\u0131rl\u0131k Komisyonu HDP&#8217;li G\u00fczel&#8217;in dokunulmazl\u0131\u011f\u0131n\u0131n kald\u0131r\u0131lmas\u0131na karar verdi\"}]},{\"@type\":\"WebSite\",\"@id\":\"https:\\\/\\\/akunq.net\\\/tr\\\/#website\",\"url\":\"https:\\\/\\\/akunq.net\\\/tr\\\/\",\"name\":\"Bati Ermenistan Ve Bati Ermenileri Sorunlari Ara\u015ftirmalar Merkezi\",\"description\":\"\",\"potentialAction\":[{\"@type\":\"SearchAction\",\"target\":{\"@type\":\"EntryPoint\",\"urlTemplate\":\"https:\\\/\\\/akunq.net\\\/tr\\\/?s={search_term_string}\"},\"query-input\":{\"@type\":\"PropertyValueSpecification\",\"valueRequired\":true,\"valueName\":\"search_term_string\"}}],\"inLanguage\":\"en-US\"},{\"@type\":\"Person\",\"@id\":\"https:\\\/\\\/akunq.net\\\/tr\\\/#\\\/schema\\\/person\\\/096f1d38a12cce57fb855b485ed24c9e\",\"name\":\"admin\",\"url\":\"https:\\\/\\\/akunq.net\\\/tr\\\/?author=7\"}]}<\/script>\n<!-- \/ Yoast SEO plugin. -->","yoast_head_json":{"title":"TBMM Haz\u0131rl\u0131k Komisyonu HDP'li G\u00fczel'in dokunulmazl\u0131\u011f\u0131n\u0131n kald\u0131r\u0131lmas\u0131na karar verdi - Bati Ermenistan Ve Bati Ermenileri Sorunlari Ara\u015ftirmalar Merkezi","robots":{"index":"index","follow":"follow","max-snippet":"max-snippet:-1","max-image-preview":"max-image-preview:large","max-video-preview":"max-video-preview:-1"},"canonical":"https:\/\/akunq.net\/tr\/?p=66923","og_locale":"en_US","og_type":"article","og_title":"TBMM Haz\u0131rl\u0131k Komisyonu HDP'li G\u00fczel'in dokunulmazl\u0131\u011f\u0131n\u0131n kald\u0131r\u0131lmas\u0131na karar verdi - Bati Ermenistan Ve Bati Ermenileri Sorunlari Ara\u015ftirmalar Merkezi","og_description":"Oy \u00e7oklu\u011fuyla al\u0131nan kararda G\u00fczel\u2019in dokunulmazl\u0131\u011f\u0131n\u0131n kald\u0131r\u0131lmas\u0131 istendi. Foto\u011fraf: AA TBMM Haz\u0131rl\u0131k Komisyonu Haz\u0131rl\u0131k Komisyonu HDP&#8217;li Semra G\u00fczel&#8217;in dokunulmazl\u0131\u011f\u0131n\u0131n kald\u0131r\u0131lmas\u0131 y\u00f6n\u00fcnde oy \u00e7oklu\u011fuyla karar ald\u0131. \u00d6ld\u00fcr\u00fclen bir PKK&#8217;l\u0131 ile foto\u011fraflar\u0131 bas\u0131na yans\u0131yan dokunulmazl\u0131\u011f\u0131n\u0131n kald\u0131r\u0131lmas\u0131 i\u00e7in kurulan Haz\u0131rl\u0131k Komisyonu \u00e7al\u0131\u015fmas\u0131n\u0131 tamamlad\u0131. Oy \u00e7oklu\u011fuyla al\u0131nan kararda G\u00fczel\u2019in dokunulmazl\u0131\u011f\u0131n\u0131n kald\u0131r\u0131lmas\u0131 istendi. Foto\u011fraf: AA G\u00fczel, PKK\u2019l\u0131 Volkan Bora ile [&hellip;]","og_url":"https:\/\/akunq.net\/tr\/?p=66923","og_site_name":"Bati Ermenistan Ve Bati Ermenileri Sorunlari Ara\u015ftirmalar Merkezi","article_published_time":"2022-02-04T07:09:35+00:00","og_image":[{"width":1368,"height":911,"url":"https:\/\/akunq.net\/tr\/wp-content\/uploads\/sites\/6\/2022\/02\/G\u00fczel.jpg","type":"image\/jpeg"}],"author":"admin","twitter_card":"summary_large_image","twitter_misc":{"Written by":"admin","Est. reading time":"2 minutes"},"schema":{"@context":"https:\/\/schema.org","@graph":[{"@type":"Article","@id":"https:\/\/akunq.net\/tr\/?p=66923#article","isPartOf":{"@id":"https:\/\/akunq.net\/tr\/?p=66923"},"author":{"name":"admin","@id":"https:\/\/akunq.net\/tr\/#\/schema\/person\/096f1d38a12cce57fb855b485ed24c9e"},"headline":"TBMM Haz\u0131rl\u0131k Komisyonu HDP&#8217;li G\u00fczel&#8217;in dokunulmazl\u0131\u011f\u0131n\u0131n kald\u0131r\u0131lmas\u0131na karar verdi","datePublished":"2022-02-04T07:09:35+00:00","mainEntityOfPage":{"@id":"https:\/\/akunq.net\/tr\/?p=66923"},"wordCount":376,"commentCount":0,"image":{"@id":"https:\/\/akunq.net\/tr\/?p=66923#primaryimage"},"thumbnailUrl":"https:\/\/akunq.net\/tr\/wp-content\/uploads\/sites\/6\/2022\/02\/G\u00fczel.jpg","articleSection":["Haberler"],"inLanguage":"en-US","potentialAction":[{"@type":"CommentAction","name":"Comment","target":["https:\/\/akunq.net\/tr\/?p=66923#respond"]}]},{"@type":"WebPage","@id":"https:\/\/akunq.net\/tr\/?p=66923","url":"https:\/\/akunq.net\/tr\/?p=66923","name":"TBMM Haz\u0131rl\u0131k Komisyonu HDP'li G\u00fczel'in dokunulmazl\u0131\u011f\u0131n\u0131n kald\u0131r\u0131lmas\u0131na karar verdi - Bati Ermenistan Ve Bati Ermenileri Sorunlari Ara\u015ftirmalar Merkezi","isPartOf":{"@id":"https:\/\/akunq.net\/tr\/#website"},"primaryImageOfPage":{"@id":"https:\/\/akunq.net\/tr\/?p=66923#primaryimage"},"image":{"@id":"https:\/\/akunq.net\/tr\/?p=66923#primaryimage"},"thumbnailUrl":"https:\/\/akunq.net\/tr\/wp-content\/uploads\/sites\/6\/2022\/02\/G\u00fczel.jpg","datePublished":"2022-02-04T07:09:35+00:00","author":{"@id":"https:\/\/akunq.net\/tr\/#\/schema\/person\/096f1d38a12cce57fb855b485ed24c9e"},"breadcrumb":{"@id":"https:\/\/akunq.net\/tr\/?p=66923#breadcrumb"},"inLanguage":"en-US","potentialAction":[{"@type":"ReadAction","target":["https:\/\/akunq.net\/tr\/?p=66923"]}]},{"@type":"ImageObject","inLanguage":"en-US","@id":"https:\/\/akunq.net\/tr\/?p=66923#primaryimage","url":"https:\/\/akunq.net\/tr\/wp-content\/uploads\/sites\/6\/2022\/02\/G\u00fczel.jpg","contentUrl":"https:\/\/akunq.net\/tr\/wp-content\/uploads\/sites\/6\/2022\/02\/G\u00fczel.jpg","width":1368,"height":911},{"@type":"BreadcrumbList","@id":"https:\/\/akunq.net\/tr\/?p=66923#breadcrumb","itemListElement":[{"@type":"ListItem","position":1,"name":"Home","item":"https:\/\/akunq.net\/tr"},{"@type":"ListItem","position":2,"name":"TBMM Haz\u0131rl\u0131k Komisyonu HDP&#8217;li G\u00fczel&#8217;in dokunulmazl\u0131\u011f\u0131n\u0131n kald\u0131r\u0131lmas\u0131na karar verdi"}]},{"@type":"WebSite","@id":"https:\/\/akunq.net\/tr\/#website","url":"https:\/\/akunq.net\/tr\/","name":"Bati Ermenistan Ve Bati Ermenileri Sorunlari Ara\u015ftirmalar Merkezi","description":"","potentialAction":[{"@type":"SearchAction","target":{"@type":"EntryPoint","urlTemplate":"https:\/\/akunq.net\/tr\/?s={search_term_string}"},"query-input":{"@type":"PropertyValueSpecification","valueRequired":true,"valueName":"search_term_string"}}],"inLanguage":"en-US"},{"@type":"Person","@id":"https:\/\/akunq.net\/tr\/#\/schema\/person\/096f1d38a12cce57fb855b485ed24c9e","name":"admin","url":"https:\/\/akunq.net\/tr\/?author=7"}]}},"_links":{"self":[{"href":"https:\/\/akunq.net\/tr\/index.php?rest_route=\/wp\/v2\/posts\/66923","targetHints":{"allow":["GET"]}}],"collection":[{"href":"https:\/\/akunq.net\/tr\/index.php?rest_route=\/wp\/v2\/posts"}],"about":[{"href":"https:\/\/akunq.net\/tr\/index.php?rest_route=\/wp\/v2\/types\/post"}],"author":[{"embeddable":true,"href":"https:\/\/akunq.net\/tr\/index.php?rest_route=\/wp\/v2\/users\/7"}],"replies":[{"embeddable":true,"href":"https:\/\/akunq.net\/tr\/index.php?rest_route=%2Fwp%2Fv2%2Fcomments&post=66923"}],"version-history":[{"count":1,"href":"https:\/\/akunq.net\/tr\/index.php?rest_route=\/wp\/v2\/posts\/66923\/revisions"}],"predecessor-version":[{"id":66925,"href":"https:\/\/akunq.net\/tr\/index.php?rest_route=\/wp\/v2\/posts\/66923\/revisions\/66925"}],"wp:featuredmedia":[{"embeddable":true,"href":"https:\/\/akunq.net\/tr\/index.php?rest_route=\/wp\/v2\/media\/66924"}],"wp:attachment":[{"href":"https:\/\/akunq.net\/tr\/index.php?rest_route=%2Fwp%2Fv2%2Fmedia&parent=66923"}],"wp:term":[{"taxonomy":"category","embeddable":true,"href":"https:\/\/akunq.net\/tr\/index.php?rest_route=%2Fwp%2Fv2%2Fcategories&post=66923"},{"taxonomy":"post_tag","embeddable":true,"href":"https:\/\/akunq.net\/tr\/index.php?rest_route=%2Fwp%2Fv2%2Ftags&post=66923"}],"curies":[{"name":"wp","href":"https:\/\/api.w.org\/{rel}","templated":true}]}}