{"id":66878,"date":"2022-02-02T05:28:13","date_gmt":"2022-02-02T10:28:13","guid":{"rendered":"https:\/\/akunq.net\/tr\/?p=66878"},"modified":"2022-02-02T05:28:13","modified_gmt":"2022-02-02T10:28:13","slug":"diyarbakir-ticaret-odasindan-cagri-nusaybin-sinir-kapisi-acilsin","status":"publish","type":"post","link":"https:\/\/akunq.net\/tr\/?p=66878","title":{"rendered":"Diyarbak\u0131r Ticaret Odas\u0131\u2019ndan \u00e7a\u011fr\u0131: Nusaybin S\u0131n\u0131r Kap\u0131s\u0131 a\u00e7\u0131ls\u0131n"},"content":{"rendered":"<p><img loading=\"lazy\" decoding=\"async\" class=\"aligncenter size-medium wp-image-66879\" src=\"https:\/\/akunq.net\/tr\/wp-content\/uploads\/2022\/02\/Nusaybin-S\u0131n\u0131r-Kap\u0131s\u0131-360x203.jpg\" alt=\"\" width=\"360\" height=\"203\" srcset=\"https:\/\/akunq.net\/tr\/wp-content\/uploads\/sites\/6\/2022\/02\/Nusaybin-S\u0131n\u0131r-Kap\u0131s\u0131-360x203.jpg 360w, https:\/\/akunq.net\/tr\/wp-content\/uploads\/sites\/6\/2022\/02\/Nusaybin-S\u0131n\u0131r-Kap\u0131s\u0131-768x432.jpg 768w, https:\/\/akunq.net\/tr\/wp-content\/uploads\/sites\/6\/2022\/02\/Nusaybin-S\u0131n\u0131r-Kap\u0131s\u0131-560x315.jpg 560w, https:\/\/akunq.net\/tr\/wp-content\/uploads\/sites\/6\/2022\/02\/Nusaybin-S\u0131n\u0131r-Kap\u0131s\u0131-260x146.jpg 260w, https:\/\/akunq.net\/tr\/wp-content\/uploads\/sites\/6\/2022\/02\/Nusaybin-S\u0131n\u0131r-Kap\u0131s\u0131-160x90.jpg 160w, https:\/\/akunq.net\/tr\/wp-content\/uploads\/sites\/6\/2022\/02\/Nusaybin-S\u0131n\u0131r-Kap\u0131s\u0131.jpg 1280w\" sizes=\"auto, (max-width: 360px) 100vw, 360px\" \/><\/p>\n<p><em><strong>DTSO Ba\u015fkan\u0131 Mehmet Kaya, Nusaybin S\u0131n\u0131r Kap\u0131s\u0131\u2019n\u0131n a\u00e7\u0131lmas\u0131 i\u00e7in Cumhurba\u015fkan\u0131\u2019na \u00e7a\u011fr\u0131da bulundu. Kaya, \u201cSuriye pazar\u0131nda Irakl\u0131 firmalar kazan\u0131rken, \u00fclkemizdeki ihracat\u00e7\u0131lar zarar ediyor\u201d dedi.<\/strong><\/em><\/p>\n<p>DUVAR \u2013 Diyarbak\u0131r Ticaret ve Sanayi Odas\u0131 (DTSO) Ba\u015fkan\u0131 Mehmet Kaya, uzun s\u00fcredir kapal\u0131 olan Mardin\u2019in Nusaybin il\u00e7esindeki s\u0131n\u0131r kap\u0131s\u0131n\u0131n a\u00e7\u0131lmas\u0131 i\u00e7in yaz\u0131l\u0131 bir a\u00e7\u0131klama yapt\u0131.<\/p>\n<p>A\u00e7\u0131klamada, \u201cT\u00fcrkiye\u2019nin d\u0131\u015f ticaretinde kom\u015fu \u00fclkeler \u00f6nemli bir yere sahip. \u00d6zellikle s\u0131n\u0131r kom\u015fumuz olan Irak\u2019a yap\u0131lmakta olan ihracat \u00fclkemiz ekonomisinde \u00f6nemli bir paya sahiptir\u201d denildi.<\/p>\n<p>B\u00f6lgeden Irak\u2019a ticaretin her ge\u00e7en y\u0131l art\u0131\u015f g\u00f6sterdi\u011finin belirtildi\u011fi a\u00e7\u0131klamada \u015fu ifadelere yer verildi: \u201c2021 y\u0131l\u0131 verilerine g\u00f6re Irak\u2019a yapm\u0131\u015f oldu\u011fumuz ihracat 10 milyar dolar\u0131 a\u015fm\u0131\u015ft\u0131r. Yine 2021 y\u0131l\u0131nda sadece Diyarbak\u0131r\u2019dan Irak\u2019a yap\u0131lan ihracat\u0131m\u0131z bir \u00f6nceki y\u0131la g\u00f6re %28,4 oran\u0131nda artarak 111 milyon dolara \u00e7\u0131km\u0131\u015f.\u201d<\/p>\n<p><strong>SUR\u0130YE\u2019YE A\u00c7ILAN 13 KAPI VAR<\/strong><\/p>\n<p>Irak ile ticaretin art\u0131\u015f\u0131nda Suriye pazar\u0131n\u0131n \u00f6nemli oldu\u011fu vurgulanan a\u00e7\u0131klamada, \u00e7e\u015fitli nedenlerle Suriye\u2019ye direk ihracat yap\u0131lamad\u0131\u011f\u0131ndan Irak \u00fczerinden ihracat ger\u00e7ekle\u015ftirildi\u011fine dikkat \u00e7ekildi.<\/p>\n<p>En uzun s\u0131n\u0131ra sahip kom\u015fu \u00fclke Suriye\u2019ye a\u00e7\u0131lan on \u00fc\u00e7 adet s\u0131n\u0131r kap\u0131s\u0131 oldu\u011fu hat\u0131rlat\u0131lan a\u00e7\u0131klamada, buna ra\u011fmen bunlar\u0131n \u00f6nemli bir k\u0131sm\u0131n\u0131n kapal\u0131 oldu\u011fu belirtildi.<\/p>\n<p>A\u00e7\u0131klamada \u015fu ifadelere yer verildi: \u201cBunlardan en \u00f6nemlilerinden biri de Nusaybin S\u0131n\u0131r Kap\u0131s\u0131 olup ge\u00e7i\u015flere kapal\u0131d\u0131r. \u00d6te yandan Irak ile Suriye ars\u0131nda \u00fc\u00e7\u00fc resmi (Rabia, El-Kaim, Al Walaed S\u0131n\u0131r Kap\u0131lar\u0131) ve biri de IKYB taraf\u0131ndan gayri resmi olarak a\u00e7\u0131lan Semelka S\u0131n\u0131r Kap\u0131s\u0131 olmak \u00fczere d\u00f6rt s\u0131n\u0131r kap\u0131s\u0131 aktif olarak faaliyetlerini devam ettirmektedirler.\u201d<\/p>\n<p><strong>\u2018PAZAR IRAKLI \u0130\u015e \u0130NSANLARINDA\u2019<\/strong><\/p>\n<p>T\u00fcrkiye ile Suriye aras\u0131ndaki g\u00fcmr\u00fck kap\u0131lar\u0131n\u0131n \u00f6nemli bir k\u0131sm\u0131n\u0131n kapal\u0131 olmas\u0131 veya k\u0131smen faaliyette olmalar\u0131n\u0131n kar\u015f\u0131l\u0131kl\u0131 ticareti aksatt\u0131\u011f\u0131 vurgulanan a\u00e7\u0131klamada, \u201cBu durumu f\u0131rsata \u00e7eviren Irakl\u0131 i\u015f insanlar\u0131 ise T\u00fcrkiye\u2019den temin ettikleri mallar\u0131 Suriye pazar\u0131na rahatl\u0131kla sunmaktad\u0131rlar. B\u00f6ylesine \u00f6nemli bir pazar\u0131 kendi mallar\u0131m\u0131z\u0131 Irakl\u0131 i\u015f insanlar\u0131na terk etmi\u015f oluyoruz. Dolay\u0131s\u0131yla arac\u0131 olarak tabir edilen Irak firmalar\u0131 daha \u00e7ok kazand\u0131r\u0131rken, \u00fclkemiz ihracat\u00e7\u0131lar\u0131n\u0131 \u00f6nemli oranda zarara u\u011fratmaktad\u0131r. Bir yanda \u0130srail, Yunanistan, Bulgaristan ve Ermenistan gibi bir\u00e7ok \u00fclke ile ticari ili\u015fkilerimizi geli\u015ftirme \u00e7abalar\u0131 s\u00fcrd\u00fcr\u00fcl\u00fcrken, di\u011fer yanda hemen ba\u015fucumuzda bulunan Suriye ile do\u011frudan ticaretin yap\u0131lam\u0131yor olmas\u0131 anla\u015f\u0131l\u0131r bir durum de\u011fildir. Yak\u0131n bir gelecekte Suriye\u2019nin yeniden in\u015fa s\u00fcrecine girece\u011fi ve normalle\u015fme ile birlikte daha y\u00fcksek miktarda ithalata y\u00f6nelece\u011fi dikkate al\u0131nd\u0131\u011f\u0131nda s\u0131n\u0131r kap\u0131lar\u0131m\u0131z\u0131n \u00f6nemi \u00e7ok daha iyi anla\u015f\u0131lacakt\u0131r.\u201d<\/p>\n<p><strong>\u2018G\u00dcMR\u00dcK KAPILAR A\u00c7ILMALI\u2019<\/strong><\/p>\n<p>Suriye ile do\u011frudan ticaretin sa\u011flanabilmesi i\u00e7in g\u00fcmr\u00fck kap\u0131lar\u0131n\u0131n a\u00e7\u0131lmas\u0131 gerekti\u011fi ifade edilen a\u00e7\u0131klamada, \u015f\u00f6yle denildi: \u201cHem \u00fclkemiz, hem de b\u00f6lgemiz a\u00e7\u0131s\u0131ndan bu derecede \u00f6nemli bir pazar\u0131n daha iyi de\u011ferlendirilmesi ve ihracat\u0131m\u0131z\u0131n geli\u015ftirilmesi i\u00e7in ba\u015fta Nusaybin S\u0131n\u0131r kap\u0131s\u0131 olmak \u00fczere, Suriye\u2019ye a\u00e7\u0131lan b\u00fct\u00fcn g\u00fcmr\u00fck kap\u0131lar\u0131n\u0131n modernize edilerek faaliyete sokulmalar\u0131 sa\u011flanmal\u0131d\u0131r. Bilinmelidir ki, Suriye ile do\u011frudan ticaretin sa\u011flanmas\u0131 durumunda \u00fclkemiz d\u0131\u015f ticareti \u00e7ok daha ileri bir d\u00fczeye \u00e7\u0131kacak, \u00fclke ekonomisine \u00e7ok daha y\u00fcksek bir gelir kap\u0131s\u0131 a\u00e7\u0131lm\u0131\u015f olacakt\u0131r.\u201d<\/p>\n<hr \/>\n<p><em><strong><a href=\"https:\/\/www.gazeteduvar.com.tr\/diyarbakir-ticaret-odasindan-cagri-nusaybin-sinir-kapisi-acilsin-haber-1551555\" target=\"_blank\" rel=\"noopener noreferrer\">Gazete Duvar<\/a>\u00a0<\/strong><\/em><\/p>\n","protected":false},"excerpt":{"rendered":"<p>DTSO Ba\u015fkan\u0131 Mehmet Kaya, Nusaybin S\u0131n\u0131r Kap\u0131s\u0131\u2019n\u0131n a\u00e7\u0131lmas\u0131 i\u00e7in Cumhurba\u015fkan\u0131\u2019na \u00e7a\u011fr\u0131da bulundu. Kaya, \u201cSuriye pazar\u0131nda Irakl\u0131 firmalar kazan\u0131rken, \u00fclkemizdeki ihracat\u00e7\u0131lar zarar ediyor\u201d dedi. DUVAR \u2013 Diyarbak\u0131r Ticaret ve Sanayi Odas\u0131 (DTSO) Ba\u015fkan\u0131 Mehmet Kaya, uzun s\u00fcredir kapal\u0131 olan Mardin\u2019in Nusaybin il\u00e7esindeki s\u0131n\u0131r kap\u0131s\u0131n\u0131n a\u00e7\u0131lmas\u0131 i\u00e7in yaz\u0131l\u0131 bir a\u00e7\u0131klama yapt\u0131. A\u00e7\u0131klamada, \u201cT\u00fcrkiye\u2019nin d\u0131\u015f ticaretinde kom\u015fu \u00fclkeler [&hellip;]<\/p>\n","protected":false},"author":7,"featured_media":66879,"comment_status":"open","ping_status":"open","sticky":false,"template":"","format":"standard","meta":{"footnotes":""},"categories":[1],"tags":[],"class_list":["post-66878","post","type-post","status-publish","format-standard","has-post-thumbnail","hentry","category-haberler"],"yoast_head":"<!-- This site is optimized with the Yoast SEO plugin v27.4 - https:\/\/yoast.com\/product\/yoast-seo-wordpress\/ -->\n<title>Diyarbak\u0131r Ticaret Odas\u0131\u2019ndan \u00e7a\u011fr\u0131: Nusaybin S\u0131n\u0131r Kap\u0131s\u0131 a\u00e7\u0131ls\u0131n - Bati Ermenistan Ve Bati Ermenileri Sorunlari Ara\u015ftirmalar Merkezi<\/title>\n<meta name=\"robots\" content=\"index, follow, max-snippet:-1, max-image-preview:large, max-video-preview:-1\" \/>\n<link rel=\"canonical\" href=\"https:\/\/akunq.net\/tr\/?p=66878\" \/>\n<meta property=\"og:locale\" content=\"en_US\" \/>\n<meta property=\"og:type\" content=\"article\" \/>\n<meta property=\"og:title\" content=\"Diyarbak\u0131r Ticaret Odas\u0131\u2019ndan \u00e7a\u011fr\u0131: Nusaybin S\u0131n\u0131r Kap\u0131s\u0131 a\u00e7\u0131ls\u0131n - Bati Ermenistan Ve Bati Ermenileri Sorunlari Ara\u015ftirmalar Merkezi\" \/>\n<meta property=\"og:description\" content=\"DTSO Ba\u015fkan\u0131 Mehmet Kaya, Nusaybin S\u0131n\u0131r Kap\u0131s\u0131\u2019n\u0131n a\u00e7\u0131lmas\u0131 i\u00e7in Cumhurba\u015fkan\u0131\u2019na \u00e7a\u011fr\u0131da bulundu. Kaya, \u201cSuriye pazar\u0131nda Irakl\u0131 firmalar kazan\u0131rken, \u00fclkemizdeki ihracat\u00e7\u0131lar zarar ediyor\u201d dedi. DUVAR \u2013 Diyarbak\u0131r Ticaret ve Sanayi Odas\u0131 (DTSO) Ba\u015fkan\u0131 Mehmet Kaya, uzun s\u00fcredir kapal\u0131 olan Mardin\u2019in Nusaybin il\u00e7esindeki s\u0131n\u0131r kap\u0131s\u0131n\u0131n a\u00e7\u0131lmas\u0131 i\u00e7in yaz\u0131l\u0131 bir a\u00e7\u0131klama yapt\u0131. A\u00e7\u0131klamada, \u201cT\u00fcrkiye\u2019nin d\u0131\u015f ticaretinde kom\u015fu \u00fclkeler [&hellip;]\" \/>\n<meta property=\"og:url\" content=\"https:\/\/akunq.net\/tr\/?p=66878\" \/>\n<meta property=\"og:site_name\" content=\"Bati Ermenistan Ve Bati Ermenileri Sorunlari Ara\u015ftirmalar Merkezi\" \/>\n<meta property=\"article:published_time\" content=\"2022-02-02T10:28:13+00:00\" \/>\n<meta property=\"og:image\" content=\"https:\/\/akunq.net\/tr\/wp-content\/uploads\/sites\/6\/2022\/02\/Nusaybin-S\u0131n\u0131r-Kap\u0131s\u0131.jpg\" \/>\n\t<meta property=\"og:image:width\" content=\"1280\" \/>\n\t<meta property=\"og:image:height\" content=\"720\" \/>\n\t<meta property=\"og:image:type\" content=\"image\/jpeg\" \/>\n<meta name=\"author\" content=\"admin\" \/>\n<meta name=\"twitter:card\" content=\"summary_large_image\" \/>\n<meta name=\"twitter:label1\" content=\"Written by\" \/>\n\t<meta name=\"twitter:data1\" content=\"admin\" \/>\n\t<meta name=\"twitter:label2\" content=\"Est. reading time\" \/>\n\t<meta name=\"twitter:data2\" content=\"3 minutes\" \/>\n<script type=\"application\/ld+json\" class=\"yoast-schema-graph\">{\"@context\":\"https:\\\/\\\/schema.org\",\"@graph\":[{\"@type\":\"Article\",\"@id\":\"https:\\\/\\\/akunq.net\\\/tr\\\/?p=66878#article\",\"isPartOf\":{\"@id\":\"https:\\\/\\\/akunq.net\\\/tr\\\/?p=66878\"},\"author\":{\"name\":\"admin\",\"@id\":\"https:\\\/\\\/akunq.net\\\/tr\\\/#\\\/schema\\\/person\\\/096f1d38a12cce57fb855b485ed24c9e\"},\"headline\":\"Diyarbak\u0131r Ticaret Odas\u0131\u2019ndan \u00e7a\u011fr\u0131: Nusaybin S\u0131n\u0131r Kap\u0131s\u0131 a\u00e7\u0131ls\u0131n\",\"datePublished\":\"2022-02-02T10:28:13+00:00\",\"mainEntityOfPage\":{\"@id\":\"https:\\\/\\\/akunq.net\\\/tr\\\/?p=66878\"},\"wordCount\":668,\"commentCount\":0,\"image\":{\"@id\":\"https:\\\/\\\/akunq.net\\\/tr\\\/?p=66878#primaryimage\"},\"thumbnailUrl\":\"https:\\\/\\\/akunq.net\\\/tr\\\/wp-content\\\/uploads\\\/sites\\\/6\\\/2022\\\/02\\\/Nusaybin-S\u0131n\u0131r-Kap\u0131s\u0131.jpg\",\"articleSection\":[\"Haberler\"],\"inLanguage\":\"en-US\",\"potentialAction\":[{\"@type\":\"CommentAction\",\"name\":\"Comment\",\"target\":[\"https:\\\/\\\/akunq.net\\\/tr\\\/?p=66878#respond\"]}]},{\"@type\":\"WebPage\",\"@id\":\"https:\\\/\\\/akunq.net\\\/tr\\\/?p=66878\",\"url\":\"https:\\\/\\\/akunq.net\\\/tr\\\/?p=66878\",\"name\":\"Diyarbak\u0131r Ticaret Odas\u0131\u2019ndan \u00e7a\u011fr\u0131: Nusaybin S\u0131n\u0131r Kap\u0131s\u0131 a\u00e7\u0131ls\u0131n - Bati Ermenistan Ve Bati Ermenileri Sorunlari Ara\u015ftirmalar Merkezi\",\"isPartOf\":{\"@id\":\"https:\\\/\\\/akunq.net\\\/tr\\\/#website\"},\"primaryImageOfPage\":{\"@id\":\"https:\\\/\\\/akunq.net\\\/tr\\\/?p=66878#primaryimage\"},\"image\":{\"@id\":\"https:\\\/\\\/akunq.net\\\/tr\\\/?p=66878#primaryimage\"},\"thumbnailUrl\":\"https:\\\/\\\/akunq.net\\\/tr\\\/wp-content\\\/uploads\\\/sites\\\/6\\\/2022\\\/02\\\/Nusaybin-S\u0131n\u0131r-Kap\u0131s\u0131.jpg\",\"datePublished\":\"2022-02-02T10:28:13+00:00\",\"author\":{\"@id\":\"https:\\\/\\\/akunq.net\\\/tr\\\/#\\\/schema\\\/person\\\/096f1d38a12cce57fb855b485ed24c9e\"},\"breadcrumb\":{\"@id\":\"https:\\\/\\\/akunq.net\\\/tr\\\/?p=66878#breadcrumb\"},\"inLanguage\":\"en-US\",\"potentialAction\":[{\"@type\":\"ReadAction\",\"target\":[\"https:\\\/\\\/akunq.net\\\/tr\\\/?p=66878\"]}]},{\"@type\":\"ImageObject\",\"inLanguage\":\"en-US\",\"@id\":\"https:\\\/\\\/akunq.net\\\/tr\\\/?p=66878#primaryimage\",\"url\":\"https:\\\/\\\/akunq.net\\\/tr\\\/wp-content\\\/uploads\\\/sites\\\/6\\\/2022\\\/02\\\/Nusaybin-S\u0131n\u0131r-Kap\u0131s\u0131.jpg\",\"contentUrl\":\"https:\\\/\\\/akunq.net\\\/tr\\\/wp-content\\\/uploads\\\/sites\\\/6\\\/2022\\\/02\\\/Nusaybin-S\u0131n\u0131r-Kap\u0131s\u0131.jpg\",\"width\":1280,\"height\":720},{\"@type\":\"BreadcrumbList\",\"@id\":\"https:\\\/\\\/akunq.net\\\/tr\\\/?p=66878#breadcrumb\",\"itemListElement\":[{\"@type\":\"ListItem\",\"position\":1,\"name\":\"Home\",\"item\":\"https:\\\/\\\/akunq.net\\\/tr\"},{\"@type\":\"ListItem\",\"position\":2,\"name\":\"Diyarbak\u0131r Ticaret Odas\u0131\u2019ndan \u00e7a\u011fr\u0131: Nusaybin S\u0131n\u0131r Kap\u0131s\u0131 a\u00e7\u0131ls\u0131n\"}]},{\"@type\":\"WebSite\",\"@id\":\"https:\\\/\\\/akunq.net\\\/tr\\\/#website\",\"url\":\"https:\\\/\\\/akunq.net\\\/tr\\\/\",\"name\":\"Bati Ermenistan Ve Bati Ermenileri Sorunlari Ara\u015ftirmalar Merkezi\",\"description\":\"\",\"potentialAction\":[{\"@type\":\"SearchAction\",\"target\":{\"@type\":\"EntryPoint\",\"urlTemplate\":\"https:\\\/\\\/akunq.net\\\/tr\\\/?s={search_term_string}\"},\"query-input\":{\"@type\":\"PropertyValueSpecification\",\"valueRequired\":true,\"valueName\":\"search_term_string\"}}],\"inLanguage\":\"en-US\"},{\"@type\":\"Person\",\"@id\":\"https:\\\/\\\/akunq.net\\\/tr\\\/#\\\/schema\\\/person\\\/096f1d38a12cce57fb855b485ed24c9e\",\"name\":\"admin\",\"url\":\"https:\\\/\\\/akunq.net\\\/tr\\\/?author=7\"}]}<\/script>\n<!-- \/ Yoast SEO plugin. -->","yoast_head_json":{"title":"Diyarbak\u0131r Ticaret Odas\u0131\u2019ndan \u00e7a\u011fr\u0131: Nusaybin S\u0131n\u0131r Kap\u0131s\u0131 a\u00e7\u0131ls\u0131n - Bati Ermenistan Ve Bati Ermenileri Sorunlari Ara\u015ftirmalar Merkezi","robots":{"index":"index","follow":"follow","max-snippet":"max-snippet:-1","max-image-preview":"max-image-preview:large","max-video-preview":"max-video-preview:-1"},"canonical":"https:\/\/akunq.net\/tr\/?p=66878","og_locale":"en_US","og_type":"article","og_title":"Diyarbak\u0131r Ticaret Odas\u0131\u2019ndan \u00e7a\u011fr\u0131: Nusaybin S\u0131n\u0131r Kap\u0131s\u0131 a\u00e7\u0131ls\u0131n - Bati Ermenistan Ve Bati Ermenileri Sorunlari Ara\u015ftirmalar Merkezi","og_description":"DTSO Ba\u015fkan\u0131 Mehmet Kaya, Nusaybin S\u0131n\u0131r Kap\u0131s\u0131\u2019n\u0131n a\u00e7\u0131lmas\u0131 i\u00e7in Cumhurba\u015fkan\u0131\u2019na \u00e7a\u011fr\u0131da bulundu. Kaya, \u201cSuriye pazar\u0131nda Irakl\u0131 firmalar kazan\u0131rken, \u00fclkemizdeki ihracat\u00e7\u0131lar zarar ediyor\u201d dedi. DUVAR \u2013 Diyarbak\u0131r Ticaret ve Sanayi Odas\u0131 (DTSO) Ba\u015fkan\u0131 Mehmet Kaya, uzun s\u00fcredir kapal\u0131 olan Mardin\u2019in Nusaybin il\u00e7esindeki s\u0131n\u0131r kap\u0131s\u0131n\u0131n a\u00e7\u0131lmas\u0131 i\u00e7in yaz\u0131l\u0131 bir a\u00e7\u0131klama yapt\u0131. A\u00e7\u0131klamada, \u201cT\u00fcrkiye\u2019nin d\u0131\u015f ticaretinde kom\u015fu \u00fclkeler [&hellip;]","og_url":"https:\/\/akunq.net\/tr\/?p=66878","og_site_name":"Bati Ermenistan Ve Bati Ermenileri Sorunlari Ara\u015ftirmalar Merkezi","article_published_time":"2022-02-02T10:28:13+00:00","og_image":[{"width":1280,"height":720,"url":"https:\/\/akunq.net\/tr\/wp-content\/uploads\/sites\/6\/2022\/02\/Nusaybin-S\u0131n\u0131r-Kap\u0131s\u0131.jpg","type":"image\/jpeg"}],"author":"admin","twitter_card":"summary_large_image","twitter_misc":{"Written by":"admin","Est. reading time":"3 minutes"},"schema":{"@context":"https:\/\/schema.org","@graph":[{"@type":"Article","@id":"https:\/\/akunq.net\/tr\/?p=66878#article","isPartOf":{"@id":"https:\/\/akunq.net\/tr\/?p=66878"},"author":{"name":"admin","@id":"https:\/\/akunq.net\/tr\/#\/schema\/person\/096f1d38a12cce57fb855b485ed24c9e"},"headline":"Diyarbak\u0131r Ticaret Odas\u0131\u2019ndan \u00e7a\u011fr\u0131: Nusaybin S\u0131n\u0131r Kap\u0131s\u0131 a\u00e7\u0131ls\u0131n","datePublished":"2022-02-02T10:28:13+00:00","mainEntityOfPage":{"@id":"https:\/\/akunq.net\/tr\/?p=66878"},"wordCount":668,"commentCount":0,"image":{"@id":"https:\/\/akunq.net\/tr\/?p=66878#primaryimage"},"thumbnailUrl":"https:\/\/akunq.net\/tr\/wp-content\/uploads\/sites\/6\/2022\/02\/Nusaybin-S\u0131n\u0131r-Kap\u0131s\u0131.jpg","articleSection":["Haberler"],"inLanguage":"en-US","potentialAction":[{"@type":"CommentAction","name":"Comment","target":["https:\/\/akunq.net\/tr\/?p=66878#respond"]}]},{"@type":"WebPage","@id":"https:\/\/akunq.net\/tr\/?p=66878","url":"https:\/\/akunq.net\/tr\/?p=66878","name":"Diyarbak\u0131r Ticaret Odas\u0131\u2019ndan \u00e7a\u011fr\u0131: Nusaybin S\u0131n\u0131r Kap\u0131s\u0131 a\u00e7\u0131ls\u0131n - Bati Ermenistan Ve Bati Ermenileri Sorunlari Ara\u015ftirmalar Merkezi","isPartOf":{"@id":"https:\/\/akunq.net\/tr\/#website"},"primaryImageOfPage":{"@id":"https:\/\/akunq.net\/tr\/?p=66878#primaryimage"},"image":{"@id":"https:\/\/akunq.net\/tr\/?p=66878#primaryimage"},"thumbnailUrl":"https:\/\/akunq.net\/tr\/wp-content\/uploads\/sites\/6\/2022\/02\/Nusaybin-S\u0131n\u0131r-Kap\u0131s\u0131.jpg","datePublished":"2022-02-02T10:28:13+00:00","author":{"@id":"https:\/\/akunq.net\/tr\/#\/schema\/person\/096f1d38a12cce57fb855b485ed24c9e"},"breadcrumb":{"@id":"https:\/\/akunq.net\/tr\/?p=66878#breadcrumb"},"inLanguage":"en-US","potentialAction":[{"@type":"ReadAction","target":["https:\/\/akunq.net\/tr\/?p=66878"]}]},{"@type":"ImageObject","inLanguage":"en-US","@id":"https:\/\/akunq.net\/tr\/?p=66878#primaryimage","url":"https:\/\/akunq.net\/tr\/wp-content\/uploads\/sites\/6\/2022\/02\/Nusaybin-S\u0131n\u0131r-Kap\u0131s\u0131.jpg","contentUrl":"https:\/\/akunq.net\/tr\/wp-content\/uploads\/sites\/6\/2022\/02\/Nusaybin-S\u0131n\u0131r-Kap\u0131s\u0131.jpg","width":1280,"height":720},{"@type":"BreadcrumbList","@id":"https:\/\/akunq.net\/tr\/?p=66878#breadcrumb","itemListElement":[{"@type":"ListItem","position":1,"name":"Home","item":"https:\/\/akunq.net\/tr"},{"@type":"ListItem","position":2,"name":"Diyarbak\u0131r Ticaret Odas\u0131\u2019ndan \u00e7a\u011fr\u0131: Nusaybin S\u0131n\u0131r Kap\u0131s\u0131 a\u00e7\u0131ls\u0131n"}]},{"@type":"WebSite","@id":"https:\/\/akunq.net\/tr\/#website","url":"https:\/\/akunq.net\/tr\/","name":"Bati Ermenistan Ve Bati Ermenileri Sorunlari Ara\u015ftirmalar Merkezi","description":"","potentialAction":[{"@type":"SearchAction","target":{"@type":"EntryPoint","urlTemplate":"https:\/\/akunq.net\/tr\/?s={search_term_string}"},"query-input":{"@type":"PropertyValueSpecification","valueRequired":true,"valueName":"search_term_string"}}],"inLanguage":"en-US"},{"@type":"Person","@id":"https:\/\/akunq.net\/tr\/#\/schema\/person\/096f1d38a12cce57fb855b485ed24c9e","name":"admin","url":"https:\/\/akunq.net\/tr\/?author=7"}]}},"_links":{"self":[{"href":"https:\/\/akunq.net\/tr\/index.php?rest_route=\/wp\/v2\/posts\/66878","targetHints":{"allow":["GET"]}}],"collection":[{"href":"https:\/\/akunq.net\/tr\/index.php?rest_route=\/wp\/v2\/posts"}],"about":[{"href":"https:\/\/akunq.net\/tr\/index.php?rest_route=\/wp\/v2\/types\/post"}],"author":[{"embeddable":true,"href":"https:\/\/akunq.net\/tr\/index.php?rest_route=\/wp\/v2\/users\/7"}],"replies":[{"embeddable":true,"href":"https:\/\/akunq.net\/tr\/index.php?rest_route=%2Fwp%2Fv2%2Fcomments&post=66878"}],"version-history":[{"count":1,"href":"https:\/\/akunq.net\/tr\/index.php?rest_route=\/wp\/v2\/posts\/66878\/revisions"}],"predecessor-version":[{"id":66880,"href":"https:\/\/akunq.net\/tr\/index.php?rest_route=\/wp\/v2\/posts\/66878\/revisions\/66880"}],"wp:featuredmedia":[{"embeddable":true,"href":"https:\/\/akunq.net\/tr\/index.php?rest_route=\/wp\/v2\/media\/66879"}],"wp:attachment":[{"href":"https:\/\/akunq.net\/tr\/index.php?rest_route=%2Fwp%2Fv2%2Fmedia&parent=66878"}],"wp:term":[{"taxonomy":"category","embeddable":true,"href":"https:\/\/akunq.net\/tr\/index.php?rest_route=%2Fwp%2Fv2%2Fcategories&post=66878"},{"taxonomy":"post_tag","embeddable":true,"href":"https:\/\/akunq.net\/tr\/index.php?rest_route=%2Fwp%2Fv2%2Ftags&post=66878"}],"curies":[{"name":"wp","href":"https:\/\/api.w.org\/{rel}","templated":true}]}}