{"id":66868,"date":"2022-02-02T03:40:10","date_gmt":"2022-02-02T08:40:10","guid":{"rendered":"https:\/\/akunq.net\/tr\/?p=66868"},"modified":"2022-02-02T03:40:10","modified_gmt":"2022-02-02T08:40:10","slug":"yahya-kemal-beyatlinin-ermeni-siirine-yorumu-yasanmisliklar-ortak","status":"publish","type":"post","link":"https:\/\/akunq.net\/tr\/?p=66868","title":{"rendered":"Yahya Kemal Beyatl\u0131\u2019n\u0131n Ermeni \u015fiirine yorumu: Ya\u015fanm\u0131\u015fl\u0131klar ortak"},"content":{"rendered":"<p><img loading=\"lazy\" decoding=\"async\" class=\"aligncenter size-medium wp-image-66869\" src=\"https:\/\/akunq.net\/tr\/wp-content\/uploads\/2022\/02\/Yahya-Kemal-Beyatl\u0131-360x202.jpg\" alt=\"\" width=\"360\" height=\"202\" srcset=\"https:\/\/akunq.net\/tr\/wp-content\/uploads\/sites\/6\/2022\/02\/Yahya-Kemal-Beyatl\u0131-360x202.jpg 360w, https:\/\/akunq.net\/tr\/wp-content\/uploads\/sites\/6\/2022\/02\/Yahya-Kemal-Beyatl\u0131-768x431.jpg 768w, https:\/\/akunq.net\/tr\/wp-content\/uploads\/sites\/6\/2022\/02\/Yahya-Kemal-Beyatl\u0131-560x314.jpg 560w, https:\/\/akunq.net\/tr\/wp-content\/uploads\/sites\/6\/2022\/02\/Yahya-Kemal-Beyatl\u0131-260x146.jpg 260w, https:\/\/akunq.net\/tr\/wp-content\/uploads\/sites\/6\/2022\/02\/Yahya-Kemal-Beyatl\u0131-160x90.jpg 160w, https:\/\/akunq.net\/tr\/wp-content\/uploads\/sites\/6\/2022\/02\/Yahya-Kemal-Beyatl\u0131.jpg 840w\" sizes=\"auto, (max-width: 360px) 100vw, 360px\" \/><\/p>\n<p><em><strong>Yay\u0131n hayat\u0131na ara verece\u011fini duyuran Dergah dergisi, son say\u0131s\u0131nda \u00f6nemli dosyalara yer verdi. Bunlardan birisi Yazar Tahsin Y\u0131ld\u0131r\u0131m\u2019\u0131n kaleme ald\u0131\u011f\u0131, Yahya Kemal Beyatl\u0131\u2019n\u0131n doktoru Vart \u015eigaher\u2019in hat\u0131rat\u0131. \u015eigaher, Beyatl\u0131\u2019n\u0131n Ermeni \u015fiiri hakk\u0131nda \u201c\u00d6rnekleri okudum, bir kez daha fark ettim ki iki \u0131rk\u0131n edebi ya\u015fanm\u0131\u015fl\u0131klar\u0131 ortak mahiyet ve paydada birle\u015fiyor\u201d dedi\u011fini aktar\u0131yor.<\/strong><\/em><\/p>\n<p>Yay\u0131n hayat\u0131na ara verece\u011fini duyuran Dergah dergisi, son say\u0131s\u0131nda \u00f6nemli dosyalara yer verdi. Bunlardan biri ge\u00e7en y\u0131l vefat eden Mehmet Gen\u00e7 Hoca\u2019n\u0131n \u00f6l\u00fcm\u00fcnden sonra yay\u0131nlanmas\u0131n\u0131 istedi\u011fi Nasyonal Sosyalizm yaz\u0131s\u0131.<\/p>\n<p>Di\u011feri ise Yazar Tahsin Y\u0131ld\u0131r\u0131m\u2019\u0131n kaleme ald\u0131\u011f\u0131,\u00a0<strong>Yahya Kemal Beyatl\u0131\u2019<\/strong>n\u0131n doktoru Vart \u015eigaher\u2019in hat\u0131rat\u0131. 16 Temmuz 2020\u2019de vefat eden T\u00fcrkiye Ermenilerinin \u00f6nemli \u015fairlerinden \u015eigaher<strong>, Yahya Kemal<\/strong>\u2019in son g\u00fcnlerinde onu tedavi etmesi vesilesiyle aralar\u0131nda do\u011fan muhabbeti anlat\u0131r.<\/p>\n<h2>Ermeni \u015fiirleri istedi<\/h2>\n<p>Sa\u011fl\u0131\u011f\u0131 elverdi\u011fi zamanlarda edebiyattan konu\u015ftuklar\u0131n\u0131 s\u00f6yleyen \u015eigaher, kendisinden Ermeni edebiyat\u0131na ait \u015fiirler istedi\u011fini ve \u00f6zenle se\u00e7erek temsil edebilecek kalitede eserlerin terc\u00fcme edilmi\u015f halini bir defterle<strong>\u00a0Yahya Kemal Beyatl\u0131\u2019ya<\/strong>\u00a0teslim etti\u011fini belirtir.<\/p>\n<p>O defter hakk\u0131nda<strong>\u00a0Beyatl\u0131<\/strong>\u2019n\u0131n,\u00a0<strong>\u201c\u00d6rnekleri okudum, bir kez daha fark ettim ki iki \u0131rk\u0131n edebi ya\u015fanm\u0131\u015fl\u0131klar\u0131 ortak mahiyet ve paydada birle\u015fiyor\u201d<\/strong>\u00a0dedi\u011fini aktaran \u015eigaher, bunun i\u00e7in Ermeni edebiyat\u0131na dair bir konferans tertiplenebilece\u011fini, uygun bir f\u0131rsatta da T\u00fcrk \u015fiiri hakk\u0131nda bir konferans vermek arzusunu belirtir.<\/p>\n<p>\u015eigaher, \u201cDerneklerimizden birini tahsis ettim ve \u00f6zel bir tarih belirledim. Fakat bu onurlu bulu\u015fmay\u0131 ger\u00e7ekle\u015ftiremedi. 1958\u2019de sona eren ya\u015fam\u0131 buna m\u00fcsaade etmedi\u201d der.<\/p>\n<h2>Tanp\u0131nar\u2019\u0131n \u015fiirleri elden ele dola\u015f\u0131rm\u0131\u015f<\/h2>\n<p>Bu hat\u0131ray\u0131 nakleden Tahsin Y\u0131ld\u0131r\u0131m, T\u00fcrk edebiyat\u00e7\u0131larla Ermeni edebiyat\u00e7\u0131lar\u0131n birbirine bak\u0131\u015f\u0131n\u0131 anlatan bir kitap haz\u0131rl\u0131\u011f\u0131 i\u00e7erisinde oldu\u011funu a\u00e7\u0131klad\u0131. Ya\u015fanm\u0131\u015fl\u0131klar\u0131 kayda ge\u00e7irerek haz\u0131rlad\u0131\u011f\u0131 kitapta Tanp\u0131nar\u2019la ilgili b\u00f6l\u00fcm de yer alacak. Tanp\u0131nar\u2019\u0131n doktorunun yan\u0131nda \u00e7al\u0131\u015fan han\u0131m\u0131n Katolik Patrik\u2019in annesi oldu\u011funu aktaran Y\u0131ld\u0131r\u0131m, \u201cPatrik bana, \u0130talyan Lisesinde okurken, bir \u00f6\u011fretmeni vas\u0131tas\u0131yla Tanp\u0131nar\u2019\u0131n bas\u0131lmayan \u015fiirlerini elden ele dola\u015ft\u0131rarak okuduklar\u0131n\u0131, Tar\u0131k Temeli orada g\u00f6r\u00fcp konu\u015ftuklar\u0131n\u0131 anlatt\u0131. O notlar\u0131 tekrar kontrol edip bir \u015fekilde g\u00fcn y\u00fcz\u00fcne \u00e7\u0131karaca\u011f\u0131m\u201d dedi.<\/p>\n<p><strong><em><a href=\"https:\/\/www.yenisafak.com\/hayat\/yahya-kemal-beyatlinin-ermeni-siirine-yorumu-yasanmisliklar-ortak-3742881\">https:\/\/www.yenisafak.com\/hayat\/yahya-kemal-beyatlinin-ermeni-siirine-yorumu-yasanmisliklar-ortak-3742881<\/a><\/em><\/strong><\/p>\n<div class=\"sharedaddy sd-sharing-enabled\">\n<div class=\"robots-nocontent sd-block sd-social sd-social-icon-text sd-sharing\">\n<h3 class=\"sd-title\"><\/h3>\n<\/div>\n<\/div>\n","protected":false},"excerpt":{"rendered":"<p>Yay\u0131n hayat\u0131na ara verece\u011fini duyuran Dergah dergisi, son say\u0131s\u0131nda \u00f6nemli dosyalara yer verdi. Bunlardan birisi Yazar Tahsin Y\u0131ld\u0131r\u0131m\u2019\u0131n kaleme ald\u0131\u011f\u0131, Yahya Kemal Beyatl\u0131\u2019n\u0131n doktoru Vart \u015eigaher\u2019in hat\u0131rat\u0131. \u015eigaher, Beyatl\u0131\u2019n\u0131n Ermeni \u015fiiri hakk\u0131nda \u201c\u00d6rnekleri okudum, bir kez daha fark ettim ki iki \u0131rk\u0131n edebi ya\u015fanm\u0131\u015fl\u0131klar\u0131 ortak mahiyet ve paydada birle\u015fiyor\u201d dedi\u011fini aktar\u0131yor. Yay\u0131n hayat\u0131na ara verece\u011fini [&hellip;]<\/p>\n","protected":false},"author":7,"featured_media":66869,"comment_status":"open","ping_status":"open","sticky":false,"template":"","format":"standard","meta":{"footnotes":""},"categories":[1],"tags":[],"class_list":["post-66868","post","type-post","status-publish","format-standard","has-post-thumbnail","hentry","category-haberler"],"yoast_head":"<!-- This site is optimized with the Yoast SEO plugin v27.4 - https:\/\/yoast.com\/product\/yoast-seo-wordpress\/ -->\n<title>Yahya Kemal Beyatl\u0131\u2019n\u0131n Ermeni \u015fiirine yorumu: Ya\u015fanm\u0131\u015fl\u0131klar ortak - Bati Ermenistan Ve Bati Ermenileri Sorunlari Ara\u015ftirmalar Merkezi<\/title>\n<meta name=\"robots\" content=\"index, follow, max-snippet:-1, max-image-preview:large, max-video-preview:-1\" \/>\n<link rel=\"canonical\" href=\"https:\/\/akunq.net\/tr\/?p=66868\" \/>\n<meta property=\"og:locale\" content=\"en_US\" \/>\n<meta property=\"og:type\" content=\"article\" \/>\n<meta property=\"og:title\" content=\"Yahya Kemal Beyatl\u0131\u2019n\u0131n Ermeni \u015fiirine yorumu: Ya\u015fanm\u0131\u015fl\u0131klar ortak - Bati Ermenistan Ve Bati Ermenileri Sorunlari Ara\u015ftirmalar Merkezi\" \/>\n<meta property=\"og:description\" content=\"Yay\u0131n hayat\u0131na ara verece\u011fini duyuran Dergah dergisi, son say\u0131s\u0131nda \u00f6nemli dosyalara yer verdi. Bunlardan birisi Yazar Tahsin Y\u0131ld\u0131r\u0131m\u2019\u0131n kaleme ald\u0131\u011f\u0131, Yahya Kemal Beyatl\u0131\u2019n\u0131n doktoru Vart \u015eigaher\u2019in hat\u0131rat\u0131. \u015eigaher, Beyatl\u0131\u2019n\u0131n Ermeni \u015fiiri hakk\u0131nda \u201c\u00d6rnekleri okudum, bir kez daha fark ettim ki iki \u0131rk\u0131n edebi ya\u015fanm\u0131\u015fl\u0131klar\u0131 ortak mahiyet ve paydada birle\u015fiyor\u201d dedi\u011fini aktar\u0131yor. Yay\u0131n hayat\u0131na ara verece\u011fini [&hellip;]\" \/>\n<meta property=\"og:url\" content=\"https:\/\/akunq.net\/tr\/?p=66868\" \/>\n<meta property=\"og:site_name\" content=\"Bati Ermenistan Ve Bati Ermenileri Sorunlari Ara\u015ftirmalar Merkezi\" \/>\n<meta property=\"article:published_time\" content=\"2022-02-02T08:40:10+00:00\" \/>\n<meta property=\"og:image\" content=\"https:\/\/akunq.net\/tr\/wp-content\/uploads\/sites\/6\/2022\/02\/Yahya-Kemal-Beyatl\u0131.jpg\" \/>\n\t<meta property=\"og:image:width\" content=\"840\" \/>\n\t<meta property=\"og:image:height\" content=\"471\" \/>\n\t<meta property=\"og:image:type\" content=\"image\/jpeg\" \/>\n<meta name=\"author\" content=\"admin\" \/>\n<meta name=\"twitter:card\" content=\"summary_large_image\" \/>\n<meta name=\"twitter:label1\" content=\"Written by\" \/>\n\t<meta name=\"twitter:data1\" content=\"admin\" \/>\n\t<meta name=\"twitter:label2\" content=\"Est. reading time\" \/>\n\t<meta name=\"twitter:data2\" content=\"2 minutes\" \/>\n<script type=\"application\/ld+json\" class=\"yoast-schema-graph\">{\"@context\":\"https:\\\/\\\/schema.org\",\"@graph\":[{\"@type\":\"Article\",\"@id\":\"https:\\\/\\\/akunq.net\\\/tr\\\/?p=66868#article\",\"isPartOf\":{\"@id\":\"https:\\\/\\\/akunq.net\\\/tr\\\/?p=66868\"},\"author\":{\"name\":\"admin\",\"@id\":\"https:\\\/\\\/akunq.net\\\/tr\\\/#\\\/schema\\\/person\\\/096f1d38a12cce57fb855b485ed24c9e\"},\"headline\":\"Yahya Kemal Beyatl\u0131\u2019n\u0131n Ermeni \u015fiirine yorumu: Ya\u015fanm\u0131\u015fl\u0131klar ortak\",\"datePublished\":\"2022-02-02T08:40:10+00:00\",\"mainEntityOfPage\":{\"@id\":\"https:\\\/\\\/akunq.net\\\/tr\\\/?p=66868\"},\"wordCount\":449,\"commentCount\":0,\"image\":{\"@id\":\"https:\\\/\\\/akunq.net\\\/tr\\\/?p=66868#primaryimage\"},\"thumbnailUrl\":\"https:\\\/\\\/akunq.net\\\/tr\\\/wp-content\\\/uploads\\\/sites\\\/6\\\/2022\\\/02\\\/Yahya-Kemal-Beyatl\u0131.jpg\",\"articleSection\":[\"Haberler\"],\"inLanguage\":\"en-US\",\"potentialAction\":[{\"@type\":\"CommentAction\",\"name\":\"Comment\",\"target\":[\"https:\\\/\\\/akunq.net\\\/tr\\\/?p=66868#respond\"]}]},{\"@type\":\"WebPage\",\"@id\":\"https:\\\/\\\/akunq.net\\\/tr\\\/?p=66868\",\"url\":\"https:\\\/\\\/akunq.net\\\/tr\\\/?p=66868\",\"name\":\"Yahya Kemal Beyatl\u0131\u2019n\u0131n Ermeni \u015fiirine yorumu: Ya\u015fanm\u0131\u015fl\u0131klar ortak - Bati Ermenistan Ve Bati Ermenileri Sorunlari Ara\u015ftirmalar Merkezi\",\"isPartOf\":{\"@id\":\"https:\\\/\\\/akunq.net\\\/tr\\\/#website\"},\"primaryImageOfPage\":{\"@id\":\"https:\\\/\\\/akunq.net\\\/tr\\\/?p=66868#primaryimage\"},\"image\":{\"@id\":\"https:\\\/\\\/akunq.net\\\/tr\\\/?p=66868#primaryimage\"},\"thumbnailUrl\":\"https:\\\/\\\/akunq.net\\\/tr\\\/wp-content\\\/uploads\\\/sites\\\/6\\\/2022\\\/02\\\/Yahya-Kemal-Beyatl\u0131.jpg\",\"datePublished\":\"2022-02-02T08:40:10+00:00\",\"author\":{\"@id\":\"https:\\\/\\\/akunq.net\\\/tr\\\/#\\\/schema\\\/person\\\/096f1d38a12cce57fb855b485ed24c9e\"},\"breadcrumb\":{\"@id\":\"https:\\\/\\\/akunq.net\\\/tr\\\/?p=66868#breadcrumb\"},\"inLanguage\":\"en-US\",\"potentialAction\":[{\"@type\":\"ReadAction\",\"target\":[\"https:\\\/\\\/akunq.net\\\/tr\\\/?p=66868\"]}]},{\"@type\":\"ImageObject\",\"inLanguage\":\"en-US\",\"@id\":\"https:\\\/\\\/akunq.net\\\/tr\\\/?p=66868#primaryimage\",\"url\":\"https:\\\/\\\/akunq.net\\\/tr\\\/wp-content\\\/uploads\\\/sites\\\/6\\\/2022\\\/02\\\/Yahya-Kemal-Beyatl\u0131.jpg\",\"contentUrl\":\"https:\\\/\\\/akunq.net\\\/tr\\\/wp-content\\\/uploads\\\/sites\\\/6\\\/2022\\\/02\\\/Yahya-Kemal-Beyatl\u0131.jpg\",\"width\":840,\"height\":471},{\"@type\":\"BreadcrumbList\",\"@id\":\"https:\\\/\\\/akunq.net\\\/tr\\\/?p=66868#breadcrumb\",\"itemListElement\":[{\"@type\":\"ListItem\",\"position\":1,\"name\":\"Home\",\"item\":\"https:\\\/\\\/akunq.net\\\/tr\"},{\"@type\":\"ListItem\",\"position\":2,\"name\":\"Yahya Kemal Beyatl\u0131\u2019n\u0131n Ermeni \u015fiirine yorumu: Ya\u015fanm\u0131\u015fl\u0131klar ortak\"}]},{\"@type\":\"WebSite\",\"@id\":\"https:\\\/\\\/akunq.net\\\/tr\\\/#website\",\"url\":\"https:\\\/\\\/akunq.net\\\/tr\\\/\",\"name\":\"Bati Ermenistan Ve Bati Ermenileri Sorunlari Ara\u015ftirmalar Merkezi\",\"description\":\"\",\"potentialAction\":[{\"@type\":\"SearchAction\",\"target\":{\"@type\":\"EntryPoint\",\"urlTemplate\":\"https:\\\/\\\/akunq.net\\\/tr\\\/?s={search_term_string}\"},\"query-input\":{\"@type\":\"PropertyValueSpecification\",\"valueRequired\":true,\"valueName\":\"search_term_string\"}}],\"inLanguage\":\"en-US\"},{\"@type\":\"Person\",\"@id\":\"https:\\\/\\\/akunq.net\\\/tr\\\/#\\\/schema\\\/person\\\/096f1d38a12cce57fb855b485ed24c9e\",\"name\":\"admin\",\"url\":\"https:\\\/\\\/akunq.net\\\/tr\\\/?author=7\"}]}<\/script>\n<!-- \/ Yoast SEO plugin. -->","yoast_head_json":{"title":"Yahya Kemal Beyatl\u0131\u2019n\u0131n Ermeni \u015fiirine yorumu: Ya\u015fanm\u0131\u015fl\u0131klar ortak - Bati Ermenistan Ve Bati Ermenileri Sorunlari Ara\u015ftirmalar Merkezi","robots":{"index":"index","follow":"follow","max-snippet":"max-snippet:-1","max-image-preview":"max-image-preview:large","max-video-preview":"max-video-preview:-1"},"canonical":"https:\/\/akunq.net\/tr\/?p=66868","og_locale":"en_US","og_type":"article","og_title":"Yahya Kemal Beyatl\u0131\u2019n\u0131n Ermeni \u015fiirine yorumu: Ya\u015fanm\u0131\u015fl\u0131klar ortak - Bati Ermenistan Ve Bati Ermenileri Sorunlari Ara\u015ftirmalar Merkezi","og_description":"Yay\u0131n hayat\u0131na ara verece\u011fini duyuran Dergah dergisi, son say\u0131s\u0131nda \u00f6nemli dosyalara yer verdi. Bunlardan birisi Yazar Tahsin Y\u0131ld\u0131r\u0131m\u2019\u0131n kaleme ald\u0131\u011f\u0131, Yahya Kemal Beyatl\u0131\u2019n\u0131n doktoru Vart \u015eigaher\u2019in hat\u0131rat\u0131. \u015eigaher, Beyatl\u0131\u2019n\u0131n Ermeni \u015fiiri hakk\u0131nda \u201c\u00d6rnekleri okudum, bir kez daha fark ettim ki iki \u0131rk\u0131n edebi ya\u015fanm\u0131\u015fl\u0131klar\u0131 ortak mahiyet ve paydada birle\u015fiyor\u201d dedi\u011fini aktar\u0131yor. Yay\u0131n hayat\u0131na ara verece\u011fini [&hellip;]","og_url":"https:\/\/akunq.net\/tr\/?p=66868","og_site_name":"Bati Ermenistan Ve Bati Ermenileri Sorunlari Ara\u015ftirmalar Merkezi","article_published_time":"2022-02-02T08:40:10+00:00","og_image":[{"width":840,"height":471,"url":"https:\/\/akunq.net\/tr\/wp-content\/uploads\/sites\/6\/2022\/02\/Yahya-Kemal-Beyatl\u0131.jpg","type":"image\/jpeg"}],"author":"admin","twitter_card":"summary_large_image","twitter_misc":{"Written by":"admin","Est. reading time":"2 minutes"},"schema":{"@context":"https:\/\/schema.org","@graph":[{"@type":"Article","@id":"https:\/\/akunq.net\/tr\/?p=66868#article","isPartOf":{"@id":"https:\/\/akunq.net\/tr\/?p=66868"},"author":{"name":"admin","@id":"https:\/\/akunq.net\/tr\/#\/schema\/person\/096f1d38a12cce57fb855b485ed24c9e"},"headline":"Yahya Kemal Beyatl\u0131\u2019n\u0131n Ermeni \u015fiirine yorumu: Ya\u015fanm\u0131\u015fl\u0131klar ortak","datePublished":"2022-02-02T08:40:10+00:00","mainEntityOfPage":{"@id":"https:\/\/akunq.net\/tr\/?p=66868"},"wordCount":449,"commentCount":0,"image":{"@id":"https:\/\/akunq.net\/tr\/?p=66868#primaryimage"},"thumbnailUrl":"https:\/\/akunq.net\/tr\/wp-content\/uploads\/sites\/6\/2022\/02\/Yahya-Kemal-Beyatl\u0131.jpg","articleSection":["Haberler"],"inLanguage":"en-US","potentialAction":[{"@type":"CommentAction","name":"Comment","target":["https:\/\/akunq.net\/tr\/?p=66868#respond"]}]},{"@type":"WebPage","@id":"https:\/\/akunq.net\/tr\/?p=66868","url":"https:\/\/akunq.net\/tr\/?p=66868","name":"Yahya Kemal Beyatl\u0131\u2019n\u0131n Ermeni \u015fiirine yorumu: Ya\u015fanm\u0131\u015fl\u0131klar ortak - Bati Ermenistan Ve Bati Ermenileri Sorunlari Ara\u015ftirmalar Merkezi","isPartOf":{"@id":"https:\/\/akunq.net\/tr\/#website"},"primaryImageOfPage":{"@id":"https:\/\/akunq.net\/tr\/?p=66868#primaryimage"},"image":{"@id":"https:\/\/akunq.net\/tr\/?p=66868#primaryimage"},"thumbnailUrl":"https:\/\/akunq.net\/tr\/wp-content\/uploads\/sites\/6\/2022\/02\/Yahya-Kemal-Beyatl\u0131.jpg","datePublished":"2022-02-02T08:40:10+00:00","author":{"@id":"https:\/\/akunq.net\/tr\/#\/schema\/person\/096f1d38a12cce57fb855b485ed24c9e"},"breadcrumb":{"@id":"https:\/\/akunq.net\/tr\/?p=66868#breadcrumb"},"inLanguage":"en-US","potentialAction":[{"@type":"ReadAction","target":["https:\/\/akunq.net\/tr\/?p=66868"]}]},{"@type":"ImageObject","inLanguage":"en-US","@id":"https:\/\/akunq.net\/tr\/?p=66868#primaryimage","url":"https:\/\/akunq.net\/tr\/wp-content\/uploads\/sites\/6\/2022\/02\/Yahya-Kemal-Beyatl\u0131.jpg","contentUrl":"https:\/\/akunq.net\/tr\/wp-content\/uploads\/sites\/6\/2022\/02\/Yahya-Kemal-Beyatl\u0131.jpg","width":840,"height":471},{"@type":"BreadcrumbList","@id":"https:\/\/akunq.net\/tr\/?p=66868#breadcrumb","itemListElement":[{"@type":"ListItem","position":1,"name":"Home","item":"https:\/\/akunq.net\/tr"},{"@type":"ListItem","position":2,"name":"Yahya Kemal Beyatl\u0131\u2019n\u0131n Ermeni \u015fiirine yorumu: Ya\u015fanm\u0131\u015fl\u0131klar ortak"}]},{"@type":"WebSite","@id":"https:\/\/akunq.net\/tr\/#website","url":"https:\/\/akunq.net\/tr\/","name":"Bati Ermenistan Ve Bati Ermenileri Sorunlari Ara\u015ftirmalar Merkezi","description":"","potentialAction":[{"@type":"SearchAction","target":{"@type":"EntryPoint","urlTemplate":"https:\/\/akunq.net\/tr\/?s={search_term_string}"},"query-input":{"@type":"PropertyValueSpecification","valueRequired":true,"valueName":"search_term_string"}}],"inLanguage":"en-US"},{"@type":"Person","@id":"https:\/\/akunq.net\/tr\/#\/schema\/person\/096f1d38a12cce57fb855b485ed24c9e","name":"admin","url":"https:\/\/akunq.net\/tr\/?author=7"}]}},"_links":{"self":[{"href":"https:\/\/akunq.net\/tr\/index.php?rest_route=\/wp\/v2\/posts\/66868","targetHints":{"allow":["GET"]}}],"collection":[{"href":"https:\/\/akunq.net\/tr\/index.php?rest_route=\/wp\/v2\/posts"}],"about":[{"href":"https:\/\/akunq.net\/tr\/index.php?rest_route=\/wp\/v2\/types\/post"}],"author":[{"embeddable":true,"href":"https:\/\/akunq.net\/tr\/index.php?rest_route=\/wp\/v2\/users\/7"}],"replies":[{"embeddable":true,"href":"https:\/\/akunq.net\/tr\/index.php?rest_route=%2Fwp%2Fv2%2Fcomments&post=66868"}],"version-history":[{"count":1,"href":"https:\/\/akunq.net\/tr\/index.php?rest_route=\/wp\/v2\/posts\/66868\/revisions"}],"predecessor-version":[{"id":66870,"href":"https:\/\/akunq.net\/tr\/index.php?rest_route=\/wp\/v2\/posts\/66868\/revisions\/66870"}],"wp:featuredmedia":[{"embeddable":true,"href":"https:\/\/akunq.net\/tr\/index.php?rest_route=\/wp\/v2\/media\/66869"}],"wp:attachment":[{"href":"https:\/\/akunq.net\/tr\/index.php?rest_route=%2Fwp%2Fv2%2Fmedia&parent=66868"}],"wp:term":[{"taxonomy":"category","embeddable":true,"href":"https:\/\/akunq.net\/tr\/index.php?rest_route=%2Fwp%2Fv2%2Fcategories&post=66868"},{"taxonomy":"post_tag","embeddable":true,"href":"https:\/\/akunq.net\/tr\/index.php?rest_route=%2Fwp%2Fv2%2Ftags&post=66868"}],"curies":[{"name":"wp","href":"https:\/\/api.w.org\/{rel}","templated":true}]}}