{"id":66858,"date":"2022-02-02T02:17:34","date_gmt":"2022-02-02T07:17:34","guid":{"rendered":"https:\/\/akunq.net\/tr\/?p=66858"},"modified":"2022-02-02T02:17:34","modified_gmt":"2022-02-02T07:17:34","slug":"aihmden-demirtas-ve-hdpli-vekiller-hakkinda-dokunulmazlik-karari","status":"publish","type":"post","link":"https:\/\/akunq.net\/tr\/?p=66858","title":{"rendered":"A\u0130HM\u2019den Demirta\u015f ve HDP\u2019li vekiller hakk\u0131nda \u2018dokunulmazl\u0131k karar\u0131\u2019"},"content":{"rendered":"<p><img loading=\"lazy\" decoding=\"async\" class=\"aligncenter size-medium wp-image-66859\" src=\"https:\/\/akunq.net\/tr\/wp-content\/uploads\/2022\/02\/\u0544\u053b\u0535\u0534-360x270.jpg\" alt=\"\" width=\"360\" height=\"270\" srcset=\"https:\/\/akunq.net\/tr\/wp-content\/uploads\/sites\/6\/2022\/02\/\u0544\u053b\u0535\u0534-360x270.jpg 360w, https:\/\/akunq.net\/tr\/wp-content\/uploads\/sites\/6\/2022\/02\/\u0544\u053b\u0535\u0534-260x195.jpg 260w, https:\/\/akunq.net\/tr\/wp-content\/uploads\/sites\/6\/2022\/02\/\u0544\u053b\u0535\u0534-160x120.jpg 160w, https:\/\/akunq.net\/tr\/wp-content\/uploads\/sites\/6\/2022\/02\/\u0544\u053b\u0535\u0534.jpg 400w\" sizes=\"auto, (max-width: 360px) 100vw, 360px\" \/><\/p>\n<p><strong><em>Demirta\u015f\u2019\u0131 A\u0130HM\u2019de temsil eden avukatlardan Ramazan Demir, \u201cA\u0130HM, HDP\u2019li 40 milletvekilinin dokunulmazl\u0131klar\u0131n\u0131n kald\u0131r\u0131lmas\u0131 ile ilgili ihlal karar\u0131n\u0131 a\u00e7\u0131klad\u0131\u201d.<\/em><\/strong><\/p>\n<p>Avrupa \u0130nsan Haklar\u0131 Mahkemesi (A\u0130HM), aralar\u0131nda Halklar\u0131n Demokratik Partisi (HDP) eski E\u015f Genel Ba\u015fkanlar\u0131 Figen Y\u00fcksekda\u011f, Selahattin Demirta\u015f ile mevcut E\u015f Genel Ba\u015fkanlar Pervin Buldan ile Mithat Sancar\u2019\u0131n da bulundu\u011fu HDP\u2019li 40 milletvekilinin 20 May\u0131s 2016&#8217;da dokunulmazl\u0131klar\u0131n\u0131n kald\u0131r\u0131lmas\u0131na dair yap\u0131lan ba\u015fvuruyu karara ba\u011flad\u0131.<\/p>\n<p>Jinnews&#8217;ten Melike Giray&#8217;\u0131n \u00e7evirine g\u00f6re, A\u0130HM karar\u0131nda dokunulmazl\u0131klar\u0131n kald\u0131r\u0131lmas\u0131 ve yarg\u0131lanmas\u0131na dair ihlal karar\u0131n\u0131n yan\u0131 s\u0131ra ifade \u00f6zg\u00fcrl\u00fc\u011f\u00fcn\u00fcn de ihlali y\u00f6n\u00fcnde karar vererek, ba\u015fvurucu siyaset\u00e7iler i\u00e7in 5 bin Euro manevi tazminat \u00f6denmesine h\u00fckmetti.<\/p>\n<h2><strong>HDP\u2019li 40 vekil ba\u015fvurdu<\/strong><\/h2>\n<p>Enc\u00fc\/T\u00fcrkiye ad\u0131yla verilen kararda A\u0130HM, HDP\u2019li 40 milletvekilinin 20 May\u0131s 2016 tarihinde dokunulmazl\u0131klar\u0131n\u0131n kald\u0131r\u0131lmas\u0131 ve yarg\u0131lanmalar\u0131 nedeniyle ifade h\u00fcrriyetlerinin ihlal edildi\u011fine karar verdi.<\/p>\n<h2><strong>Ba\u015fvuru nedeni hat\u0131rlat\u0131ld\u0131<\/strong><\/h2>\n<p>A\u0130HM karar\u0131nda ba\u015fvuranlar\u0131n, muhalefetteki bir siyasi partiye mensup milletvekilleri oldu\u011funa dikkat \u00e7ekti. Ba\u015fvurular\u0131n, ba\u015fvurucular\u0131n siyasi g\u00f6r\u00fc\u015fleri nedeniyle, 20 May\u0131s 2016 tarihli anayasa de\u011fi\u015fikli\u011fi ile milletvekili dokunulmazl\u0131klar\u0131n\u0131n kald\u0131r\u0131lmas\u0131na ili\u015fkin oldu\u011funun hat\u0131rlat\u0131ld\u0131\u011f\u0131 kararda, Selahattin Demirta\u015f hakk\u0131nda verilen karara da de\u011finildi. Bu de\u011fi\u015fikli\u011fin ard\u0131ndan ba\u015fvuranlar hakk\u0131nda cezai takibat ba\u015flat\u0131ld\u0131\u011f\u0131 ve siyasi partiye mensup 14 milletvekilinin, hakk\u0131nda y\u00fcr\u00fct\u00fclen soru\u015fturma kapsam\u0131nda tutuklu yarg\u0131land\u0131\u011f\u0131 belirtilen kararda, \u201cBa\u015fvuranlar, siyasi g\u00f6r\u00fc\u015flerine dayand\u0131\u011f\u0131n\u0131 iddia ettikleri milletvekili dokunulmazl\u0131klar\u0131n\u0131n, ifade \u00f6zg\u00fcrl\u00fc\u011f\u00fc ve toplanma \u00f6zg\u00fcrl\u00fc\u011f\u00fc haklar\u0131n\u0131 ihlal etti\u011fi i\u00e7in kald\u0131r\u0131lmas\u0131ndan \u015fik\u00e2yet\u00e7idirler. Bu ba\u011flamda, S\u00f6zle\u015fme&#8217;nin 9, 10, 11 ve 18. maddelerinin ihlal edildi\u011fini iddia etmi\u015flerdir. \u0130lgili yerel yasal \u00e7er\u00e7eve ve uygulama, Mahkeme&#8217;nin davaya ili\u015fkin karar\u0131nda belirtilmi\u015ftir\u201d denildi.<\/p>\n<h2><strong>Dengir Mir Mehmet F\u0131rat\u2019\u0131n dosyas\u0131 listeden \u00e7\u0131kar\u0131ld\u0131<\/strong><\/h2>\n<p>Kararda \u201cMahkemenin de\u011ferlendirmesi\u201d ba\u015fl\u0131\u011f\u0131 alt\u0131nda ise ba\u015fvurucular aras\u0131nda bulunup daha sonra ya\u015fam\u0131n\u0131 yitiren eski HDP Milletvekilleri Dengir Mir Mehmet F\u0131rat ile Kadri Y\u0131ld\u0131r\u0131m\u2019\u0131n durumuna dikkat \u00e7ekildi. Dengir Mir Mehmet F\u0131rat hakk\u0131nda verilen kararda, \u201c\u00d6l\u00fcm\u00fcnden sonra kimse onun ad\u0131na dilek\u00e7eyi s\u00fcrd\u00fcrmek i\u00e7in \u00f6ne \u00e7\u0131kmad\u0131. Buna g\u00f6re Mahkeme, e\u011fer varsa, ba\u015fvuran\u0131n miras\u00e7\u0131lar\u0131n\u0131n, S\u00f6zle\u015fme&#8217;nin 37-1 (a) maddesi anlam\u0131nda ba\u015fvuruyu s\u00fcrd\u00fcrmek niyetinde olmad\u0131\u011f\u0131 kanaatindedir. Bu nedenle 56834\/16 numaral\u0131 dava listeden \u00e7\u0131kar\u0131lmal\u0131d\u0131r\u201d vurgusu yap\u0131ld\u0131.<\/p>\n<h2><strong>Kadri Y\u0131ld\u0131r\u0131m\u2019\u0131n yerine e\u015fi davaya kat\u0131ld\u0131<\/strong><\/h2>\n<p>Yine ya\u015fam\u0131n\u0131 yitiren Kadri Y\u0131ld\u0131r\u0131m hakk\u0131nda verilen kararda ise h\u00fck\u00fcmetin e\u015finin ba\u015fvuruyu kovu\u015fturma hakk\u0131n\u0131n bulunmad\u0131\u011f\u0131n\u0131 ileri s\u00fcrd\u00fc\u011f\u00fc kaydedildi.<\/p>\n<p>Karar\u0131n devam\u0131nda, \u201cBa\u015fvurusu yap\u0131ld\u0131ktan sonra vefat eden ba\u015fvuru sahibinin ba\u015fvurusu, dilerlerse ve yeterli menfaati olmas\u0131 kayd\u0131yla, miras\u00e7\u0131lar\u0131 veya yak\u0131nlar\u0131 taraf\u0131ndan takip edilebilir.<\/p>\n<p>Bu durumda, merhumun e\u015fi Canan Y\u0131ld\u0131r\u0131m, yarg\u0131lamaya devam etmek istedi\u011fini ifade etti. Mevcut davalar\u0131n konusunu ve mevcut t\u00fcm bilgileri g\u00f6z \u00f6n\u00fcnde bulunduran A\u0130HM, Canan Y\u0131ld\u0131r\u0131m&#8217;\u0131n ba\u015fvuran Kadri Y\u0131ld\u0131r\u0131m&#8217;\u0131n yerini alabilece\u011fini kabul etmektedir\u201d ifadelerine yer verildi.<\/p>\n<p>A\u0130HM, m\u00fcracaatlar\u0131n konular\u0131n\u0131n benzerli\u011fini dikkate alarak, m\u00fcracaatlar\u0131 tek bir kararda birlikte inceleme karar\u0131 ald\u0131.<\/p>\n<h2><strong>A\u0130HS 10 ihlal edildi<\/strong><\/h2>\n<p>Ba\u015fvurucu siyaset\u00e7ilerin, Avrupa \u0130nsan Haklar\u0131 S\u00f6zle\u015fmesi\u2019nin (A\u0130HS) ifade \u00f6zg\u00fcrl\u00fc\u011f\u00fc kapsam\u0131ndaki 10\u2019uncu maddesinin ihlali y\u00f6n\u00fcndeki ba\u015fvurusuna dair A\u0130HM, S\u00f6zle\u015fme&#8217;nin 10\u2019ncu maddesinin ihlal edildi\u011fine karar vererek, ifade \u00f6zg\u00fcrl\u00fc\u011f\u00fcn\u00fcn ihlaline vurgu yapt\u0131.<\/p>\n<p>A\u0130HS\u2019in \u201cMahkeme i\u015fbu S\u00f6zle\u015fme veya Protokollerin ihlal edildi\u011fine karar verirse ve ilgili Y\u00fcksek Taraf Devletin i\u00e7 hukuku bu ihlali ancak k\u0131smen telafi edebiliyorsa, Mahkeme, gerekti\u011fi takdirde, hakkaniyete uygun bir surette zarar g\u00f6ren taraf\u0131n tatminine h\u00fckmeder\u201d \u015feklindeki 41\u2019nci maddesine de i\u015faret edilen kararda, ba\u015fvurucular\u0131n maddi ve\/veya manevi tazminat taleplerinin tutarlar\u0131 ile yarg\u0131lama giderlerine de\u011finildi.<\/p>\n<h2><strong>5 bin Euro manevi tazminata h\u00fckmetti<\/strong><\/h2>\n<p>T\u00fcrkiye h\u00fck\u00fcmetinin, A\u0130HM&#8217;den \u201ca\u015f\u0131r\u0131 ve temelsiz\u201d oldu\u011funu d\u00fc\u015f\u00fcnd\u00fc\u011f\u00fc bu talepleri reddetmesini istedi\u011fine vurgu yap\u0131lan kararda, \u201cMahkeme, tespit edilen ihlal ile iddia edilen maddi zarar aras\u0131nda herhangi bir nedensellik ba\u011f\u0131 ay\u0131rt etmemektedir. Bu nedenle bu konuda yap\u0131lan talepleri reddeder. \u00d6te yandan, ba\u015fvuranlar\u0131n her birine 5.000 Euro (EUR) manevi tazminat ve bu mebla\u011fdan \u00f6denebilecek her t\u00fcrl\u00fc vergi, masraf ve maliyetin \u00f6denmesine h\u00fckmetmi\u015ftir\u201d ifadeleri kullan\u0131ld\u0131.<\/p>\n<h2><strong>Taraflara 500 Euro \u00f6denecek<\/strong><\/h2>\n<p>Elindeki belgeleri ve i\u00e7tihatlar\u0131n\u0131 g\u00f6z \u00f6n\u00fcnde bulunduran A\u0130HM, karar\u0131nda ba\u015fvuranlar\u0131n her birine t\u00fcm masraflar dahil 500 Euro ve ayr\u0131ca bu mebla\u011f \u00fczerinden ba\u015fvuru sahibi taraf\u0131ndan vergi, masraf ve maliyetle olarak \u00f6denmesi gereken t\u00fcm mebla\u011flar\u0131n \u00f6denmesinin makul oldu\u011fu kanaatine vard\u0131.<\/p>\n<p>Kararda, \u201cMahkeme, temerr\u00fct faizi oran\u0131n\u0131n, Avrupa Merkez Bankas\u0131&#8217;n\u0131n marjinal bor\u00e7 verme olana\u011f\u0131n\u0131n faiz oran\u0131 art\u0131 \u00fc\u00e7 y\u00fczde puan\u0131na dayand\u0131r\u0131lmas\u0131n\u0131n uygun oldu\u011fu kanaatindedir\u201d denildi.<\/p>\n<p>A\u0130HM oy birli\u011fiyle verdi\u011fi karar\u0131n sonucunda ise \u015fu ifadelere yer verdi:<\/p>\n<p>\u201c*Listeden 56834\/16 say\u0131l\u0131 ba\u015fvurunun (Dengir Mir Mehmet F\u0131rat) \u00e7\u0131kar\u0131lmas\u0131na karar verir.<\/p>\n<p>*M\u00fcracaatlar\u0131 birle\u015ftirmeye karar verir.<\/p>\n<p>*M\u00fcracaatlar\u0131n kabul edilebilir oldu\u011funu beyan eder.<\/p>\n<p>*S\u00f6zle\u015fme&#8217;nin 10. maddesinin ihlal edildi\u011fini s\u00f6yler.<\/p>\n<p>*Savunmac\u0131 Devletin, \u00f6deme tarihinde ge\u00e7erli olan kur \u00fczerinden Savunmac\u0131 Devletin para birimine \u00e7evrilmek \u00fczere, \u00fc\u00e7 ay i\u00e7inde ba\u015fvurana a\u015fa\u011f\u0131daki mebla\u011flar\u0131 \u00f6demesine;<\/p>\n<p>*Manevi tazminat olarak ba\u015fvuranlar\u0131n her birine 5.000 Euro (be\u015f bin Euro) art\u0131 bu mebla\u011fdan vergi olarak \u00f6denmesi gereken her t\u00fcrl\u00fc mebla\u011f;<\/p>\n<p>*Davac\u0131lar\u0131n her birine 500 Euro (be\u015f y\u00fcz Euro) art\u0131 dava sahibinin bu mebla\u011fdan vergi olarak bor\u00e7lu olabilece\u011fi masraf ve gider mebla\u011flar\u0131;<\/p>\n<p>*Adil tazmin talebinin geri kalan\u0131n\u0131 reddeder.\u201d<\/p>\n<p>20 May\u0131s 2016\u2019da dokunulmazl\u0131klar\u0131 kald\u0131r\u0131lan ve A\u0130HM\u2019e ba\u015fvuruda bulunan HDP\u2019li 40 Milletvekili \u015fu \u015fekilde: \u201cFerhat Enc\u00fc, Selma Irmak, Mehmet Mir Dengir F\u0131rat, Ertu\u011frul K\u00fcrk\u00e7\u00fc, \u0130dris Baluken, H\u0131\u015fyar \u00d6zsoy, Mahmut To\u011frul, Osman Baydemir, Alican \u00d6nl\u00fc, \u00c7a\u011flar Demirel, Nursel Aydo\u011fan, Ay\u015fe Acar Ba\u015faran, Nihat Akdo\u011fan, Ayhan Bilgen, Sibel Yi\u011fitalp, Faysal Sar\u0131y\u0131ld\u0131z, Lezgin Botan, Dilek \u00d6calan, Ziya Pir, Figen Y\u00fcksekda\u011f, Selhattin Demirta\u015f, Aycan \u0130rmez, Mehmet Emin Ad\u0131yaman, Dirayet Ta\u015fdemir, G\u00fclser Y\u0131ld\u0131r\u0131m, H\u00fcda Kaya, Beh\u00e7et Y\u0131ld\u0131r\u0131m, \u0130mam Ta\u015f\u00e7\u0131er, Kadri Y\u0131ld\u0131r\u0131m, Leyla Birlik, Altan Tan, Feleknas Uca, Berdan \u00d6zt\u00fcrk, Mithat Sancar, Tuba Hezer, Meral Dan\u0131\u015f Be\u015fta\u015f, Nadir Y\u0131ld\u0131r\u0131m, Ahmet Y\u0131ld\u0131r\u0131m, Pervin Buldan, S\u0131rr\u0131 S\u00fcreyya \u00d6nder.\u201d<\/p>\n<h2>T\u00fcrkiye A\u0130HM kararlar\u0131na neden uymak zorunda?<\/h2>\n<p>A\u0130HM kararlar\u0131n\u0131n ba\u011flay\u0131c\u0131l\u0131\u011f\u0131 var. T\u00fcrkiye\u00a0<a href=\"https:\/\/www.anayasa.gov.tr\/media\/3542\/aihs_tr.pdf\" target=\"_blank\" rel=\"noopener noreferrer\">Avrupa \u0130nsan Haklar\u0131 S\u00f6zle\u015fmesi\u2019<\/a>nin bir taraf\u0131. Taraf olmak i\u00e7in de Avrupa Konseyi ve \u0130nsan Haklar\u0131 Mahkemesi\u2019nin yetkisini kabul ediyor, idarenin kararlar\u0131na uymay\u0131 taadd\u00fct ediyor.<\/p>\n<p>Ayr\u0131ca\u00a0<a href=\"https:\/\/www.mevzuat.gov.tr\/mevzuat?MevzuatNo=2709&amp;MevzuatTur=1&amp;MevzuatTertip=5\" target=\"_blank\" rel=\"noopener noreferrer\">Anayasa<\/a>\u2019n\u0131n 90\u2019\u0131nc\u0131 maddesinin son f\u0131kras\u0131na g\u00f6re de bu kararlar\u0131n ba\u011flay\u0131c\u0131l\u0131\u011f\u0131 var. Bu f\u0131kra temel hak ve \u00f6zg\u00fcrl\u00fckler s\u00f6z konusunda, uluslararas\u0131 s\u00f6zle\u015fmelerin daha \u00f6ncelikli kabul edilece\u011fini s\u00f6yl\u00fcyor.<\/p>\n<p>A\u0130HS\u2019nin \u2018kararlar\u0131n ba\u011flay\u0131c\u0131l\u0131\u011f\u0131n\u0131 ve infaz\u0131\u2019 ba\u015fl\u0131kl\u0131 46\u2019\u0131nc\u0131 maddesine g\u00f6re 22 Aral\u0131k\u2019ta B\u00fcy\u00fck Daire\u2019den \u00e7\u0131kan bu karar, saat 17.00\u2019da A\u0130HM\u2019nin internet sitesinde yay\u0131nlanmas\u0131yla birlikte b\u00fct\u00fcn kurumlar i\u00e7in, herkes i\u00e7in kesin ve ba\u011flay\u0131c\u0131 bir hale geldi.<\/p>\n<p>Dolay\u0131s\u0131yla T\u00fcrkiye\u2019nin &#8220;bunu uygulam\u0131yorum&#8221; demek gibi bir \u015fans\u0131 yok. Karar T\u00fcrkiye\u2019nin bu s\u00f6zle\u015fmeye taraf olmas\u0131 sebebiyle ba\u011flay\u0131c\u0131 ve mutlak suretle uygulamak zorunda. Tart\u0131\u015fmaya a\u00e7\u0131k bir konu de\u011fil.<\/p>\n<p><strong><em>https:\/\/bianet.org\/1\/17\/257075-aihm-den-demirtas-ve-hdp-li-vekiller-hakkinda-dokunulmazlik-karari\u00a0<\/em><\/strong><\/p>\n","protected":false},"excerpt":{"rendered":"<p>Demirta\u015f\u2019\u0131 A\u0130HM\u2019de temsil eden avukatlardan Ramazan Demir, \u201cA\u0130HM, HDP\u2019li 40 milletvekilinin dokunulmazl\u0131klar\u0131n\u0131n kald\u0131r\u0131lmas\u0131 ile ilgili ihlal karar\u0131n\u0131 a\u00e7\u0131klad\u0131\u201d. Avrupa \u0130nsan Haklar\u0131 Mahkemesi (A\u0130HM), aralar\u0131nda Halklar\u0131n Demokratik Partisi (HDP) eski E\u015f Genel Ba\u015fkanlar\u0131 Figen Y\u00fcksekda\u011f, Selahattin Demirta\u015f ile mevcut E\u015f Genel Ba\u015fkanlar Pervin Buldan ile Mithat Sancar\u2019\u0131n da bulundu\u011fu HDP\u2019li 40 milletvekilinin 20 May\u0131s 2016&#8217;da dokunulmazl\u0131klar\u0131n\u0131n [&hellip;]<\/p>\n","protected":false},"author":7,"featured_media":66859,"comment_status":"open","ping_status":"open","sticky":false,"template":"","format":"standard","meta":{"footnotes":""},"categories":[1],"tags":[],"class_list":["post-66858","post","type-post","status-publish","format-standard","has-post-thumbnail","hentry","category-haberler"],"yoast_head":"<!-- This site is optimized with the Yoast SEO plugin v27.4 - https:\/\/yoast.com\/product\/yoast-seo-wordpress\/ -->\n<title>A\u0130HM\u2019den Demirta\u015f ve HDP\u2019li vekiller hakk\u0131nda \u2018dokunulmazl\u0131k karar\u0131\u2019 - Bati Ermenistan Ve Bati Ermenileri Sorunlari Ara\u015ftirmalar Merkezi<\/title>\n<meta name=\"robots\" content=\"index, follow, max-snippet:-1, max-image-preview:large, max-video-preview:-1\" \/>\n<link rel=\"canonical\" href=\"https:\/\/akunq.net\/tr\/?p=66858\" \/>\n<meta property=\"og:locale\" content=\"en_US\" \/>\n<meta property=\"og:type\" content=\"article\" \/>\n<meta property=\"og:title\" content=\"A\u0130HM\u2019den Demirta\u015f ve HDP\u2019li vekiller hakk\u0131nda \u2018dokunulmazl\u0131k karar\u0131\u2019 - Bati Ermenistan Ve Bati Ermenileri Sorunlari Ara\u015ftirmalar Merkezi\" \/>\n<meta property=\"og:description\" content=\"Demirta\u015f\u2019\u0131 A\u0130HM\u2019de temsil eden avukatlardan Ramazan Demir, \u201cA\u0130HM, HDP\u2019li 40 milletvekilinin dokunulmazl\u0131klar\u0131n\u0131n kald\u0131r\u0131lmas\u0131 ile ilgili ihlal karar\u0131n\u0131 a\u00e7\u0131klad\u0131\u201d. Avrupa \u0130nsan Haklar\u0131 Mahkemesi (A\u0130HM), aralar\u0131nda Halklar\u0131n Demokratik Partisi (HDP) eski E\u015f Genel Ba\u015fkanlar\u0131 Figen Y\u00fcksekda\u011f, Selahattin Demirta\u015f ile mevcut E\u015f Genel Ba\u015fkanlar Pervin Buldan ile Mithat Sancar\u2019\u0131n da bulundu\u011fu HDP\u2019li 40 milletvekilinin 20 May\u0131s 2016&#8217;da dokunulmazl\u0131klar\u0131n\u0131n [&hellip;]\" \/>\n<meta property=\"og:url\" content=\"https:\/\/akunq.net\/tr\/?p=66858\" \/>\n<meta property=\"og:site_name\" content=\"Bati Ermenistan Ve Bati Ermenileri Sorunlari Ara\u015ftirmalar Merkezi\" \/>\n<meta property=\"article:published_time\" content=\"2022-02-02T07:17:34+00:00\" \/>\n<meta property=\"og:image\" content=\"https:\/\/akunq.net\/tr\/wp-content\/uploads\/sites\/6\/2022\/02\/\u0544\u053b\u0535\u0534.jpg\" \/>\n\t<meta property=\"og:image:width\" content=\"400\" \/>\n\t<meta property=\"og:image:height\" content=\"300\" \/>\n\t<meta property=\"og:image:type\" content=\"image\/jpeg\" \/>\n<meta name=\"author\" content=\"admin\" \/>\n<meta name=\"twitter:card\" content=\"summary_large_image\" \/>\n<meta name=\"twitter:label1\" content=\"Written by\" \/>\n\t<meta name=\"twitter:data1\" content=\"admin\" \/>\n\t<meta name=\"twitter:label2\" content=\"Est. reading time\" \/>\n\t<meta name=\"twitter:data2\" content=\"7 minutes\" \/>\n<script type=\"application\/ld+json\" class=\"yoast-schema-graph\">{\"@context\":\"https:\\\/\\\/schema.org\",\"@graph\":[{\"@type\":\"Article\",\"@id\":\"https:\\\/\\\/akunq.net\\\/tr\\\/?p=66858#article\",\"isPartOf\":{\"@id\":\"https:\\\/\\\/akunq.net\\\/tr\\\/?p=66858\"},\"author\":{\"name\":\"admin\",\"@id\":\"https:\\\/\\\/akunq.net\\\/tr\\\/#\\\/schema\\\/person\\\/096f1d38a12cce57fb855b485ed24c9e\"},\"headline\":\"A\u0130HM\u2019den Demirta\u015f ve HDP\u2019li vekiller hakk\u0131nda \u2018dokunulmazl\u0131k karar\u0131\u2019\",\"datePublished\":\"2022-02-02T07:17:34+00:00\",\"mainEntityOfPage\":{\"@id\":\"https:\\\/\\\/akunq.net\\\/tr\\\/?p=66858\"},\"wordCount\":1422,\"commentCount\":0,\"image\":{\"@id\":\"https:\\\/\\\/akunq.net\\\/tr\\\/?p=66858#primaryimage\"},\"thumbnailUrl\":\"https:\\\/\\\/akunq.net\\\/tr\\\/wp-content\\\/uploads\\\/sites\\\/6\\\/2022\\\/02\\\/\u0544\u053b\u0535\u0534.jpg\",\"articleSection\":[\"Haberler\"],\"inLanguage\":\"en-US\",\"potentialAction\":[{\"@type\":\"CommentAction\",\"name\":\"Comment\",\"target\":[\"https:\\\/\\\/akunq.net\\\/tr\\\/?p=66858#respond\"]}]},{\"@type\":\"WebPage\",\"@id\":\"https:\\\/\\\/akunq.net\\\/tr\\\/?p=66858\",\"url\":\"https:\\\/\\\/akunq.net\\\/tr\\\/?p=66858\",\"name\":\"A\u0130HM\u2019den Demirta\u015f ve HDP\u2019li vekiller hakk\u0131nda \u2018dokunulmazl\u0131k karar\u0131\u2019 - Bati Ermenistan Ve Bati Ermenileri Sorunlari Ara\u015ftirmalar Merkezi\",\"isPartOf\":{\"@id\":\"https:\\\/\\\/akunq.net\\\/tr\\\/#website\"},\"primaryImageOfPage\":{\"@id\":\"https:\\\/\\\/akunq.net\\\/tr\\\/?p=66858#primaryimage\"},\"image\":{\"@id\":\"https:\\\/\\\/akunq.net\\\/tr\\\/?p=66858#primaryimage\"},\"thumbnailUrl\":\"https:\\\/\\\/akunq.net\\\/tr\\\/wp-content\\\/uploads\\\/sites\\\/6\\\/2022\\\/02\\\/\u0544\u053b\u0535\u0534.jpg\",\"datePublished\":\"2022-02-02T07:17:34+00:00\",\"author\":{\"@id\":\"https:\\\/\\\/akunq.net\\\/tr\\\/#\\\/schema\\\/person\\\/096f1d38a12cce57fb855b485ed24c9e\"},\"breadcrumb\":{\"@id\":\"https:\\\/\\\/akunq.net\\\/tr\\\/?p=66858#breadcrumb\"},\"inLanguage\":\"en-US\",\"potentialAction\":[{\"@type\":\"ReadAction\",\"target\":[\"https:\\\/\\\/akunq.net\\\/tr\\\/?p=66858\"]}]},{\"@type\":\"ImageObject\",\"inLanguage\":\"en-US\",\"@id\":\"https:\\\/\\\/akunq.net\\\/tr\\\/?p=66858#primaryimage\",\"url\":\"https:\\\/\\\/akunq.net\\\/tr\\\/wp-content\\\/uploads\\\/sites\\\/6\\\/2022\\\/02\\\/\u0544\u053b\u0535\u0534.jpg\",\"contentUrl\":\"https:\\\/\\\/akunq.net\\\/tr\\\/wp-content\\\/uploads\\\/sites\\\/6\\\/2022\\\/02\\\/\u0544\u053b\u0535\u0534.jpg\",\"width\":400,\"height\":300},{\"@type\":\"BreadcrumbList\",\"@id\":\"https:\\\/\\\/akunq.net\\\/tr\\\/?p=66858#breadcrumb\",\"itemListElement\":[{\"@type\":\"ListItem\",\"position\":1,\"name\":\"Home\",\"item\":\"https:\\\/\\\/akunq.net\\\/tr\"},{\"@type\":\"ListItem\",\"position\":2,\"name\":\"A\u0130HM\u2019den Demirta\u015f ve HDP\u2019li vekiller hakk\u0131nda \u2018dokunulmazl\u0131k karar\u0131\u2019\"}]},{\"@type\":\"WebSite\",\"@id\":\"https:\\\/\\\/akunq.net\\\/tr\\\/#website\",\"url\":\"https:\\\/\\\/akunq.net\\\/tr\\\/\",\"name\":\"Bati Ermenistan Ve Bati Ermenileri Sorunlari Ara\u015ftirmalar Merkezi\",\"description\":\"\",\"potentialAction\":[{\"@type\":\"SearchAction\",\"target\":{\"@type\":\"EntryPoint\",\"urlTemplate\":\"https:\\\/\\\/akunq.net\\\/tr\\\/?s={search_term_string}\"},\"query-input\":{\"@type\":\"PropertyValueSpecification\",\"valueRequired\":true,\"valueName\":\"search_term_string\"}}],\"inLanguage\":\"en-US\"},{\"@type\":\"Person\",\"@id\":\"https:\\\/\\\/akunq.net\\\/tr\\\/#\\\/schema\\\/person\\\/096f1d38a12cce57fb855b485ed24c9e\",\"name\":\"admin\",\"url\":\"https:\\\/\\\/akunq.net\\\/tr\\\/?author=7\"}]}<\/script>\n<!-- \/ Yoast SEO plugin. -->","yoast_head_json":{"title":"A\u0130HM\u2019den Demirta\u015f ve HDP\u2019li vekiller hakk\u0131nda \u2018dokunulmazl\u0131k karar\u0131\u2019 - Bati Ermenistan Ve Bati Ermenileri Sorunlari Ara\u015ftirmalar Merkezi","robots":{"index":"index","follow":"follow","max-snippet":"max-snippet:-1","max-image-preview":"max-image-preview:large","max-video-preview":"max-video-preview:-1"},"canonical":"https:\/\/akunq.net\/tr\/?p=66858","og_locale":"en_US","og_type":"article","og_title":"A\u0130HM\u2019den Demirta\u015f ve HDP\u2019li vekiller hakk\u0131nda \u2018dokunulmazl\u0131k karar\u0131\u2019 - Bati Ermenistan Ve Bati Ermenileri Sorunlari Ara\u015ftirmalar Merkezi","og_description":"Demirta\u015f\u2019\u0131 A\u0130HM\u2019de temsil eden avukatlardan Ramazan Demir, \u201cA\u0130HM, HDP\u2019li 40 milletvekilinin dokunulmazl\u0131klar\u0131n\u0131n kald\u0131r\u0131lmas\u0131 ile ilgili ihlal karar\u0131n\u0131 a\u00e7\u0131klad\u0131\u201d. Avrupa \u0130nsan Haklar\u0131 Mahkemesi (A\u0130HM), aralar\u0131nda Halklar\u0131n Demokratik Partisi (HDP) eski E\u015f Genel Ba\u015fkanlar\u0131 Figen Y\u00fcksekda\u011f, Selahattin Demirta\u015f ile mevcut E\u015f Genel Ba\u015fkanlar Pervin Buldan ile Mithat Sancar\u2019\u0131n da bulundu\u011fu HDP\u2019li 40 milletvekilinin 20 May\u0131s 2016&#8217;da dokunulmazl\u0131klar\u0131n\u0131n [&hellip;]","og_url":"https:\/\/akunq.net\/tr\/?p=66858","og_site_name":"Bati Ermenistan Ve Bati Ermenileri Sorunlari Ara\u015ftirmalar Merkezi","article_published_time":"2022-02-02T07:17:34+00:00","og_image":[{"width":400,"height":300,"url":"https:\/\/akunq.net\/tr\/wp-content\/uploads\/sites\/6\/2022\/02\/\u0544\u053b\u0535\u0534.jpg","type":"image\/jpeg"}],"author":"admin","twitter_card":"summary_large_image","twitter_misc":{"Written by":"admin","Est. reading time":"7 minutes"},"schema":{"@context":"https:\/\/schema.org","@graph":[{"@type":"Article","@id":"https:\/\/akunq.net\/tr\/?p=66858#article","isPartOf":{"@id":"https:\/\/akunq.net\/tr\/?p=66858"},"author":{"name":"admin","@id":"https:\/\/akunq.net\/tr\/#\/schema\/person\/096f1d38a12cce57fb855b485ed24c9e"},"headline":"A\u0130HM\u2019den Demirta\u015f ve HDP\u2019li vekiller hakk\u0131nda \u2018dokunulmazl\u0131k karar\u0131\u2019","datePublished":"2022-02-02T07:17:34+00:00","mainEntityOfPage":{"@id":"https:\/\/akunq.net\/tr\/?p=66858"},"wordCount":1422,"commentCount":0,"image":{"@id":"https:\/\/akunq.net\/tr\/?p=66858#primaryimage"},"thumbnailUrl":"https:\/\/akunq.net\/tr\/wp-content\/uploads\/sites\/6\/2022\/02\/\u0544\u053b\u0535\u0534.jpg","articleSection":["Haberler"],"inLanguage":"en-US","potentialAction":[{"@type":"CommentAction","name":"Comment","target":["https:\/\/akunq.net\/tr\/?p=66858#respond"]}]},{"@type":"WebPage","@id":"https:\/\/akunq.net\/tr\/?p=66858","url":"https:\/\/akunq.net\/tr\/?p=66858","name":"A\u0130HM\u2019den Demirta\u015f ve HDP\u2019li vekiller hakk\u0131nda \u2018dokunulmazl\u0131k karar\u0131\u2019 - Bati Ermenistan Ve Bati Ermenileri Sorunlari Ara\u015ftirmalar Merkezi","isPartOf":{"@id":"https:\/\/akunq.net\/tr\/#website"},"primaryImageOfPage":{"@id":"https:\/\/akunq.net\/tr\/?p=66858#primaryimage"},"image":{"@id":"https:\/\/akunq.net\/tr\/?p=66858#primaryimage"},"thumbnailUrl":"https:\/\/akunq.net\/tr\/wp-content\/uploads\/sites\/6\/2022\/02\/\u0544\u053b\u0535\u0534.jpg","datePublished":"2022-02-02T07:17:34+00:00","author":{"@id":"https:\/\/akunq.net\/tr\/#\/schema\/person\/096f1d38a12cce57fb855b485ed24c9e"},"breadcrumb":{"@id":"https:\/\/akunq.net\/tr\/?p=66858#breadcrumb"},"inLanguage":"en-US","potentialAction":[{"@type":"ReadAction","target":["https:\/\/akunq.net\/tr\/?p=66858"]}]},{"@type":"ImageObject","inLanguage":"en-US","@id":"https:\/\/akunq.net\/tr\/?p=66858#primaryimage","url":"https:\/\/akunq.net\/tr\/wp-content\/uploads\/sites\/6\/2022\/02\/\u0544\u053b\u0535\u0534.jpg","contentUrl":"https:\/\/akunq.net\/tr\/wp-content\/uploads\/sites\/6\/2022\/02\/\u0544\u053b\u0535\u0534.jpg","width":400,"height":300},{"@type":"BreadcrumbList","@id":"https:\/\/akunq.net\/tr\/?p=66858#breadcrumb","itemListElement":[{"@type":"ListItem","position":1,"name":"Home","item":"https:\/\/akunq.net\/tr"},{"@type":"ListItem","position":2,"name":"A\u0130HM\u2019den Demirta\u015f ve HDP\u2019li vekiller hakk\u0131nda \u2018dokunulmazl\u0131k karar\u0131\u2019"}]},{"@type":"WebSite","@id":"https:\/\/akunq.net\/tr\/#website","url":"https:\/\/akunq.net\/tr\/","name":"Bati Ermenistan Ve Bati Ermenileri Sorunlari Ara\u015ftirmalar Merkezi","description":"","potentialAction":[{"@type":"SearchAction","target":{"@type":"EntryPoint","urlTemplate":"https:\/\/akunq.net\/tr\/?s={search_term_string}"},"query-input":{"@type":"PropertyValueSpecification","valueRequired":true,"valueName":"search_term_string"}}],"inLanguage":"en-US"},{"@type":"Person","@id":"https:\/\/akunq.net\/tr\/#\/schema\/person\/096f1d38a12cce57fb855b485ed24c9e","name":"admin","url":"https:\/\/akunq.net\/tr\/?author=7"}]}},"_links":{"self":[{"href":"https:\/\/akunq.net\/tr\/index.php?rest_route=\/wp\/v2\/posts\/66858","targetHints":{"allow":["GET"]}}],"collection":[{"href":"https:\/\/akunq.net\/tr\/index.php?rest_route=\/wp\/v2\/posts"}],"about":[{"href":"https:\/\/akunq.net\/tr\/index.php?rest_route=\/wp\/v2\/types\/post"}],"author":[{"embeddable":true,"href":"https:\/\/akunq.net\/tr\/index.php?rest_route=\/wp\/v2\/users\/7"}],"replies":[{"embeddable":true,"href":"https:\/\/akunq.net\/tr\/index.php?rest_route=%2Fwp%2Fv2%2Fcomments&post=66858"}],"version-history":[{"count":1,"href":"https:\/\/akunq.net\/tr\/index.php?rest_route=\/wp\/v2\/posts\/66858\/revisions"}],"predecessor-version":[{"id":66860,"href":"https:\/\/akunq.net\/tr\/index.php?rest_route=\/wp\/v2\/posts\/66858\/revisions\/66860"}],"wp:featuredmedia":[{"embeddable":true,"href":"https:\/\/akunq.net\/tr\/index.php?rest_route=\/wp\/v2\/media\/66859"}],"wp:attachment":[{"href":"https:\/\/akunq.net\/tr\/index.php?rest_route=%2Fwp%2Fv2%2Fmedia&parent=66858"}],"wp:term":[{"taxonomy":"category","embeddable":true,"href":"https:\/\/akunq.net\/tr\/index.php?rest_route=%2Fwp%2Fv2%2Fcategories&post=66858"},{"taxonomy":"post_tag","embeddable":true,"href":"https:\/\/akunq.net\/tr\/index.php?rest_route=%2Fwp%2Fv2%2Ftags&post=66858"}],"curies":[{"name":"wp","href":"https:\/\/api.w.org\/{rel}","templated":true}]}}