{"id":66854,"date":"2022-02-01T05:59:31","date_gmt":"2022-02-01T10:59:31","guid":{"rendered":"https:\/\/akunq.net\/tr\/?p=66854"},"modified":"2022-02-01T05:59:31","modified_gmt":"2022-02-01T10:59:31","slug":"hdpden-erdogana-yanit-acin-kapilari-ocalani-ilk-agizdan-duyalim","status":"publish","type":"post","link":"https:\/\/akunq.net\/tr\/?p=66854","title":{"rendered":"HDP\u2019den Erdo\u011fan\u2019a yan\u0131t: A\u00e7\u0131n kap\u0131lar\u0131 \u00d6calan\u2019\u0131 ilk a\u011f\u0131zdan duyal\u0131m"},"content":{"rendered":"<p><img loading=\"lazy\" decoding=\"async\" class=\"aligncenter size-medium wp-image-66855\" src=\"https:\/\/akunq.net\/tr\/wp-content\/uploads\/2022\/02\/Saruhan-Olu\u00e7-360x203.jpg\" alt=\"\" width=\"360\" height=\"203\" srcset=\"https:\/\/akunq.net\/tr\/wp-content\/uploads\/sites\/6\/2022\/02\/Saruhan-Olu\u00e7-360x203.jpg 360w, https:\/\/akunq.net\/tr\/wp-content\/uploads\/sites\/6\/2022\/02\/Saruhan-Olu\u00e7-768x432.jpg 768w, https:\/\/akunq.net\/tr\/wp-content\/uploads\/sites\/6\/2022\/02\/Saruhan-Olu\u00e7-560x315.jpg 560w, https:\/\/akunq.net\/tr\/wp-content\/uploads\/sites\/6\/2022\/02\/Saruhan-Olu\u00e7-260x146.jpg 260w, https:\/\/akunq.net\/tr\/wp-content\/uploads\/sites\/6\/2022\/02\/Saruhan-Olu\u00e7-160x90.jpg 160w, https:\/\/akunq.net\/tr\/wp-content\/uploads\/sites\/6\/2022\/02\/Saruhan-Olu\u00e7.jpg 773w\" sizes=\"auto, (max-width: 360px) 100vw, 360px\" \/><\/p>\n<p><strong><em>Cumhurba\u015fkan\u0131 Recep Tayyip Erdo\u011fan\u2019\u0131n, Abdullah \u00d6calan ve Selahattin Demirta\u015f ile ilgili a\u00e7\u0131klamalar\u0131 siyaset d\u00fcnyas\u0131nda geni\u015f yank\u0131 uyand\u0131r\u0131rken, HDP bu a\u00e7\u0131klamalara, \u201ca\u00e7\u0131n kap\u0131y\u0131 da birinci a\u011f\u0131zdan duyal\u0131m\u201d diyerek tepki verdi.<\/em><\/strong><\/p>\n<p>Erdo\u011fan, \u00f6nce \u201cEdirne&#8217;deki en b\u00fcy\u00fck hesab\u0131 \u0130mral\u0131&#8217;dakine verecek\u201d dedi, ard\u0131ndan yapt\u0131\u011f\u0131 ba\u015fka bir a\u00e7\u0131klamada ise &#8216;\u00d6calan\u2019\u0131n Demirta\u015f\u2019\u0131n verdi\u011fi mesajlardan rahats\u0131zl\u0131\u011f\u0131na dair bilgisi oldu\u011funu&#8217; s\u00f6yledi.<\/p>\n<p>\u0130Y\u0130 Parti ve CHP de bu a\u00e7\u0131klamalara sert tepki g\u00f6sterirken, konu ile ilgili bas\u0131na a\u00e7\u0131klama yapan HDP Grup Ba\u015fkanvekili Saruhan Olu\u00e7, HDP se\u00e7meninin b\u00f6l\u00fcnmeye \u00e7al\u0131\u015f\u0131ld\u0131\u011f\u0131 iddias\u0131 i\u00e7in \u201cHDP se\u00e7menini b\u00f6lmek hayali ihracat gibi bir pland\u0131r.\u201d \u0130fadesini kulland\u0131.<\/p>\n<p>Erdo\u011fan\u2019\u0131n konu\u015fmas\u0131ndaki \u201c\u00d6calan\u2019a sormak gerekir\u201d c\u00fcmlesine at\u0131fta bulunan HDP Grup Ba\u015fkanvekili Saruhan Olu\u00e7, \u201cBiz de tam bunu s\u00f6yl\u00fcyoruz. A\u011f\u0131rla\u015ft\u0131r\u0131lm\u0131\u015f mutlak tecridi kald\u0131r\u0131n, a\u00e7\u0131n kap\u0131y\u0131 ya bir avukat heyeti ya da HDP\u2019nin de i\u00e7inde yer alaca\u011f\u0131 bir siyasi heyet g\u00f6r\u00fc\u015fs\u00fcn, birinci a\u011f\u0131zdan duyal\u0131m.\u201d dedi.<\/p>\n<p data-min-tv-running=\"true\">HDP\u2019li Olu\u00e7, bu konuda \u00f6zetle \u015funlar\u0131 s\u00f6yledi: \u201cT\u00fcrkiye politikas\u0131na, b\u00f6lge politikas\u0131na dair neyse g\u00f6r\u00fc\u015f\u00fc, s\u00f6ylemek iste\u011fi, ele\u015ftirisi, \u00f6nerisi bunlar\u0131 birinci a\u011f\u0131zdan duyal\u0131m. Ya da kendi el yaz\u0131s\u0131 ile mektuptan okuyal\u0131m. Ama en do\u011frusu kendi a\u011fz\u0131ndan duymakt\u0131r. \u2018Kendisine sormak gerekir\u2019 dedi\u011fi i\u00e7in bunu s\u00f6yl\u00fcyorum. Evet, kendisine sormak, g\u00f6r\u00fc\u015fmek istiyoruz. Aksi takdirde \u0130mral\u0131&#8217;da durum, se\u00e7im i\u00e7in ara\u00e7salla\u015ft\u0131r\u0131lm\u0131\u015f oluyor. Kendisinden duymad\u0131\u011f\u0131m\u0131z s\u00fcrece g\u00fcvenmedi\u011fimiz bir durumdur. Halk da g\u00fcvenmez. K\u00fcrt sorunu ve \u0130mral\u0131\u2019daki durumu bir se\u00e7im malzemesi haline getirerek kullanmak kabul edilebilir bir durum de\u011fil. Kimseye de bir faydas\u0131 olmaz. Konunun taraf\u0131 olan ki\u015fi tecritte. Cevap hakk\u0131, ileti\u015fim hakk\u0131 yok. Bunun do\u011fru olmad\u0131\u011f\u0131 kanaatindeyiz. A\u00e7\u0131n kap\u0131lar\u0131 g\u00f6r\u00fc\u015fmek istiyoruz.\u201d<\/p>\n<h2>\u201cHDP se\u00e7menini b\u00f6lmek hayali ihracat gibi bir plan\u201d<\/h2>\n<p>Erdo\u011fan\u2019\u0131n a\u00e7\u0131klamalar\u0131 ve kapatma davas\u0131 ile HDP se\u00e7menini b\u00f6l\u00fcnmeye \u00e7al\u0131\u015f\u0131ld\u0131\u011f\u0131 yolundaki iddialara ili\u015fkin konu\u015fan Olu\u00e7 \u201cHDP\u2019yi demokratik siyasetten tasfiye etmek i\u00e7in Anayasa Mahkemesi eliyle kapatmak ve HDP se\u00e7menini \u00fc\u00e7e b\u00f6lmek ger\u00e7ekten hayali ihracat gibi bir pland\u0131r. HDP\u2019nin kapat\u0131lmas\u0131n\u0131n iktidar taraf\u0131ndan yap\u0131ld\u0131\u011f\u0131 g\u00f6r\u00fclecektir, tersine iktidar kar\u015f\u0131s\u0131nda daha b\u00fcy\u00fck kenetlenme, kararl\u0131 duru\u015f ve bunun sonucunda at\u0131lacak ad\u0131mlar ortaya \u00e7\u0131kacakt\u0131r. \u0130ktidar\u0131n b\u00f6yle planlar\u0131 varsa bunu g\u00f6zden ge\u00e7irmesinde fayda oldu\u011funu d\u00fc\u015f\u00fcn\u00fcyoruz.\u201d dedi.<\/p>\n<h2>HDP, \u00d6calan&#8217;\u0131 dinler mi?<\/h2>\n<p>\u201c\u00d6calan 23 Haziran \u00f6ncesi gibi bir telkinde bulunursa ne olur?\u201d \u015feklindeki sorusu \u00fczerine Olu\u00e7 \u015fu g\u00f6r\u00fc\u015fleri dile getirdi: \u201cHDP kendi kararlar\u0131n\u0131 kendi veren bir siyasi partidir. 31 Mart, 23 Haziran se\u00e7imlerinde bunu g\u00f6stermi\u015ftir. Bunlar\u0131 dinler, tart\u0131\u015f\u0131r, bir karara var\u0131r. Kendimize siyasi olarak g\u00fcvendi\u011fimiz i\u00e7in \u2018a\u00e7\u0131n kap\u0131lar\u0131 bu ele\u015ftiriler, \u00f6neriler neyse birinci elden duyal\u0131m\u2019 diyoruz.\u201d dedi.<\/p>\n<h2>HDP kapat\u0131l\u0131rsa ne olur?<\/h2>\n<p>Partinin kapat\u0131lma ihtimali ile ilgili bir soru \u00fczerine Olu\u00e7, \u201cHDP\u2019nin kapat\u0131lmas\u0131 halinde b, c, d planlar\u0131n\u0131 yapt\u0131k HDP kapat\u0131l\u0131rsa se\u00e7menlerimizi asla se\u00e7eneksiz b\u0131rakmayaca\u011f\u0131z. Ne olaca\u011f\u0131n\u0131 o g\u00fcn geldi\u011finde konu\u015faca\u011f\u0131z.\u201d dedi.<\/p>\n<p>Olu\u00e7, \u201cHDP\u2019yi demokratik siyasetten tasfiye edip, y\u00fczlerce ki\u015fiye siyaset yasa\u011f\u0131 getirerek bize b\u00fcy\u00fck kaybettirmek istiyorlarsa ki \u015fu an g\u00f6r\u00fcnen o, o zaman biz de iktidara b\u00fcy\u00fck kaybettirece\u011fiz. Hangi kay\u0131p daha b\u00fcy\u00fck olur hep beraber g\u00f6r\u00fcr\u00fcz.\u201d ifadesini kulland\u0131.<\/p>\n<p><strong><em>https:\/\/tr.euronews.com\/2022\/01\/28\/hdp-den-erdogan-a-yan-t-ac-n-kap-lar-ocalan-ilk-ag-zdan-duyal-m\u00a0<\/em><\/strong><\/p>\n","protected":false},"excerpt":{"rendered":"<p>Cumhurba\u015fkan\u0131 Recep Tayyip Erdo\u011fan\u2019\u0131n, Abdullah \u00d6calan ve Selahattin Demirta\u015f ile ilgili a\u00e7\u0131klamalar\u0131 siyaset d\u00fcnyas\u0131nda geni\u015f yank\u0131 uyand\u0131r\u0131rken, HDP bu a\u00e7\u0131klamalara, \u201ca\u00e7\u0131n kap\u0131y\u0131 da birinci a\u011f\u0131zdan duyal\u0131m\u201d diyerek tepki verdi. Erdo\u011fan, \u00f6nce \u201cEdirne&#8217;deki en b\u00fcy\u00fck hesab\u0131 \u0130mral\u0131&#8217;dakine verecek\u201d dedi, ard\u0131ndan yapt\u0131\u011f\u0131 ba\u015fka bir a\u00e7\u0131klamada ise &#8216;\u00d6calan\u2019\u0131n Demirta\u015f\u2019\u0131n verdi\u011fi mesajlardan rahats\u0131zl\u0131\u011f\u0131na dair bilgisi oldu\u011funu&#8217; s\u00f6yledi. \u0130Y\u0130 Parti [&hellip;]<\/p>\n","protected":false},"author":7,"featured_media":66855,"comment_status":"open","ping_status":"open","sticky":false,"template":"","format":"standard","meta":{"footnotes":""},"categories":[1],"tags":[],"class_list":["post-66854","post","type-post","status-publish","format-standard","has-post-thumbnail","hentry","category-haberler"],"yoast_head":"<!-- This site is optimized with the Yoast SEO plugin v27.4 - https:\/\/yoast.com\/product\/yoast-seo-wordpress\/ -->\n<title>HDP\u2019den Erdo\u011fan\u2019a yan\u0131t: A\u00e7\u0131n kap\u0131lar\u0131 \u00d6calan\u2019\u0131 ilk a\u011f\u0131zdan duyal\u0131m - Bati Ermenistan Ve Bati Ermenileri Sorunlari Ara\u015ftirmalar Merkezi<\/title>\n<meta name=\"robots\" content=\"index, follow, max-snippet:-1, max-image-preview:large, max-video-preview:-1\" \/>\n<link rel=\"canonical\" href=\"https:\/\/akunq.net\/tr\/?p=66854\" \/>\n<meta property=\"og:locale\" content=\"en_US\" \/>\n<meta property=\"og:type\" content=\"article\" \/>\n<meta property=\"og:title\" content=\"HDP\u2019den Erdo\u011fan\u2019a yan\u0131t: A\u00e7\u0131n kap\u0131lar\u0131 \u00d6calan\u2019\u0131 ilk a\u011f\u0131zdan duyal\u0131m - Bati Ermenistan Ve Bati Ermenileri Sorunlari Ara\u015ftirmalar Merkezi\" \/>\n<meta property=\"og:description\" content=\"Cumhurba\u015fkan\u0131 Recep Tayyip Erdo\u011fan\u2019\u0131n, Abdullah \u00d6calan ve Selahattin Demirta\u015f ile ilgili a\u00e7\u0131klamalar\u0131 siyaset d\u00fcnyas\u0131nda geni\u015f yank\u0131 uyand\u0131r\u0131rken, HDP bu a\u00e7\u0131klamalara, \u201ca\u00e7\u0131n kap\u0131y\u0131 da birinci a\u011f\u0131zdan duyal\u0131m\u201d diyerek tepki verdi. Erdo\u011fan, \u00f6nce \u201cEdirne&#8217;deki en b\u00fcy\u00fck hesab\u0131 \u0130mral\u0131&#8217;dakine verecek\u201d dedi, ard\u0131ndan yapt\u0131\u011f\u0131 ba\u015fka bir a\u00e7\u0131klamada ise &#8216;\u00d6calan\u2019\u0131n Demirta\u015f\u2019\u0131n verdi\u011fi mesajlardan rahats\u0131zl\u0131\u011f\u0131na dair bilgisi oldu\u011funu&#8217; s\u00f6yledi. \u0130Y\u0130 Parti [&hellip;]\" \/>\n<meta property=\"og:url\" content=\"https:\/\/akunq.net\/tr\/?p=66854\" \/>\n<meta property=\"og:site_name\" content=\"Bati Ermenistan Ve Bati Ermenileri Sorunlari Ara\u015ftirmalar Merkezi\" \/>\n<meta property=\"article:published_time\" content=\"2022-02-01T10:59:31+00:00\" \/>\n<meta property=\"og:image\" content=\"https:\/\/akunq.net\/tr\/wp-content\/uploads\/sites\/6\/2022\/02\/Saruhan-Olu\u00e7.jpg\" \/>\n\t<meta property=\"og:image:width\" content=\"773\" \/>\n\t<meta property=\"og:image:height\" content=\"435\" \/>\n\t<meta property=\"og:image:type\" content=\"image\/jpeg\" \/>\n<meta name=\"author\" content=\"admin\" \/>\n<meta name=\"twitter:card\" content=\"summary_large_image\" \/>\n<meta name=\"twitter:label1\" content=\"Written by\" \/>\n\t<meta name=\"twitter:data1\" content=\"admin\" \/>\n\t<meta name=\"twitter:label2\" content=\"Est. reading time\" \/>\n\t<meta name=\"twitter:data2\" content=\"3 minutes\" \/>\n<script type=\"application\/ld+json\" class=\"yoast-schema-graph\">{\"@context\":\"https:\\\/\\\/schema.org\",\"@graph\":[{\"@type\":\"Article\",\"@id\":\"https:\\\/\\\/akunq.net\\\/tr\\\/?p=66854#article\",\"isPartOf\":{\"@id\":\"https:\\\/\\\/akunq.net\\\/tr\\\/?p=66854\"},\"author\":{\"name\":\"admin\",\"@id\":\"https:\\\/\\\/akunq.net\\\/tr\\\/#\\\/schema\\\/person\\\/096f1d38a12cce57fb855b485ed24c9e\"},\"headline\":\"HDP\u2019den Erdo\u011fan\u2019a yan\u0131t: A\u00e7\u0131n kap\u0131lar\u0131 \u00d6calan\u2019\u0131 ilk a\u011f\u0131zdan duyal\u0131m\",\"datePublished\":\"2022-02-01T10:59:31+00:00\",\"mainEntityOfPage\":{\"@id\":\"https:\\\/\\\/akunq.net\\\/tr\\\/?p=66854\"},\"wordCount\":664,\"commentCount\":0,\"image\":{\"@id\":\"https:\\\/\\\/akunq.net\\\/tr\\\/?p=66854#primaryimage\"},\"thumbnailUrl\":\"https:\\\/\\\/akunq.net\\\/tr\\\/wp-content\\\/uploads\\\/sites\\\/6\\\/2022\\\/02\\\/Saruhan-Olu\u00e7.jpg\",\"articleSection\":[\"Haberler\"],\"inLanguage\":\"en-US\",\"potentialAction\":[{\"@type\":\"CommentAction\",\"name\":\"Comment\",\"target\":[\"https:\\\/\\\/akunq.net\\\/tr\\\/?p=66854#respond\"]}]},{\"@type\":\"WebPage\",\"@id\":\"https:\\\/\\\/akunq.net\\\/tr\\\/?p=66854\",\"url\":\"https:\\\/\\\/akunq.net\\\/tr\\\/?p=66854\",\"name\":\"HDP\u2019den Erdo\u011fan\u2019a yan\u0131t: A\u00e7\u0131n kap\u0131lar\u0131 \u00d6calan\u2019\u0131 ilk a\u011f\u0131zdan duyal\u0131m - Bati Ermenistan Ve Bati Ermenileri Sorunlari Ara\u015ftirmalar Merkezi\",\"isPartOf\":{\"@id\":\"https:\\\/\\\/akunq.net\\\/tr\\\/#website\"},\"primaryImageOfPage\":{\"@id\":\"https:\\\/\\\/akunq.net\\\/tr\\\/?p=66854#primaryimage\"},\"image\":{\"@id\":\"https:\\\/\\\/akunq.net\\\/tr\\\/?p=66854#primaryimage\"},\"thumbnailUrl\":\"https:\\\/\\\/akunq.net\\\/tr\\\/wp-content\\\/uploads\\\/sites\\\/6\\\/2022\\\/02\\\/Saruhan-Olu\u00e7.jpg\",\"datePublished\":\"2022-02-01T10:59:31+00:00\",\"author\":{\"@id\":\"https:\\\/\\\/akunq.net\\\/tr\\\/#\\\/schema\\\/person\\\/096f1d38a12cce57fb855b485ed24c9e\"},\"breadcrumb\":{\"@id\":\"https:\\\/\\\/akunq.net\\\/tr\\\/?p=66854#breadcrumb\"},\"inLanguage\":\"en-US\",\"potentialAction\":[{\"@type\":\"ReadAction\",\"target\":[\"https:\\\/\\\/akunq.net\\\/tr\\\/?p=66854\"]}]},{\"@type\":\"ImageObject\",\"inLanguage\":\"en-US\",\"@id\":\"https:\\\/\\\/akunq.net\\\/tr\\\/?p=66854#primaryimage\",\"url\":\"https:\\\/\\\/akunq.net\\\/tr\\\/wp-content\\\/uploads\\\/sites\\\/6\\\/2022\\\/02\\\/Saruhan-Olu\u00e7.jpg\",\"contentUrl\":\"https:\\\/\\\/akunq.net\\\/tr\\\/wp-content\\\/uploads\\\/sites\\\/6\\\/2022\\\/02\\\/Saruhan-Olu\u00e7.jpg\",\"width\":773,\"height\":435},{\"@type\":\"BreadcrumbList\",\"@id\":\"https:\\\/\\\/akunq.net\\\/tr\\\/?p=66854#breadcrumb\",\"itemListElement\":[{\"@type\":\"ListItem\",\"position\":1,\"name\":\"Home\",\"item\":\"https:\\\/\\\/akunq.net\\\/tr\"},{\"@type\":\"ListItem\",\"position\":2,\"name\":\"HDP\u2019den Erdo\u011fan\u2019a yan\u0131t: A\u00e7\u0131n kap\u0131lar\u0131 \u00d6calan\u2019\u0131 ilk a\u011f\u0131zdan duyal\u0131m\"}]},{\"@type\":\"WebSite\",\"@id\":\"https:\\\/\\\/akunq.net\\\/tr\\\/#website\",\"url\":\"https:\\\/\\\/akunq.net\\\/tr\\\/\",\"name\":\"Bati Ermenistan Ve Bati Ermenileri Sorunlari Ara\u015ftirmalar Merkezi\",\"description\":\"\",\"potentialAction\":[{\"@type\":\"SearchAction\",\"target\":{\"@type\":\"EntryPoint\",\"urlTemplate\":\"https:\\\/\\\/akunq.net\\\/tr\\\/?s={search_term_string}\"},\"query-input\":{\"@type\":\"PropertyValueSpecification\",\"valueRequired\":true,\"valueName\":\"search_term_string\"}}],\"inLanguage\":\"en-US\"},{\"@type\":\"Person\",\"@id\":\"https:\\\/\\\/akunq.net\\\/tr\\\/#\\\/schema\\\/person\\\/096f1d38a12cce57fb855b485ed24c9e\",\"name\":\"admin\",\"url\":\"https:\\\/\\\/akunq.net\\\/tr\\\/?author=7\"}]}<\/script>\n<!-- \/ Yoast SEO plugin. -->","yoast_head_json":{"title":"HDP\u2019den Erdo\u011fan\u2019a yan\u0131t: A\u00e7\u0131n kap\u0131lar\u0131 \u00d6calan\u2019\u0131 ilk a\u011f\u0131zdan duyal\u0131m - Bati Ermenistan Ve Bati Ermenileri Sorunlari Ara\u015ftirmalar Merkezi","robots":{"index":"index","follow":"follow","max-snippet":"max-snippet:-1","max-image-preview":"max-image-preview:large","max-video-preview":"max-video-preview:-1"},"canonical":"https:\/\/akunq.net\/tr\/?p=66854","og_locale":"en_US","og_type":"article","og_title":"HDP\u2019den Erdo\u011fan\u2019a yan\u0131t: A\u00e7\u0131n kap\u0131lar\u0131 \u00d6calan\u2019\u0131 ilk a\u011f\u0131zdan duyal\u0131m - Bati Ermenistan Ve Bati Ermenileri Sorunlari Ara\u015ftirmalar Merkezi","og_description":"Cumhurba\u015fkan\u0131 Recep Tayyip Erdo\u011fan\u2019\u0131n, Abdullah \u00d6calan ve Selahattin Demirta\u015f ile ilgili a\u00e7\u0131klamalar\u0131 siyaset d\u00fcnyas\u0131nda geni\u015f yank\u0131 uyand\u0131r\u0131rken, HDP bu a\u00e7\u0131klamalara, \u201ca\u00e7\u0131n kap\u0131y\u0131 da birinci a\u011f\u0131zdan duyal\u0131m\u201d diyerek tepki verdi. Erdo\u011fan, \u00f6nce \u201cEdirne&#8217;deki en b\u00fcy\u00fck hesab\u0131 \u0130mral\u0131&#8217;dakine verecek\u201d dedi, ard\u0131ndan yapt\u0131\u011f\u0131 ba\u015fka bir a\u00e7\u0131klamada ise &#8216;\u00d6calan\u2019\u0131n Demirta\u015f\u2019\u0131n verdi\u011fi mesajlardan rahats\u0131zl\u0131\u011f\u0131na dair bilgisi oldu\u011funu&#8217; s\u00f6yledi. \u0130Y\u0130 Parti [&hellip;]","og_url":"https:\/\/akunq.net\/tr\/?p=66854","og_site_name":"Bati Ermenistan Ve Bati Ermenileri Sorunlari Ara\u015ftirmalar Merkezi","article_published_time":"2022-02-01T10:59:31+00:00","og_image":[{"width":773,"height":435,"url":"https:\/\/akunq.net\/tr\/wp-content\/uploads\/sites\/6\/2022\/02\/Saruhan-Olu\u00e7.jpg","type":"image\/jpeg"}],"author":"admin","twitter_card":"summary_large_image","twitter_misc":{"Written by":"admin","Est. reading time":"3 minutes"},"schema":{"@context":"https:\/\/schema.org","@graph":[{"@type":"Article","@id":"https:\/\/akunq.net\/tr\/?p=66854#article","isPartOf":{"@id":"https:\/\/akunq.net\/tr\/?p=66854"},"author":{"name":"admin","@id":"https:\/\/akunq.net\/tr\/#\/schema\/person\/096f1d38a12cce57fb855b485ed24c9e"},"headline":"HDP\u2019den Erdo\u011fan\u2019a yan\u0131t: A\u00e7\u0131n kap\u0131lar\u0131 \u00d6calan\u2019\u0131 ilk a\u011f\u0131zdan duyal\u0131m","datePublished":"2022-02-01T10:59:31+00:00","mainEntityOfPage":{"@id":"https:\/\/akunq.net\/tr\/?p=66854"},"wordCount":664,"commentCount":0,"image":{"@id":"https:\/\/akunq.net\/tr\/?p=66854#primaryimage"},"thumbnailUrl":"https:\/\/akunq.net\/tr\/wp-content\/uploads\/sites\/6\/2022\/02\/Saruhan-Olu\u00e7.jpg","articleSection":["Haberler"],"inLanguage":"en-US","potentialAction":[{"@type":"CommentAction","name":"Comment","target":["https:\/\/akunq.net\/tr\/?p=66854#respond"]}]},{"@type":"WebPage","@id":"https:\/\/akunq.net\/tr\/?p=66854","url":"https:\/\/akunq.net\/tr\/?p=66854","name":"HDP\u2019den Erdo\u011fan\u2019a yan\u0131t: A\u00e7\u0131n kap\u0131lar\u0131 \u00d6calan\u2019\u0131 ilk a\u011f\u0131zdan duyal\u0131m - Bati Ermenistan Ve Bati Ermenileri Sorunlari Ara\u015ftirmalar Merkezi","isPartOf":{"@id":"https:\/\/akunq.net\/tr\/#website"},"primaryImageOfPage":{"@id":"https:\/\/akunq.net\/tr\/?p=66854#primaryimage"},"image":{"@id":"https:\/\/akunq.net\/tr\/?p=66854#primaryimage"},"thumbnailUrl":"https:\/\/akunq.net\/tr\/wp-content\/uploads\/sites\/6\/2022\/02\/Saruhan-Olu\u00e7.jpg","datePublished":"2022-02-01T10:59:31+00:00","author":{"@id":"https:\/\/akunq.net\/tr\/#\/schema\/person\/096f1d38a12cce57fb855b485ed24c9e"},"breadcrumb":{"@id":"https:\/\/akunq.net\/tr\/?p=66854#breadcrumb"},"inLanguage":"en-US","potentialAction":[{"@type":"ReadAction","target":["https:\/\/akunq.net\/tr\/?p=66854"]}]},{"@type":"ImageObject","inLanguage":"en-US","@id":"https:\/\/akunq.net\/tr\/?p=66854#primaryimage","url":"https:\/\/akunq.net\/tr\/wp-content\/uploads\/sites\/6\/2022\/02\/Saruhan-Olu\u00e7.jpg","contentUrl":"https:\/\/akunq.net\/tr\/wp-content\/uploads\/sites\/6\/2022\/02\/Saruhan-Olu\u00e7.jpg","width":773,"height":435},{"@type":"BreadcrumbList","@id":"https:\/\/akunq.net\/tr\/?p=66854#breadcrumb","itemListElement":[{"@type":"ListItem","position":1,"name":"Home","item":"https:\/\/akunq.net\/tr"},{"@type":"ListItem","position":2,"name":"HDP\u2019den Erdo\u011fan\u2019a yan\u0131t: A\u00e7\u0131n kap\u0131lar\u0131 \u00d6calan\u2019\u0131 ilk a\u011f\u0131zdan duyal\u0131m"}]},{"@type":"WebSite","@id":"https:\/\/akunq.net\/tr\/#website","url":"https:\/\/akunq.net\/tr\/","name":"Bati Ermenistan Ve Bati Ermenileri Sorunlari Ara\u015ftirmalar Merkezi","description":"","potentialAction":[{"@type":"SearchAction","target":{"@type":"EntryPoint","urlTemplate":"https:\/\/akunq.net\/tr\/?s={search_term_string}"},"query-input":{"@type":"PropertyValueSpecification","valueRequired":true,"valueName":"search_term_string"}}],"inLanguage":"en-US"},{"@type":"Person","@id":"https:\/\/akunq.net\/tr\/#\/schema\/person\/096f1d38a12cce57fb855b485ed24c9e","name":"admin","url":"https:\/\/akunq.net\/tr\/?author=7"}]}},"_links":{"self":[{"href":"https:\/\/akunq.net\/tr\/index.php?rest_route=\/wp\/v2\/posts\/66854","targetHints":{"allow":["GET"]}}],"collection":[{"href":"https:\/\/akunq.net\/tr\/index.php?rest_route=\/wp\/v2\/posts"}],"about":[{"href":"https:\/\/akunq.net\/tr\/index.php?rest_route=\/wp\/v2\/types\/post"}],"author":[{"embeddable":true,"href":"https:\/\/akunq.net\/tr\/index.php?rest_route=\/wp\/v2\/users\/7"}],"replies":[{"embeddable":true,"href":"https:\/\/akunq.net\/tr\/index.php?rest_route=%2Fwp%2Fv2%2Fcomments&post=66854"}],"version-history":[{"count":1,"href":"https:\/\/akunq.net\/tr\/index.php?rest_route=\/wp\/v2\/posts\/66854\/revisions"}],"predecessor-version":[{"id":66856,"href":"https:\/\/akunq.net\/tr\/index.php?rest_route=\/wp\/v2\/posts\/66854\/revisions\/66856"}],"wp:featuredmedia":[{"embeddable":true,"href":"https:\/\/akunq.net\/tr\/index.php?rest_route=\/wp\/v2\/media\/66855"}],"wp:attachment":[{"href":"https:\/\/akunq.net\/tr\/index.php?rest_route=%2Fwp%2Fv2%2Fmedia&parent=66854"}],"wp:term":[{"taxonomy":"category","embeddable":true,"href":"https:\/\/akunq.net\/tr\/index.php?rest_route=%2Fwp%2Fv2%2Fcategories&post=66854"},{"taxonomy":"post_tag","embeddable":true,"href":"https:\/\/akunq.net\/tr\/index.php?rest_route=%2Fwp%2Fv2%2Ftags&post=66854"}],"curies":[{"name":"wp","href":"https:\/\/api.w.org\/{rel}","templated":true}]}}