{"id":66843,"date":"2022-02-01T03:36:53","date_gmt":"2022-02-01T08:36:53","guid":{"rendered":"https:\/\/akunq.net\/tr\/?p=66843"},"modified":"2022-02-01T03:36:53","modified_gmt":"2022-02-01T08:36:53","slug":"istiklalde-polisin-yasakladigi-kurtce-sarki-meclise-tasindi","status":"publish","type":"post","link":"https:\/\/akunq.net\/tr\/?p=66843","title":{"rendered":"\u0130stiklal&#8217;de polisin yasaklad\u0131\u011f\u0131 K\u00fcrt\u00e7e \u015fark\u0131 Meclis&#8217;e ta\u015f\u0131nd\u0131"},"content":{"rendered":"<p><img loading=\"lazy\" decoding=\"async\" class=\"aligncenter size-medium wp-image-66844\" src=\"https:\/\/akunq.net\/tr\/wp-content\/uploads\/2022\/02\/\u054d\u057f\u0561\u0574\u0562\u0578\u0582\u056c\u0578\u0582\u0574-\u0583\u0578\u0572\u0578\u0581\u0561\u0575\u056b\u0576-\u0565\u0580\u0561\u056a\u056b\u0577\u057f\u0576\u0565\u0580-360x208.jpeg\" alt=\"\" width=\"360\" height=\"208\" srcset=\"https:\/\/akunq.net\/tr\/wp-content\/uploads\/sites\/6\/2022\/02\/\u054d\u057f\u0561\u0574\u0562\u0578\u0582\u056c\u0578\u0582\u0574-\u0583\u0578\u0572\u0578\u0581\u0561\u0575\u056b\u0576-\u0565\u0580\u0561\u056a\u056b\u0577\u057f\u0576\u0565\u0580-360x208.jpeg 360w, https:\/\/akunq.net\/tr\/wp-content\/uploads\/sites\/6\/2022\/02\/\u054d\u057f\u0561\u0574\u0562\u0578\u0582\u056c\u0578\u0582\u0574-\u0583\u0578\u0572\u0578\u0581\u0561\u0575\u056b\u0576-\u0565\u0580\u0561\u056a\u056b\u0577\u057f\u0576\u0565\u0580-768x444.jpeg 768w, https:\/\/akunq.net\/tr\/wp-content\/uploads\/sites\/6\/2022\/02\/\u054d\u057f\u0561\u0574\u0562\u0578\u0582\u056c\u0578\u0582\u0574-\u0583\u0578\u0572\u0578\u0581\u0561\u0575\u056b\u0576-\u0565\u0580\u0561\u056a\u056b\u0577\u057f\u0576\u0565\u0580-560x324.jpeg 560w, https:\/\/akunq.net\/tr\/wp-content\/uploads\/sites\/6\/2022\/02\/\u054d\u057f\u0561\u0574\u0562\u0578\u0582\u056c\u0578\u0582\u0574-\u0583\u0578\u0572\u0578\u0581\u0561\u0575\u056b\u0576-\u0565\u0580\u0561\u056a\u056b\u0577\u057f\u0576\u0565\u0580-260x150.jpeg 260w, https:\/\/akunq.net\/tr\/wp-content\/uploads\/sites\/6\/2022\/02\/\u054d\u057f\u0561\u0574\u0562\u0578\u0582\u056c\u0578\u0582\u0574-\u0583\u0578\u0572\u0578\u0581\u0561\u0575\u056b\u0576-\u0565\u0580\u0561\u056a\u056b\u0577\u057f\u0576\u0565\u0580-160x93.jpeg 160w, https:\/\/akunq.net\/tr\/wp-content\/uploads\/sites\/6\/2022\/02\/\u054d\u057f\u0561\u0574\u0562\u0578\u0582\u056c\u0578\u0582\u0574-\u0583\u0578\u0572\u0578\u0581\u0561\u0575\u056b\u0576-\u0565\u0580\u0561\u056a\u056b\u0577\u057f\u0576\u0565\u0580.jpeg 800w\" sizes=\"auto, (max-width: 360px) 100vw, 360px\" \/><\/p>\n<p><strong><em>\u0130stanbul&#8217;da \u0130stiklal Caddesi&#8217;nde g\u00f6rmeye al\u0131\u015f\u0131k oldu\u011fumuz sokak m\u00fczisyenleri polis taraf\u0131ndan engellendi. \u0130stiklal Caddesi&#8217;nde K\u00fcrt\u00e7e \u015fark\u0131 s\u00f6yleyen gruba yakla\u015fan polis \u00f6nce s\u00f6yledikleri \u015fark\u0131y\u0131 yar\u0131da kesti, akabinde de enstr\u00fcmanlar\u0131na el koydu.<\/em><\/strong><\/p>\n<h1>&#8216;Her yer benim b\u00f6lgem. Yapmayacaks\u0131n!&#8217;<\/h1>\n<p>HDP \u0130stanbul \u0130l E\u015f Ba\u015fkan\u0131 Ferhat Enc\u00fc&#8217;n\u00fcn sosyal medya hesab\u0131nda yapt\u0131\u011f\u0131 payla\u015f\u0131mda K\u00fcrt\u00e7e \u015fark\u0131lara m\u00fcdahale eden sivil bir polisin &#8220;Meydan da sokaklar da her yer benim b\u00f6lgem, yapmayacaks\u0131n&#8221; dedi\u011fi duyuluyor. Enc\u00fc\u00a0&#8220;Herhalde \u015fark\u0131lara e\u015flik edelim diye gelmiyor polis&#8221; diyerek yap\u0131lan m\u00fcdahaleyi ele\u015ftirdi.<\/p>\n<h1>&#8216;Polis ve zab\u0131talar\u0131n bask\u0131s\u0131 artt\u0131, K\u00fcrt\u00e7e \u015fark\u0131 s\u00f6yletmiyorlar&#8217;<\/h1>\n<p>Olay\u0131n ard\u0131ndan enstr\u00fcmanlar\u0131na el koyulan m\u00fczisyenler para cezas\u0131 kesildi\u011fini ve g\u00f6zalt\u0131nda iken darp edildiklerini ifade ettiler.\u00a0<em>Mezopotamya Ajans\u0131<\/em>&#8216;na konu\u015fan sokak m\u00fczisyenleri bu sorunlar\u0131n s\u00fcrekli ya\u015fand\u0131\u011f\u0131n\u0131 ifade ederken, kendilerinden hemen sonra sokakta ba\u015fka sokak m\u00fczisyeni arkada\u015flar\u0131n\u0131n \u015fark\u0131lar\u0131na devam ettiklerini ve bu uygulaman\u0131n sadece K\u00fcrt\u00e7e \u015fark\u0131 s\u00f6yleyenlere yap\u0131ld\u0131\u011f\u0131n\u0131 s\u00f6ylediler.<\/p>\n<h1>&#8216;Sokakta T\u00fcrk\u00e7e d\u0131\u015f\u0131nda hangi dillerde m\u00fczik yap\u0131labilece\u011fine kim karar vermektedir?&#8217;<\/h1>\n<p>Konuyu Meclis g\u00fcndemine ta\u015f\u0131yan HDP \u0130stanbul Milletvekili Ali Kenano\u011flu, \u0130\u00e7i\u015fleri Bakanl\u0131\u011f\u0131&#8217;na verdi\u011fi soru \u00f6nergesinde daha \u00f6nce ya\u015fanan benzer olaylar\u0131 da hat\u0131rlatarak, &#8220;<em>Sokakta T\u00fcrk\u00e7e d\u0131\u015f\u0131nda hangi dillerde m\u00fczik yap\u0131labilece\u011fine kim karar vermektedir?&#8221;\u00a0<\/em>diye sordu. Kenano\u011flu verdi\u011fi \u00f6nergede uygulanan yasa\u011f\u0131n hangi yasaya dayand\u0131\u011f\u0131n\u0131, uygulaman\u0131n K\u00fct\u00e7e m\u00fczi\u011fe mi mahsus oldu\u011funu, bu t\u00fcr uygulamalar\u0131n polislerin keyfi uygulamas\u0131 m\u0131 yoksa planl\u0131 bir m\u00fcdahale mi oldu\u011fu sorular\u0131n\u0131 sorarken,\u00a02019 ve 2021 y\u0131llar\u0131ndaki ger\u00e7ekle\u015fen benzer durumlar\u0131 da\u00a0hat\u0131rlatt\u0131.<\/p>\n<h1>Meral Dan\u0131\u015f Be\u015fta\u015f Mecliste K\u00fcrt\u00e7e \u015fark\u0131y\u0131 s\u00f6yledi<\/h1>\n<p>HDP\u00a0Grup Ba\u015fkanvekili Meral Dan\u0131\u015f Be\u015fta\u015f, bug\u00fcn Meclis\u2019te d\u00fczenledi\u011fi\u00a0bas\u0131n toplant\u0131s\u0131nda \u0130stiklal Caddesi&#8217;nde ya\u015fanan olay\u0131 hat\u0131rlatarak m\u00fczisyenlerin\u00a0yar\u0131da kesilen \u015fark\u0131s\u0131n\u0131 okudu.<\/p>\n<p>Sokaklarda K\u00fcrt\u00e7e \u015fark\u0131 s\u00f6yleyen m\u00fczisyenlerin engellenmesinin herhangi bir hukuki dayana\u011f\u0131n\u0131n olmad\u0131\u011f\u0131n\u0131 ifade eden Be\u015fta\u015f, bu keyfi uygulamalar\u0131n\u0131 yapanlar\u0131n g\u00fcc\u00fcn\u00fc saraydan ald\u0131\u011f\u0131n\u0131 s\u00f6yledi. Sokakta K\u00fcrt\u00e7e s\u00f6ylenen \u015fark\u0131lara yap\u0131lan fiili yasaklaman\u0131n K\u00fcrtlere ve K\u00fcrt diline yap\u0131lan d\u00fc\u015fmanl\u0131\u011f\u0131n bir sonucu oldu\u011funu ifade eden Be\u015fta\u015f, konu\u015fmas\u0131n\u0131 K\u00fcrt\u00e7e tamamlayarak &#8220;Dilimiz varl\u0131\u011f\u0131m\u0131zd\u0131r. Dilimiz gelece\u011fimizdir. Dilimiz anadilimizdir her zaman koruyaca\u011f\u0131z\u201d dedi. Be\u015fta\u015f konu\u015fmas\u0131n\u0131 sokakta yar\u0131da kesilen &#8220;Yaramina bedew e&#8221; \u015fark\u0131s\u0131yla tamamlad\u0131.<\/p>\n<p><strong><em>https:\/\/haber.sol.org.tr\/haber\/istiklalde-polisin-yasakladigi-kurtce-sarki-meclise-tasindi-324854\u00a0<\/em><\/strong><\/p>\n","protected":false},"excerpt":{"rendered":"<p>\u0130stanbul&#8217;da \u0130stiklal Caddesi&#8217;nde g\u00f6rmeye al\u0131\u015f\u0131k oldu\u011fumuz sokak m\u00fczisyenleri polis taraf\u0131ndan engellendi. \u0130stiklal Caddesi&#8217;nde K\u00fcrt\u00e7e \u015fark\u0131 s\u00f6yleyen gruba yakla\u015fan polis \u00f6nce s\u00f6yledikleri \u015fark\u0131y\u0131 yar\u0131da kesti, akabinde de enstr\u00fcmanlar\u0131na el koydu. &#8216;Her yer benim b\u00f6lgem. Yapmayacaks\u0131n!&#8217; HDP \u0130stanbul \u0130l E\u015f Ba\u015fkan\u0131 Ferhat Enc\u00fc&#8217;n\u00fcn sosyal medya hesab\u0131nda yapt\u0131\u011f\u0131 payla\u015f\u0131mda K\u00fcrt\u00e7e \u015fark\u0131lara m\u00fcdahale eden sivil bir polisin &#8220;Meydan da [&hellip;]<\/p>\n","protected":false},"author":7,"featured_media":66844,"comment_status":"open","ping_status":"open","sticky":false,"template":"","format":"standard","meta":{"footnotes":""},"categories":[1,53],"tags":[],"class_list":["post-66843","post","type-post","status-publish","format-standard","has-post-thumbnail","hentry","category-haberler","category-turkiyede-azinliklar"],"yoast_head":"<!-- This site is optimized with the Yoast SEO plugin v27.4 - https:\/\/yoast.com\/product\/yoast-seo-wordpress\/ -->\n<title>\u0130stiklal&#039;de polisin yasaklad\u0131\u011f\u0131 K\u00fcrt\u00e7e \u015fark\u0131 Meclis&#039;e ta\u015f\u0131nd\u0131 - Bati Ermenistan Ve Bati Ermenileri Sorunlari Ara\u015ftirmalar Merkezi<\/title>\n<meta name=\"robots\" content=\"index, follow, max-snippet:-1, max-image-preview:large, max-video-preview:-1\" \/>\n<link rel=\"canonical\" href=\"https:\/\/akunq.net\/tr\/?p=66843\" \/>\n<meta property=\"og:locale\" content=\"en_US\" \/>\n<meta property=\"og:type\" content=\"article\" \/>\n<meta property=\"og:title\" content=\"\u0130stiklal&#039;de polisin yasaklad\u0131\u011f\u0131 K\u00fcrt\u00e7e \u015fark\u0131 Meclis&#039;e ta\u015f\u0131nd\u0131 - Bati Ermenistan Ve Bati Ermenileri Sorunlari Ara\u015ftirmalar Merkezi\" \/>\n<meta property=\"og:description\" content=\"\u0130stanbul&#8217;da \u0130stiklal Caddesi&#8217;nde g\u00f6rmeye al\u0131\u015f\u0131k oldu\u011fumuz sokak m\u00fczisyenleri polis taraf\u0131ndan engellendi. \u0130stiklal Caddesi&#8217;nde K\u00fcrt\u00e7e \u015fark\u0131 s\u00f6yleyen gruba yakla\u015fan polis \u00f6nce s\u00f6yledikleri \u015fark\u0131y\u0131 yar\u0131da kesti, akabinde de enstr\u00fcmanlar\u0131na el koydu. &#8216;Her yer benim b\u00f6lgem. Yapmayacaks\u0131n!&#8217; HDP \u0130stanbul \u0130l E\u015f Ba\u015fkan\u0131 Ferhat Enc\u00fc&#8217;n\u00fcn sosyal medya hesab\u0131nda yapt\u0131\u011f\u0131 payla\u015f\u0131mda K\u00fcrt\u00e7e \u015fark\u0131lara m\u00fcdahale eden sivil bir polisin &#8220;Meydan da [&hellip;]\" \/>\n<meta property=\"og:url\" content=\"https:\/\/akunq.net\/tr\/?p=66843\" \/>\n<meta property=\"og:site_name\" content=\"Bati Ermenistan Ve Bati Ermenileri Sorunlari Ara\u015ftirmalar Merkezi\" \/>\n<meta property=\"article:published_time\" content=\"2022-02-01T08:36:53+00:00\" \/>\n<meta property=\"og:image\" content=\"https:\/\/akunq.net\/tr\/wp-content\/uploads\/sites\/6\/2022\/02\/\u054d\u057f\u0561\u0574\u0562\u0578\u0582\u056c\u0578\u0582\u0574-\u0583\u0578\u0572\u0578\u0581\u0561\u0575\u056b\u0576-\u0565\u0580\u0561\u056a\u056b\u0577\u057f\u0576\u0565\u0580.jpeg\" \/>\n\t<meta property=\"og:image:width\" content=\"800\" \/>\n\t<meta property=\"og:image:height\" content=\"463\" \/>\n\t<meta property=\"og:image:type\" content=\"image\/jpeg\" \/>\n<meta name=\"author\" content=\"admin\" \/>\n<meta name=\"twitter:card\" content=\"summary_large_image\" \/>\n<meta name=\"twitter:label1\" content=\"Written by\" \/>\n\t<meta name=\"twitter:data1\" content=\"admin\" \/>\n\t<meta name=\"twitter:label2\" content=\"Est. reading time\" \/>\n\t<meta name=\"twitter:data2\" content=\"2 minutes\" \/>\n<script type=\"application\/ld+json\" class=\"yoast-schema-graph\">{\"@context\":\"https:\\\/\\\/schema.org\",\"@graph\":[{\"@type\":\"Article\",\"@id\":\"https:\\\/\\\/akunq.net\\\/tr\\\/?p=66843#article\",\"isPartOf\":{\"@id\":\"https:\\\/\\\/akunq.net\\\/tr\\\/?p=66843\"},\"author\":{\"name\":\"admin\",\"@id\":\"https:\\\/\\\/akunq.net\\\/tr\\\/#\\\/schema\\\/person\\\/096f1d38a12cce57fb855b485ed24c9e\"},\"headline\":\"\u0130stiklal&#8217;de polisin yasaklad\u0131\u011f\u0131 K\u00fcrt\u00e7e \u015fark\u0131 Meclis&#8217;e ta\u015f\u0131nd\u0131\",\"datePublished\":\"2022-02-01T08:36:53+00:00\",\"mainEntityOfPage\":{\"@id\":\"https:\\\/\\\/akunq.net\\\/tr\\\/?p=66843\"},\"wordCount\":491,\"commentCount\":0,\"image\":{\"@id\":\"https:\\\/\\\/akunq.net\\\/tr\\\/?p=66843#primaryimage\"},\"thumbnailUrl\":\"https:\\\/\\\/akunq.net\\\/tr\\\/wp-content\\\/uploads\\\/sites\\\/6\\\/2022\\\/02\\\/\u054d\u057f\u0561\u0574\u0562\u0578\u0582\u056c\u0578\u0582\u0574-\u0583\u0578\u0572\u0578\u0581\u0561\u0575\u056b\u0576-\u0565\u0580\u0561\u056a\u056b\u0577\u057f\u0576\u0565\u0580.jpeg\",\"articleSection\":[\"Haberler\",\"T\u00fcrkiye\u2019de Az\u0131nl\u0131klar\"],\"inLanguage\":\"en-US\",\"potentialAction\":[{\"@type\":\"CommentAction\",\"name\":\"Comment\",\"target\":[\"https:\\\/\\\/akunq.net\\\/tr\\\/?p=66843#respond\"]}]},{\"@type\":\"WebPage\",\"@id\":\"https:\\\/\\\/akunq.net\\\/tr\\\/?p=66843\",\"url\":\"https:\\\/\\\/akunq.net\\\/tr\\\/?p=66843\",\"name\":\"\u0130stiklal'de polisin yasaklad\u0131\u011f\u0131 K\u00fcrt\u00e7e \u015fark\u0131 Meclis'e ta\u015f\u0131nd\u0131 - Bati Ermenistan Ve Bati Ermenileri Sorunlari Ara\u015ftirmalar Merkezi\",\"isPartOf\":{\"@id\":\"https:\\\/\\\/akunq.net\\\/tr\\\/#website\"},\"primaryImageOfPage\":{\"@id\":\"https:\\\/\\\/akunq.net\\\/tr\\\/?p=66843#primaryimage\"},\"image\":{\"@id\":\"https:\\\/\\\/akunq.net\\\/tr\\\/?p=66843#primaryimage\"},\"thumbnailUrl\":\"https:\\\/\\\/akunq.net\\\/tr\\\/wp-content\\\/uploads\\\/sites\\\/6\\\/2022\\\/02\\\/\u054d\u057f\u0561\u0574\u0562\u0578\u0582\u056c\u0578\u0582\u0574-\u0583\u0578\u0572\u0578\u0581\u0561\u0575\u056b\u0576-\u0565\u0580\u0561\u056a\u056b\u0577\u057f\u0576\u0565\u0580.jpeg\",\"datePublished\":\"2022-02-01T08:36:53+00:00\",\"author\":{\"@id\":\"https:\\\/\\\/akunq.net\\\/tr\\\/#\\\/schema\\\/person\\\/096f1d38a12cce57fb855b485ed24c9e\"},\"breadcrumb\":{\"@id\":\"https:\\\/\\\/akunq.net\\\/tr\\\/?p=66843#breadcrumb\"},\"inLanguage\":\"en-US\",\"potentialAction\":[{\"@type\":\"ReadAction\",\"target\":[\"https:\\\/\\\/akunq.net\\\/tr\\\/?p=66843\"]}]},{\"@type\":\"ImageObject\",\"inLanguage\":\"en-US\",\"@id\":\"https:\\\/\\\/akunq.net\\\/tr\\\/?p=66843#primaryimage\",\"url\":\"https:\\\/\\\/akunq.net\\\/tr\\\/wp-content\\\/uploads\\\/sites\\\/6\\\/2022\\\/02\\\/\u054d\u057f\u0561\u0574\u0562\u0578\u0582\u056c\u0578\u0582\u0574-\u0583\u0578\u0572\u0578\u0581\u0561\u0575\u056b\u0576-\u0565\u0580\u0561\u056a\u056b\u0577\u057f\u0576\u0565\u0580.jpeg\",\"contentUrl\":\"https:\\\/\\\/akunq.net\\\/tr\\\/wp-content\\\/uploads\\\/sites\\\/6\\\/2022\\\/02\\\/\u054d\u057f\u0561\u0574\u0562\u0578\u0582\u056c\u0578\u0582\u0574-\u0583\u0578\u0572\u0578\u0581\u0561\u0575\u056b\u0576-\u0565\u0580\u0561\u056a\u056b\u0577\u057f\u0576\u0565\u0580.jpeg\",\"width\":800,\"height\":463},{\"@type\":\"BreadcrumbList\",\"@id\":\"https:\\\/\\\/akunq.net\\\/tr\\\/?p=66843#breadcrumb\",\"itemListElement\":[{\"@type\":\"ListItem\",\"position\":1,\"name\":\"Home\",\"item\":\"https:\\\/\\\/akunq.net\\\/tr\"},{\"@type\":\"ListItem\",\"position\":2,\"name\":\"\u0130stiklal&#8217;de polisin yasaklad\u0131\u011f\u0131 K\u00fcrt\u00e7e \u015fark\u0131 Meclis&#8217;e ta\u015f\u0131nd\u0131\"}]},{\"@type\":\"WebSite\",\"@id\":\"https:\\\/\\\/akunq.net\\\/tr\\\/#website\",\"url\":\"https:\\\/\\\/akunq.net\\\/tr\\\/\",\"name\":\"Bati Ermenistan Ve Bati Ermenileri Sorunlari Ara\u015ftirmalar Merkezi\",\"description\":\"\",\"potentialAction\":[{\"@type\":\"SearchAction\",\"target\":{\"@type\":\"EntryPoint\",\"urlTemplate\":\"https:\\\/\\\/akunq.net\\\/tr\\\/?s={search_term_string}\"},\"query-input\":{\"@type\":\"PropertyValueSpecification\",\"valueRequired\":true,\"valueName\":\"search_term_string\"}}],\"inLanguage\":\"en-US\"},{\"@type\":\"Person\",\"@id\":\"https:\\\/\\\/akunq.net\\\/tr\\\/#\\\/schema\\\/person\\\/096f1d38a12cce57fb855b485ed24c9e\",\"name\":\"admin\",\"url\":\"https:\\\/\\\/akunq.net\\\/tr\\\/?author=7\"}]}<\/script>\n<!-- \/ Yoast SEO plugin. -->","yoast_head_json":{"title":"\u0130stiklal'de polisin yasaklad\u0131\u011f\u0131 K\u00fcrt\u00e7e \u015fark\u0131 Meclis'e ta\u015f\u0131nd\u0131 - Bati Ermenistan Ve Bati Ermenileri Sorunlari Ara\u015ftirmalar Merkezi","robots":{"index":"index","follow":"follow","max-snippet":"max-snippet:-1","max-image-preview":"max-image-preview:large","max-video-preview":"max-video-preview:-1"},"canonical":"https:\/\/akunq.net\/tr\/?p=66843","og_locale":"en_US","og_type":"article","og_title":"\u0130stiklal'de polisin yasaklad\u0131\u011f\u0131 K\u00fcrt\u00e7e \u015fark\u0131 Meclis'e ta\u015f\u0131nd\u0131 - Bati Ermenistan Ve Bati Ermenileri Sorunlari Ara\u015ftirmalar Merkezi","og_description":"\u0130stanbul&#8217;da \u0130stiklal Caddesi&#8217;nde g\u00f6rmeye al\u0131\u015f\u0131k oldu\u011fumuz sokak m\u00fczisyenleri polis taraf\u0131ndan engellendi. \u0130stiklal Caddesi&#8217;nde K\u00fcrt\u00e7e \u015fark\u0131 s\u00f6yleyen gruba yakla\u015fan polis \u00f6nce s\u00f6yledikleri \u015fark\u0131y\u0131 yar\u0131da kesti, akabinde de enstr\u00fcmanlar\u0131na el koydu. &#8216;Her yer benim b\u00f6lgem. Yapmayacaks\u0131n!&#8217; HDP \u0130stanbul \u0130l E\u015f Ba\u015fkan\u0131 Ferhat Enc\u00fc&#8217;n\u00fcn sosyal medya hesab\u0131nda yapt\u0131\u011f\u0131 payla\u015f\u0131mda K\u00fcrt\u00e7e \u015fark\u0131lara m\u00fcdahale eden sivil bir polisin &#8220;Meydan da [&hellip;]","og_url":"https:\/\/akunq.net\/tr\/?p=66843","og_site_name":"Bati Ermenistan Ve Bati Ermenileri Sorunlari Ara\u015ftirmalar Merkezi","article_published_time":"2022-02-01T08:36:53+00:00","og_image":[{"width":800,"height":463,"url":"https:\/\/akunq.net\/tr\/wp-content\/uploads\/sites\/6\/2022\/02\/\u054d\u057f\u0561\u0574\u0562\u0578\u0582\u056c\u0578\u0582\u0574-\u0583\u0578\u0572\u0578\u0581\u0561\u0575\u056b\u0576-\u0565\u0580\u0561\u056a\u056b\u0577\u057f\u0576\u0565\u0580.jpeg","type":"image\/jpeg"}],"author":"admin","twitter_card":"summary_large_image","twitter_misc":{"Written by":"admin","Est. reading time":"2 minutes"},"schema":{"@context":"https:\/\/schema.org","@graph":[{"@type":"Article","@id":"https:\/\/akunq.net\/tr\/?p=66843#article","isPartOf":{"@id":"https:\/\/akunq.net\/tr\/?p=66843"},"author":{"name":"admin","@id":"https:\/\/akunq.net\/tr\/#\/schema\/person\/096f1d38a12cce57fb855b485ed24c9e"},"headline":"\u0130stiklal&#8217;de polisin yasaklad\u0131\u011f\u0131 K\u00fcrt\u00e7e \u015fark\u0131 Meclis&#8217;e ta\u015f\u0131nd\u0131","datePublished":"2022-02-01T08:36:53+00:00","mainEntityOfPage":{"@id":"https:\/\/akunq.net\/tr\/?p=66843"},"wordCount":491,"commentCount":0,"image":{"@id":"https:\/\/akunq.net\/tr\/?p=66843#primaryimage"},"thumbnailUrl":"https:\/\/akunq.net\/tr\/wp-content\/uploads\/sites\/6\/2022\/02\/\u054d\u057f\u0561\u0574\u0562\u0578\u0582\u056c\u0578\u0582\u0574-\u0583\u0578\u0572\u0578\u0581\u0561\u0575\u056b\u0576-\u0565\u0580\u0561\u056a\u056b\u0577\u057f\u0576\u0565\u0580.jpeg","articleSection":["Haberler","T\u00fcrkiye\u2019de Az\u0131nl\u0131klar"],"inLanguage":"en-US","potentialAction":[{"@type":"CommentAction","name":"Comment","target":["https:\/\/akunq.net\/tr\/?p=66843#respond"]}]},{"@type":"WebPage","@id":"https:\/\/akunq.net\/tr\/?p=66843","url":"https:\/\/akunq.net\/tr\/?p=66843","name":"\u0130stiklal'de polisin yasaklad\u0131\u011f\u0131 K\u00fcrt\u00e7e \u015fark\u0131 Meclis'e ta\u015f\u0131nd\u0131 - Bati Ermenistan Ve Bati Ermenileri Sorunlari Ara\u015ftirmalar Merkezi","isPartOf":{"@id":"https:\/\/akunq.net\/tr\/#website"},"primaryImageOfPage":{"@id":"https:\/\/akunq.net\/tr\/?p=66843#primaryimage"},"image":{"@id":"https:\/\/akunq.net\/tr\/?p=66843#primaryimage"},"thumbnailUrl":"https:\/\/akunq.net\/tr\/wp-content\/uploads\/sites\/6\/2022\/02\/\u054d\u057f\u0561\u0574\u0562\u0578\u0582\u056c\u0578\u0582\u0574-\u0583\u0578\u0572\u0578\u0581\u0561\u0575\u056b\u0576-\u0565\u0580\u0561\u056a\u056b\u0577\u057f\u0576\u0565\u0580.jpeg","datePublished":"2022-02-01T08:36:53+00:00","author":{"@id":"https:\/\/akunq.net\/tr\/#\/schema\/person\/096f1d38a12cce57fb855b485ed24c9e"},"breadcrumb":{"@id":"https:\/\/akunq.net\/tr\/?p=66843#breadcrumb"},"inLanguage":"en-US","potentialAction":[{"@type":"ReadAction","target":["https:\/\/akunq.net\/tr\/?p=66843"]}]},{"@type":"ImageObject","inLanguage":"en-US","@id":"https:\/\/akunq.net\/tr\/?p=66843#primaryimage","url":"https:\/\/akunq.net\/tr\/wp-content\/uploads\/sites\/6\/2022\/02\/\u054d\u057f\u0561\u0574\u0562\u0578\u0582\u056c\u0578\u0582\u0574-\u0583\u0578\u0572\u0578\u0581\u0561\u0575\u056b\u0576-\u0565\u0580\u0561\u056a\u056b\u0577\u057f\u0576\u0565\u0580.jpeg","contentUrl":"https:\/\/akunq.net\/tr\/wp-content\/uploads\/sites\/6\/2022\/02\/\u054d\u057f\u0561\u0574\u0562\u0578\u0582\u056c\u0578\u0582\u0574-\u0583\u0578\u0572\u0578\u0581\u0561\u0575\u056b\u0576-\u0565\u0580\u0561\u056a\u056b\u0577\u057f\u0576\u0565\u0580.jpeg","width":800,"height":463},{"@type":"BreadcrumbList","@id":"https:\/\/akunq.net\/tr\/?p=66843#breadcrumb","itemListElement":[{"@type":"ListItem","position":1,"name":"Home","item":"https:\/\/akunq.net\/tr"},{"@type":"ListItem","position":2,"name":"\u0130stiklal&#8217;de polisin yasaklad\u0131\u011f\u0131 K\u00fcrt\u00e7e \u015fark\u0131 Meclis&#8217;e ta\u015f\u0131nd\u0131"}]},{"@type":"WebSite","@id":"https:\/\/akunq.net\/tr\/#website","url":"https:\/\/akunq.net\/tr\/","name":"Bati Ermenistan Ve Bati Ermenileri Sorunlari Ara\u015ftirmalar Merkezi","description":"","potentialAction":[{"@type":"SearchAction","target":{"@type":"EntryPoint","urlTemplate":"https:\/\/akunq.net\/tr\/?s={search_term_string}"},"query-input":{"@type":"PropertyValueSpecification","valueRequired":true,"valueName":"search_term_string"}}],"inLanguage":"en-US"},{"@type":"Person","@id":"https:\/\/akunq.net\/tr\/#\/schema\/person\/096f1d38a12cce57fb855b485ed24c9e","name":"admin","url":"https:\/\/akunq.net\/tr\/?author=7"}]}},"_links":{"self":[{"href":"https:\/\/akunq.net\/tr\/index.php?rest_route=\/wp\/v2\/posts\/66843","targetHints":{"allow":["GET"]}}],"collection":[{"href":"https:\/\/akunq.net\/tr\/index.php?rest_route=\/wp\/v2\/posts"}],"about":[{"href":"https:\/\/akunq.net\/tr\/index.php?rest_route=\/wp\/v2\/types\/post"}],"author":[{"embeddable":true,"href":"https:\/\/akunq.net\/tr\/index.php?rest_route=\/wp\/v2\/users\/7"}],"replies":[{"embeddable":true,"href":"https:\/\/akunq.net\/tr\/index.php?rest_route=%2Fwp%2Fv2%2Fcomments&post=66843"}],"version-history":[{"count":1,"href":"https:\/\/akunq.net\/tr\/index.php?rest_route=\/wp\/v2\/posts\/66843\/revisions"}],"predecessor-version":[{"id":66845,"href":"https:\/\/akunq.net\/tr\/index.php?rest_route=\/wp\/v2\/posts\/66843\/revisions\/66845"}],"wp:featuredmedia":[{"embeddable":true,"href":"https:\/\/akunq.net\/tr\/index.php?rest_route=\/wp\/v2\/media\/66844"}],"wp:attachment":[{"href":"https:\/\/akunq.net\/tr\/index.php?rest_route=%2Fwp%2Fv2%2Fmedia&parent=66843"}],"wp:term":[{"taxonomy":"category","embeddable":true,"href":"https:\/\/akunq.net\/tr\/index.php?rest_route=%2Fwp%2Fv2%2Fcategories&post=66843"},{"taxonomy":"post_tag","embeddable":true,"href":"https:\/\/akunq.net\/tr\/index.php?rest_route=%2Fwp%2Fv2%2Ftags&post=66843"}],"curies":[{"name":"wp","href":"https:\/\/api.w.org\/{rel}","templated":true}]}}