{"id":66840,"date":"2022-02-01T03:20:13","date_gmt":"2022-02-01T08:20:13","guid":{"rendered":"https:\/\/akunq.net\/tr\/?p=66840"},"modified":"2022-02-01T03:20:13","modified_gmt":"2022-02-01T08:20:13","slug":"egide-cimo-vay-be-radyo-da-kurtce-konusuyor-ve-bizim-sarkilarimizi-caliyor","status":"publish","type":"post","link":"https:\/\/akunq.net\/tr\/?p=66840","title":{"rendered":"Eg\u00eed\u00ea Cimo: Vay be radyo da K\u00fcrt\u00e7e konu\u015fuyor ve bizim \u015fark\u0131lar\u0131m\u0131z\u0131 \u00e7al\u0131yor"},"content":{"rendered":"<p><img loading=\"lazy\" decoding=\"async\" class=\"aligncenter size-medium wp-image-66841\" src=\"https:\/\/akunq.net\/tr\/wp-content\/uploads\/2022\/02\/Eg\u00eed\u00ea-Cimo-360x240.jpg\" alt=\"\" width=\"360\" height=\"240\" srcset=\"https:\/\/akunq.net\/tr\/wp-content\/uploads\/sites\/6\/2022\/02\/Eg\u00eed\u00ea-Cimo-360x240.jpg 360w, https:\/\/akunq.net\/tr\/wp-content\/uploads\/sites\/6\/2022\/02\/Eg\u00eed\u00ea-Cimo-768x511.jpg 768w, https:\/\/akunq.net\/tr\/wp-content\/uploads\/sites\/6\/2022\/02\/Eg\u00eed\u00ea-Cimo-560x373.jpg 560w, https:\/\/akunq.net\/tr\/wp-content\/uploads\/sites\/6\/2022\/02\/Eg\u00eed\u00ea-Cimo-260x173.jpg 260w, https:\/\/akunq.net\/tr\/wp-content\/uploads\/sites\/6\/2022\/02\/Eg\u00eed\u00ea-Cimo-160x107.jpg 160w, https:\/\/akunq.net\/tr\/wp-content\/uploads\/sites\/6\/2022\/02\/Eg\u00eed\u00ea-Cimo.jpg 1368w\" sizes=\"auto, (max-width: 360px) 100vw, 360px\" \/><\/p>\n<p><strong>Mustafa Orman<\/strong><\/p>\n<p><strong><em>Yaz s\u0131ca\u011f\u0131, \u00e7er\u00e7\u00f6p, r\u00fczg\u00e2r\u0131n topra\u011f\u0131 s\u00fcp\u00fcr\u00fcp getirdi\u011fi aylar. Bir a\u011fac\u0131n g\u00f6lgesi olsa da nefes alsak. Bir yaprak k\u0131m\u0131ldasa da bize esenlik verse. Bir adam k\u00f6ye inse, haber etse, bir d\u00fc\u011f\u00fcn var, bir dengbej laz\u0131m dese.<\/em><\/strong><\/p>\n<p>Ama hi\u00e7biri olmazd\u0131. Patosa att\u0131\u011f\u0131m\u0131z ekinler, yava\u015f yava\u015f le\u011fene d\u00fc\u015ft\u00fc\u011f\u00fcnde, s\u0131cakl\u0131k, ter bizi bo\u011fard\u0131. G\u00fcne\u015f, g\u00f6ky\u00fcz\u00fcnden yery\u00fcz\u00fcne do\u011fru inip kaybolmaya ba\u015flay\u0131nca, bir serinlik d\u00fc\u015ferdi.<\/p>\n<p>Ah\u0131r\u0131n giri\u015fine b\u0131rak\u0131lm\u0131\u015f kurnadan kana kana su i\u00e7ip harman yerine geri d\u00f6n\u00fcnce, kalabal\u0131k toplan\u0131rd\u0131. Tenekeye doldurulan arpa, bu\u011fdaylar torbalara doldurulurdu. Biri de yorgan i\u011fnesiyle torbalar\u0131n a\u011fz\u0131n\u0131 dikerdi.<\/p>\n<p>Radyonun saati gelmi\u015fti. Erimesin diye \u00e7\u0131kard\u0131\u011f\u0131m\u0131z piller, yeniden tak\u0131l\u0131rd\u0131. Radyonun anteni yukar\u0131 do\u011fru \u00e7ekilir, d\u00fc\u011fmesine bas\u0131l\u0131rd\u0131. Sessizlik \u00e7\u00f6kerdi, ama hareketlilik devam ederdi.<\/p>\n<p>A\u011fz\u0131 dikilen torbalar \u00fcst \u00fcste s\u0131rayla istiflenirdi. O sessizli\u011fi radyo bozard\u0131. K\u00f6y\u00fcn tek radyosu, k\u00f6y\u00fc harman yerine toplard\u0131. \u00c7\u00fcnk\u00fc o da bizim gibi K\u00fcrt\u00e7e konu\u015fuyordu.<\/p>\n<p>Eg\u00eet\u00ea Cimo\u2019nun kaval\u0131ndan y\u00fckselen ses, \u00fczg\u00fcn y\u00fczler, t\u00fct\u00fcn saran eller, derine bakan g\u00f6zler, bir ah getirip y\u00fcre\u011fimize b\u0131rak\u0131rd\u0131. Kaval a\u011flard\u0131, biz kaval\u0131n g\u00f6zya\u015flar\u0131n\u0131 dinlerdik. Bir ac\u0131 dola\u015f\u0131rd\u0131 harman yerinde.<\/p>\n<p>Sonra, ac\u0131kl\u0131 k\u0131lamlar yerini halay \u00e7ekece\u011fimiz k\u0131lamlara b\u0131rak\u0131rd\u0131. T\u00fct\u00fcn saran eller, \u00fczg\u00fcn y\u00fczler, derine bakan g\u00f6zler ne\u015feye bo\u011fulurdu. Hem k\u0131lama e\u015flik eder, hem torbalar\u0131 doldurur, hem de bir yandan oynamaya ba\u015flard\u0131k.<\/p>\n<p>Bir halay al\u0131p ba\u015f\u0131n\u0131 giderdi. Bir k\u0131sa \u015fenlik ve ac\u0131 alay\u0131 dola\u015f\u0131rd\u0131 harman yerinde. B\u00f6yle anlat\u0131yordu, tam olarak b\u00f6yle anlatmad\u0131ysa da ben b\u00f6yle anlatmak istedim yaz\u0131n konu\u015ftu\u011fum adam\u0131n s\u00f6ylediklerinden.<\/p>\n<p>Eg\u00eete Cimo, kaval\u0131 ilk eline al\u0131p dudaklar\u0131na g\u00f6t\u00fcrd\u00fc\u011f\u00fcnde, nefesini derinden kavala \u00fcfledi\u011finde, her \u015feyin buraya varaca\u011f\u0131ndan haberi yoktu.<\/p>\n<p>Kaval\u0131n iniltisini kulaklar\u0131na misafir edenlerin de. Ama \u00fcfledi\u011fi bir kaval de\u011fildi. Ermenistan\u2019\u0131n Erde\u015fir k\u00f6y\u00fcndeki sazl\u0131klardan kesti\u011fi kam\u0131\u015fla ilk kaval\u0131n\u0131 yapm\u0131\u015ft\u0131.<\/p>\n<p>K\u00f6y\u00fcn en tepe noktas\u0131ndaki evlerinin dam\u0131na \u00e7\u0131kard\u0131. Kaval\u0131na nefesini b\u0131rak\u0131r, t\u00fcm k\u00f6yl\u00fc Eg\u00eet\u2019in derinden \u00e7alan kaval sesine ko\u015fard\u0131. Toplan\u0131rlard\u0131. Onu dinlerlerdi.<\/p>\n<p>Eg\u00eed\u00ea Cimo\u2019nun ser\u00fcveni radyoyu dinlemekle ba\u015flad\u0131<\/p>\n<p>Zaman\u0131n\u0131n b\u00fcy\u00fck bir b\u00f6l\u00fcm\u00fcn\u00fc, kam\u0131\u015ftan yapt\u0131\u011f\u0131 kaval\u0131yla ge\u00e7iren Eg\u00eet\u00ea Cimo, k\u00f6ydeki damlarda b\u0131rakt\u0131\u011f\u0131 izlerden sonra arad\u0131\u011f\u0131 yolu radyo dinlerken buluyor.<\/p>\n<p>K\u00fcrt halk\u0131n\u0131n dinledi\u011fi radyo, sadece bir halk\u0131 de\u011fil, o halk\u0131n sanat\u00e7\u0131lar\u0131na da kap\u0131 aral\u0131yordu. Eg\u00eet\u00ea Cimo, Irak\u2019taki K\u00fcrt\u00e7e yay\u0131nlar\u0131n izini ararken ans\u0131z\u0131n Erivan Radyosu\u2019nun sesiyle ayaklan\u0131yordu.<\/p>\n<p>87 y\u0131ll\u0131k \u00f6mr\u00fcn\u00fcn 35 y\u0131l\u0131n\u0131 ge\u00e7irece\u011fi radyonun kap\u0131s\u0131na dayand\u0131\u011f\u0131nda, kaval\u0131n piri olarak K\u00fcrtlerin kalbinde s\u00f6k\u00fclmez bir sevgiyle kalacakt\u0131.<\/p>\n<p>Radyo, K\u00fcrtlerin \u015fark\u0131lar\u0131n\u0131, tarihini, tiyatrosunu, hik\u00e2yelerini d\u00f6rt bir yandan yasakl\u0131 K\u00fcrtlerin dilini, g\u00fcn ge\u00e7tik\u00e7e yayg\u0131n hale getiriyordu. Bu silinmez ad\u0131mlar, arkas\u0131nda ba\u015fka insan hik\u00e2yeleri bar\u0131nd\u0131r\u0131yordu.<\/p>\n<p>Hik\u00e2ye anlatanlar, t\u00fcrk\u00fc s\u00f6yleyenler, tarih yazanlar, tiyatro oynayanlar, kendilerinin ve ailelerinin ge\u00e7mi\u015fte hepsinin alt\u0131nda kald\u0131\u011f\u0131 y\u0131k\u0131nt\u0131y\u0131 da haberdar ediyordu.<\/p>\n<p>Ge\u00e7mi\u015f, bug\u00fcne ve yar\u0131na ta\u015f\u0131n\u0131rken benzer ac\u0131lar\u0131 ortaya \u00e7\u0131kar\u0131yordu. Y\u00fcreklerinde sakl\u0131 kalm\u0131\u015f bir\u00e7ok heves ve ama\u00e7, do\u011fup b\u00fcy\u00fcd\u00fckleri memleketlerinin duvarlar\u0131nda, kap\u0131lar\u0131nda, pencerelerinde f\u0131s\u0131ld\u0131yordu.<\/p>\n<p>Onlar, pencerelerin, kap\u0131lar\u0131n, duvarlar\u0131n f\u0131s\u0131lt\u0131lar\u0131n\u0131 haf\u0131zalar\u0131nda ta\u015f\u0131yan b\u00fcy\u00fcklerinin anlat\u0131lar\u0131yla ya\u015fan\u0131lan her \u015feyi yeniden canland\u0131r\u0131yordu.<\/p>\n<p>O zamanlarda bir halk\u0131 uyand\u0131rman\u0131n en \u00f6nemli ara\u00e7lar\u0131ndan olan radyo, hem kimli\u011fin unutulmamas\u0131n\u0131 hem de halk\u0131n uyan\u0131k kalmas\u0131 i\u00e7in \u00f6nemli bir ara\u00e7t\u0131.<\/p>\n<p>Yaln\u0131zca s\u00f6yleyenlerin, anlatanlar\u0131n, oynayanlar\u0131n hik\u00e2yelerini halka duyurmakla kalmam\u0131\u015f, radyo da halk aras\u0131nda yeni hik\u00e2yeler do\u011furmu\u015ftu.<\/p>\n<p>Radyo i\u00e7in yurt d\u0131\u015f\u0131na \u00e7al\u0131\u015fmaya gidenler, at\u0131n\u0131 arazisini satanlar, her gece kom\u015fusuna b\u0131kmadan gidenler, radyo arac\u0131l\u0131\u011f\u0131yla kaybettikleri akrabalar\u0131n\u0131 bulanlar.<\/p>\n<p>Eg\u00eet\u00ea Cimo, b\u00f6yle bir radyonun kap\u0131s\u0131ndan i\u00e7eri girmi\u015fti. Onu o radyoya g\u00f6t\u00fcren, kendi kendine s\u00f6yledi\u011fi c\u00fcmle de \u015f\u00f6yleydi:<\/p>\n<p>Vay be radyo da K\u00fcrt\u00e7e konu\u015fuyor ve bizim \u015fark\u0131lar\u0131m\u0131z\u0131 \u00e7al\u0131yor.<\/p>\n<p>Eg\u00eet\u00ea Cimo, Be\u015fer k\u00f6y\u00fcnden kalk\u0131p Erivan\u2019daki radyonun kap\u0131s\u0131ndan i\u00e7eri girdi\u011finde, onu memleketinden kopar\u0131l\u0131p Ermenistan\u2019a s\u00fcrg\u00fcn gitmek zorunda b\u0131rak\u0131lan Celil ailesinin b\u00fcy\u00fc\u011f\u00fc Casim\u00ea Celil kar\u015f\u0131lam\u0131\u015ft\u0131.<\/p>\n<p>Casim\u00ea Celil ve ailesi Erivan Radyosu\u2019nun temellerini atarken \u00f6nemli rol oynam\u0131\u015ft\u0131. Celil ailesi fertleri olarak K\u00fcrt tarihi, m\u00fczi\u011fi, edebiyat\u0131 ve tiyatrosu alan\u0131nda bir\u00e7ok \u00f6nemli \u00e7al\u0131\u015fmaya imza att\u0131lar. \u015eimdilerde K\u00fcrt k\u00fclt\u00fcr\u00fcne, tarihine dair e\u015fsiz bir ar\u015fiv geride b\u0131rakt\u0131lar.<\/p>\n<p>Eg\u00eete Cimo, o g\u00fcn\u00fc \u015f\u00f6yle aktar\u0131yor:<\/p>\n<p>Ertesi sabah kalkt\u0131m dosdo\u011fru radyoya gittim. K\u00fcrt\u00e7e yay\u0131n b\u00f6l\u00fcm\u00fcn\u00fcn nerde oldu\u011funu sordum, \u2018K\u00fcrt\u00e7e b\u00f6l\u00fcm\u00fc \u00fc\u00e7\u00fcnc\u00fc katta\u2019 dediler. Gittim, kap\u0131y\u0131 \u00e7ald\u0131m, rahmetli Ap\u00ea Casim (Casim Amca) kap\u0131y\u0131 a\u00e7t\u0131.<\/p>\n<p>\u201dDelikanl\u0131, buyur gel.\u2019 (Gittim)<\/p>\n<p>\u2018Buyur, otur.\u2019 (Oturdum)<\/p>\n<p>Dedim ki:<\/p>\n<p>\u2018Ba\u011f\u0131\u015flay\u0131n, ben m\u00fczisyenim. Ben buran\u0131n radyosundaki K\u00fcrt\u00e7e yay\u0131nlar\u0131 dinledim, mutlu oldum. Ben de m\u00fczisyenlik yapabilirim, saz \u00e7alabilirim. Benim m\u00fczisyenli\u011fim de sizin i\u015finize yarayabilir.\u2019<\/p>\n<p>Dedi ki:<\/p>\n<p>\u2018Buyur, biz de zaten senin gibi insanlar ar\u0131yoruz.\u2019 1<\/p>\n<p>Eg\u00eet\u00ea Cimo, 23 ya\u015f\u0131nda ayak bast\u0131\u011f\u0131 Erivan Radyosu\u2019nda K\u00fcrt co\u011frafyas\u0131n\u0131n d\u00f6rt bir yan\u0131nda yank\u0131lanan kaval\u0131n\u0131n b\u00fcy\u00fcs\u00fcn\u00fc de insanlar\u0131n y\u00fcre\u011fiyle tan\u0131\u015ft\u0131rd\u0131.<\/p>\n<p>35 y\u0131l boyunca \u00e7al\u0131\u015ft\u0131\u011f\u0131 Erivan Radyosu\u2019nda, halk\u0131n\u0131n ac\u0131lar\u0131n\u0131 ve yasak dillerini hat\u0131rlatmak i\u00e7in Casim\u00ea Celil ile birlikte k\u00f6yleri bir bir gezdi, K\u00fcrt sanat\u0131na yeni sanat\u00e7\u0131lar kazand\u0131rd\u0131.<\/p>\n<p>K\u00fcrt sanat\u00e7\u0131lar\u0131n\u0131n derin seslerini K\u00fcrt halk\u0131na duyururken, o da kaval\u0131n piri olarak onlara e\u015flik etti. M\u00fczik \u00f6\u011frenimi g\u00f6rd\u00fc.<\/p>\n<p>\u00d6\u011frencileri oldu. Bunlardan biri de K\u00fcrt sanat\u00e7\u0131 Del\u00eel D\u00eelanar\u2019d\u0131r. B\u00f6yle haf\u0131zay\u0131 yerle bir eden bir ya\u015fam\u0131n g\u00f6lgesinde, Eg\u00eet\u00ea Cimo, Vodka Limon ve K\u00fcrdistan K\u00fcrdistan filmlerinde de oynad\u0131.<\/p>\n<p>Eg\u00eet\u00ea Cimo, 31 Ocak 2019\u2019da 87 ya\u015f\u0131ndayken ya\u015fama veda etti\u011finde, kaval\u0131n\u0131 da burada, K\u00fcrt halk\u0131n\u0131n yan\u0131 ba\u015f\u0131na b\u0131rak\u0131p gitti.<\/p>\n<ol>\n<li>Zeri \u0130nan\u00e7, Erivan Radyosunda K\u00fcrt Sesi, syf.45<\/li>\n<\/ol>\n<p>*Bu makalede yer alan fikirler yazara aittir ve Independent T\u00fcrk\u00e7e\u2019nin edit\u00f6ryal politikas\u0131n\u0131 yans\u0131tmayabilir.<\/p>\n<hr \/>\n<p><em><strong><a href=\"https:\/\/www.indyturk.com\/node\/466076\/t%C3%BCrki%CC%87yeden-sesler\/eg%C3%AEd%C3%AA-cimo-vay-be-radyo-da-k%C3%BCrt%C3%A7e-konu%C5%9Fuyor-ve-bizim-%C5%9Fark%C4%B1lar%C4%B1m%C4%B1z%C4%B1\" target=\"_blank\" rel=\"noopener noreferrer\">Independent Turkce<\/a>\u00a0<\/strong><\/em><\/p>\n","protected":false},"excerpt":{"rendered":"<p>Mustafa Orman Yaz s\u0131ca\u011f\u0131, \u00e7er\u00e7\u00f6p, r\u00fczg\u00e2r\u0131n topra\u011f\u0131 s\u00fcp\u00fcr\u00fcp getirdi\u011fi aylar. Bir a\u011fac\u0131n g\u00f6lgesi olsa da nefes alsak. Bir yaprak k\u0131m\u0131ldasa da bize esenlik verse. Bir adam k\u00f6ye inse, haber etse, bir d\u00fc\u011f\u00fcn var, bir dengbej laz\u0131m dese. Ama hi\u00e7biri olmazd\u0131. Patosa att\u0131\u011f\u0131m\u0131z ekinler, yava\u015f yava\u015f le\u011fene d\u00fc\u015ft\u00fc\u011f\u00fcnde, s\u0131cakl\u0131k, ter bizi bo\u011fard\u0131. G\u00fcne\u015f, g\u00f6ky\u00fcz\u00fcnden yery\u00fcz\u00fcne do\u011fru [&hellip;]<\/p>\n","protected":false},"author":7,"featured_media":66841,"comment_status":"open","ping_status":"open","sticky":false,"template":"","format":"standard","meta":{"footnotes":""},"categories":[1],"tags":[],"class_list":["post-66840","post","type-post","status-publish","format-standard","has-post-thumbnail","hentry","category-haberler"],"yoast_head":"<!-- This site is optimized with the Yoast SEO plugin v27.4 - https:\/\/yoast.com\/product\/yoast-seo-wordpress\/ -->\n<title>Eg\u00eed\u00ea Cimo: Vay be radyo da K\u00fcrt\u00e7e konu\u015fuyor ve bizim \u015fark\u0131lar\u0131m\u0131z\u0131 \u00e7al\u0131yor - Bati Ermenistan Ve Bati Ermenileri Sorunlari Ara\u015ftirmalar Merkezi<\/title>\n<meta name=\"robots\" content=\"index, follow, max-snippet:-1, max-image-preview:large, max-video-preview:-1\" \/>\n<link rel=\"canonical\" href=\"https:\/\/akunq.net\/tr\/?p=66840\" \/>\n<meta property=\"og:locale\" content=\"en_US\" \/>\n<meta property=\"og:type\" content=\"article\" \/>\n<meta property=\"og:title\" content=\"Eg\u00eed\u00ea Cimo: Vay be radyo da K\u00fcrt\u00e7e konu\u015fuyor ve bizim \u015fark\u0131lar\u0131m\u0131z\u0131 \u00e7al\u0131yor - Bati Ermenistan Ve Bati Ermenileri Sorunlari Ara\u015ftirmalar Merkezi\" \/>\n<meta property=\"og:description\" content=\"Mustafa Orman Yaz s\u0131ca\u011f\u0131, \u00e7er\u00e7\u00f6p, r\u00fczg\u00e2r\u0131n topra\u011f\u0131 s\u00fcp\u00fcr\u00fcp getirdi\u011fi aylar. Bir a\u011fac\u0131n g\u00f6lgesi olsa da nefes alsak. Bir yaprak k\u0131m\u0131ldasa da bize esenlik verse. Bir adam k\u00f6ye inse, haber etse, bir d\u00fc\u011f\u00fcn var, bir dengbej laz\u0131m dese. Ama hi\u00e7biri olmazd\u0131. Patosa att\u0131\u011f\u0131m\u0131z ekinler, yava\u015f yava\u015f le\u011fene d\u00fc\u015ft\u00fc\u011f\u00fcnde, s\u0131cakl\u0131k, ter bizi bo\u011fard\u0131. G\u00fcne\u015f, g\u00f6ky\u00fcz\u00fcnden yery\u00fcz\u00fcne do\u011fru [&hellip;]\" \/>\n<meta property=\"og:url\" content=\"https:\/\/akunq.net\/tr\/?p=66840\" \/>\n<meta property=\"og:site_name\" content=\"Bati Ermenistan Ve Bati Ermenileri Sorunlari Ara\u015ftirmalar Merkezi\" \/>\n<meta property=\"article:published_time\" content=\"2022-02-01T08:20:13+00:00\" \/>\n<meta property=\"og:image\" content=\"https:\/\/akunq.net\/tr\/wp-content\/uploads\/sites\/6\/2022\/02\/Eg\u00eed\u00ea-Cimo.jpg\" \/>\n\t<meta property=\"og:image:width\" content=\"1368\" \/>\n\t<meta property=\"og:image:height\" content=\"911\" \/>\n\t<meta property=\"og:image:type\" content=\"image\/jpeg\" \/>\n<meta name=\"author\" content=\"admin\" \/>\n<meta name=\"twitter:card\" content=\"summary_large_image\" \/>\n<meta name=\"twitter:label1\" content=\"Written by\" \/>\n\t<meta name=\"twitter:data1\" content=\"admin\" \/>\n\t<meta name=\"twitter:label2\" content=\"Est. reading time\" \/>\n\t<meta name=\"twitter:data2\" content=\"6 minutes\" \/>\n<script type=\"application\/ld+json\" class=\"yoast-schema-graph\">{\"@context\":\"https:\\\/\\\/schema.org\",\"@graph\":[{\"@type\":\"Article\",\"@id\":\"https:\\\/\\\/akunq.net\\\/tr\\\/?p=66840#article\",\"isPartOf\":{\"@id\":\"https:\\\/\\\/akunq.net\\\/tr\\\/?p=66840\"},\"author\":{\"name\":\"admin\",\"@id\":\"https:\\\/\\\/akunq.net\\\/tr\\\/#\\\/schema\\\/person\\\/096f1d38a12cce57fb855b485ed24c9e\"},\"headline\":\"Eg\u00eed\u00ea Cimo: Vay be radyo da K\u00fcrt\u00e7e konu\u015fuyor ve bizim \u015fark\u0131lar\u0131m\u0131z\u0131 \u00e7al\u0131yor\",\"datePublished\":\"2022-02-01T08:20:13+00:00\",\"mainEntityOfPage\":{\"@id\":\"https:\\\/\\\/akunq.net\\\/tr\\\/?p=66840\"},\"wordCount\":1258,\"commentCount\":0,\"image\":{\"@id\":\"https:\\\/\\\/akunq.net\\\/tr\\\/?p=66840#primaryimage\"},\"thumbnailUrl\":\"https:\\\/\\\/akunq.net\\\/tr\\\/wp-content\\\/uploads\\\/sites\\\/6\\\/2022\\\/02\\\/Eg\u00eed\u00ea-Cimo.jpg\",\"articleSection\":[\"Haberler\"],\"inLanguage\":\"en-US\",\"potentialAction\":[{\"@type\":\"CommentAction\",\"name\":\"Comment\",\"target\":[\"https:\\\/\\\/akunq.net\\\/tr\\\/?p=66840#respond\"]}]},{\"@type\":\"WebPage\",\"@id\":\"https:\\\/\\\/akunq.net\\\/tr\\\/?p=66840\",\"url\":\"https:\\\/\\\/akunq.net\\\/tr\\\/?p=66840\",\"name\":\"Eg\u00eed\u00ea Cimo: Vay be radyo da K\u00fcrt\u00e7e konu\u015fuyor ve bizim \u015fark\u0131lar\u0131m\u0131z\u0131 \u00e7al\u0131yor - Bati Ermenistan Ve Bati Ermenileri Sorunlari Ara\u015ftirmalar Merkezi\",\"isPartOf\":{\"@id\":\"https:\\\/\\\/akunq.net\\\/tr\\\/#website\"},\"primaryImageOfPage\":{\"@id\":\"https:\\\/\\\/akunq.net\\\/tr\\\/?p=66840#primaryimage\"},\"image\":{\"@id\":\"https:\\\/\\\/akunq.net\\\/tr\\\/?p=66840#primaryimage\"},\"thumbnailUrl\":\"https:\\\/\\\/akunq.net\\\/tr\\\/wp-content\\\/uploads\\\/sites\\\/6\\\/2022\\\/02\\\/Eg\u00eed\u00ea-Cimo.jpg\",\"datePublished\":\"2022-02-01T08:20:13+00:00\",\"author\":{\"@id\":\"https:\\\/\\\/akunq.net\\\/tr\\\/#\\\/schema\\\/person\\\/096f1d38a12cce57fb855b485ed24c9e\"},\"breadcrumb\":{\"@id\":\"https:\\\/\\\/akunq.net\\\/tr\\\/?p=66840#breadcrumb\"},\"inLanguage\":\"en-US\",\"potentialAction\":[{\"@type\":\"ReadAction\",\"target\":[\"https:\\\/\\\/akunq.net\\\/tr\\\/?p=66840\"]}]},{\"@type\":\"ImageObject\",\"inLanguage\":\"en-US\",\"@id\":\"https:\\\/\\\/akunq.net\\\/tr\\\/?p=66840#primaryimage\",\"url\":\"https:\\\/\\\/akunq.net\\\/tr\\\/wp-content\\\/uploads\\\/sites\\\/6\\\/2022\\\/02\\\/Eg\u00eed\u00ea-Cimo.jpg\",\"contentUrl\":\"https:\\\/\\\/akunq.net\\\/tr\\\/wp-content\\\/uploads\\\/sites\\\/6\\\/2022\\\/02\\\/Eg\u00eed\u00ea-Cimo.jpg\",\"width\":1368,\"height\":911},{\"@type\":\"BreadcrumbList\",\"@id\":\"https:\\\/\\\/akunq.net\\\/tr\\\/?p=66840#breadcrumb\",\"itemListElement\":[{\"@type\":\"ListItem\",\"position\":1,\"name\":\"Home\",\"item\":\"https:\\\/\\\/akunq.net\\\/tr\"},{\"@type\":\"ListItem\",\"position\":2,\"name\":\"Eg\u00eed\u00ea Cimo: Vay be radyo da K\u00fcrt\u00e7e konu\u015fuyor ve bizim \u015fark\u0131lar\u0131m\u0131z\u0131 \u00e7al\u0131yor\"}]},{\"@type\":\"WebSite\",\"@id\":\"https:\\\/\\\/akunq.net\\\/tr\\\/#website\",\"url\":\"https:\\\/\\\/akunq.net\\\/tr\\\/\",\"name\":\"Bati Ermenistan Ve Bati Ermenileri Sorunlari Ara\u015ftirmalar Merkezi\",\"description\":\"\",\"potentialAction\":[{\"@type\":\"SearchAction\",\"target\":{\"@type\":\"EntryPoint\",\"urlTemplate\":\"https:\\\/\\\/akunq.net\\\/tr\\\/?s={search_term_string}\"},\"query-input\":{\"@type\":\"PropertyValueSpecification\",\"valueRequired\":true,\"valueName\":\"search_term_string\"}}],\"inLanguage\":\"en-US\"},{\"@type\":\"Person\",\"@id\":\"https:\\\/\\\/akunq.net\\\/tr\\\/#\\\/schema\\\/person\\\/096f1d38a12cce57fb855b485ed24c9e\",\"name\":\"admin\",\"url\":\"https:\\\/\\\/akunq.net\\\/tr\\\/?author=7\"}]}<\/script>\n<!-- \/ Yoast SEO plugin. -->","yoast_head_json":{"title":"Eg\u00eed\u00ea Cimo: Vay be radyo da K\u00fcrt\u00e7e konu\u015fuyor ve bizim \u015fark\u0131lar\u0131m\u0131z\u0131 \u00e7al\u0131yor - Bati Ermenistan Ve Bati Ermenileri Sorunlari Ara\u015ftirmalar Merkezi","robots":{"index":"index","follow":"follow","max-snippet":"max-snippet:-1","max-image-preview":"max-image-preview:large","max-video-preview":"max-video-preview:-1"},"canonical":"https:\/\/akunq.net\/tr\/?p=66840","og_locale":"en_US","og_type":"article","og_title":"Eg\u00eed\u00ea Cimo: Vay be radyo da K\u00fcrt\u00e7e konu\u015fuyor ve bizim \u015fark\u0131lar\u0131m\u0131z\u0131 \u00e7al\u0131yor - Bati Ermenistan Ve Bati Ermenileri Sorunlari Ara\u015ftirmalar Merkezi","og_description":"Mustafa Orman Yaz s\u0131ca\u011f\u0131, \u00e7er\u00e7\u00f6p, r\u00fczg\u00e2r\u0131n topra\u011f\u0131 s\u00fcp\u00fcr\u00fcp getirdi\u011fi aylar. Bir a\u011fac\u0131n g\u00f6lgesi olsa da nefes alsak. Bir yaprak k\u0131m\u0131ldasa da bize esenlik verse. Bir adam k\u00f6ye inse, haber etse, bir d\u00fc\u011f\u00fcn var, bir dengbej laz\u0131m dese. Ama hi\u00e7biri olmazd\u0131. Patosa att\u0131\u011f\u0131m\u0131z ekinler, yava\u015f yava\u015f le\u011fene d\u00fc\u015ft\u00fc\u011f\u00fcnde, s\u0131cakl\u0131k, ter bizi bo\u011fard\u0131. G\u00fcne\u015f, g\u00f6ky\u00fcz\u00fcnden yery\u00fcz\u00fcne do\u011fru [&hellip;]","og_url":"https:\/\/akunq.net\/tr\/?p=66840","og_site_name":"Bati Ermenistan Ve Bati Ermenileri Sorunlari Ara\u015ftirmalar Merkezi","article_published_time":"2022-02-01T08:20:13+00:00","og_image":[{"width":1368,"height":911,"url":"https:\/\/akunq.net\/tr\/wp-content\/uploads\/sites\/6\/2022\/02\/Eg\u00eed\u00ea-Cimo.jpg","type":"image\/jpeg"}],"author":"admin","twitter_card":"summary_large_image","twitter_misc":{"Written by":"admin","Est. reading time":"6 minutes"},"schema":{"@context":"https:\/\/schema.org","@graph":[{"@type":"Article","@id":"https:\/\/akunq.net\/tr\/?p=66840#article","isPartOf":{"@id":"https:\/\/akunq.net\/tr\/?p=66840"},"author":{"name":"admin","@id":"https:\/\/akunq.net\/tr\/#\/schema\/person\/096f1d38a12cce57fb855b485ed24c9e"},"headline":"Eg\u00eed\u00ea Cimo: Vay be radyo da K\u00fcrt\u00e7e konu\u015fuyor ve bizim \u015fark\u0131lar\u0131m\u0131z\u0131 \u00e7al\u0131yor","datePublished":"2022-02-01T08:20:13+00:00","mainEntityOfPage":{"@id":"https:\/\/akunq.net\/tr\/?p=66840"},"wordCount":1258,"commentCount":0,"image":{"@id":"https:\/\/akunq.net\/tr\/?p=66840#primaryimage"},"thumbnailUrl":"https:\/\/akunq.net\/tr\/wp-content\/uploads\/sites\/6\/2022\/02\/Eg\u00eed\u00ea-Cimo.jpg","articleSection":["Haberler"],"inLanguage":"en-US","potentialAction":[{"@type":"CommentAction","name":"Comment","target":["https:\/\/akunq.net\/tr\/?p=66840#respond"]}]},{"@type":"WebPage","@id":"https:\/\/akunq.net\/tr\/?p=66840","url":"https:\/\/akunq.net\/tr\/?p=66840","name":"Eg\u00eed\u00ea Cimo: Vay be radyo da K\u00fcrt\u00e7e konu\u015fuyor ve bizim \u015fark\u0131lar\u0131m\u0131z\u0131 \u00e7al\u0131yor - Bati Ermenistan Ve Bati Ermenileri Sorunlari Ara\u015ftirmalar Merkezi","isPartOf":{"@id":"https:\/\/akunq.net\/tr\/#website"},"primaryImageOfPage":{"@id":"https:\/\/akunq.net\/tr\/?p=66840#primaryimage"},"image":{"@id":"https:\/\/akunq.net\/tr\/?p=66840#primaryimage"},"thumbnailUrl":"https:\/\/akunq.net\/tr\/wp-content\/uploads\/sites\/6\/2022\/02\/Eg\u00eed\u00ea-Cimo.jpg","datePublished":"2022-02-01T08:20:13+00:00","author":{"@id":"https:\/\/akunq.net\/tr\/#\/schema\/person\/096f1d38a12cce57fb855b485ed24c9e"},"breadcrumb":{"@id":"https:\/\/akunq.net\/tr\/?p=66840#breadcrumb"},"inLanguage":"en-US","potentialAction":[{"@type":"ReadAction","target":["https:\/\/akunq.net\/tr\/?p=66840"]}]},{"@type":"ImageObject","inLanguage":"en-US","@id":"https:\/\/akunq.net\/tr\/?p=66840#primaryimage","url":"https:\/\/akunq.net\/tr\/wp-content\/uploads\/sites\/6\/2022\/02\/Eg\u00eed\u00ea-Cimo.jpg","contentUrl":"https:\/\/akunq.net\/tr\/wp-content\/uploads\/sites\/6\/2022\/02\/Eg\u00eed\u00ea-Cimo.jpg","width":1368,"height":911},{"@type":"BreadcrumbList","@id":"https:\/\/akunq.net\/tr\/?p=66840#breadcrumb","itemListElement":[{"@type":"ListItem","position":1,"name":"Home","item":"https:\/\/akunq.net\/tr"},{"@type":"ListItem","position":2,"name":"Eg\u00eed\u00ea Cimo: Vay be radyo da K\u00fcrt\u00e7e konu\u015fuyor ve bizim \u015fark\u0131lar\u0131m\u0131z\u0131 \u00e7al\u0131yor"}]},{"@type":"WebSite","@id":"https:\/\/akunq.net\/tr\/#website","url":"https:\/\/akunq.net\/tr\/","name":"Bati Ermenistan Ve Bati Ermenileri Sorunlari Ara\u015ftirmalar Merkezi","description":"","potentialAction":[{"@type":"SearchAction","target":{"@type":"EntryPoint","urlTemplate":"https:\/\/akunq.net\/tr\/?s={search_term_string}"},"query-input":{"@type":"PropertyValueSpecification","valueRequired":true,"valueName":"search_term_string"}}],"inLanguage":"en-US"},{"@type":"Person","@id":"https:\/\/akunq.net\/tr\/#\/schema\/person\/096f1d38a12cce57fb855b485ed24c9e","name":"admin","url":"https:\/\/akunq.net\/tr\/?author=7"}]}},"_links":{"self":[{"href":"https:\/\/akunq.net\/tr\/index.php?rest_route=\/wp\/v2\/posts\/66840","targetHints":{"allow":["GET"]}}],"collection":[{"href":"https:\/\/akunq.net\/tr\/index.php?rest_route=\/wp\/v2\/posts"}],"about":[{"href":"https:\/\/akunq.net\/tr\/index.php?rest_route=\/wp\/v2\/types\/post"}],"author":[{"embeddable":true,"href":"https:\/\/akunq.net\/tr\/index.php?rest_route=\/wp\/v2\/users\/7"}],"replies":[{"embeddable":true,"href":"https:\/\/akunq.net\/tr\/index.php?rest_route=%2Fwp%2Fv2%2Fcomments&post=66840"}],"version-history":[{"count":1,"href":"https:\/\/akunq.net\/tr\/index.php?rest_route=\/wp\/v2\/posts\/66840\/revisions"}],"predecessor-version":[{"id":66842,"href":"https:\/\/akunq.net\/tr\/index.php?rest_route=\/wp\/v2\/posts\/66840\/revisions\/66842"}],"wp:featuredmedia":[{"embeddable":true,"href":"https:\/\/akunq.net\/tr\/index.php?rest_route=\/wp\/v2\/media\/66841"}],"wp:attachment":[{"href":"https:\/\/akunq.net\/tr\/index.php?rest_route=%2Fwp%2Fv2%2Fmedia&parent=66840"}],"wp:term":[{"taxonomy":"category","embeddable":true,"href":"https:\/\/akunq.net\/tr\/index.php?rest_route=%2Fwp%2Fv2%2Fcategories&post=66840"},{"taxonomy":"post_tag","embeddable":true,"href":"https:\/\/akunq.net\/tr\/index.php?rest_route=%2Fwp%2Fv2%2Ftags&post=66840"}],"curies":[{"name":"wp","href":"https:\/\/api.w.org\/{rel}","templated":true}]}}