{"id":66837,"date":"2022-02-01T03:09:35","date_gmt":"2022-02-01T08:09:35","guid":{"rendered":"https:\/\/akunq.net\/tr\/?p=66837"},"modified":"2022-02-01T03:09:35","modified_gmt":"2022-02-01T08:09:35","slug":"marasta-tasinmaz-mallarla-ilgili-davalara-vakiflarin-da-taraf-olmasinin-onu-acildi","status":"publish","type":"post","link":"https:\/\/akunq.net\/tr\/?p=66837","title":{"rendered":"Mara\u015f\u2019ta ta\u015f\u0131nmaz mallarla ilgili davalara vak\u0131flar\u0131n da taraf olmas\u0131n\u0131n \u00f6n\u00fc a\u00e7\u0131ld\u0131"},"content":{"rendered":"<p><img loading=\"lazy\" decoding=\"async\" class=\"aligncenter size-medium wp-image-66838\" src=\"https:\/\/akunq.net\/tr\/wp-content\/uploads\/2022\/02\/Mara\u015f\u2019ta-ta\u015f\u0131nmaz-mallar-360x203.jpg\" alt=\"\" width=\"360\" height=\"203\" srcset=\"https:\/\/akunq.net\/tr\/wp-content\/uploads\/sites\/6\/2022\/02\/Mara\u015f\u2019ta-ta\u015f\u0131nmaz-mallar-360x203.jpg 360w, https:\/\/akunq.net\/tr\/wp-content\/uploads\/sites\/6\/2022\/02\/Mara\u015f\u2019ta-ta\u015f\u0131nmaz-mallar-768x432.jpg 768w, https:\/\/akunq.net\/tr\/wp-content\/uploads\/sites\/6\/2022\/02\/Mara\u015f\u2019ta-ta\u015f\u0131nmaz-mallar-560x315.jpg 560w, https:\/\/akunq.net\/tr\/wp-content\/uploads\/sites\/6\/2022\/02\/Mara\u015f\u2019ta-ta\u015f\u0131nmaz-mallar-260x146.jpg 260w, https:\/\/akunq.net\/tr\/wp-content\/uploads\/sites\/6\/2022\/02\/Mara\u015f\u2019ta-ta\u015f\u0131nmaz-mallar-160x90.jpg 160w, https:\/\/akunq.net\/tr\/wp-content\/uploads\/sites\/6\/2022\/02\/Mara\u015f\u2019ta-ta\u015f\u0131nmaz-mallar.jpg 864w\" sizes=\"auto, (max-width: 360px) 100vw, 360px\" \/><\/p>\n<p><em><strong>Ta\u015f\u0131nmaz Mal Komisyonu (TMK), Mara\u015f b\u00f6lgesindeki ta\u015f\u0131nmaz bir m\u00fclke ili\u015fkin davaya ilk kez ihtilaf yoluyla K\u0131br\u0131s Vak\u0131flar \u0130daresi\u2019nin (EVKAF) taraf olmas\u0131na izin veren bir karar ald\u0131.<\/strong><\/em><\/p>\n<p><strong>Muhammet \u0130kbal Arslan<\/strong><\/p>\n<p>Kuzey K\u0131br\u0131s T\u00fcrk Cumhuriyeti\u2019nde (KKTC) bulunan mallarla ilgili bir i\u00e7 hukuku olu\u015fturmak amac\u0131yla kurulan Ta\u015f\u0131nmaz Mal Komisyonu (TMK), Mara\u015f b\u00f6lgesindeki ta\u015f\u0131nmaz bir m\u00fclke ili\u015fkin davaya ilk kez ihtilaf yoluyla K\u0131br\u0131s Vak\u0131flar \u0130daresi\u2019nin (EVKAF) taraf olmas\u0131na izin veren bir karar ald\u0131.<\/p>\n<p>EVKAF\u2019tan yap\u0131lan yaz\u0131l\u0131 a\u00e7\u0131klamaya g\u00f6re, TMK\u2019ya K\u0131br\u0131sl\u0131 Rum bir davac\u0131 taraf\u0131ndan getirilen dava ile EVKAF, ilk defa bir davaya ihtilaf yoluyla ilgili taraf olarak kat\u0131ld\u0131.<\/p>\n<p>EVKAF Genel M\u00fcd\u00fcr\u00fc \u0130brahim Benter, TMK\u2019n\u0131n 28 Ocak\u2019ta yapm\u0131\u015f oldu\u011fu a\u00e7\u0131klamaya ili\u015fkin, \u201cEVKAF, bu davadaki ilgisini tan\u0131yan ve davaya taraf olmam\u0131za izin veren TMK\u2019n\u0131n vermi\u015f oldu\u011fu bu \u00f6nemli ve makul karar\u0131 takdirle kar\u015f\u0131l\u0131yoruz. Bu karar\u0131, tarihi m\u00fclkiyet haklar\u0131m\u0131z\u0131 korumada \u00f6nemli bir ad\u0131m olarak de\u011ferlendiriyoruz.\u201d ifadelerini kulland\u0131.<\/p>\n<p>EVKAF, idaresini \u00fcstlendi\u011fi Abdullah Pa\u015fa Vakf\u0131 ad\u0131na, 1732\/2011 numaral\u0131 davaya taraf olmak i\u00e7in TMK\u2019ya 2020\u2019de ba\u015fvurmu\u015f, K\u0131br\u0131sl\u0131 Rum davac\u0131 EVKAF\u2019\u0131n davaya taraf olmas\u0131na itiraz etmi\u015f, hukuki ihtilaf do\u011fmu\u015ftu.<\/p>\n<p>TMK, lehte ve aleyhte arg\u00fcmanlar\u0131 dinledikten sonra EVKAF\u2019\u0131n bu davaya kat\u0131lmak i\u00e7in me\u015fru sebepleri oldu\u011funa kanaat getirerek ba\u015fvuruyu kabul etti.<\/p>\n<p>28 Ocak\u2019taki TMK karar\u0131yla, KKTC\u2019deki K\u0131br\u0131sl\u0131 Rumlar\u0131n m\u00fclkiyet talebine ili\u015fkin bir davaya EVKAF\u2019\u0131n kat\u0131lmas\u0131 i\u00e7in ilk defa ihtilafa gerek duyulmu\u015f oldu. EVKAF, TMK\u2019daki \u00f6nceki davalara, davac\u0131lar\u0131n r\u0131zas\u0131yla kat\u0131lm\u0131\u015ft\u0131.<\/p>\n<p>EVKAF, Mara\u015f b\u00f6lgesindeki arazilerin y\u00fczde 100\u2019\u00fcn\u00fcn yasal sahibi oldu\u011funu ve K\u0131br\u0131s, Britanya koloni y\u00f6netimi alt\u0131ndayken (1878-1960), varl\u0131klar\u0131n\u0131n hukuksuz bir bi\u00e7imde \u015fah\u0131slara ve kurum ve kurulu\u015flara devredildi\u011fini savunuyor.<\/p>\n<p>Vak\u0131flar\u0131n tabi oldu\u011fu yasalara ve Britanya\u2019n\u0131n da imzac\u0131 oldu\u011fu uluslararas\u0131 anla\u015fmalara g\u00f6re, EVKAF\u2019\u0131n varl\u0131klar\u0131 sat\u0131lam\u0131yor veya devredilemiyor.<\/p>\n<p><strong>K\u0131br\u0131s Vak\u0131flar \u0130daresi<\/strong><br \/>\nBir hay\u0131r kurumu olan EVKAF, Sultan II. Selim\u2019in talimat\u0131yla 1571\u2019de, M\u00fcsl\u00fcmanlar\u0131n yapt\u0131\u011f\u0131 ba\u011f\u0131\u015flar\u0131 ve etnik k\u00f6ken, din, dil veya cinsiyet g\u00f6zetmeksizin t\u00fcm K\u0131br\u0131sl\u0131 vatanda\u015flar\u0131n yarar\u0131na yap\u0131lan i\u015fleri y\u00f6netmek i\u00e7in kuruldu.<\/p>\n<p>Geleneksel olarak K\u0131br\u0131s\u2019taki M\u00fcsl\u00fcmanlar, arazilerini veya paralar\u0131n\u0131 EVKAF\u2019a veya bir vakfa miras olarak b\u0131rak\u0131p, EVKAF\u2019tan kendi adlar\u0131na idare etmesini istiyor. Bu vak\u0131flardan birisi olan Abdullah Pa\u015fa Vakf\u0131.<\/p>\n<p>Vakf\u0131n, Mara\u015f\u2019taki m\u00fclklerin kira gelirleri ile yerel \u00f6\u011fretmenlerin maa\u015flar\u0131, \u00e7ocuklar\u0131n okul ve k\u0131yafet masraflar\u0131, sa\u011fl\u0131k hizmetleri, dul ve yetimlere yard\u0131m, fakir gen\u00e7 k\u0131zlara \u00e7eyiz, camilerin bak\u0131m ve onar\u0131m\u0131 gibi bir\u00e7ok hay\u0131r i\u015fi yapt\u0131\u011f\u0131 biliniyordu.<\/p>\n<p>Merkezi KKTC\u2019nin ba\u015fkenti Lefko\u015fa\u2019da bulunan kurum, 2 bin 200\u2019den fazla vakf\u0131 idare ediyor ve gelirleri K\u0131br\u0131s\u2019ta her t\u00fcr insana yard\u0131m etmek i\u00e7in kullan\u0131yor.<\/p>\n<p>EVKAF, e\u011fitim, sa\u011fl\u0131k, yoksullara yard\u0131m, \u00e7evreyi koruma, hayvan refah\u0131, dini yap\u0131lar\u0131n ve t\u00fcm inan\u00e7lardan insanlar\u0131n mezarl\u0131klar\u0131n\u0131n muhafaza edilmesi gibi bir\u00e7ok alanda yard\u0131m faaliyeti y\u00fcr\u00fct\u00fcyor.<\/p>\n<p><strong>Ta\u015f\u0131nmaz Mal Komisyonu<\/strong><br \/>\nKKTC\u2019de bulunan mallarla ilgili bir i\u00e7 hukuku olu\u015fturmak amac\u0131yla 2005\u2019te kurulan TMK, Avrupa \u0130nsan Haklar\u0131 Mahkemesi taraf\u0131ndan etkin bir i\u00e7 hukuk yolu olarak kabul ediliyor.<\/p>\n<p>TMK, 2006\u2019dan bu yana KKTC s\u0131n\u0131rlar\u0131 i\u00e7indeki mallarla ilgili iade, tazminat ve takas taleplerini de\u011ferlendirip karara ba\u011fl\u0131yor.<\/p>\n<p><strong>Mara\u015f a\u00e7\u0131l\u0131m\u0131<\/strong><br \/>\nKKTC\u2019de 18 Haziran 2019\u2019daki Bakanlar Kurulu toplant\u0131s\u0131nda, 1974\u2019ten bu yana kapal\u0131 olan Mara\u015f\u2019\u0131n a\u00e7\u0131lmas\u0131 konusunda ad\u0131mlar\u0131n at\u0131lmas\u0131 ve uzman bir ekiple bilimsel envanter \u00e7al\u0131\u015fmas\u0131 yap\u0131lmas\u0131 karar\u0131 al\u0131nm\u0131\u015ft\u0131.<\/p>\n<p>KKTC s\u0131n\u0131rlar\u0131 i\u00e7erisindeki Mara\u015f\u2019\u0131n kamuya ait Demokrasi Caddesi ile sahil k\u0131sm\u0131n\u0131n bir b\u00f6l\u00fcm\u00fc 8 Ekim 2020\u2019de a\u00e7\u0131lm\u0131\u015ft\u0131.<\/p>\n<p>Bakanlar Kurulu karar\u0131yla 12 Temmuz 2021\u2019de Mara\u015f a\u00e7\u0131l\u0131m\u0131n\u0131n ikinci a\u015famas\u0131 kapsam\u0131nda bir b\u00f6lge daha askeri olmaktan \u00e7\u0131kar\u0131ld\u0131 ve b\u00f6ylece Mara\u015f\u2019\u0131n y\u00fczde 3,5\u2019lik k\u0131sm\u0131 siville\u015ftirildi.<\/p>\n<p>T\u00fcrkiye ve KKTC makamlar\u0131, Mara\u015f\u2019ta ta\u015f\u0131nmaz\u0131 olan Rumlara ve di\u011fer vatanda\u015flara, Ta\u015f\u0131nmaz Mal Komisyonuna ba\u015fvuru yapmalar\u0131 \u00e7a\u011fr\u0131lar\u0131n\u0131 yineliyor.<\/p>\n<p>Gelecekte eski sakinlerinin de b\u00f6lgedeki m\u00fclklerine d\u00f6nmesiyle Mara\u015f\u2019\u0131n tamam\u0131n\u0131n T\u00fcrk y\u00f6netiminde a\u00e7\u0131lmas\u0131 hedefleniyor.<\/p>\n<p>TMK, Avrupa \u0130nsan Haklar\u0131 Mahkemesi h\u00fck\u00fcmleri gere\u011fince, temmuz 1974 \u00f6ncesi Kuzey K\u0131br\u0131s\u2019ta arazisi olan K\u0131br\u0131sl\u0131 Rumlar\u0131n m\u00fclkiyet taleplerini de\u011ferlendirme amac\u0131yla kurulmu\u015ftu.<\/p>\n<hr \/>\n<p><strong><em><a href=\"https:\/\/www.aa.com.tr\/tr\/dunya\/marasta-tasinmaz-mallarla-ilgili-davalara-vakiflarin-da-taraf-olmasinin-onu-acildi\/2490061\" target=\"_blank\" rel=\"noopener noreferrer\">AA<\/a>\u00a0<\/em><\/strong><\/p>\n","protected":false},"excerpt":{"rendered":"<p>Ta\u015f\u0131nmaz Mal Komisyonu (TMK), Mara\u015f b\u00f6lgesindeki ta\u015f\u0131nmaz bir m\u00fclke ili\u015fkin davaya ilk kez ihtilaf yoluyla K\u0131br\u0131s Vak\u0131flar \u0130daresi\u2019nin (EVKAF) taraf olmas\u0131na izin veren bir karar ald\u0131. Muhammet \u0130kbal Arslan Kuzey K\u0131br\u0131s T\u00fcrk Cumhuriyeti\u2019nde (KKTC) bulunan mallarla ilgili bir i\u00e7 hukuku olu\u015fturmak amac\u0131yla kurulan Ta\u015f\u0131nmaz Mal Komisyonu (TMK), Mara\u015f b\u00f6lgesindeki ta\u015f\u0131nmaz bir m\u00fclke ili\u015fkin davaya ilk [&hellip;]<\/p>\n","protected":false},"author":7,"featured_media":66838,"comment_status":"open","ping_status":"open","sticky":false,"template":"","format":"standard","meta":{"footnotes":""},"categories":[1],"tags":[],"class_list":["post-66837","post","type-post","status-publish","format-standard","has-post-thumbnail","hentry","category-haberler"],"yoast_head":"<!-- This site is optimized with the Yoast SEO plugin v27.4 - https:\/\/yoast.com\/product\/yoast-seo-wordpress\/ -->\n<title>Mara\u015f\u2019ta ta\u015f\u0131nmaz mallarla ilgili davalara vak\u0131flar\u0131n da taraf olmas\u0131n\u0131n \u00f6n\u00fc a\u00e7\u0131ld\u0131 - Bati Ermenistan Ve Bati Ermenileri Sorunlari Ara\u015ftirmalar Merkezi<\/title>\n<meta name=\"robots\" content=\"index, follow, max-snippet:-1, max-image-preview:large, max-video-preview:-1\" \/>\n<link rel=\"canonical\" href=\"https:\/\/akunq.net\/tr\/?p=66837\" \/>\n<meta property=\"og:locale\" content=\"en_US\" \/>\n<meta property=\"og:type\" content=\"article\" \/>\n<meta property=\"og:title\" content=\"Mara\u015f\u2019ta ta\u015f\u0131nmaz mallarla ilgili davalara vak\u0131flar\u0131n da taraf olmas\u0131n\u0131n \u00f6n\u00fc a\u00e7\u0131ld\u0131 - Bati Ermenistan Ve Bati Ermenileri Sorunlari Ara\u015ftirmalar Merkezi\" \/>\n<meta property=\"og:description\" content=\"Ta\u015f\u0131nmaz Mal Komisyonu (TMK), Mara\u015f b\u00f6lgesindeki ta\u015f\u0131nmaz bir m\u00fclke ili\u015fkin davaya ilk kez ihtilaf yoluyla K\u0131br\u0131s Vak\u0131flar \u0130daresi\u2019nin (EVKAF) taraf olmas\u0131na izin veren bir karar ald\u0131. Muhammet \u0130kbal Arslan Kuzey K\u0131br\u0131s T\u00fcrk Cumhuriyeti\u2019nde (KKTC) bulunan mallarla ilgili bir i\u00e7 hukuku olu\u015fturmak amac\u0131yla kurulan Ta\u015f\u0131nmaz Mal Komisyonu (TMK), Mara\u015f b\u00f6lgesindeki ta\u015f\u0131nmaz bir m\u00fclke ili\u015fkin davaya ilk [&hellip;]\" \/>\n<meta property=\"og:url\" content=\"https:\/\/akunq.net\/tr\/?p=66837\" \/>\n<meta property=\"og:site_name\" content=\"Bati Ermenistan Ve Bati Ermenileri Sorunlari Ara\u015ftirmalar Merkezi\" \/>\n<meta property=\"article:published_time\" content=\"2022-02-01T08:09:35+00:00\" \/>\n<meta property=\"og:image\" content=\"https:\/\/akunq.net\/tr\/wp-content\/uploads\/sites\/6\/2022\/02\/Mara\u015f\u2019ta-ta\u015f\u0131nmaz-mallar.jpg\" \/>\n\t<meta property=\"og:image:width\" content=\"864\" \/>\n\t<meta property=\"og:image:height\" content=\"486\" \/>\n\t<meta property=\"og:image:type\" content=\"image\/jpeg\" \/>\n<meta name=\"author\" content=\"admin\" \/>\n<meta name=\"twitter:card\" content=\"summary_large_image\" \/>\n<meta name=\"twitter:label1\" content=\"Written by\" \/>\n\t<meta name=\"twitter:data1\" content=\"admin\" \/>\n\t<meta name=\"twitter:label2\" content=\"Est. reading time\" \/>\n\t<meta name=\"twitter:data2\" content=\"4 minutes\" \/>\n<script type=\"application\/ld+json\" class=\"yoast-schema-graph\">{\"@context\":\"https:\\\/\\\/schema.org\",\"@graph\":[{\"@type\":\"Article\",\"@id\":\"https:\\\/\\\/akunq.net\\\/tr\\\/?p=66837#article\",\"isPartOf\":{\"@id\":\"https:\\\/\\\/akunq.net\\\/tr\\\/?p=66837\"},\"author\":{\"name\":\"admin\",\"@id\":\"https:\\\/\\\/akunq.net\\\/tr\\\/#\\\/schema\\\/person\\\/096f1d38a12cce57fb855b485ed24c9e\"},\"headline\":\"Mara\u015f\u2019ta ta\u015f\u0131nmaz mallarla ilgili davalara vak\u0131flar\u0131n da taraf olmas\u0131n\u0131n \u00f6n\u00fc a\u00e7\u0131ld\u0131\",\"datePublished\":\"2022-02-01T08:09:35+00:00\",\"mainEntityOfPage\":{\"@id\":\"https:\\\/\\\/akunq.net\\\/tr\\\/?p=66837\"},\"wordCount\":859,\"commentCount\":0,\"image\":{\"@id\":\"https:\\\/\\\/akunq.net\\\/tr\\\/?p=66837#primaryimage\"},\"thumbnailUrl\":\"https:\\\/\\\/akunq.net\\\/tr\\\/wp-content\\\/uploads\\\/sites\\\/6\\\/2022\\\/02\\\/Mara\u015f\u2019ta-ta\u015f\u0131nmaz-mallar.jpg\",\"articleSection\":[\"Haberler\"],\"inLanguage\":\"en-US\",\"potentialAction\":[{\"@type\":\"CommentAction\",\"name\":\"Comment\",\"target\":[\"https:\\\/\\\/akunq.net\\\/tr\\\/?p=66837#respond\"]}]},{\"@type\":\"WebPage\",\"@id\":\"https:\\\/\\\/akunq.net\\\/tr\\\/?p=66837\",\"url\":\"https:\\\/\\\/akunq.net\\\/tr\\\/?p=66837\",\"name\":\"Mara\u015f\u2019ta ta\u015f\u0131nmaz mallarla ilgili davalara vak\u0131flar\u0131n da taraf olmas\u0131n\u0131n \u00f6n\u00fc a\u00e7\u0131ld\u0131 - Bati Ermenistan Ve Bati Ermenileri Sorunlari Ara\u015ftirmalar Merkezi\",\"isPartOf\":{\"@id\":\"https:\\\/\\\/akunq.net\\\/tr\\\/#website\"},\"primaryImageOfPage\":{\"@id\":\"https:\\\/\\\/akunq.net\\\/tr\\\/?p=66837#primaryimage\"},\"image\":{\"@id\":\"https:\\\/\\\/akunq.net\\\/tr\\\/?p=66837#primaryimage\"},\"thumbnailUrl\":\"https:\\\/\\\/akunq.net\\\/tr\\\/wp-content\\\/uploads\\\/sites\\\/6\\\/2022\\\/02\\\/Mara\u015f\u2019ta-ta\u015f\u0131nmaz-mallar.jpg\",\"datePublished\":\"2022-02-01T08:09:35+00:00\",\"author\":{\"@id\":\"https:\\\/\\\/akunq.net\\\/tr\\\/#\\\/schema\\\/person\\\/096f1d38a12cce57fb855b485ed24c9e\"},\"breadcrumb\":{\"@id\":\"https:\\\/\\\/akunq.net\\\/tr\\\/?p=66837#breadcrumb\"},\"inLanguage\":\"en-US\",\"potentialAction\":[{\"@type\":\"ReadAction\",\"target\":[\"https:\\\/\\\/akunq.net\\\/tr\\\/?p=66837\"]}]},{\"@type\":\"ImageObject\",\"inLanguage\":\"en-US\",\"@id\":\"https:\\\/\\\/akunq.net\\\/tr\\\/?p=66837#primaryimage\",\"url\":\"https:\\\/\\\/akunq.net\\\/tr\\\/wp-content\\\/uploads\\\/sites\\\/6\\\/2022\\\/02\\\/Mara\u015f\u2019ta-ta\u015f\u0131nmaz-mallar.jpg\",\"contentUrl\":\"https:\\\/\\\/akunq.net\\\/tr\\\/wp-content\\\/uploads\\\/sites\\\/6\\\/2022\\\/02\\\/Mara\u015f\u2019ta-ta\u015f\u0131nmaz-mallar.jpg\",\"width\":864,\"height\":486},{\"@type\":\"BreadcrumbList\",\"@id\":\"https:\\\/\\\/akunq.net\\\/tr\\\/?p=66837#breadcrumb\",\"itemListElement\":[{\"@type\":\"ListItem\",\"position\":1,\"name\":\"Home\",\"item\":\"https:\\\/\\\/akunq.net\\\/tr\"},{\"@type\":\"ListItem\",\"position\":2,\"name\":\"Mara\u015f\u2019ta ta\u015f\u0131nmaz mallarla ilgili davalara vak\u0131flar\u0131n da taraf olmas\u0131n\u0131n \u00f6n\u00fc a\u00e7\u0131ld\u0131\"}]},{\"@type\":\"WebSite\",\"@id\":\"https:\\\/\\\/akunq.net\\\/tr\\\/#website\",\"url\":\"https:\\\/\\\/akunq.net\\\/tr\\\/\",\"name\":\"Bati Ermenistan Ve Bati Ermenileri Sorunlari Ara\u015ftirmalar Merkezi\",\"description\":\"\",\"potentialAction\":[{\"@type\":\"SearchAction\",\"target\":{\"@type\":\"EntryPoint\",\"urlTemplate\":\"https:\\\/\\\/akunq.net\\\/tr\\\/?s={search_term_string}\"},\"query-input\":{\"@type\":\"PropertyValueSpecification\",\"valueRequired\":true,\"valueName\":\"search_term_string\"}}],\"inLanguage\":\"en-US\"},{\"@type\":\"Person\",\"@id\":\"https:\\\/\\\/akunq.net\\\/tr\\\/#\\\/schema\\\/person\\\/096f1d38a12cce57fb855b485ed24c9e\",\"name\":\"admin\",\"url\":\"https:\\\/\\\/akunq.net\\\/tr\\\/?author=7\"}]}<\/script>\n<!-- \/ Yoast SEO plugin. -->","yoast_head_json":{"title":"Mara\u015f\u2019ta ta\u015f\u0131nmaz mallarla ilgili davalara vak\u0131flar\u0131n da taraf olmas\u0131n\u0131n \u00f6n\u00fc a\u00e7\u0131ld\u0131 - Bati Ermenistan Ve Bati Ermenileri Sorunlari Ara\u015ftirmalar Merkezi","robots":{"index":"index","follow":"follow","max-snippet":"max-snippet:-1","max-image-preview":"max-image-preview:large","max-video-preview":"max-video-preview:-1"},"canonical":"https:\/\/akunq.net\/tr\/?p=66837","og_locale":"en_US","og_type":"article","og_title":"Mara\u015f\u2019ta ta\u015f\u0131nmaz mallarla ilgili davalara vak\u0131flar\u0131n da taraf olmas\u0131n\u0131n \u00f6n\u00fc a\u00e7\u0131ld\u0131 - Bati Ermenistan Ve Bati Ermenileri Sorunlari Ara\u015ftirmalar Merkezi","og_description":"Ta\u015f\u0131nmaz Mal Komisyonu (TMK), Mara\u015f b\u00f6lgesindeki ta\u015f\u0131nmaz bir m\u00fclke ili\u015fkin davaya ilk kez ihtilaf yoluyla K\u0131br\u0131s Vak\u0131flar \u0130daresi\u2019nin (EVKAF) taraf olmas\u0131na izin veren bir karar ald\u0131. Muhammet \u0130kbal Arslan Kuzey K\u0131br\u0131s T\u00fcrk Cumhuriyeti\u2019nde (KKTC) bulunan mallarla ilgili bir i\u00e7 hukuku olu\u015fturmak amac\u0131yla kurulan Ta\u015f\u0131nmaz Mal Komisyonu (TMK), Mara\u015f b\u00f6lgesindeki ta\u015f\u0131nmaz bir m\u00fclke ili\u015fkin davaya ilk [&hellip;]","og_url":"https:\/\/akunq.net\/tr\/?p=66837","og_site_name":"Bati Ermenistan Ve Bati Ermenileri Sorunlari Ara\u015ftirmalar Merkezi","article_published_time":"2022-02-01T08:09:35+00:00","og_image":[{"width":864,"height":486,"url":"https:\/\/akunq.net\/tr\/wp-content\/uploads\/sites\/6\/2022\/02\/Mara\u015f\u2019ta-ta\u015f\u0131nmaz-mallar.jpg","type":"image\/jpeg"}],"author":"admin","twitter_card":"summary_large_image","twitter_misc":{"Written by":"admin","Est. reading time":"4 minutes"},"schema":{"@context":"https:\/\/schema.org","@graph":[{"@type":"Article","@id":"https:\/\/akunq.net\/tr\/?p=66837#article","isPartOf":{"@id":"https:\/\/akunq.net\/tr\/?p=66837"},"author":{"name":"admin","@id":"https:\/\/akunq.net\/tr\/#\/schema\/person\/096f1d38a12cce57fb855b485ed24c9e"},"headline":"Mara\u015f\u2019ta ta\u015f\u0131nmaz mallarla ilgili davalara vak\u0131flar\u0131n da taraf olmas\u0131n\u0131n \u00f6n\u00fc a\u00e7\u0131ld\u0131","datePublished":"2022-02-01T08:09:35+00:00","mainEntityOfPage":{"@id":"https:\/\/akunq.net\/tr\/?p=66837"},"wordCount":859,"commentCount":0,"image":{"@id":"https:\/\/akunq.net\/tr\/?p=66837#primaryimage"},"thumbnailUrl":"https:\/\/akunq.net\/tr\/wp-content\/uploads\/sites\/6\/2022\/02\/Mara\u015f\u2019ta-ta\u015f\u0131nmaz-mallar.jpg","articleSection":["Haberler"],"inLanguage":"en-US","potentialAction":[{"@type":"CommentAction","name":"Comment","target":["https:\/\/akunq.net\/tr\/?p=66837#respond"]}]},{"@type":"WebPage","@id":"https:\/\/akunq.net\/tr\/?p=66837","url":"https:\/\/akunq.net\/tr\/?p=66837","name":"Mara\u015f\u2019ta ta\u015f\u0131nmaz mallarla ilgili davalara vak\u0131flar\u0131n da taraf olmas\u0131n\u0131n \u00f6n\u00fc a\u00e7\u0131ld\u0131 - Bati Ermenistan Ve Bati Ermenileri Sorunlari Ara\u015ftirmalar Merkezi","isPartOf":{"@id":"https:\/\/akunq.net\/tr\/#website"},"primaryImageOfPage":{"@id":"https:\/\/akunq.net\/tr\/?p=66837#primaryimage"},"image":{"@id":"https:\/\/akunq.net\/tr\/?p=66837#primaryimage"},"thumbnailUrl":"https:\/\/akunq.net\/tr\/wp-content\/uploads\/sites\/6\/2022\/02\/Mara\u015f\u2019ta-ta\u015f\u0131nmaz-mallar.jpg","datePublished":"2022-02-01T08:09:35+00:00","author":{"@id":"https:\/\/akunq.net\/tr\/#\/schema\/person\/096f1d38a12cce57fb855b485ed24c9e"},"breadcrumb":{"@id":"https:\/\/akunq.net\/tr\/?p=66837#breadcrumb"},"inLanguage":"en-US","potentialAction":[{"@type":"ReadAction","target":["https:\/\/akunq.net\/tr\/?p=66837"]}]},{"@type":"ImageObject","inLanguage":"en-US","@id":"https:\/\/akunq.net\/tr\/?p=66837#primaryimage","url":"https:\/\/akunq.net\/tr\/wp-content\/uploads\/sites\/6\/2022\/02\/Mara\u015f\u2019ta-ta\u015f\u0131nmaz-mallar.jpg","contentUrl":"https:\/\/akunq.net\/tr\/wp-content\/uploads\/sites\/6\/2022\/02\/Mara\u015f\u2019ta-ta\u015f\u0131nmaz-mallar.jpg","width":864,"height":486},{"@type":"BreadcrumbList","@id":"https:\/\/akunq.net\/tr\/?p=66837#breadcrumb","itemListElement":[{"@type":"ListItem","position":1,"name":"Home","item":"https:\/\/akunq.net\/tr"},{"@type":"ListItem","position":2,"name":"Mara\u015f\u2019ta ta\u015f\u0131nmaz mallarla ilgili davalara vak\u0131flar\u0131n da taraf olmas\u0131n\u0131n \u00f6n\u00fc a\u00e7\u0131ld\u0131"}]},{"@type":"WebSite","@id":"https:\/\/akunq.net\/tr\/#website","url":"https:\/\/akunq.net\/tr\/","name":"Bati Ermenistan Ve Bati Ermenileri Sorunlari Ara\u015ftirmalar Merkezi","description":"","potentialAction":[{"@type":"SearchAction","target":{"@type":"EntryPoint","urlTemplate":"https:\/\/akunq.net\/tr\/?s={search_term_string}"},"query-input":{"@type":"PropertyValueSpecification","valueRequired":true,"valueName":"search_term_string"}}],"inLanguage":"en-US"},{"@type":"Person","@id":"https:\/\/akunq.net\/tr\/#\/schema\/person\/096f1d38a12cce57fb855b485ed24c9e","name":"admin","url":"https:\/\/akunq.net\/tr\/?author=7"}]}},"_links":{"self":[{"href":"https:\/\/akunq.net\/tr\/index.php?rest_route=\/wp\/v2\/posts\/66837","targetHints":{"allow":["GET"]}}],"collection":[{"href":"https:\/\/akunq.net\/tr\/index.php?rest_route=\/wp\/v2\/posts"}],"about":[{"href":"https:\/\/akunq.net\/tr\/index.php?rest_route=\/wp\/v2\/types\/post"}],"author":[{"embeddable":true,"href":"https:\/\/akunq.net\/tr\/index.php?rest_route=\/wp\/v2\/users\/7"}],"replies":[{"embeddable":true,"href":"https:\/\/akunq.net\/tr\/index.php?rest_route=%2Fwp%2Fv2%2Fcomments&post=66837"}],"version-history":[{"count":1,"href":"https:\/\/akunq.net\/tr\/index.php?rest_route=\/wp\/v2\/posts\/66837\/revisions"}],"predecessor-version":[{"id":66839,"href":"https:\/\/akunq.net\/tr\/index.php?rest_route=\/wp\/v2\/posts\/66837\/revisions\/66839"}],"wp:featuredmedia":[{"embeddable":true,"href":"https:\/\/akunq.net\/tr\/index.php?rest_route=\/wp\/v2\/media\/66838"}],"wp:attachment":[{"href":"https:\/\/akunq.net\/tr\/index.php?rest_route=%2Fwp%2Fv2%2Fmedia&parent=66837"}],"wp:term":[{"taxonomy":"category","embeddable":true,"href":"https:\/\/akunq.net\/tr\/index.php?rest_route=%2Fwp%2Fv2%2Fcategories&post=66837"},{"taxonomy":"post_tag","embeddable":true,"href":"https:\/\/akunq.net\/tr\/index.php?rest_route=%2Fwp%2Fv2%2Ftags&post=66837"}],"curies":[{"name":"wp","href":"https:\/\/api.w.org\/{rel}","templated":true}]}}