{"id":66804,"date":"2022-01-28T03:12:12","date_gmt":"2022-01-28T08:12:12","guid":{"rendered":"https:\/\/akunq.net\/tr\/?p=66804"},"modified":"2022-01-28T03:12:12","modified_gmt":"2022-01-28T08:12:12","slug":"partilere-seslendiler-aleviler-taleplerini-tek-tek-siraladi","status":"publish","type":"post","link":"https:\/\/akunq.net\/tr\/?p=66804","title":{"rendered":"Partilere seslendiler: Aleviler taleplerini tek tek s\u0131ralad\u0131"},"content":{"rendered":"<p><img loading=\"lazy\" decoding=\"async\" class=\"aligncenter size-medium wp-image-66805\" src=\"https:\/\/akunq.net\/tr\/wp-content\/uploads\/2022\/01\/Aleviler-360x213.jpg\" alt=\"\" width=\"360\" height=\"213\" srcset=\"https:\/\/akunq.net\/tr\/wp-content\/uploads\/sites\/6\/2022\/01\/Aleviler-360x213.jpg 360w, https:\/\/akunq.net\/tr\/wp-content\/uploads\/sites\/6\/2022\/01\/Aleviler-560x332.jpg 560w, https:\/\/akunq.net\/tr\/wp-content\/uploads\/sites\/6\/2022\/01\/Aleviler-260x154.jpg 260w, https:\/\/akunq.net\/tr\/wp-content\/uploads\/sites\/6\/2022\/01\/Aleviler-160x95.jpg 160w, https:\/\/akunq.net\/tr\/wp-content\/uploads\/sites\/6\/2022\/01\/Aleviler.jpg 760w\" sizes=\"auto, (max-width: 360px) 100vw, 360px\" \/><\/p>\n<p><strong><em>Hac\u0131 Bekta\u015f Veli Anadolu K\u00fclt\u00fcr Vakf\u0131 Genel Ba\u015fkan Yard\u0131mc\u0131s\u0131 ve Okmeydan\u0131 Cemevi Ba\u015fkan\u0131 Zeynel \u015eahin, iktidar\u0131n Alevilere y\u00f6nelik \u00e7al\u0131\u015fmalar\u0131n\u0131 ele\u015ftirdi. \u015eahin, \u201cBu iktidar y\u0131llard\u0131r Alevilere y\u00f6nelik do\u011fru d\u00fcr\u00fcst \u00e7al\u0131\u015ftay yapamad\u0131. Se\u00e7imlere de yakla\u015f\u0131rken Alevilerin yan\u0131na gelip baz\u0131 fikirler al\u0131p taleplerimizi dinliyorlar. Bu art\u0131k bize inand\u0131r\u0131c\u0131 gelmiyor. Cemevlerine resmi stat\u00fc vermelerini istiyoruz. Temel haklar\u0131m\u0131z\u0131 istiyoruz. Zorunlu din dersini kald\u0131rs\u0131nlar istiyoruz. Cemevlerinin Alevilerin ibadet yeri olmas\u0131n\u0131 istiyoruz. \u0130sim de\u011fi\u015ftirme haklar\u0131n\u0131 almalar\u0131n\u0131 istemiyoruz\u201d dedi.<\/em><\/strong><\/p>\n<p><strong>\u0130layda Kaya<\/strong><\/p>\n<p>T\u00fcrkiye\u2019de 20 milyonun \u00fcst\u00fcnde alevi yurtta\u015f ya\u015f\u0131yor. \u0130ktidar taraf\u0131ndan sadece se\u00e7im d\u00f6neminde g\u00fcndeme gelmelerine tepki g\u00f6steren Aleviler, e\u015fitlik istediklerini s\u00f6yledi.<\/p>\n<p>Alevilerin sorunlar\u0131n\u0131 konu\u015fmak \u00fczere, Okmeydan\u0131 Cemevi\u2019ni ziyaret ettik. \u0130ktidar\u0131n \u00e7al\u0131\u015fmalar\u0131n\u0131 ele\u015ftiren Alevi yurtta\u015f Turan \u00c7elik\u00e7i \u201c\u0130ktidar\u0131n ya da ge\u00e7mi\u015fteki iktidar\u0131n se\u00e7im d\u00f6neminde Alevilere yakla\u015fmas\u0131n\u0131 hi\u00e7bir \u015fekilde inand\u0131r\u0131c\u0131 bulmuyorum. S\u00f6ylemden ziyade ge\u00e7mi\u015fte yapt\u0131klar\u0131 Alevi a\u00e7\u0131l\u0131m\u0131ndan da biliyoruz ki hi\u00e7bir olumlu mant\u0131kl\u0131 yakla\u015f\u0131m yok. \u0130ktidar Alevilere g\u00fcven vermiyor. Alevilerin d\u0131\u015f\u0131ndaki di\u011fer az\u0131nl\u0131klara da yakla\u015farak kendisine taraftar kazand\u0131rmas\u0131 hi\u00e7 inand\u0131r\u0131c\u0131 de\u011fil. Mevcut cumhurba\u015fkan\u0131, siyasi bir taraf ve mevcut parti bizim i\u00e7in taban tabana z\u0131t. Biz mevcut cumhurba\u015fkan\u0131 ne yaparsa yaps\u0131n oy vermeyiz\u201d dedi.<\/p>\n<p>Bir Alevi yurtta\u015f da \u201cYurtta\u015flar\u0131n ekonomik anlamda yoksullukla m\u00fccadele etmesi, mevcut iktidar\u0131n eseri. Geli\u015ftirdi\u011fi siyasi uygulamalar\u0131n ne kadar ekside oldu\u011funu zaten g\u00f6r\u00fcyoruz. Ayr\u0131mc\u0131l\u0131k konusunda da \u00f6yle. Biz e\u015fit haklar talep ediyor, se\u00e7im d\u00f6neminde hat\u0131rlanmak istemiyoruz T\u00fcrkiye\u2019nin kurtulu\u015funun tek yolu bu iktidar\u0131n gitmesidir\u201d diye konu\u015ftu.<\/p>\n<p><strong>\u201cCEMEVLER\u0130N\u0130 YASAL STAT\u00dcYE KAVU\u015eTURUN\u201d<\/strong><\/p>\n<p>Zeynel \u015eahin, iktidar\u0131n Alevi kurumlar\u0131na yapt\u0131\u011f\u0131 ziyaretleri se\u00e7im hamlesi olarak g\u00f6rd\u00fc\u011f\u00fcn\u00fc s\u00f6yleyerek \u201cBu iktidar y\u0131llard\u0131r Alevilere y\u00f6nelik do\u011fru d\u00fcr\u00fcst \u00e7al\u0131\u015ftay yapamad\u0131. Se\u00e7imlere de yakla\u015f\u0131rken Alevilerin yan\u0131na gelip baz\u0131 fikirler al\u0131p taleplerimizi dinliyorlar. Bu art\u0131k bize inand\u0131r\u0131c\u0131 gelmiyor. \u0130\u00e7i\u015fleri Bakan\u0131 da T\u00fcrkiye\u2019deki t\u00fcm cemevlerini gezip, taleplerini sordu. Biz kendi \u015fubelerimize yaz\u0131 g\u00f6nderdik ve herhangi bir e\u015fya talep etmemeleri s\u00f6yledik. Cemevlerine resmi stat\u00fc vermelerini istedik. \u0130\u00e7i\u015fleri Bakanl\u0131\u011f\u0131\u2019n\u0131n g\u00f6nderdi\u011fi insanlar Alevi olduklar\u0131n\u0131 s\u00f6yleyerek, bu \u00fclkeye bar\u0131\u015f\u0131n gelmesi gerekti\u011fini s\u00f6yl\u00fcyorlar. Bu \u00fclkeye bar\u0131\u015f gelmesi gerekiyorsa onlar sa\u011flamal\u0131. Kendi ve di\u011fer Alevi kurumlar\u0131yla yapt\u0131\u011f\u0131m\u0131z ortak \u00e7al\u0131\u015fmalarda cemevlerinin yasal stat\u00fcye ge\u00e7mesini talep ediyoruz. Biz, temel haklar\u0131m\u0131z\u0131 istiyoruz\u201d dedi.<\/p>\n<p><strong>\u201cD\u0130YANET SADECE H\u00dcK\u00dcMET\u0130N S\u00d6ZC\u00dcS\u00dcD\u00dcR\u201d<\/strong><\/p>\n<p>Diyanet\u2019in Alevilere y\u00f6nelik yakla\u015f\u0131m\u0131na tepki g\u00f6steren \u015eahin, \u201c\u2019Aleviler \u0130slamiyetin i\u00e7indeyse Diyanet\u2019e ba\u011flans\u0131n\u2019 deniyor. Biz bunu olumlu kar\u015f\u0131lam\u0131yoruz. Diyanet\u2019le i\u015fimiz yok. Se\u00e7im d\u00f6nemi yakla\u015f\u0131nca Alevilerle ilgili ortaya yeni bir fikir at\u0131yorlar. \u0130ktidar\u0131n Alevi a\u00e7\u0131l\u0131m\u0131 yapaca\u011f\u0131 hi\u00e7bir \u015fey yok. Bu \u00fclkede Diyanet ne derse Cumhurba\u015fkan\u0131 onu onayl\u0131yor. Diyanet \u2018Aleviler bizim k\u0131rm\u0131z\u0131 \u00e7izgimizdir\u2019 diyor. K\u0131rm\u0131z\u0131 \u00e7izgisi olan bir inanca h\u00fck\u00fcmet ne yapabilir? Bu bize kar\u015f\u0131 aldatmaca bir propagandad\u0131r. \u0130ktidar darald\u0131\u011f\u0131 zaman Alevileri \u00f6n plana \u00e7\u0131kar\u0131yor ve \u2018Karde\u015fiz\u2019 diyor. Biz karde\u015f de\u011filiz. Cemevlerine Diyanet kar\u0131\u015famaz. Diyanetin bu \u00fclkeye verdi\u011fi zarar\u0131 kimse vermedi. Diyanet sadece Alevilere de\u011fil sunni dostlar\u0131m\u0131za da zarar veriyor. \u0130nsanlar\u0131 farkl\u0131 y\u00f6nlere \u00e7evirip, dinle imanla alakal\u0131 do\u011fru bir ad\u0131m\u0131 yok. Tamamen h\u00fck\u00fcmet s\u00f6zc\u00fcs\u00fc. Biz Diyanet\u2019in kalkmas\u0131n\u0131 istiyoruz\u201d diye konu\u015ftu.<\/p>\n<p>Zorunlu din derslerinin kald\u0131r\u0131lmas\u0131 y\u00f6n\u00fcnde \u00e7a\u011fr\u0131 da yapan Zeynel \u015eahin, \u201cAleviler istedi\u011fi gibi ibadet eder. Biz zorunlu din derslerinin de kald\u0131r\u0131lmas\u0131 istiyoruz\u201d dedi.<\/p>\n<p><strong>\u201cB\u0130Z OY DEPOSU DE\u011e\u0130L\u0130Z\u201d<\/strong><\/p>\n<p>Muhalefetin de Alevilerin sorunlar\u0131na y\u00f6nelik daha \u00e7ok \u00e7al\u0131\u015fmas\u0131 y\u00f6n\u00fcnde \u00e7a\u011fr\u0131 yapan \u015eahin, \u201cMuhalefet de se\u00e7im zaman\u0131 taleplerimizi, \u00f6nerdi\u011fimiz ki\u015fiyi sorarlar. Bizim muhalefetten bir talebimiz yok sadece onlar\u0131n da bizi e\u015fit g\u00f6rmesini istiyoruz. Alevi konusu olunca iktidar\u0131 da muhalefeti de biraz \u00e7ekimser kal\u0131yor. Aleviler her zaman sol partilerin yan\u0131nda yer ald\u0131. Ama sol partiler Alevilere tam bir destek vermedi. CHP Aleviler i\u00e7in ne yapt\u0131? Mecliste konu\u015fulan \u00e7ok fazla konu yok. \u2018Aleviler nas\u0131l olsa sa\u011f partilere destek vermezler\u2019 diyerek at\u0131lan hi\u00e7bir ad\u0131m\u0131 do\u011fru bulmuyoruz. Bizi kimse oy deposu olarak g\u00f6rmesin. Biz holigan gibi parti tutmay\u0131z. Hakk\u0131m\u0131z\u0131 savunan\u0131n yan\u0131nda oluruz\u201d dedi.<\/p>\n<p><strong>\u201cAYRIMCILI\u011eA U\u011eRUYORUZ\u201d<\/strong><\/p>\n<p>Alevilerin kamu kurumlar\u0131nda \u00e7al\u0131\u015ft\u0131r\u0131lmad\u0131\u011f\u0131n\u0131 da s\u00f6yleyen \u015eahin, Alevilerin ayr\u0131mc\u0131l\u0131\u011fa u\u011frad\u0131\u011f\u0131n\u0131 kaydederek, \u201cBu sorun AKP\u2019nin ba\u015fa gelmesiyle daha da derinle\u015fti. M\u00fclakatlar yap\u0131l\u0131yor ve kesinlikle Alevilerin \u00e7ocuklar\u0131 s\u00f6zl\u00fc m\u00fclakatlardan ge\u00e7emiyor. Benim tan\u0131d\u0131\u011f\u0131m bir tane Alevi kaymakam yok. Aleviler, emniyet m\u00fcd\u00fcr\u00fc olam\u0131yor. Yetki verilmiyor. Bu h\u00fck\u00fcmetin Alevilere kar\u015f\u0131 ciddi bir bask\u0131s\u0131 ve y\u0131ld\u0131rma politikas\u0131 var. \u0130\u015fsiz, a\u00e7 b\u0131rak\u0131p kendilerine biat ettirmek istiyorlar ama bu tutmaz. Cumhurba\u015fkan\u0131 daha \u00f6nce \u2018Dedelerle i\u015f olmaz\u2019 demi\u015fti. Biz bunu \u00e7ok net hat\u0131rl\u0131yoruz. Aleviler bunu kabul etmez. Kimseye biat etmeyiz. Bizim onlardan beklentimiz yok ama onlar\u0131n bizden beklentisi \u00e7ok\u201d ifadelerini kulland\u0131.<\/p>\n<p>Alevilerin taleplerini de s\u0131ralayan \u015eahin, \u201cE\u015fitlik istiyoruz. Ayr\u0131\u015ft\u0131rmadan herkesi bir arada ya\u015famak onlar\u0131n g\u00f6revi ve biz bunu istiyoruz. Kimsenin sokaklarda kalmas\u0131n\u0131 istemiyoruz. \u0130nsanlar\u0131 b\u00f6lmesinler. Yurtta\u015fl\u0131k, temel haklar\u0131 versinler. Zorunlu din dersinin kald\u0131r\u0131lmas\u0131n\u0131 istiyoruz. Cemevlerinin Alevilerin ibadet yeri olmas\u0131n\u0131 istiyoruz. \u0130sim de\u011fi\u015ftirme haklar\u0131n\u0131 almalar\u0131n\u0131 da istemiyoruz\u201d dedi.<\/p>\n<hr \/>\n<p><strong><em><a href=\"https:\/\/www.cumhuriyet.com.tr\/turkiye\/partilere-seslendiler-aleviler-taleplerini-tek-tek-siraladi-1903282\" target=\"_blank\" rel=\"noopener noreferrer\">Cumhuriyet Gazetesi<\/a><\/em><\/strong><\/p>\n","protected":false},"excerpt":{"rendered":"<p>Hac\u0131 Bekta\u015f Veli Anadolu K\u00fclt\u00fcr Vakf\u0131 Genel Ba\u015fkan Yard\u0131mc\u0131s\u0131 ve Okmeydan\u0131 Cemevi Ba\u015fkan\u0131 Zeynel \u015eahin, iktidar\u0131n Alevilere y\u00f6nelik \u00e7al\u0131\u015fmalar\u0131n\u0131 ele\u015ftirdi. \u015eahin, \u201cBu iktidar y\u0131llard\u0131r Alevilere y\u00f6nelik do\u011fru d\u00fcr\u00fcst \u00e7al\u0131\u015ftay yapamad\u0131. Se\u00e7imlere de yakla\u015f\u0131rken Alevilerin yan\u0131na gelip baz\u0131 fikirler al\u0131p taleplerimizi dinliyorlar. Bu art\u0131k bize inand\u0131r\u0131c\u0131 gelmiyor. Cemevlerine resmi stat\u00fc vermelerini istiyoruz. Temel haklar\u0131m\u0131z\u0131 istiyoruz. Zorunlu [&hellip;]<\/p>\n","protected":false},"author":7,"featured_media":66805,"comment_status":"open","ping_status":"open","sticky":false,"template":"","format":"standard","meta":{"footnotes":""},"categories":[1,53],"tags":[],"class_list":["post-66804","post","type-post","status-publish","format-standard","has-post-thumbnail","hentry","category-haberler","category-turkiyede-azinliklar"],"yoast_head":"<!-- This site is optimized with the Yoast SEO plugin v27.4 - https:\/\/yoast.com\/product\/yoast-seo-wordpress\/ -->\n<title>Partilere seslendiler: Aleviler taleplerini tek tek s\u0131ralad\u0131 - Bati Ermenistan Ve Bati Ermenileri Sorunlari Ara\u015ftirmalar Merkezi<\/title>\n<meta name=\"robots\" content=\"index, follow, max-snippet:-1, max-image-preview:large, max-video-preview:-1\" \/>\n<link rel=\"canonical\" href=\"https:\/\/akunq.net\/tr\/?p=66804\" \/>\n<meta property=\"og:locale\" content=\"en_US\" \/>\n<meta property=\"og:type\" content=\"article\" \/>\n<meta property=\"og:title\" content=\"Partilere seslendiler: Aleviler taleplerini tek tek s\u0131ralad\u0131 - Bati Ermenistan Ve Bati Ermenileri Sorunlari Ara\u015ftirmalar Merkezi\" \/>\n<meta property=\"og:description\" content=\"Hac\u0131 Bekta\u015f Veli Anadolu K\u00fclt\u00fcr Vakf\u0131 Genel Ba\u015fkan Yard\u0131mc\u0131s\u0131 ve Okmeydan\u0131 Cemevi Ba\u015fkan\u0131 Zeynel \u015eahin, iktidar\u0131n Alevilere y\u00f6nelik \u00e7al\u0131\u015fmalar\u0131n\u0131 ele\u015ftirdi. \u015eahin, \u201cBu iktidar y\u0131llard\u0131r Alevilere y\u00f6nelik do\u011fru d\u00fcr\u00fcst \u00e7al\u0131\u015ftay yapamad\u0131. Se\u00e7imlere de yakla\u015f\u0131rken Alevilerin yan\u0131na gelip baz\u0131 fikirler al\u0131p taleplerimizi dinliyorlar. Bu art\u0131k bize inand\u0131r\u0131c\u0131 gelmiyor. Cemevlerine resmi stat\u00fc vermelerini istiyoruz. Temel haklar\u0131m\u0131z\u0131 istiyoruz. Zorunlu [&hellip;]\" \/>\n<meta property=\"og:url\" content=\"https:\/\/akunq.net\/tr\/?p=66804\" \/>\n<meta property=\"og:site_name\" content=\"Bati Ermenistan Ve Bati Ermenileri Sorunlari Ara\u015ftirmalar Merkezi\" \/>\n<meta property=\"article:published_time\" content=\"2022-01-28T08:12:12+00:00\" \/>\n<meta property=\"og:image\" content=\"https:\/\/akunq.net\/tr\/wp-content\/uploads\/sites\/6\/2022\/01\/Aleviler.jpg\" \/>\n\t<meta property=\"og:image:width\" content=\"760\" \/>\n\t<meta property=\"og:image:height\" content=\"450\" \/>\n\t<meta property=\"og:image:type\" content=\"image\/jpeg\" \/>\n<meta name=\"author\" content=\"admin\" \/>\n<meta name=\"twitter:card\" content=\"summary_large_image\" \/>\n<meta name=\"twitter:label1\" content=\"Written by\" \/>\n\t<meta name=\"twitter:data1\" content=\"admin\" \/>\n\t<meta name=\"twitter:label2\" content=\"Est. reading time\" \/>\n\t<meta name=\"twitter:data2\" content=\"5 minutes\" \/>\n<script type=\"application\/ld+json\" class=\"yoast-schema-graph\">{\"@context\":\"https:\\\/\\\/schema.org\",\"@graph\":[{\"@type\":\"Article\",\"@id\":\"https:\\\/\\\/akunq.net\\\/tr\\\/?p=66804#article\",\"isPartOf\":{\"@id\":\"https:\\\/\\\/akunq.net\\\/tr\\\/?p=66804\"},\"author\":{\"name\":\"admin\",\"@id\":\"https:\\\/\\\/akunq.net\\\/tr\\\/#\\\/schema\\\/person\\\/096f1d38a12cce57fb855b485ed24c9e\"},\"headline\":\"Partilere seslendiler: Aleviler taleplerini tek tek s\u0131ralad\u0131\",\"datePublished\":\"2022-01-28T08:12:12+00:00\",\"mainEntityOfPage\":{\"@id\":\"https:\\\/\\\/akunq.net\\\/tr\\\/?p=66804\"},\"wordCount\":1032,\"commentCount\":0,\"image\":{\"@id\":\"https:\\\/\\\/akunq.net\\\/tr\\\/?p=66804#primaryimage\"},\"thumbnailUrl\":\"https:\\\/\\\/akunq.net\\\/tr\\\/wp-content\\\/uploads\\\/sites\\\/6\\\/2022\\\/01\\\/Aleviler.jpg\",\"articleSection\":[\"Haberler\",\"T\u00fcrkiye\u2019de Az\u0131nl\u0131klar\"],\"inLanguage\":\"en-US\",\"potentialAction\":[{\"@type\":\"CommentAction\",\"name\":\"Comment\",\"target\":[\"https:\\\/\\\/akunq.net\\\/tr\\\/?p=66804#respond\"]}]},{\"@type\":\"WebPage\",\"@id\":\"https:\\\/\\\/akunq.net\\\/tr\\\/?p=66804\",\"url\":\"https:\\\/\\\/akunq.net\\\/tr\\\/?p=66804\",\"name\":\"Partilere seslendiler: Aleviler taleplerini tek tek s\u0131ralad\u0131 - Bati Ermenistan Ve Bati Ermenileri Sorunlari Ara\u015ftirmalar Merkezi\",\"isPartOf\":{\"@id\":\"https:\\\/\\\/akunq.net\\\/tr\\\/#website\"},\"primaryImageOfPage\":{\"@id\":\"https:\\\/\\\/akunq.net\\\/tr\\\/?p=66804#primaryimage\"},\"image\":{\"@id\":\"https:\\\/\\\/akunq.net\\\/tr\\\/?p=66804#primaryimage\"},\"thumbnailUrl\":\"https:\\\/\\\/akunq.net\\\/tr\\\/wp-content\\\/uploads\\\/sites\\\/6\\\/2022\\\/01\\\/Aleviler.jpg\",\"datePublished\":\"2022-01-28T08:12:12+00:00\",\"author\":{\"@id\":\"https:\\\/\\\/akunq.net\\\/tr\\\/#\\\/schema\\\/person\\\/096f1d38a12cce57fb855b485ed24c9e\"},\"breadcrumb\":{\"@id\":\"https:\\\/\\\/akunq.net\\\/tr\\\/?p=66804#breadcrumb\"},\"inLanguage\":\"en-US\",\"potentialAction\":[{\"@type\":\"ReadAction\",\"target\":[\"https:\\\/\\\/akunq.net\\\/tr\\\/?p=66804\"]}]},{\"@type\":\"ImageObject\",\"inLanguage\":\"en-US\",\"@id\":\"https:\\\/\\\/akunq.net\\\/tr\\\/?p=66804#primaryimage\",\"url\":\"https:\\\/\\\/akunq.net\\\/tr\\\/wp-content\\\/uploads\\\/sites\\\/6\\\/2022\\\/01\\\/Aleviler.jpg\",\"contentUrl\":\"https:\\\/\\\/akunq.net\\\/tr\\\/wp-content\\\/uploads\\\/sites\\\/6\\\/2022\\\/01\\\/Aleviler.jpg\",\"width\":760,\"height\":450},{\"@type\":\"BreadcrumbList\",\"@id\":\"https:\\\/\\\/akunq.net\\\/tr\\\/?p=66804#breadcrumb\",\"itemListElement\":[{\"@type\":\"ListItem\",\"position\":1,\"name\":\"Home\",\"item\":\"https:\\\/\\\/akunq.net\\\/tr\"},{\"@type\":\"ListItem\",\"position\":2,\"name\":\"Partilere seslendiler: Aleviler taleplerini tek tek s\u0131ralad\u0131\"}]},{\"@type\":\"WebSite\",\"@id\":\"https:\\\/\\\/akunq.net\\\/tr\\\/#website\",\"url\":\"https:\\\/\\\/akunq.net\\\/tr\\\/\",\"name\":\"Bati Ermenistan Ve Bati Ermenileri Sorunlari Ara\u015ftirmalar Merkezi\",\"description\":\"\",\"potentialAction\":[{\"@type\":\"SearchAction\",\"target\":{\"@type\":\"EntryPoint\",\"urlTemplate\":\"https:\\\/\\\/akunq.net\\\/tr\\\/?s={search_term_string}\"},\"query-input\":{\"@type\":\"PropertyValueSpecification\",\"valueRequired\":true,\"valueName\":\"search_term_string\"}}],\"inLanguage\":\"en-US\"},{\"@type\":\"Person\",\"@id\":\"https:\\\/\\\/akunq.net\\\/tr\\\/#\\\/schema\\\/person\\\/096f1d38a12cce57fb855b485ed24c9e\",\"name\":\"admin\",\"url\":\"https:\\\/\\\/akunq.net\\\/tr\\\/?author=7\"}]}<\/script>\n<!-- \/ Yoast SEO plugin. -->","yoast_head_json":{"title":"Partilere seslendiler: Aleviler taleplerini tek tek s\u0131ralad\u0131 - Bati Ermenistan Ve Bati Ermenileri Sorunlari Ara\u015ftirmalar Merkezi","robots":{"index":"index","follow":"follow","max-snippet":"max-snippet:-1","max-image-preview":"max-image-preview:large","max-video-preview":"max-video-preview:-1"},"canonical":"https:\/\/akunq.net\/tr\/?p=66804","og_locale":"en_US","og_type":"article","og_title":"Partilere seslendiler: Aleviler taleplerini tek tek s\u0131ralad\u0131 - Bati Ermenistan Ve Bati Ermenileri Sorunlari Ara\u015ftirmalar Merkezi","og_description":"Hac\u0131 Bekta\u015f Veli Anadolu K\u00fclt\u00fcr Vakf\u0131 Genel Ba\u015fkan Yard\u0131mc\u0131s\u0131 ve Okmeydan\u0131 Cemevi Ba\u015fkan\u0131 Zeynel \u015eahin, iktidar\u0131n Alevilere y\u00f6nelik \u00e7al\u0131\u015fmalar\u0131n\u0131 ele\u015ftirdi. \u015eahin, \u201cBu iktidar y\u0131llard\u0131r Alevilere y\u00f6nelik do\u011fru d\u00fcr\u00fcst \u00e7al\u0131\u015ftay yapamad\u0131. Se\u00e7imlere de yakla\u015f\u0131rken Alevilerin yan\u0131na gelip baz\u0131 fikirler al\u0131p taleplerimizi dinliyorlar. Bu art\u0131k bize inand\u0131r\u0131c\u0131 gelmiyor. Cemevlerine resmi stat\u00fc vermelerini istiyoruz. Temel haklar\u0131m\u0131z\u0131 istiyoruz. Zorunlu [&hellip;]","og_url":"https:\/\/akunq.net\/tr\/?p=66804","og_site_name":"Bati Ermenistan Ve Bati Ermenileri Sorunlari Ara\u015ftirmalar Merkezi","article_published_time":"2022-01-28T08:12:12+00:00","og_image":[{"width":760,"height":450,"url":"https:\/\/akunq.net\/tr\/wp-content\/uploads\/sites\/6\/2022\/01\/Aleviler.jpg","type":"image\/jpeg"}],"author":"admin","twitter_card":"summary_large_image","twitter_misc":{"Written by":"admin","Est. reading time":"5 minutes"},"schema":{"@context":"https:\/\/schema.org","@graph":[{"@type":"Article","@id":"https:\/\/akunq.net\/tr\/?p=66804#article","isPartOf":{"@id":"https:\/\/akunq.net\/tr\/?p=66804"},"author":{"name":"admin","@id":"https:\/\/akunq.net\/tr\/#\/schema\/person\/096f1d38a12cce57fb855b485ed24c9e"},"headline":"Partilere seslendiler: Aleviler taleplerini tek tek s\u0131ralad\u0131","datePublished":"2022-01-28T08:12:12+00:00","mainEntityOfPage":{"@id":"https:\/\/akunq.net\/tr\/?p=66804"},"wordCount":1032,"commentCount":0,"image":{"@id":"https:\/\/akunq.net\/tr\/?p=66804#primaryimage"},"thumbnailUrl":"https:\/\/akunq.net\/tr\/wp-content\/uploads\/sites\/6\/2022\/01\/Aleviler.jpg","articleSection":["Haberler","T\u00fcrkiye\u2019de Az\u0131nl\u0131klar"],"inLanguage":"en-US","potentialAction":[{"@type":"CommentAction","name":"Comment","target":["https:\/\/akunq.net\/tr\/?p=66804#respond"]}]},{"@type":"WebPage","@id":"https:\/\/akunq.net\/tr\/?p=66804","url":"https:\/\/akunq.net\/tr\/?p=66804","name":"Partilere seslendiler: Aleviler taleplerini tek tek s\u0131ralad\u0131 - Bati Ermenistan Ve Bati Ermenileri Sorunlari Ara\u015ftirmalar Merkezi","isPartOf":{"@id":"https:\/\/akunq.net\/tr\/#website"},"primaryImageOfPage":{"@id":"https:\/\/akunq.net\/tr\/?p=66804#primaryimage"},"image":{"@id":"https:\/\/akunq.net\/tr\/?p=66804#primaryimage"},"thumbnailUrl":"https:\/\/akunq.net\/tr\/wp-content\/uploads\/sites\/6\/2022\/01\/Aleviler.jpg","datePublished":"2022-01-28T08:12:12+00:00","author":{"@id":"https:\/\/akunq.net\/tr\/#\/schema\/person\/096f1d38a12cce57fb855b485ed24c9e"},"breadcrumb":{"@id":"https:\/\/akunq.net\/tr\/?p=66804#breadcrumb"},"inLanguage":"en-US","potentialAction":[{"@type":"ReadAction","target":["https:\/\/akunq.net\/tr\/?p=66804"]}]},{"@type":"ImageObject","inLanguage":"en-US","@id":"https:\/\/akunq.net\/tr\/?p=66804#primaryimage","url":"https:\/\/akunq.net\/tr\/wp-content\/uploads\/sites\/6\/2022\/01\/Aleviler.jpg","contentUrl":"https:\/\/akunq.net\/tr\/wp-content\/uploads\/sites\/6\/2022\/01\/Aleviler.jpg","width":760,"height":450},{"@type":"BreadcrumbList","@id":"https:\/\/akunq.net\/tr\/?p=66804#breadcrumb","itemListElement":[{"@type":"ListItem","position":1,"name":"Home","item":"https:\/\/akunq.net\/tr"},{"@type":"ListItem","position":2,"name":"Partilere seslendiler: Aleviler taleplerini tek tek s\u0131ralad\u0131"}]},{"@type":"WebSite","@id":"https:\/\/akunq.net\/tr\/#website","url":"https:\/\/akunq.net\/tr\/","name":"Bati Ermenistan Ve Bati Ermenileri Sorunlari Ara\u015ftirmalar Merkezi","description":"","potentialAction":[{"@type":"SearchAction","target":{"@type":"EntryPoint","urlTemplate":"https:\/\/akunq.net\/tr\/?s={search_term_string}"},"query-input":{"@type":"PropertyValueSpecification","valueRequired":true,"valueName":"search_term_string"}}],"inLanguage":"en-US"},{"@type":"Person","@id":"https:\/\/akunq.net\/tr\/#\/schema\/person\/096f1d38a12cce57fb855b485ed24c9e","name":"admin","url":"https:\/\/akunq.net\/tr\/?author=7"}]}},"_links":{"self":[{"href":"https:\/\/akunq.net\/tr\/index.php?rest_route=\/wp\/v2\/posts\/66804","targetHints":{"allow":["GET"]}}],"collection":[{"href":"https:\/\/akunq.net\/tr\/index.php?rest_route=\/wp\/v2\/posts"}],"about":[{"href":"https:\/\/akunq.net\/tr\/index.php?rest_route=\/wp\/v2\/types\/post"}],"author":[{"embeddable":true,"href":"https:\/\/akunq.net\/tr\/index.php?rest_route=\/wp\/v2\/users\/7"}],"replies":[{"embeddable":true,"href":"https:\/\/akunq.net\/tr\/index.php?rest_route=%2Fwp%2Fv2%2Fcomments&post=66804"}],"version-history":[{"count":1,"href":"https:\/\/akunq.net\/tr\/index.php?rest_route=\/wp\/v2\/posts\/66804\/revisions"}],"predecessor-version":[{"id":66806,"href":"https:\/\/akunq.net\/tr\/index.php?rest_route=\/wp\/v2\/posts\/66804\/revisions\/66806"}],"wp:featuredmedia":[{"embeddable":true,"href":"https:\/\/akunq.net\/tr\/index.php?rest_route=\/wp\/v2\/media\/66805"}],"wp:attachment":[{"href":"https:\/\/akunq.net\/tr\/index.php?rest_route=%2Fwp%2Fv2%2Fmedia&parent=66804"}],"wp:term":[{"taxonomy":"category","embeddable":true,"href":"https:\/\/akunq.net\/tr\/index.php?rest_route=%2Fwp%2Fv2%2Fcategories&post=66804"},{"taxonomy":"post_tag","embeddable":true,"href":"https:\/\/akunq.net\/tr\/index.php?rest_route=%2Fwp%2Fv2%2Ftags&post=66804"}],"curies":[{"name":"wp","href":"https:\/\/api.w.org\/{rel}","templated":true}]}}