{"id":66791,"date":"2022-01-27T02:33:32","date_gmt":"2022-01-27T07:33:32","guid":{"rendered":"https:\/\/akunq.net\/tr\/?p=66791"},"modified":"2022-01-27T02:33:32","modified_gmt":"2022-01-27T07:33:32","slug":"hrant-dink-anma-konferansinin-bu-yilki-konugu-hamit-bozarslan","status":"publish","type":"post","link":"https:\/\/akunq.net\/tr\/?p=66791","title":{"rendered":"Hrant Dink Anma Konferans\u0131\u2019n\u0131n bu y\u0131lki konu\u011fu Hamit Bozarslan"},"content":{"rendered":"<p><img loading=\"lazy\" decoding=\"async\" class=\"aligncenter size-medium wp-image-66792\" src=\"https:\/\/akunq.net\/tr\/wp-content\/uploads\/2022\/01\/Hamit-Bozarslan-360x172.jpg\" alt=\"\" width=\"360\" height=\"172\" srcset=\"https:\/\/akunq.net\/tr\/wp-content\/uploads\/sites\/6\/2022\/01\/Hamit-Bozarslan-360x172.jpg 360w, https:\/\/akunq.net\/tr\/wp-content\/uploads\/sites\/6\/2022\/01\/Hamit-Bozarslan-560x268.jpg 560w, https:\/\/akunq.net\/tr\/wp-content\/uploads\/sites\/6\/2022\/01\/Hamit-Bozarslan-260x124.jpg 260w, https:\/\/akunq.net\/tr\/wp-content\/uploads\/sites\/6\/2022\/01\/Hamit-Bozarslan-160x77.jpg 160w, https:\/\/akunq.net\/tr\/wp-content\/uploads\/sites\/6\/2022\/01\/Hamit-Bozarslan.jpg 702w\" sizes=\"auto, (max-width: 360px) 100vw, 360px\" \/><\/p>\n<p><strong><em>Bo\u011fazi\u00e7i \u00dcniversitesi Siyaset Bilimi ve Uluslararas\u0131 \u0130li\u015fkiler B\u00f6l\u00fcm\u00fc, Sosyoloji B\u00f6l\u00fcm\u00fc ve Tarih B\u00f6l\u00fcm\u00fc\u2019n\u00fcn d\u00fczenledi\u011fi Hrant Dink \u0130nsan Haklar\u0131 ve \u0130fade \u00d6zg\u00fcrl\u00fc\u011f\u00fc Konferans\u0131 bu y\u0131l 27 Ocak Per\u015fembe g\u00fcn\u00fc ger\u00e7ekle\u015ftirilecek.<\/em><\/strong><\/p>\n<p>Hrant Dink\u2019in \u00f6ld\u00fcr\u00fclmesinden sonra her y\u0131l d\u00fczenlenen konferans, son iki y\u0131ld\u0131r \u00e7evrimi\u00e7i olarak ger\u00e7ekle\u015ftiriliyor.<\/p>\n<p>Konferans\u0131n bu y\u0131lki konu\u011fu akademisyen Hamit Bozarslan.<\/p>\n<p>Konferans, \u201cAkademik \u00d6zg\u00fcrl\u00fckler ve Siyasi \u00d6zg\u00fcrl\u00fckler: Demokrasi ve Akademik \u00d6zerklik \u00dczerine D\u00fc\u015f\u00fcnceler\u201d ba\u015fl\u0131\u011f\u0131 ta\u015f\u0131yor.<\/p>\n<p>27 Ocak Per\u015fembe g\u00fcn\u00fc saat 16.00\u2019da ger\u00e7ekle\u015ftirilecek konferans Zoom ve Youtube \u00fczerinden izlenebilir.<\/p>\n<p>Hrant Dink An\u0131s\u0131na \u0130nsan Haklar\u0131 ve \u0130fade \u00d6zg\u00fcrl\u00fc\u011f\u00fc Konferanslar\u0131 dizisi Hrant Dink\u2019i hat\u0131rlamak ve an\u0131s\u0131n\u0131 ya\u015fatmak \u00fczere 2008 y\u0131l\u0131nda ba\u015flat\u0131ld\u0131. Hrant Dink\u2019i anma konferas\u0131n\u0131n \u00fc\u00e7 amac\u0131 bulunuyor: ilk olarak Hrant Dink\u2019in bir demokratikle\u015fme, e\u015fitlik ve insan haklar\u0131 savunucusu olarak geride b\u0131rakt\u0131\u011f\u0131 miras\u0131 ya\u015fatmak ve anmak, ikincil olarak kendisinin u\u011fruna ya\u015fad\u0131\u011f\u0131 ve \u00e7al\u0131\u015ft\u0131\u011f\u0131 t\u00fcrden bir ilerici siyasete katk\u0131da bulunmak ve son olarak da farkl\u0131 fikirlerin dile getirilebilece\u011fi bir platform olu\u015fturmak.<\/p>\n<p>Konferans dizisinde bundan \u00f6nce Etienne Balibar, Noam Chomsky, Naomi Klein, Arundhati Roy, Angela Davis, Rabab El-Mahdi, Eyal Weizman gibi isimler konu\u015fmac\u0131 olarak yer ald\u0131.<\/p>\n<hr \/>\n<p><strong><em><a href=\"http:\/\/www.agos.com.tr\/tr\/yazi\/26703\/hrant-dink-anma-konferansi-nin-bu-yilki-konugu-hamit-bozarslan\" target=\"_blank\" rel=\"noopener noreferrer\">Agos<\/a><\/em><\/strong><\/p>\n","protected":false},"excerpt":{"rendered":"<p>Bo\u011fazi\u00e7i \u00dcniversitesi Siyaset Bilimi ve Uluslararas\u0131 \u0130li\u015fkiler B\u00f6l\u00fcm\u00fc, Sosyoloji B\u00f6l\u00fcm\u00fc ve Tarih B\u00f6l\u00fcm\u00fc\u2019n\u00fcn d\u00fczenledi\u011fi Hrant Dink \u0130nsan Haklar\u0131 ve \u0130fade \u00d6zg\u00fcrl\u00fc\u011f\u00fc Konferans\u0131 bu y\u0131l 27 Ocak Per\u015fembe g\u00fcn\u00fc ger\u00e7ekle\u015ftirilecek. Hrant Dink\u2019in \u00f6ld\u00fcr\u00fclmesinden sonra her y\u0131l d\u00fczenlenen konferans, son iki y\u0131ld\u0131r \u00e7evrimi\u00e7i olarak ger\u00e7ekle\u015ftiriliyor. Konferans\u0131n bu y\u0131lki konu\u011fu akademisyen Hamit Bozarslan. Konferans, \u201cAkademik \u00d6zg\u00fcrl\u00fckler ve Siyasi [&hellip;]<\/p>\n","protected":false},"author":7,"featured_media":66792,"comment_status":"open","ping_status":"open","sticky":false,"template":"","format":"standard","meta":{"footnotes":""},"categories":[1],"tags":[],"class_list":["post-66791","post","type-post","status-publish","format-standard","has-post-thumbnail","hentry","category-haberler"],"yoast_head":"<!-- This site is optimized with the Yoast SEO plugin v27.4 - https:\/\/yoast.com\/product\/yoast-seo-wordpress\/ -->\n<title>Hrant Dink Anma Konferans\u0131\u2019n\u0131n bu y\u0131lki konu\u011fu Hamit Bozarslan - Bati Ermenistan Ve Bati Ermenileri Sorunlari Ara\u015ftirmalar Merkezi<\/title>\n<meta name=\"robots\" content=\"index, follow, max-snippet:-1, max-image-preview:large, max-video-preview:-1\" \/>\n<link rel=\"canonical\" href=\"https:\/\/akunq.net\/tr\/?p=66791\" \/>\n<meta property=\"og:locale\" content=\"en_US\" \/>\n<meta property=\"og:type\" content=\"article\" \/>\n<meta property=\"og:title\" content=\"Hrant Dink Anma Konferans\u0131\u2019n\u0131n bu y\u0131lki konu\u011fu Hamit Bozarslan - Bati Ermenistan Ve Bati Ermenileri Sorunlari Ara\u015ftirmalar Merkezi\" \/>\n<meta property=\"og:description\" content=\"Bo\u011fazi\u00e7i \u00dcniversitesi Siyaset Bilimi ve Uluslararas\u0131 \u0130li\u015fkiler B\u00f6l\u00fcm\u00fc, Sosyoloji B\u00f6l\u00fcm\u00fc ve Tarih B\u00f6l\u00fcm\u00fc\u2019n\u00fcn d\u00fczenledi\u011fi Hrant Dink \u0130nsan Haklar\u0131 ve \u0130fade \u00d6zg\u00fcrl\u00fc\u011f\u00fc Konferans\u0131 bu y\u0131l 27 Ocak Per\u015fembe g\u00fcn\u00fc ger\u00e7ekle\u015ftirilecek. Hrant Dink\u2019in \u00f6ld\u00fcr\u00fclmesinden sonra her y\u0131l d\u00fczenlenen konferans, son iki y\u0131ld\u0131r \u00e7evrimi\u00e7i olarak ger\u00e7ekle\u015ftiriliyor. Konferans\u0131n bu y\u0131lki konu\u011fu akademisyen Hamit Bozarslan. Konferans, \u201cAkademik \u00d6zg\u00fcrl\u00fckler ve Siyasi [&hellip;]\" \/>\n<meta property=\"og:url\" content=\"https:\/\/akunq.net\/tr\/?p=66791\" \/>\n<meta property=\"og:site_name\" content=\"Bati Ermenistan Ve Bati Ermenileri Sorunlari Ara\u015ftirmalar Merkezi\" \/>\n<meta property=\"article:published_time\" content=\"2022-01-27T07:33:32+00:00\" \/>\n<meta property=\"og:image\" content=\"https:\/\/akunq.net\/tr\/wp-content\/uploads\/sites\/6\/2022\/01\/Hamit-Bozarslan.jpg\" \/>\n\t<meta property=\"og:image:width\" content=\"702\" \/>\n\t<meta property=\"og:image:height\" content=\"336\" \/>\n\t<meta property=\"og:image:type\" content=\"image\/jpeg\" \/>\n<meta name=\"author\" content=\"admin\" \/>\n<meta name=\"twitter:card\" content=\"summary_large_image\" \/>\n<meta name=\"twitter:label1\" content=\"Written by\" \/>\n\t<meta name=\"twitter:data1\" content=\"admin\" \/>\n\t<meta name=\"twitter:label2\" content=\"Est. reading time\" \/>\n\t<meta name=\"twitter:data2\" content=\"1 minute\" \/>\n<script type=\"application\/ld+json\" class=\"yoast-schema-graph\">{\"@context\":\"https:\\\/\\\/schema.org\",\"@graph\":[{\"@type\":\"Article\",\"@id\":\"https:\\\/\\\/akunq.net\\\/tr\\\/?p=66791#article\",\"isPartOf\":{\"@id\":\"https:\\\/\\\/akunq.net\\\/tr\\\/?p=66791\"},\"author\":{\"name\":\"admin\",\"@id\":\"https:\\\/\\\/akunq.net\\\/tr\\\/#\\\/schema\\\/person\\\/096f1d38a12cce57fb855b485ed24c9e\"},\"headline\":\"Hrant Dink Anma Konferans\u0131\u2019n\u0131n bu y\u0131lki konu\u011fu Hamit Bozarslan\",\"datePublished\":\"2022-01-27T07:33:32+00:00\",\"mainEntityOfPage\":{\"@id\":\"https:\\\/\\\/akunq.net\\\/tr\\\/?p=66791\"},\"wordCount\":251,\"commentCount\":0,\"image\":{\"@id\":\"https:\\\/\\\/akunq.net\\\/tr\\\/?p=66791#primaryimage\"},\"thumbnailUrl\":\"https:\\\/\\\/akunq.net\\\/tr\\\/wp-content\\\/uploads\\\/sites\\\/6\\\/2022\\\/01\\\/Hamit-Bozarslan.jpg\",\"articleSection\":[\"Haberler\"],\"inLanguage\":\"en-US\",\"potentialAction\":[{\"@type\":\"CommentAction\",\"name\":\"Comment\",\"target\":[\"https:\\\/\\\/akunq.net\\\/tr\\\/?p=66791#respond\"]}]},{\"@type\":\"WebPage\",\"@id\":\"https:\\\/\\\/akunq.net\\\/tr\\\/?p=66791\",\"url\":\"https:\\\/\\\/akunq.net\\\/tr\\\/?p=66791\",\"name\":\"Hrant Dink Anma Konferans\u0131\u2019n\u0131n bu y\u0131lki konu\u011fu Hamit Bozarslan - Bati Ermenistan Ve Bati Ermenileri Sorunlari Ara\u015ftirmalar Merkezi\",\"isPartOf\":{\"@id\":\"https:\\\/\\\/akunq.net\\\/tr\\\/#website\"},\"primaryImageOfPage\":{\"@id\":\"https:\\\/\\\/akunq.net\\\/tr\\\/?p=66791#primaryimage\"},\"image\":{\"@id\":\"https:\\\/\\\/akunq.net\\\/tr\\\/?p=66791#primaryimage\"},\"thumbnailUrl\":\"https:\\\/\\\/akunq.net\\\/tr\\\/wp-content\\\/uploads\\\/sites\\\/6\\\/2022\\\/01\\\/Hamit-Bozarslan.jpg\",\"datePublished\":\"2022-01-27T07:33:32+00:00\",\"author\":{\"@id\":\"https:\\\/\\\/akunq.net\\\/tr\\\/#\\\/schema\\\/person\\\/096f1d38a12cce57fb855b485ed24c9e\"},\"breadcrumb\":{\"@id\":\"https:\\\/\\\/akunq.net\\\/tr\\\/?p=66791#breadcrumb\"},\"inLanguage\":\"en-US\",\"potentialAction\":[{\"@type\":\"ReadAction\",\"target\":[\"https:\\\/\\\/akunq.net\\\/tr\\\/?p=66791\"]}]},{\"@type\":\"ImageObject\",\"inLanguage\":\"en-US\",\"@id\":\"https:\\\/\\\/akunq.net\\\/tr\\\/?p=66791#primaryimage\",\"url\":\"https:\\\/\\\/akunq.net\\\/tr\\\/wp-content\\\/uploads\\\/sites\\\/6\\\/2022\\\/01\\\/Hamit-Bozarslan.jpg\",\"contentUrl\":\"https:\\\/\\\/akunq.net\\\/tr\\\/wp-content\\\/uploads\\\/sites\\\/6\\\/2022\\\/01\\\/Hamit-Bozarslan.jpg\",\"width\":702,\"height\":336},{\"@type\":\"BreadcrumbList\",\"@id\":\"https:\\\/\\\/akunq.net\\\/tr\\\/?p=66791#breadcrumb\",\"itemListElement\":[{\"@type\":\"ListItem\",\"position\":1,\"name\":\"Home\",\"item\":\"https:\\\/\\\/akunq.net\\\/tr\"},{\"@type\":\"ListItem\",\"position\":2,\"name\":\"Hrant Dink Anma Konferans\u0131\u2019n\u0131n bu y\u0131lki konu\u011fu Hamit Bozarslan\"}]},{\"@type\":\"WebSite\",\"@id\":\"https:\\\/\\\/akunq.net\\\/tr\\\/#website\",\"url\":\"https:\\\/\\\/akunq.net\\\/tr\\\/\",\"name\":\"Bati Ermenistan Ve Bati Ermenileri Sorunlari Ara\u015ftirmalar Merkezi\",\"description\":\"\",\"potentialAction\":[{\"@type\":\"SearchAction\",\"target\":{\"@type\":\"EntryPoint\",\"urlTemplate\":\"https:\\\/\\\/akunq.net\\\/tr\\\/?s={search_term_string}\"},\"query-input\":{\"@type\":\"PropertyValueSpecification\",\"valueRequired\":true,\"valueName\":\"search_term_string\"}}],\"inLanguage\":\"en-US\"},{\"@type\":\"Person\",\"@id\":\"https:\\\/\\\/akunq.net\\\/tr\\\/#\\\/schema\\\/person\\\/096f1d38a12cce57fb855b485ed24c9e\",\"name\":\"admin\",\"url\":\"https:\\\/\\\/akunq.net\\\/tr\\\/?author=7\"}]}<\/script>\n<!-- \/ Yoast SEO plugin. -->","yoast_head_json":{"title":"Hrant Dink Anma Konferans\u0131\u2019n\u0131n bu y\u0131lki konu\u011fu Hamit Bozarslan - Bati Ermenistan Ve Bati Ermenileri Sorunlari Ara\u015ftirmalar Merkezi","robots":{"index":"index","follow":"follow","max-snippet":"max-snippet:-1","max-image-preview":"max-image-preview:large","max-video-preview":"max-video-preview:-1"},"canonical":"https:\/\/akunq.net\/tr\/?p=66791","og_locale":"en_US","og_type":"article","og_title":"Hrant Dink Anma Konferans\u0131\u2019n\u0131n bu y\u0131lki konu\u011fu Hamit Bozarslan - Bati Ermenistan Ve Bati Ermenileri Sorunlari Ara\u015ftirmalar Merkezi","og_description":"Bo\u011fazi\u00e7i \u00dcniversitesi Siyaset Bilimi ve Uluslararas\u0131 \u0130li\u015fkiler B\u00f6l\u00fcm\u00fc, Sosyoloji B\u00f6l\u00fcm\u00fc ve Tarih B\u00f6l\u00fcm\u00fc\u2019n\u00fcn d\u00fczenledi\u011fi Hrant Dink \u0130nsan Haklar\u0131 ve \u0130fade \u00d6zg\u00fcrl\u00fc\u011f\u00fc Konferans\u0131 bu y\u0131l 27 Ocak Per\u015fembe g\u00fcn\u00fc ger\u00e7ekle\u015ftirilecek. Hrant Dink\u2019in \u00f6ld\u00fcr\u00fclmesinden sonra her y\u0131l d\u00fczenlenen konferans, son iki y\u0131ld\u0131r \u00e7evrimi\u00e7i olarak ger\u00e7ekle\u015ftiriliyor. Konferans\u0131n bu y\u0131lki konu\u011fu akademisyen Hamit Bozarslan. Konferans, \u201cAkademik \u00d6zg\u00fcrl\u00fckler ve Siyasi [&hellip;]","og_url":"https:\/\/akunq.net\/tr\/?p=66791","og_site_name":"Bati Ermenistan Ve Bati Ermenileri Sorunlari Ara\u015ftirmalar Merkezi","article_published_time":"2022-01-27T07:33:32+00:00","og_image":[{"width":702,"height":336,"url":"https:\/\/akunq.net\/tr\/wp-content\/uploads\/sites\/6\/2022\/01\/Hamit-Bozarslan.jpg","type":"image\/jpeg"}],"author":"admin","twitter_card":"summary_large_image","twitter_misc":{"Written by":"admin","Est. reading time":"1 minute"},"schema":{"@context":"https:\/\/schema.org","@graph":[{"@type":"Article","@id":"https:\/\/akunq.net\/tr\/?p=66791#article","isPartOf":{"@id":"https:\/\/akunq.net\/tr\/?p=66791"},"author":{"name":"admin","@id":"https:\/\/akunq.net\/tr\/#\/schema\/person\/096f1d38a12cce57fb855b485ed24c9e"},"headline":"Hrant Dink Anma Konferans\u0131\u2019n\u0131n bu y\u0131lki konu\u011fu Hamit Bozarslan","datePublished":"2022-01-27T07:33:32+00:00","mainEntityOfPage":{"@id":"https:\/\/akunq.net\/tr\/?p=66791"},"wordCount":251,"commentCount":0,"image":{"@id":"https:\/\/akunq.net\/tr\/?p=66791#primaryimage"},"thumbnailUrl":"https:\/\/akunq.net\/tr\/wp-content\/uploads\/sites\/6\/2022\/01\/Hamit-Bozarslan.jpg","articleSection":["Haberler"],"inLanguage":"en-US","potentialAction":[{"@type":"CommentAction","name":"Comment","target":["https:\/\/akunq.net\/tr\/?p=66791#respond"]}]},{"@type":"WebPage","@id":"https:\/\/akunq.net\/tr\/?p=66791","url":"https:\/\/akunq.net\/tr\/?p=66791","name":"Hrant Dink Anma Konferans\u0131\u2019n\u0131n bu y\u0131lki konu\u011fu Hamit Bozarslan - Bati Ermenistan Ve Bati Ermenileri Sorunlari Ara\u015ftirmalar Merkezi","isPartOf":{"@id":"https:\/\/akunq.net\/tr\/#website"},"primaryImageOfPage":{"@id":"https:\/\/akunq.net\/tr\/?p=66791#primaryimage"},"image":{"@id":"https:\/\/akunq.net\/tr\/?p=66791#primaryimage"},"thumbnailUrl":"https:\/\/akunq.net\/tr\/wp-content\/uploads\/sites\/6\/2022\/01\/Hamit-Bozarslan.jpg","datePublished":"2022-01-27T07:33:32+00:00","author":{"@id":"https:\/\/akunq.net\/tr\/#\/schema\/person\/096f1d38a12cce57fb855b485ed24c9e"},"breadcrumb":{"@id":"https:\/\/akunq.net\/tr\/?p=66791#breadcrumb"},"inLanguage":"en-US","potentialAction":[{"@type":"ReadAction","target":["https:\/\/akunq.net\/tr\/?p=66791"]}]},{"@type":"ImageObject","inLanguage":"en-US","@id":"https:\/\/akunq.net\/tr\/?p=66791#primaryimage","url":"https:\/\/akunq.net\/tr\/wp-content\/uploads\/sites\/6\/2022\/01\/Hamit-Bozarslan.jpg","contentUrl":"https:\/\/akunq.net\/tr\/wp-content\/uploads\/sites\/6\/2022\/01\/Hamit-Bozarslan.jpg","width":702,"height":336},{"@type":"BreadcrumbList","@id":"https:\/\/akunq.net\/tr\/?p=66791#breadcrumb","itemListElement":[{"@type":"ListItem","position":1,"name":"Home","item":"https:\/\/akunq.net\/tr"},{"@type":"ListItem","position":2,"name":"Hrant Dink Anma Konferans\u0131\u2019n\u0131n bu y\u0131lki konu\u011fu Hamit Bozarslan"}]},{"@type":"WebSite","@id":"https:\/\/akunq.net\/tr\/#website","url":"https:\/\/akunq.net\/tr\/","name":"Bati Ermenistan Ve Bati Ermenileri Sorunlari Ara\u015ftirmalar Merkezi","description":"","potentialAction":[{"@type":"SearchAction","target":{"@type":"EntryPoint","urlTemplate":"https:\/\/akunq.net\/tr\/?s={search_term_string}"},"query-input":{"@type":"PropertyValueSpecification","valueRequired":true,"valueName":"search_term_string"}}],"inLanguage":"en-US"},{"@type":"Person","@id":"https:\/\/akunq.net\/tr\/#\/schema\/person\/096f1d38a12cce57fb855b485ed24c9e","name":"admin","url":"https:\/\/akunq.net\/tr\/?author=7"}]}},"_links":{"self":[{"href":"https:\/\/akunq.net\/tr\/index.php?rest_route=\/wp\/v2\/posts\/66791","targetHints":{"allow":["GET"]}}],"collection":[{"href":"https:\/\/akunq.net\/tr\/index.php?rest_route=\/wp\/v2\/posts"}],"about":[{"href":"https:\/\/akunq.net\/tr\/index.php?rest_route=\/wp\/v2\/types\/post"}],"author":[{"embeddable":true,"href":"https:\/\/akunq.net\/tr\/index.php?rest_route=\/wp\/v2\/users\/7"}],"replies":[{"embeddable":true,"href":"https:\/\/akunq.net\/tr\/index.php?rest_route=%2Fwp%2Fv2%2Fcomments&post=66791"}],"version-history":[{"count":1,"href":"https:\/\/akunq.net\/tr\/index.php?rest_route=\/wp\/v2\/posts\/66791\/revisions"}],"predecessor-version":[{"id":66793,"href":"https:\/\/akunq.net\/tr\/index.php?rest_route=\/wp\/v2\/posts\/66791\/revisions\/66793"}],"wp:featuredmedia":[{"embeddable":true,"href":"https:\/\/akunq.net\/tr\/index.php?rest_route=\/wp\/v2\/media\/66792"}],"wp:attachment":[{"href":"https:\/\/akunq.net\/tr\/index.php?rest_route=%2Fwp%2Fv2%2Fmedia&parent=66791"}],"wp:term":[{"taxonomy":"category","embeddable":true,"href":"https:\/\/akunq.net\/tr\/index.php?rest_route=%2Fwp%2Fv2%2Fcategories&post=66791"},{"taxonomy":"post_tag","embeddable":true,"href":"https:\/\/akunq.net\/tr\/index.php?rest_route=%2Fwp%2Fv2%2Ftags&post=66791"}],"curies":[{"name":"wp","href":"https:\/\/api.w.org\/{rel}","templated":true}]}}