{"id":66784,"date":"2022-01-27T02:00:57","date_gmt":"2022-01-27T07:00:57","guid":{"rendered":"https:\/\/akunq.net\/tr\/?p=66784"},"modified":"2022-01-27T02:19:48","modified_gmt":"2022-01-27T07:19:48","slug":"azinlik-vakiflari-icin-secim-mujdesi","status":"publish","type":"post","link":"https:\/\/akunq.net\/tr\/?p=66784","title":{"rendered":"Az\u0131nl\u0131k vak\u0131flar\u0131 i\u00e7in se\u00e7im m\u00fcjdesi"},"content":{"rendered":"<p><img loading=\"lazy\" decoding=\"async\" class=\"aligncenter size-medium wp-image-66785\" src=\"https:\/\/akunq.net\/tr\/wp-content\/uploads\/2022\/01\/Recep-Tayyip-Erdo\u011fan-360x203.jpg\" alt=\"\" width=\"360\" height=\"203\" srcset=\"https:\/\/akunq.net\/tr\/wp-content\/uploads\/sites\/6\/2022\/01\/Recep-Tayyip-Erdo\u011fan-360x203.jpg 360w, https:\/\/akunq.net\/tr\/wp-content\/uploads\/sites\/6\/2022\/01\/Recep-Tayyip-Erdo\u011fan-560x315.jpg 560w, https:\/\/akunq.net\/tr\/wp-content\/uploads\/sites\/6\/2022\/01\/Recep-Tayyip-Erdo\u011fan-260x146.jpg 260w, https:\/\/akunq.net\/tr\/wp-content\/uploads\/sites\/6\/2022\/01\/Recep-Tayyip-Erdo\u011fan-160x90.jpg 160w, https:\/\/akunq.net\/tr\/wp-content\/uploads\/sites\/6\/2022\/01\/Recep-Tayyip-Erdo\u011fan.jpg 700w\" sizes=\"auto, (max-width: 360px) 100vw, 360px\" \/><\/p>\n<p><em><strong>Cumhurba\u015fkan\u0131 Recep Tayyip Erdo\u011fan, T\u00fcrkiye\u2019deki az\u0131nl\u0131klara ait dini vak\u0131flar\u0131n kendi y\u00f6netim kurullar\u0131n\u0131 se\u00e7mesine olanak tan\u0131yacak yasal d\u00fczenlemenin yak\u0131nda tamamlanaca\u011f\u0131n\u0131 s\u00f6yledi.<\/strong><\/em><\/p>\n<p>ASLIHAN ALTAY KARATA\u015e Ankara \u2013 Cumhurba\u015fkan\u0131 Recep Tayyip Erdo\u011fan, T\u00fcrkiye\u2019deki az\u0131nl\u0131klara ait dini vak\u0131flar\u0131n kendi y\u00f6netim kurullar\u0131n\u0131 se\u00e7mesine olanak tan\u0131yacak yasal d\u00fczenlemenin yak\u0131nda tamamlanaca\u011f\u0131n\u0131 ve az\u0131nl\u0131k vak\u0131flar\u0131nda se\u00e7im yap\u0131labilece\u011fini s\u00f6yledi.<\/p>\n<p>Cumhurba\u015fkan\u0131 Erdo\u011fan, Ermeni Vak\u0131flar Birli\u011fi Ba\u015fkan\u0131 Bedros \u015eirino\u011flu\u2019nu kabul etti. \u00c7ankaya K\u00f6\u015fk\u00fc\u2019nde bas\u0131na kapal\u0131 ger\u00e7ekle\u015fen kabul yakla\u015f\u0131k 45 dakika s\u00fcrd\u00fc. G\u00f6r\u00fc\u015fmede T\u00fcrkiye\u2019deki az\u0131nl\u0131klara ait dini vak\u0131flar\u0131n kendi y\u00f6netim kurullar\u0131n\u0131 se\u00e7mesine olanak tan\u0131yacak yasal d\u00fczenleme haz\u0131rl\u0131klar\u0131 da g\u00fcndeme geldi. Erdo\u011fan, haz\u0131rl\u0131klar\u0131n yak\u0131nda tamamlanaca\u011f\u0131n\u0131 ve az\u0131nl\u0131k vak\u0131flar\u0131nda se\u00e7im yap\u0131labilece\u011fini belirtti.<\/p>\n<p><strong>\u20183-4 AYA YASAL D\u00dcZENLEME\u2019<\/strong><\/p>\n<p>Milliyet\u2019e konu\u015fan Bedros \u015eirino\u011flu, az\u0131nl\u0131k vak\u0131flar\u0131ndaki se\u00e7im s\u00fcreciyle ilgili \u015funlar\u0131 kaydetti: \u201cSay\u0131n Cumhurba\u015fkan\u0131m\u0131z konu ile ilgili \u00e7al\u0131\u015fmalar\u0131n s\u00fcratle yap\u0131ld\u0131\u011f\u0131n\u0131, in\u015fallah yak\u0131n bir zamanda tamamlanaca\u011f\u0131n\u0131 ve az\u0131nl\u0131k vak\u0131flar\u0131nda se\u00e7imlerin yap\u0131laca\u011f\u0131n\u0131 s\u00f6yledi bize. Bizim t\u00fcz\u00fc\u011f\u00fcm\u00fcz 1864\u2019ten beri devam eden, art\u0131k i\u015fe yaramayan bir t\u00fcz\u00fckt\u00fc. Say\u0131n Cumhurba\u015fkan\u0131m\u0131z g\u00fcn\u00fcn \u015fartlar\u0131na g\u00f6re uyarlanmas\u0131n\u0131 istedi, vak\u0131f ba\u015fkanlar\u0131 kendi menfaatine g\u00f6re bir t\u00fcz\u00fck haz\u0131rlamak istedi, o sebeple se\u00e7imler uzad\u0131. Say\u0131n Cumhurba\u015fkan\u0131 K\u00fclt\u00fcr Bakanl\u0131\u011f\u0131\u2019na ve Vak\u0131flar Genel M\u00fcd\u00fcrl\u00fc\u011f\u00fc\u2019ne talimat verdi, \u00e7al\u0131\u015fmalar\u0131 ba\u015flatt\u0131. Bitti\u011fi zaman bize g\u00f6sterilecek, eksik var m\u0131, ilave edilecek bir \u015fey var m\u0131 diye. O g\u00fcn\u00fc bekliyoruz. Tahmin ediyorum ki 3-4 aya bu i\u015f biter.\u201d<\/p>\n<p>Vak\u0131flar Genel M\u00fcd\u00fcrl\u00fc\u011f\u00fc, 2013 y\u0131l\u0131nda se\u00e7im genelgesini ask\u0131ya ald\u0131. Se\u00e7im konusunda yasal d\u00fczenleme olmamas\u0131 nedeniyle az\u0131nl\u0131k vak\u0131flar\u0131nda yakla\u015f\u0131k 8 y\u0131ld\u0131r se\u00e7im yap\u0131lamad\u0131.<\/p>\n<hr \/>\n<p><strong><em><a href=\"https:\/\/www.milliyet.com.tr\/siyaset\/azinlik-vakiflari-icin-secim-mujdesi-6688147\" target=\"_blank\" rel=\"noopener noreferrer\">Milliyet Gazetesi<\/a>\u00a0<\/em><\/strong><\/p>\n","protected":false},"excerpt":{"rendered":"<p>Cumhurba\u015fkan\u0131 Recep Tayyip Erdo\u011fan, T\u00fcrkiye\u2019deki az\u0131nl\u0131klara ait dini vak\u0131flar\u0131n kendi y\u00f6netim kurullar\u0131n\u0131 se\u00e7mesine olanak tan\u0131yacak yasal d\u00fczenlemenin yak\u0131nda tamamlanaca\u011f\u0131n\u0131 s\u00f6yledi. ASLIHAN ALTAY KARATA\u015e Ankara \u2013 Cumhurba\u015fkan\u0131 Recep Tayyip Erdo\u011fan, T\u00fcrkiye\u2019deki az\u0131nl\u0131klara ait dini vak\u0131flar\u0131n kendi y\u00f6netim kurullar\u0131n\u0131 se\u00e7mesine olanak tan\u0131yacak yasal d\u00fczenlemenin yak\u0131nda tamamlanaca\u011f\u0131n\u0131 ve az\u0131nl\u0131k vak\u0131flar\u0131nda se\u00e7im yap\u0131labilece\u011fini s\u00f6yledi. Cumhurba\u015fkan\u0131 Erdo\u011fan, Ermeni Vak\u0131flar Birli\u011fi [&hellip;]<\/p>\n","protected":false},"author":7,"featured_media":66785,"comment_status":"open","ping_status":"open","sticky":false,"template":"","format":"standard","meta":{"footnotes":""},"categories":[1,53],"tags":[],"class_list":["post-66784","post","type-post","status-publish","format-standard","has-post-thumbnail","hentry","category-haberler","category-turkiyede-azinliklar"],"yoast_head":"<!-- This site is optimized with the Yoast SEO plugin v27.4 - https:\/\/yoast.com\/product\/yoast-seo-wordpress\/ -->\n<title>Az\u0131nl\u0131k vak\u0131flar\u0131 i\u00e7in se\u00e7im m\u00fcjdesi - Bati Ermenistan Ve Bati Ermenileri Sorunlari Ara\u015ftirmalar Merkezi<\/title>\n<meta name=\"robots\" content=\"index, follow, max-snippet:-1, max-image-preview:large, max-video-preview:-1\" \/>\n<link rel=\"canonical\" href=\"https:\/\/akunq.net\/tr\/?p=66784\" \/>\n<meta property=\"og:locale\" content=\"en_US\" \/>\n<meta property=\"og:type\" content=\"article\" \/>\n<meta property=\"og:title\" content=\"Az\u0131nl\u0131k vak\u0131flar\u0131 i\u00e7in se\u00e7im m\u00fcjdesi - Bati Ermenistan Ve Bati Ermenileri Sorunlari Ara\u015ftirmalar Merkezi\" \/>\n<meta property=\"og:description\" content=\"Cumhurba\u015fkan\u0131 Recep Tayyip Erdo\u011fan, T\u00fcrkiye\u2019deki az\u0131nl\u0131klara ait dini vak\u0131flar\u0131n kendi y\u00f6netim kurullar\u0131n\u0131 se\u00e7mesine olanak tan\u0131yacak yasal d\u00fczenlemenin yak\u0131nda tamamlanaca\u011f\u0131n\u0131 s\u00f6yledi. ASLIHAN ALTAY KARATA\u015e Ankara \u2013 Cumhurba\u015fkan\u0131 Recep Tayyip Erdo\u011fan, T\u00fcrkiye\u2019deki az\u0131nl\u0131klara ait dini vak\u0131flar\u0131n kendi y\u00f6netim kurullar\u0131n\u0131 se\u00e7mesine olanak tan\u0131yacak yasal d\u00fczenlemenin yak\u0131nda tamamlanaca\u011f\u0131n\u0131 ve az\u0131nl\u0131k vak\u0131flar\u0131nda se\u00e7im yap\u0131labilece\u011fini s\u00f6yledi. Cumhurba\u015fkan\u0131 Erdo\u011fan, Ermeni Vak\u0131flar Birli\u011fi [&hellip;]\" \/>\n<meta property=\"og:url\" content=\"https:\/\/akunq.net\/tr\/?p=66784\" \/>\n<meta property=\"og:site_name\" content=\"Bati Ermenistan Ve Bati Ermenileri Sorunlari Ara\u015ftirmalar Merkezi\" \/>\n<meta property=\"article:published_time\" content=\"2022-01-27T07:00:57+00:00\" \/>\n<meta property=\"article:modified_time\" content=\"2022-01-27T07:19:48+00:00\" \/>\n<meta property=\"og:image\" content=\"https:\/\/akunq.net\/tr\/wp-content\/uploads\/sites\/6\/2022\/01\/Recep-Tayyip-Erdo\u011fan.jpg\" \/>\n\t<meta property=\"og:image:width\" content=\"700\" \/>\n\t<meta property=\"og:image:height\" content=\"394\" \/>\n\t<meta property=\"og:image:type\" content=\"image\/jpeg\" \/>\n<meta name=\"author\" content=\"admin\" \/>\n<meta name=\"twitter:card\" content=\"summary_large_image\" \/>\n<meta name=\"twitter:label1\" content=\"Written by\" \/>\n\t<meta name=\"twitter:data1\" content=\"admin\" \/>\n\t<meta name=\"twitter:label2\" content=\"Est. reading time\" \/>\n\t<meta name=\"twitter:data2\" content=\"2 minutes\" \/>\n<script type=\"application\/ld+json\" class=\"yoast-schema-graph\">{\"@context\":\"https:\\\/\\\/schema.org\",\"@graph\":[{\"@type\":\"Article\",\"@id\":\"https:\\\/\\\/akunq.net\\\/tr\\\/?p=66784#article\",\"isPartOf\":{\"@id\":\"https:\\\/\\\/akunq.net\\\/tr\\\/?p=66784\"},\"author\":{\"name\":\"admin\",\"@id\":\"https:\\\/\\\/akunq.net\\\/tr\\\/#\\\/schema\\\/person\\\/096f1d38a12cce57fb855b485ed24c9e\"},\"headline\":\"Az\u0131nl\u0131k vak\u0131flar\u0131 i\u00e7in se\u00e7im m\u00fcjdesi\",\"datePublished\":\"2022-01-27T07:00:57+00:00\",\"dateModified\":\"2022-01-27T07:19:48+00:00\",\"mainEntityOfPage\":{\"@id\":\"https:\\\/\\\/akunq.net\\\/tr\\\/?p=66784\"},\"wordCount\":399,\"commentCount\":0,\"image\":{\"@id\":\"https:\\\/\\\/akunq.net\\\/tr\\\/?p=66784#primaryimage\"},\"thumbnailUrl\":\"https:\\\/\\\/akunq.net\\\/tr\\\/wp-content\\\/uploads\\\/sites\\\/6\\\/2022\\\/01\\\/Recep-Tayyip-Erdo\u011fan.jpg\",\"articleSection\":[\"Haberler\",\"T\u00fcrkiye\u2019de Az\u0131nl\u0131klar\"],\"inLanguage\":\"en-US\",\"potentialAction\":[{\"@type\":\"CommentAction\",\"name\":\"Comment\",\"target\":[\"https:\\\/\\\/akunq.net\\\/tr\\\/?p=66784#respond\"]}]},{\"@type\":\"WebPage\",\"@id\":\"https:\\\/\\\/akunq.net\\\/tr\\\/?p=66784\",\"url\":\"https:\\\/\\\/akunq.net\\\/tr\\\/?p=66784\",\"name\":\"Az\u0131nl\u0131k vak\u0131flar\u0131 i\u00e7in se\u00e7im m\u00fcjdesi - Bati Ermenistan Ve Bati Ermenileri Sorunlari Ara\u015ftirmalar Merkezi\",\"isPartOf\":{\"@id\":\"https:\\\/\\\/akunq.net\\\/tr\\\/#website\"},\"primaryImageOfPage\":{\"@id\":\"https:\\\/\\\/akunq.net\\\/tr\\\/?p=66784#primaryimage\"},\"image\":{\"@id\":\"https:\\\/\\\/akunq.net\\\/tr\\\/?p=66784#primaryimage\"},\"thumbnailUrl\":\"https:\\\/\\\/akunq.net\\\/tr\\\/wp-content\\\/uploads\\\/sites\\\/6\\\/2022\\\/01\\\/Recep-Tayyip-Erdo\u011fan.jpg\",\"datePublished\":\"2022-01-27T07:00:57+00:00\",\"dateModified\":\"2022-01-27T07:19:48+00:00\",\"author\":{\"@id\":\"https:\\\/\\\/akunq.net\\\/tr\\\/#\\\/schema\\\/person\\\/096f1d38a12cce57fb855b485ed24c9e\"},\"breadcrumb\":{\"@id\":\"https:\\\/\\\/akunq.net\\\/tr\\\/?p=66784#breadcrumb\"},\"inLanguage\":\"en-US\",\"potentialAction\":[{\"@type\":\"ReadAction\",\"target\":[\"https:\\\/\\\/akunq.net\\\/tr\\\/?p=66784\"]}]},{\"@type\":\"ImageObject\",\"inLanguage\":\"en-US\",\"@id\":\"https:\\\/\\\/akunq.net\\\/tr\\\/?p=66784#primaryimage\",\"url\":\"https:\\\/\\\/akunq.net\\\/tr\\\/wp-content\\\/uploads\\\/sites\\\/6\\\/2022\\\/01\\\/Recep-Tayyip-Erdo\u011fan.jpg\",\"contentUrl\":\"https:\\\/\\\/akunq.net\\\/tr\\\/wp-content\\\/uploads\\\/sites\\\/6\\\/2022\\\/01\\\/Recep-Tayyip-Erdo\u011fan.jpg\",\"width\":700,\"height\":394},{\"@type\":\"BreadcrumbList\",\"@id\":\"https:\\\/\\\/akunq.net\\\/tr\\\/?p=66784#breadcrumb\",\"itemListElement\":[{\"@type\":\"ListItem\",\"position\":1,\"name\":\"Home\",\"item\":\"https:\\\/\\\/akunq.net\\\/tr\"},{\"@type\":\"ListItem\",\"position\":2,\"name\":\"Az\u0131nl\u0131k vak\u0131flar\u0131 i\u00e7in se\u00e7im m\u00fcjdesi\"}]},{\"@type\":\"WebSite\",\"@id\":\"https:\\\/\\\/akunq.net\\\/tr\\\/#website\",\"url\":\"https:\\\/\\\/akunq.net\\\/tr\\\/\",\"name\":\"Bati Ermenistan Ve Bati Ermenileri Sorunlari Ara\u015ftirmalar Merkezi\",\"description\":\"\",\"potentialAction\":[{\"@type\":\"SearchAction\",\"target\":{\"@type\":\"EntryPoint\",\"urlTemplate\":\"https:\\\/\\\/akunq.net\\\/tr\\\/?s={search_term_string}\"},\"query-input\":{\"@type\":\"PropertyValueSpecification\",\"valueRequired\":true,\"valueName\":\"search_term_string\"}}],\"inLanguage\":\"en-US\"},{\"@type\":\"Person\",\"@id\":\"https:\\\/\\\/akunq.net\\\/tr\\\/#\\\/schema\\\/person\\\/096f1d38a12cce57fb855b485ed24c9e\",\"name\":\"admin\",\"url\":\"https:\\\/\\\/akunq.net\\\/tr\\\/?author=7\"}]}<\/script>\n<!-- \/ Yoast SEO plugin. -->","yoast_head_json":{"title":"Az\u0131nl\u0131k vak\u0131flar\u0131 i\u00e7in se\u00e7im m\u00fcjdesi - Bati Ermenistan Ve Bati Ermenileri Sorunlari Ara\u015ftirmalar Merkezi","robots":{"index":"index","follow":"follow","max-snippet":"max-snippet:-1","max-image-preview":"max-image-preview:large","max-video-preview":"max-video-preview:-1"},"canonical":"https:\/\/akunq.net\/tr\/?p=66784","og_locale":"en_US","og_type":"article","og_title":"Az\u0131nl\u0131k vak\u0131flar\u0131 i\u00e7in se\u00e7im m\u00fcjdesi - Bati Ermenistan Ve Bati Ermenileri Sorunlari Ara\u015ftirmalar Merkezi","og_description":"Cumhurba\u015fkan\u0131 Recep Tayyip Erdo\u011fan, T\u00fcrkiye\u2019deki az\u0131nl\u0131klara ait dini vak\u0131flar\u0131n kendi y\u00f6netim kurullar\u0131n\u0131 se\u00e7mesine olanak tan\u0131yacak yasal d\u00fczenlemenin yak\u0131nda tamamlanaca\u011f\u0131n\u0131 s\u00f6yledi. ASLIHAN ALTAY KARATA\u015e Ankara \u2013 Cumhurba\u015fkan\u0131 Recep Tayyip Erdo\u011fan, T\u00fcrkiye\u2019deki az\u0131nl\u0131klara ait dini vak\u0131flar\u0131n kendi y\u00f6netim kurullar\u0131n\u0131 se\u00e7mesine olanak tan\u0131yacak yasal d\u00fczenlemenin yak\u0131nda tamamlanaca\u011f\u0131n\u0131 ve az\u0131nl\u0131k vak\u0131flar\u0131nda se\u00e7im yap\u0131labilece\u011fini s\u00f6yledi. Cumhurba\u015fkan\u0131 Erdo\u011fan, Ermeni Vak\u0131flar Birli\u011fi [&hellip;]","og_url":"https:\/\/akunq.net\/tr\/?p=66784","og_site_name":"Bati Ermenistan Ve Bati Ermenileri Sorunlari Ara\u015ftirmalar Merkezi","article_published_time":"2022-01-27T07:00:57+00:00","article_modified_time":"2022-01-27T07:19:48+00:00","og_image":[{"width":700,"height":394,"url":"https:\/\/akunq.net\/tr\/wp-content\/uploads\/sites\/6\/2022\/01\/Recep-Tayyip-Erdo\u011fan.jpg","type":"image\/jpeg"}],"author":"admin","twitter_card":"summary_large_image","twitter_misc":{"Written by":"admin","Est. reading time":"2 minutes"},"schema":{"@context":"https:\/\/schema.org","@graph":[{"@type":"Article","@id":"https:\/\/akunq.net\/tr\/?p=66784#article","isPartOf":{"@id":"https:\/\/akunq.net\/tr\/?p=66784"},"author":{"name":"admin","@id":"https:\/\/akunq.net\/tr\/#\/schema\/person\/096f1d38a12cce57fb855b485ed24c9e"},"headline":"Az\u0131nl\u0131k vak\u0131flar\u0131 i\u00e7in se\u00e7im m\u00fcjdesi","datePublished":"2022-01-27T07:00:57+00:00","dateModified":"2022-01-27T07:19:48+00:00","mainEntityOfPage":{"@id":"https:\/\/akunq.net\/tr\/?p=66784"},"wordCount":399,"commentCount":0,"image":{"@id":"https:\/\/akunq.net\/tr\/?p=66784#primaryimage"},"thumbnailUrl":"https:\/\/akunq.net\/tr\/wp-content\/uploads\/sites\/6\/2022\/01\/Recep-Tayyip-Erdo\u011fan.jpg","articleSection":["Haberler","T\u00fcrkiye\u2019de Az\u0131nl\u0131klar"],"inLanguage":"en-US","potentialAction":[{"@type":"CommentAction","name":"Comment","target":["https:\/\/akunq.net\/tr\/?p=66784#respond"]}]},{"@type":"WebPage","@id":"https:\/\/akunq.net\/tr\/?p=66784","url":"https:\/\/akunq.net\/tr\/?p=66784","name":"Az\u0131nl\u0131k vak\u0131flar\u0131 i\u00e7in se\u00e7im m\u00fcjdesi - Bati Ermenistan Ve Bati Ermenileri Sorunlari Ara\u015ftirmalar Merkezi","isPartOf":{"@id":"https:\/\/akunq.net\/tr\/#website"},"primaryImageOfPage":{"@id":"https:\/\/akunq.net\/tr\/?p=66784#primaryimage"},"image":{"@id":"https:\/\/akunq.net\/tr\/?p=66784#primaryimage"},"thumbnailUrl":"https:\/\/akunq.net\/tr\/wp-content\/uploads\/sites\/6\/2022\/01\/Recep-Tayyip-Erdo\u011fan.jpg","datePublished":"2022-01-27T07:00:57+00:00","dateModified":"2022-01-27T07:19:48+00:00","author":{"@id":"https:\/\/akunq.net\/tr\/#\/schema\/person\/096f1d38a12cce57fb855b485ed24c9e"},"breadcrumb":{"@id":"https:\/\/akunq.net\/tr\/?p=66784#breadcrumb"},"inLanguage":"en-US","potentialAction":[{"@type":"ReadAction","target":["https:\/\/akunq.net\/tr\/?p=66784"]}]},{"@type":"ImageObject","inLanguage":"en-US","@id":"https:\/\/akunq.net\/tr\/?p=66784#primaryimage","url":"https:\/\/akunq.net\/tr\/wp-content\/uploads\/sites\/6\/2022\/01\/Recep-Tayyip-Erdo\u011fan.jpg","contentUrl":"https:\/\/akunq.net\/tr\/wp-content\/uploads\/sites\/6\/2022\/01\/Recep-Tayyip-Erdo\u011fan.jpg","width":700,"height":394},{"@type":"BreadcrumbList","@id":"https:\/\/akunq.net\/tr\/?p=66784#breadcrumb","itemListElement":[{"@type":"ListItem","position":1,"name":"Home","item":"https:\/\/akunq.net\/tr"},{"@type":"ListItem","position":2,"name":"Az\u0131nl\u0131k vak\u0131flar\u0131 i\u00e7in se\u00e7im m\u00fcjdesi"}]},{"@type":"WebSite","@id":"https:\/\/akunq.net\/tr\/#website","url":"https:\/\/akunq.net\/tr\/","name":"Bati Ermenistan Ve Bati Ermenileri Sorunlari Ara\u015ftirmalar Merkezi","description":"","potentialAction":[{"@type":"SearchAction","target":{"@type":"EntryPoint","urlTemplate":"https:\/\/akunq.net\/tr\/?s={search_term_string}"},"query-input":{"@type":"PropertyValueSpecification","valueRequired":true,"valueName":"search_term_string"}}],"inLanguage":"en-US"},{"@type":"Person","@id":"https:\/\/akunq.net\/tr\/#\/schema\/person\/096f1d38a12cce57fb855b485ed24c9e","name":"admin","url":"https:\/\/akunq.net\/tr\/?author=7"}]}},"_links":{"self":[{"href":"https:\/\/akunq.net\/tr\/index.php?rest_route=\/wp\/v2\/posts\/66784","targetHints":{"allow":["GET"]}}],"collection":[{"href":"https:\/\/akunq.net\/tr\/index.php?rest_route=\/wp\/v2\/posts"}],"about":[{"href":"https:\/\/akunq.net\/tr\/index.php?rest_route=\/wp\/v2\/types\/post"}],"author":[{"embeddable":true,"href":"https:\/\/akunq.net\/tr\/index.php?rest_route=\/wp\/v2\/users\/7"}],"replies":[{"embeddable":true,"href":"https:\/\/akunq.net\/tr\/index.php?rest_route=%2Fwp%2Fv2%2Fcomments&post=66784"}],"version-history":[{"count":1,"href":"https:\/\/akunq.net\/tr\/index.php?rest_route=\/wp\/v2\/posts\/66784\/revisions"}],"predecessor-version":[{"id":66786,"href":"https:\/\/akunq.net\/tr\/index.php?rest_route=\/wp\/v2\/posts\/66784\/revisions\/66786"}],"wp:featuredmedia":[{"embeddable":true,"href":"https:\/\/akunq.net\/tr\/index.php?rest_route=\/wp\/v2\/media\/66785"}],"wp:attachment":[{"href":"https:\/\/akunq.net\/tr\/index.php?rest_route=%2Fwp%2Fv2%2Fmedia&parent=66784"}],"wp:term":[{"taxonomy":"category","embeddable":true,"href":"https:\/\/akunq.net\/tr\/index.php?rest_route=%2Fwp%2Fv2%2Fcategories&post=66784"},{"taxonomy":"post_tag","embeddable":true,"href":"https:\/\/akunq.net\/tr\/index.php?rest_route=%2Fwp%2Fv2%2Ftags&post=66784"}],"curies":[{"name":"wp","href":"https:\/\/api.w.org\/{rel}","templated":true}]}}