{"id":66781,"date":"2022-01-27T01:51:56","date_gmt":"2022-01-27T06:51:56","guid":{"rendered":"https:\/\/akunq.net\/tr\/?p=66781"},"modified":"2022-01-27T01:51:56","modified_gmt":"2022-01-27T06:51:56","slug":"medeniyetler-sehri-mardin-tarihi-mekanlariyla-beyaza-burundu","status":"publish","type":"post","link":"https:\/\/akunq.net\/tr\/?p=66781","title":{"rendered":"Medeniyetler \u015fehri Mardin tarihi mekanlar\u0131yla beyaza b\u00fcr\u00fcnd\u00fc"},"content":{"rendered":"<p><img loading=\"lazy\" decoding=\"async\" class=\"aligncenter size-medium wp-image-66782\" src=\"https:\/\/akunq.net\/tr\/wp-content\/uploads\/2022\/01\/Mardin-360x203.jpg\" alt=\"\" width=\"360\" height=\"203\" srcset=\"https:\/\/akunq.net\/tr\/wp-content\/uploads\/sites\/6\/2022\/01\/Mardin-360x203.jpg 360w, https:\/\/akunq.net\/tr\/wp-content\/uploads\/sites\/6\/2022\/01\/Mardin-768x432.jpg 768w, https:\/\/akunq.net\/tr\/wp-content\/uploads\/sites\/6\/2022\/01\/Mardin-560x315.jpg 560w, https:\/\/akunq.net\/tr\/wp-content\/uploads\/sites\/6\/2022\/01\/Mardin-260x146.jpg 260w, https:\/\/akunq.net\/tr\/wp-content\/uploads\/sites\/6\/2022\/01\/Mardin-160x90.jpg 160w, https:\/\/akunq.net\/tr\/wp-content\/uploads\/sites\/6\/2022\/01\/Mardin.jpg 864w\" sizes=\"auto, (max-width: 360px) 100vw, 360px\" \/><\/p>\n<p><em><strong>Olumsuz hava ko\u015fullar\u0131n\u0131n etkili oldu\u011fu Mardin, tarihi mekanlar\u0131yla karla kapland\u0131.<\/strong><\/em><\/p>\n<p><strong>Halil \u0130brahim Sincar<\/strong><\/p>\n<p>Tarihi ve tescilli yap\u0131lar\u0131yla a\u00e7\u0131k hava m\u00fczesini and\u0131ran medeniyetler \u015fehri Mardin\u2019de, kar ya\u011f\u0131\u015f\u0131 6 g\u00fcnd\u00fcr aral\u0131klarla devam ediyor.<\/p>\n<p>Tarihi \u015fehirdeki Mardin Kalesi, Mardin Ovas\u0131, medrese, manast\u0131r, cami ve kiliseler ile tarihi \u00e7ar\u015f\u0131 ve konaklar kar ya\u011f\u0131\u015f\u0131yla beyaza b\u00fcr\u00fcnd\u00fc.<\/p>\n<p>Tarihi yap\u0131lardaki kar manzaras\u0131, amat\u00f6r ve profesyonel foto\u011fraf\u00e7\u0131lar ile ziyaret\u00e7ilerin de objektiflerine yans\u0131d\u0131.<\/p>\n<p>Kentte kar ya\u011f\u0131\u015f\u0131n\u0131 s\u00fcrmesi nedeniyle tarihi yap\u0131lar\u0131n oldu\u011fu Birinci Cadde ile \u00e7ar\u015f\u0131larda baz\u0131 esnaf i\u015f yerini a\u00e7amad\u0131.<\/p>\n<p>Kenti gezen Mizgin Demir, tarihi yap\u0131lar\u0131n karla \u00e7ok g\u00fczel g\u00f6r\u00fcnt\u00fc olu\u015fturdu\u011funu s\u00f6yledi.<\/p>\n<p>Tarihi \u015fehrin her mevsim g\u00f6r\u00fclmesi gerekti\u011fini ifade eden Demir, kar\u0131n tarihi mekanlara ayr\u0131 bir g\u00fczellik katt\u0131\u011f\u0131n\u0131 belirtti.<\/p>\n<hr \/>\n<p><strong><em><a href=\"https:\/\/www.aa.com.tr\/tr\/yasam\/medeniyetler-sehri-mardin-tarihi-mekanlariyla-beyaza-burundu\/2484945\" target=\"_blank\" rel=\"noopener noreferrer\">AA<\/a><\/em><\/strong><\/p>\n","protected":false},"excerpt":{"rendered":"<p>Olumsuz hava ko\u015fullar\u0131n\u0131n etkili oldu\u011fu Mardin, tarihi mekanlar\u0131yla karla kapland\u0131. Halil \u0130brahim Sincar Tarihi ve tescilli yap\u0131lar\u0131yla a\u00e7\u0131k hava m\u00fczesini and\u0131ran medeniyetler \u015fehri Mardin\u2019de, kar ya\u011f\u0131\u015f\u0131 6 g\u00fcnd\u00fcr aral\u0131klarla devam ediyor. Tarihi \u015fehirdeki Mardin Kalesi, Mardin Ovas\u0131, medrese, manast\u0131r, cami ve kiliseler ile tarihi \u00e7ar\u015f\u0131 ve konaklar kar ya\u011f\u0131\u015f\u0131yla beyaza b\u00fcr\u00fcnd\u00fc. Tarihi yap\u0131lardaki kar manzaras\u0131, [&hellip;]<\/p>\n","protected":false},"author":7,"featured_media":66782,"comment_status":"open","ping_status":"open","sticky":false,"template":"","format":"standard","meta":{"footnotes":""},"categories":[1],"tags":[],"class_list":["post-66781","post","type-post","status-publish","format-standard","has-post-thumbnail","hentry","category-haberler"],"yoast_head":"<!-- This site is optimized with the Yoast SEO plugin v27.4 - https:\/\/yoast.com\/product\/yoast-seo-wordpress\/ -->\n<title>Medeniyetler \u015fehri Mardin tarihi mekanlar\u0131yla beyaza b\u00fcr\u00fcnd\u00fc - Bati Ermenistan Ve Bati Ermenileri Sorunlari Ara\u015ftirmalar Merkezi<\/title>\n<meta name=\"robots\" content=\"index, follow, max-snippet:-1, max-image-preview:large, max-video-preview:-1\" \/>\n<link rel=\"canonical\" href=\"https:\/\/akunq.net\/tr\/?p=66781\" \/>\n<meta property=\"og:locale\" content=\"en_US\" \/>\n<meta property=\"og:type\" content=\"article\" \/>\n<meta property=\"og:title\" content=\"Medeniyetler \u015fehri Mardin tarihi mekanlar\u0131yla beyaza b\u00fcr\u00fcnd\u00fc - Bati Ermenistan Ve Bati Ermenileri Sorunlari Ara\u015ftirmalar Merkezi\" \/>\n<meta property=\"og:description\" content=\"Olumsuz hava ko\u015fullar\u0131n\u0131n etkili oldu\u011fu Mardin, tarihi mekanlar\u0131yla karla kapland\u0131. Halil \u0130brahim Sincar Tarihi ve tescilli yap\u0131lar\u0131yla a\u00e7\u0131k hava m\u00fczesini and\u0131ran medeniyetler \u015fehri Mardin\u2019de, kar ya\u011f\u0131\u015f\u0131 6 g\u00fcnd\u00fcr aral\u0131klarla devam ediyor. Tarihi \u015fehirdeki Mardin Kalesi, Mardin Ovas\u0131, medrese, manast\u0131r, cami ve kiliseler ile tarihi \u00e7ar\u015f\u0131 ve konaklar kar ya\u011f\u0131\u015f\u0131yla beyaza b\u00fcr\u00fcnd\u00fc. Tarihi yap\u0131lardaki kar manzaras\u0131, [&hellip;]\" \/>\n<meta property=\"og:url\" content=\"https:\/\/akunq.net\/tr\/?p=66781\" \/>\n<meta property=\"og:site_name\" content=\"Bati Ermenistan Ve Bati Ermenileri Sorunlari Ara\u015ftirmalar Merkezi\" \/>\n<meta property=\"article:published_time\" content=\"2022-01-27T06:51:56+00:00\" \/>\n<meta property=\"og:image\" content=\"https:\/\/akunq.net\/tr\/wp-content\/uploads\/sites\/6\/2022\/01\/Mardin.jpg\" \/>\n\t<meta property=\"og:image:width\" content=\"864\" \/>\n\t<meta property=\"og:image:height\" content=\"486\" \/>\n\t<meta property=\"og:image:type\" content=\"image\/jpeg\" \/>\n<meta name=\"author\" content=\"admin\" \/>\n<meta name=\"twitter:card\" content=\"summary_large_image\" \/>\n<meta name=\"twitter:label1\" content=\"Written by\" \/>\n\t<meta name=\"twitter:data1\" content=\"admin\" \/>\n\t<meta name=\"twitter:label2\" content=\"Est. reading time\" \/>\n\t<meta name=\"twitter:data2\" content=\"1 minute\" \/>\n<script type=\"application\/ld+json\" class=\"yoast-schema-graph\">{\"@context\":\"https:\\\/\\\/schema.org\",\"@graph\":[{\"@type\":\"Article\",\"@id\":\"https:\\\/\\\/akunq.net\\\/tr\\\/?p=66781#article\",\"isPartOf\":{\"@id\":\"https:\\\/\\\/akunq.net\\\/tr\\\/?p=66781\"},\"author\":{\"name\":\"admin\",\"@id\":\"https:\\\/\\\/akunq.net\\\/tr\\\/#\\\/schema\\\/person\\\/096f1d38a12cce57fb855b485ed24c9e\"},\"headline\":\"Medeniyetler \u015fehri Mardin tarihi mekanlar\u0131yla beyaza b\u00fcr\u00fcnd\u00fc\",\"datePublished\":\"2022-01-27T06:51:56+00:00\",\"mainEntityOfPage\":{\"@id\":\"https:\\\/\\\/akunq.net\\\/tr\\\/?p=66781\"},\"wordCount\":165,\"commentCount\":0,\"image\":{\"@id\":\"https:\\\/\\\/akunq.net\\\/tr\\\/?p=66781#primaryimage\"},\"thumbnailUrl\":\"https:\\\/\\\/akunq.net\\\/tr\\\/wp-content\\\/uploads\\\/sites\\\/6\\\/2022\\\/01\\\/Mardin.jpg\",\"articleSection\":[\"Haberler\"],\"inLanguage\":\"en-US\",\"potentialAction\":[{\"@type\":\"CommentAction\",\"name\":\"Comment\",\"target\":[\"https:\\\/\\\/akunq.net\\\/tr\\\/?p=66781#respond\"]}]},{\"@type\":\"WebPage\",\"@id\":\"https:\\\/\\\/akunq.net\\\/tr\\\/?p=66781\",\"url\":\"https:\\\/\\\/akunq.net\\\/tr\\\/?p=66781\",\"name\":\"Medeniyetler \u015fehri Mardin tarihi mekanlar\u0131yla beyaza b\u00fcr\u00fcnd\u00fc - Bati Ermenistan Ve Bati Ermenileri Sorunlari Ara\u015ftirmalar Merkezi\",\"isPartOf\":{\"@id\":\"https:\\\/\\\/akunq.net\\\/tr\\\/#website\"},\"primaryImageOfPage\":{\"@id\":\"https:\\\/\\\/akunq.net\\\/tr\\\/?p=66781#primaryimage\"},\"image\":{\"@id\":\"https:\\\/\\\/akunq.net\\\/tr\\\/?p=66781#primaryimage\"},\"thumbnailUrl\":\"https:\\\/\\\/akunq.net\\\/tr\\\/wp-content\\\/uploads\\\/sites\\\/6\\\/2022\\\/01\\\/Mardin.jpg\",\"datePublished\":\"2022-01-27T06:51:56+00:00\",\"author\":{\"@id\":\"https:\\\/\\\/akunq.net\\\/tr\\\/#\\\/schema\\\/person\\\/096f1d38a12cce57fb855b485ed24c9e\"},\"breadcrumb\":{\"@id\":\"https:\\\/\\\/akunq.net\\\/tr\\\/?p=66781#breadcrumb\"},\"inLanguage\":\"en-US\",\"potentialAction\":[{\"@type\":\"ReadAction\",\"target\":[\"https:\\\/\\\/akunq.net\\\/tr\\\/?p=66781\"]}]},{\"@type\":\"ImageObject\",\"inLanguage\":\"en-US\",\"@id\":\"https:\\\/\\\/akunq.net\\\/tr\\\/?p=66781#primaryimage\",\"url\":\"https:\\\/\\\/akunq.net\\\/tr\\\/wp-content\\\/uploads\\\/sites\\\/6\\\/2022\\\/01\\\/Mardin.jpg\",\"contentUrl\":\"https:\\\/\\\/akunq.net\\\/tr\\\/wp-content\\\/uploads\\\/sites\\\/6\\\/2022\\\/01\\\/Mardin.jpg\",\"width\":864,\"height\":486},{\"@type\":\"BreadcrumbList\",\"@id\":\"https:\\\/\\\/akunq.net\\\/tr\\\/?p=66781#breadcrumb\",\"itemListElement\":[{\"@type\":\"ListItem\",\"position\":1,\"name\":\"Home\",\"item\":\"https:\\\/\\\/akunq.net\\\/tr\"},{\"@type\":\"ListItem\",\"position\":2,\"name\":\"Medeniyetler \u015fehri Mardin tarihi mekanlar\u0131yla beyaza b\u00fcr\u00fcnd\u00fc\"}]},{\"@type\":\"WebSite\",\"@id\":\"https:\\\/\\\/akunq.net\\\/tr\\\/#website\",\"url\":\"https:\\\/\\\/akunq.net\\\/tr\\\/\",\"name\":\"Bati Ermenistan Ve Bati Ermenileri Sorunlari Ara\u015ftirmalar Merkezi\",\"description\":\"\",\"potentialAction\":[{\"@type\":\"SearchAction\",\"target\":{\"@type\":\"EntryPoint\",\"urlTemplate\":\"https:\\\/\\\/akunq.net\\\/tr\\\/?s={search_term_string}\"},\"query-input\":{\"@type\":\"PropertyValueSpecification\",\"valueRequired\":true,\"valueName\":\"search_term_string\"}}],\"inLanguage\":\"en-US\"},{\"@type\":\"Person\",\"@id\":\"https:\\\/\\\/akunq.net\\\/tr\\\/#\\\/schema\\\/person\\\/096f1d38a12cce57fb855b485ed24c9e\",\"name\":\"admin\",\"url\":\"https:\\\/\\\/akunq.net\\\/tr\\\/?author=7\"}]}<\/script>\n<!-- \/ Yoast SEO plugin. -->","yoast_head_json":{"title":"Medeniyetler \u015fehri Mardin tarihi mekanlar\u0131yla beyaza b\u00fcr\u00fcnd\u00fc - Bati Ermenistan Ve Bati Ermenileri Sorunlari Ara\u015ftirmalar Merkezi","robots":{"index":"index","follow":"follow","max-snippet":"max-snippet:-1","max-image-preview":"max-image-preview:large","max-video-preview":"max-video-preview:-1"},"canonical":"https:\/\/akunq.net\/tr\/?p=66781","og_locale":"en_US","og_type":"article","og_title":"Medeniyetler \u015fehri Mardin tarihi mekanlar\u0131yla beyaza b\u00fcr\u00fcnd\u00fc - Bati Ermenistan Ve Bati Ermenileri Sorunlari Ara\u015ftirmalar Merkezi","og_description":"Olumsuz hava ko\u015fullar\u0131n\u0131n etkili oldu\u011fu Mardin, tarihi mekanlar\u0131yla karla kapland\u0131. Halil \u0130brahim Sincar Tarihi ve tescilli yap\u0131lar\u0131yla a\u00e7\u0131k hava m\u00fczesini and\u0131ran medeniyetler \u015fehri Mardin\u2019de, kar ya\u011f\u0131\u015f\u0131 6 g\u00fcnd\u00fcr aral\u0131klarla devam ediyor. Tarihi \u015fehirdeki Mardin Kalesi, Mardin Ovas\u0131, medrese, manast\u0131r, cami ve kiliseler ile tarihi \u00e7ar\u015f\u0131 ve konaklar kar ya\u011f\u0131\u015f\u0131yla beyaza b\u00fcr\u00fcnd\u00fc. Tarihi yap\u0131lardaki kar manzaras\u0131, [&hellip;]","og_url":"https:\/\/akunq.net\/tr\/?p=66781","og_site_name":"Bati Ermenistan Ve Bati Ermenileri Sorunlari Ara\u015ftirmalar Merkezi","article_published_time":"2022-01-27T06:51:56+00:00","og_image":[{"width":864,"height":486,"url":"https:\/\/akunq.net\/tr\/wp-content\/uploads\/sites\/6\/2022\/01\/Mardin.jpg","type":"image\/jpeg"}],"author":"admin","twitter_card":"summary_large_image","twitter_misc":{"Written by":"admin","Est. reading time":"1 minute"},"schema":{"@context":"https:\/\/schema.org","@graph":[{"@type":"Article","@id":"https:\/\/akunq.net\/tr\/?p=66781#article","isPartOf":{"@id":"https:\/\/akunq.net\/tr\/?p=66781"},"author":{"name":"admin","@id":"https:\/\/akunq.net\/tr\/#\/schema\/person\/096f1d38a12cce57fb855b485ed24c9e"},"headline":"Medeniyetler \u015fehri Mardin tarihi mekanlar\u0131yla beyaza b\u00fcr\u00fcnd\u00fc","datePublished":"2022-01-27T06:51:56+00:00","mainEntityOfPage":{"@id":"https:\/\/akunq.net\/tr\/?p=66781"},"wordCount":165,"commentCount":0,"image":{"@id":"https:\/\/akunq.net\/tr\/?p=66781#primaryimage"},"thumbnailUrl":"https:\/\/akunq.net\/tr\/wp-content\/uploads\/sites\/6\/2022\/01\/Mardin.jpg","articleSection":["Haberler"],"inLanguage":"en-US","potentialAction":[{"@type":"CommentAction","name":"Comment","target":["https:\/\/akunq.net\/tr\/?p=66781#respond"]}]},{"@type":"WebPage","@id":"https:\/\/akunq.net\/tr\/?p=66781","url":"https:\/\/akunq.net\/tr\/?p=66781","name":"Medeniyetler \u015fehri Mardin tarihi mekanlar\u0131yla beyaza b\u00fcr\u00fcnd\u00fc - Bati Ermenistan Ve Bati Ermenileri Sorunlari Ara\u015ftirmalar Merkezi","isPartOf":{"@id":"https:\/\/akunq.net\/tr\/#website"},"primaryImageOfPage":{"@id":"https:\/\/akunq.net\/tr\/?p=66781#primaryimage"},"image":{"@id":"https:\/\/akunq.net\/tr\/?p=66781#primaryimage"},"thumbnailUrl":"https:\/\/akunq.net\/tr\/wp-content\/uploads\/sites\/6\/2022\/01\/Mardin.jpg","datePublished":"2022-01-27T06:51:56+00:00","author":{"@id":"https:\/\/akunq.net\/tr\/#\/schema\/person\/096f1d38a12cce57fb855b485ed24c9e"},"breadcrumb":{"@id":"https:\/\/akunq.net\/tr\/?p=66781#breadcrumb"},"inLanguage":"en-US","potentialAction":[{"@type":"ReadAction","target":["https:\/\/akunq.net\/tr\/?p=66781"]}]},{"@type":"ImageObject","inLanguage":"en-US","@id":"https:\/\/akunq.net\/tr\/?p=66781#primaryimage","url":"https:\/\/akunq.net\/tr\/wp-content\/uploads\/sites\/6\/2022\/01\/Mardin.jpg","contentUrl":"https:\/\/akunq.net\/tr\/wp-content\/uploads\/sites\/6\/2022\/01\/Mardin.jpg","width":864,"height":486},{"@type":"BreadcrumbList","@id":"https:\/\/akunq.net\/tr\/?p=66781#breadcrumb","itemListElement":[{"@type":"ListItem","position":1,"name":"Home","item":"https:\/\/akunq.net\/tr"},{"@type":"ListItem","position":2,"name":"Medeniyetler \u015fehri Mardin tarihi mekanlar\u0131yla beyaza b\u00fcr\u00fcnd\u00fc"}]},{"@type":"WebSite","@id":"https:\/\/akunq.net\/tr\/#website","url":"https:\/\/akunq.net\/tr\/","name":"Bati Ermenistan Ve Bati Ermenileri Sorunlari Ara\u015ftirmalar Merkezi","description":"","potentialAction":[{"@type":"SearchAction","target":{"@type":"EntryPoint","urlTemplate":"https:\/\/akunq.net\/tr\/?s={search_term_string}"},"query-input":{"@type":"PropertyValueSpecification","valueRequired":true,"valueName":"search_term_string"}}],"inLanguage":"en-US"},{"@type":"Person","@id":"https:\/\/akunq.net\/tr\/#\/schema\/person\/096f1d38a12cce57fb855b485ed24c9e","name":"admin","url":"https:\/\/akunq.net\/tr\/?author=7"}]}},"_links":{"self":[{"href":"https:\/\/akunq.net\/tr\/index.php?rest_route=\/wp\/v2\/posts\/66781","targetHints":{"allow":["GET"]}}],"collection":[{"href":"https:\/\/akunq.net\/tr\/index.php?rest_route=\/wp\/v2\/posts"}],"about":[{"href":"https:\/\/akunq.net\/tr\/index.php?rest_route=\/wp\/v2\/types\/post"}],"author":[{"embeddable":true,"href":"https:\/\/akunq.net\/tr\/index.php?rest_route=\/wp\/v2\/users\/7"}],"replies":[{"embeddable":true,"href":"https:\/\/akunq.net\/tr\/index.php?rest_route=%2Fwp%2Fv2%2Fcomments&post=66781"}],"version-history":[{"count":1,"href":"https:\/\/akunq.net\/tr\/index.php?rest_route=\/wp\/v2\/posts\/66781\/revisions"}],"predecessor-version":[{"id":66783,"href":"https:\/\/akunq.net\/tr\/index.php?rest_route=\/wp\/v2\/posts\/66781\/revisions\/66783"}],"wp:featuredmedia":[{"embeddable":true,"href":"https:\/\/akunq.net\/tr\/index.php?rest_route=\/wp\/v2\/media\/66782"}],"wp:attachment":[{"href":"https:\/\/akunq.net\/tr\/index.php?rest_route=%2Fwp%2Fv2%2Fmedia&parent=66781"}],"wp:term":[{"taxonomy":"category","embeddable":true,"href":"https:\/\/akunq.net\/tr\/index.php?rest_route=%2Fwp%2Fv2%2Fcategories&post=66781"},{"taxonomy":"post_tag","embeddable":true,"href":"https:\/\/akunq.net\/tr\/index.php?rest_route=%2Fwp%2Fv2%2Ftags&post=66781"}],"curies":[{"name":"wp","href":"https:\/\/api.w.org\/{rel}","templated":true}]}}