{"id":66778,"date":"2022-01-27T01:29:42","date_gmt":"2022-01-27T06:29:42","guid":{"rendered":"https:\/\/akunq.net\/tr\/?p=66778"},"modified":"2022-01-27T01:29:42","modified_gmt":"2022-01-27T06:29:42","slug":"karabagin-artskh-akunq-web-sitesi-isgal-altindaki-topraklarinda-yaklasik-2-000-anit-kaldi","status":"publish","type":"post","link":"https:\/\/akunq.net\/tr\/?p=66778","title":{"rendered":"Karaba\u011f&#8217;\u0131n (Artskh-&#8216;Akunq&#8217; web sitesi) i\u015fgal alt\u0131ndaki topraklar\u0131nda yakla\u015f\u0131k 2.000 an\u0131t kald\u0131"},"content":{"rendered":"<p><img loading=\"lazy\" decoding=\"async\" class=\"aligncenter size-medium wp-image-66779\" src=\"https:\/\/akunq.net\/tr\/wp-content\/uploads\/2022\/01\/Karaba\u011f-360x238.jpg\" alt=\"\" width=\"360\" height=\"238\" srcset=\"https:\/\/akunq.net\/tr\/wp-content\/uploads\/sites\/6\/2022\/01\/Karaba\u011f-360x238.jpg 360w, https:\/\/akunq.net\/tr\/wp-content\/uploads\/sites\/6\/2022\/01\/Karaba\u011f-260x172.jpg 260w, https:\/\/akunq.net\/tr\/wp-content\/uploads\/sites\/6\/2022\/01\/Karaba\u011f-160x106.jpg 160w, https:\/\/akunq.net\/tr\/wp-content\/uploads\/sites\/6\/2022\/01\/Karaba\u011f.jpg 545w\" sizes=\"auto, (max-width: 360px) 100vw, 360px\" \/><\/p>\n<p><strong><em>2020 y\u0131l\u0131n\u0131n sonbahar\u0131nda Azerbaycan&#8217;\u0131n Artsakh Cumhuriyeti\u2019ne (Karaba\u011f) kar\u015f\u0131 ba\u015flatt\u0131\u011f\u0131 sava\u015f nedeniyle yakla\u015f\u0131k 2000 an\u0131t Azerbaycan\u2019\u0131n i\u015fgal etti\u011fi arazilerde kald\u0131.<\/em><\/strong><\/p>\n<p>Azerbaycan\u2019\u0131n denetiminde olan topraklar\u0131nda &#8220;Tigranakert&#8221;, &#8220;Togh Melik konaklar\u0131&#8221;, &#8220;Tyak&#8221;, &#8220;Hunot&#8221;, &#8220;Azokh ma\u011faras\u0131\u201d da dahil olmak \u00fczere yakla\u015f\u0131k 2.000 an\u0131t kald\u0131. \u00a0Konuyla ilgili Tarihsel \u00c7evre Korunmas\u0131 Devlet Servisi bilgilere payla\u015ft\u0131.<\/p>\n<p>2021 y\u0131l\u0131n faaliyetlerini \u00f6zetleyen raporda bu makam\u0131n \u00e7al\u0131\u015fanlar\u0131 Artsakh\u2019\u0131n Martakert ve Askeran b\u00f6lgelerinde yakla\u015f\u0131k 200 yeni ke\u015fif kaydettiklerini belirttiler. Bunlar aras\u0131nda yaz\u0131lar, mezar ta\u015flar\u0131, Ha\u00e7 ta\u015flar\u0131, \u015fapeller ve ba\u015fka an\u0131tlar yer al\u0131yor.<\/p>\n<p>2021 y\u0131l\u0131nda, tarihi ve mimari yap\u0131lar\u0131n, tarihi \u00e7evrenin ve di\u011fer k\u00fclt\u00fcrel de\u011ferlerin korunmas\u0131, incelenmesi ile birlikte i\u015fgal alt\u0131ndaki topraklardaki an\u0131tlar\u0131n durumu hakk\u0131nda bilgi toplanmas\u0131 ve izlenmesi \u00e7al\u0131\u015fmalar\u0131 y\u00fcr\u00fct\u00fclm\u00fc\u015ft\u00fcr.<\/p>\n<p><em><strong>https:\/\/www.ermenihaber.am\/tr\/news\/2022\/01\/26\/Karaba%C4%9F-i%C5%9Fgal\/224224\u00a0<\/strong><\/em><\/p>\n","protected":false},"excerpt":{"rendered":"<p>2020 y\u0131l\u0131n\u0131n sonbahar\u0131nda Azerbaycan&#8217;\u0131n Artsakh Cumhuriyeti\u2019ne (Karaba\u011f) kar\u015f\u0131 ba\u015flatt\u0131\u011f\u0131 sava\u015f nedeniyle yakla\u015f\u0131k 2000 an\u0131t Azerbaycan\u2019\u0131n i\u015fgal etti\u011fi arazilerde kald\u0131. Azerbaycan\u2019\u0131n denetiminde olan topraklar\u0131nda &#8220;Tigranakert&#8221;, &#8220;Togh Melik konaklar\u0131&#8221;, &#8220;Tyak&#8221;, &#8220;Hunot&#8221;, &#8220;Azokh ma\u011faras\u0131\u201d da dahil olmak \u00fczere yakla\u015f\u0131k 2.000 an\u0131t kald\u0131. \u00a0Konuyla ilgili Tarihsel \u00c7evre Korunmas\u0131 Devlet Servisi bilgilere payla\u015ft\u0131. 2021 y\u0131l\u0131n faaliyetlerini \u00f6zetleyen raporda bu makam\u0131n [&hellip;]<\/p>\n","protected":false},"author":7,"featured_media":66779,"comment_status":"open","ping_status":"open","sticky":false,"template":"","format":"standard","meta":{"footnotes":""},"categories":[1],"tags":[],"class_list":["post-66778","post","type-post","status-publish","format-standard","has-post-thumbnail","hentry","category-haberler"],"yoast_head":"<!-- This site is optimized with the Yoast SEO plugin v27.4 - https:\/\/yoast.com\/product\/yoast-seo-wordpress\/ -->\n<title>Karaba\u011f&#039;\u0131n (Artskh-&#039;Akunq&#039; web sitesi) i\u015fgal alt\u0131ndaki topraklar\u0131nda yakla\u015f\u0131k 2.000 an\u0131t kald\u0131 - Bati Ermenistan Ve Bati Ermenileri Sorunlari Ara\u015ftirmalar Merkezi<\/title>\n<meta name=\"robots\" content=\"index, follow, max-snippet:-1, max-image-preview:large, max-video-preview:-1\" \/>\n<link rel=\"canonical\" href=\"https:\/\/akunq.net\/tr\/?p=66778\" \/>\n<meta property=\"og:locale\" content=\"en_US\" \/>\n<meta property=\"og:type\" content=\"article\" \/>\n<meta property=\"og:title\" content=\"Karaba\u011f&#039;\u0131n (Artskh-&#039;Akunq&#039; web sitesi) i\u015fgal alt\u0131ndaki topraklar\u0131nda yakla\u015f\u0131k 2.000 an\u0131t kald\u0131 - Bati Ermenistan Ve Bati Ermenileri Sorunlari Ara\u015ftirmalar Merkezi\" \/>\n<meta property=\"og:description\" content=\"2020 y\u0131l\u0131n\u0131n sonbahar\u0131nda Azerbaycan&#8217;\u0131n Artsakh Cumhuriyeti\u2019ne (Karaba\u011f) kar\u015f\u0131 ba\u015flatt\u0131\u011f\u0131 sava\u015f nedeniyle yakla\u015f\u0131k 2000 an\u0131t Azerbaycan\u2019\u0131n i\u015fgal etti\u011fi arazilerde kald\u0131. Azerbaycan\u2019\u0131n denetiminde olan topraklar\u0131nda &#8220;Tigranakert&#8221;, &#8220;Togh Melik konaklar\u0131&#8221;, &#8220;Tyak&#8221;, &#8220;Hunot&#8221;, &#8220;Azokh ma\u011faras\u0131\u201d da dahil olmak \u00fczere yakla\u015f\u0131k 2.000 an\u0131t kald\u0131. \u00a0Konuyla ilgili Tarihsel \u00c7evre Korunmas\u0131 Devlet Servisi bilgilere payla\u015ft\u0131. 2021 y\u0131l\u0131n faaliyetlerini \u00f6zetleyen raporda bu makam\u0131n [&hellip;]\" \/>\n<meta property=\"og:url\" content=\"https:\/\/akunq.net\/tr\/?p=66778\" \/>\n<meta property=\"og:site_name\" content=\"Bati Ermenistan Ve Bati Ermenileri Sorunlari Ara\u015ftirmalar Merkezi\" \/>\n<meta property=\"article:published_time\" content=\"2022-01-27T06:29:42+00:00\" \/>\n<meta property=\"og:image\" content=\"https:\/\/akunq.net\/tr\/wp-content\/uploads\/sites\/6\/2022\/01\/Karaba\u011f.jpg\" \/>\n\t<meta property=\"og:image:width\" content=\"545\" \/>\n\t<meta property=\"og:image:height\" content=\"361\" \/>\n\t<meta property=\"og:image:type\" content=\"image\/jpeg\" \/>\n<meta name=\"author\" content=\"admin\" \/>\n<meta name=\"twitter:card\" content=\"summary_large_image\" \/>\n<meta name=\"twitter:label1\" content=\"Written by\" \/>\n\t<meta name=\"twitter:data1\" content=\"admin\" \/>\n\t<meta name=\"twitter:label2\" content=\"Est. reading time\" \/>\n\t<meta name=\"twitter:data2\" content=\"1 minute\" \/>\n<script type=\"application\/ld+json\" class=\"yoast-schema-graph\">{\"@context\":\"https:\\\/\\\/schema.org\",\"@graph\":[{\"@type\":\"Article\",\"@id\":\"https:\\\/\\\/akunq.net\\\/tr\\\/?p=66778#article\",\"isPartOf\":{\"@id\":\"https:\\\/\\\/akunq.net\\\/tr\\\/?p=66778\"},\"author\":{\"name\":\"admin\",\"@id\":\"https:\\\/\\\/akunq.net\\\/tr\\\/#\\\/schema\\\/person\\\/096f1d38a12cce57fb855b485ed24c9e\"},\"headline\":\"Karaba\u011f&#8217;\u0131n (Artskh-&#8216;Akunq&#8217; web sitesi) i\u015fgal alt\u0131ndaki topraklar\u0131nda yakla\u015f\u0131k 2.000 an\u0131t kald\u0131\",\"datePublished\":\"2022-01-27T06:29:42+00:00\",\"mainEntityOfPage\":{\"@id\":\"https:\\\/\\\/akunq.net\\\/tr\\\/?p=66778\"},\"wordCount\":182,\"commentCount\":0,\"image\":{\"@id\":\"https:\\\/\\\/akunq.net\\\/tr\\\/?p=66778#primaryimage\"},\"thumbnailUrl\":\"https:\\\/\\\/akunq.net\\\/tr\\\/wp-content\\\/uploads\\\/sites\\\/6\\\/2022\\\/01\\\/Karaba\u011f.jpg\",\"articleSection\":[\"Haberler\"],\"inLanguage\":\"en-US\",\"potentialAction\":[{\"@type\":\"CommentAction\",\"name\":\"Comment\",\"target\":[\"https:\\\/\\\/akunq.net\\\/tr\\\/?p=66778#respond\"]}]},{\"@type\":\"WebPage\",\"@id\":\"https:\\\/\\\/akunq.net\\\/tr\\\/?p=66778\",\"url\":\"https:\\\/\\\/akunq.net\\\/tr\\\/?p=66778\",\"name\":\"Karaba\u011f'\u0131n (Artskh-'Akunq' web sitesi) i\u015fgal alt\u0131ndaki topraklar\u0131nda yakla\u015f\u0131k 2.000 an\u0131t kald\u0131 - Bati Ermenistan Ve Bati Ermenileri Sorunlari Ara\u015ftirmalar Merkezi\",\"isPartOf\":{\"@id\":\"https:\\\/\\\/akunq.net\\\/tr\\\/#website\"},\"primaryImageOfPage\":{\"@id\":\"https:\\\/\\\/akunq.net\\\/tr\\\/?p=66778#primaryimage\"},\"image\":{\"@id\":\"https:\\\/\\\/akunq.net\\\/tr\\\/?p=66778#primaryimage\"},\"thumbnailUrl\":\"https:\\\/\\\/akunq.net\\\/tr\\\/wp-content\\\/uploads\\\/sites\\\/6\\\/2022\\\/01\\\/Karaba\u011f.jpg\",\"datePublished\":\"2022-01-27T06:29:42+00:00\",\"author\":{\"@id\":\"https:\\\/\\\/akunq.net\\\/tr\\\/#\\\/schema\\\/person\\\/096f1d38a12cce57fb855b485ed24c9e\"},\"breadcrumb\":{\"@id\":\"https:\\\/\\\/akunq.net\\\/tr\\\/?p=66778#breadcrumb\"},\"inLanguage\":\"en-US\",\"potentialAction\":[{\"@type\":\"ReadAction\",\"target\":[\"https:\\\/\\\/akunq.net\\\/tr\\\/?p=66778\"]}]},{\"@type\":\"ImageObject\",\"inLanguage\":\"en-US\",\"@id\":\"https:\\\/\\\/akunq.net\\\/tr\\\/?p=66778#primaryimage\",\"url\":\"https:\\\/\\\/akunq.net\\\/tr\\\/wp-content\\\/uploads\\\/sites\\\/6\\\/2022\\\/01\\\/Karaba\u011f.jpg\",\"contentUrl\":\"https:\\\/\\\/akunq.net\\\/tr\\\/wp-content\\\/uploads\\\/sites\\\/6\\\/2022\\\/01\\\/Karaba\u011f.jpg\",\"width\":545,\"height\":361},{\"@type\":\"BreadcrumbList\",\"@id\":\"https:\\\/\\\/akunq.net\\\/tr\\\/?p=66778#breadcrumb\",\"itemListElement\":[{\"@type\":\"ListItem\",\"position\":1,\"name\":\"Home\",\"item\":\"https:\\\/\\\/akunq.net\\\/tr\"},{\"@type\":\"ListItem\",\"position\":2,\"name\":\"Karaba\u011f&#8217;\u0131n (Artskh-&#8216;Akunq&#8217; web sitesi) i\u015fgal alt\u0131ndaki topraklar\u0131nda yakla\u015f\u0131k 2.000 an\u0131t kald\u0131\"}]},{\"@type\":\"WebSite\",\"@id\":\"https:\\\/\\\/akunq.net\\\/tr\\\/#website\",\"url\":\"https:\\\/\\\/akunq.net\\\/tr\\\/\",\"name\":\"Bati Ermenistan Ve Bati Ermenileri Sorunlari Ara\u015ftirmalar Merkezi\",\"description\":\"\",\"potentialAction\":[{\"@type\":\"SearchAction\",\"target\":{\"@type\":\"EntryPoint\",\"urlTemplate\":\"https:\\\/\\\/akunq.net\\\/tr\\\/?s={search_term_string}\"},\"query-input\":{\"@type\":\"PropertyValueSpecification\",\"valueRequired\":true,\"valueName\":\"search_term_string\"}}],\"inLanguage\":\"en-US\"},{\"@type\":\"Person\",\"@id\":\"https:\\\/\\\/akunq.net\\\/tr\\\/#\\\/schema\\\/person\\\/096f1d38a12cce57fb855b485ed24c9e\",\"name\":\"admin\",\"url\":\"https:\\\/\\\/akunq.net\\\/tr\\\/?author=7\"}]}<\/script>\n<!-- \/ Yoast SEO plugin. -->","yoast_head_json":{"title":"Karaba\u011f'\u0131n (Artskh-'Akunq' web sitesi) i\u015fgal alt\u0131ndaki topraklar\u0131nda yakla\u015f\u0131k 2.000 an\u0131t kald\u0131 - Bati Ermenistan Ve Bati Ermenileri Sorunlari Ara\u015ftirmalar Merkezi","robots":{"index":"index","follow":"follow","max-snippet":"max-snippet:-1","max-image-preview":"max-image-preview:large","max-video-preview":"max-video-preview:-1"},"canonical":"https:\/\/akunq.net\/tr\/?p=66778","og_locale":"en_US","og_type":"article","og_title":"Karaba\u011f'\u0131n (Artskh-'Akunq' web sitesi) i\u015fgal alt\u0131ndaki topraklar\u0131nda yakla\u015f\u0131k 2.000 an\u0131t kald\u0131 - Bati Ermenistan Ve Bati Ermenileri Sorunlari Ara\u015ftirmalar Merkezi","og_description":"2020 y\u0131l\u0131n\u0131n sonbahar\u0131nda Azerbaycan&#8217;\u0131n Artsakh Cumhuriyeti\u2019ne (Karaba\u011f) kar\u015f\u0131 ba\u015flatt\u0131\u011f\u0131 sava\u015f nedeniyle yakla\u015f\u0131k 2000 an\u0131t Azerbaycan\u2019\u0131n i\u015fgal etti\u011fi arazilerde kald\u0131. Azerbaycan\u2019\u0131n denetiminde olan topraklar\u0131nda &#8220;Tigranakert&#8221;, &#8220;Togh Melik konaklar\u0131&#8221;, &#8220;Tyak&#8221;, &#8220;Hunot&#8221;, &#8220;Azokh ma\u011faras\u0131\u201d da dahil olmak \u00fczere yakla\u015f\u0131k 2.000 an\u0131t kald\u0131. \u00a0Konuyla ilgili Tarihsel \u00c7evre Korunmas\u0131 Devlet Servisi bilgilere payla\u015ft\u0131. 2021 y\u0131l\u0131n faaliyetlerini \u00f6zetleyen raporda bu makam\u0131n [&hellip;]","og_url":"https:\/\/akunq.net\/tr\/?p=66778","og_site_name":"Bati Ermenistan Ve Bati Ermenileri Sorunlari Ara\u015ftirmalar Merkezi","article_published_time":"2022-01-27T06:29:42+00:00","og_image":[{"width":545,"height":361,"url":"https:\/\/akunq.net\/tr\/wp-content\/uploads\/sites\/6\/2022\/01\/Karaba\u011f.jpg","type":"image\/jpeg"}],"author":"admin","twitter_card":"summary_large_image","twitter_misc":{"Written by":"admin","Est. reading time":"1 minute"},"schema":{"@context":"https:\/\/schema.org","@graph":[{"@type":"Article","@id":"https:\/\/akunq.net\/tr\/?p=66778#article","isPartOf":{"@id":"https:\/\/akunq.net\/tr\/?p=66778"},"author":{"name":"admin","@id":"https:\/\/akunq.net\/tr\/#\/schema\/person\/096f1d38a12cce57fb855b485ed24c9e"},"headline":"Karaba\u011f&#8217;\u0131n (Artskh-&#8216;Akunq&#8217; web sitesi) i\u015fgal alt\u0131ndaki topraklar\u0131nda yakla\u015f\u0131k 2.000 an\u0131t kald\u0131","datePublished":"2022-01-27T06:29:42+00:00","mainEntityOfPage":{"@id":"https:\/\/akunq.net\/tr\/?p=66778"},"wordCount":182,"commentCount":0,"image":{"@id":"https:\/\/akunq.net\/tr\/?p=66778#primaryimage"},"thumbnailUrl":"https:\/\/akunq.net\/tr\/wp-content\/uploads\/sites\/6\/2022\/01\/Karaba\u011f.jpg","articleSection":["Haberler"],"inLanguage":"en-US","potentialAction":[{"@type":"CommentAction","name":"Comment","target":["https:\/\/akunq.net\/tr\/?p=66778#respond"]}]},{"@type":"WebPage","@id":"https:\/\/akunq.net\/tr\/?p=66778","url":"https:\/\/akunq.net\/tr\/?p=66778","name":"Karaba\u011f'\u0131n (Artskh-'Akunq' web sitesi) i\u015fgal alt\u0131ndaki topraklar\u0131nda yakla\u015f\u0131k 2.000 an\u0131t kald\u0131 - Bati Ermenistan Ve Bati Ermenileri Sorunlari Ara\u015ftirmalar Merkezi","isPartOf":{"@id":"https:\/\/akunq.net\/tr\/#website"},"primaryImageOfPage":{"@id":"https:\/\/akunq.net\/tr\/?p=66778#primaryimage"},"image":{"@id":"https:\/\/akunq.net\/tr\/?p=66778#primaryimage"},"thumbnailUrl":"https:\/\/akunq.net\/tr\/wp-content\/uploads\/sites\/6\/2022\/01\/Karaba\u011f.jpg","datePublished":"2022-01-27T06:29:42+00:00","author":{"@id":"https:\/\/akunq.net\/tr\/#\/schema\/person\/096f1d38a12cce57fb855b485ed24c9e"},"breadcrumb":{"@id":"https:\/\/akunq.net\/tr\/?p=66778#breadcrumb"},"inLanguage":"en-US","potentialAction":[{"@type":"ReadAction","target":["https:\/\/akunq.net\/tr\/?p=66778"]}]},{"@type":"ImageObject","inLanguage":"en-US","@id":"https:\/\/akunq.net\/tr\/?p=66778#primaryimage","url":"https:\/\/akunq.net\/tr\/wp-content\/uploads\/sites\/6\/2022\/01\/Karaba\u011f.jpg","contentUrl":"https:\/\/akunq.net\/tr\/wp-content\/uploads\/sites\/6\/2022\/01\/Karaba\u011f.jpg","width":545,"height":361},{"@type":"BreadcrumbList","@id":"https:\/\/akunq.net\/tr\/?p=66778#breadcrumb","itemListElement":[{"@type":"ListItem","position":1,"name":"Home","item":"https:\/\/akunq.net\/tr"},{"@type":"ListItem","position":2,"name":"Karaba\u011f&#8217;\u0131n (Artskh-&#8216;Akunq&#8217; web sitesi) i\u015fgal alt\u0131ndaki topraklar\u0131nda yakla\u015f\u0131k 2.000 an\u0131t kald\u0131"}]},{"@type":"WebSite","@id":"https:\/\/akunq.net\/tr\/#website","url":"https:\/\/akunq.net\/tr\/","name":"Bati Ermenistan Ve Bati Ermenileri Sorunlari Ara\u015ftirmalar Merkezi","description":"","potentialAction":[{"@type":"SearchAction","target":{"@type":"EntryPoint","urlTemplate":"https:\/\/akunq.net\/tr\/?s={search_term_string}"},"query-input":{"@type":"PropertyValueSpecification","valueRequired":true,"valueName":"search_term_string"}}],"inLanguage":"en-US"},{"@type":"Person","@id":"https:\/\/akunq.net\/tr\/#\/schema\/person\/096f1d38a12cce57fb855b485ed24c9e","name":"admin","url":"https:\/\/akunq.net\/tr\/?author=7"}]}},"_links":{"self":[{"href":"https:\/\/akunq.net\/tr\/index.php?rest_route=\/wp\/v2\/posts\/66778","targetHints":{"allow":["GET"]}}],"collection":[{"href":"https:\/\/akunq.net\/tr\/index.php?rest_route=\/wp\/v2\/posts"}],"about":[{"href":"https:\/\/akunq.net\/tr\/index.php?rest_route=\/wp\/v2\/types\/post"}],"author":[{"embeddable":true,"href":"https:\/\/akunq.net\/tr\/index.php?rest_route=\/wp\/v2\/users\/7"}],"replies":[{"embeddable":true,"href":"https:\/\/akunq.net\/tr\/index.php?rest_route=%2Fwp%2Fv2%2Fcomments&post=66778"}],"version-history":[{"count":1,"href":"https:\/\/akunq.net\/tr\/index.php?rest_route=\/wp\/v2\/posts\/66778\/revisions"}],"predecessor-version":[{"id":66780,"href":"https:\/\/akunq.net\/tr\/index.php?rest_route=\/wp\/v2\/posts\/66778\/revisions\/66780"}],"wp:featuredmedia":[{"embeddable":true,"href":"https:\/\/akunq.net\/tr\/index.php?rest_route=\/wp\/v2\/media\/66779"}],"wp:attachment":[{"href":"https:\/\/akunq.net\/tr\/index.php?rest_route=%2Fwp%2Fv2%2Fmedia&parent=66778"}],"wp:term":[{"taxonomy":"category","embeddable":true,"href":"https:\/\/akunq.net\/tr\/index.php?rest_route=%2Fwp%2Fv2%2Fcategories&post=66778"},{"taxonomy":"post_tag","embeddable":true,"href":"https:\/\/akunq.net\/tr\/index.php?rest_route=%2Fwp%2Fv2%2Ftags&post=66778"}],"curies":[{"name":"wp","href":"https:\/\/api.w.org\/{rel}","templated":true}]}}