{"id":66775,"date":"2022-01-27T01:20:25","date_gmt":"2022-01-27T06:20:25","guid":{"rendered":"https:\/\/akunq.net\/tr\/?p=66775"},"modified":"2022-01-27T01:20:25","modified_gmt":"2022-01-27T06:20:25","slug":"aihm-turkiyeyi-deniz-yucel-davasinda-tazminata-mahkum-etti","status":"publish","type":"post","link":"https:\/\/akunq.net\/tr\/?p=66775","title":{"rendered":"A\u0130HM T\u00fcrkiye&#8217;yi Deniz Y\u00fccel davas\u0131nda tazminata mahkum etti"},"content":{"rendered":"<p><img loading=\"lazy\" decoding=\"async\" class=\"aligncenter size-medium wp-image-66776\" src=\"https:\/\/akunq.net\/tr\/wp-content\/uploads\/2022\/01\/\u0534\u0565\u0576\u056b\u0566-\u0545\u0578\u0582\u057b\u0565\u056c-360x238.jpg\" alt=\"\" width=\"360\" height=\"238\" srcset=\"https:\/\/akunq.net\/tr\/wp-content\/uploads\/sites\/6\/2022\/01\/\u0534\u0565\u0576\u056b\u0566-\u0545\u0578\u0582\u057b\u0565\u056c-360x238.jpg 360w, https:\/\/akunq.net\/tr\/wp-content\/uploads\/sites\/6\/2022\/01\/\u0534\u0565\u0576\u056b\u0566-\u0545\u0578\u0582\u057b\u0565\u056c-768x507.jpg 768w, https:\/\/akunq.net\/tr\/wp-content\/uploads\/sites\/6\/2022\/01\/\u0534\u0565\u0576\u056b\u0566-\u0545\u0578\u0582\u057b\u0565\u056c-560x369.jpg 560w, https:\/\/akunq.net\/tr\/wp-content\/uploads\/sites\/6\/2022\/01\/\u0534\u0565\u0576\u056b\u0566-\u0545\u0578\u0582\u057b\u0565\u056c-260x172.jpg 260w, https:\/\/akunq.net\/tr\/wp-content\/uploads\/sites\/6\/2022\/01\/\u0534\u0565\u0576\u056b\u0566-\u0545\u0578\u0582\u057b\u0565\u056c-160x106.jpg 160w, https:\/\/akunq.net\/tr\/wp-content\/uploads\/sites\/6\/2022\/01\/\u0534\u0565\u0576\u056b\u0566-\u0545\u0578\u0582\u057b\u0565\u056c.jpg 770w\" sizes=\"auto, (max-width: 360px) 100vw, 360px\" \/><\/p>\n<p class=\"intro\"><em><strong>A\u0130HM, Deniz Y\u00fccel&#8217;in tutuklulu\u011fu konusunda yap\u0131lan ba\u015fvuruda T\u00fcrkiye&#8217;nin A\u0130HS&#8217;nin &#8220;\u00f6zg\u00fcrl\u00fck ve g\u00fcvenlik&#8221; ile &#8220;ifade \u00f6zg\u00fcrl\u00fc\u011f\u00fc&#8221; maddelerini ihlal etti\u011fine h\u00fckmetti. Mahkeme, T\u00fcrkiye&#8217;yi tazminata mahkum etti.<\/strong><\/em><\/p>\n<div class=\"picBox full\"><a class=\"overlayLink init\" href=\"https:\/\/www.dw.com\/tr\/aihm-t%C3%BCrkiyeyi-deniz-y%C3%BCcel-davas%C4%B1nda-tazminata-mahkum-etti\/a-60546185#\" rel=\"nofollow\"><img loading=\"lazy\" decoding=\"async\" title=\"\" src=\"https:\/\/static.dw.com\/image\/60544965_303.jpg\" alt=\"\" width=\"700\" height=\"394\" \/><\/a><\/div>\n<div class=\"group\">\n<div class=\"longText\">\n<p>Avrupa \u0130nsan Haklar\u0131 Mahkemesi (A\u0130HM) Alman gazeteci Deniz Y\u00fccel&#8217;in T\u00fcrkiye&#8217;de tutuklulu\u011funa ili\u015fkin yap\u0131lan ba\u015fvuruyu karara ba\u011flad\u0131.<\/p>\n<p>A\u0130HM, Deniz Y\u00fccel&#8217;in bir y\u0131l g\u00f6zalt\u0131nda tutulmas\u0131 ile T\u00fcrkiye&#8217;nin Avrupa \u0130nsan Haklar\u0131 S\u00f6zle\u015fmesi&#8217;nin be\u015finci maddesinde d\u00fczenlenen, &#8220;\u00f6zg\u00fcrl\u00fck ve g\u00fcvenlik&#8221; ile onuncu maddesinde d\u00fczenlenen &#8220;ifade \u00f6zg\u00fcrl\u00fc\u011f\u00fc&#8221; maddelerini ihlal etti\u011fine h\u00fckmetti ve T\u00fcrkiye&#8217;yi tazminata mahkum etti. T\u00fcrkiye&#8217;nin Y\u00fccel&#8217;e 12 bin 300 euro manevi tazminat, bin euro da mahkeme masraf\u0131 \u00f6demesi kararla\u015ft\u0131r\u0131ld\u0131. Kararda taraflar\u0131n \u00fc\u00e7 ay i\u00e7erisinde karara itiraz etme hakk\u0131n\u0131n bulundu\u011fu belirtildi.<\/p>\n<h2>Y\u00fccel&#8217;in avukat\u0131: Ba\u015fvurumuz ge\u00e7 de olsa sonu\u00e7land\u0131<\/h2>\n<p>Karar\u0131 de\u011ferlendiren Deniz Y\u00fccel&#8217;in avukat\u0131 Veysel Ok, &#8220;Nihayet ba\u015fvurumuz eksik ve ge\u00e7 de olsa sonu\u00e7land\u0131. Mahkeme Deniz Y\u00fccel&#8217;in tutuklulu\u011funun ve hakk\u0131ndaki delillerinin hukuksuzlu\u011funu tespit etti. Tutuklaman\u0131n siyasi saiklerle yap\u0131ld\u0131\u011f\u0131 iddiam\u0131z\u0131 ise kabul etmedi&#8221; dedi.<\/p>\n<div class=\"picBox full\">\n<div id=\"twtr-1485905467578662912\" class=\"group embeddedTweet\">\n<div class=\"twitter-tweet twitter-tweet-rendered\"><iframe id=\"twitter-widget-0\" class=\"\" title=\"Twitter Tweet\" src=\"https:\/\/platform.twitter.com\/embed\/Tweet.html?dnt=false&amp;embedId=twitter-widget-0&amp;features=eyJ0ZndfZXhwZXJpbWVudHNfY29va2llX2V4cGlyYXRpb24iOnsiYnVja2V0IjoxMjA5NjAwLCJ2ZXJzaW9uIjpudWxsfSwidGZ3X2hvcml6b25fdHdlZXRfZW1iZWRfOTU1NSI6eyJidWNrZXQiOiJodGUiLCJ2ZXJzaW9uIjpudWxsfSwidGZ3X3NwYWNlX2NhcmQiOnsiYnVja2V0Ijoib2ZmIiwidmVyc2lvbiI6bnVsbH19&amp;frame=false&amp;hideCard=false&amp;hideThread=false&amp;id=1485905467578662912&amp;lang=en&amp;origin=https%3A%2F%2Fwww.dw.com%2Ftr%2Faihm-t%25C3%25BCrkiyeyi-deniz-y%25C3%25BCcel-davas%25C4%25B1nda-tazminata-mahkum-etti%2Fa-60546185&amp;sessionId=985f62b910b6a5ea679bf1336cf9491484b7d58f&amp;siteScreenName=dw_turkce&amp;theme=light&amp;widgetsVersion=75b3351%3A1642573356397&amp;width=550px\" frameborder=\"0\" scrolling=\"no\" allowfullscreen=\"allowfullscreen\" data-tweet-id=\"1485905467578662912\" data-mce-fragment=\"1\"><\/iframe><\/div>\n<\/div>\n<\/div>\n<p>A\u0130HM, A\u0130HS\u2019nin 5. madde 4. f\u0131kras\u0131 ba\u011flam\u0131nda ise ihlal tespit etmedi. Mahkeme, Y\u00fccel ve avukatlar\u0131 soru\u015fturma dosyas\u0131na eri\u015fim sa\u011flayamasa da dosya hakk\u0131nda Y\u00fccel\u2019in tutuklulu\u011funa itiraz etmeye yetecek kadar bilgi sahibi olduklar\u0131na h\u00fckmetti.<\/p>\n<p>Karar\u0131 de\u011ferlendiren Y\u00fccel&#8217;in avukat\u0131 Veysel Ok ise siyasi saiklerle y\u00fcr\u00fct\u00fclen bir davada 18. madde ihlali \u00e7\u0131kmamas\u0131yla eksik oldu\u011funu belirterek: &#8220;Hukuksal m\u00fccadelemiz s\u00fcrecek. 18. madde ihlali iddiam\u0131z\u0131 B\u00fcy\u00fck Daireye g\u00f6t\u00fcrece\u011fiz&#8221; dedi. A\u0130HS\u2019nin 18\u2019inci maddesi, haklara getirilecek k\u0131s\u0131tlanmalar\u0131n s\u0131n\u0131rlanmas\u0131 h\u00fckm\u00fcn\u00fc d\u00fczenliyor.<\/p>\n<h2>Y\u00fccel\u2019den a\u00e7\u0131klama<\/h2>\n<p>A\u0130HM\u2019e yakla\u015f\u0131k be\u015f y\u0131l \u00f6nce ba\u015fvuruda bulunan Deniz Y\u00fccel, Twitter hesab\u0131ndan kararla ilgili yapt\u0131\u011f\u0131 a\u00e7\u0131klamada karar\u0131n memnun edici oldu\u011funu belirtti. Ancak Y\u00fccel, mahkemenin i\u015fkence yasa\u011f\u0131 ihlali g\u00f6rmemesini ele\u015ftirdi. Y\u00fccel, &#8220;\u00d6te yandan mahkemenin dokuz ay boyunca Silivri\u2019de tecrit alt\u0131nda tutulmama, \u00fc\u00e7 g\u00fcn fiziki ve psikolojik \u015fiddete maruz kalmama ve bu uygulaman\u0131n siyasi talimatlar do\u011frultusunda ger\u00e7ekle\u015fmesine ra\u011fmen i\u015fkence karar\u0131 vermemesi \u00fcz\u00fcc\u00fc&#8221; ifadelerini kulland\u0131.<\/p>\n<div class=\"picBox full\">\n<div id=\"twtr-1485928948362104833\" class=\"group embeddedTweet\">\n<div class=\"twitter-tweet twitter-tweet-rendered\"><iframe id=\"twitter-widget-1\" class=\"\" title=\"Twitter Tweet\" src=\"https:\/\/platform.twitter.com\/embed\/Tweet.html?dnt=false&amp;embedId=twitter-widget-1&amp;features=eyJ0ZndfZXhwZXJpbWVudHNfY29va2llX2V4cGlyYXRpb24iOnsiYnVja2V0IjoxMjA5NjAwLCJ2ZXJzaW9uIjpudWxsfSwidGZ3X2hvcml6b25fdHdlZXRfZW1iZWRfOTU1NSI6eyJidWNrZXQiOiJodGUiLCJ2ZXJzaW9uIjpudWxsfSwidGZ3X3NwYWNlX2NhcmQiOnsiYnVja2V0Ijoib2ZmIiwidmVyc2lvbiI6bnVsbH19&amp;frame=false&amp;hideCard=false&amp;hideThread=false&amp;id=1485928948362104833&amp;lang=en&amp;origin=https%3A%2F%2Fwww.dw.com%2Ftr%2Faihm-t%25C3%25BCrkiyeyi-deniz-y%25C3%25BCcel-davas%25C4%25B1nda-tazminata-mahkum-etti%2Fa-60546185&amp;sessionId=985f62b910b6a5ea679bf1336cf9491484b7d58f&amp;siteScreenName=dw_turkce&amp;theme=light&amp;widgetsVersion=75b3351%3A1642573356397&amp;width=550px\" frameborder=\"0\" scrolling=\"no\" allowfullscreen=\"allowfullscreen\" data-tweet-id=\"1485928948362104833\" data-mce-fragment=\"1\"><\/iframe><\/div>\n<\/div>\n<\/div>\n<h2>Ne olmu\u015ftu?<\/h2>\n<p>Die Welt gazetesi T\u00fcrkiye temsilcisi Deniz Y\u00fccel, &#8220;Ter\u00f6r \u00f6rg\u00fct\u00fc propagandas\u0131 yapmak&#8221; ve &#8220;Halk\u0131 kin ve d\u00fc\u015fmanl\u0131\u011fa tahrik&#8221; su\u00e7lar\u0131ndan y\u00fcr\u00fct\u00fclen soru\u015fturma kapsam\u0131nda 14 \u015eubat 2017&#8217;de g\u00f6zalt\u0131na al\u0131nm\u0131\u015f ve 27 \u015eubat 2017&#8217;de \u00e7\u0131kar\u0131ld\u0131\u011f\u0131 mahkeme taraf\u0131ndan tutuklanm\u0131\u015ft\u0131.<\/p>\n<p>Yakla\u015f\u0131k bir y\u0131l tutuklu kalan Y\u00fccel hakk\u0131nda savc\u0131l\u0131k, &#8220;PKK ter\u00f6r \u00f6rg\u00fct\u00fc propagandas\u0131 yapmak&#8221; ve &#8220;Halk\u0131 kin ve d\u00fc\u015fmanl\u0131\u011fa tahrik&#8221; su\u00e7lar\u0131ndan 4 y\u0131ldan 18 y\u0131la kadar hapis cezas\u0131 talebiyle dava a\u00e7m\u0131\u015ft\u0131. \u0130ddianameyi kabul eden \u0130stanbul 32. A\u011f\u0131r Ceza Mahkemesi de tensiple birlikte 16 \u015eubat 2018&#8217;de Y\u00fccel&#8217;in tahliyesine karar vermi\u015fti.<\/p>\n<p>Deniz Y\u00fccel&#8217;in tutuklulu\u011fu T\u00fcrk-Alman ili\u015fkilerinde gerilime yol a\u00e7m\u0131\u015f, Y\u00fccel Almanya&#8217;n\u0131n diplomatik giri\u015fimleri sonucu tahliye edildikten sonra Almanya&#8217;ya d\u00f6nm\u00fc\u015ft\u00fc.<\/p>\n<p><em><strong>https:\/\/www.dw.com\/tr\/aihm-t%C3%BCrkiyeyi-deniz-y%C3%BCcel-davas%C4%B1nda-tazminata-mahkum-etti\/a-60546185\u00a0<\/strong><\/em><\/p>\n<\/div>\n<\/div>\n","protected":false},"excerpt":{"rendered":"<p>A\u0130HM, Deniz Y\u00fccel&#8217;in tutuklulu\u011fu konusunda yap\u0131lan ba\u015fvuruda T\u00fcrkiye&#8217;nin A\u0130HS&#8217;nin &#8220;\u00f6zg\u00fcrl\u00fck ve g\u00fcvenlik&#8221; ile &#8220;ifade \u00f6zg\u00fcrl\u00fc\u011f\u00fc&#8221; maddelerini ihlal etti\u011fine h\u00fckmetti. Mahkeme, T\u00fcrkiye&#8217;yi tazminata mahkum etti. Avrupa \u0130nsan Haklar\u0131 Mahkemesi (A\u0130HM) Alman gazeteci Deniz Y\u00fccel&#8217;in T\u00fcrkiye&#8217;de tutuklulu\u011funa ili\u015fkin yap\u0131lan ba\u015fvuruyu karara ba\u011flad\u0131. A\u0130HM, Deniz Y\u00fccel&#8217;in bir y\u0131l g\u00f6zalt\u0131nda tutulmas\u0131 ile T\u00fcrkiye&#8217;nin Avrupa \u0130nsan Haklar\u0131 S\u00f6zle\u015fmesi&#8217;nin be\u015finci maddesinde [&hellip;]<\/p>\n","protected":false},"author":7,"featured_media":66776,"comment_status":"open","ping_status":"open","sticky":false,"template":"","format":"standard","meta":{"footnotes":""},"categories":[1],"tags":[],"class_list":["post-66775","post","type-post","status-publish","format-standard","has-post-thumbnail","hentry","category-haberler"],"yoast_head":"<!-- This site is optimized with the Yoast SEO plugin v27.4 - https:\/\/yoast.com\/product\/yoast-seo-wordpress\/ -->\n<title>A\u0130HM T\u00fcrkiye&#039;yi Deniz Y\u00fccel davas\u0131nda tazminata mahkum etti - Bati Ermenistan Ve Bati Ermenileri Sorunlari Ara\u015ftirmalar Merkezi<\/title>\n<meta name=\"robots\" content=\"index, follow, max-snippet:-1, max-image-preview:large, max-video-preview:-1\" \/>\n<link rel=\"canonical\" href=\"https:\/\/akunq.net\/tr\/?p=66775\" \/>\n<meta property=\"og:locale\" content=\"en_US\" \/>\n<meta property=\"og:type\" content=\"article\" \/>\n<meta property=\"og:title\" content=\"A\u0130HM T\u00fcrkiye&#039;yi Deniz Y\u00fccel davas\u0131nda tazminata mahkum etti - Bati Ermenistan Ve Bati Ermenileri Sorunlari Ara\u015ftirmalar Merkezi\" \/>\n<meta property=\"og:description\" content=\"A\u0130HM, Deniz Y\u00fccel&#8217;in tutuklulu\u011fu konusunda yap\u0131lan ba\u015fvuruda T\u00fcrkiye&#8217;nin A\u0130HS&#8217;nin &#8220;\u00f6zg\u00fcrl\u00fck ve g\u00fcvenlik&#8221; ile &#8220;ifade \u00f6zg\u00fcrl\u00fc\u011f\u00fc&#8221; maddelerini ihlal etti\u011fine h\u00fckmetti. Mahkeme, T\u00fcrkiye&#8217;yi tazminata mahkum etti. Avrupa \u0130nsan Haklar\u0131 Mahkemesi (A\u0130HM) Alman gazeteci Deniz Y\u00fccel&#8217;in T\u00fcrkiye&#8217;de tutuklulu\u011funa ili\u015fkin yap\u0131lan ba\u015fvuruyu karara ba\u011flad\u0131. A\u0130HM, Deniz Y\u00fccel&#8217;in bir y\u0131l g\u00f6zalt\u0131nda tutulmas\u0131 ile T\u00fcrkiye&#8217;nin Avrupa \u0130nsan Haklar\u0131 S\u00f6zle\u015fmesi&#8217;nin be\u015finci maddesinde [&hellip;]\" \/>\n<meta property=\"og:url\" content=\"https:\/\/akunq.net\/tr\/?p=66775\" \/>\n<meta property=\"og:site_name\" content=\"Bati Ermenistan Ve Bati Ermenileri Sorunlari Ara\u015ftirmalar Merkezi\" \/>\n<meta property=\"article:published_time\" content=\"2022-01-27T06:20:25+00:00\" \/>\n<meta property=\"og:image\" content=\"https:\/\/akunq.net\/tr\/wp-content\/uploads\/sites\/6\/2022\/01\/\u0534\u0565\u0576\u056b\u0566-\u0545\u0578\u0582\u057b\u0565\u056c.jpg\" \/>\n\t<meta property=\"og:image:width\" content=\"770\" \/>\n\t<meta property=\"og:image:height\" content=\"508\" \/>\n\t<meta property=\"og:image:type\" content=\"image\/jpeg\" \/>\n<meta name=\"author\" content=\"admin\" \/>\n<meta name=\"twitter:card\" content=\"summary_large_image\" \/>\n<meta name=\"twitter:label1\" content=\"Written by\" \/>\n\t<meta name=\"twitter:data1\" content=\"admin\" \/>\n\t<meta name=\"twitter:label2\" content=\"Est. reading time\" \/>\n\t<meta name=\"twitter:data2\" content=\"3 minutes\" \/>\n<script type=\"application\/ld+json\" class=\"yoast-schema-graph\">{\"@context\":\"https:\\\/\\\/schema.org\",\"@graph\":[{\"@type\":\"Article\",\"@id\":\"https:\\\/\\\/akunq.net\\\/tr\\\/?p=66775#article\",\"isPartOf\":{\"@id\":\"https:\\\/\\\/akunq.net\\\/tr\\\/?p=66775\"},\"author\":{\"name\":\"admin\",\"@id\":\"https:\\\/\\\/akunq.net\\\/tr\\\/#\\\/schema\\\/person\\\/096f1d38a12cce57fb855b485ed24c9e\"},\"headline\":\"A\u0130HM T\u00fcrkiye&#8217;yi Deniz Y\u00fccel davas\u0131nda tazminata mahkum etti\",\"datePublished\":\"2022-01-27T06:20:25+00:00\",\"mainEntityOfPage\":{\"@id\":\"https:\\\/\\\/akunq.net\\\/tr\\\/?p=66775\"},\"wordCount\":572,\"commentCount\":0,\"image\":{\"@id\":\"https:\\\/\\\/akunq.net\\\/tr\\\/?p=66775#primaryimage\"},\"thumbnailUrl\":\"https:\\\/\\\/akunq.net\\\/tr\\\/wp-content\\\/uploads\\\/sites\\\/6\\\/2022\\\/01\\\/\u0534\u0565\u0576\u056b\u0566-\u0545\u0578\u0582\u057b\u0565\u056c.jpg\",\"articleSection\":[\"Haberler\"],\"inLanguage\":\"en-US\",\"potentialAction\":[{\"@type\":\"CommentAction\",\"name\":\"Comment\",\"target\":[\"https:\\\/\\\/akunq.net\\\/tr\\\/?p=66775#respond\"]}]},{\"@type\":\"WebPage\",\"@id\":\"https:\\\/\\\/akunq.net\\\/tr\\\/?p=66775\",\"url\":\"https:\\\/\\\/akunq.net\\\/tr\\\/?p=66775\",\"name\":\"A\u0130HM T\u00fcrkiye'yi Deniz Y\u00fccel davas\u0131nda tazminata mahkum etti - Bati Ermenistan Ve Bati Ermenileri Sorunlari Ara\u015ftirmalar Merkezi\",\"isPartOf\":{\"@id\":\"https:\\\/\\\/akunq.net\\\/tr\\\/#website\"},\"primaryImageOfPage\":{\"@id\":\"https:\\\/\\\/akunq.net\\\/tr\\\/?p=66775#primaryimage\"},\"image\":{\"@id\":\"https:\\\/\\\/akunq.net\\\/tr\\\/?p=66775#primaryimage\"},\"thumbnailUrl\":\"https:\\\/\\\/akunq.net\\\/tr\\\/wp-content\\\/uploads\\\/sites\\\/6\\\/2022\\\/01\\\/\u0534\u0565\u0576\u056b\u0566-\u0545\u0578\u0582\u057b\u0565\u056c.jpg\",\"datePublished\":\"2022-01-27T06:20:25+00:00\",\"author\":{\"@id\":\"https:\\\/\\\/akunq.net\\\/tr\\\/#\\\/schema\\\/person\\\/096f1d38a12cce57fb855b485ed24c9e\"},\"breadcrumb\":{\"@id\":\"https:\\\/\\\/akunq.net\\\/tr\\\/?p=66775#breadcrumb\"},\"inLanguage\":\"en-US\",\"potentialAction\":[{\"@type\":\"ReadAction\",\"target\":[\"https:\\\/\\\/akunq.net\\\/tr\\\/?p=66775\"]}]},{\"@type\":\"ImageObject\",\"inLanguage\":\"en-US\",\"@id\":\"https:\\\/\\\/akunq.net\\\/tr\\\/?p=66775#primaryimage\",\"url\":\"https:\\\/\\\/akunq.net\\\/tr\\\/wp-content\\\/uploads\\\/sites\\\/6\\\/2022\\\/01\\\/\u0534\u0565\u0576\u056b\u0566-\u0545\u0578\u0582\u057b\u0565\u056c.jpg\",\"contentUrl\":\"https:\\\/\\\/akunq.net\\\/tr\\\/wp-content\\\/uploads\\\/sites\\\/6\\\/2022\\\/01\\\/\u0534\u0565\u0576\u056b\u0566-\u0545\u0578\u0582\u057b\u0565\u056c.jpg\",\"width\":770,\"height\":508},{\"@type\":\"BreadcrumbList\",\"@id\":\"https:\\\/\\\/akunq.net\\\/tr\\\/?p=66775#breadcrumb\",\"itemListElement\":[{\"@type\":\"ListItem\",\"position\":1,\"name\":\"Home\",\"item\":\"https:\\\/\\\/akunq.net\\\/tr\"},{\"@type\":\"ListItem\",\"position\":2,\"name\":\"A\u0130HM T\u00fcrkiye&#8217;yi Deniz Y\u00fccel davas\u0131nda tazminata mahkum etti\"}]},{\"@type\":\"WebSite\",\"@id\":\"https:\\\/\\\/akunq.net\\\/tr\\\/#website\",\"url\":\"https:\\\/\\\/akunq.net\\\/tr\\\/\",\"name\":\"Bati Ermenistan Ve Bati Ermenileri Sorunlari Ara\u015ftirmalar Merkezi\",\"description\":\"\",\"potentialAction\":[{\"@type\":\"SearchAction\",\"target\":{\"@type\":\"EntryPoint\",\"urlTemplate\":\"https:\\\/\\\/akunq.net\\\/tr\\\/?s={search_term_string}\"},\"query-input\":{\"@type\":\"PropertyValueSpecification\",\"valueRequired\":true,\"valueName\":\"search_term_string\"}}],\"inLanguage\":\"en-US\"},{\"@type\":\"Person\",\"@id\":\"https:\\\/\\\/akunq.net\\\/tr\\\/#\\\/schema\\\/person\\\/096f1d38a12cce57fb855b485ed24c9e\",\"name\":\"admin\",\"url\":\"https:\\\/\\\/akunq.net\\\/tr\\\/?author=7\"}]}<\/script>\n<!-- \/ Yoast SEO plugin. -->","yoast_head_json":{"title":"A\u0130HM T\u00fcrkiye'yi Deniz Y\u00fccel davas\u0131nda tazminata mahkum etti - Bati Ermenistan Ve Bati Ermenileri Sorunlari Ara\u015ftirmalar Merkezi","robots":{"index":"index","follow":"follow","max-snippet":"max-snippet:-1","max-image-preview":"max-image-preview:large","max-video-preview":"max-video-preview:-1"},"canonical":"https:\/\/akunq.net\/tr\/?p=66775","og_locale":"en_US","og_type":"article","og_title":"A\u0130HM T\u00fcrkiye'yi Deniz Y\u00fccel davas\u0131nda tazminata mahkum etti - Bati Ermenistan Ve Bati Ermenileri Sorunlari Ara\u015ftirmalar Merkezi","og_description":"A\u0130HM, Deniz Y\u00fccel&#8217;in tutuklulu\u011fu konusunda yap\u0131lan ba\u015fvuruda T\u00fcrkiye&#8217;nin A\u0130HS&#8217;nin &#8220;\u00f6zg\u00fcrl\u00fck ve g\u00fcvenlik&#8221; ile &#8220;ifade \u00f6zg\u00fcrl\u00fc\u011f\u00fc&#8221; maddelerini ihlal etti\u011fine h\u00fckmetti. Mahkeme, T\u00fcrkiye&#8217;yi tazminata mahkum etti. Avrupa \u0130nsan Haklar\u0131 Mahkemesi (A\u0130HM) Alman gazeteci Deniz Y\u00fccel&#8217;in T\u00fcrkiye&#8217;de tutuklulu\u011funa ili\u015fkin yap\u0131lan ba\u015fvuruyu karara ba\u011flad\u0131. A\u0130HM, Deniz Y\u00fccel&#8217;in bir y\u0131l g\u00f6zalt\u0131nda tutulmas\u0131 ile T\u00fcrkiye&#8217;nin Avrupa \u0130nsan Haklar\u0131 S\u00f6zle\u015fmesi&#8217;nin be\u015finci maddesinde [&hellip;]","og_url":"https:\/\/akunq.net\/tr\/?p=66775","og_site_name":"Bati Ermenistan Ve Bati Ermenileri Sorunlari Ara\u015ftirmalar Merkezi","article_published_time":"2022-01-27T06:20:25+00:00","og_image":[{"width":770,"height":508,"url":"https:\/\/akunq.net\/tr\/wp-content\/uploads\/sites\/6\/2022\/01\/\u0534\u0565\u0576\u056b\u0566-\u0545\u0578\u0582\u057b\u0565\u056c.jpg","type":"image\/jpeg"}],"author":"admin","twitter_card":"summary_large_image","twitter_misc":{"Written by":"admin","Est. reading time":"3 minutes"},"schema":{"@context":"https:\/\/schema.org","@graph":[{"@type":"Article","@id":"https:\/\/akunq.net\/tr\/?p=66775#article","isPartOf":{"@id":"https:\/\/akunq.net\/tr\/?p=66775"},"author":{"name":"admin","@id":"https:\/\/akunq.net\/tr\/#\/schema\/person\/096f1d38a12cce57fb855b485ed24c9e"},"headline":"A\u0130HM T\u00fcrkiye&#8217;yi Deniz Y\u00fccel davas\u0131nda tazminata mahkum etti","datePublished":"2022-01-27T06:20:25+00:00","mainEntityOfPage":{"@id":"https:\/\/akunq.net\/tr\/?p=66775"},"wordCount":572,"commentCount":0,"image":{"@id":"https:\/\/akunq.net\/tr\/?p=66775#primaryimage"},"thumbnailUrl":"https:\/\/akunq.net\/tr\/wp-content\/uploads\/sites\/6\/2022\/01\/\u0534\u0565\u0576\u056b\u0566-\u0545\u0578\u0582\u057b\u0565\u056c.jpg","articleSection":["Haberler"],"inLanguage":"en-US","potentialAction":[{"@type":"CommentAction","name":"Comment","target":["https:\/\/akunq.net\/tr\/?p=66775#respond"]}]},{"@type":"WebPage","@id":"https:\/\/akunq.net\/tr\/?p=66775","url":"https:\/\/akunq.net\/tr\/?p=66775","name":"A\u0130HM T\u00fcrkiye'yi Deniz Y\u00fccel davas\u0131nda tazminata mahkum etti - Bati Ermenistan Ve Bati Ermenileri Sorunlari Ara\u015ftirmalar Merkezi","isPartOf":{"@id":"https:\/\/akunq.net\/tr\/#website"},"primaryImageOfPage":{"@id":"https:\/\/akunq.net\/tr\/?p=66775#primaryimage"},"image":{"@id":"https:\/\/akunq.net\/tr\/?p=66775#primaryimage"},"thumbnailUrl":"https:\/\/akunq.net\/tr\/wp-content\/uploads\/sites\/6\/2022\/01\/\u0534\u0565\u0576\u056b\u0566-\u0545\u0578\u0582\u057b\u0565\u056c.jpg","datePublished":"2022-01-27T06:20:25+00:00","author":{"@id":"https:\/\/akunq.net\/tr\/#\/schema\/person\/096f1d38a12cce57fb855b485ed24c9e"},"breadcrumb":{"@id":"https:\/\/akunq.net\/tr\/?p=66775#breadcrumb"},"inLanguage":"en-US","potentialAction":[{"@type":"ReadAction","target":["https:\/\/akunq.net\/tr\/?p=66775"]}]},{"@type":"ImageObject","inLanguage":"en-US","@id":"https:\/\/akunq.net\/tr\/?p=66775#primaryimage","url":"https:\/\/akunq.net\/tr\/wp-content\/uploads\/sites\/6\/2022\/01\/\u0534\u0565\u0576\u056b\u0566-\u0545\u0578\u0582\u057b\u0565\u056c.jpg","contentUrl":"https:\/\/akunq.net\/tr\/wp-content\/uploads\/sites\/6\/2022\/01\/\u0534\u0565\u0576\u056b\u0566-\u0545\u0578\u0582\u057b\u0565\u056c.jpg","width":770,"height":508},{"@type":"BreadcrumbList","@id":"https:\/\/akunq.net\/tr\/?p=66775#breadcrumb","itemListElement":[{"@type":"ListItem","position":1,"name":"Home","item":"https:\/\/akunq.net\/tr"},{"@type":"ListItem","position":2,"name":"A\u0130HM T\u00fcrkiye&#8217;yi Deniz Y\u00fccel davas\u0131nda tazminata mahkum etti"}]},{"@type":"WebSite","@id":"https:\/\/akunq.net\/tr\/#website","url":"https:\/\/akunq.net\/tr\/","name":"Bati Ermenistan Ve Bati Ermenileri Sorunlari Ara\u015ftirmalar Merkezi","description":"","potentialAction":[{"@type":"SearchAction","target":{"@type":"EntryPoint","urlTemplate":"https:\/\/akunq.net\/tr\/?s={search_term_string}"},"query-input":{"@type":"PropertyValueSpecification","valueRequired":true,"valueName":"search_term_string"}}],"inLanguage":"en-US"},{"@type":"Person","@id":"https:\/\/akunq.net\/tr\/#\/schema\/person\/096f1d38a12cce57fb855b485ed24c9e","name":"admin","url":"https:\/\/akunq.net\/tr\/?author=7"}]}},"_links":{"self":[{"href":"https:\/\/akunq.net\/tr\/index.php?rest_route=\/wp\/v2\/posts\/66775","targetHints":{"allow":["GET"]}}],"collection":[{"href":"https:\/\/akunq.net\/tr\/index.php?rest_route=\/wp\/v2\/posts"}],"about":[{"href":"https:\/\/akunq.net\/tr\/index.php?rest_route=\/wp\/v2\/types\/post"}],"author":[{"embeddable":true,"href":"https:\/\/akunq.net\/tr\/index.php?rest_route=\/wp\/v2\/users\/7"}],"replies":[{"embeddable":true,"href":"https:\/\/akunq.net\/tr\/index.php?rest_route=%2Fwp%2Fv2%2Fcomments&post=66775"}],"version-history":[{"count":1,"href":"https:\/\/akunq.net\/tr\/index.php?rest_route=\/wp\/v2\/posts\/66775\/revisions"}],"predecessor-version":[{"id":66777,"href":"https:\/\/akunq.net\/tr\/index.php?rest_route=\/wp\/v2\/posts\/66775\/revisions\/66777"}],"wp:featuredmedia":[{"embeddable":true,"href":"https:\/\/akunq.net\/tr\/index.php?rest_route=\/wp\/v2\/media\/66776"}],"wp:attachment":[{"href":"https:\/\/akunq.net\/tr\/index.php?rest_route=%2Fwp%2Fv2%2Fmedia&parent=66775"}],"wp:term":[{"taxonomy":"category","embeddable":true,"href":"https:\/\/akunq.net\/tr\/index.php?rest_route=%2Fwp%2Fv2%2Fcategories&post=66775"},{"taxonomy":"post_tag","embeddable":true,"href":"https:\/\/akunq.net\/tr\/index.php?rest_route=%2Fwp%2Fv2%2Ftags&post=66775"}],"curies":[{"name":"wp","href":"https:\/\/api.w.org\/{rel}","templated":true}]}}