{"id":66766,"date":"2022-01-26T03:22:39","date_gmt":"2022-01-26T08:22:39","guid":{"rendered":"https:\/\/akunq.net\/tr\/?p=66766"},"modified":"2022-01-26T03:22:39","modified_gmt":"2022-01-26T08:22:39","slug":"turkiyede-antidepresan-kullanimi-2021-yilinda-artti","status":"publish","type":"post","link":"https:\/\/akunq.net\/tr\/?p=66766","title":{"rendered":"T\u00fcrkiye\u2019de antidepresan kullan\u0131m\u0131 2021 y\u0131l\u0131nda artt\u0131"},"content":{"rendered":"<div class=\"panel-heading\">\n<div class=\"panel-title\">\n<p><img loading=\"lazy\" decoding=\"async\" class=\"aligncenter size-medium wp-image-66767\" src=\"https:\/\/akunq.net\/tr\/wp-content\/uploads\/2022\/01\/\u0570\u0561\u056f\u0561\u0564\u0565\u057a\u0580\u0565\u057d\u0561\u0576\u057f-360x208.jpeg\" alt=\"\" width=\"360\" height=\"208\" srcset=\"https:\/\/akunq.net\/tr\/wp-content\/uploads\/sites\/6\/2022\/01\/\u0570\u0561\u056f\u0561\u0564\u0565\u057a\u0580\u0565\u057d\u0561\u0576\u057f-360x208.jpeg 360w, https:\/\/akunq.net\/tr\/wp-content\/uploads\/sites\/6\/2022\/01\/\u0570\u0561\u056f\u0561\u0564\u0565\u057a\u0580\u0565\u057d\u0561\u0576\u057f-768x444.jpeg 768w, https:\/\/akunq.net\/tr\/wp-content\/uploads\/sites\/6\/2022\/01\/\u0570\u0561\u056f\u0561\u0564\u0565\u057a\u0580\u0565\u057d\u0561\u0576\u057f-560x324.jpeg 560w, https:\/\/akunq.net\/tr\/wp-content\/uploads\/sites\/6\/2022\/01\/\u0570\u0561\u056f\u0561\u0564\u0565\u057a\u0580\u0565\u057d\u0561\u0576\u057f-260x150.jpeg 260w, https:\/\/akunq.net\/tr\/wp-content\/uploads\/sites\/6\/2022\/01\/\u0570\u0561\u056f\u0561\u0564\u0565\u057a\u0580\u0565\u057d\u0561\u0576\u057f-160x93.jpeg 160w, https:\/\/akunq.net\/tr\/wp-content\/uploads\/sites\/6\/2022\/01\/\u0570\u0561\u056f\u0561\u0564\u0565\u057a\u0580\u0565\u057d\u0561\u0576\u057f.jpeg 800w\" sizes=\"auto, (max-width: 360px) 100vw, 360px\" \/><\/p>\n<p class=\"font-medium mb-0\"><em><strong>Konuya ili\u015fkin \u00e7al\u0131\u015fma y\u00fcr\u00fcten CHP&#8217;li Bulut, &#8220;Antidepresan kullan\u0131m\u0131 neredeyse 10 milyon kutu artm\u0131\u015f durumda&#8221; diyerek uyard\u0131.<\/strong><\/em><\/p>\n<\/div>\n<\/div>\n<div class=\"panel-body pt-0\">\n<div class=\"row\">\n<div class=\"col-sm-8 panel-body pt-0 pl-0\">\n<div id=\"detay-metin\" class=\"text\" data-text-id=\"80908\">\n<p>CHP Adana Milletvekili Burhanettin Bulut, \u201cAntidepresan kullan\u0131m\u0131 2021 y\u0131l\u0131nda bir \u00f6nceki y\u0131la g\u00f6re 5 milyon kutu artt\u0131. Bu durum halk sa\u011fl\u0131\u011f\u0131 a\u00e7\u0131s\u0131ndan endi\u015fe verici&#8221; dedi.<\/p>\n<p>CHP Adana Milletvekili Burhanettin Bulut, T\u00fcrkiye\u2019deki antidepresan kullan\u0131m\u0131na ili\u015fkin verileri derleyen bir \u00e7al\u0131\u015fma yapt\u0131. Cumhuriyet&#8217;in\u00a0<a href=\"https:\/\/www.cumhuriyet.com.tr\/turkiye\/turkiyede-antidepresan-kullanimi-2021-yilinda-artti-1902605?utm_medium=Slider%20Haber&amp;utm_source=Cumhuriyet%20Anasayfa&amp;utm_campaign=Slider%20Haber\">haberi<\/a>ne g\u00f6re, ortaya \u00e7\u0131kan veriler \u201cT\u00fcrkiye\u2019nin psikolojisi bozuldu\u201d dedirtti<\/p>\n<p>Bulut\u2019un \u00e7al\u0131\u015fmas\u0131na g\u00f6re 2017 y\u0131l\u0131nda T\u00fcrkiye\u2019de, 48 milyon 226 bin 812 kutu antidepresan sat\u0131ld\u0131. 2018 y\u0131l\u0131ndaki antidepresan kullan\u0131m\u0131 ise 49 milyon 43 bin 763 kutuya y\u00fckseldi. 2019 y\u0131l\u0131nda da 49 milyon 857 bin 89 kutu antidepresan kullan\u0131ld\u0131.<\/p>\n<p><strong>5 milyon kutu artt\u0131<\/strong><br \/>\nBulut\u2019un derledi\u011fi verilere g\u00f6re, antidepresan kullan\u0131m\u0131 2020 y\u0131l\u0131nda 54 milyon 625 bin 964 kutuya \u00e7\u0131karken 2021 y\u0131l\u0131nda ise yakla\u015f\u0131k 5 milyon kutu daha artt\u0131. B\u00f6ylece 2021 y\u0131l\u0131nda 59 milyon 641 bin 14 kutu antidepresan sat\u0131ld\u0131<\/p>\n<p>Antidepresan kullan\u0131m\u0131ndaki art\u0131\u015f halk sa\u011fl\u0131\u011f\u0131 a\u00e7\u0131s\u0131ndan endi\u015fe verici boyutlarda\u201d uyar\u0131s\u0131nda bulunan Bulut, \u201cSon iki y\u0131ld\u0131r antidepresan kullan\u0131m\u0131 neredeyse 10 milyon kutu artm\u0131\u015f durumda. \u0130la\u00e7 kullan\u0131m\u0131 rekor seviyeye ula\u015ft\u0131. Ekonomik kriz, enflasyon, her g\u00fcn birbiri ard\u0131na temel ihtiya\u00e7 \u00fcr\u00fcnlerine yap\u0131lan fahi\u015f zamlar, i\u015fsizlik vatanda\u015f\u0131n psikolojisini bozdu\u201d ifadelerini kulland\u0131.<\/p>\n<p><em><strong>http:\/\/www.anhanews.com\/saglik\/turkiyede-antidepresan-kullanimi-2021-yilinda-artti-h80908.html\u00a0<\/strong><\/em><\/p>\n<\/div>\n<\/div>\n<\/div>\n<\/div>\n","protected":false},"excerpt":{"rendered":"<p>Konuya ili\u015fkin \u00e7al\u0131\u015fma y\u00fcr\u00fcten CHP&#8217;li Bulut, &#8220;Antidepresan kullan\u0131m\u0131 neredeyse 10 milyon kutu artm\u0131\u015f durumda&#8221; diyerek uyard\u0131. CHP Adana Milletvekili Burhanettin Bulut, \u201cAntidepresan kullan\u0131m\u0131 2021 y\u0131l\u0131nda bir \u00f6nceki y\u0131la g\u00f6re 5 milyon kutu artt\u0131. Bu durum halk sa\u011fl\u0131\u011f\u0131 a\u00e7\u0131s\u0131ndan endi\u015fe verici&#8221; dedi. CHP Adana Milletvekili Burhanettin Bulut, T\u00fcrkiye\u2019deki antidepresan kullan\u0131m\u0131na ili\u015fkin verileri derleyen bir \u00e7al\u0131\u015fma yapt\u0131. [&hellip;]<\/p>\n","protected":false},"author":7,"featured_media":66767,"comment_status":"open","ping_status":"open","sticky":false,"template":"","format":"standard","meta":{"footnotes":""},"categories":[1],"tags":[],"class_list":["post-66766","post","type-post","status-publish","format-standard","has-post-thumbnail","hentry","category-haberler"],"yoast_head":"<!-- This site is optimized with the Yoast SEO plugin v27.4 - https:\/\/yoast.com\/product\/yoast-seo-wordpress\/ -->\n<title>T\u00fcrkiye\u2019de antidepresan kullan\u0131m\u0131 2021 y\u0131l\u0131nda artt\u0131 - Bati Ermenistan Ve Bati Ermenileri Sorunlari Ara\u015ftirmalar Merkezi<\/title>\n<meta name=\"robots\" content=\"index, follow, max-snippet:-1, max-image-preview:large, max-video-preview:-1\" \/>\n<link rel=\"canonical\" href=\"https:\/\/akunq.net\/tr\/?p=66766\" \/>\n<meta property=\"og:locale\" content=\"en_US\" \/>\n<meta property=\"og:type\" content=\"article\" \/>\n<meta property=\"og:title\" content=\"T\u00fcrkiye\u2019de antidepresan kullan\u0131m\u0131 2021 y\u0131l\u0131nda artt\u0131 - Bati Ermenistan Ve Bati Ermenileri Sorunlari Ara\u015ftirmalar Merkezi\" \/>\n<meta property=\"og:description\" content=\"Konuya ili\u015fkin \u00e7al\u0131\u015fma y\u00fcr\u00fcten CHP&#8217;li Bulut, &#8220;Antidepresan kullan\u0131m\u0131 neredeyse 10 milyon kutu artm\u0131\u015f durumda&#8221; diyerek uyard\u0131. CHP Adana Milletvekili Burhanettin Bulut, \u201cAntidepresan kullan\u0131m\u0131 2021 y\u0131l\u0131nda bir \u00f6nceki y\u0131la g\u00f6re 5 milyon kutu artt\u0131. Bu durum halk sa\u011fl\u0131\u011f\u0131 a\u00e7\u0131s\u0131ndan endi\u015fe verici&#8221; dedi. CHP Adana Milletvekili Burhanettin Bulut, T\u00fcrkiye\u2019deki antidepresan kullan\u0131m\u0131na ili\u015fkin verileri derleyen bir \u00e7al\u0131\u015fma yapt\u0131. [&hellip;]\" \/>\n<meta property=\"og:url\" content=\"https:\/\/akunq.net\/tr\/?p=66766\" \/>\n<meta property=\"og:site_name\" content=\"Bati Ermenistan Ve Bati Ermenileri Sorunlari Ara\u015ftirmalar Merkezi\" \/>\n<meta property=\"article:published_time\" content=\"2022-01-26T08:22:39+00:00\" \/>\n<meta property=\"og:image\" content=\"https:\/\/akunq.net\/tr\/wp-content\/uploads\/sites\/6\/2022\/01\/\u0570\u0561\u056f\u0561\u0564\u0565\u057a\u0580\u0565\u057d\u0561\u0576\u057f.jpeg\" \/>\n\t<meta property=\"og:image:width\" content=\"800\" \/>\n\t<meta property=\"og:image:height\" content=\"463\" \/>\n\t<meta property=\"og:image:type\" content=\"image\/jpeg\" \/>\n<meta name=\"author\" content=\"admin\" \/>\n<meta name=\"twitter:card\" content=\"summary_large_image\" \/>\n<meta name=\"twitter:label1\" content=\"Written by\" \/>\n\t<meta name=\"twitter:data1\" content=\"admin\" \/>\n\t<meta name=\"twitter:label2\" content=\"Est. reading time\" \/>\n\t<meta name=\"twitter:data2\" content=\"1 minute\" \/>\n<script type=\"application\/ld+json\" class=\"yoast-schema-graph\">{\"@context\":\"https:\\\/\\\/schema.org\",\"@graph\":[{\"@type\":\"Article\",\"@id\":\"https:\\\/\\\/akunq.net\\\/tr\\\/?p=66766#article\",\"isPartOf\":{\"@id\":\"https:\\\/\\\/akunq.net\\\/tr\\\/?p=66766\"},\"author\":{\"name\":\"admin\",\"@id\":\"https:\\\/\\\/akunq.net\\\/tr\\\/#\\\/schema\\\/person\\\/096f1d38a12cce57fb855b485ed24c9e\"},\"headline\":\"T\u00fcrkiye\u2019de antidepresan kullan\u0131m\u0131 2021 y\u0131l\u0131nda artt\u0131\",\"datePublished\":\"2022-01-26T08:22:39+00:00\",\"mainEntityOfPage\":{\"@id\":\"https:\\\/\\\/akunq.net\\\/tr\\\/?p=66766\"},\"wordCount\":250,\"commentCount\":0,\"image\":{\"@id\":\"https:\\\/\\\/akunq.net\\\/tr\\\/?p=66766#primaryimage\"},\"thumbnailUrl\":\"https:\\\/\\\/akunq.net\\\/tr\\\/wp-content\\\/uploads\\\/sites\\\/6\\\/2022\\\/01\\\/\u0570\u0561\u056f\u0561\u0564\u0565\u057a\u0580\u0565\u057d\u0561\u0576\u057f.jpeg\",\"articleSection\":[\"Haberler\"],\"inLanguage\":\"en-US\",\"potentialAction\":[{\"@type\":\"CommentAction\",\"name\":\"Comment\",\"target\":[\"https:\\\/\\\/akunq.net\\\/tr\\\/?p=66766#respond\"]}]},{\"@type\":\"WebPage\",\"@id\":\"https:\\\/\\\/akunq.net\\\/tr\\\/?p=66766\",\"url\":\"https:\\\/\\\/akunq.net\\\/tr\\\/?p=66766\",\"name\":\"T\u00fcrkiye\u2019de antidepresan kullan\u0131m\u0131 2021 y\u0131l\u0131nda artt\u0131 - Bati Ermenistan Ve Bati Ermenileri Sorunlari Ara\u015ftirmalar Merkezi\",\"isPartOf\":{\"@id\":\"https:\\\/\\\/akunq.net\\\/tr\\\/#website\"},\"primaryImageOfPage\":{\"@id\":\"https:\\\/\\\/akunq.net\\\/tr\\\/?p=66766#primaryimage\"},\"image\":{\"@id\":\"https:\\\/\\\/akunq.net\\\/tr\\\/?p=66766#primaryimage\"},\"thumbnailUrl\":\"https:\\\/\\\/akunq.net\\\/tr\\\/wp-content\\\/uploads\\\/sites\\\/6\\\/2022\\\/01\\\/\u0570\u0561\u056f\u0561\u0564\u0565\u057a\u0580\u0565\u057d\u0561\u0576\u057f.jpeg\",\"datePublished\":\"2022-01-26T08:22:39+00:00\",\"author\":{\"@id\":\"https:\\\/\\\/akunq.net\\\/tr\\\/#\\\/schema\\\/person\\\/096f1d38a12cce57fb855b485ed24c9e\"},\"breadcrumb\":{\"@id\":\"https:\\\/\\\/akunq.net\\\/tr\\\/?p=66766#breadcrumb\"},\"inLanguage\":\"en-US\",\"potentialAction\":[{\"@type\":\"ReadAction\",\"target\":[\"https:\\\/\\\/akunq.net\\\/tr\\\/?p=66766\"]}]},{\"@type\":\"ImageObject\",\"inLanguage\":\"en-US\",\"@id\":\"https:\\\/\\\/akunq.net\\\/tr\\\/?p=66766#primaryimage\",\"url\":\"https:\\\/\\\/akunq.net\\\/tr\\\/wp-content\\\/uploads\\\/sites\\\/6\\\/2022\\\/01\\\/\u0570\u0561\u056f\u0561\u0564\u0565\u057a\u0580\u0565\u057d\u0561\u0576\u057f.jpeg\",\"contentUrl\":\"https:\\\/\\\/akunq.net\\\/tr\\\/wp-content\\\/uploads\\\/sites\\\/6\\\/2022\\\/01\\\/\u0570\u0561\u056f\u0561\u0564\u0565\u057a\u0580\u0565\u057d\u0561\u0576\u057f.jpeg\",\"width\":800,\"height\":463},{\"@type\":\"BreadcrumbList\",\"@id\":\"https:\\\/\\\/akunq.net\\\/tr\\\/?p=66766#breadcrumb\",\"itemListElement\":[{\"@type\":\"ListItem\",\"position\":1,\"name\":\"Home\",\"item\":\"https:\\\/\\\/akunq.net\\\/tr\"},{\"@type\":\"ListItem\",\"position\":2,\"name\":\"T\u00fcrkiye\u2019de antidepresan kullan\u0131m\u0131 2021 y\u0131l\u0131nda artt\u0131\"}]},{\"@type\":\"WebSite\",\"@id\":\"https:\\\/\\\/akunq.net\\\/tr\\\/#website\",\"url\":\"https:\\\/\\\/akunq.net\\\/tr\\\/\",\"name\":\"Bati Ermenistan Ve Bati Ermenileri Sorunlari Ara\u015ftirmalar Merkezi\",\"description\":\"\",\"potentialAction\":[{\"@type\":\"SearchAction\",\"target\":{\"@type\":\"EntryPoint\",\"urlTemplate\":\"https:\\\/\\\/akunq.net\\\/tr\\\/?s={search_term_string}\"},\"query-input\":{\"@type\":\"PropertyValueSpecification\",\"valueRequired\":true,\"valueName\":\"search_term_string\"}}],\"inLanguage\":\"en-US\"},{\"@type\":\"Person\",\"@id\":\"https:\\\/\\\/akunq.net\\\/tr\\\/#\\\/schema\\\/person\\\/096f1d38a12cce57fb855b485ed24c9e\",\"name\":\"admin\",\"url\":\"https:\\\/\\\/akunq.net\\\/tr\\\/?author=7\"}]}<\/script>\n<!-- \/ Yoast SEO plugin. -->","yoast_head_json":{"title":"T\u00fcrkiye\u2019de antidepresan kullan\u0131m\u0131 2021 y\u0131l\u0131nda artt\u0131 - Bati Ermenistan Ve Bati Ermenileri Sorunlari Ara\u015ftirmalar Merkezi","robots":{"index":"index","follow":"follow","max-snippet":"max-snippet:-1","max-image-preview":"max-image-preview:large","max-video-preview":"max-video-preview:-1"},"canonical":"https:\/\/akunq.net\/tr\/?p=66766","og_locale":"en_US","og_type":"article","og_title":"T\u00fcrkiye\u2019de antidepresan kullan\u0131m\u0131 2021 y\u0131l\u0131nda artt\u0131 - Bati Ermenistan Ve Bati Ermenileri Sorunlari Ara\u015ftirmalar Merkezi","og_description":"Konuya ili\u015fkin \u00e7al\u0131\u015fma y\u00fcr\u00fcten CHP&#8217;li Bulut, &#8220;Antidepresan kullan\u0131m\u0131 neredeyse 10 milyon kutu artm\u0131\u015f durumda&#8221; diyerek uyard\u0131. CHP Adana Milletvekili Burhanettin Bulut, \u201cAntidepresan kullan\u0131m\u0131 2021 y\u0131l\u0131nda bir \u00f6nceki y\u0131la g\u00f6re 5 milyon kutu artt\u0131. Bu durum halk sa\u011fl\u0131\u011f\u0131 a\u00e7\u0131s\u0131ndan endi\u015fe verici&#8221; dedi. CHP Adana Milletvekili Burhanettin Bulut, T\u00fcrkiye\u2019deki antidepresan kullan\u0131m\u0131na ili\u015fkin verileri derleyen bir \u00e7al\u0131\u015fma yapt\u0131. [&hellip;]","og_url":"https:\/\/akunq.net\/tr\/?p=66766","og_site_name":"Bati Ermenistan Ve Bati Ermenileri Sorunlari Ara\u015ftirmalar Merkezi","article_published_time":"2022-01-26T08:22:39+00:00","og_image":[{"width":800,"height":463,"url":"https:\/\/akunq.net\/tr\/wp-content\/uploads\/sites\/6\/2022\/01\/\u0570\u0561\u056f\u0561\u0564\u0565\u057a\u0580\u0565\u057d\u0561\u0576\u057f.jpeg","type":"image\/jpeg"}],"author":"admin","twitter_card":"summary_large_image","twitter_misc":{"Written by":"admin","Est. reading time":"1 minute"},"schema":{"@context":"https:\/\/schema.org","@graph":[{"@type":"Article","@id":"https:\/\/akunq.net\/tr\/?p=66766#article","isPartOf":{"@id":"https:\/\/akunq.net\/tr\/?p=66766"},"author":{"name":"admin","@id":"https:\/\/akunq.net\/tr\/#\/schema\/person\/096f1d38a12cce57fb855b485ed24c9e"},"headline":"T\u00fcrkiye\u2019de antidepresan kullan\u0131m\u0131 2021 y\u0131l\u0131nda artt\u0131","datePublished":"2022-01-26T08:22:39+00:00","mainEntityOfPage":{"@id":"https:\/\/akunq.net\/tr\/?p=66766"},"wordCount":250,"commentCount":0,"image":{"@id":"https:\/\/akunq.net\/tr\/?p=66766#primaryimage"},"thumbnailUrl":"https:\/\/akunq.net\/tr\/wp-content\/uploads\/sites\/6\/2022\/01\/\u0570\u0561\u056f\u0561\u0564\u0565\u057a\u0580\u0565\u057d\u0561\u0576\u057f.jpeg","articleSection":["Haberler"],"inLanguage":"en-US","potentialAction":[{"@type":"CommentAction","name":"Comment","target":["https:\/\/akunq.net\/tr\/?p=66766#respond"]}]},{"@type":"WebPage","@id":"https:\/\/akunq.net\/tr\/?p=66766","url":"https:\/\/akunq.net\/tr\/?p=66766","name":"T\u00fcrkiye\u2019de antidepresan kullan\u0131m\u0131 2021 y\u0131l\u0131nda artt\u0131 - Bati Ermenistan Ve Bati Ermenileri Sorunlari Ara\u015ftirmalar Merkezi","isPartOf":{"@id":"https:\/\/akunq.net\/tr\/#website"},"primaryImageOfPage":{"@id":"https:\/\/akunq.net\/tr\/?p=66766#primaryimage"},"image":{"@id":"https:\/\/akunq.net\/tr\/?p=66766#primaryimage"},"thumbnailUrl":"https:\/\/akunq.net\/tr\/wp-content\/uploads\/sites\/6\/2022\/01\/\u0570\u0561\u056f\u0561\u0564\u0565\u057a\u0580\u0565\u057d\u0561\u0576\u057f.jpeg","datePublished":"2022-01-26T08:22:39+00:00","author":{"@id":"https:\/\/akunq.net\/tr\/#\/schema\/person\/096f1d38a12cce57fb855b485ed24c9e"},"breadcrumb":{"@id":"https:\/\/akunq.net\/tr\/?p=66766#breadcrumb"},"inLanguage":"en-US","potentialAction":[{"@type":"ReadAction","target":["https:\/\/akunq.net\/tr\/?p=66766"]}]},{"@type":"ImageObject","inLanguage":"en-US","@id":"https:\/\/akunq.net\/tr\/?p=66766#primaryimage","url":"https:\/\/akunq.net\/tr\/wp-content\/uploads\/sites\/6\/2022\/01\/\u0570\u0561\u056f\u0561\u0564\u0565\u057a\u0580\u0565\u057d\u0561\u0576\u057f.jpeg","contentUrl":"https:\/\/akunq.net\/tr\/wp-content\/uploads\/sites\/6\/2022\/01\/\u0570\u0561\u056f\u0561\u0564\u0565\u057a\u0580\u0565\u057d\u0561\u0576\u057f.jpeg","width":800,"height":463},{"@type":"BreadcrumbList","@id":"https:\/\/akunq.net\/tr\/?p=66766#breadcrumb","itemListElement":[{"@type":"ListItem","position":1,"name":"Home","item":"https:\/\/akunq.net\/tr"},{"@type":"ListItem","position":2,"name":"T\u00fcrkiye\u2019de antidepresan kullan\u0131m\u0131 2021 y\u0131l\u0131nda artt\u0131"}]},{"@type":"WebSite","@id":"https:\/\/akunq.net\/tr\/#website","url":"https:\/\/akunq.net\/tr\/","name":"Bati Ermenistan Ve Bati Ermenileri Sorunlari Ara\u015ftirmalar Merkezi","description":"","potentialAction":[{"@type":"SearchAction","target":{"@type":"EntryPoint","urlTemplate":"https:\/\/akunq.net\/tr\/?s={search_term_string}"},"query-input":{"@type":"PropertyValueSpecification","valueRequired":true,"valueName":"search_term_string"}}],"inLanguage":"en-US"},{"@type":"Person","@id":"https:\/\/akunq.net\/tr\/#\/schema\/person\/096f1d38a12cce57fb855b485ed24c9e","name":"admin","url":"https:\/\/akunq.net\/tr\/?author=7"}]}},"_links":{"self":[{"href":"https:\/\/akunq.net\/tr\/index.php?rest_route=\/wp\/v2\/posts\/66766","targetHints":{"allow":["GET"]}}],"collection":[{"href":"https:\/\/akunq.net\/tr\/index.php?rest_route=\/wp\/v2\/posts"}],"about":[{"href":"https:\/\/akunq.net\/tr\/index.php?rest_route=\/wp\/v2\/types\/post"}],"author":[{"embeddable":true,"href":"https:\/\/akunq.net\/tr\/index.php?rest_route=\/wp\/v2\/users\/7"}],"replies":[{"embeddable":true,"href":"https:\/\/akunq.net\/tr\/index.php?rest_route=%2Fwp%2Fv2%2Fcomments&post=66766"}],"version-history":[{"count":1,"href":"https:\/\/akunq.net\/tr\/index.php?rest_route=\/wp\/v2\/posts\/66766\/revisions"}],"predecessor-version":[{"id":66768,"href":"https:\/\/akunq.net\/tr\/index.php?rest_route=\/wp\/v2\/posts\/66766\/revisions\/66768"}],"wp:featuredmedia":[{"embeddable":true,"href":"https:\/\/akunq.net\/tr\/index.php?rest_route=\/wp\/v2\/media\/66767"}],"wp:attachment":[{"href":"https:\/\/akunq.net\/tr\/index.php?rest_route=%2Fwp%2Fv2%2Fmedia&parent=66766"}],"wp:term":[{"taxonomy":"category","embeddable":true,"href":"https:\/\/akunq.net\/tr\/index.php?rest_route=%2Fwp%2Fv2%2Fcategories&post=66766"},{"taxonomy":"post_tag","embeddable":true,"href":"https:\/\/akunq.net\/tr\/index.php?rest_route=%2Fwp%2Fv2%2Ftags&post=66766"}],"curies":[{"name":"wp","href":"https:\/\/api.w.org\/{rel}","templated":true}]}}