{"id":66760,"date":"2022-01-26T02:49:08","date_gmt":"2022-01-26T07:49:08","guid":{"rendered":"https:\/\/akunq.net\/tr\/?p=66760"},"modified":"2022-01-26T02:49:08","modified_gmt":"2022-01-26T07:49:08","slug":"istanbulda-kiliselerarasi-dua-gunu","status":"publish","type":"post","link":"https:\/\/akunq.net\/tr\/?p=66760","title":{"rendered":"\u0130stanbul\u2019da Kiliseleraras\u0131 Dua G\u00fcn\u00fc"},"content":{"rendered":"<p><img loading=\"lazy\" decoding=\"async\" class=\"aligncenter size-medium wp-image-66761\" src=\"https:\/\/akunq.net\/tr\/wp-content\/uploads\/2022\/01\/Ayia-Triada-360x270.jpg\" alt=\"\" width=\"360\" height=\"270\" srcset=\"https:\/\/akunq.net\/tr\/wp-content\/uploads\/sites\/6\/2022\/01\/Ayia-Triada-360x270.jpg 360w, https:\/\/akunq.net\/tr\/wp-content\/uploads\/sites\/6\/2022\/01\/Ayia-Triada-768x576.jpg 768w, https:\/\/akunq.net\/tr\/wp-content\/uploads\/sites\/6\/2022\/01\/Ayia-Triada-560x420.jpg 560w, https:\/\/akunq.net\/tr\/wp-content\/uploads\/sites\/6\/2022\/01\/Ayia-Triada-260x195.jpg 260w, https:\/\/akunq.net\/tr\/wp-content\/uploads\/sites\/6\/2022\/01\/Ayia-Triada-160x120.jpg 160w, https:\/\/akunq.net\/tr\/wp-content\/uploads\/sites\/6\/2022\/01\/Ayia-Triada.jpg 1536w\" sizes=\"auto, (max-width: 360px) 100vw, 360px\" \/><\/p>\n<p><em><strong>Kiliselerin Birli\u011fi \u0130\u00e7in Dua G\u00fcn\u00fc vesilesiyle, 21 Ocak Cuma g\u00fcn\u00fc, saat 18:00\u2019de Taksim\u2019deki Ayia Triada Rum Kilisesi\u2019nde kiliseleraras\u0131 bir dua t\u00f6reni yap\u0131ld\u0131.<\/strong><\/em><\/p>\n<p>Ek\u00fcmenik Patrik Bartholomeos\u2019un riyasetindeki t\u00f6rene, Kadasetli Patrik Sahak II Hazretleri ad\u0131na, Patrik Vekili K\u0131demli Peder Krikor Damadyan kat\u0131ld\u0131. T\u00f6rene ayr\u0131ca Peder Natan Arabyan, Peder Nerses Ayvazyan ve Astdiakos Arda P\u0131narc\u0131yan kat\u0131ld\u0131lar.<\/p>\n<p>\u00c7an sesleri ve Rum Kilisesi okuyucular\u0131n\u0131n seslendirdikleri ilahilerle ruhaniler ge\u00e7it t\u00f6reniyle kiliseye girdiler. T\u00f6ren, Ek\u00fcmenik Patrik Bartholomeos\u2019un duas\u0131yla ba\u015flad\u0131. Ermeni Kilisesi taraf\u0131ndan Diakos Edvin Galipyan y\u00f6netimindeki Arma\u015f Korosu \u00fcyeleri \u201cSurp Asdvadz\u201d ilahisini seslendirdiler.<\/p>\n<p>Rum Kilisesi ruhanilerinin yan\u0131 s\u0131ra, S\u00fcryani Kadim, Latin Katolik, Ermeni Katolik, \u0130ncil\u00ee kiliselerinin ve Kitab-\u0131 Mukaddes \u015eirketi temsilcileri kat\u0131ld\u0131lar. Salg\u0131n \u015fartlar\u0131 alt\u0131nda ger\u00e7ekle\u015fen t\u00f6rene az say\u0131da inanl\u0131lar da kat\u0131ld\u0131.<\/p>\n<p>Karde\u015f kilise \u00fcyelerinin okudu\u011fu Kutsal Kitap b\u00f6l\u00fcmlerinden sonra, Patrik Bartholomeos vaaz verdi ve bu y\u0131lki t\u00f6renin ana temas\u0131n\u0131n \u0130ncil\u2019den\u00a0<strong><em>\u201cDo\u011fudaki y\u0131ld\u0131z\u0131 g\u00f6rd\u00fck ve ona tap\u0131nmaya geldik\u201d (Matta 2:2)\u00a0<\/em><\/strong>ayetinin oldu\u011funu hat\u0131rlatt\u0131.<strong><em>\u00a0D\u00fcnyan\u0131n \u0131\u015f\u0131\u011f\u0131n\u0131n Mesih oldu\u011funu (Yuhanna 8:12) ve O\u2019nun insanl\u0131\u011f\u0131 ayd\u0131nlatan ger\u00e7ek \u0131\u015f\u0131k oldu\u011funu (Yuhanna 1:9) belirterek Hristiyan imanl\u0131lar\u0131n inan\u00e7lar\u0131 ile d\u00fcnyan\u0131n \u0131\u015f\u0131\u011f\u0131 olduklar\u0131n\u0131 (Matta 5:14)<\/em><\/strong>\u00a0dile getirdi.<\/p>\n<p><em>\u201cKilise kendisi i\u00e7in de\u011fil, t\u00fcm d\u00fcnya ve onun kurtulu\u015fu i\u00e7in var olmu\u015ftur. Bundan dolay\u0131, Hristiyanl\u0131\u011f\u0131n haf\u0131zas\u0131 ta\u015flarla, manzaralarla ve binalarla s\u0131n\u0131rl\u0131 kalmamal\u0131d\u0131r\u201d\u00a0<\/em>diyen Patrik Bartholomeos, s\u00f6zlerine Havari Petrus\u2019un mektubundaki\u00a0<em>\u201c\u0130nsanlarca reddedilmi\u015f, ama Tanr\u0131\u2019ya g\u00f6re se\u00e7kin ve de\u011ferli olan diri ta\u015fa, Rab\u2019be gelin. O sizi diri ta\u015flar olarak ruhsal bir tap\u0131na\u011f\u0131n yap\u0131m\u0131nda kullans\u0131n. B\u00f6ylelikle, \u0130sa Mesih arac\u0131l\u0131\u011f\u0131yla Tanr\u0131\u2019n\u0131n be\u011fenisini kazanan ruhsal kurbanlar sunmak \u00fczere kutsal bir k\u00e2hinler toplulu\u011fu olursunuz.\u201d<\/em>\u00a0<strong><em>(2.Petrus 2:4-5)<\/em>\u00a0<\/strong>ayetlerle devam etti. Bu canl\u0131 ta\u015flar\u0131n Hristiyan inanc\u0131n\u0131n ilk olarak belirip ye\u015ferdi\u011fi b\u00f6lgede kalmas\u0131na mutlaka ihtiya\u00e7 oldu\u011funu vurgulad\u0131. Ortado\u011fu\u2019daki Hristiyanlar\u0131n durumunun ger\u00e7ek bir trajediden ba\u015fka bir \u015fey olmad\u0131\u011f\u0131n\u0131 s\u00f6yleyen Ek\u00fcmenik Patrik,\u00a0<em>\u201conlar\u0131n hem b\u00fcy\u00fck \u00e7e\u015fitlilik g\u00f6steren topluluklar hem de sad\u0131k m\u00fcminler olarak, bizi Hristiyanl\u0131\u011f\u0131n kuruldu\u011fu, bir\u00e7ok inan\u00e7 i\u00e7in kutsal say\u0131lan, ancak jeopolitik \u00e7at\u0131\u015fmalar ve ekonomik menfaat g\u00fctmek \u00fczerine kurulu bir sek\u00fcler anlay\u0131\u015f\u0131n hakim oldu\u011fu bu b\u00f6lgedeki manevi k\u00f6klerimize ba\u011flad\u0131klar\u0131n\u0131\u201d\u00a0<\/em>belirtti. Ek\u00fcmenik hareketin \u00f6nemine de de\u011finen Patrik,\u00a0<em>\u201cEk\u00fcmenik hareketin gelece\u011fi, \u00f6nyarg\u0131 ve ayr\u0131mc\u0131l\u0131\u011fa kar\u015f\u0131 m\u00fccadele eden yeni ho\u015fg\u00f6r\u00fc ve bir arada ya\u015fama simgelerinin g\u00fcnl\u00fck ya\u015fam ak\u0131\u015f\u0131m\u0131za d\u00e2hil edilmesi yoluyla \u201csevginin \u0131\u015f\u0131\u011f\u0131n\u0131\u201d benimsemekte yatmaktad\u0131r\u201d<\/em>\u00a0dedi ve s\u00f6zlerini \u015f\u00f6yle tamamlad\u0131:\u00a0<em>\u201cDiyalo\u011fu ayr\u0131ca, kiliselerin, farkl\u0131l\u0131klar\u0131n\u0131 d\u00fcr\u00fcst\u00e7e kar\u015f\u0131la\u015ft\u0131rmaya ve y\u00fczle\u015ftirmeye a\u00e7abilecekleri, onlar\u0131 doktrin, ibadet, Kutsal Yaz\u0131tlar ve ayn\u0131 zamanda pastoral hizmet bak\u0131m\u0131ndan et\u00fct edebilecekleri bir disiplin olarak kabul etmeliyiz. \u00d6zellikle, bu ak\u015fam burada Hristiyanl\u0131\u011f\u0131n birli\u011fi i\u00e7in dua ederken, \u00f6zlemini derin hissetti\u011fimiz bu m\u00fc\u015fterek gayemize giden yolda umutla ilerleyelim.\u201d<\/em><\/p>\n<p>Vaazin sonunda, \u0130znik Kredosu\u2019nun G\u00fcrc\u00fcce olarak okunmas\u0131 esnas\u0131nda kiliselerin temsilcileri Kilise\u2019nin sa\u011f taraf\u0131ndaki kandilden mumlar\u0131n\u0131 yakt\u0131lar. Bu sembolik t\u00f6ren d\u00fcnyan\u0131n \u0131\u015f\u0131\u011f\u0131 ile ayd\u0131nlan\u0131p, o \u0131\u015f\u0131kla d\u00fcnyay\u0131 ayd\u0131nlatmay\u0131 temsil ediyordu.<\/p>\n<p>Kat\u0131l\u0131mc\u0131lar\u0131n kendi anadilleri ile okuduklar\u0131 \u201cG\u00f6klerdeki Babam\u0131z\u201d duas\u0131ndan sonra, t\u00f6ren Ek\u00fcmenik Patrik Bartholomeos\u2019un takdisi ile son buldu.<\/p>\n<p><em><strong><a href=\"https:\/\/haber.sat7turk.com\/istanbulda-kiliselerarasi-dua-gunu\/\">https:\/\/haber.sat7turk.com\/istanbulda-kiliselerarasi-dua-gunu\/<\/a><\/strong><\/em><\/p>\n<div class=\"sharedaddy sd-sharing-enabled\">\n<div class=\"robots-nocontent sd-block sd-social sd-social-icon-text sd-sharing\">\n<h3 class=\"sd-title\"><\/h3>\n<\/div>\n<\/div>\n","protected":false},"excerpt":{"rendered":"<p>Kiliselerin Birli\u011fi \u0130\u00e7in Dua G\u00fcn\u00fc vesilesiyle, 21 Ocak Cuma g\u00fcn\u00fc, saat 18:00\u2019de Taksim\u2019deki Ayia Triada Rum Kilisesi\u2019nde kiliseleraras\u0131 bir dua t\u00f6reni yap\u0131ld\u0131. Ek\u00fcmenik Patrik Bartholomeos\u2019un riyasetindeki t\u00f6rene, Kadasetli Patrik Sahak II Hazretleri ad\u0131na, Patrik Vekili K\u0131demli Peder Krikor Damadyan kat\u0131ld\u0131. T\u00f6rene ayr\u0131ca Peder Natan Arabyan, Peder Nerses Ayvazyan ve Astdiakos Arda P\u0131narc\u0131yan kat\u0131ld\u0131lar. \u00c7an sesleri [&hellip;]<\/p>\n","protected":false},"author":7,"featured_media":66761,"comment_status":"open","ping_status":"open","sticky":false,"template":"","format":"standard","meta":{"footnotes":""},"categories":[1],"tags":[],"class_list":["post-66760","post","type-post","status-publish","format-standard","has-post-thumbnail","hentry","category-haberler"],"yoast_head":"<!-- This site is optimized with the Yoast SEO plugin v27.4 - https:\/\/yoast.com\/product\/yoast-seo-wordpress\/ -->\n<title>\u0130stanbul\u2019da Kiliseleraras\u0131 Dua G\u00fcn\u00fc - Bati Ermenistan Ve Bati Ermenileri Sorunlari Ara\u015ftirmalar Merkezi<\/title>\n<meta name=\"robots\" content=\"index, follow, max-snippet:-1, max-image-preview:large, max-video-preview:-1\" \/>\n<link rel=\"canonical\" href=\"https:\/\/akunq.net\/tr\/?p=66760\" \/>\n<meta property=\"og:locale\" content=\"en_US\" \/>\n<meta property=\"og:type\" content=\"article\" \/>\n<meta property=\"og:title\" content=\"\u0130stanbul\u2019da Kiliseleraras\u0131 Dua G\u00fcn\u00fc - Bati Ermenistan Ve Bati Ermenileri Sorunlari Ara\u015ftirmalar Merkezi\" \/>\n<meta property=\"og:description\" content=\"Kiliselerin Birli\u011fi \u0130\u00e7in Dua G\u00fcn\u00fc vesilesiyle, 21 Ocak Cuma g\u00fcn\u00fc, saat 18:00\u2019de Taksim\u2019deki Ayia Triada Rum Kilisesi\u2019nde kiliseleraras\u0131 bir dua t\u00f6reni yap\u0131ld\u0131. Ek\u00fcmenik Patrik Bartholomeos\u2019un riyasetindeki t\u00f6rene, Kadasetli Patrik Sahak II Hazretleri ad\u0131na, Patrik Vekili K\u0131demli Peder Krikor Damadyan kat\u0131ld\u0131. T\u00f6rene ayr\u0131ca Peder Natan Arabyan, Peder Nerses Ayvazyan ve Astdiakos Arda P\u0131narc\u0131yan kat\u0131ld\u0131lar. \u00c7an sesleri [&hellip;]\" \/>\n<meta property=\"og:url\" content=\"https:\/\/akunq.net\/tr\/?p=66760\" \/>\n<meta property=\"og:site_name\" content=\"Bati Ermenistan Ve Bati Ermenileri Sorunlari Ara\u015ftirmalar Merkezi\" \/>\n<meta property=\"article:published_time\" content=\"2022-01-26T07:49:08+00:00\" \/>\n<meta property=\"og:image\" content=\"https:\/\/akunq.net\/tr\/wp-content\/uploads\/sites\/6\/2022\/01\/Ayia-Triada.jpg\" \/>\n\t<meta property=\"og:image:width\" content=\"1536\" \/>\n\t<meta property=\"og:image:height\" content=\"1152\" \/>\n\t<meta property=\"og:image:type\" content=\"image\/jpeg\" \/>\n<meta name=\"author\" content=\"admin\" \/>\n<meta name=\"twitter:card\" content=\"summary_large_image\" \/>\n<meta name=\"twitter:label1\" content=\"Written by\" \/>\n\t<meta name=\"twitter:data1\" content=\"admin\" \/>\n\t<meta name=\"twitter:label2\" content=\"Est. reading time\" \/>\n\t<meta name=\"twitter:data2\" content=\"3 minutes\" \/>\n<script type=\"application\/ld+json\" class=\"yoast-schema-graph\">{\"@context\":\"https:\\\/\\\/schema.org\",\"@graph\":[{\"@type\":\"Article\",\"@id\":\"https:\\\/\\\/akunq.net\\\/tr\\\/?p=66760#article\",\"isPartOf\":{\"@id\":\"https:\\\/\\\/akunq.net\\\/tr\\\/?p=66760\"},\"author\":{\"name\":\"admin\",\"@id\":\"https:\\\/\\\/akunq.net\\\/tr\\\/#\\\/schema\\\/person\\\/096f1d38a12cce57fb855b485ed24c9e\"},\"headline\":\"\u0130stanbul\u2019da Kiliseleraras\u0131 Dua G\u00fcn\u00fc\",\"datePublished\":\"2022-01-26T07:49:08+00:00\",\"mainEntityOfPage\":{\"@id\":\"https:\\\/\\\/akunq.net\\\/tr\\\/?p=66760\"},\"wordCount\":662,\"commentCount\":0,\"image\":{\"@id\":\"https:\\\/\\\/akunq.net\\\/tr\\\/?p=66760#primaryimage\"},\"thumbnailUrl\":\"https:\\\/\\\/akunq.net\\\/tr\\\/wp-content\\\/uploads\\\/sites\\\/6\\\/2022\\\/01\\\/Ayia-Triada.jpg\",\"articleSection\":[\"Haberler\"],\"inLanguage\":\"en-US\",\"potentialAction\":[{\"@type\":\"CommentAction\",\"name\":\"Comment\",\"target\":[\"https:\\\/\\\/akunq.net\\\/tr\\\/?p=66760#respond\"]}]},{\"@type\":\"WebPage\",\"@id\":\"https:\\\/\\\/akunq.net\\\/tr\\\/?p=66760\",\"url\":\"https:\\\/\\\/akunq.net\\\/tr\\\/?p=66760\",\"name\":\"\u0130stanbul\u2019da Kiliseleraras\u0131 Dua G\u00fcn\u00fc - Bati Ermenistan Ve Bati Ermenileri Sorunlari Ara\u015ftirmalar Merkezi\",\"isPartOf\":{\"@id\":\"https:\\\/\\\/akunq.net\\\/tr\\\/#website\"},\"primaryImageOfPage\":{\"@id\":\"https:\\\/\\\/akunq.net\\\/tr\\\/?p=66760#primaryimage\"},\"image\":{\"@id\":\"https:\\\/\\\/akunq.net\\\/tr\\\/?p=66760#primaryimage\"},\"thumbnailUrl\":\"https:\\\/\\\/akunq.net\\\/tr\\\/wp-content\\\/uploads\\\/sites\\\/6\\\/2022\\\/01\\\/Ayia-Triada.jpg\",\"datePublished\":\"2022-01-26T07:49:08+00:00\",\"author\":{\"@id\":\"https:\\\/\\\/akunq.net\\\/tr\\\/#\\\/schema\\\/person\\\/096f1d38a12cce57fb855b485ed24c9e\"},\"breadcrumb\":{\"@id\":\"https:\\\/\\\/akunq.net\\\/tr\\\/?p=66760#breadcrumb\"},\"inLanguage\":\"en-US\",\"potentialAction\":[{\"@type\":\"ReadAction\",\"target\":[\"https:\\\/\\\/akunq.net\\\/tr\\\/?p=66760\"]}]},{\"@type\":\"ImageObject\",\"inLanguage\":\"en-US\",\"@id\":\"https:\\\/\\\/akunq.net\\\/tr\\\/?p=66760#primaryimage\",\"url\":\"https:\\\/\\\/akunq.net\\\/tr\\\/wp-content\\\/uploads\\\/sites\\\/6\\\/2022\\\/01\\\/Ayia-Triada.jpg\",\"contentUrl\":\"https:\\\/\\\/akunq.net\\\/tr\\\/wp-content\\\/uploads\\\/sites\\\/6\\\/2022\\\/01\\\/Ayia-Triada.jpg\",\"width\":1536,\"height\":1152},{\"@type\":\"BreadcrumbList\",\"@id\":\"https:\\\/\\\/akunq.net\\\/tr\\\/?p=66760#breadcrumb\",\"itemListElement\":[{\"@type\":\"ListItem\",\"position\":1,\"name\":\"Home\",\"item\":\"https:\\\/\\\/akunq.net\\\/tr\"},{\"@type\":\"ListItem\",\"position\":2,\"name\":\"\u0130stanbul\u2019da Kiliseleraras\u0131 Dua G\u00fcn\u00fc\"}]},{\"@type\":\"WebSite\",\"@id\":\"https:\\\/\\\/akunq.net\\\/tr\\\/#website\",\"url\":\"https:\\\/\\\/akunq.net\\\/tr\\\/\",\"name\":\"Bati Ermenistan Ve Bati Ermenileri Sorunlari Ara\u015ftirmalar Merkezi\",\"description\":\"\",\"potentialAction\":[{\"@type\":\"SearchAction\",\"target\":{\"@type\":\"EntryPoint\",\"urlTemplate\":\"https:\\\/\\\/akunq.net\\\/tr\\\/?s={search_term_string}\"},\"query-input\":{\"@type\":\"PropertyValueSpecification\",\"valueRequired\":true,\"valueName\":\"search_term_string\"}}],\"inLanguage\":\"en-US\"},{\"@type\":\"Person\",\"@id\":\"https:\\\/\\\/akunq.net\\\/tr\\\/#\\\/schema\\\/person\\\/096f1d38a12cce57fb855b485ed24c9e\",\"name\":\"admin\",\"url\":\"https:\\\/\\\/akunq.net\\\/tr\\\/?author=7\"}]}<\/script>\n<!-- \/ Yoast SEO plugin. -->","yoast_head_json":{"title":"\u0130stanbul\u2019da Kiliseleraras\u0131 Dua G\u00fcn\u00fc - Bati Ermenistan Ve Bati Ermenileri Sorunlari Ara\u015ftirmalar Merkezi","robots":{"index":"index","follow":"follow","max-snippet":"max-snippet:-1","max-image-preview":"max-image-preview:large","max-video-preview":"max-video-preview:-1"},"canonical":"https:\/\/akunq.net\/tr\/?p=66760","og_locale":"en_US","og_type":"article","og_title":"\u0130stanbul\u2019da Kiliseleraras\u0131 Dua G\u00fcn\u00fc - Bati Ermenistan Ve Bati Ermenileri Sorunlari Ara\u015ftirmalar Merkezi","og_description":"Kiliselerin Birli\u011fi \u0130\u00e7in Dua G\u00fcn\u00fc vesilesiyle, 21 Ocak Cuma g\u00fcn\u00fc, saat 18:00\u2019de Taksim\u2019deki Ayia Triada Rum Kilisesi\u2019nde kiliseleraras\u0131 bir dua t\u00f6reni yap\u0131ld\u0131. Ek\u00fcmenik Patrik Bartholomeos\u2019un riyasetindeki t\u00f6rene, Kadasetli Patrik Sahak II Hazretleri ad\u0131na, Patrik Vekili K\u0131demli Peder Krikor Damadyan kat\u0131ld\u0131. T\u00f6rene ayr\u0131ca Peder Natan Arabyan, Peder Nerses Ayvazyan ve Astdiakos Arda P\u0131narc\u0131yan kat\u0131ld\u0131lar. \u00c7an sesleri [&hellip;]","og_url":"https:\/\/akunq.net\/tr\/?p=66760","og_site_name":"Bati Ermenistan Ve Bati Ermenileri Sorunlari Ara\u015ftirmalar Merkezi","article_published_time":"2022-01-26T07:49:08+00:00","og_image":[{"width":1536,"height":1152,"url":"https:\/\/akunq.net\/tr\/wp-content\/uploads\/sites\/6\/2022\/01\/Ayia-Triada.jpg","type":"image\/jpeg"}],"author":"admin","twitter_card":"summary_large_image","twitter_misc":{"Written by":"admin","Est. reading time":"3 minutes"},"schema":{"@context":"https:\/\/schema.org","@graph":[{"@type":"Article","@id":"https:\/\/akunq.net\/tr\/?p=66760#article","isPartOf":{"@id":"https:\/\/akunq.net\/tr\/?p=66760"},"author":{"name":"admin","@id":"https:\/\/akunq.net\/tr\/#\/schema\/person\/096f1d38a12cce57fb855b485ed24c9e"},"headline":"\u0130stanbul\u2019da Kiliseleraras\u0131 Dua G\u00fcn\u00fc","datePublished":"2022-01-26T07:49:08+00:00","mainEntityOfPage":{"@id":"https:\/\/akunq.net\/tr\/?p=66760"},"wordCount":662,"commentCount":0,"image":{"@id":"https:\/\/akunq.net\/tr\/?p=66760#primaryimage"},"thumbnailUrl":"https:\/\/akunq.net\/tr\/wp-content\/uploads\/sites\/6\/2022\/01\/Ayia-Triada.jpg","articleSection":["Haberler"],"inLanguage":"en-US","potentialAction":[{"@type":"CommentAction","name":"Comment","target":["https:\/\/akunq.net\/tr\/?p=66760#respond"]}]},{"@type":"WebPage","@id":"https:\/\/akunq.net\/tr\/?p=66760","url":"https:\/\/akunq.net\/tr\/?p=66760","name":"\u0130stanbul\u2019da Kiliseleraras\u0131 Dua G\u00fcn\u00fc - Bati Ermenistan Ve Bati Ermenileri Sorunlari Ara\u015ftirmalar Merkezi","isPartOf":{"@id":"https:\/\/akunq.net\/tr\/#website"},"primaryImageOfPage":{"@id":"https:\/\/akunq.net\/tr\/?p=66760#primaryimage"},"image":{"@id":"https:\/\/akunq.net\/tr\/?p=66760#primaryimage"},"thumbnailUrl":"https:\/\/akunq.net\/tr\/wp-content\/uploads\/sites\/6\/2022\/01\/Ayia-Triada.jpg","datePublished":"2022-01-26T07:49:08+00:00","author":{"@id":"https:\/\/akunq.net\/tr\/#\/schema\/person\/096f1d38a12cce57fb855b485ed24c9e"},"breadcrumb":{"@id":"https:\/\/akunq.net\/tr\/?p=66760#breadcrumb"},"inLanguage":"en-US","potentialAction":[{"@type":"ReadAction","target":["https:\/\/akunq.net\/tr\/?p=66760"]}]},{"@type":"ImageObject","inLanguage":"en-US","@id":"https:\/\/akunq.net\/tr\/?p=66760#primaryimage","url":"https:\/\/akunq.net\/tr\/wp-content\/uploads\/sites\/6\/2022\/01\/Ayia-Triada.jpg","contentUrl":"https:\/\/akunq.net\/tr\/wp-content\/uploads\/sites\/6\/2022\/01\/Ayia-Triada.jpg","width":1536,"height":1152},{"@type":"BreadcrumbList","@id":"https:\/\/akunq.net\/tr\/?p=66760#breadcrumb","itemListElement":[{"@type":"ListItem","position":1,"name":"Home","item":"https:\/\/akunq.net\/tr"},{"@type":"ListItem","position":2,"name":"\u0130stanbul\u2019da Kiliseleraras\u0131 Dua G\u00fcn\u00fc"}]},{"@type":"WebSite","@id":"https:\/\/akunq.net\/tr\/#website","url":"https:\/\/akunq.net\/tr\/","name":"Bati Ermenistan Ve Bati Ermenileri Sorunlari Ara\u015ftirmalar Merkezi","description":"","potentialAction":[{"@type":"SearchAction","target":{"@type":"EntryPoint","urlTemplate":"https:\/\/akunq.net\/tr\/?s={search_term_string}"},"query-input":{"@type":"PropertyValueSpecification","valueRequired":true,"valueName":"search_term_string"}}],"inLanguage":"en-US"},{"@type":"Person","@id":"https:\/\/akunq.net\/tr\/#\/schema\/person\/096f1d38a12cce57fb855b485ed24c9e","name":"admin","url":"https:\/\/akunq.net\/tr\/?author=7"}]}},"_links":{"self":[{"href":"https:\/\/akunq.net\/tr\/index.php?rest_route=\/wp\/v2\/posts\/66760","targetHints":{"allow":["GET"]}}],"collection":[{"href":"https:\/\/akunq.net\/tr\/index.php?rest_route=\/wp\/v2\/posts"}],"about":[{"href":"https:\/\/akunq.net\/tr\/index.php?rest_route=\/wp\/v2\/types\/post"}],"author":[{"embeddable":true,"href":"https:\/\/akunq.net\/tr\/index.php?rest_route=\/wp\/v2\/users\/7"}],"replies":[{"embeddable":true,"href":"https:\/\/akunq.net\/tr\/index.php?rest_route=%2Fwp%2Fv2%2Fcomments&post=66760"}],"version-history":[{"count":1,"href":"https:\/\/akunq.net\/tr\/index.php?rest_route=\/wp\/v2\/posts\/66760\/revisions"}],"predecessor-version":[{"id":66762,"href":"https:\/\/akunq.net\/tr\/index.php?rest_route=\/wp\/v2\/posts\/66760\/revisions\/66762"}],"wp:featuredmedia":[{"embeddable":true,"href":"https:\/\/akunq.net\/tr\/index.php?rest_route=\/wp\/v2\/media\/66761"}],"wp:attachment":[{"href":"https:\/\/akunq.net\/tr\/index.php?rest_route=%2Fwp%2Fv2%2Fmedia&parent=66760"}],"wp:term":[{"taxonomy":"category","embeddable":true,"href":"https:\/\/akunq.net\/tr\/index.php?rest_route=%2Fwp%2Fv2%2Fcategories&post=66760"},{"taxonomy":"post_tag","embeddable":true,"href":"https:\/\/akunq.net\/tr\/index.php?rest_route=%2Fwp%2Fv2%2Ftags&post=66760"}],"curies":[{"name":"wp","href":"https:\/\/api.w.org\/{rel}","templated":true}]}}