{"id":66754,"date":"2022-01-26T02:30:22","date_gmt":"2022-01-26T07:30:22","guid":{"rendered":"https:\/\/akunq.net\/tr\/?p=66754"},"modified":"2022-01-26T02:30:22","modified_gmt":"2022-01-26T07:30:22","slug":"bedros-sirinoglu-cumhurbaskani-erdogan-ile-gorustu","status":"publish","type":"post","link":"https:\/\/akunq.net\/tr\/?p=66754","title":{"rendered":"Bedros \u015eirino\u011flu Cumhurba\u015fkan\u0131 Erdo\u011fan ile g\u00f6r\u00fc\u015ft\u00fc"},"content":{"rendered":"<div><img loading=\"lazy\" decoding=\"async\" class=\"aligncenter size-medium wp-image-66755\" src=\"https:\/\/akunq.net\/tr\/wp-content\/uploads\/2022\/01\/Erdog-360x239.png\" alt=\"\" width=\"360\" height=\"239\" srcset=\"https:\/\/akunq.net\/tr\/wp-content\/uploads\/sites\/6\/2022\/01\/Erdog-360x239.png 360w, https:\/\/akunq.net\/tr\/wp-content\/uploads\/sites\/6\/2022\/01\/Erdog-560x371.png 560w, https:\/\/akunq.net\/tr\/wp-content\/uploads\/sites\/6\/2022\/01\/Erdog-260x172.png 260w, https:\/\/akunq.net\/tr\/wp-content\/uploads\/sites\/6\/2022\/01\/Erdog-160x106.png 160w, https:\/\/akunq.net\/tr\/wp-content\/uploads\/sites\/6\/2022\/01\/Erdog.png 769w\" sizes=\"auto, (max-width: 360px) 100vw, 360px\" \/><\/div>\n<div class=\"post-meta\"><strong><span class=\"posted-by\"><span class=\"reviewer\"><a title=\"Miran Manukyan\" href=\"http:\/\/www.agos.com.tr\/tr\/yazar\/29\/miran-manukyan\" rel=\"author\">Miran Manukyan<\/a><\/span>\u00a0<\/span><\/strong><\/div>\n<div class=\"post-meta\"><strong><em><span style=\"color: #333333; font-family: 'Cantata One', serif; letter-spacing: 0.05em;\">Yedikule Surp P\u0131rgi\u00e7 Hastanesi Vakf\u0131 ve Ermeni Vak\u0131flar Birli\u011fi Ba\u015fkan\u0131 Bedros \u015eirino\u011flu Ankara&#8217;da Cumhurba\u015fkan\u0131 Erdo\u011fan ile g\u00f6r\u00fc\u015ft\u00fc.<\/span><\/em><\/strong><\/div>\n<div class=\"post-container cf\">\n<div class=\"post-content-right\">\n<div class=\"post-content description \">\n<p>G\u00f6r\u00fc\u015fme Ankara&#8217;da \u00c7ankaya K\u00f6\u015fk\u00fc&#8217;nde ger\u00e7ekle\u015fti.<\/p>\n<p>G\u00f6r\u00fc\u015fmede \u015eirino\u011flu&#8217;na Ba\u015fkan Yard\u0131mc\u0131s\u0131 Herman Baliyan da e\u015flik etti.<\/p>\n<p>Bedros \u015eirino\u011flu g\u00f6r\u00fc\u015fme sonras\u0131 Agos&#8217;a verdi\u011fi bilgide g\u00f6r\u00fc\u015fmede Az\u0131nl\u0131k Vak\u0131flar\u0131 Se\u00e7im Y\u00f6netmeli\u011fi&#8217;nin g\u00fcndeme geldi\u011fini ve Cumhurba\u015fkan\u0131 Erdo\u011fan&#8217;\u0131n yak\u0131n zamanda se\u00e7im yap\u0131laca\u011f\u0131 bilgisini verdi\u011fini s\u00f6yledi. \u015eirino\u011flu, &#8220;G\u00f6r\u00fc\u015fmede her az\u0131nl\u0131k toplumu i\u00e7in farkl\u0131 bir y\u00f6netmelik ihtiyac\u0131 oldu\u011funu dile getirdim, Cumhurba\u015fkan\u0131 Erdo\u011fan da bu konu \u00fczerine \u00e7al\u0131\u015facaklar\u0131 yan\u0131t\u0131n\u0131 verdi&#8221; dedi.<\/p>\n<p>Ge\u00e7ti\u011fimiz Kas\u0131m ay\u0131nda K\u00fclt\u00fcr ve Turizm Bakan\u0131 Mehmet Nuri Ersoy TBMM Plan ve B\u00fct\u00e7e Komisyonu&#8217;nda HDP\u00a0 milletvekili Garo Paylan&#8217;\u0131n konuyu g\u00fcndeme getirmesi \u00fczerine y\u00f6netmeli\u011fin 2022 Nisan ay\u0131nda \u00e7\u0131kaca\u011f\u0131n\u0131 s\u00f6ylemi\u015fti.<\/p>\n<p>Az\u0131nl\u0131k vak\u0131flar\u0131 se\u00e7im y\u00f6netmeli\u011fi 2013 y\u0131l\u0131nda dahi iyisi yap\u0131laca\u011f\u0131 gerek\u00e7esiyle iptal edilmi\u015fti. Ancak aradan ge\u00e7en 9 y\u0131lda yeni bir y\u00f6netmelik yay\u0131nlanmad\u0131\u011f\u0131 i\u00e7in az\u0131nl\u0131k vak\u0131flar\u0131 y\u00f6netim kurullar\u0131n\u0131 se\u00e7emiyor.<\/p>\n<p><strong><em>http:\/\/www.agos.com.tr\/tr\/yazi\/26704\/bedros-sirinoglu-cumhurbaskani-erdogan-ile-gorustu\u00a0<\/em><\/strong><\/p>\n<\/div>\n<\/div>\n<\/div>\n","protected":false},"excerpt":{"rendered":"<p>Miran Manukyan\u00a0 Yedikule Surp P\u0131rgi\u00e7 Hastanesi Vakf\u0131 ve Ermeni Vak\u0131flar Birli\u011fi Ba\u015fkan\u0131 Bedros \u015eirino\u011flu Ankara&#8217;da Cumhurba\u015fkan\u0131 Erdo\u011fan ile g\u00f6r\u00fc\u015ft\u00fc. G\u00f6r\u00fc\u015fme Ankara&#8217;da \u00c7ankaya K\u00f6\u015fk\u00fc&#8217;nde ger\u00e7ekle\u015fti. G\u00f6r\u00fc\u015fmede \u015eirino\u011flu&#8217;na Ba\u015fkan Yard\u0131mc\u0131s\u0131 Herman Baliyan da e\u015flik etti. Bedros \u015eirino\u011flu g\u00f6r\u00fc\u015fme sonras\u0131 Agos&#8217;a verdi\u011fi bilgide g\u00f6r\u00fc\u015fmede Az\u0131nl\u0131k Vak\u0131flar\u0131 Se\u00e7im Y\u00f6netmeli\u011fi&#8217;nin g\u00fcndeme geldi\u011fini ve Cumhurba\u015fkan\u0131 Erdo\u011fan&#8217;\u0131n yak\u0131n zamanda se\u00e7im yap\u0131laca\u011f\u0131 bilgisini [&hellip;]<\/p>\n","protected":false},"author":7,"featured_media":66755,"comment_status":"open","ping_status":"open","sticky":false,"template":"","format":"standard","meta":{"footnotes":""},"categories":[1],"tags":[],"class_list":["post-66754","post","type-post","status-publish","format-standard","has-post-thumbnail","hentry","category-haberler"],"yoast_head":"<!-- This site is optimized with the Yoast SEO plugin v27.4 - https:\/\/yoast.com\/product\/yoast-seo-wordpress\/ -->\n<title>Bedros \u015eirino\u011flu Cumhurba\u015fkan\u0131 Erdo\u011fan ile g\u00f6r\u00fc\u015ft\u00fc - Bati Ermenistan Ve Bati Ermenileri Sorunlari Ara\u015ftirmalar Merkezi<\/title>\n<meta name=\"robots\" content=\"index, follow, max-snippet:-1, max-image-preview:large, max-video-preview:-1\" \/>\n<link rel=\"canonical\" href=\"https:\/\/akunq.net\/tr\/?p=66754\" \/>\n<meta property=\"og:locale\" content=\"en_US\" \/>\n<meta property=\"og:type\" content=\"article\" \/>\n<meta property=\"og:title\" content=\"Bedros \u015eirino\u011flu Cumhurba\u015fkan\u0131 Erdo\u011fan ile g\u00f6r\u00fc\u015ft\u00fc - Bati Ermenistan Ve Bati Ermenileri Sorunlari Ara\u015ftirmalar Merkezi\" \/>\n<meta property=\"og:description\" content=\"Miran Manukyan\u00a0 Yedikule Surp P\u0131rgi\u00e7 Hastanesi Vakf\u0131 ve Ermeni Vak\u0131flar Birli\u011fi Ba\u015fkan\u0131 Bedros \u015eirino\u011flu Ankara&#8217;da Cumhurba\u015fkan\u0131 Erdo\u011fan ile g\u00f6r\u00fc\u015ft\u00fc. G\u00f6r\u00fc\u015fme Ankara&#8217;da \u00c7ankaya K\u00f6\u015fk\u00fc&#8217;nde ger\u00e7ekle\u015fti. G\u00f6r\u00fc\u015fmede \u015eirino\u011flu&#8217;na Ba\u015fkan Yard\u0131mc\u0131s\u0131 Herman Baliyan da e\u015flik etti. Bedros \u015eirino\u011flu g\u00f6r\u00fc\u015fme sonras\u0131 Agos&#8217;a verdi\u011fi bilgide g\u00f6r\u00fc\u015fmede Az\u0131nl\u0131k Vak\u0131flar\u0131 Se\u00e7im Y\u00f6netmeli\u011fi&#8217;nin g\u00fcndeme geldi\u011fini ve Cumhurba\u015fkan\u0131 Erdo\u011fan&#8217;\u0131n yak\u0131n zamanda se\u00e7im yap\u0131laca\u011f\u0131 bilgisini [&hellip;]\" \/>\n<meta property=\"og:url\" content=\"https:\/\/akunq.net\/tr\/?p=66754\" \/>\n<meta property=\"og:site_name\" content=\"Bati Ermenistan Ve Bati Ermenileri Sorunlari Ara\u015ftirmalar Merkezi\" \/>\n<meta property=\"article:published_time\" content=\"2022-01-26T07:30:22+00:00\" \/>\n<meta property=\"og:image\" content=\"https:\/\/akunq.net\/tr\/wp-content\/uploads\/sites\/6\/2022\/01\/Erdog.png\" \/>\n\t<meta property=\"og:image:width\" content=\"769\" \/>\n\t<meta property=\"og:image:height\" content=\"510\" \/>\n\t<meta property=\"og:image:type\" content=\"image\/png\" \/>\n<meta name=\"author\" content=\"admin\" \/>\n<meta name=\"twitter:card\" content=\"summary_large_image\" \/>\n<meta name=\"twitter:label1\" content=\"Written by\" \/>\n\t<meta name=\"twitter:data1\" content=\"admin\" \/>\n\t<meta name=\"twitter:label2\" content=\"Est. reading time\" \/>\n\t<meta name=\"twitter:data2\" content=\"1 minute\" \/>\n<script type=\"application\/ld+json\" class=\"yoast-schema-graph\">{\"@context\":\"https:\\\/\\\/schema.org\",\"@graph\":[{\"@type\":\"Article\",\"@id\":\"https:\\\/\\\/akunq.net\\\/tr\\\/?p=66754#article\",\"isPartOf\":{\"@id\":\"https:\\\/\\\/akunq.net\\\/tr\\\/?p=66754\"},\"author\":{\"name\":\"admin\",\"@id\":\"https:\\\/\\\/akunq.net\\\/tr\\\/#\\\/schema\\\/person\\\/096f1d38a12cce57fb855b485ed24c9e\"},\"headline\":\"Bedros \u015eirino\u011flu Cumhurba\u015fkan\u0131 Erdo\u011fan ile g\u00f6r\u00fc\u015ft\u00fc\",\"datePublished\":\"2022-01-26T07:30:22+00:00\",\"mainEntityOfPage\":{\"@id\":\"https:\\\/\\\/akunq.net\\\/tr\\\/?p=66754\"},\"wordCount\":247,\"commentCount\":0,\"image\":{\"@id\":\"https:\\\/\\\/akunq.net\\\/tr\\\/?p=66754#primaryimage\"},\"thumbnailUrl\":\"https:\\\/\\\/akunq.net\\\/tr\\\/wp-content\\\/uploads\\\/sites\\\/6\\\/2022\\\/01\\\/Erdog.png\",\"articleSection\":[\"Haberler\"],\"inLanguage\":\"en-US\",\"potentialAction\":[{\"@type\":\"CommentAction\",\"name\":\"Comment\",\"target\":[\"https:\\\/\\\/akunq.net\\\/tr\\\/?p=66754#respond\"]}]},{\"@type\":\"WebPage\",\"@id\":\"https:\\\/\\\/akunq.net\\\/tr\\\/?p=66754\",\"url\":\"https:\\\/\\\/akunq.net\\\/tr\\\/?p=66754\",\"name\":\"Bedros \u015eirino\u011flu Cumhurba\u015fkan\u0131 Erdo\u011fan ile g\u00f6r\u00fc\u015ft\u00fc - Bati Ermenistan Ve Bati Ermenileri Sorunlari Ara\u015ftirmalar Merkezi\",\"isPartOf\":{\"@id\":\"https:\\\/\\\/akunq.net\\\/tr\\\/#website\"},\"primaryImageOfPage\":{\"@id\":\"https:\\\/\\\/akunq.net\\\/tr\\\/?p=66754#primaryimage\"},\"image\":{\"@id\":\"https:\\\/\\\/akunq.net\\\/tr\\\/?p=66754#primaryimage\"},\"thumbnailUrl\":\"https:\\\/\\\/akunq.net\\\/tr\\\/wp-content\\\/uploads\\\/sites\\\/6\\\/2022\\\/01\\\/Erdog.png\",\"datePublished\":\"2022-01-26T07:30:22+00:00\",\"author\":{\"@id\":\"https:\\\/\\\/akunq.net\\\/tr\\\/#\\\/schema\\\/person\\\/096f1d38a12cce57fb855b485ed24c9e\"},\"breadcrumb\":{\"@id\":\"https:\\\/\\\/akunq.net\\\/tr\\\/?p=66754#breadcrumb\"},\"inLanguage\":\"en-US\",\"potentialAction\":[{\"@type\":\"ReadAction\",\"target\":[\"https:\\\/\\\/akunq.net\\\/tr\\\/?p=66754\"]}]},{\"@type\":\"ImageObject\",\"inLanguage\":\"en-US\",\"@id\":\"https:\\\/\\\/akunq.net\\\/tr\\\/?p=66754#primaryimage\",\"url\":\"https:\\\/\\\/akunq.net\\\/tr\\\/wp-content\\\/uploads\\\/sites\\\/6\\\/2022\\\/01\\\/Erdog.png\",\"contentUrl\":\"https:\\\/\\\/akunq.net\\\/tr\\\/wp-content\\\/uploads\\\/sites\\\/6\\\/2022\\\/01\\\/Erdog.png\",\"width\":769,\"height\":510},{\"@type\":\"BreadcrumbList\",\"@id\":\"https:\\\/\\\/akunq.net\\\/tr\\\/?p=66754#breadcrumb\",\"itemListElement\":[{\"@type\":\"ListItem\",\"position\":1,\"name\":\"Home\",\"item\":\"https:\\\/\\\/akunq.net\\\/tr\"},{\"@type\":\"ListItem\",\"position\":2,\"name\":\"Bedros \u015eirino\u011flu Cumhurba\u015fkan\u0131 Erdo\u011fan ile g\u00f6r\u00fc\u015ft\u00fc\"}]},{\"@type\":\"WebSite\",\"@id\":\"https:\\\/\\\/akunq.net\\\/tr\\\/#website\",\"url\":\"https:\\\/\\\/akunq.net\\\/tr\\\/\",\"name\":\"Bati Ermenistan Ve Bati Ermenileri Sorunlari Ara\u015ftirmalar Merkezi\",\"description\":\"\",\"potentialAction\":[{\"@type\":\"SearchAction\",\"target\":{\"@type\":\"EntryPoint\",\"urlTemplate\":\"https:\\\/\\\/akunq.net\\\/tr\\\/?s={search_term_string}\"},\"query-input\":{\"@type\":\"PropertyValueSpecification\",\"valueRequired\":true,\"valueName\":\"search_term_string\"}}],\"inLanguage\":\"en-US\"},{\"@type\":\"Person\",\"@id\":\"https:\\\/\\\/akunq.net\\\/tr\\\/#\\\/schema\\\/person\\\/096f1d38a12cce57fb855b485ed24c9e\",\"name\":\"admin\",\"url\":\"https:\\\/\\\/akunq.net\\\/tr\\\/?author=7\"}]}<\/script>\n<!-- \/ Yoast SEO plugin. -->","yoast_head_json":{"title":"Bedros \u015eirino\u011flu Cumhurba\u015fkan\u0131 Erdo\u011fan ile g\u00f6r\u00fc\u015ft\u00fc - Bati Ermenistan Ve Bati Ermenileri Sorunlari Ara\u015ftirmalar Merkezi","robots":{"index":"index","follow":"follow","max-snippet":"max-snippet:-1","max-image-preview":"max-image-preview:large","max-video-preview":"max-video-preview:-1"},"canonical":"https:\/\/akunq.net\/tr\/?p=66754","og_locale":"en_US","og_type":"article","og_title":"Bedros \u015eirino\u011flu Cumhurba\u015fkan\u0131 Erdo\u011fan ile g\u00f6r\u00fc\u015ft\u00fc - Bati Ermenistan Ve Bati Ermenileri Sorunlari Ara\u015ftirmalar Merkezi","og_description":"Miran Manukyan\u00a0 Yedikule Surp P\u0131rgi\u00e7 Hastanesi Vakf\u0131 ve Ermeni Vak\u0131flar Birli\u011fi Ba\u015fkan\u0131 Bedros \u015eirino\u011flu Ankara&#8217;da Cumhurba\u015fkan\u0131 Erdo\u011fan ile g\u00f6r\u00fc\u015ft\u00fc. G\u00f6r\u00fc\u015fme Ankara&#8217;da \u00c7ankaya K\u00f6\u015fk\u00fc&#8217;nde ger\u00e7ekle\u015fti. G\u00f6r\u00fc\u015fmede \u015eirino\u011flu&#8217;na Ba\u015fkan Yard\u0131mc\u0131s\u0131 Herman Baliyan da e\u015flik etti. Bedros \u015eirino\u011flu g\u00f6r\u00fc\u015fme sonras\u0131 Agos&#8217;a verdi\u011fi bilgide g\u00f6r\u00fc\u015fmede Az\u0131nl\u0131k Vak\u0131flar\u0131 Se\u00e7im Y\u00f6netmeli\u011fi&#8217;nin g\u00fcndeme geldi\u011fini ve Cumhurba\u015fkan\u0131 Erdo\u011fan&#8217;\u0131n yak\u0131n zamanda se\u00e7im yap\u0131laca\u011f\u0131 bilgisini [&hellip;]","og_url":"https:\/\/akunq.net\/tr\/?p=66754","og_site_name":"Bati Ermenistan Ve Bati Ermenileri Sorunlari Ara\u015ftirmalar Merkezi","article_published_time":"2022-01-26T07:30:22+00:00","og_image":[{"width":769,"height":510,"url":"https:\/\/akunq.net\/tr\/wp-content\/uploads\/sites\/6\/2022\/01\/Erdog.png","type":"image\/png"}],"author":"admin","twitter_card":"summary_large_image","twitter_misc":{"Written by":"admin","Est. reading time":"1 minute"},"schema":{"@context":"https:\/\/schema.org","@graph":[{"@type":"Article","@id":"https:\/\/akunq.net\/tr\/?p=66754#article","isPartOf":{"@id":"https:\/\/akunq.net\/tr\/?p=66754"},"author":{"name":"admin","@id":"https:\/\/akunq.net\/tr\/#\/schema\/person\/096f1d38a12cce57fb855b485ed24c9e"},"headline":"Bedros \u015eirino\u011flu Cumhurba\u015fkan\u0131 Erdo\u011fan ile g\u00f6r\u00fc\u015ft\u00fc","datePublished":"2022-01-26T07:30:22+00:00","mainEntityOfPage":{"@id":"https:\/\/akunq.net\/tr\/?p=66754"},"wordCount":247,"commentCount":0,"image":{"@id":"https:\/\/akunq.net\/tr\/?p=66754#primaryimage"},"thumbnailUrl":"https:\/\/akunq.net\/tr\/wp-content\/uploads\/sites\/6\/2022\/01\/Erdog.png","articleSection":["Haberler"],"inLanguage":"en-US","potentialAction":[{"@type":"CommentAction","name":"Comment","target":["https:\/\/akunq.net\/tr\/?p=66754#respond"]}]},{"@type":"WebPage","@id":"https:\/\/akunq.net\/tr\/?p=66754","url":"https:\/\/akunq.net\/tr\/?p=66754","name":"Bedros \u015eirino\u011flu Cumhurba\u015fkan\u0131 Erdo\u011fan ile g\u00f6r\u00fc\u015ft\u00fc - Bati Ermenistan Ve Bati Ermenileri Sorunlari Ara\u015ftirmalar Merkezi","isPartOf":{"@id":"https:\/\/akunq.net\/tr\/#website"},"primaryImageOfPage":{"@id":"https:\/\/akunq.net\/tr\/?p=66754#primaryimage"},"image":{"@id":"https:\/\/akunq.net\/tr\/?p=66754#primaryimage"},"thumbnailUrl":"https:\/\/akunq.net\/tr\/wp-content\/uploads\/sites\/6\/2022\/01\/Erdog.png","datePublished":"2022-01-26T07:30:22+00:00","author":{"@id":"https:\/\/akunq.net\/tr\/#\/schema\/person\/096f1d38a12cce57fb855b485ed24c9e"},"breadcrumb":{"@id":"https:\/\/akunq.net\/tr\/?p=66754#breadcrumb"},"inLanguage":"en-US","potentialAction":[{"@type":"ReadAction","target":["https:\/\/akunq.net\/tr\/?p=66754"]}]},{"@type":"ImageObject","inLanguage":"en-US","@id":"https:\/\/akunq.net\/tr\/?p=66754#primaryimage","url":"https:\/\/akunq.net\/tr\/wp-content\/uploads\/sites\/6\/2022\/01\/Erdog.png","contentUrl":"https:\/\/akunq.net\/tr\/wp-content\/uploads\/sites\/6\/2022\/01\/Erdog.png","width":769,"height":510},{"@type":"BreadcrumbList","@id":"https:\/\/akunq.net\/tr\/?p=66754#breadcrumb","itemListElement":[{"@type":"ListItem","position":1,"name":"Home","item":"https:\/\/akunq.net\/tr"},{"@type":"ListItem","position":2,"name":"Bedros \u015eirino\u011flu Cumhurba\u015fkan\u0131 Erdo\u011fan ile g\u00f6r\u00fc\u015ft\u00fc"}]},{"@type":"WebSite","@id":"https:\/\/akunq.net\/tr\/#website","url":"https:\/\/akunq.net\/tr\/","name":"Bati Ermenistan Ve Bati Ermenileri Sorunlari Ara\u015ftirmalar Merkezi","description":"","potentialAction":[{"@type":"SearchAction","target":{"@type":"EntryPoint","urlTemplate":"https:\/\/akunq.net\/tr\/?s={search_term_string}"},"query-input":{"@type":"PropertyValueSpecification","valueRequired":true,"valueName":"search_term_string"}}],"inLanguage":"en-US"},{"@type":"Person","@id":"https:\/\/akunq.net\/tr\/#\/schema\/person\/096f1d38a12cce57fb855b485ed24c9e","name":"admin","url":"https:\/\/akunq.net\/tr\/?author=7"}]}},"_links":{"self":[{"href":"https:\/\/akunq.net\/tr\/index.php?rest_route=\/wp\/v2\/posts\/66754","targetHints":{"allow":["GET"]}}],"collection":[{"href":"https:\/\/akunq.net\/tr\/index.php?rest_route=\/wp\/v2\/posts"}],"about":[{"href":"https:\/\/akunq.net\/tr\/index.php?rest_route=\/wp\/v2\/types\/post"}],"author":[{"embeddable":true,"href":"https:\/\/akunq.net\/tr\/index.php?rest_route=\/wp\/v2\/users\/7"}],"replies":[{"embeddable":true,"href":"https:\/\/akunq.net\/tr\/index.php?rest_route=%2Fwp%2Fv2%2Fcomments&post=66754"}],"version-history":[{"count":1,"href":"https:\/\/akunq.net\/tr\/index.php?rest_route=\/wp\/v2\/posts\/66754\/revisions"}],"predecessor-version":[{"id":66756,"href":"https:\/\/akunq.net\/tr\/index.php?rest_route=\/wp\/v2\/posts\/66754\/revisions\/66756"}],"wp:featuredmedia":[{"embeddable":true,"href":"https:\/\/akunq.net\/tr\/index.php?rest_route=\/wp\/v2\/media\/66755"}],"wp:attachment":[{"href":"https:\/\/akunq.net\/tr\/index.php?rest_route=%2Fwp%2Fv2%2Fmedia&parent=66754"}],"wp:term":[{"taxonomy":"category","embeddable":true,"href":"https:\/\/akunq.net\/tr\/index.php?rest_route=%2Fwp%2Fv2%2Fcategories&post=66754"},{"taxonomy":"post_tag","embeddable":true,"href":"https:\/\/akunq.net\/tr\/index.php?rest_route=%2Fwp%2Fv2%2Ftags&post=66754"}],"curies":[{"name":"wp","href":"https:\/\/api.w.org\/{rel}","templated":true}]}}