{"id":66748,"date":"2022-01-26T02:02:47","date_gmt":"2022-01-26T07:02:47","guid":{"rendered":"https:\/\/akunq.net\/tr\/?p=66748"},"modified":"2022-01-26T02:02:47","modified_gmt":"2022-01-26T07:02:47","slug":"vanda-mercek-bulutu-saatlerce-ayni-noktada-kaldi","status":"publish","type":"post","link":"https:\/\/akunq.net\/tr\/?p=66748","title":{"rendered":"Van&#8217;da mercek bulutu: Saatlerce ayn\u0131 noktada kald\u0131"},"content":{"rendered":"<div class=\"title\"><\/div>\n<div class=\"mb-2\">\n<div class=\"embed-responsive embed-responsive-16by9\"><iframe loading=\"lazy\" class=\"embed-responsive-item\" title=\"YouTube video player\" src=\"https:\/\/www.youtube.com\/embed\/T-ITXlf9pY0\" width=\"560\" height=\"315\" frameborder=\"0\" allowfullscreen=\"allowfullscreen\" data-mce-fragment=\"1\"><\/iframe><\/div>\n<\/div>\n<header><em><strong>DUVAR &#8211; Van semalar\u0131nda mercek bulutu olu\u015ftu. Saatlerce ayn\u0131 noktada dairesel olarak d\u00f6n\u00fcn bulut ilgin\u00e7 g\u00f6r\u00fcnt\u00fcler olu\u015fturdu.<\/strong><\/em><\/p>\n<\/header>\n<div class=\"content-side\">\n<div class=\"content-text\">\n<p>Meteoroloji Genel M\u00fcd\u00fcrl\u00fc\u011f\u00fc&#8217;n\u00fcn internet sitesinde mercek bulutu, &#8220;Bu bulutlar engebelerden kaynaklanan r\u00fczgar dalgalanmalar\u0131n\u0131n bir sonucu olarak olu\u015fur ve engebenin kuytu taraf\u0131nda a\u015fa\u011f\u0131 do\u011fru hareketli t\u00fcrb\u00fclans\u0131n oldu\u011funu g\u00f6sterir. Orografik bir olay\u0131n sonucudur. Mercek terimi daha \u00e7ok cirrocumulus, altocumulus ve stratocumulus tipi bulutlarla beraber kullan\u0131l\u0131r. F\u00f6n r\u00fczgarlar\u0131n\u0131n g\u00f6r\u00fcld\u00fc\u011f\u00fc her t\u00fcrl\u00fc co\u011frafi alanda bu t\u00fcr bulutlar\u0131 g\u00f6rmek olas\u0131d\u0131r&#8221; diye tan\u0131mlan\u0131yor.<\/p>\n<p><strong><em>https:\/\/www.gazeteduvar.com.tr\/vanda-mercek-bulutu-saatlerce-ayni-noktada-kaldi-video-1550479\u00a0<\/em><\/strong><\/p>\n<\/div>\n<\/div>\n","protected":false},"excerpt":{"rendered":"<p>DUVAR &#8211; Van semalar\u0131nda mercek bulutu olu\u015ftu. Saatlerce ayn\u0131 noktada dairesel olarak d\u00f6n\u00fcn bulut ilgin\u00e7 g\u00f6r\u00fcnt\u00fcler olu\u015fturdu. Meteoroloji Genel M\u00fcd\u00fcrl\u00fc\u011f\u00fc&#8217;n\u00fcn internet sitesinde mercek bulutu, &#8220;Bu bulutlar engebelerden kaynaklanan r\u00fczgar dalgalanmalar\u0131n\u0131n bir sonucu olarak olu\u015fur ve engebenin kuytu taraf\u0131nda a\u015fa\u011f\u0131 do\u011fru hareketli t\u00fcrb\u00fclans\u0131n oldu\u011funu g\u00f6sterir. Orografik bir olay\u0131n sonucudur. Mercek terimi daha \u00e7ok cirrocumulus, altocumulus ve [&hellip;]<\/p>\n","protected":false},"author":7,"featured_media":66749,"comment_status":"open","ping_status":"open","sticky":false,"template":"","format":"standard","meta":{"footnotes":""},"categories":[22,1],"tags":[],"class_list":["post-66748","post","type-post","status-publish","format-standard","has-post-thumbnail","hentry","category-gunumuzde-bati-ermenistan","category-haberler"],"yoast_head":"<!-- This site is optimized with the Yoast SEO plugin v27.4 - https:\/\/yoast.com\/product\/yoast-seo-wordpress\/ -->\n<title>Van&#039;da mercek bulutu: Saatlerce ayn\u0131 noktada kald\u0131 - Bati Ermenistan Ve Bati Ermenileri Sorunlari Ara\u015ftirmalar Merkezi<\/title>\n<meta name=\"robots\" content=\"index, follow, max-snippet:-1, max-image-preview:large, max-video-preview:-1\" \/>\n<link rel=\"canonical\" href=\"https:\/\/akunq.net\/tr\/?p=66748\" \/>\n<meta property=\"og:locale\" content=\"en_US\" \/>\n<meta property=\"og:type\" content=\"article\" \/>\n<meta property=\"og:title\" content=\"Van&#039;da mercek bulutu: Saatlerce ayn\u0131 noktada kald\u0131 - Bati Ermenistan Ve Bati Ermenileri Sorunlari Ara\u015ftirmalar Merkezi\" \/>\n<meta property=\"og:description\" content=\"DUVAR &#8211; Van semalar\u0131nda mercek bulutu olu\u015ftu. Saatlerce ayn\u0131 noktada dairesel olarak d\u00f6n\u00fcn bulut ilgin\u00e7 g\u00f6r\u00fcnt\u00fcler olu\u015fturdu. Meteoroloji Genel M\u00fcd\u00fcrl\u00fc\u011f\u00fc&#8217;n\u00fcn internet sitesinde mercek bulutu, &#8220;Bu bulutlar engebelerden kaynaklanan r\u00fczgar dalgalanmalar\u0131n\u0131n bir sonucu olarak olu\u015fur ve engebenin kuytu taraf\u0131nda a\u015fa\u011f\u0131 do\u011fru hareketli t\u00fcrb\u00fclans\u0131n oldu\u011funu g\u00f6sterir. Orografik bir olay\u0131n sonucudur. Mercek terimi daha \u00e7ok cirrocumulus, altocumulus ve [&hellip;]\" \/>\n<meta property=\"og:url\" content=\"https:\/\/akunq.net\/tr\/?p=66748\" \/>\n<meta property=\"og:site_name\" content=\"Bati Ermenistan Ve Bati Ermenileri Sorunlari Ara\u015ftirmalar Merkezi\" \/>\n<meta property=\"article:published_time\" content=\"2022-01-26T07:02:47+00:00\" \/>\n<meta property=\"og:image\" content=\"https:\/\/akunq.net\/tr\/wp-content\/uploads\/sites\/6\/2022\/01\/Vanda-bulut.jpg\" \/>\n\t<meta property=\"og:image:width\" content=\"900\" \/>\n\t<meta property=\"og:image:height\" content=\"599\" \/>\n\t<meta property=\"og:image:type\" content=\"image\/jpeg\" \/>\n<meta name=\"author\" content=\"admin\" \/>\n<meta name=\"twitter:card\" content=\"summary_large_image\" \/>\n<meta name=\"twitter:label1\" content=\"Written by\" \/>\n\t<meta name=\"twitter:data1\" content=\"admin\" \/>\n\t<meta name=\"twitter:label2\" content=\"Est. reading time\" \/>\n\t<meta name=\"twitter:data2\" content=\"1 minute\" \/>\n<script type=\"application\/ld+json\" class=\"yoast-schema-graph\">{\"@context\":\"https:\\\/\\\/schema.org\",\"@graph\":[{\"@type\":\"Article\",\"@id\":\"https:\\\/\\\/akunq.net\\\/tr\\\/?p=66748#article\",\"isPartOf\":{\"@id\":\"https:\\\/\\\/akunq.net\\\/tr\\\/?p=66748\"},\"author\":{\"name\":\"admin\",\"@id\":\"https:\\\/\\\/akunq.net\\\/tr\\\/#\\\/schema\\\/person\\\/096f1d38a12cce57fb855b485ed24c9e\"},\"headline\":\"Van&#8217;da mercek bulutu: Saatlerce ayn\u0131 noktada kald\u0131\",\"datePublished\":\"2022-01-26T07:02:47+00:00\",\"mainEntityOfPage\":{\"@id\":\"https:\\\/\\\/akunq.net\\\/tr\\\/?p=66748\"},\"wordCount\":128,\"commentCount\":0,\"image\":{\"@id\":\"https:\\\/\\\/akunq.net\\\/tr\\\/?p=66748#primaryimage\"},\"thumbnailUrl\":\"https:\\\/\\\/akunq.net\\\/tr\\\/wp-content\\\/uploads\\\/sites\\\/6\\\/2022\\\/01\\\/Vanda-bulut.jpg\",\"articleSection\":[\"G\u00fcn\u00fcm\u00fczde Bat\u0131 Ermenistan\",\"Haberler\"],\"inLanguage\":\"en-US\",\"potentialAction\":[{\"@type\":\"CommentAction\",\"name\":\"Comment\",\"target\":[\"https:\\\/\\\/akunq.net\\\/tr\\\/?p=66748#respond\"]}]},{\"@type\":\"WebPage\",\"@id\":\"https:\\\/\\\/akunq.net\\\/tr\\\/?p=66748\",\"url\":\"https:\\\/\\\/akunq.net\\\/tr\\\/?p=66748\",\"name\":\"Van'da mercek bulutu: Saatlerce ayn\u0131 noktada kald\u0131 - Bati Ermenistan Ve Bati Ermenileri Sorunlari Ara\u015ftirmalar Merkezi\",\"isPartOf\":{\"@id\":\"https:\\\/\\\/akunq.net\\\/tr\\\/#website\"},\"primaryImageOfPage\":{\"@id\":\"https:\\\/\\\/akunq.net\\\/tr\\\/?p=66748#primaryimage\"},\"image\":{\"@id\":\"https:\\\/\\\/akunq.net\\\/tr\\\/?p=66748#primaryimage\"},\"thumbnailUrl\":\"https:\\\/\\\/akunq.net\\\/tr\\\/wp-content\\\/uploads\\\/sites\\\/6\\\/2022\\\/01\\\/Vanda-bulut.jpg\",\"datePublished\":\"2022-01-26T07:02:47+00:00\",\"author\":{\"@id\":\"https:\\\/\\\/akunq.net\\\/tr\\\/#\\\/schema\\\/person\\\/096f1d38a12cce57fb855b485ed24c9e\"},\"breadcrumb\":{\"@id\":\"https:\\\/\\\/akunq.net\\\/tr\\\/?p=66748#breadcrumb\"},\"inLanguage\":\"en-US\",\"potentialAction\":[{\"@type\":\"ReadAction\",\"target\":[\"https:\\\/\\\/akunq.net\\\/tr\\\/?p=66748\"]}]},{\"@type\":\"ImageObject\",\"inLanguage\":\"en-US\",\"@id\":\"https:\\\/\\\/akunq.net\\\/tr\\\/?p=66748#primaryimage\",\"url\":\"https:\\\/\\\/akunq.net\\\/tr\\\/wp-content\\\/uploads\\\/sites\\\/6\\\/2022\\\/01\\\/Vanda-bulut.jpg\",\"contentUrl\":\"https:\\\/\\\/akunq.net\\\/tr\\\/wp-content\\\/uploads\\\/sites\\\/6\\\/2022\\\/01\\\/Vanda-bulut.jpg\",\"width\":900,\"height\":599},{\"@type\":\"BreadcrumbList\",\"@id\":\"https:\\\/\\\/akunq.net\\\/tr\\\/?p=66748#breadcrumb\",\"itemListElement\":[{\"@type\":\"ListItem\",\"position\":1,\"name\":\"Home\",\"item\":\"https:\\\/\\\/akunq.net\\\/tr\"},{\"@type\":\"ListItem\",\"position\":2,\"name\":\"Van&#8217;da mercek bulutu: Saatlerce ayn\u0131 noktada kald\u0131\"}]},{\"@type\":\"WebSite\",\"@id\":\"https:\\\/\\\/akunq.net\\\/tr\\\/#website\",\"url\":\"https:\\\/\\\/akunq.net\\\/tr\\\/\",\"name\":\"Bati Ermenistan Ve Bati Ermenileri Sorunlari Ara\u015ftirmalar Merkezi\",\"description\":\"\",\"potentialAction\":[{\"@type\":\"SearchAction\",\"target\":{\"@type\":\"EntryPoint\",\"urlTemplate\":\"https:\\\/\\\/akunq.net\\\/tr\\\/?s={search_term_string}\"},\"query-input\":{\"@type\":\"PropertyValueSpecification\",\"valueRequired\":true,\"valueName\":\"search_term_string\"}}],\"inLanguage\":\"en-US\"},{\"@type\":\"Person\",\"@id\":\"https:\\\/\\\/akunq.net\\\/tr\\\/#\\\/schema\\\/person\\\/096f1d38a12cce57fb855b485ed24c9e\",\"name\":\"admin\",\"url\":\"https:\\\/\\\/akunq.net\\\/tr\\\/?author=7\"}]}<\/script>\n<!-- \/ Yoast SEO plugin. -->","yoast_head_json":{"title":"Van'da mercek bulutu: Saatlerce ayn\u0131 noktada kald\u0131 - Bati Ermenistan Ve Bati Ermenileri Sorunlari Ara\u015ftirmalar Merkezi","robots":{"index":"index","follow":"follow","max-snippet":"max-snippet:-1","max-image-preview":"max-image-preview:large","max-video-preview":"max-video-preview:-1"},"canonical":"https:\/\/akunq.net\/tr\/?p=66748","og_locale":"en_US","og_type":"article","og_title":"Van'da mercek bulutu: Saatlerce ayn\u0131 noktada kald\u0131 - Bati Ermenistan Ve Bati Ermenileri Sorunlari Ara\u015ftirmalar Merkezi","og_description":"DUVAR &#8211; Van semalar\u0131nda mercek bulutu olu\u015ftu. Saatlerce ayn\u0131 noktada dairesel olarak d\u00f6n\u00fcn bulut ilgin\u00e7 g\u00f6r\u00fcnt\u00fcler olu\u015fturdu. Meteoroloji Genel M\u00fcd\u00fcrl\u00fc\u011f\u00fc&#8217;n\u00fcn internet sitesinde mercek bulutu, &#8220;Bu bulutlar engebelerden kaynaklanan r\u00fczgar dalgalanmalar\u0131n\u0131n bir sonucu olarak olu\u015fur ve engebenin kuytu taraf\u0131nda a\u015fa\u011f\u0131 do\u011fru hareketli t\u00fcrb\u00fclans\u0131n oldu\u011funu g\u00f6sterir. Orografik bir olay\u0131n sonucudur. Mercek terimi daha \u00e7ok cirrocumulus, altocumulus ve [&hellip;]","og_url":"https:\/\/akunq.net\/tr\/?p=66748","og_site_name":"Bati Ermenistan Ve Bati Ermenileri Sorunlari Ara\u015ftirmalar Merkezi","article_published_time":"2022-01-26T07:02:47+00:00","og_image":[{"width":900,"height":599,"url":"https:\/\/akunq.net\/tr\/wp-content\/uploads\/sites\/6\/2022\/01\/Vanda-bulut.jpg","type":"image\/jpeg"}],"author":"admin","twitter_card":"summary_large_image","twitter_misc":{"Written by":"admin","Est. reading time":"1 minute"},"schema":{"@context":"https:\/\/schema.org","@graph":[{"@type":"Article","@id":"https:\/\/akunq.net\/tr\/?p=66748#article","isPartOf":{"@id":"https:\/\/akunq.net\/tr\/?p=66748"},"author":{"name":"admin","@id":"https:\/\/akunq.net\/tr\/#\/schema\/person\/096f1d38a12cce57fb855b485ed24c9e"},"headline":"Van&#8217;da mercek bulutu: Saatlerce ayn\u0131 noktada kald\u0131","datePublished":"2022-01-26T07:02:47+00:00","mainEntityOfPage":{"@id":"https:\/\/akunq.net\/tr\/?p=66748"},"wordCount":128,"commentCount":0,"image":{"@id":"https:\/\/akunq.net\/tr\/?p=66748#primaryimage"},"thumbnailUrl":"https:\/\/akunq.net\/tr\/wp-content\/uploads\/sites\/6\/2022\/01\/Vanda-bulut.jpg","articleSection":["G\u00fcn\u00fcm\u00fczde Bat\u0131 Ermenistan","Haberler"],"inLanguage":"en-US","potentialAction":[{"@type":"CommentAction","name":"Comment","target":["https:\/\/akunq.net\/tr\/?p=66748#respond"]}]},{"@type":"WebPage","@id":"https:\/\/akunq.net\/tr\/?p=66748","url":"https:\/\/akunq.net\/tr\/?p=66748","name":"Van'da mercek bulutu: Saatlerce ayn\u0131 noktada kald\u0131 - Bati Ermenistan Ve Bati Ermenileri Sorunlari Ara\u015ftirmalar Merkezi","isPartOf":{"@id":"https:\/\/akunq.net\/tr\/#website"},"primaryImageOfPage":{"@id":"https:\/\/akunq.net\/tr\/?p=66748#primaryimage"},"image":{"@id":"https:\/\/akunq.net\/tr\/?p=66748#primaryimage"},"thumbnailUrl":"https:\/\/akunq.net\/tr\/wp-content\/uploads\/sites\/6\/2022\/01\/Vanda-bulut.jpg","datePublished":"2022-01-26T07:02:47+00:00","author":{"@id":"https:\/\/akunq.net\/tr\/#\/schema\/person\/096f1d38a12cce57fb855b485ed24c9e"},"breadcrumb":{"@id":"https:\/\/akunq.net\/tr\/?p=66748#breadcrumb"},"inLanguage":"en-US","potentialAction":[{"@type":"ReadAction","target":["https:\/\/akunq.net\/tr\/?p=66748"]}]},{"@type":"ImageObject","inLanguage":"en-US","@id":"https:\/\/akunq.net\/tr\/?p=66748#primaryimage","url":"https:\/\/akunq.net\/tr\/wp-content\/uploads\/sites\/6\/2022\/01\/Vanda-bulut.jpg","contentUrl":"https:\/\/akunq.net\/tr\/wp-content\/uploads\/sites\/6\/2022\/01\/Vanda-bulut.jpg","width":900,"height":599},{"@type":"BreadcrumbList","@id":"https:\/\/akunq.net\/tr\/?p=66748#breadcrumb","itemListElement":[{"@type":"ListItem","position":1,"name":"Home","item":"https:\/\/akunq.net\/tr"},{"@type":"ListItem","position":2,"name":"Van&#8217;da mercek bulutu: Saatlerce ayn\u0131 noktada kald\u0131"}]},{"@type":"WebSite","@id":"https:\/\/akunq.net\/tr\/#website","url":"https:\/\/akunq.net\/tr\/","name":"Bati Ermenistan Ve Bati Ermenileri Sorunlari Ara\u015ftirmalar Merkezi","description":"","potentialAction":[{"@type":"SearchAction","target":{"@type":"EntryPoint","urlTemplate":"https:\/\/akunq.net\/tr\/?s={search_term_string}"},"query-input":{"@type":"PropertyValueSpecification","valueRequired":true,"valueName":"search_term_string"}}],"inLanguage":"en-US"},{"@type":"Person","@id":"https:\/\/akunq.net\/tr\/#\/schema\/person\/096f1d38a12cce57fb855b485ed24c9e","name":"admin","url":"https:\/\/akunq.net\/tr\/?author=7"}]}},"_links":{"self":[{"href":"https:\/\/akunq.net\/tr\/index.php?rest_route=\/wp\/v2\/posts\/66748","targetHints":{"allow":["GET"]}}],"collection":[{"href":"https:\/\/akunq.net\/tr\/index.php?rest_route=\/wp\/v2\/posts"}],"about":[{"href":"https:\/\/akunq.net\/tr\/index.php?rest_route=\/wp\/v2\/types\/post"}],"author":[{"embeddable":true,"href":"https:\/\/akunq.net\/tr\/index.php?rest_route=\/wp\/v2\/users\/7"}],"replies":[{"embeddable":true,"href":"https:\/\/akunq.net\/tr\/index.php?rest_route=%2Fwp%2Fv2%2Fcomments&post=66748"}],"version-history":[{"count":1,"href":"https:\/\/akunq.net\/tr\/index.php?rest_route=\/wp\/v2\/posts\/66748\/revisions"}],"predecessor-version":[{"id":66750,"href":"https:\/\/akunq.net\/tr\/index.php?rest_route=\/wp\/v2\/posts\/66748\/revisions\/66750"}],"wp:featuredmedia":[{"embeddable":true,"href":"https:\/\/akunq.net\/tr\/index.php?rest_route=\/wp\/v2\/media\/66749"}],"wp:attachment":[{"href":"https:\/\/akunq.net\/tr\/index.php?rest_route=%2Fwp%2Fv2%2Fmedia&parent=66748"}],"wp:term":[{"taxonomy":"category","embeddable":true,"href":"https:\/\/akunq.net\/tr\/index.php?rest_route=%2Fwp%2Fv2%2Fcategories&post=66748"},{"taxonomy":"post_tag","embeddable":true,"href":"https:\/\/akunq.net\/tr\/index.php?rest_route=%2Fwp%2Fv2%2Ftags&post=66748"}],"curies":[{"name":"wp","href":"https:\/\/api.w.org\/{rel}","templated":true}]}}