{"id":66733,"date":"2022-01-25T02:38:48","date_gmt":"2022-01-25T07:38:48","guid":{"rendered":"https:\/\/akunq.net\/tr\/?p=66733"},"modified":"2022-01-25T02:38:48","modified_gmt":"2022-01-25T07:38:48","slug":"turkiye-ermenileri-patrigi-kadasetli-sahak-ii-hazretleri-sagligina-kavustu","status":"publish","type":"post","link":"https:\/\/akunq.net\/tr\/?p=66733","title":{"rendered":"T\u00fcrkiye Ermenileri Patri\u011fi Kadasetli Sahak II Hazretleri sa\u011fl\u0131\u011f\u0131na kavu\u015ftu"},"content":{"rendered":"<p><img loading=\"lazy\" decoding=\"async\" class=\"aligncenter size-medium wp-image-66734\" src=\"https:\/\/akunq.net\/tr\/wp-content\/uploads\/2022\/01\/Sahak-360x242.jpg\" alt=\"\" width=\"360\" height=\"242\" srcset=\"https:\/\/akunq.net\/tr\/wp-content\/uploads\/sites\/6\/2022\/01\/Sahak-360x242.jpg 360w, https:\/\/akunq.net\/tr\/wp-content\/uploads\/sites\/6\/2022\/01\/Sahak-560x376.jpg 560w, https:\/\/akunq.net\/tr\/wp-content\/uploads\/sites\/6\/2022\/01\/Sahak-260x175.jpg 260w, https:\/\/akunq.net\/tr\/wp-content\/uploads\/sites\/6\/2022\/01\/Sahak-160x107.jpg 160w, https:\/\/akunq.net\/tr\/wp-content\/uploads\/sites\/6\/2022\/01\/Sahak.jpg 670w\" sizes=\"auto, (max-width: 360px) 100vw, 360px\" \/><\/p>\n<p><strong><em>Bilindi\u011fi \u00fczere, 13 Ocak 2022 tarihinde uygulanan Covid-19 PCR testi pozitif \u00e7\u0131kan Kadasetli Patrik Hazretleri karantina s\u00fcrecini Patrikhanedeki \u00f6zel konutunda ge\u00e7irmeye ba\u015flam\u0131\u015ft\u0131.<\/em><\/strong><\/p>\n<p>Kadasetli Patrik Hazretleri, 24 Ocak 2022 tarihinde yinelenen PCR testi sonucunun negatif \u00e7\u0131kmas\u0131yla belirlenen karantina s\u00fcrecini tamamlam\u0131\u015f ve sa\u011fl\u0131\u011f\u0131na kavu\u015fmu\u015ftur.<\/p>\n<p><em><a href=\"https:\/\/www.facebook.com\/TRArmenianPatriarchate\"><strong>https:\/\/www.facebook.com\/TRArmenianPatriarchate<\/strong><\/a><strong>\u00a0<\/strong><\/em><\/p>\n","protected":false},"excerpt":{"rendered":"<p>Bilindi\u011fi \u00fczere, 13 Ocak 2022 tarihinde uygulanan Covid-19 PCR testi pozitif \u00e7\u0131kan Kadasetli Patrik Hazretleri karantina s\u00fcrecini Patrikhanedeki \u00f6zel konutunda ge\u00e7irmeye ba\u015flam\u0131\u015ft\u0131. Kadasetli Patrik Hazretleri, 24 Ocak 2022 tarihinde yinelenen PCR testi sonucunun negatif \u00e7\u0131kmas\u0131yla belirlenen karantina s\u00fcrecini tamamlam\u0131\u015f ve sa\u011fl\u0131\u011f\u0131na kavu\u015fmu\u015ftur. https:\/\/www.facebook.com\/TRArmenianPatriarchate\u00a0<\/p>\n","protected":false},"author":7,"featured_media":66734,"comment_status":"open","ping_status":"open","sticky":false,"template":"","format":"standard","meta":{"footnotes":""},"categories":[1],"tags":[],"class_list":["post-66733","post","type-post","status-publish","format-standard","has-post-thumbnail","hentry","category-haberler"],"yoast_head":"<!-- This site is optimized with the Yoast SEO plugin v27.4 - https:\/\/yoast.com\/product\/yoast-seo-wordpress\/ -->\n<title>T\u00fcrkiye Ermenileri Patri\u011fi Kadasetli Sahak II Hazretleri sa\u011fl\u0131\u011f\u0131na kavu\u015ftu - Bati Ermenistan Ve Bati Ermenileri Sorunlari Ara\u015ftirmalar Merkezi<\/title>\n<meta name=\"robots\" content=\"index, follow, max-snippet:-1, max-image-preview:large, max-video-preview:-1\" \/>\n<link rel=\"canonical\" href=\"https:\/\/akunq.net\/tr\/?p=66733\" \/>\n<meta property=\"og:locale\" content=\"en_US\" \/>\n<meta property=\"og:type\" content=\"article\" \/>\n<meta property=\"og:title\" content=\"T\u00fcrkiye Ermenileri Patri\u011fi Kadasetli Sahak II Hazretleri sa\u011fl\u0131\u011f\u0131na kavu\u015ftu - Bati Ermenistan Ve Bati Ermenileri Sorunlari Ara\u015ftirmalar Merkezi\" \/>\n<meta property=\"og:description\" content=\"Bilindi\u011fi \u00fczere, 13 Ocak 2022 tarihinde uygulanan Covid-19 PCR testi pozitif \u00e7\u0131kan Kadasetli Patrik Hazretleri karantina s\u00fcrecini Patrikhanedeki \u00f6zel konutunda ge\u00e7irmeye ba\u015flam\u0131\u015ft\u0131. Kadasetli Patrik Hazretleri, 24 Ocak 2022 tarihinde yinelenen PCR testi sonucunun negatif \u00e7\u0131kmas\u0131yla belirlenen karantina s\u00fcrecini tamamlam\u0131\u015f ve sa\u011fl\u0131\u011f\u0131na kavu\u015fmu\u015ftur. https:\/\/www.facebook.com\/TRArmenianPatriarchate\u00a0\" \/>\n<meta property=\"og:url\" content=\"https:\/\/akunq.net\/tr\/?p=66733\" \/>\n<meta property=\"og:site_name\" content=\"Bati Ermenistan Ve Bati Ermenileri Sorunlari Ara\u015ftirmalar Merkezi\" \/>\n<meta property=\"article:published_time\" content=\"2022-01-25T07:38:48+00:00\" \/>\n<meta property=\"og:image\" content=\"https:\/\/akunq.net\/tr\/wp-content\/uploads\/sites\/6\/2022\/01\/Sahak.jpg\" \/>\n\t<meta property=\"og:image:width\" content=\"670\" \/>\n\t<meta property=\"og:image:height\" content=\"450\" \/>\n\t<meta property=\"og:image:type\" content=\"image\/jpeg\" \/>\n<meta name=\"author\" content=\"admin\" \/>\n<meta name=\"twitter:card\" content=\"summary_large_image\" \/>\n<meta name=\"twitter:label1\" content=\"Written by\" \/>\n\t<meta name=\"twitter:data1\" content=\"admin\" \/>\n<script type=\"application\/ld+json\" class=\"yoast-schema-graph\">{\"@context\":\"https:\\\/\\\/schema.org\",\"@graph\":[{\"@type\":\"Article\",\"@id\":\"https:\\\/\\\/akunq.net\\\/tr\\\/?p=66733#article\",\"isPartOf\":{\"@id\":\"https:\\\/\\\/akunq.net\\\/tr\\\/?p=66733\"},\"author\":{\"name\":\"admin\",\"@id\":\"https:\\\/\\\/akunq.net\\\/tr\\\/#\\\/schema\\\/person\\\/096f1d38a12cce57fb855b485ed24c9e\"},\"headline\":\"T\u00fcrkiye Ermenileri Patri\u011fi Kadasetli Sahak II Hazretleri sa\u011fl\u0131\u011f\u0131na kavu\u015ftu\",\"datePublished\":\"2022-01-25T07:38:48+00:00\",\"mainEntityOfPage\":{\"@id\":\"https:\\\/\\\/akunq.net\\\/tr\\\/?p=66733\"},\"wordCount\":68,\"commentCount\":0,\"image\":{\"@id\":\"https:\\\/\\\/akunq.net\\\/tr\\\/?p=66733#primaryimage\"},\"thumbnailUrl\":\"https:\\\/\\\/akunq.net\\\/tr\\\/wp-content\\\/uploads\\\/sites\\\/6\\\/2022\\\/01\\\/Sahak.jpg\",\"articleSection\":[\"Haberler\"],\"inLanguage\":\"en-US\",\"potentialAction\":[{\"@type\":\"CommentAction\",\"name\":\"Comment\",\"target\":[\"https:\\\/\\\/akunq.net\\\/tr\\\/?p=66733#respond\"]}]},{\"@type\":\"WebPage\",\"@id\":\"https:\\\/\\\/akunq.net\\\/tr\\\/?p=66733\",\"url\":\"https:\\\/\\\/akunq.net\\\/tr\\\/?p=66733\",\"name\":\"T\u00fcrkiye Ermenileri Patri\u011fi Kadasetli Sahak II Hazretleri sa\u011fl\u0131\u011f\u0131na kavu\u015ftu - Bati Ermenistan Ve Bati Ermenileri Sorunlari Ara\u015ftirmalar Merkezi\",\"isPartOf\":{\"@id\":\"https:\\\/\\\/akunq.net\\\/tr\\\/#website\"},\"primaryImageOfPage\":{\"@id\":\"https:\\\/\\\/akunq.net\\\/tr\\\/?p=66733#primaryimage\"},\"image\":{\"@id\":\"https:\\\/\\\/akunq.net\\\/tr\\\/?p=66733#primaryimage\"},\"thumbnailUrl\":\"https:\\\/\\\/akunq.net\\\/tr\\\/wp-content\\\/uploads\\\/sites\\\/6\\\/2022\\\/01\\\/Sahak.jpg\",\"datePublished\":\"2022-01-25T07:38:48+00:00\",\"author\":{\"@id\":\"https:\\\/\\\/akunq.net\\\/tr\\\/#\\\/schema\\\/person\\\/096f1d38a12cce57fb855b485ed24c9e\"},\"breadcrumb\":{\"@id\":\"https:\\\/\\\/akunq.net\\\/tr\\\/?p=66733#breadcrumb\"},\"inLanguage\":\"en-US\",\"potentialAction\":[{\"@type\":\"ReadAction\",\"target\":[\"https:\\\/\\\/akunq.net\\\/tr\\\/?p=66733\"]}]},{\"@type\":\"ImageObject\",\"inLanguage\":\"en-US\",\"@id\":\"https:\\\/\\\/akunq.net\\\/tr\\\/?p=66733#primaryimage\",\"url\":\"https:\\\/\\\/akunq.net\\\/tr\\\/wp-content\\\/uploads\\\/sites\\\/6\\\/2022\\\/01\\\/Sahak.jpg\",\"contentUrl\":\"https:\\\/\\\/akunq.net\\\/tr\\\/wp-content\\\/uploads\\\/sites\\\/6\\\/2022\\\/01\\\/Sahak.jpg\",\"width\":670,\"height\":450},{\"@type\":\"BreadcrumbList\",\"@id\":\"https:\\\/\\\/akunq.net\\\/tr\\\/?p=66733#breadcrumb\",\"itemListElement\":[{\"@type\":\"ListItem\",\"position\":1,\"name\":\"Home\",\"item\":\"https:\\\/\\\/akunq.net\\\/tr\"},{\"@type\":\"ListItem\",\"position\":2,\"name\":\"T\u00fcrkiye Ermenileri Patri\u011fi Kadasetli Sahak II Hazretleri sa\u011fl\u0131\u011f\u0131na kavu\u015ftu\"}]},{\"@type\":\"WebSite\",\"@id\":\"https:\\\/\\\/akunq.net\\\/tr\\\/#website\",\"url\":\"https:\\\/\\\/akunq.net\\\/tr\\\/\",\"name\":\"Bati Ermenistan Ve Bati Ermenileri Sorunlari Ara\u015ftirmalar Merkezi\",\"description\":\"\",\"potentialAction\":[{\"@type\":\"SearchAction\",\"target\":{\"@type\":\"EntryPoint\",\"urlTemplate\":\"https:\\\/\\\/akunq.net\\\/tr\\\/?s={search_term_string}\"},\"query-input\":{\"@type\":\"PropertyValueSpecification\",\"valueRequired\":true,\"valueName\":\"search_term_string\"}}],\"inLanguage\":\"en-US\"},{\"@type\":\"Person\",\"@id\":\"https:\\\/\\\/akunq.net\\\/tr\\\/#\\\/schema\\\/person\\\/096f1d38a12cce57fb855b485ed24c9e\",\"name\":\"admin\",\"url\":\"https:\\\/\\\/akunq.net\\\/tr\\\/?author=7\"}]}<\/script>\n<!-- \/ Yoast SEO plugin. -->","yoast_head_json":{"title":"T\u00fcrkiye Ermenileri Patri\u011fi Kadasetli Sahak II Hazretleri sa\u011fl\u0131\u011f\u0131na kavu\u015ftu - Bati Ermenistan Ve Bati Ermenileri Sorunlari Ara\u015ftirmalar Merkezi","robots":{"index":"index","follow":"follow","max-snippet":"max-snippet:-1","max-image-preview":"max-image-preview:large","max-video-preview":"max-video-preview:-1"},"canonical":"https:\/\/akunq.net\/tr\/?p=66733","og_locale":"en_US","og_type":"article","og_title":"T\u00fcrkiye Ermenileri Patri\u011fi Kadasetli Sahak II Hazretleri sa\u011fl\u0131\u011f\u0131na kavu\u015ftu - Bati Ermenistan Ve Bati Ermenileri Sorunlari Ara\u015ftirmalar Merkezi","og_description":"Bilindi\u011fi \u00fczere, 13 Ocak 2022 tarihinde uygulanan Covid-19 PCR testi pozitif \u00e7\u0131kan Kadasetli Patrik Hazretleri karantina s\u00fcrecini Patrikhanedeki \u00f6zel konutunda ge\u00e7irmeye ba\u015flam\u0131\u015ft\u0131. Kadasetli Patrik Hazretleri, 24 Ocak 2022 tarihinde yinelenen PCR testi sonucunun negatif \u00e7\u0131kmas\u0131yla belirlenen karantina s\u00fcrecini tamamlam\u0131\u015f ve sa\u011fl\u0131\u011f\u0131na kavu\u015fmu\u015ftur. https:\/\/www.facebook.com\/TRArmenianPatriarchate\u00a0","og_url":"https:\/\/akunq.net\/tr\/?p=66733","og_site_name":"Bati Ermenistan Ve Bati Ermenileri Sorunlari Ara\u015ftirmalar Merkezi","article_published_time":"2022-01-25T07:38:48+00:00","og_image":[{"width":670,"height":450,"url":"https:\/\/akunq.net\/tr\/wp-content\/uploads\/sites\/6\/2022\/01\/Sahak.jpg","type":"image\/jpeg"}],"author":"admin","twitter_card":"summary_large_image","twitter_misc":{"Written by":"admin"},"schema":{"@context":"https:\/\/schema.org","@graph":[{"@type":"Article","@id":"https:\/\/akunq.net\/tr\/?p=66733#article","isPartOf":{"@id":"https:\/\/akunq.net\/tr\/?p=66733"},"author":{"name":"admin","@id":"https:\/\/akunq.net\/tr\/#\/schema\/person\/096f1d38a12cce57fb855b485ed24c9e"},"headline":"T\u00fcrkiye Ermenileri Patri\u011fi Kadasetli Sahak II Hazretleri sa\u011fl\u0131\u011f\u0131na kavu\u015ftu","datePublished":"2022-01-25T07:38:48+00:00","mainEntityOfPage":{"@id":"https:\/\/akunq.net\/tr\/?p=66733"},"wordCount":68,"commentCount":0,"image":{"@id":"https:\/\/akunq.net\/tr\/?p=66733#primaryimage"},"thumbnailUrl":"https:\/\/akunq.net\/tr\/wp-content\/uploads\/sites\/6\/2022\/01\/Sahak.jpg","articleSection":["Haberler"],"inLanguage":"en-US","potentialAction":[{"@type":"CommentAction","name":"Comment","target":["https:\/\/akunq.net\/tr\/?p=66733#respond"]}]},{"@type":"WebPage","@id":"https:\/\/akunq.net\/tr\/?p=66733","url":"https:\/\/akunq.net\/tr\/?p=66733","name":"T\u00fcrkiye Ermenileri Patri\u011fi Kadasetli Sahak II Hazretleri sa\u011fl\u0131\u011f\u0131na kavu\u015ftu - Bati Ermenistan Ve Bati Ermenileri Sorunlari Ara\u015ftirmalar Merkezi","isPartOf":{"@id":"https:\/\/akunq.net\/tr\/#website"},"primaryImageOfPage":{"@id":"https:\/\/akunq.net\/tr\/?p=66733#primaryimage"},"image":{"@id":"https:\/\/akunq.net\/tr\/?p=66733#primaryimage"},"thumbnailUrl":"https:\/\/akunq.net\/tr\/wp-content\/uploads\/sites\/6\/2022\/01\/Sahak.jpg","datePublished":"2022-01-25T07:38:48+00:00","author":{"@id":"https:\/\/akunq.net\/tr\/#\/schema\/person\/096f1d38a12cce57fb855b485ed24c9e"},"breadcrumb":{"@id":"https:\/\/akunq.net\/tr\/?p=66733#breadcrumb"},"inLanguage":"en-US","potentialAction":[{"@type":"ReadAction","target":["https:\/\/akunq.net\/tr\/?p=66733"]}]},{"@type":"ImageObject","inLanguage":"en-US","@id":"https:\/\/akunq.net\/tr\/?p=66733#primaryimage","url":"https:\/\/akunq.net\/tr\/wp-content\/uploads\/sites\/6\/2022\/01\/Sahak.jpg","contentUrl":"https:\/\/akunq.net\/tr\/wp-content\/uploads\/sites\/6\/2022\/01\/Sahak.jpg","width":670,"height":450},{"@type":"BreadcrumbList","@id":"https:\/\/akunq.net\/tr\/?p=66733#breadcrumb","itemListElement":[{"@type":"ListItem","position":1,"name":"Home","item":"https:\/\/akunq.net\/tr"},{"@type":"ListItem","position":2,"name":"T\u00fcrkiye Ermenileri Patri\u011fi Kadasetli Sahak II Hazretleri sa\u011fl\u0131\u011f\u0131na kavu\u015ftu"}]},{"@type":"WebSite","@id":"https:\/\/akunq.net\/tr\/#website","url":"https:\/\/akunq.net\/tr\/","name":"Bati Ermenistan Ve Bati Ermenileri Sorunlari Ara\u015ftirmalar Merkezi","description":"","potentialAction":[{"@type":"SearchAction","target":{"@type":"EntryPoint","urlTemplate":"https:\/\/akunq.net\/tr\/?s={search_term_string}"},"query-input":{"@type":"PropertyValueSpecification","valueRequired":true,"valueName":"search_term_string"}}],"inLanguage":"en-US"},{"@type":"Person","@id":"https:\/\/akunq.net\/tr\/#\/schema\/person\/096f1d38a12cce57fb855b485ed24c9e","name":"admin","url":"https:\/\/akunq.net\/tr\/?author=7"}]}},"_links":{"self":[{"href":"https:\/\/akunq.net\/tr\/index.php?rest_route=\/wp\/v2\/posts\/66733","targetHints":{"allow":["GET"]}}],"collection":[{"href":"https:\/\/akunq.net\/tr\/index.php?rest_route=\/wp\/v2\/posts"}],"about":[{"href":"https:\/\/akunq.net\/tr\/index.php?rest_route=\/wp\/v2\/types\/post"}],"author":[{"embeddable":true,"href":"https:\/\/akunq.net\/tr\/index.php?rest_route=\/wp\/v2\/users\/7"}],"replies":[{"embeddable":true,"href":"https:\/\/akunq.net\/tr\/index.php?rest_route=%2Fwp%2Fv2%2Fcomments&post=66733"}],"version-history":[{"count":1,"href":"https:\/\/akunq.net\/tr\/index.php?rest_route=\/wp\/v2\/posts\/66733\/revisions"}],"predecessor-version":[{"id":66735,"href":"https:\/\/akunq.net\/tr\/index.php?rest_route=\/wp\/v2\/posts\/66733\/revisions\/66735"}],"wp:featuredmedia":[{"embeddable":true,"href":"https:\/\/akunq.net\/tr\/index.php?rest_route=\/wp\/v2\/media\/66734"}],"wp:attachment":[{"href":"https:\/\/akunq.net\/tr\/index.php?rest_route=%2Fwp%2Fv2%2Fmedia&parent=66733"}],"wp:term":[{"taxonomy":"category","embeddable":true,"href":"https:\/\/akunq.net\/tr\/index.php?rest_route=%2Fwp%2Fv2%2Fcategories&post=66733"},{"taxonomy":"post_tag","embeddable":true,"href":"https:\/\/akunq.net\/tr\/index.php?rest_route=%2Fwp%2Fv2%2Ftags&post=66733"}],"curies":[{"name":"wp","href":"https:\/\/api.w.org\/{rel}","templated":true}]}}