{"id":66707,"date":"2022-01-21T01:06:26","date_gmt":"2022-01-21T06:06:26","guid":{"rendered":"https:\/\/akunq.net\/tr\/?p=66707"},"modified":"2022-01-21T01:06:26","modified_gmt":"2022-01-21T06:06:26","slug":"hrant-dinkin-adi-pariste-bir-sokakta-yasayacak","status":"publish","type":"post","link":"https:\/\/akunq.net\/tr\/?p=66707","title":{"rendered":"Hrant Dink&#8217;in ad\u0131 Paris&#8217;te bir sokakta ya\u015fayacak"},"content":{"rendered":"<p><img loading=\"lazy\" decoding=\"async\" class=\"aligncenter size-full wp-image-66708\" src=\"https:\/\/akunq.net\/tr\/wp-content\/uploads\/2022\/01\/Dink-5.jpg\" alt=\"\" width=\"360\" height=\"235\" srcset=\"https:\/\/akunq.net\/tr\/wp-content\/uploads\/sites\/6\/2022\/01\/Dink-5.jpg 360w, https:\/\/akunq.net\/tr\/wp-content\/uploads\/sites\/6\/2022\/01\/Dink-5-260x170.jpg 260w, https:\/\/akunq.net\/tr\/wp-content\/uploads\/sites\/6\/2022\/01\/Dink-5-160x104.jpg 160w\" sizes=\"auto, (max-width: 360px) 100vw, 360px\" \/><\/p>\n<p><em><strong>U\u011frad\u0131\u011f\u0131 silahl\u0131 sald\u0131r\u0131 sonucu hayat\u0131n\u0131 kaybeden \u0130stanbul Ermenisi, Agos gazetesinin kurucusu ve genel yay\u0131n y\u00f6netmeni Hrant Dink&#8217;in ad\u0131 Paris&#8217;te bir yere verilecek. Bunu Paris Belediye Ba\u015fkan Yard\u0131mc\u0131s\u0131 Arnaud Ngatcha Facebook hesab\u0131 \u00fczerinden duyurdu.<\/strong><\/em><\/p>\n<p>Ngatcha yapt\u0131\u011f\u0131 payla\u015f\u0131mda\u00a019 Ocak&#8217;ta 15 y\u0131l \u00f6nce \u0130stanbul&#8217;da katledilen Ermeni gazeteci Hrant Dink&#8217;i and\u0131\u011f\u0131n\u0131 belirtti.<\/p>\n<p>Dink&#8217;in ifade \u00f6zg\u00fcrl\u00fc\u011f\u00fc ve Ermenilerle T\u00fcrklerin uzla\u015fmas\u0131 i\u00e7in yapt\u0131\u011f\u0131 \u00e7al\u0131\u015fmalardan dolay\u0131 Oxfam Novib \u00d6d\u00fcl\u00fc&#8217;ne lay\u0131k g\u00f6r\u00fcld\u00fc\u011f\u00fcn\u00fc hat\u0131rlatan Ngatcha, &#8221; Paris Dink&#8217;in ad\u0131n\u0131 \u015fehrin 13 semtindeki bir yere vererek onun an\u0131s\u0131na sayg\u0131 duru\u015funda bulunacak.&#8221; ifadelerini kulland\u0131.<\/p>\n<p><em><strong>https:\/\/armenpress.am\/tur\/news\/1073463.html<\/strong><\/em><\/p>\n","protected":false},"excerpt":{"rendered":"<p>U\u011frad\u0131\u011f\u0131 silahl\u0131 sald\u0131r\u0131 sonucu hayat\u0131n\u0131 kaybeden \u0130stanbul Ermenisi, Agos gazetesinin kurucusu ve genel yay\u0131n y\u00f6netmeni Hrant Dink&#8217;in ad\u0131 Paris&#8217;te bir yere verilecek. Bunu Paris Belediye Ba\u015fkan Yard\u0131mc\u0131s\u0131 Arnaud Ngatcha Facebook hesab\u0131 \u00fczerinden duyurdu. Ngatcha yapt\u0131\u011f\u0131 payla\u015f\u0131mda\u00a019 Ocak&#8217;ta 15 y\u0131l \u00f6nce \u0130stanbul&#8217;da katledilen Ermeni gazeteci Hrant Dink&#8217;i and\u0131\u011f\u0131n\u0131 belirtti. Dink&#8217;in ifade \u00f6zg\u00fcrl\u00fc\u011f\u00fc ve Ermenilerle T\u00fcrklerin uzla\u015fmas\u0131 [&hellip;]<\/p>\n","protected":false},"author":7,"featured_media":66708,"comment_status":"open","ping_status":"open","sticky":false,"template":"","format":"standard","meta":{"footnotes":""},"categories":[1],"tags":[],"class_list":["post-66707","post","type-post","status-publish","format-standard","has-post-thumbnail","hentry","category-haberler"],"yoast_head":"<!-- This site is optimized with the Yoast SEO plugin v27.4 - https:\/\/yoast.com\/product\/yoast-seo-wordpress\/ -->\n<title>Hrant Dink&#039;in ad\u0131 Paris&#039;te bir sokakta ya\u015fayacak - Bati Ermenistan Ve Bati Ermenileri Sorunlari Ara\u015ftirmalar Merkezi<\/title>\n<meta name=\"robots\" content=\"index, follow, max-snippet:-1, max-image-preview:large, max-video-preview:-1\" \/>\n<link rel=\"canonical\" href=\"https:\/\/akunq.net\/tr\/?p=66707\" \/>\n<meta property=\"og:locale\" content=\"en_US\" \/>\n<meta property=\"og:type\" content=\"article\" \/>\n<meta property=\"og:title\" content=\"Hrant Dink&#039;in ad\u0131 Paris&#039;te bir sokakta ya\u015fayacak - Bati Ermenistan Ve Bati Ermenileri Sorunlari Ara\u015ftirmalar Merkezi\" \/>\n<meta property=\"og:description\" content=\"U\u011frad\u0131\u011f\u0131 silahl\u0131 sald\u0131r\u0131 sonucu hayat\u0131n\u0131 kaybeden \u0130stanbul Ermenisi, Agos gazetesinin kurucusu ve genel yay\u0131n y\u00f6netmeni Hrant Dink&#8217;in ad\u0131 Paris&#8217;te bir yere verilecek. Bunu Paris Belediye Ba\u015fkan Yard\u0131mc\u0131s\u0131 Arnaud Ngatcha Facebook hesab\u0131 \u00fczerinden duyurdu. Ngatcha yapt\u0131\u011f\u0131 payla\u015f\u0131mda\u00a019 Ocak&#8217;ta 15 y\u0131l \u00f6nce \u0130stanbul&#8217;da katledilen Ermeni gazeteci Hrant Dink&#8217;i and\u0131\u011f\u0131n\u0131 belirtti. Dink&#8217;in ifade \u00f6zg\u00fcrl\u00fc\u011f\u00fc ve Ermenilerle T\u00fcrklerin uzla\u015fmas\u0131 [&hellip;]\" \/>\n<meta property=\"og:url\" content=\"https:\/\/akunq.net\/tr\/?p=66707\" \/>\n<meta property=\"og:site_name\" content=\"Bati Ermenistan Ve Bati Ermenileri Sorunlari Ara\u015ftirmalar Merkezi\" \/>\n<meta property=\"article:published_time\" content=\"2022-01-21T06:06:26+00:00\" \/>\n<meta property=\"og:image\" content=\"https:\/\/akunq.net\/tr\/wp-content\/uploads\/sites\/6\/2022\/01\/Dink-5.jpg\" \/>\n\t<meta property=\"og:image:width\" content=\"360\" \/>\n\t<meta property=\"og:image:height\" content=\"235\" \/>\n\t<meta property=\"og:image:type\" content=\"image\/jpeg\" \/>\n<meta name=\"author\" content=\"admin\" \/>\n<meta name=\"twitter:card\" content=\"summary_large_image\" \/>\n<meta name=\"twitter:label1\" content=\"Written by\" \/>\n\t<meta name=\"twitter:data1\" content=\"admin\" \/>\n\t<meta name=\"twitter:label2\" content=\"Est. reading time\" \/>\n\t<meta name=\"twitter:data2\" content=\"1 minute\" \/>\n<script type=\"application\/ld+json\" class=\"yoast-schema-graph\">{\"@context\":\"https:\\\/\\\/schema.org\",\"@graph\":[{\"@type\":\"Article\",\"@id\":\"https:\\\/\\\/akunq.net\\\/tr\\\/?p=66707#article\",\"isPartOf\":{\"@id\":\"https:\\\/\\\/akunq.net\\\/tr\\\/?p=66707\"},\"author\":{\"name\":\"admin\",\"@id\":\"https:\\\/\\\/akunq.net\\\/tr\\\/#\\\/schema\\\/person\\\/096f1d38a12cce57fb855b485ed24c9e\"},\"headline\":\"Hrant Dink&#8217;in ad\u0131 Paris&#8217;te bir sokakta ya\u015fayacak\",\"datePublished\":\"2022-01-21T06:06:26+00:00\",\"mainEntityOfPage\":{\"@id\":\"https:\\\/\\\/akunq.net\\\/tr\\\/?p=66707\"},\"wordCount\":121,\"commentCount\":0,\"image\":{\"@id\":\"https:\\\/\\\/akunq.net\\\/tr\\\/?p=66707#primaryimage\"},\"thumbnailUrl\":\"https:\\\/\\\/akunq.net\\\/tr\\\/wp-content\\\/uploads\\\/sites\\\/6\\\/2022\\\/01\\\/Dink-5.jpg\",\"articleSection\":[\"Haberler\"],\"inLanguage\":\"en-US\",\"potentialAction\":[{\"@type\":\"CommentAction\",\"name\":\"Comment\",\"target\":[\"https:\\\/\\\/akunq.net\\\/tr\\\/?p=66707#respond\"]}]},{\"@type\":\"WebPage\",\"@id\":\"https:\\\/\\\/akunq.net\\\/tr\\\/?p=66707\",\"url\":\"https:\\\/\\\/akunq.net\\\/tr\\\/?p=66707\",\"name\":\"Hrant Dink'in ad\u0131 Paris'te bir sokakta ya\u015fayacak - Bati Ermenistan Ve Bati Ermenileri Sorunlari Ara\u015ftirmalar Merkezi\",\"isPartOf\":{\"@id\":\"https:\\\/\\\/akunq.net\\\/tr\\\/#website\"},\"primaryImageOfPage\":{\"@id\":\"https:\\\/\\\/akunq.net\\\/tr\\\/?p=66707#primaryimage\"},\"image\":{\"@id\":\"https:\\\/\\\/akunq.net\\\/tr\\\/?p=66707#primaryimage\"},\"thumbnailUrl\":\"https:\\\/\\\/akunq.net\\\/tr\\\/wp-content\\\/uploads\\\/sites\\\/6\\\/2022\\\/01\\\/Dink-5.jpg\",\"datePublished\":\"2022-01-21T06:06:26+00:00\",\"author\":{\"@id\":\"https:\\\/\\\/akunq.net\\\/tr\\\/#\\\/schema\\\/person\\\/096f1d38a12cce57fb855b485ed24c9e\"},\"breadcrumb\":{\"@id\":\"https:\\\/\\\/akunq.net\\\/tr\\\/?p=66707#breadcrumb\"},\"inLanguage\":\"en-US\",\"potentialAction\":[{\"@type\":\"ReadAction\",\"target\":[\"https:\\\/\\\/akunq.net\\\/tr\\\/?p=66707\"]}]},{\"@type\":\"ImageObject\",\"inLanguage\":\"en-US\",\"@id\":\"https:\\\/\\\/akunq.net\\\/tr\\\/?p=66707#primaryimage\",\"url\":\"https:\\\/\\\/akunq.net\\\/tr\\\/wp-content\\\/uploads\\\/sites\\\/6\\\/2022\\\/01\\\/Dink-5.jpg\",\"contentUrl\":\"https:\\\/\\\/akunq.net\\\/tr\\\/wp-content\\\/uploads\\\/sites\\\/6\\\/2022\\\/01\\\/Dink-5.jpg\",\"width\":360,\"height\":235},{\"@type\":\"BreadcrumbList\",\"@id\":\"https:\\\/\\\/akunq.net\\\/tr\\\/?p=66707#breadcrumb\",\"itemListElement\":[{\"@type\":\"ListItem\",\"position\":1,\"name\":\"Home\",\"item\":\"https:\\\/\\\/akunq.net\\\/tr\"},{\"@type\":\"ListItem\",\"position\":2,\"name\":\"Hrant Dink&#8217;in ad\u0131 Paris&#8217;te bir sokakta ya\u015fayacak\"}]},{\"@type\":\"WebSite\",\"@id\":\"https:\\\/\\\/akunq.net\\\/tr\\\/#website\",\"url\":\"https:\\\/\\\/akunq.net\\\/tr\\\/\",\"name\":\"Bati Ermenistan Ve Bati Ermenileri Sorunlari Ara\u015ftirmalar Merkezi\",\"description\":\"\",\"potentialAction\":[{\"@type\":\"SearchAction\",\"target\":{\"@type\":\"EntryPoint\",\"urlTemplate\":\"https:\\\/\\\/akunq.net\\\/tr\\\/?s={search_term_string}\"},\"query-input\":{\"@type\":\"PropertyValueSpecification\",\"valueRequired\":true,\"valueName\":\"search_term_string\"}}],\"inLanguage\":\"en-US\"},{\"@type\":\"Person\",\"@id\":\"https:\\\/\\\/akunq.net\\\/tr\\\/#\\\/schema\\\/person\\\/096f1d38a12cce57fb855b485ed24c9e\",\"name\":\"admin\",\"url\":\"https:\\\/\\\/akunq.net\\\/tr\\\/?author=7\"}]}<\/script>\n<!-- \/ Yoast SEO plugin. -->","yoast_head_json":{"title":"Hrant Dink'in ad\u0131 Paris'te bir sokakta ya\u015fayacak - Bati Ermenistan Ve Bati Ermenileri Sorunlari Ara\u015ftirmalar Merkezi","robots":{"index":"index","follow":"follow","max-snippet":"max-snippet:-1","max-image-preview":"max-image-preview:large","max-video-preview":"max-video-preview:-1"},"canonical":"https:\/\/akunq.net\/tr\/?p=66707","og_locale":"en_US","og_type":"article","og_title":"Hrant Dink'in ad\u0131 Paris'te bir sokakta ya\u015fayacak - Bati Ermenistan Ve Bati Ermenileri Sorunlari Ara\u015ftirmalar Merkezi","og_description":"U\u011frad\u0131\u011f\u0131 silahl\u0131 sald\u0131r\u0131 sonucu hayat\u0131n\u0131 kaybeden \u0130stanbul Ermenisi, Agos gazetesinin kurucusu ve genel yay\u0131n y\u00f6netmeni Hrant Dink&#8217;in ad\u0131 Paris&#8217;te bir yere verilecek. Bunu Paris Belediye Ba\u015fkan Yard\u0131mc\u0131s\u0131 Arnaud Ngatcha Facebook hesab\u0131 \u00fczerinden duyurdu. Ngatcha yapt\u0131\u011f\u0131 payla\u015f\u0131mda\u00a019 Ocak&#8217;ta 15 y\u0131l \u00f6nce \u0130stanbul&#8217;da katledilen Ermeni gazeteci Hrant Dink&#8217;i and\u0131\u011f\u0131n\u0131 belirtti. Dink&#8217;in ifade \u00f6zg\u00fcrl\u00fc\u011f\u00fc ve Ermenilerle T\u00fcrklerin uzla\u015fmas\u0131 [&hellip;]","og_url":"https:\/\/akunq.net\/tr\/?p=66707","og_site_name":"Bati Ermenistan Ve Bati Ermenileri Sorunlari Ara\u015ftirmalar Merkezi","article_published_time":"2022-01-21T06:06:26+00:00","og_image":[{"width":360,"height":235,"url":"https:\/\/akunq.net\/tr\/wp-content\/uploads\/sites\/6\/2022\/01\/Dink-5.jpg","type":"image\/jpeg"}],"author":"admin","twitter_card":"summary_large_image","twitter_misc":{"Written by":"admin","Est. reading time":"1 minute"},"schema":{"@context":"https:\/\/schema.org","@graph":[{"@type":"Article","@id":"https:\/\/akunq.net\/tr\/?p=66707#article","isPartOf":{"@id":"https:\/\/akunq.net\/tr\/?p=66707"},"author":{"name":"admin","@id":"https:\/\/akunq.net\/tr\/#\/schema\/person\/096f1d38a12cce57fb855b485ed24c9e"},"headline":"Hrant Dink&#8217;in ad\u0131 Paris&#8217;te bir sokakta ya\u015fayacak","datePublished":"2022-01-21T06:06:26+00:00","mainEntityOfPage":{"@id":"https:\/\/akunq.net\/tr\/?p=66707"},"wordCount":121,"commentCount":0,"image":{"@id":"https:\/\/akunq.net\/tr\/?p=66707#primaryimage"},"thumbnailUrl":"https:\/\/akunq.net\/tr\/wp-content\/uploads\/sites\/6\/2022\/01\/Dink-5.jpg","articleSection":["Haberler"],"inLanguage":"en-US","potentialAction":[{"@type":"CommentAction","name":"Comment","target":["https:\/\/akunq.net\/tr\/?p=66707#respond"]}]},{"@type":"WebPage","@id":"https:\/\/akunq.net\/tr\/?p=66707","url":"https:\/\/akunq.net\/tr\/?p=66707","name":"Hrant Dink'in ad\u0131 Paris'te bir sokakta ya\u015fayacak - Bati Ermenistan Ve Bati Ermenileri Sorunlari Ara\u015ftirmalar Merkezi","isPartOf":{"@id":"https:\/\/akunq.net\/tr\/#website"},"primaryImageOfPage":{"@id":"https:\/\/akunq.net\/tr\/?p=66707#primaryimage"},"image":{"@id":"https:\/\/akunq.net\/tr\/?p=66707#primaryimage"},"thumbnailUrl":"https:\/\/akunq.net\/tr\/wp-content\/uploads\/sites\/6\/2022\/01\/Dink-5.jpg","datePublished":"2022-01-21T06:06:26+00:00","author":{"@id":"https:\/\/akunq.net\/tr\/#\/schema\/person\/096f1d38a12cce57fb855b485ed24c9e"},"breadcrumb":{"@id":"https:\/\/akunq.net\/tr\/?p=66707#breadcrumb"},"inLanguage":"en-US","potentialAction":[{"@type":"ReadAction","target":["https:\/\/akunq.net\/tr\/?p=66707"]}]},{"@type":"ImageObject","inLanguage":"en-US","@id":"https:\/\/akunq.net\/tr\/?p=66707#primaryimage","url":"https:\/\/akunq.net\/tr\/wp-content\/uploads\/sites\/6\/2022\/01\/Dink-5.jpg","contentUrl":"https:\/\/akunq.net\/tr\/wp-content\/uploads\/sites\/6\/2022\/01\/Dink-5.jpg","width":360,"height":235},{"@type":"BreadcrumbList","@id":"https:\/\/akunq.net\/tr\/?p=66707#breadcrumb","itemListElement":[{"@type":"ListItem","position":1,"name":"Home","item":"https:\/\/akunq.net\/tr"},{"@type":"ListItem","position":2,"name":"Hrant Dink&#8217;in ad\u0131 Paris&#8217;te bir sokakta ya\u015fayacak"}]},{"@type":"WebSite","@id":"https:\/\/akunq.net\/tr\/#website","url":"https:\/\/akunq.net\/tr\/","name":"Bati Ermenistan Ve Bati Ermenileri Sorunlari Ara\u015ftirmalar Merkezi","description":"","potentialAction":[{"@type":"SearchAction","target":{"@type":"EntryPoint","urlTemplate":"https:\/\/akunq.net\/tr\/?s={search_term_string}"},"query-input":{"@type":"PropertyValueSpecification","valueRequired":true,"valueName":"search_term_string"}}],"inLanguage":"en-US"},{"@type":"Person","@id":"https:\/\/akunq.net\/tr\/#\/schema\/person\/096f1d38a12cce57fb855b485ed24c9e","name":"admin","url":"https:\/\/akunq.net\/tr\/?author=7"}]}},"_links":{"self":[{"href":"https:\/\/akunq.net\/tr\/index.php?rest_route=\/wp\/v2\/posts\/66707","targetHints":{"allow":["GET"]}}],"collection":[{"href":"https:\/\/akunq.net\/tr\/index.php?rest_route=\/wp\/v2\/posts"}],"about":[{"href":"https:\/\/akunq.net\/tr\/index.php?rest_route=\/wp\/v2\/types\/post"}],"author":[{"embeddable":true,"href":"https:\/\/akunq.net\/tr\/index.php?rest_route=\/wp\/v2\/users\/7"}],"replies":[{"embeddable":true,"href":"https:\/\/akunq.net\/tr\/index.php?rest_route=%2Fwp%2Fv2%2Fcomments&post=66707"}],"version-history":[{"count":1,"href":"https:\/\/akunq.net\/tr\/index.php?rest_route=\/wp\/v2\/posts\/66707\/revisions"}],"predecessor-version":[{"id":66709,"href":"https:\/\/akunq.net\/tr\/index.php?rest_route=\/wp\/v2\/posts\/66707\/revisions\/66709"}],"wp:featuredmedia":[{"embeddable":true,"href":"https:\/\/akunq.net\/tr\/index.php?rest_route=\/wp\/v2\/media\/66708"}],"wp:attachment":[{"href":"https:\/\/akunq.net\/tr\/index.php?rest_route=%2Fwp%2Fv2%2Fmedia&parent=66707"}],"wp:term":[{"taxonomy":"category","embeddable":true,"href":"https:\/\/akunq.net\/tr\/index.php?rest_route=%2Fwp%2Fv2%2Fcategories&post=66707"},{"taxonomy":"post_tag","embeddable":true,"href":"https:\/\/akunq.net\/tr\/index.php?rest_route=%2Fwp%2Fv2%2Ftags&post=66707"}],"curies":[{"name":"wp","href":"https:\/\/api.w.org\/{rel}","templated":true}]}}