{"id":66704,"date":"2022-01-21T00:58:36","date_gmt":"2022-01-21T05:58:36","guid":{"rendered":"https:\/\/akunq.net\/tr\/?p=66704"},"modified":"2022-01-21T00:58:36","modified_gmt":"2022-01-21T05:58:36","slug":"kibris-milli-muhafiz-ordusu-komutani-ermeni-soykirimi-anitini-ziyaret-etti","status":"publish","type":"post","link":"https:\/\/akunq.net\/tr\/?p=66704","title":{"rendered":"K\u0131br\u0131s Milli Muhaf\u0131z Ordusu Komutan\u0131, Ermeni Soyk\u0131r\u0131m\u0131 An\u0131t\u0131&#8217;n\u0131 ziyaret etti"},"content":{"rendered":"<div class=\"html-content\">\n<p><img loading=\"lazy\" decoding=\"async\" class=\"aligncenter size-medium wp-image-66705\" src=\"https:\/\/akunq.net\/tr\/wp-content\/uploads\/2022\/01\/K\u0131br\u0131s-Milli-Muhaf\u0131z-Ordusu-Komutan\u0131-360x242.jpg\" alt=\"\" width=\"360\" height=\"242\" srcset=\"https:\/\/akunq.net\/tr\/wp-content\/uploads\/sites\/6\/2022\/01\/K\u0131br\u0131s-Milli-Muhaf\u0131z-Ordusu-Komutan\u0131-360x242.jpg 360w, https:\/\/akunq.net\/tr\/wp-content\/uploads\/sites\/6\/2022\/01\/K\u0131br\u0131s-Milli-Muhaf\u0131z-Ordusu-Komutan\u0131-560x376.jpg 560w, https:\/\/akunq.net\/tr\/wp-content\/uploads\/sites\/6\/2022\/01\/K\u0131br\u0131s-Milli-Muhaf\u0131z-Ordusu-Komutan\u0131-260x175.jpg 260w, https:\/\/akunq.net\/tr\/wp-content\/uploads\/sites\/6\/2022\/01\/K\u0131br\u0131s-Milli-Muhaf\u0131z-Ordusu-Komutan\u0131-160x107.jpg 160w, https:\/\/akunq.net\/tr\/wp-content\/uploads\/sites\/6\/2022\/01\/K\u0131br\u0131s-Milli-Muhaf\u0131z-Ordusu-Komutan\u0131.jpg 670w\" sizes=\"auto, (max-width: 360px) 100vw, 360px\" \/><\/p>\n<p><strong><em>K\u0131br\u0131s Cumhuriyeti&#8217;nin Milli Muhaf\u0131z Ordusu Komutan\u0131 Korgeneral Demokritos Zervakis&#8217;\u0130n ba\u015fkanl\u0131\u011f\u0131ndaki heyet Ermenistan&#8217;da bir s\u0131ra \u00f6nemli g\u00f6r\u00fc\u015fmeler ger\u00e7ekle\u015ftirdi.\u00a0Korgeneral\u00a0Zervakis,\u00a0Ermenistan Savunma Bakan\u0131 Suren Papikyan ile g\u00f6r\u00fc\u015fmede\u00a0K\u0131br\u0131s taraf\u0131n\u0131n her y\u00f6nde i\u015fbirli\u011fi geli\u015ftirme ve yeni giri\u015fimlerde bulunmaya haz\u0131r oldu\u011funu teyit etti.<\/em><\/strong><\/p>\n<p>Ermenistan Savunma Bakan\u0131, ikili askeri-teknik i\u015fbirli\u011fini \u00f6nesmeyerek Ermeni taraf\u0131n\u0131n bu y\u00f6nde kurulan h\u00fck\u00fcmetler aras\u0131 komisyonun \u00e7al\u0131\u015fmalar\u0131na yeniden ba\u015flamaya haz\u0131r oldu\u011funu ifade etti.\u00a0G\u00f6r\u00fc\u015fmede, gelecek i\u015fbirli\u011fi konusunda bu y\u0131l hayata ge\u00e7irilecek olan bir dizi anla\u015fmaya var\u0131ld\u0131.<\/p>\n<p>Bakan Papikyan, K\u0131br\u0131s taraf\u0131na Artsakh ihtilaf\u0131ndaki net tutumu ve uluslararas\u0131 arenadaki deste\u011finden dolay\u0131 te\u015fekk\u00fcr etti, Ermeni taraf\u0131n\u0131n K\u0131br\u0131s sorunu ve Do\u011fu Akdeniz b\u00f6lgesindeki durum ile ilgili tutumlar\u0131n\u0131 yeniden teyit etti.<\/p>\n<p>Korgeneral Demokritos Zervakis ile Ermenistan Silahl\u0131 Kuvvetleri Genelkurmay Ba\u015fkan\u0131 Korgeneral Artak Davtyan\u2019\u0131n g\u00f6r\u00fc\u015fmesi de 19 Ocak g\u00fcn\u00fc Ermenistan Savunma Bakanl\u0131\u011f\u0131&#8217;nda ger\u00e7ekle\u015fti.<\/p>\n<p>Muhataplar, b\u00f6lgesel g\u00fcvenlik ve askeri i\u015fbirli\u011fi ile ilgili konular\u0131 ele ald\u0131lar.\u00a0K\u0131br\u0131s taraf\u0131na 44 g\u00fcnl\u00fck Artsakh sava\u015f\u0131ndan sonra meydana gelen durum ve b\u00f6lgedeki meydan okumalar\u0131 hakk\u0131nda bilgi verildi. Hem ikili,hem de 2019&#8217;da giri\u015filen Ermenistan-K\u0131br\u0131s-Yunanistan \u00fc\u00e7l\u00fc i\u015fbirli\u011fi \u00f6nemsendi.<\/p>\n<p>Korgeneral Dimokritos Zervakis\u2019in ba\u015fkanl\u0131\u011f\u0131ndaki heyet, Ermeni Soyk\u0131r\u0131m\u0131 An\u0131t Kompleksi\u2019ni de ziyaret etti.<br \/>\n<img decoding=\"async\" src=\"https:\/\/www.ermenihaber.am\/files\/images\/555_333333.jpg\" alt=\"\" \/><\/p>\n<p>&nbsp;<\/p>\n<\/div>\n<div class=\"current-author fl cb\"><strong><em><a class=\"a-none\" href=\"https:\/\/www.ermenihaber.am\/tr\/news\/2022\/01\/20\/K%C4%B1br%C4%B1s-Ermenistan\/223838\">Ermenihaber.am<\/a><\/em><\/strong><\/div>\n<div class=\"cb\"><\/div>\n<div class=\"current-socials\">\n<div id=\"st-1\" class=\"sharethis-inline-share-buttons st-left  st-inline-share-buttons st-animated\">\n<div class=\"st-btn st-first\" data-network=\"facebook\"><\/div>\n<\/div>\n<\/div>\n","protected":false},"excerpt":{"rendered":"<p>K\u0131br\u0131s Cumhuriyeti&#8217;nin Milli Muhaf\u0131z Ordusu Komutan\u0131 Korgeneral Demokritos Zervakis&#8217;\u0130n ba\u015fkanl\u0131\u011f\u0131ndaki heyet Ermenistan&#8217;da bir s\u0131ra \u00f6nemli g\u00f6r\u00fc\u015fmeler ger\u00e7ekle\u015ftirdi.\u00a0Korgeneral\u00a0Zervakis,\u00a0Ermenistan Savunma Bakan\u0131 Suren Papikyan ile g\u00f6r\u00fc\u015fmede\u00a0K\u0131br\u0131s taraf\u0131n\u0131n her y\u00f6nde i\u015fbirli\u011fi geli\u015ftirme ve yeni giri\u015fimlerde bulunmaya haz\u0131r oldu\u011funu teyit etti. Ermenistan Savunma Bakan\u0131, ikili askeri-teknik i\u015fbirli\u011fini \u00f6nesmeyerek Ermeni taraf\u0131n\u0131n bu y\u00f6nde kurulan h\u00fck\u00fcmetler aras\u0131 komisyonun \u00e7al\u0131\u015fmalar\u0131na yeniden ba\u015flamaya haz\u0131r [&hellip;]<\/p>\n","protected":false},"author":7,"featured_media":66705,"comment_status":"open","ping_status":"open","sticky":false,"template":"","format":"standard","meta":{"footnotes":""},"categories":[1],"tags":[],"class_list":["post-66704","post","type-post","status-publish","format-standard","has-post-thumbnail","hentry","category-haberler"],"yoast_head":"<!-- This site is optimized with the Yoast SEO plugin v27.4 - https:\/\/yoast.com\/product\/yoast-seo-wordpress\/ -->\n<title>K\u0131br\u0131s Milli Muhaf\u0131z Ordusu Komutan\u0131, Ermeni Soyk\u0131r\u0131m\u0131 An\u0131t\u0131&#039;n\u0131 ziyaret etti - Bati Ermenistan Ve Bati Ermenileri Sorunlari Ara\u015ftirmalar Merkezi<\/title>\n<meta name=\"robots\" content=\"index, follow, max-snippet:-1, max-image-preview:large, max-video-preview:-1\" \/>\n<link rel=\"canonical\" href=\"https:\/\/akunq.net\/tr\/?p=66704\" \/>\n<meta property=\"og:locale\" content=\"en_US\" \/>\n<meta property=\"og:type\" content=\"article\" \/>\n<meta property=\"og:title\" content=\"K\u0131br\u0131s Milli Muhaf\u0131z Ordusu Komutan\u0131, Ermeni Soyk\u0131r\u0131m\u0131 An\u0131t\u0131&#039;n\u0131 ziyaret etti - Bati Ermenistan Ve Bati Ermenileri Sorunlari Ara\u015ftirmalar Merkezi\" \/>\n<meta property=\"og:description\" content=\"K\u0131br\u0131s Cumhuriyeti&#8217;nin Milli Muhaf\u0131z Ordusu Komutan\u0131 Korgeneral Demokritos Zervakis&#8217;\u0130n ba\u015fkanl\u0131\u011f\u0131ndaki heyet Ermenistan&#8217;da bir s\u0131ra \u00f6nemli g\u00f6r\u00fc\u015fmeler ger\u00e7ekle\u015ftirdi.\u00a0Korgeneral\u00a0Zervakis,\u00a0Ermenistan Savunma Bakan\u0131 Suren Papikyan ile g\u00f6r\u00fc\u015fmede\u00a0K\u0131br\u0131s taraf\u0131n\u0131n her y\u00f6nde i\u015fbirli\u011fi geli\u015ftirme ve yeni giri\u015fimlerde bulunmaya haz\u0131r oldu\u011funu teyit etti. Ermenistan Savunma Bakan\u0131, ikili askeri-teknik i\u015fbirli\u011fini \u00f6nesmeyerek Ermeni taraf\u0131n\u0131n bu y\u00f6nde kurulan h\u00fck\u00fcmetler aras\u0131 komisyonun \u00e7al\u0131\u015fmalar\u0131na yeniden ba\u015flamaya haz\u0131r [&hellip;]\" \/>\n<meta property=\"og:url\" content=\"https:\/\/akunq.net\/tr\/?p=66704\" \/>\n<meta property=\"og:site_name\" content=\"Bati Ermenistan Ve Bati Ermenileri Sorunlari Ara\u015ftirmalar Merkezi\" \/>\n<meta property=\"article:published_time\" content=\"2022-01-21T05:58:36+00:00\" \/>\n<meta property=\"og:image\" content=\"https:\/\/akunq.net\/tr\/wp-content\/uploads\/sites\/6\/2022\/01\/K\u0131br\u0131s-Milli-Muhaf\u0131z-Ordusu-Komutan\u0131.jpg\" \/>\n\t<meta property=\"og:image:width\" content=\"670\" \/>\n\t<meta property=\"og:image:height\" content=\"450\" \/>\n\t<meta property=\"og:image:type\" content=\"image\/jpeg\" \/>\n<meta name=\"author\" content=\"admin\" \/>\n<meta name=\"twitter:card\" content=\"summary_large_image\" \/>\n<meta name=\"twitter:label1\" content=\"Written by\" \/>\n\t<meta name=\"twitter:data1\" content=\"admin\" \/>\n\t<meta name=\"twitter:label2\" content=\"Est. reading time\" \/>\n\t<meta name=\"twitter:data2\" content=\"1 minute\" \/>\n<script type=\"application\/ld+json\" class=\"yoast-schema-graph\">{\"@context\":\"https:\\\/\\\/schema.org\",\"@graph\":[{\"@type\":\"Article\",\"@id\":\"https:\\\/\\\/akunq.net\\\/tr\\\/?p=66704#article\",\"isPartOf\":{\"@id\":\"https:\\\/\\\/akunq.net\\\/tr\\\/?p=66704\"},\"author\":{\"name\":\"admin\",\"@id\":\"https:\\\/\\\/akunq.net\\\/tr\\\/#\\\/schema\\\/person\\\/096f1d38a12cce57fb855b485ed24c9e\"},\"headline\":\"K\u0131br\u0131s Milli Muhaf\u0131z Ordusu Komutan\u0131, Ermeni Soyk\u0131r\u0131m\u0131 An\u0131t\u0131&#8217;n\u0131 ziyaret etti\",\"datePublished\":\"2022-01-21T05:58:36+00:00\",\"mainEntityOfPage\":{\"@id\":\"https:\\\/\\\/akunq.net\\\/tr\\\/?p=66704\"},\"wordCount\":285,\"commentCount\":0,\"image\":{\"@id\":\"https:\\\/\\\/akunq.net\\\/tr\\\/?p=66704#primaryimage\"},\"thumbnailUrl\":\"https:\\\/\\\/akunq.net\\\/tr\\\/wp-content\\\/uploads\\\/sites\\\/6\\\/2022\\\/01\\\/K\u0131br\u0131s-Milli-Muhaf\u0131z-Ordusu-Komutan\u0131.jpg\",\"articleSection\":[\"Haberler\"],\"inLanguage\":\"en-US\",\"potentialAction\":[{\"@type\":\"CommentAction\",\"name\":\"Comment\",\"target\":[\"https:\\\/\\\/akunq.net\\\/tr\\\/?p=66704#respond\"]}]},{\"@type\":\"WebPage\",\"@id\":\"https:\\\/\\\/akunq.net\\\/tr\\\/?p=66704\",\"url\":\"https:\\\/\\\/akunq.net\\\/tr\\\/?p=66704\",\"name\":\"K\u0131br\u0131s Milli Muhaf\u0131z Ordusu Komutan\u0131, Ermeni Soyk\u0131r\u0131m\u0131 An\u0131t\u0131'n\u0131 ziyaret etti - Bati Ermenistan Ve Bati Ermenileri Sorunlari Ara\u015ftirmalar Merkezi\",\"isPartOf\":{\"@id\":\"https:\\\/\\\/akunq.net\\\/tr\\\/#website\"},\"primaryImageOfPage\":{\"@id\":\"https:\\\/\\\/akunq.net\\\/tr\\\/?p=66704#primaryimage\"},\"image\":{\"@id\":\"https:\\\/\\\/akunq.net\\\/tr\\\/?p=66704#primaryimage\"},\"thumbnailUrl\":\"https:\\\/\\\/akunq.net\\\/tr\\\/wp-content\\\/uploads\\\/sites\\\/6\\\/2022\\\/01\\\/K\u0131br\u0131s-Milli-Muhaf\u0131z-Ordusu-Komutan\u0131.jpg\",\"datePublished\":\"2022-01-21T05:58:36+00:00\",\"author\":{\"@id\":\"https:\\\/\\\/akunq.net\\\/tr\\\/#\\\/schema\\\/person\\\/096f1d38a12cce57fb855b485ed24c9e\"},\"breadcrumb\":{\"@id\":\"https:\\\/\\\/akunq.net\\\/tr\\\/?p=66704#breadcrumb\"},\"inLanguage\":\"en-US\",\"potentialAction\":[{\"@type\":\"ReadAction\",\"target\":[\"https:\\\/\\\/akunq.net\\\/tr\\\/?p=66704\"]}]},{\"@type\":\"ImageObject\",\"inLanguage\":\"en-US\",\"@id\":\"https:\\\/\\\/akunq.net\\\/tr\\\/?p=66704#primaryimage\",\"url\":\"https:\\\/\\\/akunq.net\\\/tr\\\/wp-content\\\/uploads\\\/sites\\\/6\\\/2022\\\/01\\\/K\u0131br\u0131s-Milli-Muhaf\u0131z-Ordusu-Komutan\u0131.jpg\",\"contentUrl\":\"https:\\\/\\\/akunq.net\\\/tr\\\/wp-content\\\/uploads\\\/sites\\\/6\\\/2022\\\/01\\\/K\u0131br\u0131s-Milli-Muhaf\u0131z-Ordusu-Komutan\u0131.jpg\",\"width\":670,\"height\":450},{\"@type\":\"BreadcrumbList\",\"@id\":\"https:\\\/\\\/akunq.net\\\/tr\\\/?p=66704#breadcrumb\",\"itemListElement\":[{\"@type\":\"ListItem\",\"position\":1,\"name\":\"Home\",\"item\":\"https:\\\/\\\/akunq.net\\\/tr\"},{\"@type\":\"ListItem\",\"position\":2,\"name\":\"K\u0131br\u0131s Milli Muhaf\u0131z Ordusu Komutan\u0131, Ermeni Soyk\u0131r\u0131m\u0131 An\u0131t\u0131&#8217;n\u0131 ziyaret etti\"}]},{\"@type\":\"WebSite\",\"@id\":\"https:\\\/\\\/akunq.net\\\/tr\\\/#website\",\"url\":\"https:\\\/\\\/akunq.net\\\/tr\\\/\",\"name\":\"Bati Ermenistan Ve Bati Ermenileri Sorunlari Ara\u015ftirmalar Merkezi\",\"description\":\"\",\"potentialAction\":[{\"@type\":\"SearchAction\",\"target\":{\"@type\":\"EntryPoint\",\"urlTemplate\":\"https:\\\/\\\/akunq.net\\\/tr\\\/?s={search_term_string}\"},\"query-input\":{\"@type\":\"PropertyValueSpecification\",\"valueRequired\":true,\"valueName\":\"search_term_string\"}}],\"inLanguage\":\"en-US\"},{\"@type\":\"Person\",\"@id\":\"https:\\\/\\\/akunq.net\\\/tr\\\/#\\\/schema\\\/person\\\/096f1d38a12cce57fb855b485ed24c9e\",\"name\":\"admin\",\"url\":\"https:\\\/\\\/akunq.net\\\/tr\\\/?author=7\"}]}<\/script>\n<!-- \/ Yoast SEO plugin. -->","yoast_head_json":{"title":"K\u0131br\u0131s Milli Muhaf\u0131z Ordusu Komutan\u0131, Ermeni Soyk\u0131r\u0131m\u0131 An\u0131t\u0131'n\u0131 ziyaret etti - Bati Ermenistan Ve Bati Ermenileri Sorunlari Ara\u015ftirmalar Merkezi","robots":{"index":"index","follow":"follow","max-snippet":"max-snippet:-1","max-image-preview":"max-image-preview:large","max-video-preview":"max-video-preview:-1"},"canonical":"https:\/\/akunq.net\/tr\/?p=66704","og_locale":"en_US","og_type":"article","og_title":"K\u0131br\u0131s Milli Muhaf\u0131z Ordusu Komutan\u0131, Ermeni Soyk\u0131r\u0131m\u0131 An\u0131t\u0131'n\u0131 ziyaret etti - Bati Ermenistan Ve Bati Ermenileri Sorunlari Ara\u015ftirmalar Merkezi","og_description":"K\u0131br\u0131s Cumhuriyeti&#8217;nin Milli Muhaf\u0131z Ordusu Komutan\u0131 Korgeneral Demokritos Zervakis&#8217;\u0130n ba\u015fkanl\u0131\u011f\u0131ndaki heyet Ermenistan&#8217;da bir s\u0131ra \u00f6nemli g\u00f6r\u00fc\u015fmeler ger\u00e7ekle\u015ftirdi.\u00a0Korgeneral\u00a0Zervakis,\u00a0Ermenistan Savunma Bakan\u0131 Suren Papikyan ile g\u00f6r\u00fc\u015fmede\u00a0K\u0131br\u0131s taraf\u0131n\u0131n her y\u00f6nde i\u015fbirli\u011fi geli\u015ftirme ve yeni giri\u015fimlerde bulunmaya haz\u0131r oldu\u011funu teyit etti. Ermenistan Savunma Bakan\u0131, ikili askeri-teknik i\u015fbirli\u011fini \u00f6nesmeyerek Ermeni taraf\u0131n\u0131n bu y\u00f6nde kurulan h\u00fck\u00fcmetler aras\u0131 komisyonun \u00e7al\u0131\u015fmalar\u0131na yeniden ba\u015flamaya haz\u0131r [&hellip;]","og_url":"https:\/\/akunq.net\/tr\/?p=66704","og_site_name":"Bati Ermenistan Ve Bati Ermenileri Sorunlari Ara\u015ftirmalar Merkezi","article_published_time":"2022-01-21T05:58:36+00:00","og_image":[{"width":670,"height":450,"url":"https:\/\/akunq.net\/tr\/wp-content\/uploads\/sites\/6\/2022\/01\/K\u0131br\u0131s-Milli-Muhaf\u0131z-Ordusu-Komutan\u0131.jpg","type":"image\/jpeg"}],"author":"admin","twitter_card":"summary_large_image","twitter_misc":{"Written by":"admin","Est. reading time":"1 minute"},"schema":{"@context":"https:\/\/schema.org","@graph":[{"@type":"Article","@id":"https:\/\/akunq.net\/tr\/?p=66704#article","isPartOf":{"@id":"https:\/\/akunq.net\/tr\/?p=66704"},"author":{"name":"admin","@id":"https:\/\/akunq.net\/tr\/#\/schema\/person\/096f1d38a12cce57fb855b485ed24c9e"},"headline":"K\u0131br\u0131s Milli Muhaf\u0131z Ordusu Komutan\u0131, Ermeni Soyk\u0131r\u0131m\u0131 An\u0131t\u0131&#8217;n\u0131 ziyaret etti","datePublished":"2022-01-21T05:58:36+00:00","mainEntityOfPage":{"@id":"https:\/\/akunq.net\/tr\/?p=66704"},"wordCount":285,"commentCount":0,"image":{"@id":"https:\/\/akunq.net\/tr\/?p=66704#primaryimage"},"thumbnailUrl":"https:\/\/akunq.net\/tr\/wp-content\/uploads\/sites\/6\/2022\/01\/K\u0131br\u0131s-Milli-Muhaf\u0131z-Ordusu-Komutan\u0131.jpg","articleSection":["Haberler"],"inLanguage":"en-US","potentialAction":[{"@type":"CommentAction","name":"Comment","target":["https:\/\/akunq.net\/tr\/?p=66704#respond"]}]},{"@type":"WebPage","@id":"https:\/\/akunq.net\/tr\/?p=66704","url":"https:\/\/akunq.net\/tr\/?p=66704","name":"K\u0131br\u0131s Milli Muhaf\u0131z Ordusu Komutan\u0131, Ermeni Soyk\u0131r\u0131m\u0131 An\u0131t\u0131'n\u0131 ziyaret etti - Bati Ermenistan Ve Bati Ermenileri Sorunlari Ara\u015ftirmalar Merkezi","isPartOf":{"@id":"https:\/\/akunq.net\/tr\/#website"},"primaryImageOfPage":{"@id":"https:\/\/akunq.net\/tr\/?p=66704#primaryimage"},"image":{"@id":"https:\/\/akunq.net\/tr\/?p=66704#primaryimage"},"thumbnailUrl":"https:\/\/akunq.net\/tr\/wp-content\/uploads\/sites\/6\/2022\/01\/K\u0131br\u0131s-Milli-Muhaf\u0131z-Ordusu-Komutan\u0131.jpg","datePublished":"2022-01-21T05:58:36+00:00","author":{"@id":"https:\/\/akunq.net\/tr\/#\/schema\/person\/096f1d38a12cce57fb855b485ed24c9e"},"breadcrumb":{"@id":"https:\/\/akunq.net\/tr\/?p=66704#breadcrumb"},"inLanguage":"en-US","potentialAction":[{"@type":"ReadAction","target":["https:\/\/akunq.net\/tr\/?p=66704"]}]},{"@type":"ImageObject","inLanguage":"en-US","@id":"https:\/\/akunq.net\/tr\/?p=66704#primaryimage","url":"https:\/\/akunq.net\/tr\/wp-content\/uploads\/sites\/6\/2022\/01\/K\u0131br\u0131s-Milli-Muhaf\u0131z-Ordusu-Komutan\u0131.jpg","contentUrl":"https:\/\/akunq.net\/tr\/wp-content\/uploads\/sites\/6\/2022\/01\/K\u0131br\u0131s-Milli-Muhaf\u0131z-Ordusu-Komutan\u0131.jpg","width":670,"height":450},{"@type":"BreadcrumbList","@id":"https:\/\/akunq.net\/tr\/?p=66704#breadcrumb","itemListElement":[{"@type":"ListItem","position":1,"name":"Home","item":"https:\/\/akunq.net\/tr"},{"@type":"ListItem","position":2,"name":"K\u0131br\u0131s Milli Muhaf\u0131z Ordusu Komutan\u0131, Ermeni Soyk\u0131r\u0131m\u0131 An\u0131t\u0131&#8217;n\u0131 ziyaret etti"}]},{"@type":"WebSite","@id":"https:\/\/akunq.net\/tr\/#website","url":"https:\/\/akunq.net\/tr\/","name":"Bati Ermenistan Ve Bati Ermenileri Sorunlari Ara\u015ftirmalar Merkezi","description":"","potentialAction":[{"@type":"SearchAction","target":{"@type":"EntryPoint","urlTemplate":"https:\/\/akunq.net\/tr\/?s={search_term_string}"},"query-input":{"@type":"PropertyValueSpecification","valueRequired":true,"valueName":"search_term_string"}}],"inLanguage":"en-US"},{"@type":"Person","@id":"https:\/\/akunq.net\/tr\/#\/schema\/person\/096f1d38a12cce57fb855b485ed24c9e","name":"admin","url":"https:\/\/akunq.net\/tr\/?author=7"}]}},"_links":{"self":[{"href":"https:\/\/akunq.net\/tr\/index.php?rest_route=\/wp\/v2\/posts\/66704","targetHints":{"allow":["GET"]}}],"collection":[{"href":"https:\/\/akunq.net\/tr\/index.php?rest_route=\/wp\/v2\/posts"}],"about":[{"href":"https:\/\/akunq.net\/tr\/index.php?rest_route=\/wp\/v2\/types\/post"}],"author":[{"embeddable":true,"href":"https:\/\/akunq.net\/tr\/index.php?rest_route=\/wp\/v2\/users\/7"}],"replies":[{"embeddable":true,"href":"https:\/\/akunq.net\/tr\/index.php?rest_route=%2Fwp%2Fv2%2Fcomments&post=66704"}],"version-history":[{"count":1,"href":"https:\/\/akunq.net\/tr\/index.php?rest_route=\/wp\/v2\/posts\/66704\/revisions"}],"predecessor-version":[{"id":66706,"href":"https:\/\/akunq.net\/tr\/index.php?rest_route=\/wp\/v2\/posts\/66704\/revisions\/66706"}],"wp:featuredmedia":[{"embeddable":true,"href":"https:\/\/akunq.net\/tr\/index.php?rest_route=\/wp\/v2\/media\/66705"}],"wp:attachment":[{"href":"https:\/\/akunq.net\/tr\/index.php?rest_route=%2Fwp%2Fv2%2Fmedia&parent=66704"}],"wp:term":[{"taxonomy":"category","embeddable":true,"href":"https:\/\/akunq.net\/tr\/index.php?rest_route=%2Fwp%2Fv2%2Fcategories&post=66704"},{"taxonomy":"post_tag","embeddable":true,"href":"https:\/\/akunq.net\/tr\/index.php?rest_route=%2Fwp%2Fv2%2Ftags&post=66704"}],"curies":[{"name":"wp","href":"https:\/\/api.w.org\/{rel}","templated":true}]}}